{"id":10099,"date":"2020-04-28T12:26:22","date_gmt":"2020-04-28T10:26:22","guid":{"rendered":"https:\/\/www.aics.gov.it\/oltremare\/?p=10099"},"modified":"2020-05-21T16:22:03","modified_gmt":"2020-05-21T14:22:03","slug":"senegal-tra-musica-e-graffiti-la-lotta-al-covid-19-e-unarte","status":"publish","type":"post","link":"https:\/\/www.aics.gov.it\/oltremare\/voci-dal-campo\/senegal-tra-musica-e-graffiti-la-lotta-al-covid-19-e-unarte\/","title":{"rendered":"Senegal: Tra musica e graffiti, la lotta al Covid-19 \u00e8 un\u2019arte"},"content":{"rendered":"<p>Non solo le istituzioni: musicisti, comici e street artist sono in prima linea nel sensibilizzare i senegalesi nella lotta al virus. Senza lasciare nessuno indietro<\/p>\n<p><!--more--><\/p>\n<p>\u201cDaan Corona\u201d, tradotto dal wolof \u201csconfiggere il Corona\u201d, \u00e8 uno degli hashtag pi\u00f9 utilizzati al momento in Senegal. Un invito a battersi che \u00e8 prima di tutto un messaggio di speranza, anche in musica. Questo il titolo di una <a href=\"https:\/\/www.youtube.com\/watch?v=qwT19-up78M\" target=\"_blank\" rel=\"noopener noreferrer\">produzione<\/a> che ha visto la partecipazione di 20 artisti senegalesi, uniti nella lotta al Covid-19. Tra questi, oltre a Youssou Ndour, star nel panorama musicale internazionale, Awadi, Matador e Fou Malade, rapper popolari e attivisti impegnati e Vivianne Chidid, la regina dello mbalax. Il pezzo, uscito il 13 aprile scorso, sensibilizza sui gesti barriera sottolineando l\u2019importanza della responsabilit\u00e0 del singolo e la necessit\u00e0 di coesione nel raggiungimento di un obiettivo comune. La sensibilizzazione in Senegal ha trovato nell\u2019arte un canale preferenziale da quando, lo scorso 2 marzo, \u00e8 stato registrato il primo contagio. In data 26 aprile, il numero \u00e8 salito a 614 casi di cui 276 guariti, 7 decessi, un evacuato e 330 ancora in cura, secondo i dati forniti dal <a href=\"http:\/\/www.sante.gouv.sn\/\" target=\"_blank\" rel=\"noopener noreferrer\">Ministero della salute<\/a>.<\/p>\n<p><img loading=\"lazy\" decoding=\"async\" class=\"aligncenter size-large wp-image-10101\" src=\"https:\/\/www.aics.gov.it\/oltremare\/wp-content\/uploads\/2020\/04\/crediti-Chiara-Barison-3-1024x888.jpg\" alt=\"\" width=\"1024\" height=\"888\" srcset=\"https:\/\/www.aics.gov.it\/oltremare\/wp-content\/uploads\/2020\/04\/crediti-Chiara-Barison-3-1024x888.jpg 1024w, https:\/\/www.aics.gov.it\/oltremare\/wp-content\/uploads\/2020\/04\/crediti-Chiara-Barison-3-600x521.jpg 600w, https:\/\/www.aics.gov.it\/oltremare\/wp-content\/uploads\/2020\/04\/crediti-Chiara-Barison-3-768x666.jpg 768w\" sizes=\"auto, (max-width: 1024px) 100vw, 1024px\" \/><\/p>\n<p>Attraversando Dakar in macchina \u00e8 un susseguirsi di cartelloni e insegne che ricordano a tutti i comportamenti da evitare e quelli da integrare nella propria quotidianit\u00e0 per limitare la diffusione del virus. Sui muri che delimitano l\u2019entrata della storica Universit\u00e0 Cheikh Anta Diop troneggiano graffiti imponenti e colorati che traducono questi messaggi visualmente. Una comunicazione intuitiva e diretta che trova nei graffiti, come nella musica, un canale preferenziale.<\/p>\n<p><img loading=\"lazy\" decoding=\"async\" class=\"aligncenter size-large wp-image-10102\" src=\"https:\/\/www.aics.gov.it\/oltremare\/wp-content\/uploads\/2020\/04\/crediti-Chiara-Barison-4-1024x709.jpg\" alt=\"\" width=\"1024\" height=\"709\" srcset=\"https:\/\/www.aics.gov.it\/oltremare\/wp-content\/uploads\/2020\/04\/crediti-Chiara-Barison-4-1024x709.jpg 1024w, https:\/\/www.aics.gov.it\/oltremare\/wp-content\/uploads\/2020\/04\/crediti-Chiara-Barison-4-600x416.jpg 600w, https:\/\/www.aics.gov.it\/oltremare\/wp-content\/uploads\/2020\/04\/crediti-Chiara-Barison-4-768x532.jpg 768w\" sizes=\"auto, (max-width: 1024px) 100vw, 1024px\" \/><\/p>\n<p>Molti i graffitari che si sono adoperati affinch\u00e9 la sensibilizzazione fosse accessibile a tutti anche in zone periferiche dove l\u2019adozione di gesti barriera si scontra con una realt\u00e0 meno ricettiva. E\u2019 il caso del collettivo RBS Crew che ha realizzato <a href=\"https:\/\/www.lemonde.fr\/afrique\/article\/2020\/03\/30\/au-senegal-graffeurs-et-hip-hopeurs-sortent-l-art-contre-le-covid-19_6034946_3212.html\" target=\"_blank\" rel=\"noopener noreferrer\">graffiti<\/a> a tema nel quartiere di Parcelles Assainies o dell\u2019associazione Undu Graff che a Yeumbeul, quartiere popolare della capitale senegalese ha lanciato la campagna <a href=\"https:\/\/ap-21.com\/senegal-les-graffeurs-a-lassaut-du-coronavirus\/?fbclid=IwAR3f8vmKCj5_5xFz4aCEeVkl8hsBkLIHfjCNYNFnldw5W9D4p_FjDTySADA\" target=\"_blank\" rel=\"noopener noreferrer\">CoronaGraffitiChallange<\/a> per sensibilizzare, includendo. Laddove le parole non arrivano, i muri veicolano i messaggi al loro posto.<br \/>\nLa cultura urbana, nelle sue differenti componenti, ha d\u2019altronde in Senegal un seguito importante.<\/p>\n<p><img loading=\"lazy\" decoding=\"async\" class=\"aligncenter size-large wp-image-10103\" src=\"https:\/\/www.aics.gov.it\/oltremare\/wp-content\/uploads\/2020\/04\/crediti-Chiara-Barison-5-1024x710.jpg\" alt=\"\" width=\"1024\" height=\"710\" srcset=\"https:\/\/www.aics.gov.it\/oltremare\/wp-content\/uploads\/2020\/04\/crediti-Chiara-Barison-5-1024x710.jpg 1024w, https:\/\/www.aics.gov.it\/oltremare\/wp-content\/uploads\/2020\/04\/crediti-Chiara-Barison-5-600x416.jpg 600w, https:\/\/www.aics.gov.it\/oltremare\/wp-content\/uploads\/2020\/04\/crediti-Chiara-Barison-5-768x532.jpg 768w\" sizes=\"auto, (max-width: 1024px) 100vw, 1024px\" \/><br \/>\n<a href=\"https:\/\/www.redattoresociale.it\/article\/notiziario\/zeinixx_la_graffeuse_che_colora_la_banlieue_di_dakar\" target=\"_blank\" rel=\"noopener noreferrer\">Zeinixx<\/a>, prima <em>graffeuse<\/em> donna del paese attraverso le sue opere lancia messaggi sul diritto alla salute e all\u2019educazione, sulla lotta alle violenze di genere e l\u2019empowerment femminile. Lei, come tanti altri artisti della scena dakaroise, si \u00e8 formata ad Africulturban, associazione di cultura urbana situata a Pikine, quartiere popolare della capitale. <a href=\"https:\/\/www.aics.gov.it\/oltremare\/articoli\/persone\/foo-jem-parlare-ai-giovani-del-senegal-per-scelte-consapevoli\/\" target=\"_blank\" rel=\"noopener noreferrer\">Matador<\/a>, uno degli artisti di primo piano di \u201cDaan Corona\u201d ne \u00e8 il presidente. Zeinixx dirige l\u2019equipe tecnica di <a href=\"https:\/\/www.youtube.com\/watch?v=hgHPQEqHSIk&amp;&amp;t=1s\" target=\"_blank\" rel=\"noopener noreferrer\">Foo Jem<\/a>, trasmissione radio finanziata da AICS Dakar che ha come obiettivo presentare storie di vita e professionali ispiranti di giovani senegalesi. Molti di loro sono oggi in prima linea nella sensibilizzazione sul Covid-19 come gli ideatori di \u201c<a href=\"https:\/\/web.facebook.com\/LUTTONSLCIS\/\" target=\"_blank\" rel=\"noopener noreferrer\">Luttons contre l\u2019indiscipline au S\u00e9n\u00e9gal<\/a>\u201d, una pagina Facebook con pi\u00f9 di 150.000 followers che da anni denuncia l\u2019indisciplina generale e organizza azioni di solidariet\u00e0 o mirate all\u2019educazione civica e all\u2019ecologia. In queste settimane la pagina ha dato visibilit\u00e0 ad azioni legate alla lotta al Covid-19 come distribuzione di mascherine, supporto a persone vulnerabili, promozione di campagne di comunicazione ad hoc.<\/p>\n<p><img loading=\"lazy\" decoding=\"async\" class=\"aligncenter size-large wp-image-10106\" src=\"https:\/\/www.aics.gov.it\/oltremare\/wp-content\/uploads\/2020\/04\/crediti-Chiara-Barison-6-1024x770.jpg\" alt=\"\" width=\"1024\" height=\"770\" srcset=\"https:\/\/www.aics.gov.it\/oltremare\/wp-content\/uploads\/2020\/04\/crediti-Chiara-Barison-6-1024x770.jpg 1024w, https:\/\/www.aics.gov.it\/oltremare\/wp-content\/uploads\/2020\/04\/crediti-Chiara-Barison-6-600x451.jpg 600w, https:\/\/www.aics.gov.it\/oltremare\/wp-content\/uploads\/2020\/04\/crediti-Chiara-Barison-6-768x577.jpg 768w\" sizes=\"auto, (max-width: 1024px) 100vw, 1024px\" \/><br \/>\nMusica, cultura urbana, social media ma non solo. La sensibilizzazione in Senegal utilizza anche canali alternativi, come l\u2019umorismo. E\u2019 questo il caso della serie \u201c<a href=\"https:\/\/www.youtube.com\/watch?v=ZLUa5vWuGFw\" target=\"_blank\" rel=\"noopener noreferrer\">Allo Allo<\/a>\u201d, prodotta da Mao Sidib\u00e9 e Audy Valera, due apprezzati realizzatori locali che attraverso brevi sketch comici, mirano ad una riflessione collettiva. Si ride certo, ma il messaggio passa come l\u2019importanza di portare maschere protettive a norma. Le stesse che si notano nel video di \u201cDaan Corona\u201d o in molti graffiti, fantasiose e colorate e che richiamano i tessuti locali come quelle prodotte e distribuite gratuitamente grazie alla campagna \u201c<a href=\"https:\/\/www.jeuneafrique.com\/931380\/societe\/de-dakar-a-lagos-les-createurs-africains-sengagent-dans-la-fabrication-de-masques\/\" target=\"_blank\" rel=\"noopener noreferrer\">1 senegalese \u2013 1 maschera<\/a>\u201d che ha visto la partecipazione di oltre mille sarti volontari.<\/p>\n<p><img loading=\"lazy\" decoding=\"async\" class=\"aligncenter size-large wp-image-10110\" src=\"https:\/\/www.aics.gov.it\/oltremare\/wp-content\/uploads\/2020\/04\/crediti-Chiara-Barison-1024x768.jpg\" alt=\"\" width=\"1024\" height=\"768\" srcset=\"https:\/\/www.aics.gov.it\/oltremare\/wp-content\/uploads\/2020\/04\/crediti-Chiara-Barison-1024x768.jpg 1024w, https:\/\/www.aics.gov.it\/oltremare\/wp-content\/uploads\/2020\/04\/crediti-Chiara-Barison-600x450.jpg 600w, https:\/\/www.aics.gov.it\/oltremare\/wp-content\/uploads\/2020\/04\/crediti-Chiara-Barison-768x576.jpg 768w\" sizes=\"auto, (max-width: 1024px) 100vw, 1024px\" \/><br \/>\nUn impegno collettivo che \u00e8 innanzitutto dovere civico di ciascuno, unica via per sconfiggere questo virus, come ha ricordato il collettivo di 20 artisti in \u201cDaan Corona\u201d.<\/p>\n<p><img loading=\"lazy\" decoding=\"async\" class=\"aligncenter size-large wp-image-10107\" src=\"https:\/\/www.aics.gov.it\/oltremare\/wp-content\/uploads\/2020\/04\/crediti-Chiara-Barison-7-1024x745.jpg\" alt=\"\" width=\"1024\" height=\"745\" srcset=\"https:\/\/www.aics.gov.it\/oltremare\/wp-content\/uploads\/2020\/04\/crediti-Chiara-Barison-7-1024x745.jpg 1024w, https:\/\/www.aics.gov.it\/oltremare\/wp-content\/uploads\/2020\/04\/crediti-Chiara-Barison-7-600x436.jpg 600w, https:\/\/www.aics.gov.it\/oltremare\/wp-content\/uploads\/2020\/04\/crediti-Chiara-Barison-7-768x559.jpg 768w\" sizes=\"auto, (max-width: 1024px) 100vw, 1024px\" \/><\/p>\n<p>*Crediti Foto: Chiara Barison<\/p>\n","protected":false},"excerpt":{"rendered":"<p>Non solo le istituzioni: musicisti, comici e street artist sono in prima linea nel sensibilizzare i senegalesi nella lotta al virus. Senza lasciare nessuno indietro<\/p>\n","protected":false},"author":1,"featured_media":10108,"comment_status":"open","ping_status":"open","sticky":false,"template":"","format":"standard","meta":{"footnotes":""},"categories":[139],"tags":[330,241,280,279,328,329,289,331],"class_list":["post-10099","post","type-post","status-publish","format-standard","has-post-thumbnail","hentry","category-voci-dal-campo","tag-africulturban","tag-aics","tag-coronavirus","tag-covid-19","tag-daan-corona","tag-foo-jem","tag-senegal","tag-street-art"],"yoast_head":"<!-- This site is optimized with the Yoast SEO plugin v27.5 - https:\/\/yoast.com\/product\/yoast-seo-wordpress\/ -->\n<title>Senegal: Tra musica e graffiti, la lotta al Covid-19 \u00e8 un\u2019arte - Oltremare<\/title>\n<meta name=\"robots\" content=\"index, follow, max-snippet:-1, max-image-preview:large, max-video-preview:-1\" \/>\n<link rel=\"canonical\" href=\"https:\/\/www.aics.gov.it\/oltremare\/voci-dal-campo\/senegal-tra-musica-e-graffiti-la-lotta-al-covid-19-e-unarte\/\" \/>\n<meta property=\"og:locale\" content=\"it_IT\" \/>\n<meta property=\"og:type\" content=\"article\" \/>\n<meta property=\"og:title\" content=\"Senegal: Tra musica e graffiti, la lotta al Covid-19 \u00e8 un\u2019arte - Oltremare\" \/>\n<meta property=\"og:description\" content=\"Non solo le istituzioni: musicisti, comici e street artist sono in prima linea nel sensibilizzare i senegalesi nella lotta al virus. Senza lasciare nessuno indietro\" \/>\n<meta property=\"og:url\" content=\"https:\/\/www.aics.gov.it\/oltremare\/voci-dal-campo\/senegal-tra-musica-e-graffiti-la-lotta-al-covid-19-e-unarte\/\" \/>\n<meta property=\"og:site_name\" content=\"Oltremare\" \/>\n<meta property=\"article:publisher\" content=\"https:\/\/www.facebook.com\/Agenzia-Italiana-per-la-Cooperazione-allo-Sviluppo-996004880482735\/\" \/>\n<meta property=\"article:published_time\" content=\"2020-04-28T10:26:22+00:00\" \/>\n<meta property=\"article:modified_time\" content=\"2020-05-21T14:22:03+00:00\" \/>\n<meta property=\"og:image\" content=\"https:\/\/www.aics.gov.it\/oltremare\/wp-content\/uploads\/2020\/04\/crediti-Chiara-Barison-8.jpg\" \/>\n\t<meta property=\"og:image:width\" content=\"2739\" \/>\n\t<meta property=\"og:image:height\" content=\"1607\" \/>\n\t<meta property=\"og:image:type\" content=\"image\/jpeg\" \/>\n<meta name=\"author\" content=\"Oltremare\" \/>\n<meta name=\"twitter:card\" content=\"summary_large_image\" \/>\n<meta name=\"twitter:creator\" content=\"@aics_it\" \/>\n<meta name=\"twitter:site\" content=\"@aics_it\" \/>\n<meta name=\"twitter:label1\" content=\"Scritto da\" \/>\n\t<meta name=\"twitter:data1\" content=\"Chiara Barison \u2013 communication officer della sede Aics di Dakar, Senegal\" \/>\n\t<meta name=\"twitter:label2\" content=\"Tempo di lettura stimato\" \/>\n\t<meta name=\"twitter:data2\" content=\"3 minuti\" \/>\n<script type=\"application\/ld+json\" class=\"yoast-schema-graph\">{\"@context\":\"https:\\\/\\\/schema.org\",\"@graph\":[{\"@type\":\"Article\",\"@id\":\"https:\\\/\\\/www.aics.gov.it\\\/oltremare\\\/voci-dal-campo\\\/senegal-tra-musica-e-graffiti-la-lotta-al-covid-19-e-unarte\\\/#article\",\"isPartOf\":{\"@id\":\"https:\\\/\\\/www.aics.gov.it\\\/oltremare\\\/voci-dal-campo\\\/senegal-tra-musica-e-graffiti-la-lotta-al-covid-19-e-unarte\\\/\"},\"author\":{\"name\":\"Oltremare\",\"@id\":\"https:\\\/\\\/www.aics.gov.it\\\/oltremare\\\/#\\\/schema\\\/person\\\/839e251090f440ea6a1f960a5050e424\"},\"headline\":\"Senegal: Tra musica e graffiti, la lotta al Covid-19 \u00e8 un\u2019arte\",\"datePublished\":\"2020-04-28T10:26:22+00:00\",\"dateModified\":\"2020-05-21T14:22:03+00:00\",\"mainEntityOfPage\":{\"@id\":\"https:\\\/\\\/www.aics.gov.it\\\/oltremare\\\/voci-dal-campo\\\/senegal-tra-musica-e-graffiti-la-lotta-al-covid-19-e-unarte\\\/\"},\"wordCount\":667,\"commentCount\":0,\"publisher\":{\"@id\":\"https:\\\/\\\/www.aics.gov.it\\\/oltremare\\\/#organization\"},\"image\":{\"@id\":\"https:\\\/\\\/www.aics.gov.it\\\/oltremare\\\/voci-dal-campo\\\/senegal-tra-musica-e-graffiti-la-lotta-al-covid-19-e-unarte\\\/#primaryimage\"},\"thumbnailUrl\":\"https:\\\/\\\/www.aics.gov.it\\\/oltremare\\\/wp-content\\\/uploads\\\/2020\\\/04\\\/crediti-Chiara-Barison-8.jpg\",\"keywords\":[\"Africulturban\",\"Aics\",\"Coronavirus\",\"Covid-19\",\"Daan Corona\",\"Foo Jem\",\"Senegal\",\"street art\"],\"articleSection\":[\"Voci dal campo\"],\"inLanguage\":\"it-IT\",\"potentialAction\":[{\"@type\":\"CommentAction\",\"name\":\"Comment\",\"target\":[\"https:\\\/\\\/www.aics.gov.it\\\/oltremare\\\/voci-dal-campo\\\/senegal-tra-musica-e-graffiti-la-lotta-al-covid-19-e-unarte\\\/#respond\"]}]},{\"@type\":\"WebPage\",\"@id\":\"https:\\\/\\\/www.aics.gov.it\\\/oltremare\\\/voci-dal-campo\\\/senegal-tra-musica-e-graffiti-la-lotta-al-covid-19-e-unarte\\\/\",\"url\":\"https:\\\/\\\/www.aics.gov.it\\\/oltremare\\\/voci-dal-campo\\\/senegal-tra-musica-e-graffiti-la-lotta-al-covid-19-e-unarte\\\/\",\"name\":\"Senegal: Tra musica e graffiti, la lotta al Covid-19 \u00e8 un\u2019arte - Oltremare\",\"isPartOf\":{\"@id\":\"https:\\\/\\\/www.aics.gov.it\\\/oltremare\\\/#website\"},\"primaryImageOfPage\":{\"@id\":\"https:\\\/\\\/www.aics.gov.it\\\/oltremare\\\/voci-dal-campo\\\/senegal-tra-musica-e-graffiti-la-lotta-al-covid-19-e-unarte\\\/#primaryimage\"},\"image\":{\"@id\":\"https:\\\/\\\/www.aics.gov.it\\\/oltremare\\\/voci-dal-campo\\\/senegal-tra-musica-e-graffiti-la-lotta-al-covid-19-e-unarte\\\/#primaryimage\"},\"thumbnailUrl\":\"https:\\\/\\\/www.aics.gov.it\\\/oltremare\\\/wp-content\\\/uploads\\\/2020\\\/04\\\/crediti-Chiara-Barison-8.jpg\",\"datePublished\":\"2020-04-28T10:26:22+00:00\",\"dateModified\":\"2020-05-21T14:22:03+00:00\",\"breadcrumb\":{\"@id\":\"https:\\\/\\\/www.aics.gov.it\\\/oltremare\\\/voci-dal-campo\\\/senegal-tra-musica-e-graffiti-la-lotta-al-covid-19-e-unarte\\\/#breadcrumb\"},\"inLanguage\":\"it-IT\",\"potentialAction\":[{\"@type\":\"ReadAction\",\"target\":[\"https:\\\/\\\/www.aics.gov.it\\\/oltremare\\\/voci-dal-campo\\\/senegal-tra-musica-e-graffiti-la-lotta-al-covid-19-e-unarte\\\/\"]}]},{\"@type\":\"ImageObject\",\"inLanguage\":\"it-IT\",\"@id\":\"https:\\\/\\\/www.aics.gov.it\\\/oltremare\\\/voci-dal-campo\\\/senegal-tra-musica-e-graffiti-la-lotta-al-covid-19-e-unarte\\\/#primaryimage\",\"url\":\"https:\\\/\\\/www.aics.gov.it\\\/oltremare\\\/wp-content\\\/uploads\\\/2020\\\/04\\\/crediti-Chiara-Barison-8.jpg\",\"contentUrl\":\"https:\\\/\\\/www.aics.gov.it\\\/oltremare\\\/wp-content\\\/uploads\\\/2020\\\/04\\\/crediti-Chiara-Barison-8.jpg\",\"width\":2739,\"height\":1607},{\"@type\":\"BreadcrumbList\",\"@id\":\"https:\\\/\\\/www.aics.gov.it\\\/oltremare\\\/voci-dal-campo\\\/senegal-tra-musica-e-graffiti-la-lotta-al-covid-19-e-unarte\\\/#breadcrumb\",\"itemListElement\":[{\"@type\":\"ListItem\",\"position\":1,\"name\":\"Home\",\"item\":\"https:\\\/\\\/www.aics.gov.it\\\/oltremare\\\/\"},{\"@type\":\"ListItem\",\"position\":2,\"name\":\"Senegal: Tra musica e graffiti, la lotta al Covid-19 \u00e8 un\u2019arte\"}]},{\"@type\":\"WebSite\",\"@id\":\"https:\\\/\\\/www.aics.gov.it\\\/oltremare\\\/#website\",\"url\":\"https:\\\/\\\/www.aics.gov.it\\\/oltremare\\\/\",\"name\":\"Oltremare\",\"description\":\"Il Blog della cooperazione\",\"publisher\":{\"@id\":\"https:\\\/\\\/www.aics.gov.it\\\/oltremare\\\/#organization\"},\"potentialAction\":[{\"@type\":\"SearchAction\",\"target\":{\"@type\":\"EntryPoint\",\"urlTemplate\":\"https:\\\/\\\/www.aics.gov.it\\\/oltremare\\\/?s={search_term_string}\"},\"query-input\":{\"@type\":\"PropertyValueSpecification\",\"valueRequired\":true,\"valueName\":\"search_term_string\"}}],\"inLanguage\":\"it-IT\"},{\"@type\":\"Organization\",\"@id\":\"https:\\\/\\\/www.aics.gov.it\\\/oltremare\\\/#organization\",\"name\":\"Agenzia Italiana per la Cooperazione allo Sviluppo\",\"url\":\"https:\\\/\\\/www.aics.gov.it\\\/oltremare\\\/\",\"logo\":{\"@type\":\"ImageObject\",\"inLanguage\":\"it-IT\",\"@id\":\"https:\\\/\\\/www.aics.gov.it\\\/oltremare\\\/#\\\/schema\\\/logo\\\/image\\\/\",\"url\":\"https:\\\/\\\/www.aics.gov.it\\\/oltremare\\\/wp-content\\\/uploads\\\/2018\\\/02\\\/AICS_HEADER_530x130_EC1-e1518178146163.jpg\",\"contentUrl\":\"https:\\\/\\\/www.aics.gov.it\\\/oltremare\\\/wp-content\\\/uploads\\\/2018\\\/02\\\/AICS_HEADER_530x130_EC1-e1518178146163.jpg\",\"width\":300,\"height\":74,\"caption\":\"Agenzia Italiana per la Cooperazione allo Sviluppo\"},\"image\":{\"@id\":\"https:\\\/\\\/www.aics.gov.it\\\/oltremare\\\/#\\\/schema\\\/logo\\\/image\\\/\"},\"sameAs\":[\"https:\\\/\\\/www.facebook.com\\\/Agenzia-Italiana-per-la-Cooperazione-allo-Sviluppo-996004880482735\\\/\",\"https:\\\/\\\/x.com\\\/aics_it\",\"https:\\\/\\\/www.instagram.com\\\/aics_cooperazione_it\\\/\",\"https:\\\/\\\/www.youtube.com\\\/channel\\\/UCbssygnjreKD1Se1mDeCQ5w\"]},{\"@type\":\"Person\",\"@id\":\"https:\\\/\\\/www.aics.gov.it\\\/oltremare\\\/#\\\/schema\\\/person\\\/839e251090f440ea6a1f960a5050e424\",\"name\":\"Oltremare\",\"image\":{\"@type\":\"ImageObject\",\"inLanguage\":\"it-IT\",\"@id\":\"https:\\\/\\\/secure.gravatar.com\\\/avatar\\\/5bdd54efc610ff3db8c53755c1599daf68165eb144e678103c1ac46fb81fe6a0?s=96&d=mm&r=g\",\"url\":\"https:\\\/\\\/secure.gravatar.com\\\/avatar\\\/5bdd54efc610ff3db8c53755c1599daf68165eb144e678103c1ac46fb81fe6a0?s=96&d=mm&r=g\",\"contentUrl\":\"https:\\\/\\\/secure.gravatar.com\\\/avatar\\\/5bdd54efc610ff3db8c53755c1599daf68165eb144e678103c1ac46fb81fe6a0?s=96&d=mm&r=g\",\"caption\":\"Oltremare\"},\"url\":\"\"}]}<\/script>\n<!-- \/ Yoast SEO plugin. -->","yoast_head_json":{"title":"Senegal: Tra musica e graffiti, la lotta al Covid-19 \u00e8 un\u2019arte - Oltremare","robots":{"index":"index","follow":"follow","max-snippet":"max-snippet:-1","max-image-preview":"max-image-preview:large","max-video-preview":"max-video-preview:-1"},"canonical":"https:\/\/www.aics.gov.it\/oltremare\/voci-dal-campo\/senegal-tra-musica-e-graffiti-la-lotta-al-covid-19-e-unarte\/","og_locale":"it_IT","og_type":"article","og_title":"Senegal: Tra musica e graffiti, la lotta al Covid-19 \u00e8 un\u2019arte - Oltremare","og_description":"Non solo le istituzioni: musicisti, comici e street artist sono in prima linea nel sensibilizzare i senegalesi nella lotta al virus. Senza lasciare nessuno indietro","og_url":"https:\/\/www.aics.gov.it\/oltremare\/voci-dal-campo\/senegal-tra-musica-e-graffiti-la-lotta-al-covid-19-e-unarte\/","og_site_name":"Oltremare","article_publisher":"https:\/\/www.facebook.com\/Agenzia-Italiana-per-la-Cooperazione-allo-Sviluppo-996004880482735\/","article_published_time":"2020-04-28T10:26:22+00:00","article_modified_time":"2020-05-21T14:22:03+00:00","og_image":[{"width":2739,"height":1607,"url":"https:\/\/www.aics.gov.it\/oltremare\/wp-content\/uploads\/2020\/04\/crediti-Chiara-Barison-8.jpg","type":"image\/jpeg"}],"author":"Oltremare","twitter_card":"summary_large_image","twitter_creator":"@aics_it","twitter_site":"@aics_it","twitter_misc":{"Scritto da":"Chiara Barison \u2013 communication officer della sede Aics di Dakar, Senegal","Tempo di lettura stimato":"3 minuti"},"schema":{"@context":"https:\/\/schema.org","@graph":[{"@type":"Article","@id":"https:\/\/www.aics.gov.it\/oltremare\/voci-dal-campo\/senegal-tra-musica-e-graffiti-la-lotta-al-covid-19-e-unarte\/#article","isPartOf":{"@id":"https:\/\/www.aics.gov.it\/oltremare\/voci-dal-campo\/senegal-tra-musica-e-graffiti-la-lotta-al-covid-19-e-unarte\/"},"author":{"name":"Oltremare","@id":"https:\/\/www.aics.gov.it\/oltremare\/#\/schema\/person\/839e251090f440ea6a1f960a5050e424"},"headline":"Senegal: Tra musica e graffiti, la lotta al Covid-19 \u00e8 un\u2019arte","datePublished":"2020-04-28T10:26:22+00:00","dateModified":"2020-05-21T14:22:03+00:00","mainEntityOfPage":{"@id":"https:\/\/www.aics.gov.it\/oltremare\/voci-dal-campo\/senegal-tra-musica-e-graffiti-la-lotta-al-covid-19-e-unarte\/"},"wordCount":667,"commentCount":0,"publisher":{"@id":"https:\/\/www.aics.gov.it\/oltremare\/#organization"},"image":{"@id":"https:\/\/www.aics.gov.it\/oltremare\/voci-dal-campo\/senegal-tra-musica-e-graffiti-la-lotta-al-covid-19-e-unarte\/#primaryimage"},"thumbnailUrl":"https:\/\/www.aics.gov.it\/oltremare\/wp-content\/uploads\/2020\/04\/crediti-Chiara-Barison-8.jpg","keywords":["Africulturban","Aics","Coronavirus","Covid-19","Daan Corona","Foo Jem","Senegal","street art"],"articleSection":["Voci dal campo"],"inLanguage":"it-IT","potentialAction":[{"@type":"CommentAction","name":"Comment","target":["https:\/\/www.aics.gov.it\/oltremare\/voci-dal-campo\/senegal-tra-musica-e-graffiti-la-lotta-al-covid-19-e-unarte\/#respond"]}]},{"@type":"WebPage","@id":"https:\/\/www.aics.gov.it\/oltremare\/voci-dal-campo\/senegal-tra-musica-e-graffiti-la-lotta-al-covid-19-e-unarte\/","url":"https:\/\/www.aics.gov.it\/oltremare\/voci-dal-campo\/senegal-tra-musica-e-graffiti-la-lotta-al-covid-19-e-unarte\/","name":"Senegal: Tra musica e graffiti, la lotta al Covid-19 \u00e8 un\u2019arte - Oltremare","isPartOf":{"@id":"https:\/\/www.aics.gov.it\/oltremare\/#website"},"primaryImageOfPage":{"@id":"https:\/\/www.aics.gov.it\/oltremare\/voci-dal-campo\/senegal-tra-musica-e-graffiti-la-lotta-al-covid-19-e-unarte\/#primaryimage"},"image":{"@id":"https:\/\/www.aics.gov.it\/oltremare\/voci-dal-campo\/senegal-tra-musica-e-graffiti-la-lotta-al-covid-19-e-unarte\/#primaryimage"},"thumbnailUrl":"https:\/\/www.aics.gov.it\/oltremare\/wp-content\/uploads\/2020\/04\/crediti-Chiara-Barison-8.jpg","datePublished":"2020-04-28T10:26:22+00:00","dateModified":"2020-05-21T14:22:03+00:00","breadcrumb":{"@id":"https:\/\/www.aics.gov.it\/oltremare\/voci-dal-campo\/senegal-tra-musica-e-graffiti-la-lotta-al-covid-19-e-unarte\/#breadcrumb"},"inLanguage":"it-IT","potentialAction":[{"@type":"ReadAction","target":["https:\/\/www.aics.gov.it\/oltremare\/voci-dal-campo\/senegal-tra-musica-e-graffiti-la-lotta-al-covid-19-e-unarte\/"]}]},{"@type":"ImageObject","inLanguage":"it-IT","@id":"https:\/\/www.aics.gov.it\/oltremare\/voci-dal-campo\/senegal-tra-musica-e-graffiti-la-lotta-al-covid-19-e-unarte\/#primaryimage","url":"https:\/\/www.aics.gov.it\/oltremare\/wp-content\/uploads\/2020\/04\/crediti-Chiara-Barison-8.jpg","contentUrl":"https:\/\/www.aics.gov.it\/oltremare\/wp-content\/uploads\/2020\/04\/crediti-Chiara-Barison-8.jpg","width":2739,"height":1607},{"@type":"BreadcrumbList","@id":"https:\/\/www.aics.gov.it\/oltremare\/voci-dal-campo\/senegal-tra-musica-e-graffiti-la-lotta-al-covid-19-e-unarte\/#breadcrumb","itemListElement":[{"@type":"ListItem","position":1,"name":"Home","item":"https:\/\/www.aics.gov.it\/oltremare\/"},{"@type":"ListItem","position":2,"name":"Senegal: Tra musica e graffiti, la lotta al Covid-19 \u00e8 un\u2019arte"}]},{"@type":"WebSite","@id":"https:\/\/www.aics.gov.it\/oltremare\/#website","url":"https:\/\/www.aics.gov.it\/oltremare\/","name":"Oltremare","description":"Il Blog della cooperazione","publisher":{"@id":"https:\/\/www.aics.gov.it\/oltremare\/#organization"},"potentialAction":[{"@type":"SearchAction","target":{"@type":"EntryPoint","urlTemplate":"https:\/\/www.aics.gov.it\/oltremare\/?s={search_term_string}"},"query-input":{"@type":"PropertyValueSpecification","valueRequired":true,"valueName":"search_term_string"}}],"inLanguage":"it-IT"},{"@type":"Organization","@id":"https:\/\/www.aics.gov.it\/oltremare\/#organization","name":"Agenzia Italiana per la Cooperazione allo Sviluppo","url":"https:\/\/www.aics.gov.it\/oltremare\/","logo":{"@type":"ImageObject","inLanguage":"it-IT","@id":"https:\/\/www.aics.gov.it\/oltremare\/#\/schema\/logo\/image\/","url":"https:\/\/www.aics.gov.it\/oltremare\/wp-content\/uploads\/2018\/02\/AICS_HEADER_530x130_EC1-e1518178146163.jpg","contentUrl":"https:\/\/www.aics.gov.it\/oltremare\/wp-content\/uploads\/2018\/02\/AICS_HEADER_530x130_EC1-e1518178146163.jpg","width":300,"height":74,"caption":"Agenzia Italiana per la Cooperazione allo Sviluppo"},"image":{"@id":"https:\/\/www.aics.gov.it\/oltremare\/#\/schema\/logo\/image\/"},"sameAs":["https:\/\/www.facebook.com\/Agenzia-Italiana-per-la-Cooperazione-allo-Sviluppo-996004880482735\/","https:\/\/x.com\/aics_it","https:\/\/www.instagram.com\/aics_cooperazione_it\/","https:\/\/www.youtube.com\/channel\/UCbssygnjreKD1Se1mDeCQ5w"]},{"@type":"Person","@id":"https:\/\/www.aics.gov.it\/oltremare\/#\/schema\/person\/839e251090f440ea6a1f960a5050e424","name":"Oltremare","image":{"@type":"ImageObject","inLanguage":"it-IT","@id":"https:\/\/secure.gravatar.com\/avatar\/5bdd54efc610ff3db8c53755c1599daf68165eb144e678103c1ac46fb81fe6a0?s=96&d=mm&r=g","url":"https:\/\/secure.gravatar.com\/avatar\/5bdd54efc610ff3db8c53755c1599daf68165eb144e678103c1ac46fb81fe6a0?s=96&d=mm&r=g","contentUrl":"https:\/\/secure.gravatar.com\/avatar\/5bdd54efc610ff3db8c53755c1599daf68165eb144e678103c1ac46fb81fe6a0?s=96&d=mm&r=g","caption":"Oltremare"},"url":""}]}},"_links":{"self":[{"href":"https:\/\/www.aics.gov.it\/oltremare\/wp-json\/wp\/v2\/posts\/10099","targetHints":{"allow":["GET"]}}],"collection":[{"href":"https:\/\/www.aics.gov.it\/oltremare\/wp-json\/wp\/v2\/posts"}],"about":[{"href":"https:\/\/www.aics.gov.it\/oltremare\/wp-json\/wp\/v2\/types\/post"}],"author":[{"embeddable":true,"href":"https:\/\/www.aics.gov.it\/oltremare\/wp-json\/wp\/v2\/users\/1"}],"replies":[{"embeddable":true,"href":"https:\/\/www.aics.gov.it\/oltremare\/wp-json\/wp\/v2\/comments?post=10099"}],"version-history":[{"count":5,"href":"https:\/\/www.aics.gov.it\/oltremare\/wp-json\/wp\/v2\/posts\/10099\/revisions"}],"predecessor-version":[{"id":10225,"href":"https:\/\/www.aics.gov.it\/oltremare\/wp-json\/wp\/v2\/posts\/10099\/revisions\/10225"}],"wp:featuredmedia":[{"embeddable":true,"href":"https:\/\/www.aics.gov.it\/oltremare\/wp-json\/wp\/v2\/media\/10108"}],"wp:attachment":[{"href":"https:\/\/www.aics.gov.it\/oltremare\/wp-json\/wp\/v2\/media?parent=10099"}],"wp:term":[{"taxonomy":"category","embeddable":true,"href":"https:\/\/www.aics.gov.it\/oltremare\/wp-json\/wp\/v2\/categories?post=10099"},{"taxonomy":"post_tag","embeddable":true,"href":"https:\/\/www.aics.gov.it\/oltremare\/wp-json\/wp\/v2\/tags?post=10099"}],"curies":[{"name":"wp","href":"https:\/\/api.w.org\/{rel}","templated":true}]}}