{"id":10131,"date":"2020-04-30T19:30:09","date_gmt":"2020-04-30T17:30:09","guid":{"rendered":"https:\/\/www.aics.gov.it\/oltremare\/?p=10131"},"modified":"2020-05-15T10:00:12","modified_gmt":"2020-05-15T08:00:12","slug":"covid-free-online-lafrica-solidale-creativa-e-resiliente","status":"publish","type":"post","link":"https:\/\/www.aics.gov.it\/oltremare\/articoli\/persone\/covid-free-online-lafrica-solidale-creativa-e-resiliente\/","title":{"rendered":"\u201cCovid Free\u201d: online l\u2019Africa solidale, creativa e resiliente"},"content":{"rendered":"<p>Dal \u201cTippy Tap\u201d con pedali e tanica bucata alle app per tracciare i contagi negli slum. Il continente, colpito dalla pandemia, cerca soluzioni. Che partono dal basso<\/p>\n<p><!--more--><br \/>\nDai \u201cVeronica Bucket\u201d, i secchi con rubinetto per lavarsi le mani disseminati agli angoli delle strade, al \u201cTippy Tap\u201d con corda, pedali e tanica bucata, senza nemmeno bisogno di toccare la cannella: sono alcune delle soluzioni, nate nelle comunit\u00e0, in rassegna e aggiornamento costante su un portale nato in Italia per raccontare la lotta dell&#8217;Africa al nuovo coronavirus.<\/p>\n<div id=\"attachment_10132\" style=\"width: 408px\" class=\"wp-caption aligncenter\"><img loading=\"lazy\" decoding=\"async\" aria-describedby=\"caption-attachment-10132\" class=\"wp-image-10132 size-full\" src=\"https:\/\/www.aics.gov.it\/oltremare\/wp-content\/uploads\/2020\/04\/Campagna-di-sensibilizzazione-sui-muri-di-Dakar.jpg\" alt=\"\" width=\"398\" height=\"348\" \/><p id=\"caption-attachment-10132\" class=\"wp-caption-text\">Campagna di sensibilizzazione sui muri di Dakar<\/p><\/div>\n<p>\u201cSpesso le soluzioni pi\u00f9 impattanti sono per certi versi banali, nascono dal basso e hanno un forte impatto perch\u00e9 sono estremamente ripetibili\u201d spiega Federico Monica, \u201curban planner\u201d dello studio di architettura Taxibrousse. Originario di Parma, esperto di progetti per la cooperazione internazionale, l\u2019Africa, le sue metropoli e i suoi slum li ha girati. E da questa esperienza \u00e8 nata, ai tempi del Covid-19, l\u2019idea di raccogliere, mostrare e allo stesso tempo favorire le innovazioni e le buone pratiche che si stanno diffondendo nel continente in un\u2019ottica di contenimento della pandemia.<\/p>\n<p>\u201cSiamo partiti con un gruppo Facebook circa due settimane fa\u201d ricorda Monica. \u201cQuando l&#8217;epidemia iniziava ad arrivare in Africa si tendeva a guardare al continente con toni catastrofici, parlando di una possibile ecatombe, un atteggiamento giustificato solo da un certo punto di vista; poi infatti ci arrivavano immagini e testimonianze di auto-organizzazione dal basso, con piccoli interventi nelle comunit\u00e0 con i quali si diffondono buone pratiche\u201d.<\/p>\n<p>Iniziative, queste, raccolte all&#8217;indirizzo web <a href=\"https:\/\/www.covidfree-toolkit.org\/\" target=\"_blank\" rel=\"noopener noreferrer\">www.covidfree-toolkit.org<\/a> \u201cIl sito ha affiancato un gruppo Facebook che ha gi\u00e0 oltre 500 membri attivi, in provenienza da 32 Paesi dell&#8217;Africa\u201d riprende Monica: \u201cCi sono tanti contributi, non solo da Roma e Milano come \u00e8 normale per un&#8217;iniziativa partita in Italia, ma anche da capitali subsahariane come Dakar, Addis Abeba e Nairobi\u201d. Al progetto partecipa Le R\u00e9seau, associazione presieduta da un altro parmigiano di adozione, l&#8217;italo-burkinab\u00e9 Adrien Cleophas Dioma. \u201cAbbiamo letto molti articoli allarmistici, scritti da chi non tiene in conto n\u00e9 la resilienza n\u00e9 la creativit\u00e0 delle comunit\u00e0 africane\u201d la sua premessa. \u201cMi vengono in mente una app per tracciare i contagi di Covid-19 utilizzata a Kibera, lo slum pi\u00f9 grande di Nairobi, e la risposta degli stessi governi, che si sono impegnati subito sul terreno della prevenzione nella consapevolezza delle carenze dei sistemi sanitari\u201d.<\/p>\n<p>Di iniziative \u201cindividuali e collettive\u201d parla un\u2019altra animatrice del progetto, la blogger italo-ivoriana Pamela Aikpa Gnaba. \u201cAncora prima che venisse annunciata la pioggia di miliardi da parte del governo \u2013 spiega in un post pubblicato da Abidjan &#8211; sono state numerosissime le proposte civiche e i doni economici e in materie prime e\/o igieniche, non solo di grandi personalit\u00e0, ma di tanti gruppi cittadini, associazioni e persone che gi\u00e0 nella normalit\u00e0 si mostrano solidali con familiari, collaboratori, amici o comunit\u00e0 svantaggiate e rurali\u201d. L\u2019idea della colletta dunque, abitudine di tutti, occasione di partecipazione di fronte a situazioni impreviste o problematiche. \u201c\u00c8 un concetto diverso dalla beneficenza\u201d sottolinea Gnaba: \u201cNon \u00e8 un sistema monodirezionale e si tratta pi\u00f9 che altro di uno dei doveri morali e sociali su cui si basa la vita comunitaria tipicamente africana e a cui, a turno, partecipano tutti\u201d.<\/p>\n<p>&nbsp;<\/p>\n<div id=\"attachment_10134\" style=\"width: 504px\" class=\"wp-caption aligncenter\"><img loading=\"lazy\" decoding=\"async\" aria-describedby=\"caption-attachment-10134\" class=\"wp-image-10134 size-full\" src=\"https:\/\/www.aics.gov.it\/oltremare\/wp-content\/uploads\/2020\/04\/Il-Tippy-tap-una-soluzione-low-cost.jpg\" alt=\"\" width=\"494\" height=\"501\" \/><p id=\"caption-attachment-10134\" class=\"wp-caption-text\">Il Tippy tap, una soluzione low cost<\/p><\/div>\n<p>Le risposte al Covid-19, allora, stanno arrivando su pi\u00f9 fronti. Ci sono le innovazioni, come l\u2019app di Kibera, le linee informative WhatsApp inaugurate dal Senegal allo Zimbabwe, o le soluzioni creative, come le taniche mobili impiegate dai conducenti di moto-taxi per permettere il lavaggio delle mani ai clienti prima che salgano a bordo. E c\u2019\u00e8 per\u00f2 anche una dimensione filosofica, il modo di porsi di fronte ai problemi e alle emergenze. Un aspetto dal quale prendono spunto, nel corso di un webinar dedicato al progetto Covid-Free, anche esperti di relazioni internazionali. \u201cA fronte di una visione apocalittica in Europa, con ripiegamenti su se stessi e magari timori di distanziamento sociale da prolungare in eterno, dall&#8217;Africa possiamo forse imparare la capacit\u00e0 di rispondere in modo creativo, bottom-up\u201d sottolinea Emilio Ciarlo, dirigente dell\u2019Agenzia italiana per la cooperazione allo sviluppo (Aics). \u201cChiss\u00e0 che questa crisi non aiuti a riavvicinare l\u2019Africa e l\u2019Europa come partner anche spirituali per affrontare insieme il futuro\u201d.<\/p>\n<p>&nbsp;<\/p>\n<div style=\"box-shadow: 10px 10px 28px 0px rgba(171,171,171,1); padding: 25px;\">Biografia<br \/>\n<strong>Vincenzo Giardina<\/strong><br \/>\nNato a Padova, laureato in storia contemporanea, \u00e8 un giornalista professionista. Coordina il notiziario internazionale dell\u2019agenzia di stampa Dire. Tra le sue collaborazioni Il Venerd\u00ec di Repubblica, Internazionale, l\u2019Espresso e Nigrizia. Gi\u00e0 redattore dell\u2019agenzia di stampa missionaria Misna, si \u00e8 specializzato sull\u2019Africa e sui temi dei diritti umani e della lotta contro le disuguaglianze. Scrive su Oltremare, magazine dell\u2019Agenzia italiana per la cooperazione allo sviluppo, e interviene come esperto o inviato su Radio Vaticana, Radio In Blu e altre emittenti. Suoi articoli e reportage sono pubblicati anche da La Stampa e Vanity Fair. Parla pi\u00f9 lingue, tra le quali il russo.<br \/>\n<a href=\"https:\/\/www.vincenzogiardina.org\/\" target=\"_blank\" rel=\"noopener noreferrer\">www.vincenzogiardina.org<\/a><img decoding=\"async\" class=\"aligncenter\" src=\"https:\/\/www.aics.gov.it\/oltremare\/wp-content\/uploads\/2020\/04\/giardina-bio.png\" \/><\/div>\n","protected":false},"excerpt":{"rendered":"<p>Dal \u201cTippy Tap\u201d con pedali e tanica bucata alle app per tracciare i contagi negli slum. Il continente, colpito dalla pandemia, cerca soluzioni. Che partono dal basso<\/p>\n","protected":false},"author":5,"featured_media":10133,"comment_status":"open","ping_status":"open","sticky":false,"template":"","format":"standard","meta":{"footnotes":""},"categories":[136],"tags":[193,241,280,279,335,336],"class_list":["post-10131","post","type-post","status-publish","format-standard","has-post-thumbnail","hentry","category-persone","tag-africa","tag-aics","tag-coronavirus","tag-covid-19","tag-covidfree-toolkit","tag-le-reseau"],"yoast_head":"<!-- This site is optimized with the Yoast SEO plugin v27.5 - https:\/\/yoast.com\/product\/yoast-seo-wordpress\/ -->\n<title>\u201cCovid Free\u201d: online l\u2019Africa solidale, creativa e resiliente - Oltremare<\/title>\n<meta name=\"robots\" content=\"index, follow, max-snippet:-1, max-image-preview:large, max-video-preview:-1\" \/>\n<link rel=\"canonical\" href=\"https:\/\/www.aics.gov.it\/oltremare\/articoli\/persone\/covid-free-online-lafrica-solidale-creativa-e-resiliente\/\" \/>\n<meta property=\"og:locale\" content=\"it_IT\" \/>\n<meta property=\"og:type\" content=\"article\" \/>\n<meta property=\"og:title\" content=\"\u201cCovid Free\u201d: online l\u2019Africa solidale, creativa e resiliente - Oltremare\" \/>\n<meta property=\"og:description\" content=\"Dal \u201cTippy Tap\u201d con pedali e tanica bucata alle app per tracciare i contagi negli slum. Il continente, colpito dalla pandemia, cerca soluzioni. Che partono dal basso\" \/>\n<meta property=\"og:url\" content=\"https:\/\/www.aics.gov.it\/oltremare\/articoli\/persone\/covid-free-online-lafrica-solidale-creativa-e-resiliente\/\" \/>\n<meta property=\"og:site_name\" content=\"Oltremare\" \/>\n<meta property=\"article:publisher\" content=\"https:\/\/www.facebook.com\/Agenzia-Italiana-per-la-Cooperazione-allo-Sviluppo-996004880482735\/\" \/>\n<meta property=\"article:published_time\" content=\"2020-04-30T17:30:09+00:00\" \/>\n<meta property=\"article:modified_time\" content=\"2020-05-15T08:00:12+00:00\" \/>\n<meta property=\"og:image\" content=\"https:\/\/www.aics.gov.it\/oltremare\/wp-content\/uploads\/2020\/04\/Covid-Free-una-campagna-ghanese.jpg\" \/>\n\t<meta property=\"og:image:width\" content=\"840\" \/>\n\t<meta property=\"og:image:height\" content=\"960\" \/>\n\t<meta property=\"og:image:type\" content=\"image\/jpeg\" \/>\n<meta name=\"author\" content=\"Vincenzo Giardina\" \/>\n<meta name=\"twitter:card\" content=\"summary_large_image\" \/>\n<meta name=\"twitter:creator\" content=\"@aics_it\" \/>\n<meta name=\"twitter:site\" content=\"@aics_it\" \/>\n<meta name=\"twitter:label1\" content=\"Scritto da\" \/>\n\t<meta name=\"twitter:data1\" content=\"Vincenzo Giardina\" \/>\n\t<meta name=\"twitter:label2\" content=\"Tempo di lettura stimato\" \/>\n\t<meta name=\"twitter:data2\" content=\"4 minuti\" \/>\n<script type=\"application\/ld+json\" class=\"yoast-schema-graph\">{\"@context\":\"https:\\\/\\\/schema.org\",\"@graph\":[{\"@type\":\"Article\",\"@id\":\"https:\\\/\\\/www.aics.gov.it\\\/oltremare\\\/articoli\\\/persone\\\/covid-free-online-lafrica-solidale-creativa-e-resiliente\\\/#article\",\"isPartOf\":{\"@id\":\"https:\\\/\\\/www.aics.gov.it\\\/oltremare\\\/articoli\\\/persone\\\/covid-free-online-lafrica-solidale-creativa-e-resiliente\\\/\"},\"author\":{\"name\":\"Vincenzo Giardina\",\"@id\":\"https:\\\/\\\/www.aics.gov.it\\\/oltremare\\\/#\\\/schema\\\/person\\\/063c4f74c60040713c4f7cc532521ae1\"},\"headline\":\"\u201cCovid Free\u201d: online l\u2019Africa solidale, creativa e resiliente\",\"datePublished\":\"2020-04-30T17:30:09+00:00\",\"dateModified\":\"2020-05-15T08:00:12+00:00\",\"mainEntityOfPage\":{\"@id\":\"https:\\\/\\\/www.aics.gov.it\\\/oltremare\\\/articoli\\\/persone\\\/covid-free-online-lafrica-solidale-creativa-e-resiliente\\\/\"},\"wordCount\":844,\"commentCount\":0,\"publisher\":{\"@id\":\"https:\\\/\\\/www.aics.gov.it\\\/oltremare\\\/#organization\"},\"image\":{\"@id\":\"https:\\\/\\\/www.aics.gov.it\\\/oltremare\\\/articoli\\\/persone\\\/covid-free-online-lafrica-solidale-creativa-e-resiliente\\\/#primaryimage\"},\"thumbnailUrl\":\"https:\\\/\\\/www.aics.gov.it\\\/oltremare\\\/wp-content\\\/uploads\\\/2020\\\/04\\\/Covid-Free-una-campagna-ghanese.jpg\",\"keywords\":[\"Africa\",\"Aics\",\"Coronavirus\",\"Covid-19\",\"Covidfree-toolkit\",\"Le R\u00e9seau\"],\"articleSection\":[\"Persone\"],\"inLanguage\":\"it-IT\",\"potentialAction\":[{\"@type\":\"CommentAction\",\"name\":\"Comment\",\"target\":[\"https:\\\/\\\/www.aics.gov.it\\\/oltremare\\\/articoli\\\/persone\\\/covid-free-online-lafrica-solidale-creativa-e-resiliente\\\/#respond\"]}]},{\"@type\":\"WebPage\",\"@id\":\"https:\\\/\\\/www.aics.gov.it\\\/oltremare\\\/articoli\\\/persone\\\/covid-free-online-lafrica-solidale-creativa-e-resiliente\\\/\",\"url\":\"https:\\\/\\\/www.aics.gov.it\\\/oltremare\\\/articoli\\\/persone\\\/covid-free-online-lafrica-solidale-creativa-e-resiliente\\\/\",\"name\":\"\u201cCovid Free\u201d: online l\u2019Africa solidale, creativa e resiliente - Oltremare\",\"isPartOf\":{\"@id\":\"https:\\\/\\\/www.aics.gov.it\\\/oltremare\\\/#website\"},\"primaryImageOfPage\":{\"@id\":\"https:\\\/\\\/www.aics.gov.it\\\/oltremare\\\/articoli\\\/persone\\\/covid-free-online-lafrica-solidale-creativa-e-resiliente\\\/#primaryimage\"},\"image\":{\"@id\":\"https:\\\/\\\/www.aics.gov.it\\\/oltremare\\\/articoli\\\/persone\\\/covid-free-online-lafrica-solidale-creativa-e-resiliente\\\/#primaryimage\"},\"thumbnailUrl\":\"https:\\\/\\\/www.aics.gov.it\\\/oltremare\\\/wp-content\\\/uploads\\\/2020\\\/04\\\/Covid-Free-una-campagna-ghanese.jpg\",\"datePublished\":\"2020-04-30T17:30:09+00:00\",\"dateModified\":\"2020-05-15T08:00:12+00:00\",\"breadcrumb\":{\"@id\":\"https:\\\/\\\/www.aics.gov.it\\\/oltremare\\\/articoli\\\/persone\\\/covid-free-online-lafrica-solidale-creativa-e-resiliente\\\/#breadcrumb\"},\"inLanguage\":\"it-IT\",\"potentialAction\":[{\"@type\":\"ReadAction\",\"target\":[\"https:\\\/\\\/www.aics.gov.it\\\/oltremare\\\/articoli\\\/persone\\\/covid-free-online-lafrica-solidale-creativa-e-resiliente\\\/\"]}]},{\"@type\":\"ImageObject\",\"inLanguage\":\"it-IT\",\"@id\":\"https:\\\/\\\/www.aics.gov.it\\\/oltremare\\\/articoli\\\/persone\\\/covid-free-online-lafrica-solidale-creativa-e-resiliente\\\/#primaryimage\",\"url\":\"https:\\\/\\\/www.aics.gov.it\\\/oltremare\\\/wp-content\\\/uploads\\\/2020\\\/04\\\/Covid-Free-una-campagna-ghanese.jpg\",\"contentUrl\":\"https:\\\/\\\/www.aics.gov.it\\\/oltremare\\\/wp-content\\\/uploads\\\/2020\\\/04\\\/Covid-Free-una-campagna-ghanese.jpg\",\"width\":840,\"height\":960,\"caption\":\"Covid-Free, una campagna ghanese\"},{\"@type\":\"BreadcrumbList\",\"@id\":\"https:\\\/\\\/www.aics.gov.it\\\/oltremare\\\/articoli\\\/persone\\\/covid-free-online-lafrica-solidale-creativa-e-resiliente\\\/#breadcrumb\",\"itemListElement\":[{\"@type\":\"ListItem\",\"position\":1,\"name\":\"Home\",\"item\":\"https:\\\/\\\/www.aics.gov.it\\\/oltremare\\\/\"},{\"@type\":\"ListItem\",\"position\":2,\"name\":\"\u201cCovid Free\u201d: online l\u2019Africa solidale, creativa e resiliente\"}]},{\"@type\":\"WebSite\",\"@id\":\"https:\\\/\\\/www.aics.gov.it\\\/oltremare\\\/#website\",\"url\":\"https:\\\/\\\/www.aics.gov.it\\\/oltremare\\\/\",\"name\":\"Oltremare\",\"description\":\"Il Blog della cooperazione\",\"publisher\":{\"@id\":\"https:\\\/\\\/www.aics.gov.it\\\/oltremare\\\/#organization\"},\"potentialAction\":[{\"@type\":\"SearchAction\",\"target\":{\"@type\":\"EntryPoint\",\"urlTemplate\":\"https:\\\/\\\/www.aics.gov.it\\\/oltremare\\\/?s={search_term_string}\"},\"query-input\":{\"@type\":\"PropertyValueSpecification\",\"valueRequired\":true,\"valueName\":\"search_term_string\"}}],\"inLanguage\":\"it-IT\"},{\"@type\":\"Organization\",\"@id\":\"https:\\\/\\\/www.aics.gov.it\\\/oltremare\\\/#organization\",\"name\":\"Agenzia Italiana per la Cooperazione allo Sviluppo\",\"url\":\"https:\\\/\\\/www.aics.gov.it\\\/oltremare\\\/\",\"logo\":{\"@type\":\"ImageObject\",\"inLanguage\":\"it-IT\",\"@id\":\"https:\\\/\\\/www.aics.gov.it\\\/oltremare\\\/#\\\/schema\\\/logo\\\/image\\\/\",\"url\":\"https:\\\/\\\/www.aics.gov.it\\\/oltremare\\\/wp-content\\\/uploads\\\/2018\\\/02\\\/AICS_HEADER_530x130_EC1-e1518178146163.jpg\",\"contentUrl\":\"https:\\\/\\\/www.aics.gov.it\\\/oltremare\\\/wp-content\\\/uploads\\\/2018\\\/02\\\/AICS_HEADER_530x130_EC1-e1518178146163.jpg\",\"width\":300,\"height\":74,\"caption\":\"Agenzia Italiana per la Cooperazione allo Sviluppo\"},\"image\":{\"@id\":\"https:\\\/\\\/www.aics.gov.it\\\/oltremare\\\/#\\\/schema\\\/logo\\\/image\\\/\"},\"sameAs\":[\"https:\\\/\\\/www.facebook.com\\\/Agenzia-Italiana-per-la-Cooperazione-allo-Sviluppo-996004880482735\\\/\",\"https:\\\/\\\/x.com\\\/aics_it\",\"https:\\\/\\\/www.instagram.com\\\/aics_cooperazione_it\\\/\",\"https:\\\/\\\/www.youtube.com\\\/channel\\\/UCbssygnjreKD1Se1mDeCQ5w\"]},{\"@type\":\"Person\",\"@id\":\"https:\\\/\\\/www.aics.gov.it\\\/oltremare\\\/#\\\/schema\\\/person\\\/063c4f74c60040713c4f7cc532521ae1\",\"name\":\"Vincenzo Giardina\",\"image\":{\"@type\":\"ImageObject\",\"inLanguage\":\"it-IT\",\"@id\":\"https:\\\/\\\/secure.gravatar.com\\\/avatar\\\/e368c39b5301ca1e7032008e1f23665d9ca8f9e96c7d4cbde0ab893eb3fd3767?s=96&d=mm&r=g\",\"url\":\"https:\\\/\\\/secure.gravatar.com\\\/avatar\\\/e368c39b5301ca1e7032008e1f23665d9ca8f9e96c7d4cbde0ab893eb3fd3767?s=96&d=mm&r=g\",\"contentUrl\":\"https:\\\/\\\/secure.gravatar.com\\\/avatar\\\/e368c39b5301ca1e7032008e1f23665d9ca8f9e96c7d4cbde0ab893eb3fd3767?s=96&d=mm&r=g\",\"caption\":\"Vincenzo Giardina\"},\"url\":\"https:\\\/\\\/www.aics.gov.it\\\/oltremare\\\/author\\\/vincenzogiardina\\\/\"}]}<\/script>\n<!-- \/ Yoast SEO plugin. -->","yoast_head_json":{"title":"\u201cCovid Free\u201d: online l\u2019Africa solidale, creativa e resiliente - Oltremare","robots":{"index":"index","follow":"follow","max-snippet":"max-snippet:-1","max-image-preview":"max-image-preview:large","max-video-preview":"max-video-preview:-1"},"canonical":"https:\/\/www.aics.gov.it\/oltremare\/articoli\/persone\/covid-free-online-lafrica-solidale-creativa-e-resiliente\/","og_locale":"it_IT","og_type":"article","og_title":"\u201cCovid Free\u201d: online l\u2019Africa solidale, creativa e resiliente - Oltremare","og_description":"Dal \u201cTippy Tap\u201d con pedali e tanica bucata alle app per tracciare i contagi negli slum. Il continente, colpito dalla pandemia, cerca soluzioni. Che partono dal basso","og_url":"https:\/\/www.aics.gov.it\/oltremare\/articoli\/persone\/covid-free-online-lafrica-solidale-creativa-e-resiliente\/","og_site_name":"Oltremare","article_publisher":"https:\/\/www.facebook.com\/Agenzia-Italiana-per-la-Cooperazione-allo-Sviluppo-996004880482735\/","article_published_time":"2020-04-30T17:30:09+00:00","article_modified_time":"2020-05-15T08:00:12+00:00","og_image":[{"width":840,"height":960,"url":"https:\/\/www.aics.gov.it\/oltremare\/wp-content\/uploads\/2020\/04\/Covid-Free-una-campagna-ghanese.jpg","type":"image\/jpeg"}],"author":"Vincenzo Giardina","twitter_card":"summary_large_image","twitter_creator":"@aics_it","twitter_site":"@aics_it","twitter_misc":{"Scritto da":"Vincenzo Giardina","Tempo di lettura stimato":"4 minuti"},"schema":{"@context":"https:\/\/schema.org","@graph":[{"@type":"Article","@id":"https:\/\/www.aics.gov.it\/oltremare\/articoli\/persone\/covid-free-online-lafrica-solidale-creativa-e-resiliente\/#article","isPartOf":{"@id":"https:\/\/www.aics.gov.it\/oltremare\/articoli\/persone\/covid-free-online-lafrica-solidale-creativa-e-resiliente\/"},"author":{"name":"Vincenzo Giardina","@id":"https:\/\/www.aics.gov.it\/oltremare\/#\/schema\/person\/063c4f74c60040713c4f7cc532521ae1"},"headline":"\u201cCovid Free\u201d: online l\u2019Africa solidale, creativa e resiliente","datePublished":"2020-04-30T17:30:09+00:00","dateModified":"2020-05-15T08:00:12+00:00","mainEntityOfPage":{"@id":"https:\/\/www.aics.gov.it\/oltremare\/articoli\/persone\/covid-free-online-lafrica-solidale-creativa-e-resiliente\/"},"wordCount":844,"commentCount":0,"publisher":{"@id":"https:\/\/www.aics.gov.it\/oltremare\/#organization"},"image":{"@id":"https:\/\/www.aics.gov.it\/oltremare\/articoli\/persone\/covid-free-online-lafrica-solidale-creativa-e-resiliente\/#primaryimage"},"thumbnailUrl":"https:\/\/www.aics.gov.it\/oltremare\/wp-content\/uploads\/2020\/04\/Covid-Free-una-campagna-ghanese.jpg","keywords":["Africa","Aics","Coronavirus","Covid-19","Covidfree-toolkit","Le R\u00e9seau"],"articleSection":["Persone"],"inLanguage":"it-IT","potentialAction":[{"@type":"CommentAction","name":"Comment","target":["https:\/\/www.aics.gov.it\/oltremare\/articoli\/persone\/covid-free-online-lafrica-solidale-creativa-e-resiliente\/#respond"]}]},{"@type":"WebPage","@id":"https:\/\/www.aics.gov.it\/oltremare\/articoli\/persone\/covid-free-online-lafrica-solidale-creativa-e-resiliente\/","url":"https:\/\/www.aics.gov.it\/oltremare\/articoli\/persone\/covid-free-online-lafrica-solidale-creativa-e-resiliente\/","name":"\u201cCovid Free\u201d: online l\u2019Africa solidale, creativa e resiliente - Oltremare","isPartOf":{"@id":"https:\/\/www.aics.gov.it\/oltremare\/#website"},"primaryImageOfPage":{"@id":"https:\/\/www.aics.gov.it\/oltremare\/articoli\/persone\/covid-free-online-lafrica-solidale-creativa-e-resiliente\/#primaryimage"},"image":{"@id":"https:\/\/www.aics.gov.it\/oltremare\/articoli\/persone\/covid-free-online-lafrica-solidale-creativa-e-resiliente\/#primaryimage"},"thumbnailUrl":"https:\/\/www.aics.gov.it\/oltremare\/wp-content\/uploads\/2020\/04\/Covid-Free-una-campagna-ghanese.jpg","datePublished":"2020-04-30T17:30:09+00:00","dateModified":"2020-05-15T08:00:12+00:00","breadcrumb":{"@id":"https:\/\/www.aics.gov.it\/oltremare\/articoli\/persone\/covid-free-online-lafrica-solidale-creativa-e-resiliente\/#breadcrumb"},"inLanguage":"it-IT","potentialAction":[{"@type":"ReadAction","target":["https:\/\/www.aics.gov.it\/oltremare\/articoli\/persone\/covid-free-online-lafrica-solidale-creativa-e-resiliente\/"]}]},{"@type":"ImageObject","inLanguage":"it-IT","@id":"https:\/\/www.aics.gov.it\/oltremare\/articoli\/persone\/covid-free-online-lafrica-solidale-creativa-e-resiliente\/#primaryimage","url":"https:\/\/www.aics.gov.it\/oltremare\/wp-content\/uploads\/2020\/04\/Covid-Free-una-campagna-ghanese.jpg","contentUrl":"https:\/\/www.aics.gov.it\/oltremare\/wp-content\/uploads\/2020\/04\/Covid-Free-una-campagna-ghanese.jpg","width":840,"height":960,"caption":"Covid-Free, una campagna ghanese"},{"@type":"BreadcrumbList","@id":"https:\/\/www.aics.gov.it\/oltremare\/articoli\/persone\/covid-free-online-lafrica-solidale-creativa-e-resiliente\/#breadcrumb","itemListElement":[{"@type":"ListItem","position":1,"name":"Home","item":"https:\/\/www.aics.gov.it\/oltremare\/"},{"@type":"ListItem","position":2,"name":"\u201cCovid Free\u201d: online l\u2019Africa solidale, creativa e resiliente"}]},{"@type":"WebSite","@id":"https:\/\/www.aics.gov.it\/oltremare\/#website","url":"https:\/\/www.aics.gov.it\/oltremare\/","name":"Oltremare","description":"Il Blog della cooperazione","publisher":{"@id":"https:\/\/www.aics.gov.it\/oltremare\/#organization"},"potentialAction":[{"@type":"SearchAction","target":{"@type":"EntryPoint","urlTemplate":"https:\/\/www.aics.gov.it\/oltremare\/?s={search_term_string}"},"query-input":{"@type":"PropertyValueSpecification","valueRequired":true,"valueName":"search_term_string"}}],"inLanguage":"it-IT"},{"@type":"Organization","@id":"https:\/\/www.aics.gov.it\/oltremare\/#organization","name":"Agenzia Italiana per la Cooperazione allo Sviluppo","url":"https:\/\/www.aics.gov.it\/oltremare\/","logo":{"@type":"ImageObject","inLanguage":"it-IT","@id":"https:\/\/www.aics.gov.it\/oltremare\/#\/schema\/logo\/image\/","url":"https:\/\/www.aics.gov.it\/oltremare\/wp-content\/uploads\/2018\/02\/AICS_HEADER_530x130_EC1-e1518178146163.jpg","contentUrl":"https:\/\/www.aics.gov.it\/oltremare\/wp-content\/uploads\/2018\/02\/AICS_HEADER_530x130_EC1-e1518178146163.jpg","width":300,"height":74,"caption":"Agenzia Italiana per la Cooperazione allo Sviluppo"},"image":{"@id":"https:\/\/www.aics.gov.it\/oltremare\/#\/schema\/logo\/image\/"},"sameAs":["https:\/\/www.facebook.com\/Agenzia-Italiana-per-la-Cooperazione-allo-Sviluppo-996004880482735\/","https:\/\/x.com\/aics_it","https:\/\/www.instagram.com\/aics_cooperazione_it\/","https:\/\/www.youtube.com\/channel\/UCbssygnjreKD1Se1mDeCQ5w"]},{"@type":"Person","@id":"https:\/\/www.aics.gov.it\/oltremare\/#\/schema\/person\/063c4f74c60040713c4f7cc532521ae1","name":"Vincenzo Giardina","image":{"@type":"ImageObject","inLanguage":"it-IT","@id":"https:\/\/secure.gravatar.com\/avatar\/e368c39b5301ca1e7032008e1f23665d9ca8f9e96c7d4cbde0ab893eb3fd3767?s=96&d=mm&r=g","url":"https:\/\/secure.gravatar.com\/avatar\/e368c39b5301ca1e7032008e1f23665d9ca8f9e96c7d4cbde0ab893eb3fd3767?s=96&d=mm&r=g","contentUrl":"https:\/\/secure.gravatar.com\/avatar\/e368c39b5301ca1e7032008e1f23665d9ca8f9e96c7d4cbde0ab893eb3fd3767?s=96&d=mm&r=g","caption":"Vincenzo Giardina"},"url":"https:\/\/www.aics.gov.it\/oltremare\/author\/vincenzogiardina\/"}]}},"_links":{"self":[{"href":"https:\/\/www.aics.gov.it\/oltremare\/wp-json\/wp\/v2\/posts\/10131","targetHints":{"allow":["GET"]}}],"collection":[{"href":"https:\/\/www.aics.gov.it\/oltremare\/wp-json\/wp\/v2\/posts"}],"about":[{"href":"https:\/\/www.aics.gov.it\/oltremare\/wp-json\/wp\/v2\/types\/post"}],"author":[{"embeddable":true,"href":"https:\/\/www.aics.gov.it\/oltremare\/wp-json\/wp\/v2\/users\/5"}],"replies":[{"embeddable":true,"href":"https:\/\/www.aics.gov.it\/oltremare\/wp-json\/wp\/v2\/comments?post=10131"}],"version-history":[{"count":7,"href":"https:\/\/www.aics.gov.it\/oltremare\/wp-json\/wp\/v2\/posts\/10131\/revisions"}],"predecessor-version":[{"id":10229,"href":"https:\/\/www.aics.gov.it\/oltremare\/wp-json\/wp\/v2\/posts\/10131\/revisions\/10229"}],"wp:featuredmedia":[{"embeddable":true,"href":"https:\/\/www.aics.gov.it\/oltremare\/wp-json\/wp\/v2\/media\/10133"}],"wp:attachment":[{"href":"https:\/\/www.aics.gov.it\/oltremare\/wp-json\/wp\/v2\/media?parent=10131"}],"wp:term":[{"taxonomy":"category","embeddable":true,"href":"https:\/\/www.aics.gov.it\/oltremare\/wp-json\/wp\/v2\/categories?post=10131"},{"taxonomy":"post_tag","embeddable":true,"href":"https:\/\/www.aics.gov.it\/oltremare\/wp-json\/wp\/v2\/tags?post=10131"}],"curies":[{"name":"wp","href":"https:\/\/api.w.org\/{rel}","templated":true}]}}