{"id":10139,"date":"2020-04-28T19:19:17","date_gmt":"2020-04-28T17:19:17","guid":{"rendered":"https:\/\/www.aics.gov.it\/oltremare\/?p=10139"},"modified":"2020-04-30T20:01:21","modified_gmt":"2020-04-30T18:01:21","slug":"i-paesi-piu-poveri-del-mondo-al-fianco-dellospedale-sacco-di-milano","status":"publish","type":"post","link":"https:\/\/www.aics.gov.it\/oltremare\/articoli\/persone\/i-paesi-piu-poveri-del-mondo-al-fianco-dellospedale-sacco-di-milano\/","title":{"rendered":"I Paesi pi\u00f9 poveri del mondo al fianco dell\u2019ospedale \u201cSacco\u201d di Milano"},"content":{"rendered":"<p>\u201cAiutare dei fratelli \u00e8 una cosa spontanea\u201d dicono a Oltremare da un villaggio keniano. Cos\u00ec, al tempo del Covid-19, sono arrivate migliaia di euro. Chiamatela cooperazione circolare<\/p>\n<p><!--more--><\/p>\n<p>Ponti di amicizia che resistono e durano nel tempo. Collegando l\u2019Italia al mondo e il mondo all\u2019Italia. Storie e di valore, testimonianze di una globalizzazione solidale, confermate nelle ultime settimane dall\u2019arrivo di medici albanesi, cubani o tunisini in Lombardia e in altre regioni colpite dalla pandemia di Covid-19. E a muoversi, per restituire il sostegno ricevuto negli anni e rinsaldare rapporti, sono stati anche 32 tra i Paesi pi\u00f9 poveri al mondo: in Medio Oriente e nel cuore dell\u2019Africa, dove magari i ragazzi non hanno computer per le lezioni a distanza, negli slum il \u201cdistanziamento sociale\u201d \u00e8 una chimera e le difficolt\u00e0 di fronte al nuovo coronavirus si moltiplicano. La donazione in denaro, perch\u00e9 di questo si tratta, \u00e8 mirata: decine di migliaia di euro, un gesto simbolico ma allo stesso tempo concreto, sono per l\u2019Ospedale Fatebenefratelli Sacco di Milano, una delle strutture sanitarie che pi\u00f9 si \u00e8 battuta per i malati di Covid-19.<\/p>\n<p>\u201cL\u2019abbiamo fatto in modo spontaneo, come a fratelli che conosciamo uno a uno per nome\u201d spiega Cyprian Ethiria Kaliunga, maestro di scuola, contattato da Oltremare nel villaggio keniano di Mutuati: \u201cInsieme con preghiere e auguri un sostegno economico pi\u00f9 essere importante\u201d. L\u2019insegnante \u00e8 animatore della locale <a href=\"https:\/\/www.missionidonbosco.org\/nel-mondo\/realizzati\/emergenza-kenya\" target=\"_blank\" rel=\"noopener noreferrer\">Associazione Don Bosco<\/a>, impegnata per il diritto allo studio dei bambini svantaggiati. La sua relazione con l\u2019Italia \u00e8 cominciata quando frequentava ancora al college, nel 1988, dopo l\u2019incontro con alcuni cooperanti di <a href=\"https:\/\/www.avsi.org\/it\/\" target=\"_blank\" rel=\"noopener noreferrer\">Avsi<\/a>, l\u2019organizzazione non governativa che nelle settimane scorse ha coordinato la raccolta fondi a partire da una rete di orfanotrofi, scuole e centri di accoglienza supportati e affiancati ormai da decenni.<\/p>\n<div id=\"attachment_10141\" style=\"width: 1034px\" class=\"wp-caption aligncenter\"><img loading=\"lazy\" decoding=\"async\" aria-describedby=\"caption-attachment-10141\" class=\"wp-image-10141 size-large\" src=\"https:\/\/www.aics.gov.it\/oltremare\/wp-content\/uploads\/2020\/04\/Tricolore-e-messaggi-di-incoraggiamento_-dall_Africa-all_Italia-1024x480.jpeg\" alt=\"\" width=\"1024\" height=\"480\" srcset=\"https:\/\/www.aics.gov.it\/oltremare\/wp-content\/uploads\/2020\/04\/Tricolore-e-messaggi-di-incoraggiamento_-dall_Africa-all_Italia-1024x480.jpeg 1024w, https:\/\/www.aics.gov.it\/oltremare\/wp-content\/uploads\/2020\/04\/Tricolore-e-messaggi-di-incoraggiamento_-dall_Africa-all_Italia-600x282.jpeg 600w, https:\/\/www.aics.gov.it\/oltremare\/wp-content\/uploads\/2020\/04\/Tricolore-e-messaggi-di-incoraggiamento_-dall_Africa-all_Italia-768x360.jpeg 768w, https:\/\/www.aics.gov.it\/oltremare\/wp-content\/uploads\/2020\/04\/Tricolore-e-messaggi-di-incoraggiamento_-dall_Africa-all_Italia.jpeg 1200w\" sizes=\"auto, (max-width: 1024px) 100vw, 1024px\" \/><p id=\"caption-attachment-10141\" class=\"wp-caption-text\">Tricolore e messaggi di incoraggiamento, dall&#8217;Africa all&#8217;Italia<\/p><\/div>\n<p>Com\u2019\u00e8 andata lo racconta Andrea Bianchessi, responsabile regionale dell\u2019ong in Kenya, Burundi e Ruanda: \u201cQuando dalla Cina l\u2019emergenza si \u00e8 spostata in Italia abbiamo cominciato a sentire dappertutto questa domanda: \u2018Ma come stanno i nostri sostenitori?\u2019\u201d<br \/>\nOggi, dopo quasi 50 anni di impegno internazionale, Avsi cura circa 30mila bambini sostenuti a distanza da cittadini italiani. Secondo Bianchessi, intervistato via Skype dal suo ufficio a Nairobi, la preoccupazione e poi la raccolta fondi sono stati \u201cun\u2019espressione di reciprocit\u00e0, frutto di un rapporto di amicizia e corresponsabilit\u00e0\u201d. Significativo poi il coinvolgimento del Sacco, a Milano: nell\u2019ospedale, dove in queste settimane di emergenza in prima fila ci sono anche due medici gi\u00e0 al lavoro con Avsi, negli anni sono stati curati tanti cooperanti dell\u2019ong che avevano contratto malattie infettive in Africa o in altre regioni del Sud del mondo.<\/p>\n<p>Quello che torna, al di l\u00e0 della donazione, circa 35mila euro, \u00e8 il valore di un impegno condiviso nel corso del tempo. \u201cPenso all\u2019Associazione Don Bosco, un nostro partner storico, da cui ci \u00e8 arrivata tanta solidariet\u00e0\u201d dice Bianchessi: \u201cGrazie ai fondi di Avsi ha avviato una scuola elementare e una cooperativa per la produzione del latte, adesso sostenuta da un progetto per il rafforzamento del settore promosso dall\u2019Agenzia italiana per la cooperazione allo sviluppo\u201d.<br \/>\nLe domande su \u201ccome stanno\u201d e \u201ccome possiamo aiutare\u201d riguardano spesso i sostenitori italiani, una ventina, che ogni anno arrivano in Kenya per conoscere la rete di Avsi e le modalit\u00e0 di aiuto. Persone care, amici nuovi o riferimento da tempo, anche per i giovani del <a href=\"http:\/\/www.stkizito.com\/\" target=\"_blank\" rel=\"noopener noreferrer\">Saint Kizito Vocational Training Institute<\/a>. \u201cUna realt\u00e0 \u2013 spiega Bianchessi \u2013 che \u00e8 nata nel 1993 da un progetto della Cooperazione italiana e che da allora forma pi\u00f9 di 800 ragazzi ogni anno\u201d.<\/p>\n<p>&nbsp;<\/p>\n<div style=\"box-shadow: 10px 10px 28px 0px rgba(171,171,171,1); padding: 25px;\">Biografia<br \/>\n<strong>Vincenzo Giardina<\/strong><br \/>\nNato a Padova, laureato in storia contemporanea, \u00e8 un giornalista professionista. Coordina il notiziario internazionale dell\u2019agenzia di stampa Dire. Tra le sue collaborazioni Il Venerd\u00ec di Repubblica, Internazionale, l\u2019Espresso e Nigrizia. Gi\u00e0 redattore dell\u2019agenzia di stampa missionaria Misna, si \u00e8 specializzato sull\u2019Africa e sui temi dei diritti umani e della lotta contro le disuguaglianze. Scrive su Oltremare, magazine dell\u2019Agenzia italiana per la cooperazione allo sviluppo, e interviene come esperto o inviato su Radio Vaticana, Radio In Blu e altre emittenti. Suoi articoli e reportage sono pubblicati anche da La Stampa e Vanity Fair. Parla pi\u00f9 lingue, tra le quali il russo.<br \/>\n<a href=\"https:\/\/www.vincenzogiardina.org\/\" target=\"_blank\" rel=\"noopener noreferrer\">www.vincenzogiardina.org<\/a><img decoding=\"async\" class=\"aligncenter\" src=\"https:\/\/www.aics.gov.it\/oltremare\/wp-content\/uploads\/2020\/04\/giardina-bio.png\" \/><\/div>\n","protected":false},"excerpt":{"rendered":"<p>\u201cAiutare dei fratelli \u00e8 una cosa spontanea\u201d dicono a Oltremare da un villaggio keniano. Cos\u00ec, al tempo del Covid-19, sono arrivate migliaia di euro. Chiamatela cooperazione circolare<\/p>\n","protected":false},"author":5,"featured_media":10213,"comment_status":"open","ping_status":"open","sticky":false,"template":"","format":"standard","meta":{"footnotes":""},"categories":[136],"tags":[193,241,342,339,340,341,279,337,338],"class_list":["post-10139","post","type-post","status-publish","format-standard","has-post-thumbnail","hentry","category-persone","tag-africa","tag-aics","tag-associazione-don-bosco","tag-avsi","tag-cooperation","tag-cooperazione-allo-sviluppo","tag-covid-19","tag-kenya","tag-ngo"],"yoast_head":"<!-- This site is optimized with the Yoast SEO plugin v27.5 - https:\/\/yoast.com\/product\/yoast-seo-wordpress\/ -->\n<title>I Paesi pi\u00f9 poveri del mondo al fianco dell\u2019ospedale \u201cSacco\u201d di Milano - Oltremare<\/title>\n<meta name=\"robots\" content=\"index, follow, max-snippet:-1, max-image-preview:large, max-video-preview:-1\" \/>\n<link rel=\"canonical\" href=\"https:\/\/www.aics.gov.it\/oltremare\/articoli\/persone\/i-paesi-piu-poveri-del-mondo-al-fianco-dellospedale-sacco-di-milano\/\" \/>\n<meta property=\"og:locale\" content=\"it_IT\" \/>\n<meta property=\"og:type\" content=\"article\" \/>\n<meta property=\"og:title\" content=\"I Paesi pi\u00f9 poveri del mondo al fianco dell\u2019ospedale \u201cSacco\u201d di Milano - Oltremare\" \/>\n<meta property=\"og:description\" content=\"\u201cAiutare dei fratelli \u00e8 una cosa spontanea\u201d dicono a Oltremare da un villaggio keniano. Cos\u00ec, al tempo del Covid-19, sono arrivate migliaia di euro. Chiamatela cooperazione circolare\" \/>\n<meta property=\"og:url\" content=\"https:\/\/www.aics.gov.it\/oltremare\/articoli\/persone\/i-paesi-piu-poveri-del-mondo-al-fianco-dellospedale-sacco-di-milano\/\" \/>\n<meta property=\"og:site_name\" content=\"Oltremare\" \/>\n<meta property=\"article:publisher\" content=\"https:\/\/www.facebook.com\/Agenzia-Italiana-per-la-Cooperazione-allo-Sviluppo-996004880482735\/\" \/>\n<meta property=\"article:published_time\" content=\"2020-04-28T17:19:17+00:00\" \/>\n<meta property=\"article:modified_time\" content=\"2020-04-30T18:01:21+00:00\" \/>\n<meta property=\"og:image\" content=\"https:\/\/www.aics.gov.it\/oltremare\/wp-content\/uploads\/2020\/04\/In-una-scuola-del-Kenya-che-ha-partecipato-alla-donazione-per-il-Sacco-Crediti-Aldo-Gianfrate-Avsi-1-1024x683.jpg\" \/>\n\t<meta property=\"og:image:width\" content=\"1024\" \/>\n\t<meta property=\"og:image:height\" content=\"683\" \/>\n\t<meta property=\"og:image:type\" content=\"image\/jpeg\" \/>\n<meta name=\"author\" content=\"Vincenzo Giardina\" \/>\n<meta name=\"twitter:card\" content=\"summary_large_image\" \/>\n<meta name=\"twitter:creator\" content=\"@aics_it\" \/>\n<meta name=\"twitter:site\" content=\"@aics_it\" \/>\n<meta name=\"twitter:label1\" content=\"Scritto da\" \/>\n\t<meta name=\"twitter:data1\" content=\"Vincenzo Giardina\" \/>\n\t<meta name=\"twitter:label2\" content=\"Tempo di lettura stimato\" \/>\n\t<meta name=\"twitter:data2\" content=\"4 minuti\" \/>\n<script type=\"application\/ld+json\" class=\"yoast-schema-graph\">{\"@context\":\"https:\\\/\\\/schema.org\",\"@graph\":[{\"@type\":\"Article\",\"@id\":\"https:\\\/\\\/www.aics.gov.it\\\/oltremare\\\/articoli\\\/persone\\\/i-paesi-piu-poveri-del-mondo-al-fianco-dellospedale-sacco-di-milano\\\/#article\",\"isPartOf\":{\"@id\":\"https:\\\/\\\/www.aics.gov.it\\\/oltremare\\\/articoli\\\/persone\\\/i-paesi-piu-poveri-del-mondo-al-fianco-dellospedale-sacco-di-milano\\\/\"},\"author\":{\"name\":\"Vincenzo Giardina\",\"@id\":\"https:\\\/\\\/www.aics.gov.it\\\/oltremare\\\/#\\\/schema\\\/person\\\/063c4f74c60040713c4f7cc532521ae1\"},\"headline\":\"I Paesi pi\u00f9 poveri del mondo al fianco dell\u2019ospedale \u201cSacco\u201d di Milano\",\"datePublished\":\"2020-04-28T17:19:17+00:00\",\"dateModified\":\"2020-04-30T18:01:21+00:00\",\"mainEntityOfPage\":{\"@id\":\"https:\\\/\\\/www.aics.gov.it\\\/oltremare\\\/articoli\\\/persone\\\/i-paesi-piu-poveri-del-mondo-al-fianco-dellospedale-sacco-di-milano\\\/\"},\"wordCount\":720,\"commentCount\":0,\"publisher\":{\"@id\":\"https:\\\/\\\/www.aics.gov.it\\\/oltremare\\\/#organization\"},\"image\":{\"@id\":\"https:\\\/\\\/www.aics.gov.it\\\/oltremare\\\/articoli\\\/persone\\\/i-paesi-piu-poveri-del-mondo-al-fianco-dellospedale-sacco-di-milano\\\/#primaryimage\"},\"thumbnailUrl\":\"https:\\\/\\\/www.aics.gov.it\\\/oltremare\\\/wp-content\\\/uploads\\\/2020\\\/04\\\/In-una-scuola-del-Kenya-che-ha-partecipato-alla-donazione-per-il-Sacco-Crediti-Aldo-Gianfrate-Avsi-1.jpg\",\"keywords\":[\"Africa\",\"Aics\",\"Associazione Don Bosco\",\"Avsi\",\"cooperation\",\"cooperazione allo sviluppo\",\"Covid-19\",\"Kenya\",\"Ngo\"],\"articleSection\":[\"Persone\"],\"inLanguage\":\"it-IT\",\"potentialAction\":[{\"@type\":\"CommentAction\",\"name\":\"Comment\",\"target\":[\"https:\\\/\\\/www.aics.gov.it\\\/oltremare\\\/articoli\\\/persone\\\/i-paesi-piu-poveri-del-mondo-al-fianco-dellospedale-sacco-di-milano\\\/#respond\"]}]},{\"@type\":\"WebPage\",\"@id\":\"https:\\\/\\\/www.aics.gov.it\\\/oltremare\\\/articoli\\\/persone\\\/i-paesi-piu-poveri-del-mondo-al-fianco-dellospedale-sacco-di-milano\\\/\",\"url\":\"https:\\\/\\\/www.aics.gov.it\\\/oltremare\\\/articoli\\\/persone\\\/i-paesi-piu-poveri-del-mondo-al-fianco-dellospedale-sacco-di-milano\\\/\",\"name\":\"I Paesi pi\u00f9 poveri del mondo al fianco dell\u2019ospedale \u201cSacco\u201d di Milano - Oltremare\",\"isPartOf\":{\"@id\":\"https:\\\/\\\/www.aics.gov.it\\\/oltremare\\\/#website\"},\"primaryImageOfPage\":{\"@id\":\"https:\\\/\\\/www.aics.gov.it\\\/oltremare\\\/articoli\\\/persone\\\/i-paesi-piu-poveri-del-mondo-al-fianco-dellospedale-sacco-di-milano\\\/#primaryimage\"},\"image\":{\"@id\":\"https:\\\/\\\/www.aics.gov.it\\\/oltremare\\\/articoli\\\/persone\\\/i-paesi-piu-poveri-del-mondo-al-fianco-dellospedale-sacco-di-milano\\\/#primaryimage\"},\"thumbnailUrl\":\"https:\\\/\\\/www.aics.gov.it\\\/oltremare\\\/wp-content\\\/uploads\\\/2020\\\/04\\\/In-una-scuola-del-Kenya-che-ha-partecipato-alla-donazione-per-il-Sacco-Crediti-Aldo-Gianfrate-Avsi-1.jpg\",\"datePublished\":\"2020-04-28T17:19:17+00:00\",\"dateModified\":\"2020-04-30T18:01:21+00:00\",\"breadcrumb\":{\"@id\":\"https:\\\/\\\/www.aics.gov.it\\\/oltremare\\\/articoli\\\/persone\\\/i-paesi-piu-poveri-del-mondo-al-fianco-dellospedale-sacco-di-milano\\\/#breadcrumb\"},\"inLanguage\":\"it-IT\",\"potentialAction\":[{\"@type\":\"ReadAction\",\"target\":[\"https:\\\/\\\/www.aics.gov.it\\\/oltremare\\\/articoli\\\/persone\\\/i-paesi-piu-poveri-del-mondo-al-fianco-dellospedale-sacco-di-milano\\\/\"]}]},{\"@type\":\"ImageObject\",\"inLanguage\":\"it-IT\",\"@id\":\"https:\\\/\\\/www.aics.gov.it\\\/oltremare\\\/articoli\\\/persone\\\/i-paesi-piu-poveri-del-mondo-al-fianco-dellospedale-sacco-di-milano\\\/#primaryimage\",\"url\":\"https:\\\/\\\/www.aics.gov.it\\\/oltremare\\\/wp-content\\\/uploads\\\/2020\\\/04\\\/In-una-scuola-del-Kenya-che-ha-partecipato-alla-donazione-per-il-Sacco-Crediti-Aldo-Gianfrate-Avsi-1.jpg\",\"contentUrl\":\"https:\\\/\\\/www.aics.gov.it\\\/oltremare\\\/wp-content\\\/uploads\\\/2020\\\/04\\\/In-una-scuola-del-Kenya-che-ha-partecipato-alla-donazione-per-il-Sacco-Crediti-Aldo-Gianfrate-Avsi-1.jpg\",\"width\":5184,\"height\":3456},{\"@type\":\"BreadcrumbList\",\"@id\":\"https:\\\/\\\/www.aics.gov.it\\\/oltremare\\\/articoli\\\/persone\\\/i-paesi-piu-poveri-del-mondo-al-fianco-dellospedale-sacco-di-milano\\\/#breadcrumb\",\"itemListElement\":[{\"@type\":\"ListItem\",\"position\":1,\"name\":\"Home\",\"item\":\"https:\\\/\\\/www.aics.gov.it\\\/oltremare\\\/\"},{\"@type\":\"ListItem\",\"position\":2,\"name\":\"I Paesi pi\u00f9 poveri del mondo al fianco dell\u2019ospedale \u201cSacco\u201d di Milano\"}]},{\"@type\":\"WebSite\",\"@id\":\"https:\\\/\\\/www.aics.gov.it\\\/oltremare\\\/#website\",\"url\":\"https:\\\/\\\/www.aics.gov.it\\\/oltremare\\\/\",\"name\":\"Oltremare\",\"description\":\"Il Blog della cooperazione\",\"publisher\":{\"@id\":\"https:\\\/\\\/www.aics.gov.it\\\/oltremare\\\/#organization\"},\"potentialAction\":[{\"@type\":\"SearchAction\",\"target\":{\"@type\":\"EntryPoint\",\"urlTemplate\":\"https:\\\/\\\/www.aics.gov.it\\\/oltremare\\\/?s={search_term_string}\"},\"query-input\":{\"@type\":\"PropertyValueSpecification\",\"valueRequired\":true,\"valueName\":\"search_term_string\"}}],\"inLanguage\":\"it-IT\"},{\"@type\":\"Organization\",\"@id\":\"https:\\\/\\\/www.aics.gov.it\\\/oltremare\\\/#organization\",\"name\":\"Agenzia Italiana per la Cooperazione allo Sviluppo\",\"url\":\"https:\\\/\\\/www.aics.gov.it\\\/oltremare\\\/\",\"logo\":{\"@type\":\"ImageObject\",\"inLanguage\":\"it-IT\",\"@id\":\"https:\\\/\\\/www.aics.gov.it\\\/oltremare\\\/#\\\/schema\\\/logo\\\/image\\\/\",\"url\":\"https:\\\/\\\/www.aics.gov.it\\\/oltremare\\\/wp-content\\\/uploads\\\/2018\\\/02\\\/AICS_HEADER_530x130_EC1-e1518178146163.jpg\",\"contentUrl\":\"https:\\\/\\\/www.aics.gov.it\\\/oltremare\\\/wp-content\\\/uploads\\\/2018\\\/02\\\/AICS_HEADER_530x130_EC1-e1518178146163.jpg\",\"width\":300,\"height\":74,\"caption\":\"Agenzia Italiana per la Cooperazione allo Sviluppo\"},\"image\":{\"@id\":\"https:\\\/\\\/www.aics.gov.it\\\/oltremare\\\/#\\\/schema\\\/logo\\\/image\\\/\"},\"sameAs\":[\"https:\\\/\\\/www.facebook.com\\\/Agenzia-Italiana-per-la-Cooperazione-allo-Sviluppo-996004880482735\\\/\",\"https:\\\/\\\/x.com\\\/aics_it\",\"https:\\\/\\\/www.instagram.com\\\/aics_cooperazione_it\\\/\",\"https:\\\/\\\/www.youtube.com\\\/channel\\\/UCbssygnjreKD1Se1mDeCQ5w\"]},{\"@type\":\"Person\",\"@id\":\"https:\\\/\\\/www.aics.gov.it\\\/oltremare\\\/#\\\/schema\\\/person\\\/063c4f74c60040713c4f7cc532521ae1\",\"name\":\"Vincenzo Giardina\",\"image\":{\"@type\":\"ImageObject\",\"inLanguage\":\"it-IT\",\"@id\":\"https:\\\/\\\/secure.gravatar.com\\\/avatar\\\/e368c39b5301ca1e7032008e1f23665d9ca8f9e96c7d4cbde0ab893eb3fd3767?s=96&d=mm&r=g\",\"url\":\"https:\\\/\\\/secure.gravatar.com\\\/avatar\\\/e368c39b5301ca1e7032008e1f23665d9ca8f9e96c7d4cbde0ab893eb3fd3767?s=96&d=mm&r=g\",\"contentUrl\":\"https:\\\/\\\/secure.gravatar.com\\\/avatar\\\/e368c39b5301ca1e7032008e1f23665d9ca8f9e96c7d4cbde0ab893eb3fd3767?s=96&d=mm&r=g\",\"caption\":\"Vincenzo Giardina\"},\"url\":\"https:\\\/\\\/www.aics.gov.it\\\/oltremare\\\/author\\\/vincenzogiardina\\\/\"}]}<\/script>\n<!-- \/ Yoast SEO plugin. -->","yoast_head_json":{"title":"I Paesi pi\u00f9 poveri del mondo al fianco dell\u2019ospedale \u201cSacco\u201d di Milano - Oltremare","robots":{"index":"index","follow":"follow","max-snippet":"max-snippet:-1","max-image-preview":"max-image-preview:large","max-video-preview":"max-video-preview:-1"},"canonical":"https:\/\/www.aics.gov.it\/oltremare\/articoli\/persone\/i-paesi-piu-poveri-del-mondo-al-fianco-dellospedale-sacco-di-milano\/","og_locale":"it_IT","og_type":"article","og_title":"I Paesi pi\u00f9 poveri del mondo al fianco dell\u2019ospedale \u201cSacco\u201d di Milano - Oltremare","og_description":"\u201cAiutare dei fratelli \u00e8 una cosa spontanea\u201d dicono a Oltremare da un villaggio keniano. Cos\u00ec, al tempo del Covid-19, sono arrivate migliaia di euro. Chiamatela cooperazione circolare","og_url":"https:\/\/www.aics.gov.it\/oltremare\/articoli\/persone\/i-paesi-piu-poveri-del-mondo-al-fianco-dellospedale-sacco-di-milano\/","og_site_name":"Oltremare","article_publisher":"https:\/\/www.facebook.com\/Agenzia-Italiana-per-la-Cooperazione-allo-Sviluppo-996004880482735\/","article_published_time":"2020-04-28T17:19:17+00:00","article_modified_time":"2020-04-30T18:01:21+00:00","og_image":[{"width":1024,"height":683,"url":"https:\/\/www.aics.gov.it\/oltremare\/wp-content\/uploads\/2020\/04\/In-una-scuola-del-Kenya-che-ha-partecipato-alla-donazione-per-il-Sacco-Crediti-Aldo-Gianfrate-Avsi-1-1024x683.jpg","type":"image\/jpeg"}],"author":"Vincenzo Giardina","twitter_card":"summary_large_image","twitter_creator":"@aics_it","twitter_site":"@aics_it","twitter_misc":{"Scritto da":"Vincenzo Giardina","Tempo di lettura stimato":"4 minuti"},"schema":{"@context":"https:\/\/schema.org","@graph":[{"@type":"Article","@id":"https:\/\/www.aics.gov.it\/oltremare\/articoli\/persone\/i-paesi-piu-poveri-del-mondo-al-fianco-dellospedale-sacco-di-milano\/#article","isPartOf":{"@id":"https:\/\/www.aics.gov.it\/oltremare\/articoli\/persone\/i-paesi-piu-poveri-del-mondo-al-fianco-dellospedale-sacco-di-milano\/"},"author":{"name":"Vincenzo Giardina","@id":"https:\/\/www.aics.gov.it\/oltremare\/#\/schema\/person\/063c4f74c60040713c4f7cc532521ae1"},"headline":"I Paesi pi\u00f9 poveri del mondo al fianco dell\u2019ospedale \u201cSacco\u201d di Milano","datePublished":"2020-04-28T17:19:17+00:00","dateModified":"2020-04-30T18:01:21+00:00","mainEntityOfPage":{"@id":"https:\/\/www.aics.gov.it\/oltremare\/articoli\/persone\/i-paesi-piu-poveri-del-mondo-al-fianco-dellospedale-sacco-di-milano\/"},"wordCount":720,"commentCount":0,"publisher":{"@id":"https:\/\/www.aics.gov.it\/oltremare\/#organization"},"image":{"@id":"https:\/\/www.aics.gov.it\/oltremare\/articoli\/persone\/i-paesi-piu-poveri-del-mondo-al-fianco-dellospedale-sacco-di-milano\/#primaryimage"},"thumbnailUrl":"https:\/\/www.aics.gov.it\/oltremare\/wp-content\/uploads\/2020\/04\/In-una-scuola-del-Kenya-che-ha-partecipato-alla-donazione-per-il-Sacco-Crediti-Aldo-Gianfrate-Avsi-1.jpg","keywords":["Africa","Aics","Associazione Don Bosco","Avsi","cooperation","cooperazione allo sviluppo","Covid-19","Kenya","Ngo"],"articleSection":["Persone"],"inLanguage":"it-IT","potentialAction":[{"@type":"CommentAction","name":"Comment","target":["https:\/\/www.aics.gov.it\/oltremare\/articoli\/persone\/i-paesi-piu-poveri-del-mondo-al-fianco-dellospedale-sacco-di-milano\/#respond"]}]},{"@type":"WebPage","@id":"https:\/\/www.aics.gov.it\/oltremare\/articoli\/persone\/i-paesi-piu-poveri-del-mondo-al-fianco-dellospedale-sacco-di-milano\/","url":"https:\/\/www.aics.gov.it\/oltremare\/articoli\/persone\/i-paesi-piu-poveri-del-mondo-al-fianco-dellospedale-sacco-di-milano\/","name":"I Paesi pi\u00f9 poveri del mondo al fianco dell\u2019ospedale \u201cSacco\u201d di Milano - Oltremare","isPartOf":{"@id":"https:\/\/www.aics.gov.it\/oltremare\/#website"},"primaryImageOfPage":{"@id":"https:\/\/www.aics.gov.it\/oltremare\/articoli\/persone\/i-paesi-piu-poveri-del-mondo-al-fianco-dellospedale-sacco-di-milano\/#primaryimage"},"image":{"@id":"https:\/\/www.aics.gov.it\/oltremare\/articoli\/persone\/i-paesi-piu-poveri-del-mondo-al-fianco-dellospedale-sacco-di-milano\/#primaryimage"},"thumbnailUrl":"https:\/\/www.aics.gov.it\/oltremare\/wp-content\/uploads\/2020\/04\/In-una-scuola-del-Kenya-che-ha-partecipato-alla-donazione-per-il-Sacco-Crediti-Aldo-Gianfrate-Avsi-1.jpg","datePublished":"2020-04-28T17:19:17+00:00","dateModified":"2020-04-30T18:01:21+00:00","breadcrumb":{"@id":"https:\/\/www.aics.gov.it\/oltremare\/articoli\/persone\/i-paesi-piu-poveri-del-mondo-al-fianco-dellospedale-sacco-di-milano\/#breadcrumb"},"inLanguage":"it-IT","potentialAction":[{"@type":"ReadAction","target":["https:\/\/www.aics.gov.it\/oltremare\/articoli\/persone\/i-paesi-piu-poveri-del-mondo-al-fianco-dellospedale-sacco-di-milano\/"]}]},{"@type":"ImageObject","inLanguage":"it-IT","@id":"https:\/\/www.aics.gov.it\/oltremare\/articoli\/persone\/i-paesi-piu-poveri-del-mondo-al-fianco-dellospedale-sacco-di-milano\/#primaryimage","url":"https:\/\/www.aics.gov.it\/oltremare\/wp-content\/uploads\/2020\/04\/In-una-scuola-del-Kenya-che-ha-partecipato-alla-donazione-per-il-Sacco-Crediti-Aldo-Gianfrate-Avsi-1.jpg","contentUrl":"https:\/\/www.aics.gov.it\/oltremare\/wp-content\/uploads\/2020\/04\/In-una-scuola-del-Kenya-che-ha-partecipato-alla-donazione-per-il-Sacco-Crediti-Aldo-Gianfrate-Avsi-1.jpg","width":5184,"height":3456},{"@type":"BreadcrumbList","@id":"https:\/\/www.aics.gov.it\/oltremare\/articoli\/persone\/i-paesi-piu-poveri-del-mondo-al-fianco-dellospedale-sacco-di-milano\/#breadcrumb","itemListElement":[{"@type":"ListItem","position":1,"name":"Home","item":"https:\/\/www.aics.gov.it\/oltremare\/"},{"@type":"ListItem","position":2,"name":"I Paesi pi\u00f9 poveri del mondo al fianco dell\u2019ospedale \u201cSacco\u201d di Milano"}]},{"@type":"WebSite","@id":"https:\/\/www.aics.gov.it\/oltremare\/#website","url":"https:\/\/www.aics.gov.it\/oltremare\/","name":"Oltremare","description":"Il Blog della cooperazione","publisher":{"@id":"https:\/\/www.aics.gov.it\/oltremare\/#organization"},"potentialAction":[{"@type":"SearchAction","target":{"@type":"EntryPoint","urlTemplate":"https:\/\/www.aics.gov.it\/oltremare\/?s={search_term_string}"},"query-input":{"@type":"PropertyValueSpecification","valueRequired":true,"valueName":"search_term_string"}}],"inLanguage":"it-IT"},{"@type":"Organization","@id":"https:\/\/www.aics.gov.it\/oltremare\/#organization","name":"Agenzia Italiana per la Cooperazione allo Sviluppo","url":"https:\/\/www.aics.gov.it\/oltremare\/","logo":{"@type":"ImageObject","inLanguage":"it-IT","@id":"https:\/\/www.aics.gov.it\/oltremare\/#\/schema\/logo\/image\/","url":"https:\/\/www.aics.gov.it\/oltremare\/wp-content\/uploads\/2018\/02\/AICS_HEADER_530x130_EC1-e1518178146163.jpg","contentUrl":"https:\/\/www.aics.gov.it\/oltremare\/wp-content\/uploads\/2018\/02\/AICS_HEADER_530x130_EC1-e1518178146163.jpg","width":300,"height":74,"caption":"Agenzia Italiana per la Cooperazione allo Sviluppo"},"image":{"@id":"https:\/\/www.aics.gov.it\/oltremare\/#\/schema\/logo\/image\/"},"sameAs":["https:\/\/www.facebook.com\/Agenzia-Italiana-per-la-Cooperazione-allo-Sviluppo-996004880482735\/","https:\/\/x.com\/aics_it","https:\/\/www.instagram.com\/aics_cooperazione_it\/","https:\/\/www.youtube.com\/channel\/UCbssygnjreKD1Se1mDeCQ5w"]},{"@type":"Person","@id":"https:\/\/www.aics.gov.it\/oltremare\/#\/schema\/person\/063c4f74c60040713c4f7cc532521ae1","name":"Vincenzo Giardina","image":{"@type":"ImageObject","inLanguage":"it-IT","@id":"https:\/\/secure.gravatar.com\/avatar\/e368c39b5301ca1e7032008e1f23665d9ca8f9e96c7d4cbde0ab893eb3fd3767?s=96&d=mm&r=g","url":"https:\/\/secure.gravatar.com\/avatar\/e368c39b5301ca1e7032008e1f23665d9ca8f9e96c7d4cbde0ab893eb3fd3767?s=96&d=mm&r=g","contentUrl":"https:\/\/secure.gravatar.com\/avatar\/e368c39b5301ca1e7032008e1f23665d9ca8f9e96c7d4cbde0ab893eb3fd3767?s=96&d=mm&r=g","caption":"Vincenzo Giardina"},"url":"https:\/\/www.aics.gov.it\/oltremare\/author\/vincenzogiardina\/"}]}},"_links":{"self":[{"href":"https:\/\/www.aics.gov.it\/oltremare\/wp-json\/wp\/v2\/posts\/10139","targetHints":{"allow":["GET"]}}],"collection":[{"href":"https:\/\/www.aics.gov.it\/oltremare\/wp-json\/wp\/v2\/posts"}],"about":[{"href":"https:\/\/www.aics.gov.it\/oltremare\/wp-json\/wp\/v2\/types\/post"}],"author":[{"embeddable":true,"href":"https:\/\/www.aics.gov.it\/oltremare\/wp-json\/wp\/v2\/users\/5"}],"replies":[{"embeddable":true,"href":"https:\/\/www.aics.gov.it\/oltremare\/wp-json\/wp\/v2\/comments?post=10139"}],"version-history":[{"count":5,"href":"https:\/\/www.aics.gov.it\/oltremare\/wp-json\/wp\/v2\/posts\/10139\/revisions"}],"predecessor-version":[{"id":10230,"href":"https:\/\/www.aics.gov.it\/oltremare\/wp-json\/wp\/v2\/posts\/10139\/revisions\/10230"}],"wp:featuredmedia":[{"embeddable":true,"href":"https:\/\/www.aics.gov.it\/oltremare\/wp-json\/wp\/v2\/media\/10213"}],"wp:attachment":[{"href":"https:\/\/www.aics.gov.it\/oltremare\/wp-json\/wp\/v2\/media?parent=10139"}],"wp:term":[{"taxonomy":"category","embeddable":true,"href":"https:\/\/www.aics.gov.it\/oltremare\/wp-json\/wp\/v2\/categories?post=10139"},{"taxonomy":"post_tag","embeddable":true,"href":"https:\/\/www.aics.gov.it\/oltremare\/wp-json\/wp\/v2\/tags?post=10139"}],"curies":[{"name":"wp","href":"https:\/\/api.w.org\/{rel}","templated":true}]}}