{"id":10277,"date":"2020-05-19T18:41:38","date_gmt":"2020-05-19T16:41:38","guid":{"rendered":"https:\/\/www.aics.gov.it\/oltremare\/?p=10277"},"modified":"2020-05-21T16:22:50","modified_gmt":"2020-05-21T14:22:50","slug":"dalla-sierra-leone-allitalia-storie-e-volti-che-restano-appiccicati-addosso","status":"publish","type":"post","link":"https:\/\/www.aics.gov.it\/oltremare\/articoli\/persone\/dalla-sierra-leone-allitalia-storie-e-volti-che-restano-appiccicati-addosso\/","title":{"rendered":"Dalla Sierra Leone all&#8217;Italia storie e volti che restano appiccicati addosso"},"content":{"rendered":"<p align=\"justify\">Marie, che si \u00e8 salvata da ebola e ora ha una bambina. O una signora di Bergamo, che lotta contro il Covid-19 e d\u00e0 speranza. Ecco cosa ha visto Gina Portella, una dottoressa che salva vite<!--more--><\/p>\n<p align=\"justify\">Una ragazza di 19 anni, Marie, che quando \u00e8 tornata a trovarla si \u00e8 portata la bambina avuta dopo essere guarita da ebola. E \u201cuna signora\u201d di Bergamo, che in tanti pensavano di aver perso e che invece \u00e8 ancora l\u00ec: \u201cL&#8217;abbiamo vista seduta e spero davvero la vedremo presto in piedi. Il suo nome? Non lo dico, incrociamo le dita\u201d. A parlare, gli occhiali grandi che ballano sulla mascherina, \u00e8 Gina Portella. Non una dottoressa qualunque. Medico anestesista rianimatore, 54 anni, ha lottato contro due virus che hanno colpito e spaventato il mondo. Prima ebola, tra il 2014 e il 2015 migliaia di morti anche in <a href=\"https:\/\/www.emergency.it\/cosa-facciamo\/sierra-leone\/\">Sierra Leone<\/a>, e poi il Covid-19 qui in Italia.<\/p>\n<div style=\"width: 1100px;\" class=\"wp-video\"><video class=\"wp-video-shortcode\" id=\"video-10277-1\" width=\"1100\" height=\"619\" preload=\"metadata\" controls=\"controls\"><source type=\"video\/mp4\" src=\"https:\/\/www.aics.gov.it\/oltremare\/wp-content\/uploads\/2020\/05\/Intervista-Gina-Portella-leggero.mp4?_=1\" \/><a href=\"https:\/\/www.aics.gov.it\/oltremare\/wp-content\/uploads\/2020\/05\/Intervista-Gina-Portella-leggero.mp4\">https:\/\/www.aics.gov.it\/oltremare\/wp-content\/uploads\/2020\/05\/Intervista-Gina-Portella-leggero.mp4<\/a><\/video><\/div>\n<p align=\"justify\">L&#8217;intervista con <i>Oltremare<\/i> si tiene in collegamento video dal presidio alla <a href=\"https:\/\/www.emergency.it\/progetti\/risposta-covid-bergamo-brescia-ospedali\/\">Fiera di Bergamo dell&#8217;ospedale Papa Giovanni XXIII<\/a>, in pochi minuti di pausa tra un intervento e l&#8217;altro in corsia. Con Emergency dal 2005, Portella coordina la risposta dell\u2019ong italiana all&#8217;emergenza Covid-19. Di pazienti, ricordi e impegno per il futuro parla intrecciando storie, Paesi e situazioni, convinta che diritto alle cure e medicina debbano essere \u201cuniversali\u201d e che allora tutto torni, come in un cerchio che si chiude. \u201cCi sono volti che ti restano appiccicati addosso, pi\u00f9 di altri, e capita di non sapere nemmeno il perch\u00e9\u201d premette. &#8220;Ricordo quella ragazza: era arrivata da noi, <a href=\"https:\/\/www.emergency.it\/progetti\/sierra-leone-goderich-centro-chirurgico\/\">a Goderich<\/a>, alle porte di Freetown, nel novembre 2014; la situazione in Sierra Leone era drammatica e noi avevamo solo una struttura in tenda, anche se con la possibilit\u00e0 di dare ossigeno, dei monitoraggi continui e delle pompe-siringhe da infusione necessarie per i farmaci un po&#8217; pi\u00f9 avanzati&#8221;. Sembrava che Marie non ce l&#8217;avrebbe fatta. C&#8217;era stato un momento di panico, non si capiva se ci fossero margini di intervento. \u201cInvece alla fine Marie si era ripresa e la cosa pi\u00f9 bella \u00e8 che si era rivelata una rompiscatole, allontanando subito ogni tipo di paternalismo possibile in casi del genere: se ne andava in giro per l&#8217;ospedale con richieste davvero da ragazzina\u201d. Anni dopo c\u2019\u00e8 stato un altro incontro, quando Portella \u00e8 tornata nell&#8217;ospedale di Goderich: &#8220;Era arrivata con la sorella e la bimba in braccio: del pap\u00e0 neanche a parlarne, ma quant&#8217;era felice; l&#8217;avevamo rimessa ai blocchi di partenza, libera di fare ci\u00f2 che voleva\u201d.<\/p>\n<div id=\"attachment_10368\" style=\"width: 1034px\" class=\"wp-caption aligncenter\"><img loading=\"lazy\" decoding=\"async\" aria-describedby=\"caption-attachment-10368\" class=\"wp-image-10368 size-large\" src=\"https:\/\/www.aics.gov.it\/oltremare\/wp-content\/uploads\/2020\/05\/EMERGENCY_Ebola_Sierra-Leone_-Ph.-Michael-Duff-3-1024x683.jpg\" alt=\"\" width=\"1024\" height=\"683\" srcset=\"https:\/\/www.aics.gov.it\/oltremare\/wp-content\/uploads\/2020\/05\/EMERGENCY_Ebola_Sierra-Leone_-Ph.-Michael-Duff-3-1024x683.jpg 1024w, https:\/\/www.aics.gov.it\/oltremare\/wp-content\/uploads\/2020\/05\/EMERGENCY_Ebola_Sierra-Leone_-Ph.-Michael-Duff-3-600x400.jpg 600w, https:\/\/www.aics.gov.it\/oltremare\/wp-content\/uploads\/2020\/05\/EMERGENCY_Ebola_Sierra-Leone_-Ph.-Michael-Duff-3-768x512.jpg 768w\" sizes=\"auto, (max-width: 1024px) 100vw, 1024px\" \/><p id=\"caption-attachment-10368\" class=\"wp-caption-text\">Emergency in azione contro Ebola in Sierra Leone \u00a9Micheal Duff<\/p><\/div>\n<p align=\"justify\">Oggi, in Italia, un altro virus ma la stessa voglia di vivere. Come quella della \u201csignora\u201d di Bergamo, una delle prime vittime del Covid-19. \u201cNon sappiamo se sia stata la conseguenza di una fase acuta o di una riacutizzazione ma c\u2019\u00e8 stato un fine-settimana in cui abbiamo pensato di perderla\u201d racconta Portella. \u201cAdesso invece \u00e8 ancora qui, l&#8217;abbiamo vista seduta e se davvero la vedremo in piedi sar\u00e0 una gioia che ripagher\u00e0 di tutto\u201d.<\/p>\n<p align=\"justify\">In corsia, all\u2019ospedale in Fiera, il lavoro continua. Emergency gestisce un modulo da 12 posti letto di terapia intensiva con uno staff composto da oltre 40 operatori, medici, infermieri, fisioterapisti, tecnici di laboratorio e di radiologia. Pi\u00f9 dei numeri, per\u00f2, \u201cappiccicate addosso\u201d restano le storie. In Italia e nel mondo, sottolinea Portella. Convinta che le vite salvate in queste settimane di pandemia siano anche il risultato dell&#8217;impegno di anni fa contro ebola. Un&#8217;esperienza che, guardando avanti, si sta rivelando preziosa per chi guarda al lavoro dei medici italiani come a un modello e un riferimento per affrontare il nuovo coronavirus. \u201cPenso anche ai Paesi dell\u2019Africa o all\u2019Afghanistan\u201d dice la coordinatrice di Emergency: \u201cHanno sistemi sanitari estremamente fragili e devono ricevere un&#8217;attenzione speciale; ebola e coronavirus ci hanno insegnato che la medicina deve essere di tutti\u201d.<\/p>\n<div style=\"box-shadow: 10px 10px 28px 0px rgba(171,171,171,1); padding: 25px;\">Biografia<br \/>\n<strong>Vincenzo Giardina<\/strong><br \/>\nNato a Padova, laureato in storia contemporanea, \u00e8 un giornalista professionista. Coordina il notiziario internazionale dell\u2019agenzia di stampa Dire. Tra le sue collaborazioni Il Venerd\u00ec di Repubblica, Internazionale, l\u2019Espresso e Nigrizia. Gi\u00e0 redattore dell\u2019agenzia di stampa missionaria Misna, si \u00e8 specializzato sull\u2019Africa e sui temi dei diritti umani e della lotta contro le disuguaglianze. Scrive su Oltremare, magazine dell\u2019Agenzia italiana per la cooperazione allo sviluppo, e interviene come esperto o inviato su Radio Vaticana, Radio In Blu e altre emittenti. Suoi articoli e reportage sono pubblicati anche da La Stampa e Vanity Fair. Parla pi\u00f9 lingue, tra le quali il russo.<br \/>\n<a href=\"https:\/\/www.vincenzogiardina.org\/\" target=\"_blank\" rel=\"noopener noreferrer\">www.vincenzogiardina.org<\/a><img decoding=\"async\" class=\"aligncenter\" src=\"https:\/\/www.aics.gov.it\/oltremare\/wp-content\/uploads\/2020\/04\/giardina-bio.png\" \/><\/div>\n","protected":false},"excerpt":{"rendered":"<p>Marie, che si \u00e8 salvata da ebola e ora ha una bambina. O una signora di Bergamo, che lotta contro il Covid-19 e d\u00e0 speranza. Ecco cosa ha visto Gina Portella, una dottoressa che salva vite<\/p>\n","protected":false},"author":5,"featured_media":10278,"comment_status":"open","ping_status":"open","sticky":false,"template":"","format":"standard","meta":{"footnotes":""},"categories":[136],"tags":[193,361,280,279,281,349,365,344,364],"class_list":["post-10277","post","type-post","status-publish","format-standard","has-post-thumbnail","hentry","category-persone","tag-africa","tag-bergamo","tag-coronavirus","tag-covid-19","tag-ebola","tag-emergency","tag-gina-portella","tag-italia","tag-sierra-leone"],"yoast_head":"<!-- This site is optimized with the Yoast SEO plugin v27.5 - https:\/\/yoast.com\/product\/yoast-seo-wordpress\/ -->\n<title>Dalla Sierra Leone all&#039;Italia storie e volti che restano appiccicati addosso - Oltremare<\/title>\n<meta name=\"robots\" content=\"index, follow, max-snippet:-1, max-image-preview:large, max-video-preview:-1\" \/>\n<link rel=\"canonical\" href=\"https:\/\/www.aics.gov.it\/oltremare\/articoli\/persone\/dalla-sierra-leone-allitalia-storie-e-volti-che-restano-appiccicati-addosso\/\" \/>\n<meta property=\"og:locale\" content=\"it_IT\" \/>\n<meta property=\"og:type\" content=\"article\" \/>\n<meta property=\"og:title\" content=\"Dalla Sierra Leone all&#039;Italia storie e volti che restano appiccicati addosso - Oltremare\" \/>\n<meta property=\"og:description\" content=\"Marie, che si \u00e8 salvata da ebola e ora ha una bambina. O una signora di Bergamo, che lotta contro il Covid-19 e d\u00e0 speranza. Ecco cosa ha visto Gina Portella, una dottoressa che salva vite\" \/>\n<meta property=\"og:url\" content=\"https:\/\/www.aics.gov.it\/oltremare\/articoli\/persone\/dalla-sierra-leone-allitalia-storie-e-volti-che-restano-appiccicati-addosso\/\" \/>\n<meta property=\"og:site_name\" content=\"Oltremare\" \/>\n<meta property=\"article:publisher\" content=\"https:\/\/www.facebook.com\/Agenzia-Italiana-per-la-Cooperazione-allo-Sviluppo-996004880482735\/\" \/>\n<meta property=\"article:published_time\" content=\"2020-05-19T16:41:38+00:00\" \/>\n<meta property=\"article:modified_time\" content=\"2020-05-21T14:22:50+00:00\" \/>\n<meta property=\"og:image\" content=\"https:\/\/www.aics.gov.it\/oltremare\/wp-content\/uploads\/2020\/05\/Gina-Portella-EMERGENCY-1-1024x1003.jpg\" \/>\n\t<meta property=\"og:image:width\" content=\"1024\" \/>\n\t<meta property=\"og:image:height\" content=\"1003\" \/>\n\t<meta property=\"og:image:type\" content=\"image\/jpeg\" \/>\n<meta name=\"author\" content=\"Vincenzo Giardina\" \/>\n<meta name=\"twitter:card\" content=\"summary_large_image\" \/>\n<meta name=\"twitter:creator\" content=\"@aics_it\" \/>\n<meta name=\"twitter:site\" content=\"@aics_it\" \/>\n<meta name=\"twitter:label1\" content=\"Scritto da\" \/>\n\t<meta name=\"twitter:data1\" content=\"Vincenzo Giardina\" \/>\n\t<meta name=\"twitter:label2\" content=\"Tempo di lettura stimato\" \/>\n\t<meta name=\"twitter:data2\" content=\"4 minuti\" \/>\n<script type=\"application\/ld+json\" class=\"yoast-schema-graph\">{\"@context\":\"https:\\\/\\\/schema.org\",\"@graph\":[{\"@type\":\"Article\",\"@id\":\"https:\\\/\\\/www.aics.gov.it\\\/oltremare\\\/articoli\\\/persone\\\/dalla-sierra-leone-allitalia-storie-e-volti-che-restano-appiccicati-addosso\\\/#article\",\"isPartOf\":{\"@id\":\"https:\\\/\\\/www.aics.gov.it\\\/oltremare\\\/articoli\\\/persone\\\/dalla-sierra-leone-allitalia-storie-e-volti-che-restano-appiccicati-addosso\\\/\"},\"author\":{\"name\":\"Vincenzo Giardina\",\"@id\":\"https:\\\/\\\/www.aics.gov.it\\\/oltremare\\\/#\\\/schema\\\/person\\\/063c4f74c60040713c4f7cc532521ae1\"},\"headline\":\"Dalla Sierra Leone all&#8217;Italia storie e volti che restano appiccicati addosso\",\"datePublished\":\"2020-05-19T16:41:38+00:00\",\"dateModified\":\"2020-05-21T14:22:50+00:00\",\"mainEntityOfPage\":{\"@id\":\"https:\\\/\\\/www.aics.gov.it\\\/oltremare\\\/articoli\\\/persone\\\/dalla-sierra-leone-allitalia-storie-e-volti-che-restano-appiccicati-addosso\\\/\"},\"wordCount\":779,\"commentCount\":0,\"publisher\":{\"@id\":\"https:\\\/\\\/www.aics.gov.it\\\/oltremare\\\/#organization\"},\"image\":{\"@id\":\"https:\\\/\\\/www.aics.gov.it\\\/oltremare\\\/articoli\\\/persone\\\/dalla-sierra-leone-allitalia-storie-e-volti-che-restano-appiccicati-addosso\\\/#primaryimage\"},\"thumbnailUrl\":\"https:\\\/\\\/www.aics.gov.it\\\/oltremare\\\/wp-content\\\/uploads\\\/2020\\\/05\\\/Gina-Portella-EMERGENCY-1.jpg\",\"keywords\":[\"Africa\",\"Bergamo\",\"Coronavirus\",\"Covid-19\",\"Ebola\",\"Emergency\",\"Gina Portella\",\"Italia\",\"Sierra Leone\"],\"articleSection\":[\"Persone\"],\"inLanguage\":\"it-IT\",\"potentialAction\":[{\"@type\":\"CommentAction\",\"name\":\"Comment\",\"target\":[\"https:\\\/\\\/www.aics.gov.it\\\/oltremare\\\/articoli\\\/persone\\\/dalla-sierra-leone-allitalia-storie-e-volti-che-restano-appiccicati-addosso\\\/#respond\"]}]},{\"@type\":\"WebPage\",\"@id\":\"https:\\\/\\\/www.aics.gov.it\\\/oltremare\\\/articoli\\\/persone\\\/dalla-sierra-leone-allitalia-storie-e-volti-che-restano-appiccicati-addosso\\\/\",\"url\":\"https:\\\/\\\/www.aics.gov.it\\\/oltremare\\\/articoli\\\/persone\\\/dalla-sierra-leone-allitalia-storie-e-volti-che-restano-appiccicati-addosso\\\/\",\"name\":\"Dalla Sierra Leone all'Italia storie e volti che restano appiccicati addosso - Oltremare\",\"isPartOf\":{\"@id\":\"https:\\\/\\\/www.aics.gov.it\\\/oltremare\\\/#website\"},\"primaryImageOfPage\":{\"@id\":\"https:\\\/\\\/www.aics.gov.it\\\/oltremare\\\/articoli\\\/persone\\\/dalla-sierra-leone-allitalia-storie-e-volti-che-restano-appiccicati-addosso\\\/#primaryimage\"},\"image\":{\"@id\":\"https:\\\/\\\/www.aics.gov.it\\\/oltremare\\\/articoli\\\/persone\\\/dalla-sierra-leone-allitalia-storie-e-volti-che-restano-appiccicati-addosso\\\/#primaryimage\"},\"thumbnailUrl\":\"https:\\\/\\\/www.aics.gov.it\\\/oltremare\\\/wp-content\\\/uploads\\\/2020\\\/05\\\/Gina-Portella-EMERGENCY-1.jpg\",\"datePublished\":\"2020-05-19T16:41:38+00:00\",\"dateModified\":\"2020-05-21T14:22:50+00:00\",\"breadcrumb\":{\"@id\":\"https:\\\/\\\/www.aics.gov.it\\\/oltremare\\\/articoli\\\/persone\\\/dalla-sierra-leone-allitalia-storie-e-volti-che-restano-appiccicati-addosso\\\/#breadcrumb\"},\"inLanguage\":\"it-IT\",\"potentialAction\":[{\"@type\":\"ReadAction\",\"target\":[\"https:\\\/\\\/www.aics.gov.it\\\/oltremare\\\/articoli\\\/persone\\\/dalla-sierra-leone-allitalia-storie-e-volti-che-restano-appiccicati-addosso\\\/\"]}]},{\"@type\":\"ImageObject\",\"inLanguage\":\"it-IT\",\"@id\":\"https:\\\/\\\/www.aics.gov.it\\\/oltremare\\\/articoli\\\/persone\\\/dalla-sierra-leone-allitalia-storie-e-volti-che-restano-appiccicati-addosso\\\/#primaryimage\",\"url\":\"https:\\\/\\\/www.aics.gov.it\\\/oltremare\\\/wp-content\\\/uploads\\\/2020\\\/05\\\/Gina-Portella-EMERGENCY-1.jpg\",\"contentUrl\":\"https:\\\/\\\/www.aics.gov.it\\\/oltremare\\\/wp-content\\\/uploads\\\/2020\\\/05\\\/Gina-Portella-EMERGENCY-1.jpg\",\"width\":3345,\"height\":3278},{\"@type\":\"BreadcrumbList\",\"@id\":\"https:\\\/\\\/www.aics.gov.it\\\/oltremare\\\/articoli\\\/persone\\\/dalla-sierra-leone-allitalia-storie-e-volti-che-restano-appiccicati-addosso\\\/#breadcrumb\",\"itemListElement\":[{\"@type\":\"ListItem\",\"position\":1,\"name\":\"Home\",\"item\":\"https:\\\/\\\/www.aics.gov.it\\\/oltremare\\\/\"},{\"@type\":\"ListItem\",\"position\":2,\"name\":\"Dalla Sierra Leone all&#8217;Italia storie e volti che restano appiccicati addosso\"}]},{\"@type\":\"WebSite\",\"@id\":\"https:\\\/\\\/www.aics.gov.it\\\/oltremare\\\/#website\",\"url\":\"https:\\\/\\\/www.aics.gov.it\\\/oltremare\\\/\",\"name\":\"Oltremare\",\"description\":\"Il Blog della cooperazione\",\"publisher\":{\"@id\":\"https:\\\/\\\/www.aics.gov.it\\\/oltremare\\\/#organization\"},\"potentialAction\":[{\"@type\":\"SearchAction\",\"target\":{\"@type\":\"EntryPoint\",\"urlTemplate\":\"https:\\\/\\\/www.aics.gov.it\\\/oltremare\\\/?s={search_term_string}\"},\"query-input\":{\"@type\":\"PropertyValueSpecification\",\"valueRequired\":true,\"valueName\":\"search_term_string\"}}],\"inLanguage\":\"it-IT\"},{\"@type\":\"Organization\",\"@id\":\"https:\\\/\\\/www.aics.gov.it\\\/oltremare\\\/#organization\",\"name\":\"Agenzia Italiana per la Cooperazione allo Sviluppo\",\"url\":\"https:\\\/\\\/www.aics.gov.it\\\/oltremare\\\/\",\"logo\":{\"@type\":\"ImageObject\",\"inLanguage\":\"it-IT\",\"@id\":\"https:\\\/\\\/www.aics.gov.it\\\/oltremare\\\/#\\\/schema\\\/logo\\\/image\\\/\",\"url\":\"https:\\\/\\\/www.aics.gov.it\\\/oltremare\\\/wp-content\\\/uploads\\\/2018\\\/02\\\/AICS_HEADER_530x130_EC1-e1518178146163.jpg\",\"contentUrl\":\"https:\\\/\\\/www.aics.gov.it\\\/oltremare\\\/wp-content\\\/uploads\\\/2018\\\/02\\\/AICS_HEADER_530x130_EC1-e1518178146163.jpg\",\"width\":300,\"height\":74,\"caption\":\"Agenzia Italiana per la Cooperazione allo Sviluppo\"},\"image\":{\"@id\":\"https:\\\/\\\/www.aics.gov.it\\\/oltremare\\\/#\\\/schema\\\/logo\\\/image\\\/\"},\"sameAs\":[\"https:\\\/\\\/www.facebook.com\\\/Agenzia-Italiana-per-la-Cooperazione-allo-Sviluppo-996004880482735\\\/\",\"https:\\\/\\\/x.com\\\/aics_it\",\"https:\\\/\\\/www.instagram.com\\\/aics_cooperazione_it\\\/\",\"https:\\\/\\\/www.youtube.com\\\/channel\\\/UCbssygnjreKD1Se1mDeCQ5w\"]},{\"@type\":\"Person\",\"@id\":\"https:\\\/\\\/www.aics.gov.it\\\/oltremare\\\/#\\\/schema\\\/person\\\/063c4f74c60040713c4f7cc532521ae1\",\"name\":\"Vincenzo Giardina\",\"image\":{\"@type\":\"ImageObject\",\"inLanguage\":\"it-IT\",\"@id\":\"https:\\\/\\\/secure.gravatar.com\\\/avatar\\\/e368c39b5301ca1e7032008e1f23665d9ca8f9e96c7d4cbde0ab893eb3fd3767?s=96&d=mm&r=g\",\"url\":\"https:\\\/\\\/secure.gravatar.com\\\/avatar\\\/e368c39b5301ca1e7032008e1f23665d9ca8f9e96c7d4cbde0ab893eb3fd3767?s=96&d=mm&r=g\",\"contentUrl\":\"https:\\\/\\\/secure.gravatar.com\\\/avatar\\\/e368c39b5301ca1e7032008e1f23665d9ca8f9e96c7d4cbde0ab893eb3fd3767?s=96&d=mm&r=g\",\"caption\":\"Vincenzo Giardina\"},\"url\":\"https:\\\/\\\/www.aics.gov.it\\\/oltremare\\\/author\\\/vincenzogiardina\\\/\"}]}<\/script>\n<!-- \/ Yoast SEO plugin. -->","yoast_head_json":{"title":"Dalla Sierra Leone all'Italia storie e volti che restano appiccicati addosso - Oltremare","robots":{"index":"index","follow":"follow","max-snippet":"max-snippet:-1","max-image-preview":"max-image-preview:large","max-video-preview":"max-video-preview:-1"},"canonical":"https:\/\/www.aics.gov.it\/oltremare\/articoli\/persone\/dalla-sierra-leone-allitalia-storie-e-volti-che-restano-appiccicati-addosso\/","og_locale":"it_IT","og_type":"article","og_title":"Dalla Sierra Leone all'Italia storie e volti che restano appiccicati addosso - Oltremare","og_description":"Marie, che si \u00e8 salvata da ebola e ora ha una bambina. O una signora di Bergamo, che lotta contro il Covid-19 e d\u00e0 speranza. Ecco cosa ha visto Gina Portella, una dottoressa che salva vite","og_url":"https:\/\/www.aics.gov.it\/oltremare\/articoli\/persone\/dalla-sierra-leone-allitalia-storie-e-volti-che-restano-appiccicati-addosso\/","og_site_name":"Oltremare","article_publisher":"https:\/\/www.facebook.com\/Agenzia-Italiana-per-la-Cooperazione-allo-Sviluppo-996004880482735\/","article_published_time":"2020-05-19T16:41:38+00:00","article_modified_time":"2020-05-21T14:22:50+00:00","og_image":[{"width":1024,"height":1003,"url":"https:\/\/www.aics.gov.it\/oltremare\/wp-content\/uploads\/2020\/05\/Gina-Portella-EMERGENCY-1-1024x1003.jpg","type":"image\/jpeg"}],"author":"Vincenzo Giardina","twitter_card":"summary_large_image","twitter_creator":"@aics_it","twitter_site":"@aics_it","twitter_misc":{"Scritto da":"Vincenzo Giardina","Tempo di lettura stimato":"4 minuti"},"schema":{"@context":"https:\/\/schema.org","@graph":[{"@type":"Article","@id":"https:\/\/www.aics.gov.it\/oltremare\/articoli\/persone\/dalla-sierra-leone-allitalia-storie-e-volti-che-restano-appiccicati-addosso\/#article","isPartOf":{"@id":"https:\/\/www.aics.gov.it\/oltremare\/articoli\/persone\/dalla-sierra-leone-allitalia-storie-e-volti-che-restano-appiccicati-addosso\/"},"author":{"name":"Vincenzo Giardina","@id":"https:\/\/www.aics.gov.it\/oltremare\/#\/schema\/person\/063c4f74c60040713c4f7cc532521ae1"},"headline":"Dalla Sierra Leone all&#8217;Italia storie e volti che restano appiccicati addosso","datePublished":"2020-05-19T16:41:38+00:00","dateModified":"2020-05-21T14:22:50+00:00","mainEntityOfPage":{"@id":"https:\/\/www.aics.gov.it\/oltremare\/articoli\/persone\/dalla-sierra-leone-allitalia-storie-e-volti-che-restano-appiccicati-addosso\/"},"wordCount":779,"commentCount":0,"publisher":{"@id":"https:\/\/www.aics.gov.it\/oltremare\/#organization"},"image":{"@id":"https:\/\/www.aics.gov.it\/oltremare\/articoli\/persone\/dalla-sierra-leone-allitalia-storie-e-volti-che-restano-appiccicati-addosso\/#primaryimage"},"thumbnailUrl":"https:\/\/www.aics.gov.it\/oltremare\/wp-content\/uploads\/2020\/05\/Gina-Portella-EMERGENCY-1.jpg","keywords":["Africa","Bergamo","Coronavirus","Covid-19","Ebola","Emergency","Gina Portella","Italia","Sierra Leone"],"articleSection":["Persone"],"inLanguage":"it-IT","potentialAction":[{"@type":"CommentAction","name":"Comment","target":["https:\/\/www.aics.gov.it\/oltremare\/articoli\/persone\/dalla-sierra-leone-allitalia-storie-e-volti-che-restano-appiccicati-addosso\/#respond"]}]},{"@type":"WebPage","@id":"https:\/\/www.aics.gov.it\/oltremare\/articoli\/persone\/dalla-sierra-leone-allitalia-storie-e-volti-che-restano-appiccicati-addosso\/","url":"https:\/\/www.aics.gov.it\/oltremare\/articoli\/persone\/dalla-sierra-leone-allitalia-storie-e-volti-che-restano-appiccicati-addosso\/","name":"Dalla Sierra Leone all'Italia storie e volti che restano appiccicati addosso - Oltremare","isPartOf":{"@id":"https:\/\/www.aics.gov.it\/oltremare\/#website"},"primaryImageOfPage":{"@id":"https:\/\/www.aics.gov.it\/oltremare\/articoli\/persone\/dalla-sierra-leone-allitalia-storie-e-volti-che-restano-appiccicati-addosso\/#primaryimage"},"image":{"@id":"https:\/\/www.aics.gov.it\/oltremare\/articoli\/persone\/dalla-sierra-leone-allitalia-storie-e-volti-che-restano-appiccicati-addosso\/#primaryimage"},"thumbnailUrl":"https:\/\/www.aics.gov.it\/oltremare\/wp-content\/uploads\/2020\/05\/Gina-Portella-EMERGENCY-1.jpg","datePublished":"2020-05-19T16:41:38+00:00","dateModified":"2020-05-21T14:22:50+00:00","breadcrumb":{"@id":"https:\/\/www.aics.gov.it\/oltremare\/articoli\/persone\/dalla-sierra-leone-allitalia-storie-e-volti-che-restano-appiccicati-addosso\/#breadcrumb"},"inLanguage":"it-IT","potentialAction":[{"@type":"ReadAction","target":["https:\/\/www.aics.gov.it\/oltremare\/articoli\/persone\/dalla-sierra-leone-allitalia-storie-e-volti-che-restano-appiccicati-addosso\/"]}]},{"@type":"ImageObject","inLanguage":"it-IT","@id":"https:\/\/www.aics.gov.it\/oltremare\/articoli\/persone\/dalla-sierra-leone-allitalia-storie-e-volti-che-restano-appiccicati-addosso\/#primaryimage","url":"https:\/\/www.aics.gov.it\/oltremare\/wp-content\/uploads\/2020\/05\/Gina-Portella-EMERGENCY-1.jpg","contentUrl":"https:\/\/www.aics.gov.it\/oltremare\/wp-content\/uploads\/2020\/05\/Gina-Portella-EMERGENCY-1.jpg","width":3345,"height":3278},{"@type":"BreadcrumbList","@id":"https:\/\/www.aics.gov.it\/oltremare\/articoli\/persone\/dalla-sierra-leone-allitalia-storie-e-volti-che-restano-appiccicati-addosso\/#breadcrumb","itemListElement":[{"@type":"ListItem","position":1,"name":"Home","item":"https:\/\/www.aics.gov.it\/oltremare\/"},{"@type":"ListItem","position":2,"name":"Dalla Sierra Leone all&#8217;Italia storie e volti che restano appiccicati addosso"}]},{"@type":"WebSite","@id":"https:\/\/www.aics.gov.it\/oltremare\/#website","url":"https:\/\/www.aics.gov.it\/oltremare\/","name":"Oltremare","description":"Il Blog della cooperazione","publisher":{"@id":"https:\/\/www.aics.gov.it\/oltremare\/#organization"},"potentialAction":[{"@type":"SearchAction","target":{"@type":"EntryPoint","urlTemplate":"https:\/\/www.aics.gov.it\/oltremare\/?s={search_term_string}"},"query-input":{"@type":"PropertyValueSpecification","valueRequired":true,"valueName":"search_term_string"}}],"inLanguage":"it-IT"},{"@type":"Organization","@id":"https:\/\/www.aics.gov.it\/oltremare\/#organization","name":"Agenzia Italiana per la Cooperazione allo Sviluppo","url":"https:\/\/www.aics.gov.it\/oltremare\/","logo":{"@type":"ImageObject","inLanguage":"it-IT","@id":"https:\/\/www.aics.gov.it\/oltremare\/#\/schema\/logo\/image\/","url":"https:\/\/www.aics.gov.it\/oltremare\/wp-content\/uploads\/2018\/02\/AICS_HEADER_530x130_EC1-e1518178146163.jpg","contentUrl":"https:\/\/www.aics.gov.it\/oltremare\/wp-content\/uploads\/2018\/02\/AICS_HEADER_530x130_EC1-e1518178146163.jpg","width":300,"height":74,"caption":"Agenzia Italiana per la Cooperazione allo Sviluppo"},"image":{"@id":"https:\/\/www.aics.gov.it\/oltremare\/#\/schema\/logo\/image\/"},"sameAs":["https:\/\/www.facebook.com\/Agenzia-Italiana-per-la-Cooperazione-allo-Sviluppo-996004880482735\/","https:\/\/x.com\/aics_it","https:\/\/www.instagram.com\/aics_cooperazione_it\/","https:\/\/www.youtube.com\/channel\/UCbssygnjreKD1Se1mDeCQ5w"]},{"@type":"Person","@id":"https:\/\/www.aics.gov.it\/oltremare\/#\/schema\/person\/063c4f74c60040713c4f7cc532521ae1","name":"Vincenzo Giardina","image":{"@type":"ImageObject","inLanguage":"it-IT","@id":"https:\/\/secure.gravatar.com\/avatar\/e368c39b5301ca1e7032008e1f23665d9ca8f9e96c7d4cbde0ab893eb3fd3767?s=96&d=mm&r=g","url":"https:\/\/secure.gravatar.com\/avatar\/e368c39b5301ca1e7032008e1f23665d9ca8f9e96c7d4cbde0ab893eb3fd3767?s=96&d=mm&r=g","contentUrl":"https:\/\/secure.gravatar.com\/avatar\/e368c39b5301ca1e7032008e1f23665d9ca8f9e96c7d4cbde0ab893eb3fd3767?s=96&d=mm&r=g","caption":"Vincenzo Giardina"},"url":"https:\/\/www.aics.gov.it\/oltremare\/author\/vincenzogiardina\/"}]}},"_links":{"self":[{"href":"https:\/\/www.aics.gov.it\/oltremare\/wp-json\/wp\/v2\/posts\/10277","targetHints":{"allow":["GET"]}}],"collection":[{"href":"https:\/\/www.aics.gov.it\/oltremare\/wp-json\/wp\/v2\/posts"}],"about":[{"href":"https:\/\/www.aics.gov.it\/oltremare\/wp-json\/wp\/v2\/types\/post"}],"author":[{"embeddable":true,"href":"https:\/\/www.aics.gov.it\/oltremare\/wp-json\/wp\/v2\/users\/5"}],"replies":[{"embeddable":true,"href":"https:\/\/www.aics.gov.it\/oltremare\/wp-json\/wp\/v2\/comments?post=10277"}],"version-history":[{"count":6,"href":"https:\/\/www.aics.gov.it\/oltremare\/wp-json\/wp\/v2\/posts\/10277\/revisions"}],"predecessor-version":[{"id":10367,"href":"https:\/\/www.aics.gov.it\/oltremare\/wp-json\/wp\/v2\/posts\/10277\/revisions\/10367"}],"wp:featuredmedia":[{"embeddable":true,"href":"https:\/\/www.aics.gov.it\/oltremare\/wp-json\/wp\/v2\/media\/10278"}],"wp:attachment":[{"href":"https:\/\/www.aics.gov.it\/oltremare\/wp-json\/wp\/v2\/media?parent=10277"}],"wp:term":[{"taxonomy":"category","embeddable":true,"href":"https:\/\/www.aics.gov.it\/oltremare\/wp-json\/wp\/v2\/categories?post=10277"},{"taxonomy":"post_tag","embeddable":true,"href":"https:\/\/www.aics.gov.it\/oltremare\/wp-json\/wp\/v2\/tags?post=10277"}],"curies":[{"name":"wp","href":"https:\/\/api.w.org\/{rel}","templated":true}]}}