{"id":10460,"date":"2020-06-01T11:07:10","date_gmt":"2020-06-01T09:07:10","guid":{"rendered":"https:\/\/www.aics.gov.it\/oltremare\/?p=10460"},"modified":"2020-06-03T09:29:58","modified_gmt":"2020-06-03T07:29:58","slug":"myanmar-dry-zone-quando-solo-la-terra-e-arida","status":"publish","type":"post","link":"https:\/\/www.aics.gov.it\/oltremare\/voci-dal-campo\/myanmar-dry-zone-quando-solo-la-terra-e-arida\/","title":{"rendered":"Myanmar &#8211; Dry Zone, quando solo la terra \u00e8 arida"},"content":{"rendered":"<p>Un fondo di garanzia per aiutare l\u2019economia della Dry Zone provata dalla crisi del Covid-19. \u00c8 il cuore dell\u2019iniziativa finanziata da Aics e realizzata dal Cesvi<\/p>\n<p><!--more--><\/p>\n<p>\u201cUna scommessa vinta in fase di progettazione, quella di istituire un fondo di garanzia a favore dei contadini e delle micro, piccole e medie imprese. L\u2019accesso al credito rappresentava uno dei fattori pi\u00f9 limitanti dello sviluppo della filiera agricola della zona. L\u2019attivit\u00e0 \u00e8 stata elaborata sulla base di un assessment costruito sulle necessit\u00e0 e i bisogni della popolazione target del progetto\u201d. A parlare \u00e8 Andrea Ricci, 31 anni originario del Casentino nella provincia di Arezzo, rappresentante Paese per il Cesvi in Myanmar e responsabile dell\u2019iniziativa \u201cSafecrops &#8211; sesamo, arachide, fagiolo: economie comunitarie resilienti e organizzazione della produzione sostenibile in Dry Zone, Myanmar\u201d. La ong bergamasca, presente da diversi anni nel Paese, ha ottenuto nel 2019 un finanziamento triennale di circa due milioni di euro dall\u2019Agenzia Italiana per la cooperazione allo sviluppo (Aics) e nel quadro dell\u2019iniziativa lavora insieme a due partner: il Network Activity Group, una ong locale impegnata principalmente nel settore agricolo, e l\u2019italiana Associazione Microfinanza e sviluppo. Una componente fondamentale dell\u2019azione complessiva della Cooperazione italiana in Myanmar, \u00e8 costituita dalle iniziative realizzate dalle ong che collaborano con le osc locali. E l&#8217;iniziativa Safecrops sembra poter ben affrontare l&#8217;emergenza economica causata dal Covid-19.<\/p>\n<div id=\"attachment_10463\" style=\"width: 1034px\" class=\"wp-caption aligncenter\"><img loading=\"lazy\" decoding=\"async\" aria-describedby=\"caption-attachment-10463\" class=\"wp-image-10463 size-large\" src=\"https:\/\/www.aics.gov.it\/oltremare\/wp-content\/uploads\/2020\/05\/Foto-7.-Involvement-of-RFDA-in-Wet-Gaung-village-YNC-1024x768.jpg\" alt=\"\" width=\"1024\" height=\"768\" srcset=\"https:\/\/www.aics.gov.it\/oltremare\/wp-content\/uploads\/2020\/05\/Foto-7.-Involvement-of-RFDA-in-Wet-Gaung-village-YNC-1024x768.jpg 1024w, https:\/\/www.aics.gov.it\/oltremare\/wp-content\/uploads\/2020\/05\/Foto-7.-Involvement-of-RFDA-in-Wet-Gaung-village-YNC-600x450.jpg 600w, https:\/\/www.aics.gov.it\/oltremare\/wp-content\/uploads\/2020\/05\/Foto-7.-Involvement-of-RFDA-in-Wet-Gaung-village-YNC-768x576.jpg 768w, https:\/\/www.aics.gov.it\/oltremare\/wp-content\/uploads\/2020\/05\/Foto-7.-Involvement-of-RFDA-in-Wet-Gaung-village-YNC-1536x1152.jpg 1536w\" sizes=\"auto, (max-width: 1024px) 100vw, 1024px\" \/><p id=\"caption-attachment-10463\" class=\"wp-caption-text\">Coinvolgimento delle associazioni contadine e selezione dei beneficiari nel villaggio di Wet Gaung, Yenanchaung Township. Pre restrizioni Covid-19 \u00a9CesviMyanmar<\/p><\/div>\n<p>La Dry Zone \u00e8 una vasta area al centro del Paese dove, secondo le stime, vive circa un quarto della popolazione birmana. Si estende tra le regioni di Magway, Sagaing e Mandalay. Nonostante la siccit\u00e0 che la affligge, questa terra accoglie la coltivazione del sesamo, dell\u2019arachide e del fagiolo mungo sia per la tipologia di suolo, sia per la poca acqua di cui necessitano. Safecrops punta a favorire un aumento del reddito dei soggetti coinvolti sia nelle filiere delle tre coltivazioni sopra menzionate che nel commercio di prodotti tradizionali del Myanmar, gi\u00e0 esportati in India e Cina e per i quali il progetto intende contribuire a rendere possibile un arrivo sui prestigiosi mercati del Giappone e della Corea, nonch\u00e9 in Europa.\u00a0 L\u2019intervento adotta un approccio olistico su tre aspetti della filiera agricola: l\u2019aumento quantitativo e qualitativo della produzione; l&#8217;accesso al mercato ;la governance. Una catena complessa, soprattutto in una zona con caratteristiche ambientali che portano all\u2019inclusione del Myanmar nella lista dei paesi pi\u00f9 colpiti dai cambiamenti climatici.<\/p>\n<p>Il lockdown, dovuto all\u2019emergenza Covid-19, ha limitato la libera circolazione di beni e persone. Ne hanno risentito anche le attivit\u00e0 di formazione per i contadini che puntano a ottenere dalle autorit\u00e0 birmane un certificato di qualit\u00e0 sul prodotto finale. Nessuna missione per le consulenze tecniche previste \u00e8 possibile al momento e le attivit\u00e0 sono posticipate o sostituite con i mezzi di comunicazione messi a disposizione dalla tecnologia. Certo, tutto \u00e8 in via di sperimentazione spiega Ricci, che tuttavia si dice convinto che ormai ogni progetto di cooperazione dovr\u00e0 prevedere una componente \u201ceventi imprevisti\u201d e la tecnologia non pu\u00f2 che rivelarsi di supporto in tale contesto, in particolare per le attivit\u00e0 di formazione.<\/p>\n<p>Andrea ha scelto di rimanere nel Paese al dilagare del coronavirus, nella citt\u00e0 di Bagan, recentemente inserita nella lista dei Patrimoni dell&#8217;umanit\u00e0 dell&#8217;Unesco, lontano da strutture sanitarie che potessero garantire standard adeguati in caso di necessit\u00e0. \u201cProprio quando il potenziale e la complessit\u00e0 della sfida professionale che mi avevano portato in Myanmar sono aumentati, ho valutato attentamente i pro e i contro del restare. Sapevo di avere a disposizione strumenti per aiutare concretamente le comunit\u00e0 rurali gi\u00e0 in difficolt\u00e0 prima dell\u2019emergenza. Questa consapevolezza mi ha fatto optare per rimanere.\u201d Ma \u00e8 il cuore pulsante dell\u2019iniziativa che detta i tempi del suo racconto: \u201cL\u2019accesso al credito \u00e8 centrale nella strategia di ripresa economica post pandemia. E in questo quadro, alcune delle attivit\u00e0 di Safecrops si pongono perfettamente in linea con le priorit\u00e0 e gli interventi messi in campo dal governo, perch\u00e9 mettono a disposizione dei beneficiari un capitale finanziario per attivit\u00e0 di produzione agricola e di creazione di valore aggiunto al prodotto, sostenibili nel lungo termine\u201d. Ricci spiega che si tratta di \u201cstrumenti gi\u00e0 destinati a persone escluse dal credito, perch\u00e9 non in grado di offrire garanzie, e oggi prime e certe vittime della crisi economica post pandemia\u201d.<\/p>\n<div id=\"attachment_10464\" style=\"width: 1034px\" class=\"wp-caption aligncenter\"><img loading=\"lazy\" decoding=\"async\" aria-describedby=\"caption-attachment-10464\" class=\"wp-image-10464 size-large\" src=\"https:\/\/www.aics.gov.it\/oltremare\/wp-content\/uploads\/2020\/05\/Foto-1.-Village-Assembly-in-Chauk-1024x768.jpg\" alt=\"\" width=\"1024\" height=\"768\" srcset=\"https:\/\/www.aics.gov.it\/oltremare\/wp-content\/uploads\/2020\/05\/Foto-1.-Village-Assembly-in-Chauk-1024x768.jpg 1024w, https:\/\/www.aics.gov.it\/oltremare\/wp-content\/uploads\/2020\/05\/Foto-1.-Village-Assembly-in-Chauk-600x450.jpg 600w, https:\/\/www.aics.gov.it\/oltremare\/wp-content\/uploads\/2020\/05\/Foto-1.-Village-Assembly-in-Chauk-768x576.jpg 768w, https:\/\/www.aics.gov.it\/oltremare\/wp-content\/uploads\/2020\/05\/Foto-1.-Village-Assembly-in-Chauk-1536x1152.jpg 1536w\" sizes=\"auto, (max-width: 1024px) 100vw, 1024px\" \/><p id=\"caption-attachment-10464\" class=\"wp-caption-text\">Assemblea per condivisione progetto e coinvolgimento della comunit\u00e0 rurale nel villaggio di Twin Phyu Yoe, Chauk Township. Pre restrizioni Covid-19 \u00a9CesviMyanmar<\/p><\/div>\n<p>L\u2019emergenza coronavirus, secondo i tecnici, pur non danneggiando le tre coltivazioni, le quali gioveranno del compimento del ciclo naturale, avr\u00e0 effetti che si tradurranno in una generale e diffusa crisi economica. Di fronte a questo scenario le parole della primo ministro Aung San Suu Kyi nell\u2019introduzione al \u201cCovid-19 Economic Relief Plan\u201d, il piano del Governo per l\u2019emergenza economica peggiorata a causa della diffusione del virus, approvato lo scorso 27 aprile, appaiono di monito: \u201dPer la prima volta nella storia della nostra nazione &#8211; &#8211; ha affermato San Suu Kyi &#8211; la popolazione si trova ad affrontare la minaccia alla vita e ai mezzi di sostentamento di un nemico invisibile. L\u2019attuale pandemia avr\u00e0 conseguenze dirette sulla crescita e prosperit\u00e0 globale sottoponendo al Myanmar sfide economiche e sanitarie senza precedenti\u201d. Parole nette e prive di retorica che richiamano ad una azione urgente. E piace ipotizzare per il futuro qualcosa di simile al cuore pulsante di Safecrops.<\/p>\n","protected":false},"excerpt":{"rendered":"<p>Un fondo di garanzia per aiutare l\u2019economia della Dry Zone provata dalla crisi del Covid-19. \u00c8 il cuore dell\u2019iniziativa finanziata da Aics e realizzata dal Cesvi<\/p>\n","protected":false},"author":1,"featured_media":10461,"comment_status":"open","ping_status":"open","sticky":false,"template":"","format":"standard","meta":{"footnotes":""},"categories":[139],"tags":[241,407,280,279,402,405,406,403,404],"class_list":["post-10460","post","type-post","status-publish","format-standard","has-post-thumbnail","hentry","category-voci-dal-campo","tag-aics","tag-cesvi","tag-coronavirus","tag-covid-19","tag-dry-zone","tag-lockdown","tag-microcredito","tag-myanmar","tag-safecrops"],"yoast_head":"<!-- This site is optimized with the Yoast SEO plugin v27.5 - https:\/\/yoast.com\/product\/yoast-seo-wordpress\/ -->\n<title>Myanmar - Dry Zone, quando solo la terra \u00e8 arida - Oltremare<\/title>\n<meta name=\"robots\" content=\"index, follow, max-snippet:-1, max-image-preview:large, max-video-preview:-1\" \/>\n<link rel=\"canonical\" href=\"https:\/\/www.aics.gov.it\/oltremare\/voci-dal-campo\/myanmar-dry-zone-quando-solo-la-terra-e-arida\/\" \/>\n<meta property=\"og:locale\" content=\"it_IT\" \/>\n<meta property=\"og:type\" content=\"article\" \/>\n<meta property=\"og:title\" content=\"Myanmar - Dry Zone, quando solo la terra \u00e8 arida - Oltremare\" \/>\n<meta property=\"og:description\" content=\"Un fondo di garanzia per aiutare l\u2019economia della Dry Zone provata dalla crisi del Covid-19. \u00c8 il cuore dell\u2019iniziativa finanziata da Aics e realizzata dal Cesvi\" \/>\n<meta property=\"og:url\" content=\"https:\/\/www.aics.gov.it\/oltremare\/voci-dal-campo\/myanmar-dry-zone-quando-solo-la-terra-e-arida\/\" \/>\n<meta property=\"og:site_name\" content=\"Oltremare\" \/>\n<meta property=\"article:publisher\" content=\"https:\/\/www.facebook.com\/Agenzia-Italiana-per-la-Cooperazione-allo-Sviluppo-996004880482735\/\" \/>\n<meta property=\"article:published_time\" content=\"2020-06-01T09:07:10+00:00\" \/>\n<meta property=\"article:modified_time\" content=\"2020-06-03T07:29:58+00:00\" \/>\n<meta property=\"og:image\" content=\"https:\/\/www.aics.gov.it\/oltremare\/wp-content\/uploads\/2020\/05\/Foto-4-Distribuzione-Semi-Magway-scaled.jpg\" \/>\n\t<meta property=\"og:image:width\" content=\"2560\" \/>\n\t<meta property=\"og:image:height\" content=\"1920\" \/>\n\t<meta property=\"og:image:type\" content=\"image\/jpeg\" \/>\n<meta name=\"author\" content=\"Oltremare\" \/>\n<meta name=\"twitter:card\" content=\"summary_large_image\" \/>\n<meta name=\"twitter:creator\" content=\"@aics_it\" \/>\n<meta name=\"twitter:site\" content=\"@aics_it\" \/>\n<meta name=\"twitter:label1\" content=\"Scritto da\" \/>\n\t<meta name=\"twitter:data1\" content=\"Chiara Aranci - communication officer sede Aics di Yangon, Myanmar\" \/>\n\t<meta name=\"twitter:label2\" content=\"Tempo di lettura stimato\" \/>\n\t<meta name=\"twitter:data2\" content=\"5 minuti\" \/>\n<script type=\"application\/ld+json\" class=\"yoast-schema-graph\">{\"@context\":\"https:\\\/\\\/schema.org\",\"@graph\":[{\"@type\":\"Article\",\"@id\":\"https:\\\/\\\/www.aics.gov.it\\\/oltremare\\\/voci-dal-campo\\\/myanmar-dry-zone-quando-solo-la-terra-e-arida\\\/#article\",\"isPartOf\":{\"@id\":\"https:\\\/\\\/www.aics.gov.it\\\/oltremare\\\/voci-dal-campo\\\/myanmar-dry-zone-quando-solo-la-terra-e-arida\\\/\"},\"author\":{\"name\":\"Oltremare\",\"@id\":\"https:\\\/\\\/www.aics.gov.it\\\/oltremare\\\/#\\\/schema\\\/person\\\/839e251090f440ea6a1f960a5050e424\"},\"headline\":\"Myanmar &#8211; Dry Zone, quando solo la terra \u00e8 arida\",\"datePublished\":\"2020-06-01T09:07:10+00:00\",\"dateModified\":\"2020-06-03T07:29:58+00:00\",\"mainEntityOfPage\":{\"@id\":\"https:\\\/\\\/www.aics.gov.it\\\/oltremare\\\/voci-dal-campo\\\/myanmar-dry-zone-quando-solo-la-terra-e-arida\\\/\"},\"wordCount\":927,\"commentCount\":0,\"publisher\":{\"@id\":\"https:\\\/\\\/www.aics.gov.it\\\/oltremare\\\/#organization\"},\"image\":{\"@id\":\"https:\\\/\\\/www.aics.gov.it\\\/oltremare\\\/voci-dal-campo\\\/myanmar-dry-zone-quando-solo-la-terra-e-arida\\\/#primaryimage\"},\"thumbnailUrl\":\"https:\\\/\\\/www.aics.gov.it\\\/oltremare\\\/wp-content\\\/uploads\\\/2020\\\/05\\\/Foto-4-Distribuzione-Semi-Magway-scaled.jpg\",\"keywords\":[\"Aics\",\"Cesvi\",\"Coronavirus\",\"Covid-19\",\"Dry Zone\",\"lockdown\",\"Microcredito\",\"Myanmar\",\"Safecrops\"],\"articleSection\":[\"Voci dal campo\"],\"inLanguage\":\"it-IT\",\"potentialAction\":[{\"@type\":\"CommentAction\",\"name\":\"Comment\",\"target\":[\"https:\\\/\\\/www.aics.gov.it\\\/oltremare\\\/voci-dal-campo\\\/myanmar-dry-zone-quando-solo-la-terra-e-arida\\\/#respond\"]}]},{\"@type\":\"WebPage\",\"@id\":\"https:\\\/\\\/www.aics.gov.it\\\/oltremare\\\/voci-dal-campo\\\/myanmar-dry-zone-quando-solo-la-terra-e-arida\\\/\",\"url\":\"https:\\\/\\\/www.aics.gov.it\\\/oltremare\\\/voci-dal-campo\\\/myanmar-dry-zone-quando-solo-la-terra-e-arida\\\/\",\"name\":\"Myanmar - Dry Zone, quando solo la terra \u00e8 arida - Oltremare\",\"isPartOf\":{\"@id\":\"https:\\\/\\\/www.aics.gov.it\\\/oltremare\\\/#website\"},\"primaryImageOfPage\":{\"@id\":\"https:\\\/\\\/www.aics.gov.it\\\/oltremare\\\/voci-dal-campo\\\/myanmar-dry-zone-quando-solo-la-terra-e-arida\\\/#primaryimage\"},\"image\":{\"@id\":\"https:\\\/\\\/www.aics.gov.it\\\/oltremare\\\/voci-dal-campo\\\/myanmar-dry-zone-quando-solo-la-terra-e-arida\\\/#primaryimage\"},\"thumbnailUrl\":\"https:\\\/\\\/www.aics.gov.it\\\/oltremare\\\/wp-content\\\/uploads\\\/2020\\\/05\\\/Foto-4-Distribuzione-Semi-Magway-scaled.jpg\",\"datePublished\":\"2020-06-01T09:07:10+00:00\",\"dateModified\":\"2020-06-03T07:29:58+00:00\",\"breadcrumb\":{\"@id\":\"https:\\\/\\\/www.aics.gov.it\\\/oltremare\\\/voci-dal-campo\\\/myanmar-dry-zone-quando-solo-la-terra-e-arida\\\/#breadcrumb\"},\"inLanguage\":\"it-IT\",\"potentialAction\":[{\"@type\":\"ReadAction\",\"target\":[\"https:\\\/\\\/www.aics.gov.it\\\/oltremare\\\/voci-dal-campo\\\/myanmar-dry-zone-quando-solo-la-terra-e-arida\\\/\"]}]},{\"@type\":\"ImageObject\",\"inLanguage\":\"it-IT\",\"@id\":\"https:\\\/\\\/www.aics.gov.it\\\/oltremare\\\/voci-dal-campo\\\/myanmar-dry-zone-quando-solo-la-terra-e-arida\\\/#primaryimage\",\"url\":\"https:\\\/\\\/www.aics.gov.it\\\/oltremare\\\/wp-content\\\/uploads\\\/2020\\\/05\\\/Foto-4-Distribuzione-Semi-Magway-scaled.jpg\",\"contentUrl\":\"https:\\\/\\\/www.aics.gov.it\\\/oltremare\\\/wp-content\\\/uploads\\\/2020\\\/05\\\/Foto-4-Distribuzione-Semi-Magway-scaled.jpg\",\"width\":2560,\"height\":1920},{\"@type\":\"BreadcrumbList\",\"@id\":\"https:\\\/\\\/www.aics.gov.it\\\/oltremare\\\/voci-dal-campo\\\/myanmar-dry-zone-quando-solo-la-terra-e-arida\\\/#breadcrumb\",\"itemListElement\":[{\"@type\":\"ListItem\",\"position\":1,\"name\":\"Home\",\"item\":\"https:\\\/\\\/www.aics.gov.it\\\/oltremare\\\/\"},{\"@type\":\"ListItem\",\"position\":2,\"name\":\"Myanmar &#8211; Dry Zone, quando solo la terra \u00e8 arida\"}]},{\"@type\":\"WebSite\",\"@id\":\"https:\\\/\\\/www.aics.gov.it\\\/oltremare\\\/#website\",\"url\":\"https:\\\/\\\/www.aics.gov.it\\\/oltremare\\\/\",\"name\":\"Oltremare\",\"description\":\"Il Blog della cooperazione\",\"publisher\":{\"@id\":\"https:\\\/\\\/www.aics.gov.it\\\/oltremare\\\/#organization\"},\"potentialAction\":[{\"@type\":\"SearchAction\",\"target\":{\"@type\":\"EntryPoint\",\"urlTemplate\":\"https:\\\/\\\/www.aics.gov.it\\\/oltremare\\\/?s={search_term_string}\"},\"query-input\":{\"@type\":\"PropertyValueSpecification\",\"valueRequired\":true,\"valueName\":\"search_term_string\"}}],\"inLanguage\":\"it-IT\"},{\"@type\":\"Organization\",\"@id\":\"https:\\\/\\\/www.aics.gov.it\\\/oltremare\\\/#organization\",\"name\":\"Agenzia Italiana per la Cooperazione allo Sviluppo\",\"url\":\"https:\\\/\\\/www.aics.gov.it\\\/oltremare\\\/\",\"logo\":{\"@type\":\"ImageObject\",\"inLanguage\":\"it-IT\",\"@id\":\"https:\\\/\\\/www.aics.gov.it\\\/oltremare\\\/#\\\/schema\\\/logo\\\/image\\\/\",\"url\":\"https:\\\/\\\/www.aics.gov.it\\\/oltremare\\\/wp-content\\\/uploads\\\/2018\\\/02\\\/AICS_HEADER_530x130_EC1-e1518178146163.jpg\",\"contentUrl\":\"https:\\\/\\\/www.aics.gov.it\\\/oltremare\\\/wp-content\\\/uploads\\\/2018\\\/02\\\/AICS_HEADER_530x130_EC1-e1518178146163.jpg\",\"width\":300,\"height\":74,\"caption\":\"Agenzia Italiana per la Cooperazione allo Sviluppo\"},\"image\":{\"@id\":\"https:\\\/\\\/www.aics.gov.it\\\/oltremare\\\/#\\\/schema\\\/logo\\\/image\\\/\"},\"sameAs\":[\"https:\\\/\\\/www.facebook.com\\\/Agenzia-Italiana-per-la-Cooperazione-allo-Sviluppo-996004880482735\\\/\",\"https:\\\/\\\/x.com\\\/aics_it\",\"https:\\\/\\\/www.instagram.com\\\/aics_cooperazione_it\\\/\",\"https:\\\/\\\/www.youtube.com\\\/channel\\\/UCbssygnjreKD1Se1mDeCQ5w\"]},{\"@type\":\"Person\",\"@id\":\"https:\\\/\\\/www.aics.gov.it\\\/oltremare\\\/#\\\/schema\\\/person\\\/839e251090f440ea6a1f960a5050e424\",\"name\":\"Oltremare\",\"image\":{\"@type\":\"ImageObject\",\"inLanguage\":\"it-IT\",\"@id\":\"https:\\\/\\\/secure.gravatar.com\\\/avatar\\\/5bdd54efc610ff3db8c53755c1599daf68165eb144e678103c1ac46fb81fe6a0?s=96&d=mm&r=g\",\"url\":\"https:\\\/\\\/secure.gravatar.com\\\/avatar\\\/5bdd54efc610ff3db8c53755c1599daf68165eb144e678103c1ac46fb81fe6a0?s=96&d=mm&r=g\",\"contentUrl\":\"https:\\\/\\\/secure.gravatar.com\\\/avatar\\\/5bdd54efc610ff3db8c53755c1599daf68165eb144e678103c1ac46fb81fe6a0?s=96&d=mm&r=g\",\"caption\":\"Oltremare\"},\"url\":\"\"}]}<\/script>\n<!-- \/ Yoast SEO plugin. -->","yoast_head_json":{"title":"Myanmar - Dry Zone, quando solo la terra \u00e8 arida - Oltremare","robots":{"index":"index","follow":"follow","max-snippet":"max-snippet:-1","max-image-preview":"max-image-preview:large","max-video-preview":"max-video-preview:-1"},"canonical":"https:\/\/www.aics.gov.it\/oltremare\/voci-dal-campo\/myanmar-dry-zone-quando-solo-la-terra-e-arida\/","og_locale":"it_IT","og_type":"article","og_title":"Myanmar - Dry Zone, quando solo la terra \u00e8 arida - Oltremare","og_description":"Un fondo di garanzia per aiutare l\u2019economia della Dry Zone provata dalla crisi del Covid-19. \u00c8 il cuore dell\u2019iniziativa finanziata da Aics e realizzata dal Cesvi","og_url":"https:\/\/www.aics.gov.it\/oltremare\/voci-dal-campo\/myanmar-dry-zone-quando-solo-la-terra-e-arida\/","og_site_name":"Oltremare","article_publisher":"https:\/\/www.facebook.com\/Agenzia-Italiana-per-la-Cooperazione-allo-Sviluppo-996004880482735\/","article_published_time":"2020-06-01T09:07:10+00:00","article_modified_time":"2020-06-03T07:29:58+00:00","og_image":[{"width":2560,"height":1920,"url":"https:\/\/www.aics.gov.it\/oltremare\/wp-content\/uploads\/2020\/05\/Foto-4-Distribuzione-Semi-Magway-scaled.jpg","type":"image\/jpeg"}],"author":"Oltremare","twitter_card":"summary_large_image","twitter_creator":"@aics_it","twitter_site":"@aics_it","twitter_misc":{"Scritto da":"Chiara Aranci - communication officer sede Aics di Yangon, Myanmar","Tempo di lettura stimato":"5 minuti"},"schema":{"@context":"https:\/\/schema.org","@graph":[{"@type":"Article","@id":"https:\/\/www.aics.gov.it\/oltremare\/voci-dal-campo\/myanmar-dry-zone-quando-solo-la-terra-e-arida\/#article","isPartOf":{"@id":"https:\/\/www.aics.gov.it\/oltremare\/voci-dal-campo\/myanmar-dry-zone-quando-solo-la-terra-e-arida\/"},"author":{"name":"Oltremare","@id":"https:\/\/www.aics.gov.it\/oltremare\/#\/schema\/person\/839e251090f440ea6a1f960a5050e424"},"headline":"Myanmar &#8211; Dry Zone, quando solo la terra \u00e8 arida","datePublished":"2020-06-01T09:07:10+00:00","dateModified":"2020-06-03T07:29:58+00:00","mainEntityOfPage":{"@id":"https:\/\/www.aics.gov.it\/oltremare\/voci-dal-campo\/myanmar-dry-zone-quando-solo-la-terra-e-arida\/"},"wordCount":927,"commentCount":0,"publisher":{"@id":"https:\/\/www.aics.gov.it\/oltremare\/#organization"},"image":{"@id":"https:\/\/www.aics.gov.it\/oltremare\/voci-dal-campo\/myanmar-dry-zone-quando-solo-la-terra-e-arida\/#primaryimage"},"thumbnailUrl":"https:\/\/www.aics.gov.it\/oltremare\/wp-content\/uploads\/2020\/05\/Foto-4-Distribuzione-Semi-Magway-scaled.jpg","keywords":["Aics","Cesvi","Coronavirus","Covid-19","Dry Zone","lockdown","Microcredito","Myanmar","Safecrops"],"articleSection":["Voci dal campo"],"inLanguage":"it-IT","potentialAction":[{"@type":"CommentAction","name":"Comment","target":["https:\/\/www.aics.gov.it\/oltremare\/voci-dal-campo\/myanmar-dry-zone-quando-solo-la-terra-e-arida\/#respond"]}]},{"@type":"WebPage","@id":"https:\/\/www.aics.gov.it\/oltremare\/voci-dal-campo\/myanmar-dry-zone-quando-solo-la-terra-e-arida\/","url":"https:\/\/www.aics.gov.it\/oltremare\/voci-dal-campo\/myanmar-dry-zone-quando-solo-la-terra-e-arida\/","name":"Myanmar - Dry Zone, quando solo la terra \u00e8 arida - Oltremare","isPartOf":{"@id":"https:\/\/www.aics.gov.it\/oltremare\/#website"},"primaryImageOfPage":{"@id":"https:\/\/www.aics.gov.it\/oltremare\/voci-dal-campo\/myanmar-dry-zone-quando-solo-la-terra-e-arida\/#primaryimage"},"image":{"@id":"https:\/\/www.aics.gov.it\/oltremare\/voci-dal-campo\/myanmar-dry-zone-quando-solo-la-terra-e-arida\/#primaryimage"},"thumbnailUrl":"https:\/\/www.aics.gov.it\/oltremare\/wp-content\/uploads\/2020\/05\/Foto-4-Distribuzione-Semi-Magway-scaled.jpg","datePublished":"2020-06-01T09:07:10+00:00","dateModified":"2020-06-03T07:29:58+00:00","breadcrumb":{"@id":"https:\/\/www.aics.gov.it\/oltremare\/voci-dal-campo\/myanmar-dry-zone-quando-solo-la-terra-e-arida\/#breadcrumb"},"inLanguage":"it-IT","potentialAction":[{"@type":"ReadAction","target":["https:\/\/www.aics.gov.it\/oltremare\/voci-dal-campo\/myanmar-dry-zone-quando-solo-la-terra-e-arida\/"]}]},{"@type":"ImageObject","inLanguage":"it-IT","@id":"https:\/\/www.aics.gov.it\/oltremare\/voci-dal-campo\/myanmar-dry-zone-quando-solo-la-terra-e-arida\/#primaryimage","url":"https:\/\/www.aics.gov.it\/oltremare\/wp-content\/uploads\/2020\/05\/Foto-4-Distribuzione-Semi-Magway-scaled.jpg","contentUrl":"https:\/\/www.aics.gov.it\/oltremare\/wp-content\/uploads\/2020\/05\/Foto-4-Distribuzione-Semi-Magway-scaled.jpg","width":2560,"height":1920},{"@type":"BreadcrumbList","@id":"https:\/\/www.aics.gov.it\/oltremare\/voci-dal-campo\/myanmar-dry-zone-quando-solo-la-terra-e-arida\/#breadcrumb","itemListElement":[{"@type":"ListItem","position":1,"name":"Home","item":"https:\/\/www.aics.gov.it\/oltremare\/"},{"@type":"ListItem","position":2,"name":"Myanmar &#8211; Dry Zone, quando solo la terra \u00e8 arida"}]},{"@type":"WebSite","@id":"https:\/\/www.aics.gov.it\/oltremare\/#website","url":"https:\/\/www.aics.gov.it\/oltremare\/","name":"Oltremare","description":"Il Blog della cooperazione","publisher":{"@id":"https:\/\/www.aics.gov.it\/oltremare\/#organization"},"potentialAction":[{"@type":"SearchAction","target":{"@type":"EntryPoint","urlTemplate":"https:\/\/www.aics.gov.it\/oltremare\/?s={search_term_string}"},"query-input":{"@type":"PropertyValueSpecification","valueRequired":true,"valueName":"search_term_string"}}],"inLanguage":"it-IT"},{"@type":"Organization","@id":"https:\/\/www.aics.gov.it\/oltremare\/#organization","name":"Agenzia Italiana per la Cooperazione allo Sviluppo","url":"https:\/\/www.aics.gov.it\/oltremare\/","logo":{"@type":"ImageObject","inLanguage":"it-IT","@id":"https:\/\/www.aics.gov.it\/oltremare\/#\/schema\/logo\/image\/","url":"https:\/\/www.aics.gov.it\/oltremare\/wp-content\/uploads\/2018\/02\/AICS_HEADER_530x130_EC1-e1518178146163.jpg","contentUrl":"https:\/\/www.aics.gov.it\/oltremare\/wp-content\/uploads\/2018\/02\/AICS_HEADER_530x130_EC1-e1518178146163.jpg","width":300,"height":74,"caption":"Agenzia Italiana per la Cooperazione allo Sviluppo"},"image":{"@id":"https:\/\/www.aics.gov.it\/oltremare\/#\/schema\/logo\/image\/"},"sameAs":["https:\/\/www.facebook.com\/Agenzia-Italiana-per-la-Cooperazione-allo-Sviluppo-996004880482735\/","https:\/\/x.com\/aics_it","https:\/\/www.instagram.com\/aics_cooperazione_it\/","https:\/\/www.youtube.com\/channel\/UCbssygnjreKD1Se1mDeCQ5w"]},{"@type":"Person","@id":"https:\/\/www.aics.gov.it\/oltremare\/#\/schema\/person\/839e251090f440ea6a1f960a5050e424","name":"Oltremare","image":{"@type":"ImageObject","inLanguage":"it-IT","@id":"https:\/\/secure.gravatar.com\/avatar\/5bdd54efc610ff3db8c53755c1599daf68165eb144e678103c1ac46fb81fe6a0?s=96&d=mm&r=g","url":"https:\/\/secure.gravatar.com\/avatar\/5bdd54efc610ff3db8c53755c1599daf68165eb144e678103c1ac46fb81fe6a0?s=96&d=mm&r=g","contentUrl":"https:\/\/secure.gravatar.com\/avatar\/5bdd54efc610ff3db8c53755c1599daf68165eb144e678103c1ac46fb81fe6a0?s=96&d=mm&r=g","caption":"Oltremare"},"url":""}]}},"_links":{"self":[{"href":"https:\/\/www.aics.gov.it\/oltremare\/wp-json\/wp\/v2\/posts\/10460","targetHints":{"allow":["GET"]}}],"collection":[{"href":"https:\/\/www.aics.gov.it\/oltremare\/wp-json\/wp\/v2\/posts"}],"about":[{"href":"https:\/\/www.aics.gov.it\/oltremare\/wp-json\/wp\/v2\/types\/post"}],"author":[{"embeddable":true,"href":"https:\/\/www.aics.gov.it\/oltremare\/wp-json\/wp\/v2\/users\/1"}],"replies":[{"embeddable":true,"href":"https:\/\/www.aics.gov.it\/oltremare\/wp-json\/wp\/v2\/comments?post=10460"}],"version-history":[{"count":5,"href":"https:\/\/www.aics.gov.it\/oltremare\/wp-json\/wp\/v2\/posts\/10460\/revisions"}],"predecessor-version":[{"id":10523,"href":"https:\/\/www.aics.gov.it\/oltremare\/wp-json\/wp\/v2\/posts\/10460\/revisions\/10523"}],"wp:featuredmedia":[{"embeddable":true,"href":"https:\/\/www.aics.gov.it\/oltremare\/wp-json\/wp\/v2\/media\/10461"}],"wp:attachment":[{"href":"https:\/\/www.aics.gov.it\/oltremare\/wp-json\/wp\/v2\/media?parent=10460"}],"wp:term":[{"taxonomy":"category","embeddable":true,"href":"https:\/\/www.aics.gov.it\/oltremare\/wp-json\/wp\/v2\/categories?post=10460"},{"taxonomy":"post_tag","embeddable":true,"href":"https:\/\/www.aics.gov.it\/oltremare\/wp-json\/wp\/v2\/tags?post=10460"}],"curies":[{"name":"wp","href":"https:\/\/api.w.org\/{rel}","templated":true}]}}