{"id":11162,"date":"2020-08-03T10:00:23","date_gmt":"2020-08-03T08:00:23","guid":{"rendered":"https:\/\/www.aics.gov.it\/oltremare\/?p=11162"},"modified":"2020-08-04T15:22:40","modified_gmt":"2020-08-04T13:22:40","slug":"cuba-e-la-dipendenza-dal-turismo-che-fare-ora","status":"publish","type":"post","link":"https:\/\/www.aics.gov.it\/oltremare\/voci-dal-campo\/cuba-e-la-dipendenza-dal-turismo-che-fare-ora\/","title":{"rendered":"Cuba e la \u201cdipendenza\u201d dal turismo: che fare ora?"},"content":{"rendered":"<p>Lo scoppio della pandemia ha privato Cuba della sua seconda fonte di reddito. Il paese dovr\u00e0 trovare un delicato equilibrio tra salute ed economia<!--more--><\/p>\n<p><span lang=\"it-IT\">Fa un certo effetto vedere il famoso Malec\u00f3n de L&#8217;Avana riprendere vita. I pescatori che tornano al loro agognato muro, lo sguardo dei giovani innamorati perso nel tramonto, gli sportivi che corrono con la splendida vista del mare, tutta la citt\u00e0 <\/span><span lang=\"it-IT\"><i>disfrutando<\/i><\/span><span lang=\"it-IT\"> di una delle cornici pi\u00f9 impressionanti della capitale.<\/span><\/p>\n<p><span lang=\"it-IT\">I parchi si riempiono di bambini; i luoghi simbolo della citt\u00e0, come il caff\u00e8 Coppelia e il Capitolio, vuoti e surreali per mesi, ricominciano ad affollarsi. A poco a poco la vita ritorna. Quello che ancora non ritorna, per\u00f2, \u00e8 il turismo internazionale: non c\u2019\u00e8 coda alla Bodeguita del Medio, nessuno che compra sigari nelle viuzze dell\u2019Avana Vecchia, le auto d\u2019epoca cariche di passeggeri intenti a scattarsi selfie non sfrecciano per le strade del Vedado. <\/span><\/p>\n<p><span lang=\"it-IT\">Quando torneranno i turisti? Non che la loro mancanza si senta particolarmente, anzi, ma va tenuto in <\/span><span lang=\"it-IT\">considerazione<\/span><span lang=\"it-IT\"> che <\/span><span lang=\"it-IT\">il comparto<\/span><span lang=\"it-IT\"> rappresenta per un numero incalcolabile di cubani l\u2019unica fonte di reddito. <\/span><\/p>\n<p><span lang=\"it-IT\">Dopo un 2019 sfortunato, in cui il turismo dell&#8217;isola \u00e8 passato da una previsione iniziale di oltre 5 milioni di visitatori a una realt\u00e0 che non ha raggiunto i 4,3 milioni, anche a causa delle forti restrizioni imposta dal governo statunitense, il Ministero del Turismo <\/span><span lang=\"it-IT\">(Mintur)<\/span><span lang=\"it-IT\"> aveva scommesso su una discreta crescita delle attivit\u00e0 nel 2020. L&#8217;obiettivo era quello di raggiungere 4,5 milioni e mezzo di turisti e di recuperare parzialmente le perdite dell&#8217;anno precedente, rafforzando i mercati emergenti rappresentati da Russia e Cina, e cercando di mantenere o recuperare i mercati tradizionali come il Canada e i <\/span><span lang=\"it-IT\">P<\/span><span lang=\"it-IT\">aesi europei.<\/span><\/p>\n<div id=\"attachment_11164\" style=\"width: 710px\" class=\"wp-caption aligncenter\"><img loading=\"lazy\" decoding=\"async\" aria-describedby=\"caption-attachment-11164\" class=\"wp-image-11164 size-full\" src=\"https:\/\/www.aics.gov.it\/oltremare\/wp-content\/uploads\/2020\/07\/coppelia.jpg\" alt=\"\" width=\"700\" height=\"445\" srcset=\"https:\/\/www.aics.gov.it\/oltremare\/wp-content\/uploads\/2020\/07\/coppelia.jpg 700w, https:\/\/www.aics.gov.it\/oltremare\/wp-content\/uploads\/2020\/07\/coppelia-600x381.jpg 600w\" sizes=\"auto, (max-width: 700px) 100vw, 700px\" \/><p id=\"caption-attachment-11164\" class=\"wp-caption-text\">Il Coppelia, uno dei luoghi simbolo e pi\u00f9 affollati de L&#8217;Avana, \u00e8 rimasto vuoto per mesi<\/p><\/div>\n<p>Con l\u2019arrivo della pandemia, il congelamento dell&#8217;attivit\u00e0 turistica a livello globale e la decisione delle autorit\u00e0 di \u201cchiudere\u201d il Paese, Cuba \u00e8 stata improvvisamente privata della sua seconda fonte principale di reddito e responsabile del 10% del Pil e di mezzo milione di posti di lavoro.<\/p>\n<p>Quali sono state quindi le misure immediate prese dalle autorit\u00e0? Nonostante la chiusura delle frontiere &#8211; la cui apertura, prevista per la terza fase di de-escalation, non \u00e8 stata ancora definita -, alcune strutture sono rimaste attive ospitando turisti e uomini d&#8217;affari, mentre altre sono state convertite come centri di isolamento. Inoltre, si \u00e8 approfittato del periodo di chiusura degli alberghi per lavorare alla loro costruzione e manutenzione, e sono stati redatti protocolli sanitari per la ripresa delle attivit\u00e0.<br \/>\nNel caso specifico del turismo, il governo, nel piano di recupero post-Covid-19, ha previsto inizialmente l&#8217;apertura del solo mercato nazionale, che comprende parte della rete alberghiera e il cosidetto \u201ccampismo nacional\u201d, distribuito su tutto il territorio nazionale.<\/p>\n<p>Anche se non ha &#8211; almeno non ancora &#8211; il potenziale per rilanciare il settore e non si avvicina ai profitti ricavati dai visitatori stranieri, il mercato interno \u00e8 cresciuto negli ultimi anni ed entro il 2020 potrebbe avere un peso ancora maggiore. Secondo i dati ufficiali, nel 2018 i turisti nazionali sono stati oltre 1,6 milioni, il che significa un aumento del 23,4% rispetto al 2017, mentre la scorsa estate l&#8217;aumento \u00e8 stato del 15%.<\/p>\n<div id=\"attachment_11165\" style=\"width: 710px\" class=\"wp-caption aligncenter\"><img loading=\"lazy\" decoding=\"async\" aria-describedby=\"caption-attachment-11165\" class=\"wp-image-11165\" src=\"https:\/\/www.aics.gov.it\/oltremare\/wp-content\/uploads\/2020\/07\/habana-malecon.jpg\" alt=\"\" width=\"700\" height=\"467\" \/><p id=\"caption-attachment-11165\" class=\"wp-caption-text\">Innamorati sul malecon. Foto di Gabriel Guerra Bianchini.<\/p><\/div>\n<p>Nel futuro prossimo, la sfida per il settore del turismo cubano sar\u00e0 quella di bilanciare economia e salute; cercare di recuperare a livello economico senza mettere a repentaglio le conquiste nel controllo della pandemia e cercando di puntare, insieme ad attrazioni tradizionali, a garantire un senso di sicurezza basato sull&#8217;igiene e il rispetto delle norme sanitarie, che secondo il parere degli esperti, assumer\u00e0 maggiore rilevanza nella riconfigurazione dell&#8217;industria del turismo durante il periodo post-pandemico.<br \/>\nIn questo contesto, l\u2019Agenzia italiana per al cooperazione allo sviluppo (Aics), continua ad appoggiare il turismo sostenibile e responsabile attraverso le iniziative di sviluppo territoriale in sinergia con il Piano Nazionale indicato da Cuba: un turismo inclusivo con particolare attenzione al cambiamento climatico.<br \/>\nCuba, isola felice libera dal coronavirus, osserva l\u2019evolversi della pandemia nel resto del continente americano (la cui situazione sembra peggiorare sempre di pi\u00f9), in attesa di un ritorno alla normalit\u00e0; e se questa dovesse tardare a ritornare, non ci sono dubbi: i cubani hanno dimostrato in pi\u00f9 occasioni di sapersi adattare a sfide ben pi\u00f9 complesse di questa.<\/p>\n","protected":false},"excerpt":{"rendered":"<p>Lo scoppio della pandemia ha privato Cuba della sua seconda fonte di reddito. Il paese dovr\u00e0 trovare un delicato equilibrio tra salute ed economia<\/p>\n","protected":false},"author":1,"featured_media":11163,"comment_status":"open","ping_status":"open","sticky":false,"template":"","format":"standard","meta":{"footnotes":""},"categories":[139],"tags":[241,204,279,398,470,468,242,467],"class_list":["post-11162","post","type-post","status-publish","format-standard","has-post-thumbnail","hentry","category-voci-dal-campo","tag-aics","tag-cooperazione","tag-covid-19","tag-cuba","tag-mintur","tag-pandemia","tag-turismo","tag-turismo-sostenibile"],"yoast_head":"<!-- This site is optimized with the Yoast SEO plugin v27.4 - https:\/\/yoast.com\/product\/yoast-seo-wordpress\/ -->\n<title>Cuba e la \u201cdipendenza\u201d dal turismo: che fare ora? - Oltremare<\/title>\n<meta name=\"robots\" content=\"index, follow, max-snippet:-1, max-image-preview:large, max-video-preview:-1\" \/>\n<link rel=\"canonical\" href=\"https:\/\/www.aics.gov.it\/oltremare\/voci-dal-campo\/cuba-e-la-dipendenza-dal-turismo-che-fare-ora\/\" \/>\n<meta property=\"og:locale\" content=\"it_IT\" \/>\n<meta property=\"og:type\" content=\"article\" \/>\n<meta property=\"og:title\" content=\"Cuba e la \u201cdipendenza\u201d dal turismo: che fare ora? - Oltremare\" \/>\n<meta property=\"og:description\" content=\"Lo scoppio della pandemia ha privato Cuba della sua seconda fonte di reddito. Il paese dovr\u00e0 trovare un delicato equilibrio tra salute ed economia\" \/>\n<meta property=\"og:url\" content=\"https:\/\/www.aics.gov.it\/oltremare\/voci-dal-campo\/cuba-e-la-dipendenza-dal-turismo-che-fare-ora\/\" \/>\n<meta property=\"og:site_name\" content=\"Oltremare\" \/>\n<meta property=\"article:publisher\" content=\"https:\/\/www.facebook.com\/Agenzia-Italiana-per-la-Cooperazione-allo-Sviluppo-996004880482735\/\" \/>\n<meta property=\"article:published_time\" content=\"2020-08-03T08:00:23+00:00\" \/>\n<meta property=\"article:modified_time\" content=\"2020-08-04T13:22:40+00:00\" \/>\n<meta property=\"og:image\" content=\"https:\/\/www.aics.gov.it\/oltremare\/wp-content\/uploads\/2020\/07\/cuba.jpg\" \/>\n\t<meta property=\"og:image:width\" content=\"410\" \/>\n\t<meta property=\"og:image:height\" content=\"230\" \/>\n\t<meta property=\"og:image:type\" content=\"image\/jpeg\" \/>\n<meta name=\"author\" content=\"Oltremare\" \/>\n<meta name=\"twitter:card\" content=\"summary_large_image\" \/>\n<meta name=\"twitter:creator\" content=\"@aics_it\" \/>\n<meta name=\"twitter:site\" content=\"@aics_it\" \/>\n<meta name=\"twitter:label1\" content=\"Scritto da\" \/>\n\t<meta name=\"twitter:data1\" content=\"Giulio Fabris - communication officer Aics L&#039;Avana\" \/>\n\t<meta name=\"twitter:label2\" content=\"Tempo di lettura stimato\" \/>\n\t<meta name=\"twitter:data2\" content=\"4 minuti\" \/>\n<script type=\"application\/ld+json\" class=\"yoast-schema-graph\">{\"@context\":\"https:\\\/\\\/schema.org\",\"@graph\":[{\"@type\":\"Article\",\"@id\":\"https:\\\/\\\/www.aics.gov.it\\\/oltremare\\\/voci-dal-campo\\\/cuba-e-la-dipendenza-dal-turismo-che-fare-ora\\\/#article\",\"isPartOf\":{\"@id\":\"https:\\\/\\\/www.aics.gov.it\\\/oltremare\\\/voci-dal-campo\\\/cuba-e-la-dipendenza-dal-turismo-che-fare-ora\\\/\"},\"author\":{\"name\":\"Oltremare\",\"@id\":\"https:\\\/\\\/www.aics.gov.it\\\/oltremare\\\/#\\\/schema\\\/person\\\/839e251090f440ea6a1f960a5050e424\"},\"headline\":\"Cuba e la \u201cdipendenza\u201d dal turismo: che fare ora?\",\"datePublished\":\"2020-08-03T08:00:23+00:00\",\"dateModified\":\"2020-08-04T13:22:40+00:00\",\"mainEntityOfPage\":{\"@id\":\"https:\\\/\\\/www.aics.gov.it\\\/oltremare\\\/voci-dal-campo\\\/cuba-e-la-dipendenza-dal-turismo-che-fare-ora\\\/\"},\"wordCount\":740,\"commentCount\":0,\"publisher\":{\"@id\":\"https:\\\/\\\/www.aics.gov.it\\\/oltremare\\\/#organization\"},\"image\":{\"@id\":\"https:\\\/\\\/www.aics.gov.it\\\/oltremare\\\/voci-dal-campo\\\/cuba-e-la-dipendenza-dal-turismo-che-fare-ora\\\/#primaryimage\"},\"thumbnailUrl\":\"https:\\\/\\\/www.aics.gov.it\\\/oltremare\\\/wp-content\\\/uploads\\\/2020\\\/07\\\/cuba.jpg\",\"keywords\":[\"Aics\",\"cooperazione\",\"Covid-19\",\"Cuba\",\"Mintur\",\"Pandemia\",\"Turismo\",\"Turismo sostenibile\"],\"articleSection\":[\"Voci dal campo\"],\"inLanguage\":\"it-IT\",\"potentialAction\":[{\"@type\":\"CommentAction\",\"name\":\"Comment\",\"target\":[\"https:\\\/\\\/www.aics.gov.it\\\/oltremare\\\/voci-dal-campo\\\/cuba-e-la-dipendenza-dal-turismo-che-fare-ora\\\/#respond\"]}]},{\"@type\":\"WebPage\",\"@id\":\"https:\\\/\\\/www.aics.gov.it\\\/oltremare\\\/voci-dal-campo\\\/cuba-e-la-dipendenza-dal-turismo-che-fare-ora\\\/\",\"url\":\"https:\\\/\\\/www.aics.gov.it\\\/oltremare\\\/voci-dal-campo\\\/cuba-e-la-dipendenza-dal-turismo-che-fare-ora\\\/\",\"name\":\"Cuba e la \u201cdipendenza\u201d dal turismo: che fare ora? - Oltremare\",\"isPartOf\":{\"@id\":\"https:\\\/\\\/www.aics.gov.it\\\/oltremare\\\/#website\"},\"primaryImageOfPage\":{\"@id\":\"https:\\\/\\\/www.aics.gov.it\\\/oltremare\\\/voci-dal-campo\\\/cuba-e-la-dipendenza-dal-turismo-che-fare-ora\\\/#primaryimage\"},\"image\":{\"@id\":\"https:\\\/\\\/www.aics.gov.it\\\/oltremare\\\/voci-dal-campo\\\/cuba-e-la-dipendenza-dal-turismo-che-fare-ora\\\/#primaryimage\"},\"thumbnailUrl\":\"https:\\\/\\\/www.aics.gov.it\\\/oltremare\\\/wp-content\\\/uploads\\\/2020\\\/07\\\/cuba.jpg\",\"datePublished\":\"2020-08-03T08:00:23+00:00\",\"dateModified\":\"2020-08-04T13:22:40+00:00\",\"breadcrumb\":{\"@id\":\"https:\\\/\\\/www.aics.gov.it\\\/oltremare\\\/voci-dal-campo\\\/cuba-e-la-dipendenza-dal-turismo-che-fare-ora\\\/#breadcrumb\"},\"inLanguage\":\"it-IT\",\"potentialAction\":[{\"@type\":\"ReadAction\",\"target\":[\"https:\\\/\\\/www.aics.gov.it\\\/oltremare\\\/voci-dal-campo\\\/cuba-e-la-dipendenza-dal-turismo-che-fare-ora\\\/\"]}]},{\"@type\":\"ImageObject\",\"inLanguage\":\"it-IT\",\"@id\":\"https:\\\/\\\/www.aics.gov.it\\\/oltremare\\\/voci-dal-campo\\\/cuba-e-la-dipendenza-dal-turismo-che-fare-ora\\\/#primaryimage\",\"url\":\"https:\\\/\\\/www.aics.gov.it\\\/oltremare\\\/wp-content\\\/uploads\\\/2020\\\/07\\\/cuba.jpg\",\"contentUrl\":\"https:\\\/\\\/www.aics.gov.it\\\/oltremare\\\/wp-content\\\/uploads\\\/2020\\\/07\\\/cuba.jpg\",\"width\":410,\"height\":230},{\"@type\":\"BreadcrumbList\",\"@id\":\"https:\\\/\\\/www.aics.gov.it\\\/oltremare\\\/voci-dal-campo\\\/cuba-e-la-dipendenza-dal-turismo-che-fare-ora\\\/#breadcrumb\",\"itemListElement\":[{\"@type\":\"ListItem\",\"position\":1,\"name\":\"Home\",\"item\":\"https:\\\/\\\/www.aics.gov.it\\\/oltremare\\\/\"},{\"@type\":\"ListItem\",\"position\":2,\"name\":\"Cuba e la \u201cdipendenza\u201d dal turismo: che fare ora?\"}]},{\"@type\":\"WebSite\",\"@id\":\"https:\\\/\\\/www.aics.gov.it\\\/oltremare\\\/#website\",\"url\":\"https:\\\/\\\/www.aics.gov.it\\\/oltremare\\\/\",\"name\":\"Oltremare\",\"description\":\"Il Blog della cooperazione\",\"publisher\":{\"@id\":\"https:\\\/\\\/www.aics.gov.it\\\/oltremare\\\/#organization\"},\"potentialAction\":[{\"@type\":\"SearchAction\",\"target\":{\"@type\":\"EntryPoint\",\"urlTemplate\":\"https:\\\/\\\/www.aics.gov.it\\\/oltremare\\\/?s={search_term_string}\"},\"query-input\":{\"@type\":\"PropertyValueSpecification\",\"valueRequired\":true,\"valueName\":\"search_term_string\"}}],\"inLanguage\":\"it-IT\"},{\"@type\":\"Organization\",\"@id\":\"https:\\\/\\\/www.aics.gov.it\\\/oltremare\\\/#organization\",\"name\":\"Agenzia Italiana per la Cooperazione allo Sviluppo\",\"url\":\"https:\\\/\\\/www.aics.gov.it\\\/oltremare\\\/\",\"logo\":{\"@type\":\"ImageObject\",\"inLanguage\":\"it-IT\",\"@id\":\"https:\\\/\\\/www.aics.gov.it\\\/oltremare\\\/#\\\/schema\\\/logo\\\/image\\\/\",\"url\":\"https:\\\/\\\/www.aics.gov.it\\\/oltremare\\\/wp-content\\\/uploads\\\/2018\\\/02\\\/AICS_HEADER_530x130_EC1-e1518178146163.jpg\",\"contentUrl\":\"https:\\\/\\\/www.aics.gov.it\\\/oltremare\\\/wp-content\\\/uploads\\\/2018\\\/02\\\/AICS_HEADER_530x130_EC1-e1518178146163.jpg\",\"width\":300,\"height\":74,\"caption\":\"Agenzia Italiana per la Cooperazione allo Sviluppo\"},\"image\":{\"@id\":\"https:\\\/\\\/www.aics.gov.it\\\/oltremare\\\/#\\\/schema\\\/logo\\\/image\\\/\"},\"sameAs\":[\"https:\\\/\\\/www.facebook.com\\\/Agenzia-Italiana-per-la-Cooperazione-allo-Sviluppo-996004880482735\\\/\",\"https:\\\/\\\/x.com\\\/aics_it\",\"https:\\\/\\\/www.instagram.com\\\/aics_cooperazione_it\\\/\",\"https:\\\/\\\/www.youtube.com\\\/channel\\\/UCbssygnjreKD1Se1mDeCQ5w\"]},{\"@type\":\"Person\",\"@id\":\"https:\\\/\\\/www.aics.gov.it\\\/oltremare\\\/#\\\/schema\\\/person\\\/839e251090f440ea6a1f960a5050e424\",\"name\":\"Oltremare\",\"image\":{\"@type\":\"ImageObject\",\"inLanguage\":\"it-IT\",\"@id\":\"https:\\\/\\\/secure.gravatar.com\\\/avatar\\\/5bdd54efc610ff3db8c53755c1599daf68165eb144e678103c1ac46fb81fe6a0?s=96&d=mm&r=g\",\"url\":\"https:\\\/\\\/secure.gravatar.com\\\/avatar\\\/5bdd54efc610ff3db8c53755c1599daf68165eb144e678103c1ac46fb81fe6a0?s=96&d=mm&r=g\",\"contentUrl\":\"https:\\\/\\\/secure.gravatar.com\\\/avatar\\\/5bdd54efc610ff3db8c53755c1599daf68165eb144e678103c1ac46fb81fe6a0?s=96&d=mm&r=g\",\"caption\":\"Oltremare\"},\"url\":\"\"}]}<\/script>\n<!-- \/ Yoast SEO plugin. -->","yoast_head_json":{"title":"Cuba e la \u201cdipendenza\u201d dal turismo: che fare ora? - Oltremare","robots":{"index":"index","follow":"follow","max-snippet":"max-snippet:-1","max-image-preview":"max-image-preview:large","max-video-preview":"max-video-preview:-1"},"canonical":"https:\/\/www.aics.gov.it\/oltremare\/voci-dal-campo\/cuba-e-la-dipendenza-dal-turismo-che-fare-ora\/","og_locale":"it_IT","og_type":"article","og_title":"Cuba e la \u201cdipendenza\u201d dal turismo: che fare ora? - Oltremare","og_description":"Lo scoppio della pandemia ha privato Cuba della sua seconda fonte di reddito. Il paese dovr\u00e0 trovare un delicato equilibrio tra salute ed economia","og_url":"https:\/\/www.aics.gov.it\/oltremare\/voci-dal-campo\/cuba-e-la-dipendenza-dal-turismo-che-fare-ora\/","og_site_name":"Oltremare","article_publisher":"https:\/\/www.facebook.com\/Agenzia-Italiana-per-la-Cooperazione-allo-Sviluppo-996004880482735\/","article_published_time":"2020-08-03T08:00:23+00:00","article_modified_time":"2020-08-04T13:22:40+00:00","og_image":[{"width":410,"height":230,"url":"https:\/\/www.aics.gov.it\/oltremare\/wp-content\/uploads\/2020\/07\/cuba.jpg","type":"image\/jpeg"}],"author":"Oltremare","twitter_card":"summary_large_image","twitter_creator":"@aics_it","twitter_site":"@aics_it","twitter_misc":{"Scritto da":"Giulio Fabris - communication officer Aics L&#039;Avana","Tempo di lettura stimato":"4 minuti"},"schema":{"@context":"https:\/\/schema.org","@graph":[{"@type":"Article","@id":"https:\/\/www.aics.gov.it\/oltremare\/voci-dal-campo\/cuba-e-la-dipendenza-dal-turismo-che-fare-ora\/#article","isPartOf":{"@id":"https:\/\/www.aics.gov.it\/oltremare\/voci-dal-campo\/cuba-e-la-dipendenza-dal-turismo-che-fare-ora\/"},"author":{"name":"Oltremare","@id":"https:\/\/www.aics.gov.it\/oltremare\/#\/schema\/person\/839e251090f440ea6a1f960a5050e424"},"headline":"Cuba e la \u201cdipendenza\u201d dal turismo: che fare ora?","datePublished":"2020-08-03T08:00:23+00:00","dateModified":"2020-08-04T13:22:40+00:00","mainEntityOfPage":{"@id":"https:\/\/www.aics.gov.it\/oltremare\/voci-dal-campo\/cuba-e-la-dipendenza-dal-turismo-che-fare-ora\/"},"wordCount":740,"commentCount":0,"publisher":{"@id":"https:\/\/www.aics.gov.it\/oltremare\/#organization"},"image":{"@id":"https:\/\/www.aics.gov.it\/oltremare\/voci-dal-campo\/cuba-e-la-dipendenza-dal-turismo-che-fare-ora\/#primaryimage"},"thumbnailUrl":"https:\/\/www.aics.gov.it\/oltremare\/wp-content\/uploads\/2020\/07\/cuba.jpg","keywords":["Aics","cooperazione","Covid-19","Cuba","Mintur","Pandemia","Turismo","Turismo sostenibile"],"articleSection":["Voci dal campo"],"inLanguage":"it-IT","potentialAction":[{"@type":"CommentAction","name":"Comment","target":["https:\/\/www.aics.gov.it\/oltremare\/voci-dal-campo\/cuba-e-la-dipendenza-dal-turismo-che-fare-ora\/#respond"]}]},{"@type":"WebPage","@id":"https:\/\/www.aics.gov.it\/oltremare\/voci-dal-campo\/cuba-e-la-dipendenza-dal-turismo-che-fare-ora\/","url":"https:\/\/www.aics.gov.it\/oltremare\/voci-dal-campo\/cuba-e-la-dipendenza-dal-turismo-che-fare-ora\/","name":"Cuba e la \u201cdipendenza\u201d dal turismo: che fare ora? - Oltremare","isPartOf":{"@id":"https:\/\/www.aics.gov.it\/oltremare\/#website"},"primaryImageOfPage":{"@id":"https:\/\/www.aics.gov.it\/oltremare\/voci-dal-campo\/cuba-e-la-dipendenza-dal-turismo-che-fare-ora\/#primaryimage"},"image":{"@id":"https:\/\/www.aics.gov.it\/oltremare\/voci-dal-campo\/cuba-e-la-dipendenza-dal-turismo-che-fare-ora\/#primaryimage"},"thumbnailUrl":"https:\/\/www.aics.gov.it\/oltremare\/wp-content\/uploads\/2020\/07\/cuba.jpg","datePublished":"2020-08-03T08:00:23+00:00","dateModified":"2020-08-04T13:22:40+00:00","breadcrumb":{"@id":"https:\/\/www.aics.gov.it\/oltremare\/voci-dal-campo\/cuba-e-la-dipendenza-dal-turismo-che-fare-ora\/#breadcrumb"},"inLanguage":"it-IT","potentialAction":[{"@type":"ReadAction","target":["https:\/\/www.aics.gov.it\/oltremare\/voci-dal-campo\/cuba-e-la-dipendenza-dal-turismo-che-fare-ora\/"]}]},{"@type":"ImageObject","inLanguage":"it-IT","@id":"https:\/\/www.aics.gov.it\/oltremare\/voci-dal-campo\/cuba-e-la-dipendenza-dal-turismo-che-fare-ora\/#primaryimage","url":"https:\/\/www.aics.gov.it\/oltremare\/wp-content\/uploads\/2020\/07\/cuba.jpg","contentUrl":"https:\/\/www.aics.gov.it\/oltremare\/wp-content\/uploads\/2020\/07\/cuba.jpg","width":410,"height":230},{"@type":"BreadcrumbList","@id":"https:\/\/www.aics.gov.it\/oltremare\/voci-dal-campo\/cuba-e-la-dipendenza-dal-turismo-che-fare-ora\/#breadcrumb","itemListElement":[{"@type":"ListItem","position":1,"name":"Home","item":"https:\/\/www.aics.gov.it\/oltremare\/"},{"@type":"ListItem","position":2,"name":"Cuba e la \u201cdipendenza\u201d dal turismo: che fare ora?"}]},{"@type":"WebSite","@id":"https:\/\/www.aics.gov.it\/oltremare\/#website","url":"https:\/\/www.aics.gov.it\/oltremare\/","name":"Oltremare","description":"Il Blog della cooperazione","publisher":{"@id":"https:\/\/www.aics.gov.it\/oltremare\/#organization"},"potentialAction":[{"@type":"SearchAction","target":{"@type":"EntryPoint","urlTemplate":"https:\/\/www.aics.gov.it\/oltremare\/?s={search_term_string}"},"query-input":{"@type":"PropertyValueSpecification","valueRequired":true,"valueName":"search_term_string"}}],"inLanguage":"it-IT"},{"@type":"Organization","@id":"https:\/\/www.aics.gov.it\/oltremare\/#organization","name":"Agenzia Italiana per la Cooperazione allo Sviluppo","url":"https:\/\/www.aics.gov.it\/oltremare\/","logo":{"@type":"ImageObject","inLanguage":"it-IT","@id":"https:\/\/www.aics.gov.it\/oltremare\/#\/schema\/logo\/image\/","url":"https:\/\/www.aics.gov.it\/oltremare\/wp-content\/uploads\/2018\/02\/AICS_HEADER_530x130_EC1-e1518178146163.jpg","contentUrl":"https:\/\/www.aics.gov.it\/oltremare\/wp-content\/uploads\/2018\/02\/AICS_HEADER_530x130_EC1-e1518178146163.jpg","width":300,"height":74,"caption":"Agenzia Italiana per la Cooperazione allo Sviluppo"},"image":{"@id":"https:\/\/www.aics.gov.it\/oltremare\/#\/schema\/logo\/image\/"},"sameAs":["https:\/\/www.facebook.com\/Agenzia-Italiana-per-la-Cooperazione-allo-Sviluppo-996004880482735\/","https:\/\/x.com\/aics_it","https:\/\/www.instagram.com\/aics_cooperazione_it\/","https:\/\/www.youtube.com\/channel\/UCbssygnjreKD1Se1mDeCQ5w"]},{"@type":"Person","@id":"https:\/\/www.aics.gov.it\/oltremare\/#\/schema\/person\/839e251090f440ea6a1f960a5050e424","name":"Oltremare","image":{"@type":"ImageObject","inLanguage":"it-IT","@id":"https:\/\/secure.gravatar.com\/avatar\/5bdd54efc610ff3db8c53755c1599daf68165eb144e678103c1ac46fb81fe6a0?s=96&d=mm&r=g","url":"https:\/\/secure.gravatar.com\/avatar\/5bdd54efc610ff3db8c53755c1599daf68165eb144e678103c1ac46fb81fe6a0?s=96&d=mm&r=g","contentUrl":"https:\/\/secure.gravatar.com\/avatar\/5bdd54efc610ff3db8c53755c1599daf68165eb144e678103c1ac46fb81fe6a0?s=96&d=mm&r=g","caption":"Oltremare"},"url":""}]}},"_links":{"self":[{"href":"https:\/\/www.aics.gov.it\/oltremare\/wp-json\/wp\/v2\/posts\/11162","targetHints":{"allow":["GET"]}}],"collection":[{"href":"https:\/\/www.aics.gov.it\/oltremare\/wp-json\/wp\/v2\/posts"}],"about":[{"href":"https:\/\/www.aics.gov.it\/oltremare\/wp-json\/wp\/v2\/types\/post"}],"author":[{"embeddable":true,"href":"https:\/\/www.aics.gov.it\/oltremare\/wp-json\/wp\/v2\/users\/1"}],"replies":[{"embeddable":true,"href":"https:\/\/www.aics.gov.it\/oltremare\/wp-json\/wp\/v2\/comments?post=11162"}],"version-history":[{"count":2,"href":"https:\/\/www.aics.gov.it\/oltremare\/wp-json\/wp\/v2\/posts\/11162\/revisions"}],"predecessor-version":[{"id":11289,"href":"https:\/\/www.aics.gov.it\/oltremare\/wp-json\/wp\/v2\/posts\/11162\/revisions\/11289"}],"wp:featuredmedia":[{"embeddable":true,"href":"https:\/\/www.aics.gov.it\/oltremare\/wp-json\/wp\/v2\/media\/11163"}],"wp:attachment":[{"href":"https:\/\/www.aics.gov.it\/oltremare\/wp-json\/wp\/v2\/media?parent=11162"}],"wp:term":[{"taxonomy":"category","embeddable":true,"href":"https:\/\/www.aics.gov.it\/oltremare\/wp-json\/wp\/v2\/categories?post=11162"},{"taxonomy":"post_tag","embeddable":true,"href":"https:\/\/www.aics.gov.it\/oltremare\/wp-json\/wp\/v2\/tags?post=11162"}],"curies":[{"name":"wp","href":"https:\/\/api.w.org\/{rel}","templated":true}]}}