{"id":11667,"date":"2020-10-08T11:04:29","date_gmt":"2020-10-08T09:04:29","guid":{"rendered":"https:\/\/www.aics.gov.it\/oltremare\/?p=11667"},"modified":"2020-10-14T08:11:50","modified_gmt":"2020-10-14T06:11:50","slug":"in-mali-al-fianco-delle-coltivatrici-di-pace","status":"publish","type":"post","link":"https:\/\/www.aics.gov.it\/oltremare\/articoli\/pace\/in-mali-al-fianco-delle-coltivatrici-di-pace\/","title":{"rendered":"In Mali al fianco delle coltivatrici di pace"},"content":{"rendered":"<p>Gli interventi di emergenza in aiuto degli sfollati del conflitto. Ma anche un investimento a lungo termine. Che comincia dall\u2019acqua<!--more--><\/p>\n<p>Chi scava un pozzo aiuta la pace. Dandole un\u2019opportunit\u00e0 in pi\u00f9. \u00c8 vero in tanti angoli d\u2019Africa ed \u00e8 ancora pi\u00f9 vero nel Sahel, una delle regioni al mondo pi\u00f9 colpite da cambiamenti climatici, degrado dei suoli e desertificazione. E negli ultimi anni, almeno dal 2012, sempre pi\u00f9 a rischio anche sul piano della sicurezza. Prendete il Mali, epicentro di nuove crisi, allo stesso tempo ambientali, sociali e pure politiche, come confermato da un nuovo intervento dell\u2019esercito, che il 18 agosto ha destituito il presidente Ibrahim Boubacar Keita, sfilato a Bamako e istituito il Comit\u00e9 national pour le salut du peuple.<\/p>\n<p>&nbsp;<\/p>\n<div id=\"attachment_11669\" style=\"width: 1034px\" class=\"wp-caption aligncenter\"><img loading=\"lazy\" decoding=\"async\" aria-describedby=\"caption-attachment-11669\" class=\"wp-image-11669 size-large\" src=\"https:\/\/www.aics.gov.it\/oltremare\/wp-content\/uploads\/2020\/10\/Agricoltura4-1024x683.jpg\" alt=\"\" width=\"1024\" height=\"683\" srcset=\"https:\/\/www.aics.gov.it\/oltremare\/wp-content\/uploads\/2020\/10\/Agricoltura4-1024x683.jpg 1024w, https:\/\/www.aics.gov.it\/oltremare\/wp-content\/uploads\/2020\/10\/Agricoltura4-600x400.jpg 600w, https:\/\/www.aics.gov.it\/oltremare\/wp-content\/uploads\/2020\/10\/Agricoltura4-768x512.jpg 768w, https:\/\/www.aics.gov.it\/oltremare\/wp-content\/uploads\/2020\/10\/Agricoltura4-1536x1025.jpg 1536w\" sizes=\"auto, (max-width: 1024px) 100vw, 1024px\" \/><p id=\"caption-attachment-11669\" class=\"wp-caption-text\">\u00a9Engim<\/p><\/div>\n<p>Quale sia la posta in gioco lo si capisce uscendo dalla capitale, puntando a est e a nord, verso la strozzatura centrale che divide il Mali in due ali di farfalla. \u201cNell\u2019area di Mopti conflitti e violenze tra comunit\u00e0 sono all\u2019ordine del giorno e ormai la gente ha paura di spostarsi\u201d spiega a <em>Oltremare<\/em> Marco Alban, coordinatore dei programmi internazionali dell\u2019<a href=\"https:\/\/cisvto.org\/africa\/mali\/\">ong piemontese Cisv<\/a>. \u201cPer raggiungere un pozzo prima si percorrevano anche 30 chilometri, adesso non ci si mette pi\u00f9 in cammino: troppo pericoloso, nell\u2019area sono arrivati anche gruppi ribelli costretti a ripiegare dopo la controffensiva militare nel nord\u201d.<\/p>\n<p>\u00c8 proprio l\u2019acqua all\u2019origine delle tensioni tra le comunit\u00e0. Pastori e allevatori, da una parte, agricoltori e contadini, dall\u2019altra. Secondo stime dell\u2019Organizzazione internazionale delle migrazioni (Oim) diffuse a giugno, solo nelle aree di Mopti, S\u00e9var\u00e9 e Fotama gli sfollati censiti sono pi\u00f9 di 50mila. E nelle ultime settimane le cose non sono migliorate: le piogge sono cominciate solo a luglio e sono state torrenziali, provocando inondazioni e compromettendo raccolti. Contribuire alla pace oggi vuol dire aiuto nell\u2019emergenza, purch\u00e9 coniugato con un\u2019attenzione alla sostenibilit\u00e0 ambientale e all\u2019impiego ottimale delle risorse.<\/p>\n<p>&nbsp;<\/p>\n<div id=\"attachment_11671\" style=\"width: 1034px\" class=\"wp-caption aligncenter\"><img loading=\"lazy\" decoding=\"async\" aria-describedby=\"caption-attachment-11671\" class=\"wp-image-11671 size-large\" src=\"https:\/\/www.aics.gov.it\/oltremare\/wp-content\/uploads\/2020\/10\/Agricoltura6-1024x683.jpg\" alt=\"\" width=\"1024\" height=\"683\" srcset=\"https:\/\/www.aics.gov.it\/oltremare\/wp-content\/uploads\/2020\/10\/Agricoltura6-1024x683.jpg 1024w, https:\/\/www.aics.gov.it\/oltremare\/wp-content\/uploads\/2020\/10\/Agricoltura6-600x400.jpg 600w, https:\/\/www.aics.gov.it\/oltremare\/wp-content\/uploads\/2020\/10\/Agricoltura6-768x512.jpg 768w, https:\/\/www.aics.gov.it\/oltremare\/wp-content\/uploads\/2020\/10\/Agricoltura6-1536x1025.jpg 1536w\" sizes=\"auto, (max-width: 1024px) 100vw, 1024px\" \/><p id=\"caption-attachment-11671\" class=\"wp-caption-text\">\u00a9Engim<\/p><\/div>\n<p>Secondo Alessandra Piermattei, titolare della sede dell\u2019<a href=\"https:\/\/dakar.aics.gov.it\/\">Agenzia italiana per la cooperazione allo sviluppo (Aics) che da Dakar coordina i progetti in Mali,<\/a> \u201cbisogna intervenire sia sui bisogni immediati della popolazione colpita direttamente nel conflitto, garantendo mezzi di sussistenza e sopravvivenza, sia con il sostegno al settore privato e alle attivit\u00e0 generatrici di reddito nelle aree meno esposte\u201d. Un doppio binario, percorso insieme con organizzazioni non governative italiane e partner locali. Con un primo impegno al fianco degli sfollati e delle comunit\u00e0 che li ospitano e un secondo, a medio e lungo termine, per rafforzare la resilienza e la capacit\u00e0 di risposta della societ\u00e0 civile e delle realt\u00e0 locali.<\/p>\n<p>&nbsp;<\/p>\n<div id=\"attachment_11670\" style=\"width: 1034px\" class=\"wp-caption aligncenter\"><img loading=\"lazy\" decoding=\"async\" aria-describedby=\"caption-attachment-11670\" class=\"wp-image-11670 size-large\" src=\"https:\/\/www.aics.gov.it\/oltremare\/wp-content\/uploads\/2020\/10\/Agricoltura5-1024x683.jpg\" alt=\"\" width=\"1024\" height=\"683\" srcset=\"https:\/\/www.aics.gov.it\/oltremare\/wp-content\/uploads\/2020\/10\/Agricoltura5-1024x683.jpg 1024w, https:\/\/www.aics.gov.it\/oltremare\/wp-content\/uploads\/2020\/10\/Agricoltura5-600x400.jpg 600w, https:\/\/www.aics.gov.it\/oltremare\/wp-content\/uploads\/2020\/10\/Agricoltura5-768x512.jpg 768w, https:\/\/www.aics.gov.it\/oltremare\/wp-content\/uploads\/2020\/10\/Agricoltura5-1536x1025.jpg 1536w\" sizes=\"auto, (max-width: 1024px) 100vw, 1024px\" \/><p id=\"caption-attachment-11670\" class=\"wp-caption-text\">\u00a9Engim<\/p><\/div>\n<p>\u201cLa componente acqua \u00e8 centrale per il sostegno all\u2019agricoltura, per la gestione dei conflitti e per la tutela della salute\u201d riprende Alban: \u201cPenso al lavaggio delle mani, nel pieno della pandemia del nuovo coronavirus, alle motopompe per irrigare gli orti o all\u2019abbeveraggio degli animali\u201d. Insieme con Lvia e WeWorld-Gvc, ong partner, Cisv opera nell\u2019area di Mopti. Il progetto \u00e8 sostenuto da Aics, come quello coordinato da Coopi nelle vicine aree di Segou e Koulikoro, sul doppio binario della sicurezza alimentare e della nutrizione, con la presa in carico di circa 10mila bambini con meno di cinque anni di et\u00e0. C\u2019\u00e8 poi un terzo programma, affidato a Engim, un\u2019ong specializzata in formazione, al lavoro con Caritas Mali e l\u2019italiana Iscos. In questo caso la zona di intervento \u00e8 differente. Siamo pi\u00f9 a ovest, lungo quella che chiamano la \u201cstrada della speranza\u201d, lontani da Mopti e dalle zone sono si concentrano gli sfollati del conflitto. \u201cContribuiamo al rafforzamento della resilienza di potenziali migranti e retourn\u00e9s lungo la tratta Guinea Bissau, Senegal e Mali\u201d sottolinea Valentina Topputo, <a href=\"https:\/\/www.facebook.com\/engimint\">di Engim<\/a>. Nel colloquio tornano le parole formazione, microimpresa e partecipazione. \u201cDeclinata spesso al femminile\u201d, aggiunge Martina Concetti, la coordinatrice del progetto. \u201cStiamo riproducendo il modello sperimentato a Mopti, sia con la creazione di punti d\u2019acqua e di orti per agricoltrici con una formazione specifica sia con un intervento sulle sementi, affiancando cooperative con una forte partecipazione di donne nel passaggio verso la produzione di eccedenze che consentano la vendita e nuovi investimenti\u201d.<\/p>\n<p>&nbsp;<\/p>\n<div id=\"attachment_11672\" style=\"width: 1034px\" class=\"wp-caption aligncenter\"><img loading=\"lazy\" decoding=\"async\" aria-describedby=\"caption-attachment-11672\" class=\"wp-image-11672 size-large\" src=\"https:\/\/www.aics.gov.it\/oltremare\/wp-content\/uploads\/2020\/10\/AID11274_BaraSira2-1024x682.jpg\" alt=\"\" width=\"1024\" height=\"682\" srcset=\"https:\/\/www.aics.gov.it\/oltremare\/wp-content\/uploads\/2020\/10\/AID11274_BaraSira2-1024x682.jpg 1024w, https:\/\/www.aics.gov.it\/oltremare\/wp-content\/uploads\/2020\/10\/AID11274_BaraSira2-600x400.jpg 600w, https:\/\/www.aics.gov.it\/oltremare\/wp-content\/uploads\/2020\/10\/AID11274_BaraSira2-768x512.jpg 768w, https:\/\/www.aics.gov.it\/oltremare\/wp-content\/uploads\/2020\/10\/AID11274_BaraSira2-1536x1023.jpg 1536w\" sizes=\"auto, (max-width: 1024px) 100vw, 1024px\" \/><p id=\"caption-attachment-11672\" class=\"wp-caption-text\">\u00a9Engim<\/p><\/div>\n<p>Dalla crisi allo sviluppo. Nella consapevolezza che la recinzione di un campo pu\u00f2 scongiurare violenze tra contadini e allevatori ma anche solo, ad esempio nel distretto di Kita, lungo la \u201cvia della speranza\u201d, proteggere i germogli dagli ippopotami. Difficile capire fino a che punto la protezione del territorio, con la valorizzazione delle produzioni locali e il sostegno all\u2019autosufficienza alimentare, possano bastare per assicurare la pace. La premessa, secondo Topputo, \u00e8 che nella scelta dei beneficiari bisogna tener conto di equilibri delicati. \u201cLavoriamo con i migranti di ritorno\u201d, sottolinea la responsabile, \u201cma facciamo sempre riferimento ai sindaci e ai capovillaggio perch\u00e9 se escludessimo i contadini che non sono mai partiti si creerebbero tensioni\u201d.<\/p>\n<p>Secondo Olivier De Schutter, relatore speciale dell\u2019Onu per la povert\u00e0 estrema e i diritti umani, la pandemia di Covid-19 ha portato il mondo almeno sei anni indietro. \u201cI Paesi in via di sviluppo sono stati in assoluto i pi\u00f9 colpiti in questi mesi di lockdown\u201d ha aggiunto l\u2019esperto, durante un seminario organizzato dalla Convenzione delle Nazioni Unite per la lotta alla desertificazione (Unccd). Di ambiente e sostenibilit\u00e0, anche sociale, parla anche Piermattei. \u201cSono al centro, dal 2012, dell\u2019azione di Aics e delle ong italiane in Mali\u201d sottolinea. \u201cLa base \u00e8 una expertise importante in tema di lotta alla desertificazione, che consente programmi agricoli mirati, legati a una visione sostenibile in un ecosistema fragile come quello del Sahel\u201d.<\/p>\n<p>&nbsp;<\/p>\n<div style=\"box-shadow: 10px 10px 28px 0px rgba(171,171,171,1); padding: 25px;\">Biografia<br \/>\n<strong>Vincenzo Giardina<\/strong><br \/>\nNato a Padova, laureato in storia contemporanea, \u00e8 un giornalista professionista. Coordina il notiziario internazionale dell\u2019agenzia di stampa Dire. Tra le sue collaborazioni Il Venerd\u00ec di Repubblica, Internazionale, l\u2019Espresso e Nigrizia. Gi\u00e0 redattore dell\u2019agenzia di stampa missionaria Misna, si \u00e8 specializzato sull\u2019Africa e sui temi dei diritti umani e della lotta contro le disuguaglianze. Scrive su Oltremare, magazine dell\u2019Agenzia italiana per la cooperazione allo sviluppo, e interviene come esperto o inviato su Radio Vaticana, Radio In Blu e altre emittenti. Suoi articoli e reportage sono pubblicati anche da La Stampa e Vanity Fair. Parla pi\u00f9 lingue, tra le quali il russo.<br \/>\n<a href=\"https:\/\/www.vincenzogiardina.org\/\" target=\"_blank\" rel=\"noopener noreferrer\">www.vincenzogiardina.org<\/a><img decoding=\"async\" class=\"aligncenter\" src=\"https:\/\/www.aics.gov.it\/oltremare\/wp-content\/uploads\/2020\/04\/giardina-bio.png\" \/><\/div>\n","protected":false},"excerpt":{"rendered":"<p>Gli interventi di emergenza in aiuto degli sfollati del conflitto. Ma anche un investimento a lungo termine. Che comincia dall\u2019acqua<\/p>\n","protected":false},"author":5,"featured_media":11809,"comment_status":"open","ping_status":"open","sticky":false,"template":"","format":"standard","meta":{"footnotes":""},"categories":[133],"tags":[213,193,197,241,518,516,515,423,204,350,520,196,498,456,499,425,517,521,500,519,488],"class_list":["post-11667","post","type-post","status-publish","format-standard","has-post-thumbnail","hentry","category-pace","tag-acqua","tag-africa","tag-agricoltura","tag-aics","tag-alban","tag-bamako","tag-cisv","tag-climate-change","tag-cooperazione","tag-coopi","tag-diritti","tag-donne","tag-engim","tag-giardina","tag-mali","tag-oim","tag-piermattei","tag-pozzi","tag-sahel","tag-topputo","tag-vincenzo"],"yoast_head":"<!-- This site is optimized with the Yoast SEO plugin v27.4 - https:\/\/yoast.com\/product\/yoast-seo-wordpress\/ -->\n<title>In Mali al fianco delle coltivatrici di pace - Oltremare<\/title>\n<meta name=\"robots\" content=\"index, follow, max-snippet:-1, max-image-preview:large, max-video-preview:-1\" \/>\n<link rel=\"canonical\" href=\"https:\/\/www.aics.gov.it\/oltremare\/articoli\/pace\/in-mali-al-fianco-delle-coltivatrici-di-pace\/\" \/>\n<meta property=\"og:locale\" content=\"it_IT\" \/>\n<meta property=\"og:type\" content=\"article\" \/>\n<meta property=\"og:title\" content=\"In Mali al fianco delle coltivatrici di pace - Oltremare\" \/>\n<meta property=\"og:description\" content=\"Gli interventi di emergenza in aiuto degli sfollati del conflitto. Ma anche un investimento a lungo termine. Che comincia dall\u2019acqua\" \/>\n<meta property=\"og:url\" content=\"https:\/\/www.aics.gov.it\/oltremare\/articoli\/pace\/in-mali-al-fianco-delle-coltivatrici-di-pace\/\" \/>\n<meta property=\"og:site_name\" content=\"Oltremare\" \/>\n<meta property=\"article:publisher\" content=\"https:\/\/www.facebook.com\/Agenzia-Italiana-per-la-Cooperazione-allo-Sviluppo-996004880482735\/\" \/>\n<meta property=\"article:published_time\" content=\"2020-10-08T09:04:29+00:00\" \/>\n<meta property=\"article:modified_time\" content=\"2020-10-14T06:11:50+00:00\" \/>\n<meta property=\"og:image\" content=\"https:\/\/www.aics.gov.it\/oltremare\/wp-content\/uploads\/2020\/10\/prova-copertina.jpg\" \/>\n\t<meta property=\"og:image:width\" content=\"1134\" \/>\n\t<meta property=\"og:image:height\" content=\"620\" \/>\n\t<meta property=\"og:image:type\" content=\"image\/jpeg\" \/>\n<meta name=\"author\" content=\"Vincenzo Giardina\" \/>\n<meta name=\"twitter:card\" content=\"summary_large_image\" \/>\n<meta name=\"twitter:creator\" content=\"@aics_it\" \/>\n<meta name=\"twitter:site\" content=\"@aics_it\" \/>\n<meta name=\"twitter:label1\" content=\"Scritto da\" \/>\n\t<meta name=\"twitter:data1\" content=\"Vincenzo Giardina\" \/>\n\t<meta name=\"twitter:label2\" content=\"Tempo di lettura stimato\" \/>\n\t<meta name=\"twitter:data2\" content=\"5 minuti\" \/>\n<script type=\"application\/ld+json\" class=\"yoast-schema-graph\">{\"@context\":\"https:\\\/\\\/schema.org\",\"@graph\":[{\"@type\":\"Article\",\"@id\":\"https:\\\/\\\/www.aics.gov.it\\\/oltremare\\\/articoli\\\/pace\\\/in-mali-al-fianco-delle-coltivatrici-di-pace\\\/#article\",\"isPartOf\":{\"@id\":\"https:\\\/\\\/www.aics.gov.it\\\/oltremare\\\/articoli\\\/pace\\\/in-mali-al-fianco-delle-coltivatrici-di-pace\\\/\"},\"author\":{\"name\":\"Vincenzo Giardina\",\"@id\":\"https:\\\/\\\/www.aics.gov.it\\\/oltremare\\\/#\\\/schema\\\/person\\\/063c4f74c60040713c4f7cc532521ae1\"},\"headline\":\"In Mali al fianco delle coltivatrici di pace\",\"datePublished\":\"2020-10-08T09:04:29+00:00\",\"dateModified\":\"2020-10-14T06:11:50+00:00\",\"mainEntityOfPage\":{\"@id\":\"https:\\\/\\\/www.aics.gov.it\\\/oltremare\\\/articoli\\\/pace\\\/in-mali-al-fianco-delle-coltivatrici-di-pace\\\/\"},\"wordCount\":1063,\"commentCount\":0,\"publisher\":{\"@id\":\"https:\\\/\\\/www.aics.gov.it\\\/oltremare\\\/#organization\"},\"image\":{\"@id\":\"https:\\\/\\\/www.aics.gov.it\\\/oltremare\\\/articoli\\\/pace\\\/in-mali-al-fianco-delle-coltivatrici-di-pace\\\/#primaryimage\"},\"thumbnailUrl\":\"https:\\\/\\\/www.aics.gov.it\\\/oltremare\\\/wp-content\\\/uploads\\\/2020\\\/10\\\/prova-copertina.jpg\",\"keywords\":[\"Acqua\",\"Africa\",\"Agricoltura\",\"Aics\",\"Alban\",\"Bamako\",\"Cisv\",\"Climate change\",\"cooperazione\",\"Coopi\",\"diritti\",\"donne\",\"Engim\",\"Giardina\",\"Mali\",\"Oim\",\"Piermattei\",\"pozzi\",\"Sahel\",\"Topputo\",\"Vincenzo\"],\"articleSection\":[\"Pace\"],\"inLanguage\":\"it-IT\",\"potentialAction\":[{\"@type\":\"CommentAction\",\"name\":\"Comment\",\"target\":[\"https:\\\/\\\/www.aics.gov.it\\\/oltremare\\\/articoli\\\/pace\\\/in-mali-al-fianco-delle-coltivatrici-di-pace\\\/#respond\"]}]},{\"@type\":\"WebPage\",\"@id\":\"https:\\\/\\\/www.aics.gov.it\\\/oltremare\\\/articoli\\\/pace\\\/in-mali-al-fianco-delle-coltivatrici-di-pace\\\/\",\"url\":\"https:\\\/\\\/www.aics.gov.it\\\/oltremare\\\/articoli\\\/pace\\\/in-mali-al-fianco-delle-coltivatrici-di-pace\\\/\",\"name\":\"In Mali al fianco delle coltivatrici di pace - Oltremare\",\"isPartOf\":{\"@id\":\"https:\\\/\\\/www.aics.gov.it\\\/oltremare\\\/#website\"},\"primaryImageOfPage\":{\"@id\":\"https:\\\/\\\/www.aics.gov.it\\\/oltremare\\\/articoli\\\/pace\\\/in-mali-al-fianco-delle-coltivatrici-di-pace\\\/#primaryimage\"},\"image\":{\"@id\":\"https:\\\/\\\/www.aics.gov.it\\\/oltremare\\\/articoli\\\/pace\\\/in-mali-al-fianco-delle-coltivatrici-di-pace\\\/#primaryimage\"},\"thumbnailUrl\":\"https:\\\/\\\/www.aics.gov.it\\\/oltremare\\\/wp-content\\\/uploads\\\/2020\\\/10\\\/prova-copertina.jpg\",\"datePublished\":\"2020-10-08T09:04:29+00:00\",\"dateModified\":\"2020-10-14T06:11:50+00:00\",\"breadcrumb\":{\"@id\":\"https:\\\/\\\/www.aics.gov.it\\\/oltremare\\\/articoli\\\/pace\\\/in-mali-al-fianco-delle-coltivatrici-di-pace\\\/#breadcrumb\"},\"inLanguage\":\"it-IT\",\"potentialAction\":[{\"@type\":\"ReadAction\",\"target\":[\"https:\\\/\\\/www.aics.gov.it\\\/oltremare\\\/articoli\\\/pace\\\/in-mali-al-fianco-delle-coltivatrici-di-pace\\\/\"]}]},{\"@type\":\"ImageObject\",\"inLanguage\":\"it-IT\",\"@id\":\"https:\\\/\\\/www.aics.gov.it\\\/oltremare\\\/articoli\\\/pace\\\/in-mali-al-fianco-delle-coltivatrici-di-pace\\\/#primaryimage\",\"url\":\"https:\\\/\\\/www.aics.gov.it\\\/oltremare\\\/wp-content\\\/uploads\\\/2020\\\/10\\\/prova-copertina.jpg\",\"contentUrl\":\"https:\\\/\\\/www.aics.gov.it\\\/oltremare\\\/wp-content\\\/uploads\\\/2020\\\/10\\\/prova-copertina.jpg\",\"width\":1134,\"height\":620},{\"@type\":\"BreadcrumbList\",\"@id\":\"https:\\\/\\\/www.aics.gov.it\\\/oltremare\\\/articoli\\\/pace\\\/in-mali-al-fianco-delle-coltivatrici-di-pace\\\/#breadcrumb\",\"itemListElement\":[{\"@type\":\"ListItem\",\"position\":1,\"name\":\"Home\",\"item\":\"https:\\\/\\\/www.aics.gov.it\\\/oltremare\\\/\"},{\"@type\":\"ListItem\",\"position\":2,\"name\":\"In Mali al fianco delle coltivatrici di pace\"}]},{\"@type\":\"WebSite\",\"@id\":\"https:\\\/\\\/www.aics.gov.it\\\/oltremare\\\/#website\",\"url\":\"https:\\\/\\\/www.aics.gov.it\\\/oltremare\\\/\",\"name\":\"Oltremare\",\"description\":\"Il Blog della cooperazione\",\"publisher\":{\"@id\":\"https:\\\/\\\/www.aics.gov.it\\\/oltremare\\\/#organization\"},\"potentialAction\":[{\"@type\":\"SearchAction\",\"target\":{\"@type\":\"EntryPoint\",\"urlTemplate\":\"https:\\\/\\\/www.aics.gov.it\\\/oltremare\\\/?s={search_term_string}\"},\"query-input\":{\"@type\":\"PropertyValueSpecification\",\"valueRequired\":true,\"valueName\":\"search_term_string\"}}],\"inLanguage\":\"it-IT\"},{\"@type\":\"Organization\",\"@id\":\"https:\\\/\\\/www.aics.gov.it\\\/oltremare\\\/#organization\",\"name\":\"Agenzia Italiana per la Cooperazione allo Sviluppo\",\"url\":\"https:\\\/\\\/www.aics.gov.it\\\/oltremare\\\/\",\"logo\":{\"@type\":\"ImageObject\",\"inLanguage\":\"it-IT\",\"@id\":\"https:\\\/\\\/www.aics.gov.it\\\/oltremare\\\/#\\\/schema\\\/logo\\\/image\\\/\",\"url\":\"https:\\\/\\\/www.aics.gov.it\\\/oltremare\\\/wp-content\\\/uploads\\\/2018\\\/02\\\/AICS_HEADER_530x130_EC1-e1518178146163.jpg\",\"contentUrl\":\"https:\\\/\\\/www.aics.gov.it\\\/oltremare\\\/wp-content\\\/uploads\\\/2018\\\/02\\\/AICS_HEADER_530x130_EC1-e1518178146163.jpg\",\"width\":300,\"height\":74,\"caption\":\"Agenzia Italiana per la Cooperazione allo Sviluppo\"},\"image\":{\"@id\":\"https:\\\/\\\/www.aics.gov.it\\\/oltremare\\\/#\\\/schema\\\/logo\\\/image\\\/\"},\"sameAs\":[\"https:\\\/\\\/www.facebook.com\\\/Agenzia-Italiana-per-la-Cooperazione-allo-Sviluppo-996004880482735\\\/\",\"https:\\\/\\\/x.com\\\/aics_it\",\"https:\\\/\\\/www.instagram.com\\\/aics_cooperazione_it\\\/\",\"https:\\\/\\\/www.youtube.com\\\/channel\\\/UCbssygnjreKD1Se1mDeCQ5w\"]},{\"@type\":\"Person\",\"@id\":\"https:\\\/\\\/www.aics.gov.it\\\/oltremare\\\/#\\\/schema\\\/person\\\/063c4f74c60040713c4f7cc532521ae1\",\"name\":\"Vincenzo Giardina\",\"image\":{\"@type\":\"ImageObject\",\"inLanguage\":\"it-IT\",\"@id\":\"https:\\\/\\\/secure.gravatar.com\\\/avatar\\\/e368c39b5301ca1e7032008e1f23665d9ca8f9e96c7d4cbde0ab893eb3fd3767?s=96&d=mm&r=g\",\"url\":\"https:\\\/\\\/secure.gravatar.com\\\/avatar\\\/e368c39b5301ca1e7032008e1f23665d9ca8f9e96c7d4cbde0ab893eb3fd3767?s=96&d=mm&r=g\",\"contentUrl\":\"https:\\\/\\\/secure.gravatar.com\\\/avatar\\\/e368c39b5301ca1e7032008e1f23665d9ca8f9e96c7d4cbde0ab893eb3fd3767?s=96&d=mm&r=g\",\"caption\":\"Vincenzo Giardina\"},\"url\":\"https:\\\/\\\/www.aics.gov.it\\\/oltremare\\\/author\\\/vincenzogiardina\\\/\"}]}<\/script>\n<!-- \/ Yoast SEO plugin. -->","yoast_head_json":{"title":"In Mali al fianco delle coltivatrici di pace - Oltremare","robots":{"index":"index","follow":"follow","max-snippet":"max-snippet:-1","max-image-preview":"max-image-preview:large","max-video-preview":"max-video-preview:-1"},"canonical":"https:\/\/www.aics.gov.it\/oltremare\/articoli\/pace\/in-mali-al-fianco-delle-coltivatrici-di-pace\/","og_locale":"it_IT","og_type":"article","og_title":"In Mali al fianco delle coltivatrici di pace - Oltremare","og_description":"Gli interventi di emergenza in aiuto degli sfollati del conflitto. Ma anche un investimento a lungo termine. Che comincia dall\u2019acqua","og_url":"https:\/\/www.aics.gov.it\/oltremare\/articoli\/pace\/in-mali-al-fianco-delle-coltivatrici-di-pace\/","og_site_name":"Oltremare","article_publisher":"https:\/\/www.facebook.com\/Agenzia-Italiana-per-la-Cooperazione-allo-Sviluppo-996004880482735\/","article_published_time":"2020-10-08T09:04:29+00:00","article_modified_time":"2020-10-14T06:11:50+00:00","og_image":[{"width":1134,"height":620,"url":"https:\/\/www.aics.gov.it\/oltremare\/wp-content\/uploads\/2020\/10\/prova-copertina.jpg","type":"image\/jpeg"}],"author":"Vincenzo Giardina","twitter_card":"summary_large_image","twitter_creator":"@aics_it","twitter_site":"@aics_it","twitter_misc":{"Scritto da":"Vincenzo Giardina","Tempo di lettura stimato":"5 minuti"},"schema":{"@context":"https:\/\/schema.org","@graph":[{"@type":"Article","@id":"https:\/\/www.aics.gov.it\/oltremare\/articoli\/pace\/in-mali-al-fianco-delle-coltivatrici-di-pace\/#article","isPartOf":{"@id":"https:\/\/www.aics.gov.it\/oltremare\/articoli\/pace\/in-mali-al-fianco-delle-coltivatrici-di-pace\/"},"author":{"name":"Vincenzo Giardina","@id":"https:\/\/www.aics.gov.it\/oltremare\/#\/schema\/person\/063c4f74c60040713c4f7cc532521ae1"},"headline":"In Mali al fianco delle coltivatrici di pace","datePublished":"2020-10-08T09:04:29+00:00","dateModified":"2020-10-14T06:11:50+00:00","mainEntityOfPage":{"@id":"https:\/\/www.aics.gov.it\/oltremare\/articoli\/pace\/in-mali-al-fianco-delle-coltivatrici-di-pace\/"},"wordCount":1063,"commentCount":0,"publisher":{"@id":"https:\/\/www.aics.gov.it\/oltremare\/#organization"},"image":{"@id":"https:\/\/www.aics.gov.it\/oltremare\/articoli\/pace\/in-mali-al-fianco-delle-coltivatrici-di-pace\/#primaryimage"},"thumbnailUrl":"https:\/\/www.aics.gov.it\/oltremare\/wp-content\/uploads\/2020\/10\/prova-copertina.jpg","keywords":["Acqua","Africa","Agricoltura","Aics","Alban","Bamako","Cisv","Climate change","cooperazione","Coopi","diritti","donne","Engim","Giardina","Mali","Oim","Piermattei","pozzi","Sahel","Topputo","Vincenzo"],"articleSection":["Pace"],"inLanguage":"it-IT","potentialAction":[{"@type":"CommentAction","name":"Comment","target":["https:\/\/www.aics.gov.it\/oltremare\/articoli\/pace\/in-mali-al-fianco-delle-coltivatrici-di-pace\/#respond"]}]},{"@type":"WebPage","@id":"https:\/\/www.aics.gov.it\/oltremare\/articoli\/pace\/in-mali-al-fianco-delle-coltivatrici-di-pace\/","url":"https:\/\/www.aics.gov.it\/oltremare\/articoli\/pace\/in-mali-al-fianco-delle-coltivatrici-di-pace\/","name":"In Mali al fianco delle coltivatrici di pace - Oltremare","isPartOf":{"@id":"https:\/\/www.aics.gov.it\/oltremare\/#website"},"primaryImageOfPage":{"@id":"https:\/\/www.aics.gov.it\/oltremare\/articoli\/pace\/in-mali-al-fianco-delle-coltivatrici-di-pace\/#primaryimage"},"image":{"@id":"https:\/\/www.aics.gov.it\/oltremare\/articoli\/pace\/in-mali-al-fianco-delle-coltivatrici-di-pace\/#primaryimage"},"thumbnailUrl":"https:\/\/www.aics.gov.it\/oltremare\/wp-content\/uploads\/2020\/10\/prova-copertina.jpg","datePublished":"2020-10-08T09:04:29+00:00","dateModified":"2020-10-14T06:11:50+00:00","breadcrumb":{"@id":"https:\/\/www.aics.gov.it\/oltremare\/articoli\/pace\/in-mali-al-fianco-delle-coltivatrici-di-pace\/#breadcrumb"},"inLanguage":"it-IT","potentialAction":[{"@type":"ReadAction","target":["https:\/\/www.aics.gov.it\/oltremare\/articoli\/pace\/in-mali-al-fianco-delle-coltivatrici-di-pace\/"]}]},{"@type":"ImageObject","inLanguage":"it-IT","@id":"https:\/\/www.aics.gov.it\/oltremare\/articoli\/pace\/in-mali-al-fianco-delle-coltivatrici-di-pace\/#primaryimage","url":"https:\/\/www.aics.gov.it\/oltremare\/wp-content\/uploads\/2020\/10\/prova-copertina.jpg","contentUrl":"https:\/\/www.aics.gov.it\/oltremare\/wp-content\/uploads\/2020\/10\/prova-copertina.jpg","width":1134,"height":620},{"@type":"BreadcrumbList","@id":"https:\/\/www.aics.gov.it\/oltremare\/articoli\/pace\/in-mali-al-fianco-delle-coltivatrici-di-pace\/#breadcrumb","itemListElement":[{"@type":"ListItem","position":1,"name":"Home","item":"https:\/\/www.aics.gov.it\/oltremare\/"},{"@type":"ListItem","position":2,"name":"In Mali al fianco delle coltivatrici di pace"}]},{"@type":"WebSite","@id":"https:\/\/www.aics.gov.it\/oltremare\/#website","url":"https:\/\/www.aics.gov.it\/oltremare\/","name":"Oltremare","description":"Il Blog della cooperazione","publisher":{"@id":"https:\/\/www.aics.gov.it\/oltremare\/#organization"},"potentialAction":[{"@type":"SearchAction","target":{"@type":"EntryPoint","urlTemplate":"https:\/\/www.aics.gov.it\/oltremare\/?s={search_term_string}"},"query-input":{"@type":"PropertyValueSpecification","valueRequired":true,"valueName":"search_term_string"}}],"inLanguage":"it-IT"},{"@type":"Organization","@id":"https:\/\/www.aics.gov.it\/oltremare\/#organization","name":"Agenzia Italiana per la Cooperazione allo Sviluppo","url":"https:\/\/www.aics.gov.it\/oltremare\/","logo":{"@type":"ImageObject","inLanguage":"it-IT","@id":"https:\/\/www.aics.gov.it\/oltremare\/#\/schema\/logo\/image\/","url":"https:\/\/www.aics.gov.it\/oltremare\/wp-content\/uploads\/2018\/02\/AICS_HEADER_530x130_EC1-e1518178146163.jpg","contentUrl":"https:\/\/www.aics.gov.it\/oltremare\/wp-content\/uploads\/2018\/02\/AICS_HEADER_530x130_EC1-e1518178146163.jpg","width":300,"height":74,"caption":"Agenzia Italiana per la Cooperazione allo Sviluppo"},"image":{"@id":"https:\/\/www.aics.gov.it\/oltremare\/#\/schema\/logo\/image\/"},"sameAs":["https:\/\/www.facebook.com\/Agenzia-Italiana-per-la-Cooperazione-allo-Sviluppo-996004880482735\/","https:\/\/x.com\/aics_it","https:\/\/www.instagram.com\/aics_cooperazione_it\/","https:\/\/www.youtube.com\/channel\/UCbssygnjreKD1Se1mDeCQ5w"]},{"@type":"Person","@id":"https:\/\/www.aics.gov.it\/oltremare\/#\/schema\/person\/063c4f74c60040713c4f7cc532521ae1","name":"Vincenzo Giardina","image":{"@type":"ImageObject","inLanguage":"it-IT","@id":"https:\/\/secure.gravatar.com\/avatar\/e368c39b5301ca1e7032008e1f23665d9ca8f9e96c7d4cbde0ab893eb3fd3767?s=96&d=mm&r=g","url":"https:\/\/secure.gravatar.com\/avatar\/e368c39b5301ca1e7032008e1f23665d9ca8f9e96c7d4cbde0ab893eb3fd3767?s=96&d=mm&r=g","contentUrl":"https:\/\/secure.gravatar.com\/avatar\/e368c39b5301ca1e7032008e1f23665d9ca8f9e96c7d4cbde0ab893eb3fd3767?s=96&d=mm&r=g","caption":"Vincenzo Giardina"},"url":"https:\/\/www.aics.gov.it\/oltremare\/author\/vincenzogiardina\/"}]}},"_links":{"self":[{"href":"https:\/\/www.aics.gov.it\/oltremare\/wp-json\/wp\/v2\/posts\/11667","targetHints":{"allow":["GET"]}}],"collection":[{"href":"https:\/\/www.aics.gov.it\/oltremare\/wp-json\/wp\/v2\/posts"}],"about":[{"href":"https:\/\/www.aics.gov.it\/oltremare\/wp-json\/wp\/v2\/types\/post"}],"author":[{"embeddable":true,"href":"https:\/\/www.aics.gov.it\/oltremare\/wp-json\/wp\/v2\/users\/5"}],"replies":[{"embeddable":true,"href":"https:\/\/www.aics.gov.it\/oltremare\/wp-json\/wp\/v2\/comments?post=11667"}],"version-history":[{"count":7,"href":"https:\/\/www.aics.gov.it\/oltremare\/wp-json\/wp\/v2\/posts\/11667\/revisions"}],"predecessor-version":[{"id":11843,"href":"https:\/\/www.aics.gov.it\/oltremare\/wp-json\/wp\/v2\/posts\/11667\/revisions\/11843"}],"wp:featuredmedia":[{"embeddable":true,"href":"https:\/\/www.aics.gov.it\/oltremare\/wp-json\/wp\/v2\/media\/11809"}],"wp:attachment":[{"href":"https:\/\/www.aics.gov.it\/oltremare\/wp-json\/wp\/v2\/media?parent=11667"}],"wp:term":[{"taxonomy":"category","embeddable":true,"href":"https:\/\/www.aics.gov.it\/oltremare\/wp-json\/wp\/v2\/categories?post=11667"},{"taxonomy":"post_tag","embeddable":true,"href":"https:\/\/www.aics.gov.it\/oltremare\/wp-json\/wp\/v2\/tags?post=11667"}],"curies":[{"name":"wp","href":"https:\/\/api.w.org\/{rel}","templated":true}]}}