{"id":12781,"date":"2021-03-04T14:29:13","date_gmt":"2021-03-04T13:29:13","guid":{"rendered":"https:\/\/www.aics.gov.it\/oltremare\/?p=12781"},"modified":"2021-03-04T17:01:23","modified_gmt":"2021-03-04T16:01:23","slug":"in-sudan-la-pandemia-non-ferma-vaccinazioni-infantili-e-lotta-alla-malnutrizione","status":"publish","type":"post","link":"https:\/\/www.aics.gov.it\/oltremare\/rubriche\/storie-di-cooperazione\/in-sudan-la-pandemia-non-ferma-vaccinazioni-infantili-e-lotta-alla-malnutrizione\/","title":{"rendered":"In Sudan la pandemia non ferma vaccinazioni infantili e lotta alla malnutrizione"},"content":{"rendered":"<p>Intervista a Dottoressa Fatima, coordinatrice delle attivit\u00e0 sanitarie della ong Ovci La Nostra Famiglia nel Centro di salute di Dar es Salam<!--more--><\/p>\n<p>\u201cLo scorso marzo quel che abbiamo temuto \u00e8 successo: anche in Sudan \u00e8 arrivato il nuovo coronavirus. La vita delle persone pi\u00f9 povere \u00e8 sicuramente cambiata, ma forse non tanto per la paura del Covid-19 o dell\u2019infezione, quanto per l\u2019impossibilit\u00e0 di accedere ai servizi sanitari di base che gi\u00e0 prima erano scarsi e ora sono quasi del tutto inaccessibili\u201d.<\/p>\n<div id=\"attachment_12787\" style=\"width: 1090px\" class=\"wp-caption alignleft\"><img loading=\"lazy\" decoding=\"async\" aria-describedby=\"caption-attachment-12787\" class=\"wp-image-12787 size-full\" src=\"https:\/\/www.aics.gov.it\/oltremare\/wp-content\/uploads\/2021\/03\/COVID-DES-24.jpeg\" alt=\"\" width=\"1080\" height=\"810\" srcset=\"https:\/\/www.aics.gov.it\/oltremare\/wp-content\/uploads\/2021\/03\/COVID-DES-24.jpeg 1080w, https:\/\/www.aics.gov.it\/oltremare\/wp-content\/uploads\/2021\/03\/COVID-DES-24-600x450.jpeg 600w, https:\/\/www.aics.gov.it\/oltremare\/wp-content\/uploads\/2021\/03\/COVID-DES-24-1024x768.jpeg 1024w, https:\/\/www.aics.gov.it\/oltremare\/wp-content\/uploads\/2021\/03\/COVID-DES-24-768x576.jpeg 768w\" sizes=\"auto, (max-width: 1080px) 100vw, 1080px\" \/><p id=\"caption-attachment-12787\" class=\"wp-caption-text\">\u00a9Aics Khartoum<\/p><\/div>\n<p>Gli occhi della Dottoressa Fatima, coordinatrice delle attivit\u00e0 sanitarie della ong Ovci La Nostra Famiglia, nonostante le difficolt\u00e0 di questo periodo, riescono comunque a trasmettere l&#8217;energia di chi ce la mette tutta per mantenere aperto il Centro di Salute primaria dell&#8217;organizzazione aa Dar El Salam, in Sudan.<\/p>\n<p>\u00c8 stata la dottoressa che, ai primi segnali della pandemia, ha attivato presso il Centro un rigido protocollo di protezione per i lavoratori ed i pazienti introducendo stanze di attesa separate per coloro che mostravano sintomi respiratori, la misurazione della temperatura a pazienti e lavoratori e l\u2019obbligo per tutti di lavarsi frequentemente le mani, indossare la mascherina e attendere il proprio turno rispettando le distanze.<br \/>\n\u201cAll\u2019inizio non \u00e8 stato facile neppure per i lavoratori del Centro che dovrebbero essere pi\u00f9 informati sui rischi del virus \u2013 ricorda la dottoressa -. Chiedere ai sudanesi di non abbracciarsi e stringersi la mano quando si vedono o di stare lontani almeno un metro gli uni dagli altri durante il proprio turno \u00e8 una richiesta culturalmente rivoluzionaria. Noi riusciamo a farla rispettare grazie anche al coinvolgimento della nostra preziosa Nimat: la responsabile dell&#8217;Unit\u00e0 Hiv, che da quando \u00e8 iniziata la crisi sanitaria si dedica alla sensibilizzazione e controlla che le buone pratiche di prevenzione siano rispettate scrupolosamente. Abbiamo anche stampato dei foglietti illustrativi molto semplici nella speranza che le pazienti del Centro le portino a casa e le applichino anche l\u00ec\u201d conclude Fatima.<\/p>\n<div id=\"attachment_12788\" style=\"width: 2570px\" class=\"wp-caption alignleft\"><img loading=\"lazy\" decoding=\"async\" aria-describedby=\"caption-attachment-12788\" class=\"size-full wp-image-12788\" src=\"https:\/\/www.aics.gov.it\/oltremare\/wp-content\/uploads\/2021\/03\/DES-COVID-8-JPG-scaled.jpg\" alt=\"\" width=\"2560\" height=\"1920\" srcset=\"https:\/\/www.aics.gov.it\/oltremare\/wp-content\/uploads\/2021\/03\/DES-COVID-8-JPG-scaled.jpg 2560w, https:\/\/www.aics.gov.it\/oltremare\/wp-content\/uploads\/2021\/03\/DES-COVID-8-JPG-600x450.jpg 600w, https:\/\/www.aics.gov.it\/oltremare\/wp-content\/uploads\/2021\/03\/DES-COVID-8-JPG-1024x768.jpg 1024w, https:\/\/www.aics.gov.it\/oltremare\/wp-content\/uploads\/2021\/03\/DES-COVID-8-JPG-768x576.jpg 768w, https:\/\/www.aics.gov.it\/oltremare\/wp-content\/uploads\/2021\/03\/DES-COVID-8-JPG-1536x1152.jpg 1536w\" sizes=\"auto, (max-width: 2560px) 100vw, 2560px\" \/><p id=\"caption-attachment-12788\" class=\"wp-caption-text\">\u00a9Aics Khartoum<\/p><\/div>\n<p>Al momento il Centro \u00e8 l\u2019unico funzionante per le vaccinazioni infantili in un\u2019area di oltre 800.000 persone. L\u2019ospedale di Umbedda, primo centro di riferimento per la malnutrizione, cos\u00ec come altri centri sanitari, sono stati indirizzati alla risposta al Covid-19, cosa che sta mettendo a dura prova l\u2019intera tenuta del sistema sanitario nazionale. \u201cNel corso delle ultime settimane abbiamo registrato un incremento fino al 2 per cento nel numero dei pazienti che fanno riferimento al servizio per le vaccinazioni infantili e per la cura della malnutrizione\u201d dice la dottoressa. \u201cLe nostre ostetriche e la nutrizionista stanno facendo un meraviglioso lavoro nel continuare le visite e nel sensibilizzare le mamme sui rischi del nuovo coronavirus. Proprio l\u2019accesso al cibo \u00e8 un aspetto di questa pandemia che mi preoccupa molto \u2013 prosegue &#8211; ogni mese riusciamo ad assistere un centinaio di bambini malnutriti. Di questi oltre un terzo presenta disabilit\u00e0 legate alla situazione di malnutrizione. Vengono distribuiti latte in polvere, integratori alimentari altamente proteici, ma soprattutto vengono formate le mamme sui principi di una corretta nutrizione. Le mamme capiscono, si interessano della salute dei propri figli, ma la buona volont\u00e0 si scontra con il costo della vita: un chilo di fave, che sono l\u2019alimentazione base per i sudanesi, si aggira intorno alle 500 sterline sudanesi: un\u2019enormit\u00e0 se si pensa che molte persone qui guadagnano meno di 2,000 sterline sudanesi ogni mese. La chiusura di molte attivit\u00e0 lavorative, soprattutto informali, e l\u2019assenza di qualsiasi forma di protezione sociale, ha ulteriormente compromesso le entrate economiche di queste famiglie e questo ricade inevitabilmente sul budget disponibile per il cibo quotidiano\u201d.<\/p>\n<div id=\"attachment_12785\" style=\"width: 610px\" class=\"wp-caption aligncenter\"><img loading=\"lazy\" decoding=\"async\" aria-describedby=\"caption-attachment-12785\" class=\"wp-image-12785 size-medium\" src=\"https:\/\/www.aics.gov.it\/oltremare\/wp-content\/uploads\/2021\/03\/Mappa-di-Dar-es-Salam-600x290.png\" alt=\"\" width=\"600\" height=\"290\" srcset=\"https:\/\/www.aics.gov.it\/oltremare\/wp-content\/uploads\/2021\/03\/Mappa-di-Dar-es-Salam-600x290.png 600w, https:\/\/www.aics.gov.it\/oltremare\/wp-content\/uploads\/2021\/03\/Mappa-di-Dar-es-Salam-1024x495.png 1024w, https:\/\/www.aics.gov.it\/oltremare\/wp-content\/uploads\/2021\/03\/Mappa-di-Dar-es-Salam-768x371.png 768w, https:\/\/www.aics.gov.it\/oltremare\/wp-content\/uploads\/2021\/03\/Mappa-di-Dar-es-Salam-1536x742.png 1536w, https:\/\/www.aics.gov.it\/oltremare\/wp-content\/uploads\/2021\/03\/Mappa-di-Dar-es-Salam.png 1569w\" sizes=\"auto, (max-width: 600px) 100vw, 600px\" \/><p id=\"caption-attachment-12785\" class=\"wp-caption-text\"><em>Mappa di Dar es Salam<\/em><\/p><\/div>\n<p>Fatima evidenzia che a fare le spese di queste condizioni \u201csono spesso i pi\u00f9 piccoli che mangiano poco e male. Proprio la povert\u00e0 economica delle famiglie \u00e8 la pi\u00f9 grande sfida alle misure governative di contrasto al Covid-19. Un\u2019 alta cosa che mi preoccupa \u2013 aggunge la dottoressa &#8211; \u00e8 la prossima stagione delle piogge che di solito coincide con un acuirsi di casi di malaria e di dissenteria acuta. Queste problematiche endemiche in Sudan uniti all\u2019emergenza del Covid-19 sono potenzialmente un mix esplosivo\u201d. F<br \/>\nFatima conclude la sua intervista affermando che \u201cI Sudanesi sanno trovare energia e speranza inaspettate nelle avversit\u00e0 e sono sicura che riusciremo a superare anche queste e ne usciremo ancora pi\u00f9 forti, Inshallah!\u201d.<\/p>\n<p>&nbsp;<\/p>\n<div style=\"border: 2px solid black; padding: 20px;\">[Scheda progetto]<br \/>\nl progetto \u201cDisabilit\u00e0 e Sviluppo\u201d, finanziato da Aics e realizzato dall&#8217;ong Ovci La Nostra Famiglia, si propone di contribuire allo sviluppo del sistema di welfare in Sudan attraverso un approccio globale verso la disabilit\u00e0. Partendo dall\u2019assunto che la condizione di disabilit\u00e0 si associa a povert\u00e0, esclusione, discriminazione, con pesanti ripercussioni sociali ed economiche, il progetto viene implementato in ottica multi- settoriale seguendo i cinque assi che compongono la matrice della Riabilitazione su Base Comunitaria: Salute, Educazione, Sostentamento, Sociale, Empowerment. L\u2019azione ha come target specifico le popolazioni di Omdurman e Dar El Salam, alcune delle zone meno servite di Khartoum State. Qui le Persone con sisabilit\u00e0 fronteggiano una quotidiana esclusione dai servizi di base e dalla vita comunitaria. E\u2019 proprio con l\u2019intento di favorirne l\u2019inclusione sociale e garantire al tempo stesso un sostentamento, che nasce anche l\u2019attivit\u00e0 di microcredito implementata all\u2019interno del quadro progettuale Des.<\/div>\n<div><\/div>\n<p>&nbsp;<\/p>\n","protected":false},"excerpt":{"rendered":"<p>Intervista a Dottoressa Fatima, coordinatrice delle attivit\u00e0 sanitarie della ong Ovci La Nostra Famiglia nel Centro di salute di Dar es Salam<\/p>\n","protected":false},"author":1,"featured_media":12786,"comment_status":"open","ping_status":"open","sticky":false,"template":"","format":"standard","meta":{"footnotes":""},"categories":[143],"tags":[241,279,720,268,718,291,719],"class_list":["post-12781","post","type-post","status-publish","format-standard","has-post-thumbnail","hentry","category-storie-di-cooperazione","tag-aics","tag-covid-19","tag-malnutrizione","tag-oltremare","tag-ovci","tag-sudan","tag-vaccino"],"yoast_head":"<!-- This site is optimized with the Yoast SEO plugin v27.5 - https:\/\/yoast.com\/product\/yoast-seo-wordpress\/ -->\n<title>In Sudan la pandemia non ferma vaccinazioni infantili e lotta alla malnutrizione - Oltremare<\/title>\n<meta name=\"robots\" content=\"index, follow, max-snippet:-1, max-image-preview:large, max-video-preview:-1\" \/>\n<link rel=\"canonical\" href=\"https:\/\/www.aics.gov.it\/oltremare\/rubriche\/storie-di-cooperazione\/in-sudan-la-pandemia-non-ferma-vaccinazioni-infantili-e-lotta-alla-malnutrizione\/\" \/>\n<meta property=\"og:locale\" content=\"it_IT\" \/>\n<meta property=\"og:type\" content=\"article\" \/>\n<meta property=\"og:title\" content=\"In Sudan la pandemia non ferma vaccinazioni infantili e lotta alla malnutrizione - Oltremare\" \/>\n<meta property=\"og:description\" content=\"Intervista a Dottoressa Fatima, coordinatrice delle attivit\u00e0 sanitarie della ong Ovci La Nostra Famiglia nel Centro di salute di Dar es Salam\" \/>\n<meta property=\"og:url\" content=\"https:\/\/www.aics.gov.it\/oltremare\/rubriche\/storie-di-cooperazione\/in-sudan-la-pandemia-non-ferma-vaccinazioni-infantili-e-lotta-alla-malnutrizione\/\" \/>\n<meta property=\"og:site_name\" content=\"Oltremare\" \/>\n<meta property=\"article:publisher\" content=\"https:\/\/www.facebook.com\/Agenzia-Italiana-per-la-Cooperazione-allo-Sviluppo-996004880482735\/\" \/>\n<meta property=\"article:published_time\" content=\"2021-03-04T13:29:13+00:00\" \/>\n<meta property=\"article:modified_time\" content=\"2021-03-04T16:01:23+00:00\" \/>\n<meta property=\"og:image\" content=\"https:\/\/www.aics.gov.it\/oltremare\/wp-content\/uploads\/2021\/03\/DES-COVID-14-scaled.jpg\" \/>\n\t<meta property=\"og:image:width\" content=\"2560\" \/>\n\t<meta property=\"og:image:height\" content=\"1920\" \/>\n\t<meta property=\"og:image:type\" content=\"image\/jpeg\" \/>\n<meta name=\"author\" content=\"Oltremare\" \/>\n<meta name=\"twitter:card\" content=\"summary_large_image\" \/>\n<meta name=\"twitter:creator\" content=\"@aics_it\" \/>\n<meta name=\"twitter:site\" content=\"@aics_it\" \/>\n<meta name=\"twitter:label1\" content=\"Scritto da\" \/>\n\t<meta name=\"twitter:data1\" content=\"Silvia Bonanomi, Rappresentante Paese di Ovci in Sudan.\" \/>\n\t<meta name=\"twitter:label2\" content=\"Tempo di lettura stimato\" \/>\n\t<meta name=\"twitter:data2\" content=\"5 minuti\" \/>\n<script type=\"application\/ld+json\" class=\"yoast-schema-graph\">{\"@context\":\"https:\\\/\\\/schema.org\",\"@graph\":[{\"@type\":\"Article\",\"@id\":\"https:\\\/\\\/www.aics.gov.it\\\/oltremare\\\/rubriche\\\/storie-di-cooperazione\\\/in-sudan-la-pandemia-non-ferma-vaccinazioni-infantili-e-lotta-alla-malnutrizione\\\/#article\",\"isPartOf\":{\"@id\":\"https:\\\/\\\/www.aics.gov.it\\\/oltremare\\\/rubriche\\\/storie-di-cooperazione\\\/in-sudan-la-pandemia-non-ferma-vaccinazioni-infantili-e-lotta-alla-malnutrizione\\\/\"},\"author\":{\"name\":\"Oltremare\",\"@id\":\"https:\\\/\\\/www.aics.gov.it\\\/oltremare\\\/#\\\/schema\\\/person\\\/839e251090f440ea6a1f960a5050e424\"},\"headline\":\"In Sudan la pandemia non ferma vaccinazioni infantili e lotta alla malnutrizione\",\"datePublished\":\"2021-03-04T13:29:13+00:00\",\"dateModified\":\"2021-03-04T16:01:23+00:00\",\"mainEntityOfPage\":{\"@id\":\"https:\\\/\\\/www.aics.gov.it\\\/oltremare\\\/rubriche\\\/storie-di-cooperazione\\\/in-sudan-la-pandemia-non-ferma-vaccinazioni-infantili-e-lotta-alla-malnutrizione\\\/\"},\"wordCount\":894,\"commentCount\":0,\"publisher\":{\"@id\":\"https:\\\/\\\/www.aics.gov.it\\\/oltremare\\\/#organization\"},\"image\":{\"@id\":\"https:\\\/\\\/www.aics.gov.it\\\/oltremare\\\/rubriche\\\/storie-di-cooperazione\\\/in-sudan-la-pandemia-non-ferma-vaccinazioni-infantili-e-lotta-alla-malnutrizione\\\/#primaryimage\"},\"thumbnailUrl\":\"https:\\\/\\\/www.aics.gov.it\\\/oltremare\\\/wp-content\\\/uploads\\\/2021\\\/03\\\/DES-COVID-14-scaled.jpg\",\"keywords\":[\"Aics\",\"Covid-19\",\"malnutrizione\",\"Oltremare\",\"Ovci\",\"Sudan\",\"Vaccino\"],\"articleSection\":[\"Storie di cooperazione\"],\"inLanguage\":\"it-IT\",\"potentialAction\":[{\"@type\":\"CommentAction\",\"name\":\"Comment\",\"target\":[\"https:\\\/\\\/www.aics.gov.it\\\/oltremare\\\/rubriche\\\/storie-di-cooperazione\\\/in-sudan-la-pandemia-non-ferma-vaccinazioni-infantili-e-lotta-alla-malnutrizione\\\/#respond\"]}]},{\"@type\":\"WebPage\",\"@id\":\"https:\\\/\\\/www.aics.gov.it\\\/oltremare\\\/rubriche\\\/storie-di-cooperazione\\\/in-sudan-la-pandemia-non-ferma-vaccinazioni-infantili-e-lotta-alla-malnutrizione\\\/\",\"url\":\"https:\\\/\\\/www.aics.gov.it\\\/oltremare\\\/rubriche\\\/storie-di-cooperazione\\\/in-sudan-la-pandemia-non-ferma-vaccinazioni-infantili-e-lotta-alla-malnutrizione\\\/\",\"name\":\"In Sudan la pandemia non ferma vaccinazioni infantili e lotta alla malnutrizione - Oltremare\",\"isPartOf\":{\"@id\":\"https:\\\/\\\/www.aics.gov.it\\\/oltremare\\\/#website\"},\"primaryImageOfPage\":{\"@id\":\"https:\\\/\\\/www.aics.gov.it\\\/oltremare\\\/rubriche\\\/storie-di-cooperazione\\\/in-sudan-la-pandemia-non-ferma-vaccinazioni-infantili-e-lotta-alla-malnutrizione\\\/#primaryimage\"},\"image\":{\"@id\":\"https:\\\/\\\/www.aics.gov.it\\\/oltremare\\\/rubriche\\\/storie-di-cooperazione\\\/in-sudan-la-pandemia-non-ferma-vaccinazioni-infantili-e-lotta-alla-malnutrizione\\\/#primaryimage\"},\"thumbnailUrl\":\"https:\\\/\\\/www.aics.gov.it\\\/oltremare\\\/wp-content\\\/uploads\\\/2021\\\/03\\\/DES-COVID-14-scaled.jpg\",\"datePublished\":\"2021-03-04T13:29:13+00:00\",\"dateModified\":\"2021-03-04T16:01:23+00:00\",\"breadcrumb\":{\"@id\":\"https:\\\/\\\/www.aics.gov.it\\\/oltremare\\\/rubriche\\\/storie-di-cooperazione\\\/in-sudan-la-pandemia-non-ferma-vaccinazioni-infantili-e-lotta-alla-malnutrizione\\\/#breadcrumb\"},\"inLanguage\":\"it-IT\",\"potentialAction\":[{\"@type\":\"ReadAction\",\"target\":[\"https:\\\/\\\/www.aics.gov.it\\\/oltremare\\\/rubriche\\\/storie-di-cooperazione\\\/in-sudan-la-pandemia-non-ferma-vaccinazioni-infantili-e-lotta-alla-malnutrizione\\\/\"]}]},{\"@type\":\"ImageObject\",\"inLanguage\":\"it-IT\",\"@id\":\"https:\\\/\\\/www.aics.gov.it\\\/oltremare\\\/rubriche\\\/storie-di-cooperazione\\\/in-sudan-la-pandemia-non-ferma-vaccinazioni-infantili-e-lotta-alla-malnutrizione\\\/#primaryimage\",\"url\":\"https:\\\/\\\/www.aics.gov.it\\\/oltremare\\\/wp-content\\\/uploads\\\/2021\\\/03\\\/DES-COVID-14-scaled.jpg\",\"contentUrl\":\"https:\\\/\\\/www.aics.gov.it\\\/oltremare\\\/wp-content\\\/uploads\\\/2021\\\/03\\\/DES-COVID-14-scaled.jpg\",\"width\":2560,\"height\":1920},{\"@type\":\"BreadcrumbList\",\"@id\":\"https:\\\/\\\/www.aics.gov.it\\\/oltremare\\\/rubriche\\\/storie-di-cooperazione\\\/in-sudan-la-pandemia-non-ferma-vaccinazioni-infantili-e-lotta-alla-malnutrizione\\\/#breadcrumb\",\"itemListElement\":[{\"@type\":\"ListItem\",\"position\":1,\"name\":\"Home\",\"item\":\"https:\\\/\\\/www.aics.gov.it\\\/oltremare\\\/\"},{\"@type\":\"ListItem\",\"position\":2,\"name\":\"In Sudan la pandemia non ferma vaccinazioni infantili e lotta alla malnutrizione\"}]},{\"@type\":\"WebSite\",\"@id\":\"https:\\\/\\\/www.aics.gov.it\\\/oltremare\\\/#website\",\"url\":\"https:\\\/\\\/www.aics.gov.it\\\/oltremare\\\/\",\"name\":\"Oltremare\",\"description\":\"Il Blog della cooperazione\",\"publisher\":{\"@id\":\"https:\\\/\\\/www.aics.gov.it\\\/oltremare\\\/#organization\"},\"potentialAction\":[{\"@type\":\"SearchAction\",\"target\":{\"@type\":\"EntryPoint\",\"urlTemplate\":\"https:\\\/\\\/www.aics.gov.it\\\/oltremare\\\/?s={search_term_string}\"},\"query-input\":{\"@type\":\"PropertyValueSpecification\",\"valueRequired\":true,\"valueName\":\"search_term_string\"}}],\"inLanguage\":\"it-IT\"},{\"@type\":\"Organization\",\"@id\":\"https:\\\/\\\/www.aics.gov.it\\\/oltremare\\\/#organization\",\"name\":\"Agenzia Italiana per la Cooperazione allo Sviluppo\",\"url\":\"https:\\\/\\\/www.aics.gov.it\\\/oltremare\\\/\",\"logo\":{\"@type\":\"ImageObject\",\"inLanguage\":\"it-IT\",\"@id\":\"https:\\\/\\\/www.aics.gov.it\\\/oltremare\\\/#\\\/schema\\\/logo\\\/image\\\/\",\"url\":\"https:\\\/\\\/www.aics.gov.it\\\/oltremare\\\/wp-content\\\/uploads\\\/2018\\\/02\\\/AICS_HEADER_530x130_EC1-e1518178146163.jpg\",\"contentUrl\":\"https:\\\/\\\/www.aics.gov.it\\\/oltremare\\\/wp-content\\\/uploads\\\/2018\\\/02\\\/AICS_HEADER_530x130_EC1-e1518178146163.jpg\",\"width\":300,\"height\":74,\"caption\":\"Agenzia Italiana per la Cooperazione allo Sviluppo\"},\"image\":{\"@id\":\"https:\\\/\\\/www.aics.gov.it\\\/oltremare\\\/#\\\/schema\\\/logo\\\/image\\\/\"},\"sameAs\":[\"https:\\\/\\\/www.facebook.com\\\/Agenzia-Italiana-per-la-Cooperazione-allo-Sviluppo-996004880482735\\\/\",\"https:\\\/\\\/x.com\\\/aics_it\",\"https:\\\/\\\/www.instagram.com\\\/aics_cooperazione_it\\\/\",\"https:\\\/\\\/www.youtube.com\\\/channel\\\/UCbssygnjreKD1Se1mDeCQ5w\"]},{\"@type\":\"Person\",\"@id\":\"https:\\\/\\\/www.aics.gov.it\\\/oltremare\\\/#\\\/schema\\\/person\\\/839e251090f440ea6a1f960a5050e424\",\"name\":\"Oltremare\",\"image\":{\"@type\":\"ImageObject\",\"inLanguage\":\"it-IT\",\"@id\":\"https:\\\/\\\/secure.gravatar.com\\\/avatar\\\/5bdd54efc610ff3db8c53755c1599daf68165eb144e678103c1ac46fb81fe6a0?s=96&d=mm&r=g\",\"url\":\"https:\\\/\\\/secure.gravatar.com\\\/avatar\\\/5bdd54efc610ff3db8c53755c1599daf68165eb144e678103c1ac46fb81fe6a0?s=96&d=mm&r=g\",\"contentUrl\":\"https:\\\/\\\/secure.gravatar.com\\\/avatar\\\/5bdd54efc610ff3db8c53755c1599daf68165eb144e678103c1ac46fb81fe6a0?s=96&d=mm&r=g\",\"caption\":\"Oltremare\"},\"url\":\"\"}]}<\/script>\n<!-- \/ Yoast SEO plugin. -->","yoast_head_json":{"title":"In Sudan la pandemia non ferma vaccinazioni infantili e lotta alla malnutrizione - Oltremare","robots":{"index":"index","follow":"follow","max-snippet":"max-snippet:-1","max-image-preview":"max-image-preview:large","max-video-preview":"max-video-preview:-1"},"canonical":"https:\/\/www.aics.gov.it\/oltremare\/rubriche\/storie-di-cooperazione\/in-sudan-la-pandemia-non-ferma-vaccinazioni-infantili-e-lotta-alla-malnutrizione\/","og_locale":"it_IT","og_type":"article","og_title":"In Sudan la pandemia non ferma vaccinazioni infantili e lotta alla malnutrizione - Oltremare","og_description":"Intervista a Dottoressa Fatima, coordinatrice delle attivit\u00e0 sanitarie della ong Ovci La Nostra Famiglia nel Centro di salute di Dar es Salam","og_url":"https:\/\/www.aics.gov.it\/oltremare\/rubriche\/storie-di-cooperazione\/in-sudan-la-pandemia-non-ferma-vaccinazioni-infantili-e-lotta-alla-malnutrizione\/","og_site_name":"Oltremare","article_publisher":"https:\/\/www.facebook.com\/Agenzia-Italiana-per-la-Cooperazione-allo-Sviluppo-996004880482735\/","article_published_time":"2021-03-04T13:29:13+00:00","article_modified_time":"2021-03-04T16:01:23+00:00","og_image":[{"width":2560,"height":1920,"url":"https:\/\/www.aics.gov.it\/oltremare\/wp-content\/uploads\/2021\/03\/DES-COVID-14-scaled.jpg","type":"image\/jpeg"}],"author":"Oltremare","twitter_card":"summary_large_image","twitter_creator":"@aics_it","twitter_site":"@aics_it","twitter_misc":{"Scritto da":"Silvia Bonanomi, Rappresentante Paese di Ovci in Sudan.","Tempo di lettura stimato":"5 minuti"},"schema":{"@context":"https:\/\/schema.org","@graph":[{"@type":"Article","@id":"https:\/\/www.aics.gov.it\/oltremare\/rubriche\/storie-di-cooperazione\/in-sudan-la-pandemia-non-ferma-vaccinazioni-infantili-e-lotta-alla-malnutrizione\/#article","isPartOf":{"@id":"https:\/\/www.aics.gov.it\/oltremare\/rubriche\/storie-di-cooperazione\/in-sudan-la-pandemia-non-ferma-vaccinazioni-infantili-e-lotta-alla-malnutrizione\/"},"author":{"name":"Oltremare","@id":"https:\/\/www.aics.gov.it\/oltremare\/#\/schema\/person\/839e251090f440ea6a1f960a5050e424"},"headline":"In Sudan la pandemia non ferma vaccinazioni infantili e lotta alla malnutrizione","datePublished":"2021-03-04T13:29:13+00:00","dateModified":"2021-03-04T16:01:23+00:00","mainEntityOfPage":{"@id":"https:\/\/www.aics.gov.it\/oltremare\/rubriche\/storie-di-cooperazione\/in-sudan-la-pandemia-non-ferma-vaccinazioni-infantili-e-lotta-alla-malnutrizione\/"},"wordCount":894,"commentCount":0,"publisher":{"@id":"https:\/\/www.aics.gov.it\/oltremare\/#organization"},"image":{"@id":"https:\/\/www.aics.gov.it\/oltremare\/rubriche\/storie-di-cooperazione\/in-sudan-la-pandemia-non-ferma-vaccinazioni-infantili-e-lotta-alla-malnutrizione\/#primaryimage"},"thumbnailUrl":"https:\/\/www.aics.gov.it\/oltremare\/wp-content\/uploads\/2021\/03\/DES-COVID-14-scaled.jpg","keywords":["Aics","Covid-19","malnutrizione","Oltremare","Ovci","Sudan","Vaccino"],"articleSection":["Storie di cooperazione"],"inLanguage":"it-IT","potentialAction":[{"@type":"CommentAction","name":"Comment","target":["https:\/\/www.aics.gov.it\/oltremare\/rubriche\/storie-di-cooperazione\/in-sudan-la-pandemia-non-ferma-vaccinazioni-infantili-e-lotta-alla-malnutrizione\/#respond"]}]},{"@type":"WebPage","@id":"https:\/\/www.aics.gov.it\/oltremare\/rubriche\/storie-di-cooperazione\/in-sudan-la-pandemia-non-ferma-vaccinazioni-infantili-e-lotta-alla-malnutrizione\/","url":"https:\/\/www.aics.gov.it\/oltremare\/rubriche\/storie-di-cooperazione\/in-sudan-la-pandemia-non-ferma-vaccinazioni-infantili-e-lotta-alla-malnutrizione\/","name":"In Sudan la pandemia non ferma vaccinazioni infantili e lotta alla malnutrizione - Oltremare","isPartOf":{"@id":"https:\/\/www.aics.gov.it\/oltremare\/#website"},"primaryImageOfPage":{"@id":"https:\/\/www.aics.gov.it\/oltremare\/rubriche\/storie-di-cooperazione\/in-sudan-la-pandemia-non-ferma-vaccinazioni-infantili-e-lotta-alla-malnutrizione\/#primaryimage"},"image":{"@id":"https:\/\/www.aics.gov.it\/oltremare\/rubriche\/storie-di-cooperazione\/in-sudan-la-pandemia-non-ferma-vaccinazioni-infantili-e-lotta-alla-malnutrizione\/#primaryimage"},"thumbnailUrl":"https:\/\/www.aics.gov.it\/oltremare\/wp-content\/uploads\/2021\/03\/DES-COVID-14-scaled.jpg","datePublished":"2021-03-04T13:29:13+00:00","dateModified":"2021-03-04T16:01:23+00:00","breadcrumb":{"@id":"https:\/\/www.aics.gov.it\/oltremare\/rubriche\/storie-di-cooperazione\/in-sudan-la-pandemia-non-ferma-vaccinazioni-infantili-e-lotta-alla-malnutrizione\/#breadcrumb"},"inLanguage":"it-IT","potentialAction":[{"@type":"ReadAction","target":["https:\/\/www.aics.gov.it\/oltremare\/rubriche\/storie-di-cooperazione\/in-sudan-la-pandemia-non-ferma-vaccinazioni-infantili-e-lotta-alla-malnutrizione\/"]}]},{"@type":"ImageObject","inLanguage":"it-IT","@id":"https:\/\/www.aics.gov.it\/oltremare\/rubriche\/storie-di-cooperazione\/in-sudan-la-pandemia-non-ferma-vaccinazioni-infantili-e-lotta-alla-malnutrizione\/#primaryimage","url":"https:\/\/www.aics.gov.it\/oltremare\/wp-content\/uploads\/2021\/03\/DES-COVID-14-scaled.jpg","contentUrl":"https:\/\/www.aics.gov.it\/oltremare\/wp-content\/uploads\/2021\/03\/DES-COVID-14-scaled.jpg","width":2560,"height":1920},{"@type":"BreadcrumbList","@id":"https:\/\/www.aics.gov.it\/oltremare\/rubriche\/storie-di-cooperazione\/in-sudan-la-pandemia-non-ferma-vaccinazioni-infantili-e-lotta-alla-malnutrizione\/#breadcrumb","itemListElement":[{"@type":"ListItem","position":1,"name":"Home","item":"https:\/\/www.aics.gov.it\/oltremare\/"},{"@type":"ListItem","position":2,"name":"In Sudan la pandemia non ferma vaccinazioni infantili e lotta alla malnutrizione"}]},{"@type":"WebSite","@id":"https:\/\/www.aics.gov.it\/oltremare\/#website","url":"https:\/\/www.aics.gov.it\/oltremare\/","name":"Oltremare","description":"Il Blog della cooperazione","publisher":{"@id":"https:\/\/www.aics.gov.it\/oltremare\/#organization"},"potentialAction":[{"@type":"SearchAction","target":{"@type":"EntryPoint","urlTemplate":"https:\/\/www.aics.gov.it\/oltremare\/?s={search_term_string}"},"query-input":{"@type":"PropertyValueSpecification","valueRequired":true,"valueName":"search_term_string"}}],"inLanguage":"it-IT"},{"@type":"Organization","@id":"https:\/\/www.aics.gov.it\/oltremare\/#organization","name":"Agenzia Italiana per la Cooperazione allo Sviluppo","url":"https:\/\/www.aics.gov.it\/oltremare\/","logo":{"@type":"ImageObject","inLanguage":"it-IT","@id":"https:\/\/www.aics.gov.it\/oltremare\/#\/schema\/logo\/image\/","url":"https:\/\/www.aics.gov.it\/oltremare\/wp-content\/uploads\/2018\/02\/AICS_HEADER_530x130_EC1-e1518178146163.jpg","contentUrl":"https:\/\/www.aics.gov.it\/oltremare\/wp-content\/uploads\/2018\/02\/AICS_HEADER_530x130_EC1-e1518178146163.jpg","width":300,"height":74,"caption":"Agenzia Italiana per la Cooperazione allo Sviluppo"},"image":{"@id":"https:\/\/www.aics.gov.it\/oltremare\/#\/schema\/logo\/image\/"},"sameAs":["https:\/\/www.facebook.com\/Agenzia-Italiana-per-la-Cooperazione-allo-Sviluppo-996004880482735\/","https:\/\/x.com\/aics_it","https:\/\/www.instagram.com\/aics_cooperazione_it\/","https:\/\/www.youtube.com\/channel\/UCbssygnjreKD1Se1mDeCQ5w"]},{"@type":"Person","@id":"https:\/\/www.aics.gov.it\/oltremare\/#\/schema\/person\/839e251090f440ea6a1f960a5050e424","name":"Oltremare","image":{"@type":"ImageObject","inLanguage":"it-IT","@id":"https:\/\/secure.gravatar.com\/avatar\/5bdd54efc610ff3db8c53755c1599daf68165eb144e678103c1ac46fb81fe6a0?s=96&d=mm&r=g","url":"https:\/\/secure.gravatar.com\/avatar\/5bdd54efc610ff3db8c53755c1599daf68165eb144e678103c1ac46fb81fe6a0?s=96&d=mm&r=g","contentUrl":"https:\/\/secure.gravatar.com\/avatar\/5bdd54efc610ff3db8c53755c1599daf68165eb144e678103c1ac46fb81fe6a0?s=96&d=mm&r=g","caption":"Oltremare"},"url":""}]}},"_links":{"self":[{"href":"https:\/\/www.aics.gov.it\/oltremare\/wp-json\/wp\/v2\/posts\/12781","targetHints":{"allow":["GET"]}}],"collection":[{"href":"https:\/\/www.aics.gov.it\/oltremare\/wp-json\/wp\/v2\/posts"}],"about":[{"href":"https:\/\/www.aics.gov.it\/oltremare\/wp-json\/wp\/v2\/types\/post"}],"author":[{"embeddable":true,"href":"https:\/\/www.aics.gov.it\/oltremare\/wp-json\/wp\/v2\/users\/1"}],"replies":[{"embeddable":true,"href":"https:\/\/www.aics.gov.it\/oltremare\/wp-json\/wp\/v2\/comments?post=12781"}],"version-history":[{"count":5,"href":"https:\/\/www.aics.gov.it\/oltremare\/wp-json\/wp\/v2\/posts\/12781\/revisions"}],"predecessor-version":[{"id":12823,"href":"https:\/\/www.aics.gov.it\/oltremare\/wp-json\/wp\/v2\/posts\/12781\/revisions\/12823"}],"wp:featuredmedia":[{"embeddable":true,"href":"https:\/\/www.aics.gov.it\/oltremare\/wp-json\/wp\/v2\/media\/12786"}],"wp:attachment":[{"href":"https:\/\/www.aics.gov.it\/oltremare\/wp-json\/wp\/v2\/media?parent=12781"}],"wp:term":[{"taxonomy":"category","embeddable":true,"href":"https:\/\/www.aics.gov.it\/oltremare\/wp-json\/wp\/v2\/categories?post=12781"},{"taxonomy":"post_tag","embeddable":true,"href":"https:\/\/www.aics.gov.it\/oltremare\/wp-json\/wp\/v2\/tags?post=12781"}],"curies":[{"name":"wp","href":"https:\/\/api.w.org\/{rel}","templated":true}]}}