{"id":14102,"date":"2021-10-15T14:17:51","date_gmt":"2021-10-15T12:17:51","guid":{"rendered":"https:\/\/www.aics.gov.it\/oltremare\/?p=14102"},"modified":"2021-10-15T17:54:36","modified_gmt":"2021-10-15T15:54:36","slug":"la-strada-per-glasgow-verso-i-negoziati-per-il-clima","status":"publish","type":"post","link":"https:\/\/www.aics.gov.it\/oltremare\/articoli\/pianeta\/la-strada-per-glasgow-verso-i-negoziati-per-il-clima\/","title":{"rendered":"La strada per Glasgow, verso i negoziati per il clima"},"content":{"rendered":"<p>Si \u00e8 conclusa la Youth4Climate e la PreCOP, due momenti simbolici del processo negoziale Onu per il clima. Ora la palla passa alla diplomazia, prima con il G20 di Roma e infine per COP26. Mancare l\u2019obiettivo rallenterebbe la corsa alla decarbonizzazione globale.<!--more--><\/p>\n<p>Si \u00e8 concluso a Milano il doppio incontro Youth4Climate e la PreCOP. 400 delegati nel primo summit, tutti rigorosamente under30, da 197 Paesi, per la prima conferenza globale dei giovani sul clima, e 51 ministri e inviati per il clima nel secondo incontro che dal 28 al 2 ottobre si sono dati appuntamento nelle sale del MiCo per ravvivare l\u2019ambizione dei negoziati in seno all\u2019Unfccc, la convenzione quadro Onu sui cambiamenti climatici.<\/p>\n<p>Un doppio evento, che nonostante mancasse del peso geopolitico di COP26, ha mandato due segnali importanti. Da un lato i ragazzi e ragazze di tutto il mondo sono oggi pronti a tenere alta l\u2019ambizione mondiale legata all\u2019accordo di Parigi, sia in piazza che a livello tecnico, nelle sale che contano. Dall\u2019altra numerosi leader mondiali, dagli Usa guidati da John Kerry all\u2019Unione Europea con Frans Timmermans, hanno ribadito l\u2019impegno di voler raggiungere il contenimento delle temperature medie globali entro 1,5 gradi celsius al 2100. Insomma Milano \u00e8 stato il momento della speranza.<\/p>\n<div id=\"attachment_14103\" style=\"width: 2570px\" class=\"wp-caption aligncenter\"><img loading=\"lazy\" decoding=\"async\" aria-describedby=\"caption-attachment-14103\" class=\"wp-image-14103 size-full\" src=\"https:\/\/www.aics.gov.it\/oltremare\/wp-content\/uploads\/2021\/10\/Foto-2-youth-scaled.jpg\" alt=\"\" width=\"2560\" height=\"1213\" srcset=\"https:\/\/www.aics.gov.it\/oltremare\/wp-content\/uploads\/2021\/10\/Foto-2-youth-scaled.jpg 2560w, https:\/\/www.aics.gov.it\/oltremare\/wp-content\/uploads\/2021\/10\/Foto-2-youth-600x284.jpg 600w, https:\/\/www.aics.gov.it\/oltremare\/wp-content\/uploads\/2021\/10\/Foto-2-youth-1024x485.jpg 1024w, https:\/\/www.aics.gov.it\/oltremare\/wp-content\/uploads\/2021\/10\/Foto-2-youth-768x364.jpg 768w, https:\/\/www.aics.gov.it\/oltremare\/wp-content\/uploads\/2021\/10\/Foto-2-youth-1536x728.jpg 1536w\" sizes=\"auto, (max-width: 2560px) 100vw, 2560px\" \/><p id=\"caption-attachment-14103\" class=\"wp-caption-text\"><em>\u00a9 Luca Signorelli<\/em><\/p><\/div>\n<p>La <a href=\"https:\/\/youth4climate.live\/\">youth4climate<\/a>, voluta fortemente dall\u2019ex ministro dell\u2019Ambiente Sergio Costa, si \u00e8 rivelata un grande successo sia nell\u2019organizzazione (grande gestione da parte del Mite dei 400 ragazzi provenienti da ogni cultura e paese), sia nel risultato. \u201cCome Italia ci impegnano a rendere questo evento permanente e a far pervenire tutti i documenti prodotti dai giovani alla COP26\u00bb, ha dichiarato il ministro della Transizione energetica, Roberto Cingolani. Il testo approvato dai ragazzi, diviso in quattro temi principali, chiede un maggiore ruolo dei giovani nei negoziati ufficiali, un impegno del settore industriale alla decarbonizzazione (emissioni zero per moda, turismo, sport), maggiore supporto per la ripresa sostenibile, iniziative per l\u2019educazione e divulgazione dei temi ambientali, maggiore inclusione degli attori civici nei processi decisionali. Ora il documento sar\u00e0 inoltrato dal ministero dell&#8217;Ambiente direttamente all\u2019Unfccc nel tentativo di trovare una collocazione nel testo finale del negoziato di Glasgow. Un impegno questo, preso anche dal ministro, che ha detto di non volere che \u201cquesto ottimo lavoro venga sprecato\u201d, dimostrando cos\u00ec di tenere a questo incontro.<\/p>\n<p>Ora per\u00f2 l\u2019attenzione passa al <a href=\"https:\/\/www.g20.org\/rome-summit.html\">G20<\/a>, importante tappa intermedia, che a Roma, il 30 e 31 ottobre, vedr\u00e0 i grandi della terra prendere impegni importanti sul clima a ridosso dell\u2019inaugurazione del summit di Glasgow. Sul tavolo ci sono un obiettivo di lungo termine sulla dismissione del carbone come fonte di energia (tema che mette in difficolt\u00e0 India e Cina), impegni concreti sulla finanza climatica (il primo ministro Mario Draghi dovrebbe raddoppiare l\u2019impegno di spesa italiano ad 1 miliardo di euro l\u2019anno), un target di riduzione delle emissioni di metano, un potente gas climalterante, del 30%, fortemente voluto dagli Usa. Per l\u2019Italia \u00e8 un momento di grande verit\u00e0, in cui la diplomazia dovr\u00e0 impegnarsi al massimo. Ma se Roma non \u00e8 un incontro semplice il difficile inizia oltrepassato lo stretto della Manica il giorno dopo.<\/p>\n<p><strong>Verso Cop26<\/strong><\/p>\n<p>Alcuni hanno definito il negoziato della COP26, che si terr\u00e0 dal 31 Ottobre al 13 novembre a Glasgow, in Scozia, \u201cun nuovo momento storico\u201d, \u201cepocale\u201d. Indubbiamente COP26 sar\u00e0 la prima vera resa dei conti dai tempi della firma dell\u2019Accordo di Parigi, siglato nel 2015. Da un lato serve chiudere il \u201crulebook\u201d, il libro delle regole dell\u2019Accordo, con due item scottanti sul tavolo, la finanza climatica (art.6) e i meccanismi di rendicontazione e trasparenza (art. 13). Dall\u2019altro ci sono i nuovi Ndc, gli impegni nazionali di riduzione delle emissioni e adattamento che ogni membro firmatario dovr\u00e0 presentare. Al momento 114 Paesi, che rappresentano per\u00f2 solo il 49% delle emissioni globali, hanno presentato un nuovo Ndc. Ma anche coloro che hanno fatto i compiti non si pu\u00f2 dire li abbiano svolti al meglio. Secondo le Nazioni Unite, gli Ndc attuali proiettano un amento del riscaldamento globale di 2,7 gradi celsius . Direzione catastrofica, ha tuonato il segretario generale dell\u2019Onu, Ant\u00f3nio Guterres. Sar\u00e0 tutto da vedere chi far\u00e0 i compiti a casa bene, preannunciando per\u00f2 che Russia, Brasile e Arabia Saudita sicuramente salteranno la verifica.<\/p>\n<div id=\"attachment_14105\" style=\"width: 1510px\" class=\"wp-caption alignnone\"><img loading=\"lazy\" decoding=\"async\" aria-describedby=\"caption-attachment-14105\" class=\"wp-image-14105\" src=\"https:\/\/www.aics.gov.it\/oltremare\/wp-content\/uploads\/2021\/10\/Foto-1-youth-scaled.jpg\" alt=\"\" width=\"1500\" height=\"1000\" srcset=\"https:\/\/www.aics.gov.it\/oltremare\/wp-content\/uploads\/2021\/10\/Foto-1-youth-scaled.jpg 2560w, https:\/\/www.aics.gov.it\/oltremare\/wp-content\/uploads\/2021\/10\/Foto-1-youth-600x400.jpg 600w, https:\/\/www.aics.gov.it\/oltremare\/wp-content\/uploads\/2021\/10\/Foto-1-youth-1024x683.jpg 1024w, https:\/\/www.aics.gov.it\/oltremare\/wp-content\/uploads\/2021\/10\/Foto-1-youth-768x512.jpg 768w, https:\/\/www.aics.gov.it\/oltremare\/wp-content\/uploads\/2021\/10\/Foto-1-youth-1536x1024.jpg 1536w\" sizes=\"auto, (max-width: 1500px) 100vw, 1500px\" \/><p id=\"caption-attachment-14105\" class=\"wp-caption-text\"><em>\u00a9 Luca Signorelli <\/em><\/p><\/div>\n<p>C\u2019\u00e8 un mix di ottimismo e preoccupazione. \u00abSenza impegni politici e impegni finanziari da parte delle nazioni industrializzate, c\u2019\u00e8 un alto rischio di fallimento della COP26\u00bb, ha dichiarato Guterres il 20 settembre al Forum of Major Economies on Energy and Climate. \u201cLe nazioni del G20 sono responsabili dell\u201980% delle emissioni globali. La loro leadership \u00e8 pi\u00f9 necessaria che mai. Le decisioni che prenderanno determineranno se la promessa fatta a Parigi sar\u00e0 mantenuta o infranta\u00bb. Ma sulla divisione Cina \u2013 Usa, principale blocco di divisione dei negoziati, Kerry a Milano si \u00e8 dimostrato possibilista, mentre Alok Sharma, presidente per la Gran Bretagna di COP26, ha ribadito che le posizioni dei due giganti economici sono sicuramente migliorate negli ultimi mesi. Certo pesa la grande aspettativa sul negoziato da parte degli inglesi alle prese con non poche problematiche domestiche, <a href=\"https:\/\/www.theguardian.com\/uk-news\/2021\/oct\/05\/scotrail-engineers-plan-strikes-during-glasgow-climate-summit\">dagli scioperi dei trasportatori<\/a> che potrebbero complicare non poco il negoziato, bloccando gli spostamenti alle restrizioni Covid, tra quarantene e visti, fino alla difficolt\u00e0 di trovare alloggi in citt\u00e0, fattore che sta facendo desistere molti membri della societ\u00e0 civile del global south a partecipare.<\/p>\n<p><strong>Finanza climatica<\/strong><\/p>\n<p>Non \u00e8 forse l\u2019elemento pi\u00f9 contenzioso da negoziare: il primato va alla trasparenza. Per\u00f2 la finanza climatica \u00e8 sicuramente l\u2019argomento che media e politici cercheranno di far pesare come un successo se sar\u00e0 trovata la quadra. L\u2019obiettivo da raggiungere \u00e8 trovare 100 miliardi di dollari per sostenere la decarbonizzazione e le politiche di adattamento nei Paesi meno sviluppati. Mario Draghi ha definito \u201cun imperativo morale sostenere economicamente la transizione dei Paesi pi\u00f9 vulnerabili\u201d, mentre John Kerry si \u00e8 detto \u201ccerto che i fondi saranno trovati\u00bb, ma ha anche \u201cincoraggiato gli Stati a fare di pi\u00f9\u201d. Sono 20 i miliardi da trovare \u2013 in realt\u00e0 il goal si sarebbe dovuto raggiungere nel 2020, ma il Covid-19 ha mandato tutto in tilt. Il che significa che si parte gi\u00e0 in debito e che per andare alla pari andrebbero teoricamente versati 120 miliardi nel 2021, obiettivo tecnicamente irraggiungibile. Si cercher\u00e0 una quadra sul goal dei 100 da dare in pasto ai media e chiudere la partita di un impegno vecchio di 12 anni. Infatti i 100 miliardi di dollari l\u2019anno per la decarbonizzazione nei Paesi meno sviluppati vennero ipotizzati per la prima volta nel 2009 dall\u2019allora Segretario di Stato, Hillary Clinton, per mantenere vivo il negoziato Onu dopo il fallimento dell\u2019accordo di Copenaghen. Ribadito nel 2015 a Parigi, il meccanismo sarebbe dovuto partire lo scorso anno. Gli Usa hanno finalmente fatto la loro parte, aumentando da 5,7 miliardi di dollari a 11,4 miliardi il contributo americano alla finanza climatica. L\u2019Italia probabilmente annuncer\u00e0 un nuovo impegno economico per il clima durante l\u2019evento di chiusura del G20, sfruttando cos\u00ec la piattaforma mediatica dell\u2019evento. Secondo varie fonti il nostro Paese sarebbe pronto a raddoppiare l\u2019impegno, raggiungendo il miliardo di dollari. Ma la cifra dovrebbe poi crescere con gli anni per essere in linea con gli obiettivi. \u201cBene l\u2019allocazione di 1 miliardo per il 2022 ma l\u2019Italia per un impegno equo deve raggiungere i quattro miliardi l\u2019anno. Per questo Draghi si deve impegnare a presentare una roadmap di finanza per il clima per raggiungere la quota equa ben entro il 2025\u00bb, ha commentato a <a href=\"https:\/\/www.lifegate.it\/risultati-pre-cop-26\">Lifegate<\/a> Luca Bergamaschi del think tank <a href=\"https:\/\/eccoclimate.org\/\">Ecco<\/a>. Draghi per\u00f2 ha sorpreso gli osservatori pi\u00f9 acuti chiedendo che questi fondi siano erogati in grant e non sotto forma di prestiti. Una richiesta diretta che \u00e8 stata accolta con favore da molti delegati africani. \u201cA Glasgow dovremo prendere la decisione di movimentare tutte queste risorse per politiche di mitigazione e adattamento nei paesi meno sviluppati, dalla Somalia all\u2019Afghanistan, paesi dove il cambiamento climatico rischia di avere gli impatti pi\u00f9 devastanti\u201d, ha dichiarato a <em>Oltremare<\/em> Marirosa Iannelli, Advisor di Italian Climate Network. \u00abLa cooperazione allo sviluppo deve diventare un veicolo efficiente per queste risorse. La qualit\u00e0 dei progetti di cooperazione multilaterale \u00e8 fondamentale, non possiamo permetterci di essere inefficaci. Ogni progetto conta\u00bb,<\/p>\n<p>A Glasgow per\u00f2 si parler\u00e0 anche del regime post 2025, quando si dovr\u00e0 fare di pi\u00f9 che mettere 100 miliardi di dollari l\u2019anno, impegno gi\u00e0 deciso alla COP di Katowice. Secondo Kerry \u201cper raggiungere gli obiettivi di decarbonizzazione servono quasi 3mila miliardi di dollari\u201d. Una cifra impensabile per i soli governi dei Paesi industrializzati. Sicuramente dovranno entrare nel meccanismo anche i Paesi di nuova industrializzazione come Cina e India (che oggi ancora spingono per essere destinatari di questi fondi), allocando specificatamente fondi nel Green Climate Fund, il veicolo finanziario dedicato creato dalle nazioni Unite. Ma nemmeno questi basteranno. Secondo Sharma, sono necessari fino a mille miliardi tra fondi pubblici e privati. Per questo, ha annunciato il presidente britannico di COP26, \u201cservir\u00e0 un crescente ruolo della finanza privata\u201d. Sharma ha anche menzionato il gruppo creato dall\u2019ex governatore della Banca d&#8217;Inghilterra, Mark Carney, la Glasgow Financial Alliance, un gruppo di fondi e Sgr, che rappresenta asset finanziari per oltre 70mila miliardi di dollari. Un segnale chiaro che sta emergendo sempre pi\u00f9 un approccio integrato tra stato, fondi e imprese sulla decarbonizzazione e adattamento nei Paesi meno industrializzati. Con quali effetti, \u00e8 difficile dire.<\/p>\n<p>&nbsp;<\/p>\n<div style=\"box-shadow: 10px 10px 28px 0px rgba(171,171,171,1); padding: 25px;\">\n<p>Biografia<br \/>\n<strong>Emanuele Bompan<\/strong><br \/>\n<a href=\"http:\/\/www.emanuelebompan.it\/\" target=\"_blank\" rel=\"noopener noreferrer\">Giornalista ambientale<\/a> e geografo. Si occupa di economia circolare, cambiamenti climatici, green-economy, politica americana. E&#8217; Direttore della rivista <a href=\"http:\/\/materiarinnovabile.it\/\" target=\"_blank\" rel=\"noopener noreferrer\">Materia Rinnovabile<\/a>, collabora con testate come La Stampa, Nuova Ecologia e Oltremare. Ha scritto <a href=\"https:\/\/www.hoepli.it\/libro\/atlante-geopolitico-dell-acqua\/9788820390433.html\" target=\"_blank\" rel=\"noopener noreferrer\">l&#8217;Atlante geopolitico dell&#8217;Acqua<\/a> (2019),<a href=\"https:\/\/www.amazon.it\/grabbing-Guerre-nascoste-lacqua-secolo\/dp\/8830724025\" target=\"_blank\" rel=\"noopener noreferrer\">Water Grabbing &#8211; le guerre nascoste per l&#8217;acqua nel XXI secolo<\/a> (2018) &#8220;<a href=\"http:\/\/www.libreriauniversitaria.it\/cosa-economia-circolare-bompan-emanuele\/libro\/9788866271864\" target=\"_blank\" rel=\"noopener noreferrer\">Che cosa \u00e8 l&#8217;economia circolare<\/a>&#8221; (2017). Ha vinto per quattro volte l\u2019European Journalism Center \u00a0IDR Grant, una volta la Middlebury Environmental Journalism Fellowship, una volta la Google DNI Initiative ed \u00e8 stato nominato Giornalista per la Terra nel 2015.<\/p>\n<p><img decoding=\"async\" class=\"aligncenter\" src=\"https:\/\/www.aics.gov.it\/oltremare\/wp-content\/uploads\/2020\/04\/bompan-bio.png\" \/><\/p>\n<\/div>\n","protected":false},"excerpt":{"rendered":"<p>Si \u00e8 conclusa la Youth4Climate e la PreCOP, due momenti simbolici del processo negoziale Onu per il clima. Ora la palla passa alla diplomazia, prima con il G20 di Roma e infine per COP26. Mancare l\u2019obiettivo rallenterebbe la corsa alla [&hellip;]<\/p>\n","protected":false},"author":7,"featured_media":14104,"comment_status":"open","ping_status":"open","sticky":false,"template":"","format":"standard","meta":{"footnotes":""},"categories":[135],"tags":[607,423,606,963,558,268,962,772,608],"class_list":["post-14102","post","type-post","status-publish","format-standard","has-post-thumbnail","hentry","category-pianeta","tag-bompan","tag-climate-change","tag-cop26","tag-finanza-climatica","tag-g20","tag-oltremare","tag-precop","tag-unfccc","tag-youth4climate"],"yoast_head":"<!-- This site is optimized with the Yoast SEO plugin v27.5 - https:\/\/yoast.com\/product\/yoast-seo-wordpress\/ -->\n<title>La strada per Glasgow, verso i negoziati per il clima - Oltremare<\/title>\n<meta name=\"robots\" content=\"index, follow, max-snippet:-1, max-image-preview:large, max-video-preview:-1\" \/>\n<link rel=\"canonical\" href=\"https:\/\/www.aics.gov.it\/oltremare\/articoli\/pianeta\/la-strada-per-glasgow-verso-i-negoziati-per-il-clima\/\" \/>\n<meta property=\"og:locale\" content=\"it_IT\" \/>\n<meta property=\"og:type\" content=\"article\" \/>\n<meta property=\"og:title\" content=\"La strada per Glasgow, verso i negoziati per il clima - Oltremare\" \/>\n<meta property=\"og:description\" content=\"Si \u00e8 conclusa la Youth4Climate e la PreCOP, due momenti simbolici del processo negoziale Onu per il clima. Ora la palla passa alla diplomazia, prima con il G20 di Roma e infine per COP26. Mancare l\u2019obiettivo rallenterebbe la corsa alla [&hellip;]\" \/>\n<meta property=\"og:url\" content=\"https:\/\/www.aics.gov.it\/oltremare\/articoli\/pianeta\/la-strada-per-glasgow-verso-i-negoziati-per-il-clima\/\" \/>\n<meta property=\"og:site_name\" content=\"Oltremare\" \/>\n<meta property=\"article:publisher\" content=\"https:\/\/www.facebook.com\/Agenzia-Italiana-per-la-Cooperazione-allo-Sviluppo-996004880482735\/\" \/>\n<meta property=\"article:published_time\" content=\"2021-10-15T12:17:51+00:00\" \/>\n<meta property=\"article:modified_time\" content=\"2021-10-15T15:54:36+00:00\" \/>\n<meta property=\"og:image\" content=\"https:\/\/www.aics.gov.it\/oltremare\/wp-content\/uploads\/2021\/10\/Foto-3-youth-scaled.jpg\" \/>\n\t<meta property=\"og:image:width\" content=\"2560\" \/>\n\t<meta property=\"og:image:height\" content=\"1707\" \/>\n\t<meta property=\"og:image:type\" content=\"image\/jpeg\" \/>\n<meta name=\"author\" content=\"Emanuele Bompan\" \/>\n<meta name=\"twitter:card\" content=\"summary_large_image\" \/>\n<meta name=\"twitter:creator\" content=\"@aics_it\" \/>\n<meta name=\"twitter:site\" content=\"@aics_it\" \/>\n<meta name=\"twitter:label1\" content=\"Scritto da\" \/>\n\t<meta name=\"twitter:data1\" content=\"Emanuele Bompan\" \/>\n\t<meta name=\"twitter:label2\" content=\"Tempo di lettura stimato\" \/>\n\t<meta name=\"twitter:data2\" content=\"8 minuti\" \/>\n<script type=\"application\/ld+json\" class=\"yoast-schema-graph\">{\"@context\":\"https:\\\/\\\/schema.org\",\"@graph\":[{\"@type\":\"Article\",\"@id\":\"https:\\\/\\\/www.aics.gov.it\\\/oltremare\\\/articoli\\\/pianeta\\\/la-strada-per-glasgow-verso-i-negoziati-per-il-clima\\\/#article\",\"isPartOf\":{\"@id\":\"https:\\\/\\\/www.aics.gov.it\\\/oltremare\\\/articoli\\\/pianeta\\\/la-strada-per-glasgow-verso-i-negoziati-per-il-clima\\\/\"},\"author\":{\"name\":\"Emanuele Bompan\",\"@id\":\"https:\\\/\\\/www.aics.gov.it\\\/oltremare\\\/#\\\/schema\\\/person\\\/7d9a8d1a87b6775f532e5b3e76d52c75\"},\"headline\":\"La strada per Glasgow, verso i negoziati per il clima\",\"datePublished\":\"2021-10-15T12:17:51+00:00\",\"dateModified\":\"2021-10-15T15:54:36+00:00\",\"mainEntityOfPage\":{\"@id\":\"https:\\\/\\\/www.aics.gov.it\\\/oltremare\\\/articoli\\\/pianeta\\\/la-strada-per-glasgow-verso-i-negoziati-per-il-clima\\\/\"},\"wordCount\":1637,\"commentCount\":0,\"publisher\":{\"@id\":\"https:\\\/\\\/www.aics.gov.it\\\/oltremare\\\/#organization\"},\"image\":{\"@id\":\"https:\\\/\\\/www.aics.gov.it\\\/oltremare\\\/articoli\\\/pianeta\\\/la-strada-per-glasgow-verso-i-negoziati-per-il-clima\\\/#primaryimage\"},\"thumbnailUrl\":\"https:\\\/\\\/www.aics.gov.it\\\/oltremare\\\/wp-content\\\/uploads\\\/2021\\\/10\\\/Foto-3-youth-scaled.jpg\",\"keywords\":[\"Bompan\",\"Climate change\",\"COP26\",\"Finanza climatica\",\"G20\",\"Oltremare\",\"PreCOP\",\"Unfccc\",\"Youth4Climate\"],\"articleSection\":[\"Pianeta\"],\"inLanguage\":\"it-IT\",\"potentialAction\":[{\"@type\":\"CommentAction\",\"name\":\"Comment\",\"target\":[\"https:\\\/\\\/www.aics.gov.it\\\/oltremare\\\/articoli\\\/pianeta\\\/la-strada-per-glasgow-verso-i-negoziati-per-il-clima\\\/#respond\"]}]},{\"@type\":\"WebPage\",\"@id\":\"https:\\\/\\\/www.aics.gov.it\\\/oltremare\\\/articoli\\\/pianeta\\\/la-strada-per-glasgow-verso-i-negoziati-per-il-clima\\\/\",\"url\":\"https:\\\/\\\/www.aics.gov.it\\\/oltremare\\\/articoli\\\/pianeta\\\/la-strada-per-glasgow-verso-i-negoziati-per-il-clima\\\/\",\"name\":\"La strada per Glasgow, verso i negoziati per il clima - Oltremare\",\"isPartOf\":{\"@id\":\"https:\\\/\\\/www.aics.gov.it\\\/oltremare\\\/#website\"},\"primaryImageOfPage\":{\"@id\":\"https:\\\/\\\/www.aics.gov.it\\\/oltremare\\\/articoli\\\/pianeta\\\/la-strada-per-glasgow-verso-i-negoziati-per-il-clima\\\/#primaryimage\"},\"image\":{\"@id\":\"https:\\\/\\\/www.aics.gov.it\\\/oltremare\\\/articoli\\\/pianeta\\\/la-strada-per-glasgow-verso-i-negoziati-per-il-clima\\\/#primaryimage\"},\"thumbnailUrl\":\"https:\\\/\\\/www.aics.gov.it\\\/oltremare\\\/wp-content\\\/uploads\\\/2021\\\/10\\\/Foto-3-youth-scaled.jpg\",\"datePublished\":\"2021-10-15T12:17:51+00:00\",\"dateModified\":\"2021-10-15T15:54:36+00:00\",\"breadcrumb\":{\"@id\":\"https:\\\/\\\/www.aics.gov.it\\\/oltremare\\\/articoli\\\/pianeta\\\/la-strada-per-glasgow-verso-i-negoziati-per-il-clima\\\/#breadcrumb\"},\"inLanguage\":\"it-IT\",\"potentialAction\":[{\"@type\":\"ReadAction\",\"target\":[\"https:\\\/\\\/www.aics.gov.it\\\/oltremare\\\/articoli\\\/pianeta\\\/la-strada-per-glasgow-verso-i-negoziati-per-il-clima\\\/\"]}]},{\"@type\":\"ImageObject\",\"inLanguage\":\"it-IT\",\"@id\":\"https:\\\/\\\/www.aics.gov.it\\\/oltremare\\\/articoli\\\/pianeta\\\/la-strada-per-glasgow-verso-i-negoziati-per-il-clima\\\/#primaryimage\",\"url\":\"https:\\\/\\\/www.aics.gov.it\\\/oltremare\\\/wp-content\\\/uploads\\\/2021\\\/10\\\/Foto-3-youth-scaled.jpg\",\"contentUrl\":\"https:\\\/\\\/www.aics.gov.it\\\/oltremare\\\/wp-content\\\/uploads\\\/2021\\\/10\\\/Foto-3-youth-scaled.jpg\",\"width\":2560,\"height\":1707,\"caption\":\"\u00a9 Luca Signorelli\"},{\"@type\":\"BreadcrumbList\",\"@id\":\"https:\\\/\\\/www.aics.gov.it\\\/oltremare\\\/articoli\\\/pianeta\\\/la-strada-per-glasgow-verso-i-negoziati-per-il-clima\\\/#breadcrumb\",\"itemListElement\":[{\"@type\":\"ListItem\",\"position\":1,\"name\":\"Home\",\"item\":\"https:\\\/\\\/www.aics.gov.it\\\/oltremare\\\/\"},{\"@type\":\"ListItem\",\"position\":2,\"name\":\"La strada per Glasgow, verso i negoziati per il clima\"}]},{\"@type\":\"WebSite\",\"@id\":\"https:\\\/\\\/www.aics.gov.it\\\/oltremare\\\/#website\",\"url\":\"https:\\\/\\\/www.aics.gov.it\\\/oltremare\\\/\",\"name\":\"Oltremare\",\"description\":\"Il Blog della cooperazione\",\"publisher\":{\"@id\":\"https:\\\/\\\/www.aics.gov.it\\\/oltremare\\\/#organization\"},\"potentialAction\":[{\"@type\":\"SearchAction\",\"target\":{\"@type\":\"EntryPoint\",\"urlTemplate\":\"https:\\\/\\\/www.aics.gov.it\\\/oltremare\\\/?s={search_term_string}\"},\"query-input\":{\"@type\":\"PropertyValueSpecification\",\"valueRequired\":true,\"valueName\":\"search_term_string\"}}],\"inLanguage\":\"it-IT\"},{\"@type\":\"Organization\",\"@id\":\"https:\\\/\\\/www.aics.gov.it\\\/oltremare\\\/#organization\",\"name\":\"Agenzia Italiana per la Cooperazione allo Sviluppo\",\"url\":\"https:\\\/\\\/www.aics.gov.it\\\/oltremare\\\/\",\"logo\":{\"@type\":\"ImageObject\",\"inLanguage\":\"it-IT\",\"@id\":\"https:\\\/\\\/www.aics.gov.it\\\/oltremare\\\/#\\\/schema\\\/logo\\\/image\\\/\",\"url\":\"https:\\\/\\\/www.aics.gov.it\\\/oltremare\\\/wp-content\\\/uploads\\\/2018\\\/02\\\/AICS_HEADER_530x130_EC1-e1518178146163.jpg\",\"contentUrl\":\"https:\\\/\\\/www.aics.gov.it\\\/oltremare\\\/wp-content\\\/uploads\\\/2018\\\/02\\\/AICS_HEADER_530x130_EC1-e1518178146163.jpg\",\"width\":300,\"height\":74,\"caption\":\"Agenzia Italiana per la Cooperazione allo Sviluppo\"},\"image\":{\"@id\":\"https:\\\/\\\/www.aics.gov.it\\\/oltremare\\\/#\\\/schema\\\/logo\\\/image\\\/\"},\"sameAs\":[\"https:\\\/\\\/www.facebook.com\\\/Agenzia-Italiana-per-la-Cooperazione-allo-Sviluppo-996004880482735\\\/\",\"https:\\\/\\\/x.com\\\/aics_it\",\"https:\\\/\\\/www.instagram.com\\\/aics_cooperazione_it\\\/\",\"https:\\\/\\\/www.youtube.com\\\/channel\\\/UCbssygnjreKD1Se1mDeCQ5w\"]},{\"@type\":\"Person\",\"@id\":\"https:\\\/\\\/www.aics.gov.it\\\/oltremare\\\/#\\\/schema\\\/person\\\/7d9a8d1a87b6775f532e5b3e76d52c75\",\"name\":\"Emanuele Bompan\",\"image\":{\"@type\":\"ImageObject\",\"inLanguage\":\"it-IT\",\"@id\":\"https:\\\/\\\/www.aics.gov.it\\\/oltremare\\\/wp-content\\\/uploads\\\/2018\\\/04\\\/bompan.png\",\"url\":\"https:\\\/\\\/www.aics.gov.it\\\/oltremare\\\/wp-content\\\/uploads\\\/2018\\\/04\\\/bompan.png\",\"contentUrl\":\"https:\\\/\\\/www.aics.gov.it\\\/oltremare\\\/wp-content\\\/uploads\\\/2018\\\/04\\\/bompan.png\",\"caption\":\"Emanuele Bompan\"},\"url\":\"https:\\\/\\\/www.aics.gov.it\\\/oltremare\\\/author\\\/emanuelebompan\\\/\"}]}<\/script>\n<!-- \/ Yoast SEO plugin. -->","yoast_head_json":{"title":"La strada per Glasgow, verso i negoziati per il clima - Oltremare","robots":{"index":"index","follow":"follow","max-snippet":"max-snippet:-1","max-image-preview":"max-image-preview:large","max-video-preview":"max-video-preview:-1"},"canonical":"https:\/\/www.aics.gov.it\/oltremare\/articoli\/pianeta\/la-strada-per-glasgow-verso-i-negoziati-per-il-clima\/","og_locale":"it_IT","og_type":"article","og_title":"La strada per Glasgow, verso i negoziati per il clima - Oltremare","og_description":"Si \u00e8 conclusa la Youth4Climate e la PreCOP, due momenti simbolici del processo negoziale Onu per il clima. Ora la palla passa alla diplomazia, prima con il G20 di Roma e infine per COP26. Mancare l\u2019obiettivo rallenterebbe la corsa alla [&hellip;]","og_url":"https:\/\/www.aics.gov.it\/oltremare\/articoli\/pianeta\/la-strada-per-glasgow-verso-i-negoziati-per-il-clima\/","og_site_name":"Oltremare","article_publisher":"https:\/\/www.facebook.com\/Agenzia-Italiana-per-la-Cooperazione-allo-Sviluppo-996004880482735\/","article_published_time":"2021-10-15T12:17:51+00:00","article_modified_time":"2021-10-15T15:54:36+00:00","og_image":[{"width":2560,"height":1707,"url":"https:\/\/www.aics.gov.it\/oltremare\/wp-content\/uploads\/2021\/10\/Foto-3-youth-scaled.jpg","type":"image\/jpeg"}],"author":"Emanuele Bompan","twitter_card":"summary_large_image","twitter_creator":"@aics_it","twitter_site":"@aics_it","twitter_misc":{"Scritto da":"Emanuele Bompan","Tempo di lettura stimato":"8 minuti"},"schema":{"@context":"https:\/\/schema.org","@graph":[{"@type":"Article","@id":"https:\/\/www.aics.gov.it\/oltremare\/articoli\/pianeta\/la-strada-per-glasgow-verso-i-negoziati-per-il-clima\/#article","isPartOf":{"@id":"https:\/\/www.aics.gov.it\/oltremare\/articoli\/pianeta\/la-strada-per-glasgow-verso-i-negoziati-per-il-clima\/"},"author":{"name":"Emanuele Bompan","@id":"https:\/\/www.aics.gov.it\/oltremare\/#\/schema\/person\/7d9a8d1a87b6775f532e5b3e76d52c75"},"headline":"La strada per Glasgow, verso i negoziati per il clima","datePublished":"2021-10-15T12:17:51+00:00","dateModified":"2021-10-15T15:54:36+00:00","mainEntityOfPage":{"@id":"https:\/\/www.aics.gov.it\/oltremare\/articoli\/pianeta\/la-strada-per-glasgow-verso-i-negoziati-per-il-clima\/"},"wordCount":1637,"commentCount":0,"publisher":{"@id":"https:\/\/www.aics.gov.it\/oltremare\/#organization"},"image":{"@id":"https:\/\/www.aics.gov.it\/oltremare\/articoli\/pianeta\/la-strada-per-glasgow-verso-i-negoziati-per-il-clima\/#primaryimage"},"thumbnailUrl":"https:\/\/www.aics.gov.it\/oltremare\/wp-content\/uploads\/2021\/10\/Foto-3-youth-scaled.jpg","keywords":["Bompan","Climate change","COP26","Finanza climatica","G20","Oltremare","PreCOP","Unfccc","Youth4Climate"],"articleSection":["Pianeta"],"inLanguage":"it-IT","potentialAction":[{"@type":"CommentAction","name":"Comment","target":["https:\/\/www.aics.gov.it\/oltremare\/articoli\/pianeta\/la-strada-per-glasgow-verso-i-negoziati-per-il-clima\/#respond"]}]},{"@type":"WebPage","@id":"https:\/\/www.aics.gov.it\/oltremare\/articoli\/pianeta\/la-strada-per-glasgow-verso-i-negoziati-per-il-clima\/","url":"https:\/\/www.aics.gov.it\/oltremare\/articoli\/pianeta\/la-strada-per-glasgow-verso-i-negoziati-per-il-clima\/","name":"La strada per Glasgow, verso i negoziati per il clima - Oltremare","isPartOf":{"@id":"https:\/\/www.aics.gov.it\/oltremare\/#website"},"primaryImageOfPage":{"@id":"https:\/\/www.aics.gov.it\/oltremare\/articoli\/pianeta\/la-strada-per-glasgow-verso-i-negoziati-per-il-clima\/#primaryimage"},"image":{"@id":"https:\/\/www.aics.gov.it\/oltremare\/articoli\/pianeta\/la-strada-per-glasgow-verso-i-negoziati-per-il-clima\/#primaryimage"},"thumbnailUrl":"https:\/\/www.aics.gov.it\/oltremare\/wp-content\/uploads\/2021\/10\/Foto-3-youth-scaled.jpg","datePublished":"2021-10-15T12:17:51+00:00","dateModified":"2021-10-15T15:54:36+00:00","breadcrumb":{"@id":"https:\/\/www.aics.gov.it\/oltremare\/articoli\/pianeta\/la-strada-per-glasgow-verso-i-negoziati-per-il-clima\/#breadcrumb"},"inLanguage":"it-IT","potentialAction":[{"@type":"ReadAction","target":["https:\/\/www.aics.gov.it\/oltremare\/articoli\/pianeta\/la-strada-per-glasgow-verso-i-negoziati-per-il-clima\/"]}]},{"@type":"ImageObject","inLanguage":"it-IT","@id":"https:\/\/www.aics.gov.it\/oltremare\/articoli\/pianeta\/la-strada-per-glasgow-verso-i-negoziati-per-il-clima\/#primaryimage","url":"https:\/\/www.aics.gov.it\/oltremare\/wp-content\/uploads\/2021\/10\/Foto-3-youth-scaled.jpg","contentUrl":"https:\/\/www.aics.gov.it\/oltremare\/wp-content\/uploads\/2021\/10\/Foto-3-youth-scaled.jpg","width":2560,"height":1707,"caption":"\u00a9 Luca Signorelli"},{"@type":"BreadcrumbList","@id":"https:\/\/www.aics.gov.it\/oltremare\/articoli\/pianeta\/la-strada-per-glasgow-verso-i-negoziati-per-il-clima\/#breadcrumb","itemListElement":[{"@type":"ListItem","position":1,"name":"Home","item":"https:\/\/www.aics.gov.it\/oltremare\/"},{"@type":"ListItem","position":2,"name":"La strada per Glasgow, verso i negoziati per il clima"}]},{"@type":"WebSite","@id":"https:\/\/www.aics.gov.it\/oltremare\/#website","url":"https:\/\/www.aics.gov.it\/oltremare\/","name":"Oltremare","description":"Il Blog della cooperazione","publisher":{"@id":"https:\/\/www.aics.gov.it\/oltremare\/#organization"},"potentialAction":[{"@type":"SearchAction","target":{"@type":"EntryPoint","urlTemplate":"https:\/\/www.aics.gov.it\/oltremare\/?s={search_term_string}"},"query-input":{"@type":"PropertyValueSpecification","valueRequired":true,"valueName":"search_term_string"}}],"inLanguage":"it-IT"},{"@type":"Organization","@id":"https:\/\/www.aics.gov.it\/oltremare\/#organization","name":"Agenzia Italiana per la Cooperazione allo Sviluppo","url":"https:\/\/www.aics.gov.it\/oltremare\/","logo":{"@type":"ImageObject","inLanguage":"it-IT","@id":"https:\/\/www.aics.gov.it\/oltremare\/#\/schema\/logo\/image\/","url":"https:\/\/www.aics.gov.it\/oltremare\/wp-content\/uploads\/2018\/02\/AICS_HEADER_530x130_EC1-e1518178146163.jpg","contentUrl":"https:\/\/www.aics.gov.it\/oltremare\/wp-content\/uploads\/2018\/02\/AICS_HEADER_530x130_EC1-e1518178146163.jpg","width":300,"height":74,"caption":"Agenzia Italiana per la Cooperazione allo Sviluppo"},"image":{"@id":"https:\/\/www.aics.gov.it\/oltremare\/#\/schema\/logo\/image\/"},"sameAs":["https:\/\/www.facebook.com\/Agenzia-Italiana-per-la-Cooperazione-allo-Sviluppo-996004880482735\/","https:\/\/x.com\/aics_it","https:\/\/www.instagram.com\/aics_cooperazione_it\/","https:\/\/www.youtube.com\/channel\/UCbssygnjreKD1Se1mDeCQ5w"]},{"@type":"Person","@id":"https:\/\/www.aics.gov.it\/oltremare\/#\/schema\/person\/7d9a8d1a87b6775f532e5b3e76d52c75","name":"Emanuele Bompan","image":{"@type":"ImageObject","inLanguage":"it-IT","@id":"https:\/\/www.aics.gov.it\/oltremare\/wp-content\/uploads\/2018\/04\/bompan.png","url":"https:\/\/www.aics.gov.it\/oltremare\/wp-content\/uploads\/2018\/04\/bompan.png","contentUrl":"https:\/\/www.aics.gov.it\/oltremare\/wp-content\/uploads\/2018\/04\/bompan.png","caption":"Emanuele Bompan"},"url":"https:\/\/www.aics.gov.it\/oltremare\/author\/emanuelebompan\/"}]}},"_links":{"self":[{"href":"https:\/\/www.aics.gov.it\/oltremare\/wp-json\/wp\/v2\/posts\/14102","targetHints":{"allow":["GET"]}}],"collection":[{"href":"https:\/\/www.aics.gov.it\/oltremare\/wp-json\/wp\/v2\/posts"}],"about":[{"href":"https:\/\/www.aics.gov.it\/oltremare\/wp-json\/wp\/v2\/types\/post"}],"author":[{"embeddable":true,"href":"https:\/\/www.aics.gov.it\/oltremare\/wp-json\/wp\/v2\/users\/7"}],"replies":[{"embeddable":true,"href":"https:\/\/www.aics.gov.it\/oltremare\/wp-json\/wp\/v2\/comments?post=14102"}],"version-history":[{"count":3,"href":"https:\/\/www.aics.gov.it\/oltremare\/wp-json\/wp\/v2\/posts\/14102\/revisions"}],"predecessor-version":[{"id":14146,"href":"https:\/\/www.aics.gov.it\/oltremare\/wp-json\/wp\/v2\/posts\/14102\/revisions\/14146"}],"wp:featuredmedia":[{"embeddable":true,"href":"https:\/\/www.aics.gov.it\/oltremare\/wp-json\/wp\/v2\/media\/14104"}],"wp:attachment":[{"href":"https:\/\/www.aics.gov.it\/oltremare\/wp-json\/wp\/v2\/media?parent=14102"}],"wp:term":[{"taxonomy":"category","embeddable":true,"href":"https:\/\/www.aics.gov.it\/oltremare\/wp-json\/wp\/v2\/categories?post=14102"},{"taxonomy":"post_tag","embeddable":true,"href":"https:\/\/www.aics.gov.it\/oltremare\/wp-json\/wp\/v2\/tags?post=14102"}],"curies":[{"name":"wp","href":"https:\/\/api.w.org\/{rel}","templated":true}]}}