{"id":14277,"date":"2021-11-18T15:17:26","date_gmt":"2021-11-18T14:17:26","guid":{"rendered":"https:\/\/www.aics.gov.it\/oltremare\/?p=14277"},"modified":"2021-11-19T18:18:08","modified_gmt":"2021-11-19T17:18:08","slug":"la-democrazia-africana-al-bivio-imposto-da-covid-19-e-geopolitica","status":"publish","type":"post","link":"https:\/\/www.aics.gov.it\/oltremare\/articoli\/partnership\/la-democrazia-africana-al-bivio-imposto-da-covid-19-e-geopolitica\/","title":{"rendered":"La democrazia africana al bivio imposto da Covid-19 e geopolitica"},"content":{"rendered":"<p>Colpi di Stato, pronunciamenti militari ma anche prese di posizione lontane dal solco della democrazia hanno rimesso in discussione nell\u2019ultimo anno i progressi fatti dal continente africano.<!--more--><br \/>\nE\u2019 a un bivio la democrazia in Africa? L\u2019interrogativo, pi\u00f9 che figlio di una lenta tendenza, sembra prorompere con violenza come conseguenza di colpi di Stato e prese di posizione forti emerse in diversi Paesi del continente nell\u2019ultimo anno. Mali, Guinea e Sudan sono nazioni che hanno sperimentato negli ultimi dodici mesi pi\u00f9 colpi di Stato, tra tentati e riusciti, due a testa Mali e Sudan, uno la Guinea. Ma a questa lista si potrebbe aggiungere il Ciad, dove alla morte violenta di Idriss Deby Itno \u00e8 seguita la presa di potere del figlio Mahamat. E ci sono poi i casi di Paesi segnati da instabilit\u00e0 politica e insicurezza manifesta.<br \/>\n<a href=\"http:\/\/www.cesi-italia.org\/\">Secondo Marco Di Liddo, responsabile del desk Africa al Centro Studi Internazionali (Cesi)<\/a>, dopo i passi avanti significativi che a partire dagli anni Novanta hanno visto progredire il continente, oggi stiamo vivendo \u201cl\u2019epoca dell\u2019inverno africano\u201d. La Guinea e il Sudan sono solo gli esempi pi\u00f9 recenti di colpi di Stato: ecco perch\u00e9 non si pu\u00f2 parlare di casi isolati quanto piuttosto di una tendenza pericolosa. Nella lettura di Di Liddo, tale tendenza si sta verificando in un momento storico che vede Paesi come Russia e Cina affermarsi sempre pi\u00f9 a livello economico e politico \u201ccreando un corpus di relazioni con il continente africano in cui la discriminante democratica e dei diritti non \u00e8 pi\u00f9 fondamentale\u201d.<\/p>\n<p>Uno spunto, quello sulla Cina, condiviso da Jean-L\u00e9onard Touadi; nel corso di una conferenza sul Sudan organizzata dall\u2019Istituto per gli studi di politica internazionale (Ispi), Touadi ha parlato di \u201cdeterioramento democratico\u201d e arretramento della democrazia che sono determinati s\u00ec da fattori interni alle nazioni ma anche da \u201cdinamiche geopolitiche e geostrategiche\u201d.<br \/>\nAd aggravare la situazione c\u2019\u00e8 poi la pandemia, con una congiuntura globale caratterizzata da tensioni economiche e incertezza sanitaria, e classi militari che \u201cstabilizzano\u201d forzatamente societ\u00e0 diventate bombe ad orologeria.<\/p>\n<p>Un effetto, questo del Covid, che gi\u00e0 nel marzo del 2020 (ovvero pochi mesi dopo l\u2019inizio della pandemia) era stato pronosticato da una <a href=\"https:\/\/www.lemonde.fr\/afrique\/article\/2020\/04\/03\/coronavirus-les-experts-du-quai-d-orsay-redoutent-le-coup-de-trop-qui-destabilise-l-afrique_6035470_3212.html\">nota interna del Centro di analisi (Caps) del ministero degli Affari esteri francese. In quel documento, datato 24 marzo 2020 e dal titolo \u201cL\u2019Effetto pangolino: la tempesta in arrivo in Africa?\u201d<\/a>, si metteva in dubbio la capacit\u00e0 di diversi Paesi africani di resistere agli effetti della pandemia. \u201cL\u2019onda d\u2019urto [&#8230;] potrebbe essere un colpo troppo forte per gli apparati statali\u201d, si legge nel rapporto, e negli scenari delineati venivano citate possibili rivolte causate da un numero troppo elevato di morti, dove a farne le spese sarebbero stati i governi di alcuni Stati pi\u00f9 fragili di altri, in particolare nel Sahel e nell\u2019Africa centrale. O rivolte innescate dal venir meno di esponenti politici di alto livello (quindi anche capi di Stato) proprio a causa del virus. O ancora rivolte legate ai rischi economici determinati anche dalle misure di contenimento.<\/p>\n<p>A distanza di quasi due anni, una parte almeno di quelle previsioni si \u00e8 in effetti concretizzata. Se la storia del Covid e delle sue conseguenze deve essere ancora scritta, ci\u00f2 su cui concordano diversi osservatori \u00e8 l\u2019effettiva esistenza di un arretramento democratico del continente africano. D\u2019altro canto, questa nuova situazione non deve sorprendere, <a href=\"https:\/\/www.unimi.it\/it\/ugov\/person\/g-carbone\">sostiene Giovanni Carbone, docente di scienze politiche all\u2019Universit\u00e0 degli Studi di Milano e responsabile del programma Africa dell\u2019Ispi<\/a>. \u201cTale deterioramento va pi\u00f9 che altro letto come una fase di allineamento a una tendenza globale\u201d, dice Carbone, secondo il quale la discriminante risiede in ci\u00f2 che accadr\u00e0 a livello internazionale e, ancora una volta, dall\u2019azione di Paesi come Cina e Russia. Pur sottolineando come negli ultimi anni sul fronte della tenuta democratica il continente abbia dato buona prova di s\u00e9, Carbone vede ora un\u2019Africa che si sta allineando alla tendenza globale tramite forme diverse, la pi\u00f9 preoccupante delle quali \u00e8 quella del ritorno dei colpi di Stato. \u201cNei decenni passati eravamo abituati a vederne uno o pi\u00f9 all\u2019anno, poi c\u2019era stato un arretramento di questo fenomeno. Ora qualcuno ci ha provato, ce l\u2019ha fatta e altri hanno seguito l\u2019esempio\u201d.<\/p>\n<p>Insomma, per dirla con <a href=\"https:\/\/tournonslapage.org\/fr\">Laurent Duarte, segretario esecutivo del movimento internazionale Tournons la page (Voltiamo pagina)<\/a>, si tratta di un \u201cfenomeno pericoloso\u201d che vede i grandi attori internazionali \u201csuperati dagli eventi, intrappolati\u201d. La pericolosit\u00e0 cui fa riferimento Duarte \u00e8 soprattutto legata al concetto di golpe che, come nei casi di Guinea e Mali, possono anche godere di appoggio popolare \u201cperch\u00e9 appaiono come uniche soluzioni possibili\u201d. Cos\u00ec come rischi, secondo Duarte, possono essere determinati da atteggiamenti ambigui di importanti attori internazionali, che paiono valutare lo stesso evento con parametri diversi: \u201cNon ha molto senso dire che il colpo di Stato in Ciad \u00e8 un buon golpe e quello in Mali non lo \u00e8, ovvero che il colonnello Assimi Goita non ha legittimit\u00e0 mentre ne ha il figlio di Idriss Deby Itno dopo trent\u2019anni al potere\u201d sostiene Duarte parlando con InfoAfrica. Si tratta pur sempre, in altre parole, di un colpo alla democrazia. Secondo Duarte, le organizzazioni regionali cos\u00ec come l\u2019Unione Africana sono \u201ccompletamente ingessate\u201d dinanzi ai colpi di Stato. \u201cD\u2019altronde i regimi golpisti non danno molta importanza a sanzioni come l\u2019esclusione dall\u2019Unione Africana o dall\u2019Ecowas, che peraltro non chiudono la porta alla diplomazia. E quanto alle sanzioni economiche &#8211; conclude &#8211; possono non essere determinanti, visto che gli Stati africani sono oggi in grado di andare a negoziare con altri attori\u201d.<\/p>\n<p>&nbsp;<\/p>\n<div style=\"box-shadow: 10px 10px 28px 0px rgba(171,171,171,1); padding: 25px;\">Biografia<br \/>\n<strong>Gianfranco Belgrano<\/strong><br \/>\nNato a Palermo nel 1973, Gianfranco Belgrano \u00e8 un giornalista e si occupa soprattutto di esteri con una predilezione per l\u2019Africa e il Medio Oriente. \u00c8 direttore editoriale del mensile Africa e Affari e dell\u2019agenzia di stampa InfoAfrica, per i quali si sposta spesso nel continente africano. Ha studiato Storia e Lingua dei Paesi arabi e vissuto per alcuni anni tra Tunisia, Siria e Inghilterra prima di trasferirsi a Roma. Ha lavorato o collaborato con varie testate (tra cui L\u2019Ora ed EPolis) e si \u00e8 avvicinato all\u2019Africa con l\u2019agenzia di stampa Misna, lasciata nel 2013 per fondare con alcuni amici e colleghi il gruppo editoriale Internationalia.<img decoding=\"async\" class=\"aligncenter\" src=\"https:\/\/www.aics.gov.it\/oltremare\/wp-content\/uploads\/2020\/04\/belgrano-edit.png\" \/><\/div>\n","protected":false},"excerpt":{"rendered":"<p>Colpi di Stato, pronunciamenti militari ma anche prese di posizione lontane dal solco della democrazia hanno rimesso in discussione nell\u2019ultimo anno i progressi fatti dal continente africano.<\/p>\n","protected":false},"author":6,"featured_media":14278,"comment_status":"open","ping_status":"open","sticky":false,"template":"","format":"standard","meta":{"footnotes":""},"categories":[459],"tags":[193,532,980,978,411,979,499,268,291],"class_list":["post-14277","post","type-post","status-publish","format-standard","has-post-thumbnail","hentry","category-partnership","tag-africa","tag-belgrano","tag-cesi","tag-ciad","tag-guinea","tag-ispi","tag-mali","tag-oltremare","tag-sudan"],"yoast_head":"<!-- This site is optimized with the Yoast SEO plugin v27.4 - https:\/\/yoast.com\/product\/yoast-seo-wordpress\/ -->\n<title>La democrazia africana al bivio imposto da Covid-19 e geopolitica - Oltremare<\/title>\n<meta name=\"description\" content=\"Colpi di Stato, pronunciamenti militari ma anche prese di posizione lontane dal solco della democrazia hanno rimesso in discussione nell\u2019ultimo anno i progressi fatti dal continente africano.\" \/>\n<meta name=\"robots\" content=\"index, follow, max-snippet:-1, max-image-preview:large, max-video-preview:-1\" \/>\n<link rel=\"canonical\" href=\"https:\/\/www.aics.gov.it\/oltremare\/articoli\/partnership\/la-democrazia-africana-al-bivio-imposto-da-covid-19-e-geopolitica\/\" \/>\n<meta property=\"og:locale\" content=\"it_IT\" \/>\n<meta property=\"og:type\" content=\"article\" \/>\n<meta property=\"og:title\" content=\"La democrazia africana al bivio imposto da Covid-19 e geopolitica - Oltremare\" \/>\n<meta property=\"og:description\" content=\"Colpi di Stato, pronunciamenti militari ma anche prese di posizione lontane dal solco della democrazia hanno rimesso in discussione nell\u2019ultimo anno i progressi fatti dal continente africano.\" \/>\n<meta property=\"og:url\" content=\"https:\/\/www.aics.gov.it\/oltremare\/articoli\/partnership\/la-democrazia-africana-al-bivio-imposto-da-covid-19-e-geopolitica\/\" \/>\n<meta property=\"og:site_name\" content=\"Oltremare\" \/>\n<meta property=\"article:publisher\" content=\"https:\/\/www.facebook.com\/Agenzia-Italiana-per-la-Cooperazione-allo-Sviluppo-996004880482735\/\" \/>\n<meta property=\"article:published_time\" content=\"2021-11-18T14:17:26+00:00\" \/>\n<meta property=\"article:modified_time\" content=\"2021-11-19T17:18:08+00:00\" \/>\n<meta property=\"og:image\" content=\"https:\/\/www.aics.gov.it\/oltremare\/wp-content\/uploads\/2021\/11\/Doumbouya.jpg\" \/>\n\t<meta property=\"og:image:width\" content=\"1440\" \/>\n\t<meta property=\"og:image:height\" content=\"961\" \/>\n\t<meta property=\"og:image:type\" content=\"image\/jpeg\" \/>\n<meta name=\"author\" content=\"Gianfranco Belgrano\" \/>\n<meta name=\"twitter:card\" content=\"summary_large_image\" \/>\n<meta name=\"twitter:creator\" content=\"@aics_it\" \/>\n<meta name=\"twitter:site\" content=\"@aics_it\" \/>\n<meta name=\"twitter:label1\" content=\"Scritto da\" \/>\n\t<meta name=\"twitter:data1\" content=\"Gianfranco Belgrano\" \/>\n\t<meta name=\"twitter:label2\" content=\"Tempo di lettura stimato\" \/>\n\t<meta name=\"twitter:data2\" content=\"4 minuti\" \/>\n<script type=\"application\/ld+json\" class=\"yoast-schema-graph\">{\"@context\":\"https:\\\/\\\/schema.org\",\"@graph\":[{\"@type\":\"Article\",\"@id\":\"https:\\\/\\\/www.aics.gov.it\\\/oltremare\\\/articoli\\\/partnership\\\/la-democrazia-africana-al-bivio-imposto-da-covid-19-e-geopolitica\\\/#article\",\"isPartOf\":{\"@id\":\"https:\\\/\\\/www.aics.gov.it\\\/oltremare\\\/articoli\\\/partnership\\\/la-democrazia-africana-al-bivio-imposto-da-covid-19-e-geopolitica\\\/\"},\"author\":{\"name\":\"Gianfranco Belgrano\",\"@id\":\"https:\\\/\\\/www.aics.gov.it\\\/oltremare\\\/#\\\/schema\\\/person\\\/bbd39a2edf13a8b780ad8d877998928e\"},\"headline\":\"La democrazia africana al bivio imposto da Covid-19 e geopolitica\",\"datePublished\":\"2021-11-18T14:17:26+00:00\",\"dateModified\":\"2021-11-19T17:18:08+00:00\",\"mainEntityOfPage\":{\"@id\":\"https:\\\/\\\/www.aics.gov.it\\\/oltremare\\\/articoli\\\/partnership\\\/la-democrazia-africana-al-bivio-imposto-da-covid-19-e-geopolitica\\\/\"},\"wordCount\":1042,\"commentCount\":0,\"publisher\":{\"@id\":\"https:\\\/\\\/www.aics.gov.it\\\/oltremare\\\/#organization\"},\"image\":{\"@id\":\"https:\\\/\\\/www.aics.gov.it\\\/oltremare\\\/articoli\\\/partnership\\\/la-democrazia-africana-al-bivio-imposto-da-covid-19-e-geopolitica\\\/#primaryimage\"},\"thumbnailUrl\":\"https:\\\/\\\/www.aics.gov.it\\\/oltremare\\\/wp-content\\\/uploads\\\/2021\\\/11\\\/Doumbouya.jpg\",\"keywords\":[\"Africa\",\"Belgrano\",\"Cesi\",\"Ciad\",\"Guinea\",\"Ispi\",\"Mali\",\"Oltremare\",\"Sudan\"],\"articleSection\":[\"Partnership\"],\"inLanguage\":\"it-IT\",\"potentialAction\":[{\"@type\":\"CommentAction\",\"name\":\"Comment\",\"target\":[\"https:\\\/\\\/www.aics.gov.it\\\/oltremare\\\/articoli\\\/partnership\\\/la-democrazia-africana-al-bivio-imposto-da-covid-19-e-geopolitica\\\/#respond\"]}]},{\"@type\":\"WebPage\",\"@id\":\"https:\\\/\\\/www.aics.gov.it\\\/oltremare\\\/articoli\\\/partnership\\\/la-democrazia-africana-al-bivio-imposto-da-covid-19-e-geopolitica\\\/\",\"url\":\"https:\\\/\\\/www.aics.gov.it\\\/oltremare\\\/articoli\\\/partnership\\\/la-democrazia-africana-al-bivio-imposto-da-covid-19-e-geopolitica\\\/\",\"name\":\"La democrazia africana al bivio imposto da Covid-19 e geopolitica - Oltremare\",\"isPartOf\":{\"@id\":\"https:\\\/\\\/www.aics.gov.it\\\/oltremare\\\/#website\"},\"primaryImageOfPage\":{\"@id\":\"https:\\\/\\\/www.aics.gov.it\\\/oltremare\\\/articoli\\\/partnership\\\/la-democrazia-africana-al-bivio-imposto-da-covid-19-e-geopolitica\\\/#primaryimage\"},\"image\":{\"@id\":\"https:\\\/\\\/www.aics.gov.it\\\/oltremare\\\/articoli\\\/partnership\\\/la-democrazia-africana-al-bivio-imposto-da-covid-19-e-geopolitica\\\/#primaryimage\"},\"thumbnailUrl\":\"https:\\\/\\\/www.aics.gov.it\\\/oltremare\\\/wp-content\\\/uploads\\\/2021\\\/11\\\/Doumbouya.jpg\",\"datePublished\":\"2021-11-18T14:17:26+00:00\",\"dateModified\":\"2021-11-19T17:18:08+00:00\",\"description\":\"Colpi di Stato, pronunciamenti militari ma anche prese di posizione lontane dal solco della democrazia hanno rimesso in discussione nell\u2019ultimo anno i progressi fatti dal continente africano.\",\"breadcrumb\":{\"@id\":\"https:\\\/\\\/www.aics.gov.it\\\/oltremare\\\/articoli\\\/partnership\\\/la-democrazia-africana-al-bivio-imposto-da-covid-19-e-geopolitica\\\/#breadcrumb\"},\"inLanguage\":\"it-IT\",\"potentialAction\":[{\"@type\":\"ReadAction\",\"target\":[\"https:\\\/\\\/www.aics.gov.it\\\/oltremare\\\/articoli\\\/partnership\\\/la-democrazia-africana-al-bivio-imposto-da-covid-19-e-geopolitica\\\/\"]}]},{\"@type\":\"ImageObject\",\"inLanguage\":\"it-IT\",\"@id\":\"https:\\\/\\\/www.aics.gov.it\\\/oltremare\\\/articoli\\\/partnership\\\/la-democrazia-africana-al-bivio-imposto-da-covid-19-e-geopolitica\\\/#primaryimage\",\"url\":\"https:\\\/\\\/www.aics.gov.it\\\/oltremare\\\/wp-content\\\/uploads\\\/2021\\\/11\\\/Doumbouya.jpg\",\"contentUrl\":\"https:\\\/\\\/www.aics.gov.it\\\/oltremare\\\/wp-content\\\/uploads\\\/2021\\\/11\\\/Doumbouya.jpg\",\"width\":1440,\"height\":961},{\"@type\":\"BreadcrumbList\",\"@id\":\"https:\\\/\\\/www.aics.gov.it\\\/oltremare\\\/articoli\\\/partnership\\\/la-democrazia-africana-al-bivio-imposto-da-covid-19-e-geopolitica\\\/#breadcrumb\",\"itemListElement\":[{\"@type\":\"ListItem\",\"position\":1,\"name\":\"Home\",\"item\":\"https:\\\/\\\/www.aics.gov.it\\\/oltremare\\\/\"},{\"@type\":\"ListItem\",\"position\":2,\"name\":\"La democrazia africana al bivio imposto da Covid-19 e geopolitica\"}]},{\"@type\":\"WebSite\",\"@id\":\"https:\\\/\\\/www.aics.gov.it\\\/oltremare\\\/#website\",\"url\":\"https:\\\/\\\/www.aics.gov.it\\\/oltremare\\\/\",\"name\":\"Oltremare\",\"description\":\"Il Blog della cooperazione\",\"publisher\":{\"@id\":\"https:\\\/\\\/www.aics.gov.it\\\/oltremare\\\/#organization\"},\"potentialAction\":[{\"@type\":\"SearchAction\",\"target\":{\"@type\":\"EntryPoint\",\"urlTemplate\":\"https:\\\/\\\/www.aics.gov.it\\\/oltremare\\\/?s={search_term_string}\"},\"query-input\":{\"@type\":\"PropertyValueSpecification\",\"valueRequired\":true,\"valueName\":\"search_term_string\"}}],\"inLanguage\":\"it-IT\"},{\"@type\":\"Organization\",\"@id\":\"https:\\\/\\\/www.aics.gov.it\\\/oltremare\\\/#organization\",\"name\":\"Agenzia Italiana per la Cooperazione allo Sviluppo\",\"url\":\"https:\\\/\\\/www.aics.gov.it\\\/oltremare\\\/\",\"logo\":{\"@type\":\"ImageObject\",\"inLanguage\":\"it-IT\",\"@id\":\"https:\\\/\\\/www.aics.gov.it\\\/oltremare\\\/#\\\/schema\\\/logo\\\/image\\\/\",\"url\":\"https:\\\/\\\/www.aics.gov.it\\\/oltremare\\\/wp-content\\\/uploads\\\/2018\\\/02\\\/AICS_HEADER_530x130_EC1-e1518178146163.jpg\",\"contentUrl\":\"https:\\\/\\\/www.aics.gov.it\\\/oltremare\\\/wp-content\\\/uploads\\\/2018\\\/02\\\/AICS_HEADER_530x130_EC1-e1518178146163.jpg\",\"width\":300,\"height\":74,\"caption\":\"Agenzia Italiana per la Cooperazione allo Sviluppo\"},\"image\":{\"@id\":\"https:\\\/\\\/www.aics.gov.it\\\/oltremare\\\/#\\\/schema\\\/logo\\\/image\\\/\"},\"sameAs\":[\"https:\\\/\\\/www.facebook.com\\\/Agenzia-Italiana-per-la-Cooperazione-allo-Sviluppo-996004880482735\\\/\",\"https:\\\/\\\/x.com\\\/aics_it\",\"https:\\\/\\\/www.instagram.com\\\/aics_cooperazione_it\\\/\",\"https:\\\/\\\/www.youtube.com\\\/channel\\\/UCbssygnjreKD1Se1mDeCQ5w\"]},{\"@type\":\"Person\",\"@id\":\"https:\\\/\\\/www.aics.gov.it\\\/oltremare\\\/#\\\/schema\\\/person\\\/bbd39a2edf13a8b780ad8d877998928e\",\"name\":\"Gianfranco Belgrano\",\"image\":{\"@type\":\"ImageObject\",\"inLanguage\":\"it-IT\",\"@id\":\"https:\\\/\\\/www.aics.gov.it\\\/oltremare\\\/wp-content\\\/uploads\\\/2018\\\/08\\\/gianfranco-belgrano1.jpg\",\"url\":\"https:\\\/\\\/www.aics.gov.it\\\/oltremare\\\/wp-content\\\/uploads\\\/2018\\\/08\\\/gianfranco-belgrano1.jpg\",\"contentUrl\":\"https:\\\/\\\/www.aics.gov.it\\\/oltremare\\\/wp-content\\\/uploads\\\/2018\\\/08\\\/gianfranco-belgrano1.jpg\",\"caption\":\"Gianfranco Belgrano\"},\"url\":\"https:\\\/\\\/www.aics.gov.it\\\/oltremare\\\/author\\\/gianfrancobelgrano\\\/\"}]}<\/script>\n<!-- \/ Yoast SEO plugin. -->","yoast_head_json":{"title":"La democrazia africana al bivio imposto da Covid-19 e geopolitica - Oltremare","description":"Colpi di Stato, pronunciamenti militari ma anche prese di posizione lontane dal solco della democrazia hanno rimesso in discussione nell\u2019ultimo anno i progressi fatti dal continente africano.","robots":{"index":"index","follow":"follow","max-snippet":"max-snippet:-1","max-image-preview":"max-image-preview:large","max-video-preview":"max-video-preview:-1"},"canonical":"https:\/\/www.aics.gov.it\/oltremare\/articoli\/partnership\/la-democrazia-africana-al-bivio-imposto-da-covid-19-e-geopolitica\/","og_locale":"it_IT","og_type":"article","og_title":"La democrazia africana al bivio imposto da Covid-19 e geopolitica - Oltremare","og_description":"Colpi di Stato, pronunciamenti militari ma anche prese di posizione lontane dal solco della democrazia hanno rimesso in discussione nell\u2019ultimo anno i progressi fatti dal continente africano.","og_url":"https:\/\/www.aics.gov.it\/oltremare\/articoli\/partnership\/la-democrazia-africana-al-bivio-imposto-da-covid-19-e-geopolitica\/","og_site_name":"Oltremare","article_publisher":"https:\/\/www.facebook.com\/Agenzia-Italiana-per-la-Cooperazione-allo-Sviluppo-996004880482735\/","article_published_time":"2021-11-18T14:17:26+00:00","article_modified_time":"2021-11-19T17:18:08+00:00","og_image":[{"width":1440,"height":961,"url":"https:\/\/www.aics.gov.it\/oltremare\/wp-content\/uploads\/2021\/11\/Doumbouya.jpg","type":"image\/jpeg"}],"author":"Gianfranco Belgrano","twitter_card":"summary_large_image","twitter_creator":"@aics_it","twitter_site":"@aics_it","twitter_misc":{"Scritto da":"Gianfranco Belgrano","Tempo di lettura stimato":"4 minuti"},"schema":{"@context":"https:\/\/schema.org","@graph":[{"@type":"Article","@id":"https:\/\/www.aics.gov.it\/oltremare\/articoli\/partnership\/la-democrazia-africana-al-bivio-imposto-da-covid-19-e-geopolitica\/#article","isPartOf":{"@id":"https:\/\/www.aics.gov.it\/oltremare\/articoli\/partnership\/la-democrazia-africana-al-bivio-imposto-da-covid-19-e-geopolitica\/"},"author":{"name":"Gianfranco Belgrano","@id":"https:\/\/www.aics.gov.it\/oltremare\/#\/schema\/person\/bbd39a2edf13a8b780ad8d877998928e"},"headline":"La democrazia africana al bivio imposto da Covid-19 e geopolitica","datePublished":"2021-11-18T14:17:26+00:00","dateModified":"2021-11-19T17:18:08+00:00","mainEntityOfPage":{"@id":"https:\/\/www.aics.gov.it\/oltremare\/articoli\/partnership\/la-democrazia-africana-al-bivio-imposto-da-covid-19-e-geopolitica\/"},"wordCount":1042,"commentCount":0,"publisher":{"@id":"https:\/\/www.aics.gov.it\/oltremare\/#organization"},"image":{"@id":"https:\/\/www.aics.gov.it\/oltremare\/articoli\/partnership\/la-democrazia-africana-al-bivio-imposto-da-covid-19-e-geopolitica\/#primaryimage"},"thumbnailUrl":"https:\/\/www.aics.gov.it\/oltremare\/wp-content\/uploads\/2021\/11\/Doumbouya.jpg","keywords":["Africa","Belgrano","Cesi","Ciad","Guinea","Ispi","Mali","Oltremare","Sudan"],"articleSection":["Partnership"],"inLanguage":"it-IT","potentialAction":[{"@type":"CommentAction","name":"Comment","target":["https:\/\/www.aics.gov.it\/oltremare\/articoli\/partnership\/la-democrazia-africana-al-bivio-imposto-da-covid-19-e-geopolitica\/#respond"]}]},{"@type":"WebPage","@id":"https:\/\/www.aics.gov.it\/oltremare\/articoli\/partnership\/la-democrazia-africana-al-bivio-imposto-da-covid-19-e-geopolitica\/","url":"https:\/\/www.aics.gov.it\/oltremare\/articoli\/partnership\/la-democrazia-africana-al-bivio-imposto-da-covid-19-e-geopolitica\/","name":"La democrazia africana al bivio imposto da Covid-19 e geopolitica - Oltremare","isPartOf":{"@id":"https:\/\/www.aics.gov.it\/oltremare\/#website"},"primaryImageOfPage":{"@id":"https:\/\/www.aics.gov.it\/oltremare\/articoli\/partnership\/la-democrazia-africana-al-bivio-imposto-da-covid-19-e-geopolitica\/#primaryimage"},"image":{"@id":"https:\/\/www.aics.gov.it\/oltremare\/articoli\/partnership\/la-democrazia-africana-al-bivio-imposto-da-covid-19-e-geopolitica\/#primaryimage"},"thumbnailUrl":"https:\/\/www.aics.gov.it\/oltremare\/wp-content\/uploads\/2021\/11\/Doumbouya.jpg","datePublished":"2021-11-18T14:17:26+00:00","dateModified":"2021-11-19T17:18:08+00:00","description":"Colpi di Stato, pronunciamenti militari ma anche prese di posizione lontane dal solco della democrazia hanno rimesso in discussione nell\u2019ultimo anno i progressi fatti dal continente africano.","breadcrumb":{"@id":"https:\/\/www.aics.gov.it\/oltremare\/articoli\/partnership\/la-democrazia-africana-al-bivio-imposto-da-covid-19-e-geopolitica\/#breadcrumb"},"inLanguage":"it-IT","potentialAction":[{"@type":"ReadAction","target":["https:\/\/www.aics.gov.it\/oltremare\/articoli\/partnership\/la-democrazia-africana-al-bivio-imposto-da-covid-19-e-geopolitica\/"]}]},{"@type":"ImageObject","inLanguage":"it-IT","@id":"https:\/\/www.aics.gov.it\/oltremare\/articoli\/partnership\/la-democrazia-africana-al-bivio-imposto-da-covid-19-e-geopolitica\/#primaryimage","url":"https:\/\/www.aics.gov.it\/oltremare\/wp-content\/uploads\/2021\/11\/Doumbouya.jpg","contentUrl":"https:\/\/www.aics.gov.it\/oltremare\/wp-content\/uploads\/2021\/11\/Doumbouya.jpg","width":1440,"height":961},{"@type":"BreadcrumbList","@id":"https:\/\/www.aics.gov.it\/oltremare\/articoli\/partnership\/la-democrazia-africana-al-bivio-imposto-da-covid-19-e-geopolitica\/#breadcrumb","itemListElement":[{"@type":"ListItem","position":1,"name":"Home","item":"https:\/\/www.aics.gov.it\/oltremare\/"},{"@type":"ListItem","position":2,"name":"La democrazia africana al bivio imposto da Covid-19 e geopolitica"}]},{"@type":"WebSite","@id":"https:\/\/www.aics.gov.it\/oltremare\/#website","url":"https:\/\/www.aics.gov.it\/oltremare\/","name":"Oltremare","description":"Il Blog della cooperazione","publisher":{"@id":"https:\/\/www.aics.gov.it\/oltremare\/#organization"},"potentialAction":[{"@type":"SearchAction","target":{"@type":"EntryPoint","urlTemplate":"https:\/\/www.aics.gov.it\/oltremare\/?s={search_term_string}"},"query-input":{"@type":"PropertyValueSpecification","valueRequired":true,"valueName":"search_term_string"}}],"inLanguage":"it-IT"},{"@type":"Organization","@id":"https:\/\/www.aics.gov.it\/oltremare\/#organization","name":"Agenzia Italiana per la Cooperazione allo Sviluppo","url":"https:\/\/www.aics.gov.it\/oltremare\/","logo":{"@type":"ImageObject","inLanguage":"it-IT","@id":"https:\/\/www.aics.gov.it\/oltremare\/#\/schema\/logo\/image\/","url":"https:\/\/www.aics.gov.it\/oltremare\/wp-content\/uploads\/2018\/02\/AICS_HEADER_530x130_EC1-e1518178146163.jpg","contentUrl":"https:\/\/www.aics.gov.it\/oltremare\/wp-content\/uploads\/2018\/02\/AICS_HEADER_530x130_EC1-e1518178146163.jpg","width":300,"height":74,"caption":"Agenzia Italiana per la Cooperazione allo Sviluppo"},"image":{"@id":"https:\/\/www.aics.gov.it\/oltremare\/#\/schema\/logo\/image\/"},"sameAs":["https:\/\/www.facebook.com\/Agenzia-Italiana-per-la-Cooperazione-allo-Sviluppo-996004880482735\/","https:\/\/x.com\/aics_it","https:\/\/www.instagram.com\/aics_cooperazione_it\/","https:\/\/www.youtube.com\/channel\/UCbssygnjreKD1Se1mDeCQ5w"]},{"@type":"Person","@id":"https:\/\/www.aics.gov.it\/oltremare\/#\/schema\/person\/bbd39a2edf13a8b780ad8d877998928e","name":"Gianfranco Belgrano","image":{"@type":"ImageObject","inLanguage":"it-IT","@id":"https:\/\/www.aics.gov.it\/oltremare\/wp-content\/uploads\/2018\/08\/gianfranco-belgrano1.jpg","url":"https:\/\/www.aics.gov.it\/oltremare\/wp-content\/uploads\/2018\/08\/gianfranco-belgrano1.jpg","contentUrl":"https:\/\/www.aics.gov.it\/oltremare\/wp-content\/uploads\/2018\/08\/gianfranco-belgrano1.jpg","caption":"Gianfranco Belgrano"},"url":"https:\/\/www.aics.gov.it\/oltremare\/author\/gianfrancobelgrano\/"}]}},"_links":{"self":[{"href":"https:\/\/www.aics.gov.it\/oltremare\/wp-json\/wp\/v2\/posts\/14277","targetHints":{"allow":["GET"]}}],"collection":[{"href":"https:\/\/www.aics.gov.it\/oltremare\/wp-json\/wp\/v2\/posts"}],"about":[{"href":"https:\/\/www.aics.gov.it\/oltremare\/wp-json\/wp\/v2\/types\/post"}],"author":[{"embeddable":true,"href":"https:\/\/www.aics.gov.it\/oltremare\/wp-json\/wp\/v2\/users\/6"}],"replies":[{"embeddable":true,"href":"https:\/\/www.aics.gov.it\/oltremare\/wp-json\/wp\/v2\/comments?post=14277"}],"version-history":[{"count":2,"href":"https:\/\/www.aics.gov.it\/oltremare\/wp-json\/wp\/v2\/posts\/14277\/revisions"}],"predecessor-version":[{"id":14280,"href":"https:\/\/www.aics.gov.it\/oltremare\/wp-json\/wp\/v2\/posts\/14277\/revisions\/14280"}],"wp:featuredmedia":[{"embeddable":true,"href":"https:\/\/www.aics.gov.it\/oltremare\/wp-json\/wp\/v2\/media\/14278"}],"wp:attachment":[{"href":"https:\/\/www.aics.gov.it\/oltremare\/wp-json\/wp\/v2\/media?parent=14277"}],"wp:term":[{"taxonomy":"category","embeddable":true,"href":"https:\/\/www.aics.gov.it\/oltremare\/wp-json\/wp\/v2\/categories?post=14277"},{"taxonomy":"post_tag","embeddable":true,"href":"https:\/\/www.aics.gov.it\/oltremare\/wp-json\/wp\/v2\/tags?post=14277"}],"curies":[{"name":"wp","href":"https:\/\/api.w.org\/{rel}","templated":true}]}}