{"id":14281,"date":"2021-11-18T19:17:07","date_gmt":"2021-11-18T18:17:07","guid":{"rendered":"https:\/\/www.aics.gov.it\/oltremare\/?p=14281"},"modified":"2021-11-19T18:14:05","modified_gmt":"2021-11-19T17:14:05","slug":"cop26-il-grande-imbroglio-temuto-dal-continente-africano","status":"publish","type":"post","link":"https:\/\/www.aics.gov.it\/oltremare\/articoli\/prosperita\/cop26-il-grande-imbroglio-temuto-dal-continente-africano\/","title":{"rendered":"Cop26: il grande imbroglio temuto dal continente africano"},"content":{"rendered":"<p>Per chi vive nella parte del nord del mondo la sensibilit\u00e0 per i cambiamenti climatici non pu\u00f2 essere la stessa di chi vive in quel sud del mondo, povero, che non inquina pur subendo gli effetti di chi, nel nord, ha inquinato e si \u00e8 arricchito. \u00c8 una questione di prospettive.<!--more--><\/p>\n<p>Come \u00e8 andata Cop26 per il continente africano? Se Glasgow, in generale, \u00e8 stata vista dagli osservatori come &#8211; nonostante tutto &#8211; un passo avanti e non uno indietro, le discussioni e gli accordi raggiunti nelle sale della citt\u00e0 scozzese sembrano ancora lontani dai bisogni dell\u2019Africa, il cui appello non \u00e8 riuscito a trovare sufficiente sostegno in seno all\u2019assemblea dei rappresentanti dei 196 Paesi della Conferenza delle Parti (Cop) chiamati a trovare strumenti per mettere in cantina i combustibili fossili e aprire a un mondo in grado di ridurre le emissioni inquinanti e preservare i sistemi di vita del pianeta. Per chi vive nella parte del nord del mondo, la parte ricca, la sensibilit\u00e0 per i cambiamenti climatici, per il rispetto della natura e i rischi dell\u2019inquinamento non pu\u00f2 essere la stessa di chi vive in quel sud del mondo, povero, che non inquina pur subendo gli effetti di chi, nel nord, ha inquinato e si \u00e8 arricchito. \u00c8 una questione di prospettive, semplice e allo stesso tempo fondamentale per capire posizioni altrimenti difficili da metabolizzare.<\/p>\n<div id=\"attachment_14331\" style=\"width: 1034px\" class=\"wp-caption aligncenter\"><img loading=\"lazy\" decoding=\"async\" aria-describedby=\"caption-attachment-14331\" class=\"wp-image-14331 size-large\" src=\"https:\/\/www.aics.gov.it\/oltremare\/wp-content\/uploads\/2021\/11\/Deserto-del-Tenere_@InfoAfrca-1024x683.jpg\" alt=\"\" width=\"1024\" height=\"683\" srcset=\"https:\/\/www.aics.gov.it\/oltremare\/wp-content\/uploads\/2021\/11\/Deserto-del-Tenere_@InfoAfrca-1024x683.jpg 1024w, https:\/\/www.aics.gov.it\/oltremare\/wp-content\/uploads\/2021\/11\/Deserto-del-Tenere_@InfoAfrca-600x400.jpg 600w, https:\/\/www.aics.gov.it\/oltremare\/wp-content\/uploads\/2021\/11\/Deserto-del-Tenere_@InfoAfrca-768x512.jpg 768w, https:\/\/www.aics.gov.it\/oltremare\/wp-content\/uploads\/2021\/11\/Deserto-del-Tenere_@InfoAfrca-1536x1024.jpg 1536w\" sizes=\"auto, (max-width: 1024px) 100vw, 1024px\" \/><p id=\"caption-attachment-14331\" class=\"wp-caption-text\"><em>\u00a9 InfoAfrica<\/em><\/p><\/div>\n<p>Qualche dato pu\u00f2 aiutare a capire meglio, fermo restando che un elemento cruciale per lo sviluppo e la crescita dell\u2019Africa nel prossimo futuro sar\u00e0 la capacit\u00e0 o meno di far fronte all\u2019impatto dei cambiamenti climatici e degli eventi naturali estremi. A fronte di un contributo alle emissioni inquinanti globali stimato in solo il 4% del totale, il continente africano \u00e8 oggi il luogo dove gli effetti delle variazioni dei modelli climatici si avvertono maggiormente. Secondo i dati dell\u2019Agenzia governativa statunitense che si occupa di meteorologia e climatologia (Noaa), i dieci anni pi\u00f9 caldi registrati in Africa sono compresi tutti negli ultimi quindici. Un fattore, questo, che gi\u00e0 da solo fornisce abbastanza elementi di riflessione. Ne sono consapevoli in Africa? La risposta \u00e8 s\u00ec. Ed \u00e8 un s\u00ec legato alla continua espansione del Sahara, al venir meno di risorse idriche, al moltiplicarsi di scontri intracomunitari per l\u2019insufficienza di risorse, all\u2019aumento di fenomeni climatici estremi.<br \/>\nCosa pensa dunque l\u2019Africa degli sforzi che un\u2019altra parte del mondo sta facendo per contenere l\u2019aumento delle temperature? La risposta non \u00e8 cos\u00ec semplice e si annida nelle complessit\u00e0 determinate in questa semplice frase: perch\u00e9 dobbiamo sacrificare il nostro sviluppo e ancora una volta pagare noi per gli errori di un mondo che prima ci ha sottratto risorse, ha inquinato e adesso ci impone ancora una volta una sua soluzione mettendo dei paletti alla tanto attesa crescita economica? Certo, la questione \u00e8 delicata, ma l\u2019argomentazione tanto immediata quanto vera nella sua crudezza.<\/p>\n<p>Qualche mese fa, sulle colonne di Foreign Affairs, il tema \u00e8 stato trattato da Yemi Osinbajo con un articolo dal titolo che farebbe accapponare la pelle a Greta Thunberg e che \u00e8 il seguente: \u201cThe Divestment Delusion. Why Banning Fossil Fuel Investments Would Crush Africa\u201d ovvero \u201cL\u2019illusione del disinvestimento. Perch\u00e9 vietare gli investimenti in combustibili fossili schiaccerebbe l\u2019Africa\u201d. Diciamolo subito. Da vice presidente della Nigeria, Osinbajo \u00e8 molto di parte, poich\u00e9 rappresenta il principale produttore di petrolio del continente africano, ma \u00e8 interessante notare che questa \u00e8 la posizione di una parte almeno dell\u2019Africa, la cui voce stenta a farsi sentire anche nei corridoi della Cop. Scrive Osinbajo: \u201cDopo decenni di profitto da petrolio e gas, un numero crescente di nazioni ricche ha vietato o limitato gli investimenti pubblici nei combustibili fossili, incluso il gas naturale. Tali politiche spesso non distinguono tra diversi tipi di combustibili, n\u00e9 considerano il ruolo vitale che alcuni combustibili svolgono nel sostenere la crescita delle economie in via di sviluppo, specialmente nell\u2019Africa subsahariana (\u2026). Limitare gli investimenti nel gas naturale in Africa far\u00e0 poco per limitare le emissioni di carbonio a livello globale, ma molto per danneggiare le prospettive economiche del continente\u201d. Continuando nella lettura, Osinbajo invita a tener conto delle differenze economiche tra i Paesi, parla di un\u2019Africa affamata di energia e sostiene che la transizione energetica pur necessaria non deve avvenire a spese di un\u2019energia accessibile e affidabile per le persone, le citt\u00e0 e l\u2019industria. Al contrario, dovrebbe essere inclusiva, equa e giusta, preservando \u201cil diritto allo sviluppo sostenibile e all\u2019eliminazione della povert\u00e0\u201d. Una riflessione, si diceva, non isolata all\u2019interno del continente africano.<\/p>\n<div id=\"attachment_14333\" style=\"width: 1034px\" class=\"wp-caption aligncenter\"><img loading=\"lazy\" decoding=\"async\" aria-describedby=\"caption-attachment-14333\" class=\"wp-image-14333 size-large\" src=\"https:\/\/www.aics.gov.it\/oltremare\/wp-content\/uploads\/2021\/11\/111-1024x683.jpg\" alt=\"\" width=\"1024\" height=\"683\" srcset=\"https:\/\/www.aics.gov.it\/oltremare\/wp-content\/uploads\/2021\/11\/111-1024x683.jpg 1024w, https:\/\/www.aics.gov.it\/oltremare\/wp-content\/uploads\/2021\/11\/111-600x400.jpg 600w, https:\/\/www.aics.gov.it\/oltremare\/wp-content\/uploads\/2021\/11\/111-768x512.jpg 768w, https:\/\/www.aics.gov.it\/oltremare\/wp-content\/uploads\/2021\/11\/111-1536x1024.jpg 1536w\" sizes=\"auto, (max-width: 1024px) 100vw, 1024px\" \/><p id=\"caption-attachment-14333\" class=\"wp-caption-text\"><em>\u00a9 InfoAfrica<\/em><\/p><\/div>\n<p>La passerella di Glasgow, bench\u00e9 positiva, ancora una volta non ha tenuto conto delle posizioni e delle problematiche di chi sta peggio. La transizione verso un\u2019economia a basse emissioni di carbonio in Africa deve rappresentare un\u2019opportunit\u00e0 di sviluppo e rivelarsi un trampolino per risolvere gli impedimenti strutturali che ancora esistono. \u201cSiamo favorevoli allo stop alle fonti fossili &#8211; ha detto il gabonese Tanguy Gahouma Bekal\u00e9, capo negoziatore del gruppo Africa alla Cop26 &#8211; ma l\u2019Africa ha ancora bisogno di queste fonti per il proprio sviluppo. Non siamo sullo stesso livello: i Paesi ricchi parlano di cambiare modello energetico, noi parliamo di accesso all\u2019energia. Dobbiamo raggiungere alcuni criteri di sviluppo prima di fermare l\u2019utilizzo di queste fonti di energia\u201d.<br \/>\nSulla carta, le richieste che vengono dall\u2019Africa sono ben note ai Paesi ricchi. Quel che \u00e8 mancata per\u00f2 \u00e8 stata la volont\u00e0 di arrivare a soluzioni concrete. \u201cAccogliamo con favore gli sforzi per mitigare le emissioni, aumentare i finanziamenti, sostenere l\u2019adattamento e affrontare le perdite e i danni. Tuttavia, siamo preoccupati che la Cop26 non abbia identificato azioni tangibili per mantenere gli impegni in queste aree, che saranno essenziali per proteggere le comunit\u00e0 vulnerabili in tutto il mondo ed evitare conseguenze devastanti per milioni di rifugiati, sfollati interni e apolidi\u201d ha detto Andrew Harper, consigliere speciale dell\u2019Alto Commissariato delle Nazioni Unite per i Rifugiati (Unhcr). Temi e impegni rinviati al prossimo anno, durante la Cop27 che sar\u00e0 ospitata in Egitto.<\/p>\n<p>&nbsp;<\/p>\n<div style=\"box-shadow: 10px 10px 28px 0px rgba(171,171,171,1); padding: 25px;\">Biografia<br \/>\n<strong>Gianfranco Belgrano<\/strong><br \/>\nNato a Palermo nel 1973, Gianfranco Belgrano \u00e8 un giornalista e si occupa soprattutto di esteri con una predilezione per l\u2019Africa e il Medio Oriente. \u00c8 direttore editoriale del mensile Africa e Affari e dell\u2019agenzia di stampa InfoAfrica, per i quali si sposta spesso nel continente africano. Ha studiato Storia e Lingua dei Paesi arabi e vissuto per alcuni anni tra Tunisia, Siria e Inghilterra prima di trasferirsi a Roma. Ha lavorato o collaborato con varie testate (tra cui L\u2019Ora ed EPolis) e si \u00e8 avvicinato all\u2019Africa con l\u2019agenzia di stampa Misna, lasciata nel 2013 per fondare con alcuni amici e colleghi il gruppo editoriale Internationalia.<img decoding=\"async\" class=\"aligncenter\" src=\"https:\/\/www.aics.gov.it\/oltremare\/wp-content\/uploads\/2020\/04\/belgrano-edit.png\" \/><\/div>\n","protected":false},"excerpt":{"rendered":"<p>Per chi vive nella parte del nord del mondo la sensibilit\u00e0 per i cambiamenti climatici non pu\u00f2 essere la stessa di chi vive in quel sud del mondo, povero, che non inquina pur subendo gli effetti di chi, nel nord, [&hellip;]<\/p>\n","protected":false},"author":6,"featured_media":14282,"comment_status":"open","ping_status":"open","sticky":false,"template":"","format":"standard","meta":{"footnotes":""},"categories":[134],"tags":[193,532,252,606,268,982,981],"class_list":["post-14281","post","type-post","status-publish","format-standard","has-post-thumbnail","hentry","category-prosperita","tag-africa","tag-belgrano","tag-cambiamenti-climatici","tag-cop26","tag-oltremare","tag-osinbajo","tag-transizione-energetica"],"yoast_head":"<!-- This site is optimized with the Yoast SEO plugin v27.4 - https:\/\/yoast.com\/product\/yoast-seo-wordpress\/ -->\n<title>Cop26: il grande imbroglio temuto dal continente africano - Oltremare<\/title>\n<meta name=\"description\" content=\"Per chi vive nella parte del nord del mondo la sensibilit\u00e0 per i cambiamenti climatici non pu\u00f2 essere la stessa di chi vive in quel sud del mondo, povero, che non inquina pur subendo gli effetti di chi, nel nord, ha inquinato e si \u00e8 arricchito. \u00c8 una questione di prospettive.\" \/>\n<meta name=\"robots\" content=\"index, follow, max-snippet:-1, max-image-preview:large, max-video-preview:-1\" \/>\n<link rel=\"canonical\" href=\"https:\/\/www.aics.gov.it\/oltremare\/articoli\/prosperita\/cop26-il-grande-imbroglio-temuto-dal-continente-africano\/\" \/>\n<meta property=\"og:locale\" content=\"it_IT\" \/>\n<meta property=\"og:type\" content=\"article\" \/>\n<meta property=\"og:title\" content=\"Cop26: il grande imbroglio temuto dal continente africano - Oltremare\" \/>\n<meta property=\"og:description\" content=\"Per chi vive nella parte del nord del mondo la sensibilit\u00e0 per i cambiamenti climatici non pu\u00f2 essere la stessa di chi vive in quel sud del mondo, povero, che non inquina pur subendo gli effetti di chi, nel nord, ha inquinato e si \u00e8 arricchito. \u00c8 una questione di prospettive.\" \/>\n<meta property=\"og:url\" content=\"https:\/\/www.aics.gov.it\/oltremare\/articoli\/prosperita\/cop26-il-grande-imbroglio-temuto-dal-continente-africano\/\" \/>\n<meta property=\"og:site_name\" content=\"Oltremare\" \/>\n<meta property=\"article:publisher\" content=\"https:\/\/www.facebook.com\/Agenzia-Italiana-per-la-Cooperazione-allo-Sviluppo-996004880482735\/\" \/>\n<meta property=\"article:published_time\" content=\"2021-11-18T18:17:07+00:00\" \/>\n<meta property=\"article:modified_time\" content=\"2021-11-19T17:14:05+00:00\" \/>\n<meta property=\"og:image\" content=\"https:\/\/www.aics.gov.it\/oltremare\/wp-content\/uploads\/2021\/11\/Burkina-Faso-nei-campi-di-Lao-\u00a9Antonino-Condorelli-scaled.jpg\" \/>\n\t<meta property=\"og:image:width\" content=\"2560\" \/>\n\t<meta property=\"og:image:height\" content=\"1707\" \/>\n\t<meta property=\"og:image:type\" content=\"image\/jpeg\" \/>\n<meta name=\"author\" content=\"Gianfranco Belgrano\" \/>\n<meta name=\"twitter:card\" content=\"summary_large_image\" \/>\n<meta name=\"twitter:creator\" content=\"@aics_it\" \/>\n<meta name=\"twitter:site\" content=\"@aics_it\" \/>\n<meta name=\"twitter:label1\" content=\"Scritto da\" \/>\n\t<meta name=\"twitter:data1\" content=\"Gianfranco Belgrano\" \/>\n\t<meta name=\"twitter:label2\" content=\"Tempo di lettura stimato\" \/>\n\t<meta name=\"twitter:data2\" content=\"6 minuti\" \/>\n<script type=\"application\/ld+json\" class=\"yoast-schema-graph\">{\"@context\":\"https:\\\/\\\/schema.org\",\"@graph\":[{\"@type\":\"Article\",\"@id\":\"https:\\\/\\\/www.aics.gov.it\\\/oltremare\\\/articoli\\\/prosperita\\\/cop26-il-grande-imbroglio-temuto-dal-continente-africano\\\/#article\",\"isPartOf\":{\"@id\":\"https:\\\/\\\/www.aics.gov.it\\\/oltremare\\\/articoli\\\/prosperita\\\/cop26-il-grande-imbroglio-temuto-dal-continente-africano\\\/\"},\"author\":{\"name\":\"Gianfranco Belgrano\",\"@id\":\"https:\\\/\\\/www.aics.gov.it\\\/oltremare\\\/#\\\/schema\\\/person\\\/bbd39a2edf13a8b780ad8d877998928e\"},\"headline\":\"Cop26: il grande imbroglio temuto dal continente africano\",\"datePublished\":\"2021-11-18T18:17:07+00:00\",\"dateModified\":\"2021-11-19T17:14:05+00:00\",\"mainEntityOfPage\":{\"@id\":\"https:\\\/\\\/www.aics.gov.it\\\/oltremare\\\/articoli\\\/prosperita\\\/cop26-il-grande-imbroglio-temuto-dal-continente-africano\\\/\"},\"wordCount\":1121,\"commentCount\":0,\"publisher\":{\"@id\":\"https:\\\/\\\/www.aics.gov.it\\\/oltremare\\\/#organization\"},\"image\":{\"@id\":\"https:\\\/\\\/www.aics.gov.it\\\/oltremare\\\/articoli\\\/prosperita\\\/cop26-il-grande-imbroglio-temuto-dal-continente-africano\\\/#primaryimage\"},\"thumbnailUrl\":\"https:\\\/\\\/www.aics.gov.it\\\/oltremare\\\/wp-content\\\/uploads\\\/2021\\\/11\\\/Burkina-Faso-nei-campi-di-Lao-\u00a9Antonino-Condorelli-scaled.jpg\",\"keywords\":[\"Africa\",\"Belgrano\",\"cambiamenti climatici\",\"COP26\",\"Oltremare\",\"Osinbajo\",\"Transizione energetica\"],\"articleSection\":[\"Prosperit\u00e0\"],\"inLanguage\":\"it-IT\",\"potentialAction\":[{\"@type\":\"CommentAction\",\"name\":\"Comment\",\"target\":[\"https:\\\/\\\/www.aics.gov.it\\\/oltremare\\\/articoli\\\/prosperita\\\/cop26-il-grande-imbroglio-temuto-dal-continente-africano\\\/#respond\"]}]},{\"@type\":\"WebPage\",\"@id\":\"https:\\\/\\\/www.aics.gov.it\\\/oltremare\\\/articoli\\\/prosperita\\\/cop26-il-grande-imbroglio-temuto-dal-continente-africano\\\/\",\"url\":\"https:\\\/\\\/www.aics.gov.it\\\/oltremare\\\/articoli\\\/prosperita\\\/cop26-il-grande-imbroglio-temuto-dal-continente-africano\\\/\",\"name\":\"Cop26: il grande imbroglio temuto dal continente africano - Oltremare\",\"isPartOf\":{\"@id\":\"https:\\\/\\\/www.aics.gov.it\\\/oltremare\\\/#website\"},\"primaryImageOfPage\":{\"@id\":\"https:\\\/\\\/www.aics.gov.it\\\/oltremare\\\/articoli\\\/prosperita\\\/cop26-il-grande-imbroglio-temuto-dal-continente-africano\\\/#primaryimage\"},\"image\":{\"@id\":\"https:\\\/\\\/www.aics.gov.it\\\/oltremare\\\/articoli\\\/prosperita\\\/cop26-il-grande-imbroglio-temuto-dal-continente-africano\\\/#primaryimage\"},\"thumbnailUrl\":\"https:\\\/\\\/www.aics.gov.it\\\/oltremare\\\/wp-content\\\/uploads\\\/2021\\\/11\\\/Burkina-Faso-nei-campi-di-Lao-\u00a9Antonino-Condorelli-scaled.jpg\",\"datePublished\":\"2021-11-18T18:17:07+00:00\",\"dateModified\":\"2021-11-19T17:14:05+00:00\",\"description\":\"Per chi vive nella parte del nord del mondo la sensibilit\u00e0 per i cambiamenti climatici non pu\u00f2 essere la stessa di chi vive in quel sud del mondo, povero, che non inquina pur subendo gli effetti di chi, nel nord, ha inquinato e si \u00e8 arricchito. \u00c8 una questione di prospettive.\",\"breadcrumb\":{\"@id\":\"https:\\\/\\\/www.aics.gov.it\\\/oltremare\\\/articoli\\\/prosperita\\\/cop26-il-grande-imbroglio-temuto-dal-continente-africano\\\/#breadcrumb\"},\"inLanguage\":\"it-IT\",\"potentialAction\":[{\"@type\":\"ReadAction\",\"target\":[\"https:\\\/\\\/www.aics.gov.it\\\/oltremare\\\/articoli\\\/prosperita\\\/cop26-il-grande-imbroglio-temuto-dal-continente-africano\\\/\"]}]},{\"@type\":\"ImageObject\",\"inLanguage\":\"it-IT\",\"@id\":\"https:\\\/\\\/www.aics.gov.it\\\/oltremare\\\/articoli\\\/prosperita\\\/cop26-il-grande-imbroglio-temuto-dal-continente-africano\\\/#primaryimage\",\"url\":\"https:\\\/\\\/www.aics.gov.it\\\/oltremare\\\/wp-content\\\/uploads\\\/2021\\\/11\\\/Burkina-Faso-nei-campi-di-Lao-\u00a9Antonino-Condorelli-scaled.jpg\",\"contentUrl\":\"https:\\\/\\\/www.aics.gov.it\\\/oltremare\\\/wp-content\\\/uploads\\\/2021\\\/11\\\/Burkina-Faso-nei-campi-di-Lao-\u00a9Antonino-Condorelli-scaled.jpg\",\"width\":2560,\"height\":1707,\"caption\":\"\u00a9Antonino Condorelli\"},{\"@type\":\"BreadcrumbList\",\"@id\":\"https:\\\/\\\/www.aics.gov.it\\\/oltremare\\\/articoli\\\/prosperita\\\/cop26-il-grande-imbroglio-temuto-dal-continente-africano\\\/#breadcrumb\",\"itemListElement\":[{\"@type\":\"ListItem\",\"position\":1,\"name\":\"Home\",\"item\":\"https:\\\/\\\/www.aics.gov.it\\\/oltremare\\\/\"},{\"@type\":\"ListItem\",\"position\":2,\"name\":\"Cop26: il grande imbroglio temuto dal continente africano\"}]},{\"@type\":\"WebSite\",\"@id\":\"https:\\\/\\\/www.aics.gov.it\\\/oltremare\\\/#website\",\"url\":\"https:\\\/\\\/www.aics.gov.it\\\/oltremare\\\/\",\"name\":\"Oltremare\",\"description\":\"Il Blog della cooperazione\",\"publisher\":{\"@id\":\"https:\\\/\\\/www.aics.gov.it\\\/oltremare\\\/#organization\"},\"potentialAction\":[{\"@type\":\"SearchAction\",\"target\":{\"@type\":\"EntryPoint\",\"urlTemplate\":\"https:\\\/\\\/www.aics.gov.it\\\/oltremare\\\/?s={search_term_string}\"},\"query-input\":{\"@type\":\"PropertyValueSpecification\",\"valueRequired\":true,\"valueName\":\"search_term_string\"}}],\"inLanguage\":\"it-IT\"},{\"@type\":\"Organization\",\"@id\":\"https:\\\/\\\/www.aics.gov.it\\\/oltremare\\\/#organization\",\"name\":\"Agenzia Italiana per la Cooperazione allo Sviluppo\",\"url\":\"https:\\\/\\\/www.aics.gov.it\\\/oltremare\\\/\",\"logo\":{\"@type\":\"ImageObject\",\"inLanguage\":\"it-IT\",\"@id\":\"https:\\\/\\\/www.aics.gov.it\\\/oltremare\\\/#\\\/schema\\\/logo\\\/image\\\/\",\"url\":\"https:\\\/\\\/www.aics.gov.it\\\/oltremare\\\/wp-content\\\/uploads\\\/2018\\\/02\\\/AICS_HEADER_530x130_EC1-e1518178146163.jpg\",\"contentUrl\":\"https:\\\/\\\/www.aics.gov.it\\\/oltremare\\\/wp-content\\\/uploads\\\/2018\\\/02\\\/AICS_HEADER_530x130_EC1-e1518178146163.jpg\",\"width\":300,\"height\":74,\"caption\":\"Agenzia Italiana per la Cooperazione allo Sviluppo\"},\"image\":{\"@id\":\"https:\\\/\\\/www.aics.gov.it\\\/oltremare\\\/#\\\/schema\\\/logo\\\/image\\\/\"},\"sameAs\":[\"https:\\\/\\\/www.facebook.com\\\/Agenzia-Italiana-per-la-Cooperazione-allo-Sviluppo-996004880482735\\\/\",\"https:\\\/\\\/x.com\\\/aics_it\",\"https:\\\/\\\/www.instagram.com\\\/aics_cooperazione_it\\\/\",\"https:\\\/\\\/www.youtube.com\\\/channel\\\/UCbssygnjreKD1Se1mDeCQ5w\"]},{\"@type\":\"Person\",\"@id\":\"https:\\\/\\\/www.aics.gov.it\\\/oltremare\\\/#\\\/schema\\\/person\\\/bbd39a2edf13a8b780ad8d877998928e\",\"name\":\"Gianfranco Belgrano\",\"image\":{\"@type\":\"ImageObject\",\"inLanguage\":\"it-IT\",\"@id\":\"https:\\\/\\\/www.aics.gov.it\\\/oltremare\\\/wp-content\\\/uploads\\\/2018\\\/08\\\/gianfranco-belgrano1.jpg\",\"url\":\"https:\\\/\\\/www.aics.gov.it\\\/oltremare\\\/wp-content\\\/uploads\\\/2018\\\/08\\\/gianfranco-belgrano1.jpg\",\"contentUrl\":\"https:\\\/\\\/www.aics.gov.it\\\/oltremare\\\/wp-content\\\/uploads\\\/2018\\\/08\\\/gianfranco-belgrano1.jpg\",\"caption\":\"Gianfranco Belgrano\"},\"url\":\"https:\\\/\\\/www.aics.gov.it\\\/oltremare\\\/author\\\/gianfrancobelgrano\\\/\"}]}<\/script>\n<!-- \/ Yoast SEO plugin. -->","yoast_head_json":{"title":"Cop26: il grande imbroglio temuto dal continente africano - Oltremare","description":"Per chi vive nella parte del nord del mondo la sensibilit\u00e0 per i cambiamenti climatici non pu\u00f2 essere la stessa di chi vive in quel sud del mondo, povero, che non inquina pur subendo gli effetti di chi, nel nord, ha inquinato e si \u00e8 arricchito. \u00c8 una questione di prospettive.","robots":{"index":"index","follow":"follow","max-snippet":"max-snippet:-1","max-image-preview":"max-image-preview:large","max-video-preview":"max-video-preview:-1"},"canonical":"https:\/\/www.aics.gov.it\/oltremare\/articoli\/prosperita\/cop26-il-grande-imbroglio-temuto-dal-continente-africano\/","og_locale":"it_IT","og_type":"article","og_title":"Cop26: il grande imbroglio temuto dal continente africano - Oltremare","og_description":"Per chi vive nella parte del nord del mondo la sensibilit\u00e0 per i cambiamenti climatici non pu\u00f2 essere la stessa di chi vive in quel sud del mondo, povero, che non inquina pur subendo gli effetti di chi, nel nord, ha inquinato e si \u00e8 arricchito. \u00c8 una questione di prospettive.","og_url":"https:\/\/www.aics.gov.it\/oltremare\/articoli\/prosperita\/cop26-il-grande-imbroglio-temuto-dal-continente-africano\/","og_site_name":"Oltremare","article_publisher":"https:\/\/www.facebook.com\/Agenzia-Italiana-per-la-Cooperazione-allo-Sviluppo-996004880482735\/","article_published_time":"2021-11-18T18:17:07+00:00","article_modified_time":"2021-11-19T17:14:05+00:00","og_image":[{"width":2560,"height":1707,"url":"https:\/\/www.aics.gov.it\/oltremare\/wp-content\/uploads\/2021\/11\/Burkina-Faso-nei-campi-di-Lao-\u00a9Antonino-Condorelli-scaled.jpg","type":"image\/jpeg"}],"author":"Gianfranco Belgrano","twitter_card":"summary_large_image","twitter_creator":"@aics_it","twitter_site":"@aics_it","twitter_misc":{"Scritto da":"Gianfranco Belgrano","Tempo di lettura stimato":"6 minuti"},"schema":{"@context":"https:\/\/schema.org","@graph":[{"@type":"Article","@id":"https:\/\/www.aics.gov.it\/oltremare\/articoli\/prosperita\/cop26-il-grande-imbroglio-temuto-dal-continente-africano\/#article","isPartOf":{"@id":"https:\/\/www.aics.gov.it\/oltremare\/articoli\/prosperita\/cop26-il-grande-imbroglio-temuto-dal-continente-africano\/"},"author":{"name":"Gianfranco Belgrano","@id":"https:\/\/www.aics.gov.it\/oltremare\/#\/schema\/person\/bbd39a2edf13a8b780ad8d877998928e"},"headline":"Cop26: il grande imbroglio temuto dal continente africano","datePublished":"2021-11-18T18:17:07+00:00","dateModified":"2021-11-19T17:14:05+00:00","mainEntityOfPage":{"@id":"https:\/\/www.aics.gov.it\/oltremare\/articoli\/prosperita\/cop26-il-grande-imbroglio-temuto-dal-continente-africano\/"},"wordCount":1121,"commentCount":0,"publisher":{"@id":"https:\/\/www.aics.gov.it\/oltremare\/#organization"},"image":{"@id":"https:\/\/www.aics.gov.it\/oltremare\/articoli\/prosperita\/cop26-il-grande-imbroglio-temuto-dal-continente-africano\/#primaryimage"},"thumbnailUrl":"https:\/\/www.aics.gov.it\/oltremare\/wp-content\/uploads\/2021\/11\/Burkina-Faso-nei-campi-di-Lao-\u00a9Antonino-Condorelli-scaled.jpg","keywords":["Africa","Belgrano","cambiamenti climatici","COP26","Oltremare","Osinbajo","Transizione energetica"],"articleSection":["Prosperit\u00e0"],"inLanguage":"it-IT","potentialAction":[{"@type":"CommentAction","name":"Comment","target":["https:\/\/www.aics.gov.it\/oltremare\/articoli\/prosperita\/cop26-il-grande-imbroglio-temuto-dal-continente-africano\/#respond"]}]},{"@type":"WebPage","@id":"https:\/\/www.aics.gov.it\/oltremare\/articoli\/prosperita\/cop26-il-grande-imbroglio-temuto-dal-continente-africano\/","url":"https:\/\/www.aics.gov.it\/oltremare\/articoli\/prosperita\/cop26-il-grande-imbroglio-temuto-dal-continente-africano\/","name":"Cop26: il grande imbroglio temuto dal continente africano - Oltremare","isPartOf":{"@id":"https:\/\/www.aics.gov.it\/oltremare\/#website"},"primaryImageOfPage":{"@id":"https:\/\/www.aics.gov.it\/oltremare\/articoli\/prosperita\/cop26-il-grande-imbroglio-temuto-dal-continente-africano\/#primaryimage"},"image":{"@id":"https:\/\/www.aics.gov.it\/oltremare\/articoli\/prosperita\/cop26-il-grande-imbroglio-temuto-dal-continente-africano\/#primaryimage"},"thumbnailUrl":"https:\/\/www.aics.gov.it\/oltremare\/wp-content\/uploads\/2021\/11\/Burkina-Faso-nei-campi-di-Lao-\u00a9Antonino-Condorelli-scaled.jpg","datePublished":"2021-11-18T18:17:07+00:00","dateModified":"2021-11-19T17:14:05+00:00","description":"Per chi vive nella parte del nord del mondo la sensibilit\u00e0 per i cambiamenti climatici non pu\u00f2 essere la stessa di chi vive in quel sud del mondo, povero, che non inquina pur subendo gli effetti di chi, nel nord, ha inquinato e si \u00e8 arricchito. \u00c8 una questione di prospettive.","breadcrumb":{"@id":"https:\/\/www.aics.gov.it\/oltremare\/articoli\/prosperita\/cop26-il-grande-imbroglio-temuto-dal-continente-africano\/#breadcrumb"},"inLanguage":"it-IT","potentialAction":[{"@type":"ReadAction","target":["https:\/\/www.aics.gov.it\/oltremare\/articoli\/prosperita\/cop26-il-grande-imbroglio-temuto-dal-continente-africano\/"]}]},{"@type":"ImageObject","inLanguage":"it-IT","@id":"https:\/\/www.aics.gov.it\/oltremare\/articoli\/prosperita\/cop26-il-grande-imbroglio-temuto-dal-continente-africano\/#primaryimage","url":"https:\/\/www.aics.gov.it\/oltremare\/wp-content\/uploads\/2021\/11\/Burkina-Faso-nei-campi-di-Lao-\u00a9Antonino-Condorelli-scaled.jpg","contentUrl":"https:\/\/www.aics.gov.it\/oltremare\/wp-content\/uploads\/2021\/11\/Burkina-Faso-nei-campi-di-Lao-\u00a9Antonino-Condorelli-scaled.jpg","width":2560,"height":1707,"caption":"\u00a9Antonino Condorelli"},{"@type":"BreadcrumbList","@id":"https:\/\/www.aics.gov.it\/oltremare\/articoli\/prosperita\/cop26-il-grande-imbroglio-temuto-dal-continente-africano\/#breadcrumb","itemListElement":[{"@type":"ListItem","position":1,"name":"Home","item":"https:\/\/www.aics.gov.it\/oltremare\/"},{"@type":"ListItem","position":2,"name":"Cop26: il grande imbroglio temuto dal continente africano"}]},{"@type":"WebSite","@id":"https:\/\/www.aics.gov.it\/oltremare\/#website","url":"https:\/\/www.aics.gov.it\/oltremare\/","name":"Oltremare","description":"Il Blog della cooperazione","publisher":{"@id":"https:\/\/www.aics.gov.it\/oltremare\/#organization"},"potentialAction":[{"@type":"SearchAction","target":{"@type":"EntryPoint","urlTemplate":"https:\/\/www.aics.gov.it\/oltremare\/?s={search_term_string}"},"query-input":{"@type":"PropertyValueSpecification","valueRequired":true,"valueName":"search_term_string"}}],"inLanguage":"it-IT"},{"@type":"Organization","@id":"https:\/\/www.aics.gov.it\/oltremare\/#organization","name":"Agenzia Italiana per la Cooperazione allo Sviluppo","url":"https:\/\/www.aics.gov.it\/oltremare\/","logo":{"@type":"ImageObject","inLanguage":"it-IT","@id":"https:\/\/www.aics.gov.it\/oltremare\/#\/schema\/logo\/image\/","url":"https:\/\/www.aics.gov.it\/oltremare\/wp-content\/uploads\/2018\/02\/AICS_HEADER_530x130_EC1-e1518178146163.jpg","contentUrl":"https:\/\/www.aics.gov.it\/oltremare\/wp-content\/uploads\/2018\/02\/AICS_HEADER_530x130_EC1-e1518178146163.jpg","width":300,"height":74,"caption":"Agenzia Italiana per la Cooperazione allo Sviluppo"},"image":{"@id":"https:\/\/www.aics.gov.it\/oltremare\/#\/schema\/logo\/image\/"},"sameAs":["https:\/\/www.facebook.com\/Agenzia-Italiana-per-la-Cooperazione-allo-Sviluppo-996004880482735\/","https:\/\/x.com\/aics_it","https:\/\/www.instagram.com\/aics_cooperazione_it\/","https:\/\/www.youtube.com\/channel\/UCbssygnjreKD1Se1mDeCQ5w"]},{"@type":"Person","@id":"https:\/\/www.aics.gov.it\/oltremare\/#\/schema\/person\/bbd39a2edf13a8b780ad8d877998928e","name":"Gianfranco Belgrano","image":{"@type":"ImageObject","inLanguage":"it-IT","@id":"https:\/\/www.aics.gov.it\/oltremare\/wp-content\/uploads\/2018\/08\/gianfranco-belgrano1.jpg","url":"https:\/\/www.aics.gov.it\/oltremare\/wp-content\/uploads\/2018\/08\/gianfranco-belgrano1.jpg","contentUrl":"https:\/\/www.aics.gov.it\/oltremare\/wp-content\/uploads\/2018\/08\/gianfranco-belgrano1.jpg","caption":"Gianfranco Belgrano"},"url":"https:\/\/www.aics.gov.it\/oltremare\/author\/gianfrancobelgrano\/"}]}},"_links":{"self":[{"href":"https:\/\/www.aics.gov.it\/oltremare\/wp-json\/wp\/v2\/posts\/14281","targetHints":{"allow":["GET"]}}],"collection":[{"href":"https:\/\/www.aics.gov.it\/oltremare\/wp-json\/wp\/v2\/posts"}],"about":[{"href":"https:\/\/www.aics.gov.it\/oltremare\/wp-json\/wp\/v2\/types\/post"}],"author":[{"embeddable":true,"href":"https:\/\/www.aics.gov.it\/oltremare\/wp-json\/wp\/v2\/users\/6"}],"replies":[{"embeddable":true,"href":"https:\/\/www.aics.gov.it\/oltremare\/wp-json\/wp\/v2\/comments?post=14281"}],"version-history":[{"count":4,"href":"https:\/\/www.aics.gov.it\/oltremare\/wp-json\/wp\/v2\/posts\/14281\/revisions"}],"predecessor-version":[{"id":14332,"href":"https:\/\/www.aics.gov.it\/oltremare\/wp-json\/wp\/v2\/posts\/14281\/revisions\/14332"}],"wp:featuredmedia":[{"embeddable":true,"href":"https:\/\/www.aics.gov.it\/oltremare\/wp-json\/wp\/v2\/media\/14282"}],"wp:attachment":[{"href":"https:\/\/www.aics.gov.it\/oltremare\/wp-json\/wp\/v2\/media?parent=14281"}],"wp:term":[{"taxonomy":"category","embeddable":true,"href":"https:\/\/www.aics.gov.it\/oltremare\/wp-json\/wp\/v2\/categories?post=14281"},{"taxonomy":"post_tag","embeddable":true,"href":"https:\/\/www.aics.gov.it\/oltremare\/wp-json\/wp\/v2\/tags?post=14281"}],"curies":[{"name":"wp","href":"https:\/\/api.w.org\/{rel}","templated":true}]}}