{"id":14989,"date":"2022-02-14T14:37:23","date_gmt":"2022-02-14T13:37:23","guid":{"rendered":"https:\/\/www.aics.gov.it\/oltremare\/?p=14989"},"modified":"2022-02-14T17:56:38","modified_gmt":"2022-02-14T16:56:38","slug":"nel-nord-del-kenya-dove-il-bestiame-conta-piu-di-tutto-la-storia-di-veronica","status":"publish","type":"post","link":"https:\/\/www.aics.gov.it\/oltremare\/rubriche\/storie-di-cooperazione\/nel-nord-del-kenya-dove-il-bestiame-conta-piu-di-tutto-la-storia-di-veronica\/","title":{"rendered":"Nel nord del Kenya, dove il bestiame conta pi\u00f9 di tutto: la storia di Veronica"},"content":{"rendered":"<p>La lotta alla fame nella Contea di Isiolo, con Fondazione Cesvi e ActionAid a fianco delle comunit\u00e0 locali.<!--more--><\/p>\n<p>Incontriamo Veronica nel Villaggio di Kakili &#8211; Contea di Isiolo, uno dei tanti che costellano le zone aride e semi-aride (Asal) del nord del Kenya, tra le pi\u00f9 colpite dagli effetti dei cambiamenti climatici. Qui i lunghi periodi di siccit\u00e0 si alternano a intervalli caratterizzati da intense precipitazioni, con frane e inondazioni. \u201cNon piove da molti mesi\u201d ci raccontano i pochi uomini che incontriamo nel villaggio, \u201cla maggior parte di noi \u00e8 costretta ad allontanarsi, per mesi e mesi, dalle proprie abitazioni e dalle proprie famiglie in cerca di acqua, per abbeverare il bestiame, che viene prima di qualsiasi cosa\u201d. E cos\u00ec alle donne viene lasciata la grande responsabilit\u00e0 di lottare ogni giorno contro la fame: la loro e quella soprattutto dei propri figli.<\/p>\n<div id=\"attachment_14995\" style=\"width: 2570px\" class=\"wp-caption alignleft\"><img loading=\"lazy\" decoding=\"async\" aria-describedby=\"caption-attachment-14995\" class=\"size-full wp-image-14995\" src=\"https:\/\/www.aics.gov.it\/oltremare\/wp-content\/uploads\/2022\/02\/CesviKenya4-scaled.jpg\" alt=\"\" width=\"2560\" height=\"1707\" srcset=\"https:\/\/www.aics.gov.it\/oltremare\/wp-content\/uploads\/2022\/02\/CesviKenya4-scaled.jpg 2560w, https:\/\/www.aics.gov.it\/oltremare\/wp-content\/uploads\/2022\/02\/CesviKenya4-600x400.jpg 600w, https:\/\/www.aics.gov.it\/oltremare\/wp-content\/uploads\/2022\/02\/CesviKenya4-1024x683.jpg 1024w, https:\/\/www.aics.gov.it\/oltremare\/wp-content\/uploads\/2022\/02\/CesviKenya4-768x512.jpg 768w, https:\/\/www.aics.gov.it\/oltremare\/wp-content\/uploads\/2022\/02\/CesviKenya4-1536x1024.jpg 1536w\" sizes=\"auto, (max-width: 2560px) 100vw, 2560px\" \/><p id=\"caption-attachment-14995\" class=\"wp-caption-text\"><em>\u00a9Roger Lo Guarro<\/em><\/p><\/div>\n<p>Le comunit\u00e0 agro-pastorali come quella di appartenenza di Veronica, i Turkana, soffrono di povert\u00e0 estrema a causa degli effetti combinati della diminuzione dei redditi, dell\u2019insicurezza alimentare e in generale della mancanza di alternative fonti di sussistenza sostenibili. Nella zona dell\u2019asal si stima che siano 2.4 milioni le persone che lottano ogni giorno contro la fame e di queste 368 mila soffrono di livelli gravi di malnutrizione; oltre 653 mila bambini nell\u2019et\u00e0 tra i 6 e 59 mesi hanno bisogno di intervento immediato contro la malnutrizione acuta, di questi 142 mila sono gravemente malnutriti (dati Uniced gennaio 2022).<\/p>\n<p>Ed \u00e8 proprio in questa area, ulteriormente messa in ginocchio dall\u2019emergenza sanitaria, che Fondazione Cesvi con ActionAid sta inserendo dei modelli agroecologici alternativi rafforzando le fonti di sussistenza sostenibili, con l\u2019obiettivo di migliorare la sicurezza alimentare e nutrizionale dell\u2019intera comunit\u00e0 con particolare attenzione alle donne e altri soggetti vulnerabili, come gli anziani e i bambini.<br \/>\nNe parliamo con Veronica, una delle nostre 60 beneficiarie del progetto \u201cModelli Agroeocologici di Produzione Sostenibile nelle ASAL del Kenya\u201d (inserire breve scheda progetto) finanziato dall&#8217;Agenzia italiana per la cooperazione allo sviluppo (Aics), che sta per diventare un\u2019allevatrice di pollame e capre dopo aver partecipato ai nostri programmi sulla catena del valore del pollame e Milk Matter. A lei, come a tutte le altre donne inserite nel programma, verranno consegnati tra un paio di mesi dei pulcini e delle capre mentre ha gi\u00e0 seguito una formazione sulle pratiche di allevamento e produttivit\u00e0 sia delle uova che del latte di capra. Quest\u2019ultimo, pi\u00f9 nutriente e digeribile del latte vaccino, \u00e8 particolarmente adatto per soddisfare le esigenze nutrizionali dei bambini, e contribuisce cos\u00ec a prevenire la malnutrizione tra le comunit\u00e0 pastorizie e agro-pastorizie. Il pollo, invece, \u00e8 considerato uno degli animali pi\u00f9 pratici da allevare e quindi adatto ad avviare attivit\u00e0 di generazione di reddito.<\/p>\n<div id=\"attachment_14994\" style=\"width: 2570px\" class=\"wp-caption alignleft\"><img loading=\"lazy\" decoding=\"async\" aria-describedby=\"caption-attachment-14994\" class=\"size-full wp-image-14994\" src=\"https:\/\/www.aics.gov.it\/oltremare\/wp-content\/uploads\/2022\/02\/CesviKenya2-1-scaled.jpg\" alt=\"\" width=\"2560\" height=\"1707\" srcset=\"https:\/\/www.aics.gov.it\/oltremare\/wp-content\/uploads\/2022\/02\/CesviKenya2-1-scaled.jpg 2560w, https:\/\/www.aics.gov.it\/oltremare\/wp-content\/uploads\/2022\/02\/CesviKenya2-1-600x400.jpg 600w, https:\/\/www.aics.gov.it\/oltremare\/wp-content\/uploads\/2022\/02\/CesviKenya2-1-1024x683.jpg 1024w, https:\/\/www.aics.gov.it\/oltremare\/wp-content\/uploads\/2022\/02\/CesviKenya2-1-768x512.jpg 768w, https:\/\/www.aics.gov.it\/oltremare\/wp-content\/uploads\/2022\/02\/CesviKenya2-1-1536x1024.jpg 1536w\" sizes=\"auto, (max-width: 2560px) 100vw, 2560px\" \/><p id=\"caption-attachment-14994\" class=\"wp-caption-text\"><em>\u00a9Roger Lo Guarro<\/em><\/p><\/div>\n<p>Veronica ha 38 anni, vive da sola con cinque figli. Ha un sorriso accogliente e radioso a tratti disarmante. Ci racconta la sua storia, senza perdere mai quella luce e quella energia, anche mentre ripercorre i momenti pi\u00f9 difficili della sua vita.<\/p>\n<p>\u201cMio marito \u00e8 stato ucciso alcuni anni fa, durante uno scontro con il clan dei Borana. Ci hanno rubato tutto il bestiame che avevamo. Sono rimasta cos\u00ec da sola ad occuparmi dei miei figli e per mesi la fame \u00e8 stata la nostra preoccupazione pi\u00f9 grande. Spesso andavamo a dormire senza mangiare nulla. Non potevo permettere che tutto ci\u00f2 accadesse ai miei figli e per questo, quando le leader degli incontri mother to mother support mi hanno parlato di questi progetti, ho pensato che potevo e dovevo farcela, per me ma soprattutto per i miei figli\u201d.<\/p>\n<p>Oggi Veronica \u00e8 molto orgogliosa del percorso che sta facendo, ha gi\u00e0 pianificato come utilizzer\u00e0 al meglio le sue capre e le sue galline grazie ai corsi di formazione e alla consulenza specifica di E4Impact che l\u2019ha supportata a pianificare la sua attivit\u00e0. Un vero e proprio modello di business che le permetter\u00e0 di sfamare la sua famiglia ma anche altri bambini del villaggio: parte del latte in eccesso delle sue capre, verr\u00e0 venduto sul mercato e una parte verr\u00e0 distribuito ai bambini delle famiglie pi\u00f9 vulnerabili del villaggio, un esempio virtuoso di appartenenza alla comunit\u00e0 e di sostegno delle categorie pi\u00f9 deboli.<\/p>\n<div id=\"attachment_14993\" style=\"width: 2570px\" class=\"wp-caption alignleft\"><img loading=\"lazy\" decoding=\"async\" aria-describedby=\"caption-attachment-14993\" class=\"size-full wp-image-14993\" src=\"https:\/\/www.aics.gov.it\/oltremare\/wp-content\/uploads\/2022\/02\/CesviKenya3-1-scaled.jpg\" alt=\"\" width=\"2560\" height=\"1706\" srcset=\"https:\/\/www.aics.gov.it\/oltremare\/wp-content\/uploads\/2022\/02\/CesviKenya3-1-scaled.jpg 2560w, https:\/\/www.aics.gov.it\/oltremare\/wp-content\/uploads\/2022\/02\/CesviKenya3-1-600x400.jpg 600w, https:\/\/www.aics.gov.it\/oltremare\/wp-content\/uploads\/2022\/02\/CesviKenya3-1-1024x683.jpg 1024w, https:\/\/www.aics.gov.it\/oltremare\/wp-content\/uploads\/2022\/02\/CesviKenya3-1-768x512.jpg 768w, https:\/\/www.aics.gov.it\/oltremare\/wp-content\/uploads\/2022\/02\/CesviKenya3-1-1536x1024.jpg 1536w\" sizes=\"auto, (max-width: 2560px) 100vw, 2560px\" \/><p id=\"caption-attachment-14993\" class=\"wp-caption-text\"><em>\u00a9Roger Lo Guarro<\/em><\/p><\/div>\n<p>\u201cPartecipare ai momenti di formazione ha permesso di cambiare la mia vita: dal non aver nulla da dare da mangiare ai miei figli sto per diventare un\u2019allevatrice. Queste capre e queste galline saranno la nostra salvezza. Grazie a loro potr\u00f2 pagare le tasse scolastiche per due delle mie figlie, tra le poche ragazze del villaggio che frequentano la scuola. Nel mio modello di attivit\u00e0 le capre saranno la nostra principale fonte di cibo e di reddito, potr\u00f2 vendere il loro latte e il loro concime per comprare altro cibo. Le uova, invece, un po\u2019 le vender\u00f2 e un po\u2019 le terr\u00f2 per diversificare l\u2019alimentazione della mia famiglia. Con i ricavi delle uova, comprer\u00f2 il mangime per le galline o del mangiare per noi. Le capre e le galline salveranno la mia famiglia\u201d.<\/p>\n<p>Un modello studiato e \u201csognato\u201d nel dettaglio, che permetter\u00e0 alle donne di questo e di altri nove villaggi della Contea di Isiolo, di avviare start up di allevamento del bestiame sia per l&#8217;alimentazione infantile che per la generazione di reddito. Veronica ci mostra gi\u00e0 con entusiasmo i pollai che sta preparando, vicino a casa su delle specie di palafitte \u201cPer evitare, durante la notte, che altri animali possano mangiarli\u201d ci racconta. Qui il bestiame conta pi\u00f9 di ogni altra cosa. \u201cPrima vengono le capre poi le persone; se muoiono le capre non sappiamo cosa dare da mangiare ai nostri figli\u201d aggiunge un anziano del villaggio che assiste incuriosito al nostro incontro rimarcando l\u2019importanza del bestiame per questa comunit\u00e0.<\/p>\n<div id=\"attachment_14996\" style=\"width: 2570px\" class=\"wp-caption alignleft\"><img loading=\"lazy\" decoding=\"async\" aria-describedby=\"caption-attachment-14996\" class=\"size-full wp-image-14996\" src=\"https:\/\/www.aics.gov.it\/oltremare\/wp-content\/uploads\/2022\/02\/CesviKenya5-scaled.jpg\" alt=\"\" width=\"2560\" height=\"1707\" srcset=\"https:\/\/www.aics.gov.it\/oltremare\/wp-content\/uploads\/2022\/02\/CesviKenya5-scaled.jpg 2560w, https:\/\/www.aics.gov.it\/oltremare\/wp-content\/uploads\/2022\/02\/CesviKenya5-600x400.jpg 600w, https:\/\/www.aics.gov.it\/oltremare\/wp-content\/uploads\/2022\/02\/CesviKenya5-1024x683.jpg 1024w, https:\/\/www.aics.gov.it\/oltremare\/wp-content\/uploads\/2022\/02\/CesviKenya5-768x512.jpg 768w, https:\/\/www.aics.gov.it\/oltremare\/wp-content\/uploads\/2022\/02\/CesviKenya5-1536x1024.jpg 1536w\" sizes=\"auto, (max-width: 2560px) 100vw, 2560px\" \/><p id=\"caption-attachment-14996\" class=\"wp-caption-text\"><em>\u00a9Roger Lo Guarro<\/em><\/p><\/div>\n<p>Veronica si occupa della sua famiglia da sola e sta riuscendo a farlo grazie anche ai gruppi di supporto tra madri previsti dal progetto che prevedono azioni di empowerment femminile: i gruppi sono costituiti da 15 madri di qualsiasi et\u00e0 che si incontrano per conoscere e discutere su problematiche riguardanti l\u2019alimentazione e la salute in generale dei propri figli. Veronica \u00e8 una delle mamme pi\u00f9 seguite nel villaggio, \u00e8 un po\u2019 come se fosse la madre di tutti i bambini e la sorella maggiore di tante altre madri. Una leader naturale, forse per il suo carattere dolce ma determinato che le ha permesso di uscire a testa alta dai momenti pi\u00f9 critici della sua vita.<\/p>\n<p>\u201cLa principale sfida che dobbiamo affrontare, insieme alla fame, \u00e8 la siccit\u00e0. Qui non c\u2019\u00e8 nulla, come vedi. Quando arriva la siccit\u00e0 le capre muoiono ed iniziano i nostri problemi: non abbiamo pi\u00f9 latte da vendere e non possiamo comprare cibo. La siccit\u00e0 determina la nostra fame, ciclicamente torna e noi sappiamo quanto possa essere tremenda per noi e i nostri figli\u201d. Al momento nessun membro della sua famiglia soffre di malnutrizione grave anche se in passato \u00e8 stato uno spettro che tutti i suoi figli hanno dovuto combattere quotidianamente.<br \/>\nPer Veronica la consegna dei kit di bestiame sar\u00e0 un nuovo inizio verso una vita pi\u00f9 autonoma, pi\u00f9 sicura, nella quale sar\u00e0 finalmente protagonista del proprio futuro.<\/p>\n<p><strong>IL PROGETTO DELLA COOPERAZIONE ITALIANA\u00a0<\/strong><\/p>\n<p><strong>Denominazione del progetto<\/strong>: Modelli Agroeocologici di Produzione Sostenibile nelle ASAL del Kenya<br \/>\n<strong>Localit\u00e0<\/strong>: Contea di Isiolo, Kenya<br \/>\n<strong>Importo<\/strong>: \u20ac1.809.030<br \/>\n<strong>Durata<\/strong>: 01\/10\/2019 &#8211; 31\/01\/2023, 40 mesi<br \/>\n<strong>Ente finanziatore<\/strong>: Aics<br \/>\n<strong>Ente esecutore: <\/strong>Fondazione Cesvi, ActionAid Italia, ActionAid Kenya, Merti Integrated Development Program (Mid-P)<br \/>\n<strong>Beneficiari diretti e indiretti<\/strong>: 1. 7.800 agro-pastori hanno diversificato i propri mezzi di sussistenza con un approccio agroecologico.<br \/>\n2. La gestione delle risorse naturali \u00e8 stata migliorata per la sostenibilit\u00e0 dell\u2019allevamento di 15.900\u00a0 \u00a0 \u00a0 \u00a0 \u00a0 \u00a0 \u00a0 \u00a0 \u00a0 \u00a0 \u00a0 \u00a0 \u00a0 \u00a0 \u00a0 \u00a0 \u00a0 \u00a0 \u00a0 \u00a0 \u00a0 \u00a0 \u00a0 \u00a0 \u00a0 \u00a0 \u00a0 \u00a0 \u00a0 \u00a0 \u00a0 \u00a0 \u00a0 \u00a0 \u00a0 \u00a0 \u00a0 \u00a0 \u00a0pastori.<br \/>\n3. La collaborazione fra 10 comunit\u00e0 agro-pastorali e le autorit\u00e0 governative rispetto ai temi dello sviluppo\u00a0 \u00a0 \u00a0 \u00a0 \u00a0 \u00a0 \u00a0 \u00a0 \u00a0 \u00a0 \u00a0 \u00a0 \u00a0 \u00a0 \u00a0 \u00a0 \u00a0 \u00a0 \u00a0 \u00a0 \u00a0 \u00a0 \u00a0 \u00a0 \u00a0 \u00a0 \u00a0 \u00a0 \u00a0 \u00a0 \u00a0 \u00a0 \u00a0rurale a livello locale e nazionale \u00e8 incrementata.<\/p>\n<p>Il progetto mira al rafforzamento della resilienza agli shock climatici e di mercato nelle Aree Aride e Semi Aride (ASAL) del Kenya settentrionale. L\u2019obiettivo specifico \u00e8 di migliorare, attraverso il rafforzamento dei mezzi di sussistenza sostenibili la sicurezza alimentare e nutrizionale di 10 comunit\u00e0 pastoralizie e agropastoralizie nella contea di Isiolo \u2013 con particolare attenzione alle donne e agli altri gruppi vulnerabili.<\/p>\n<p>&nbsp;<\/p>\n<p>*Da sempre mi occupo di comunicazione e dopo oltre 10 anni nel profit, ho scelto il non profit. I motivi sono molti. Tra tutti la completa aderenza tra valori personali e quelli lavorativi. Sono una grande appassionata di giustizia sociale e ho la fortuna di contribuire, ogni giorno, a un progresso pi\u00f9 equo, umano e sostenibile. Ho partecipato a diverse missioni sul campo in Africa, Asia ed Europa e ho uno stile di vita green: piccole abitudini che sono il mio contributo per la salvaguardia del Pianeta.<\/p>\n","protected":false},"excerpt":{"rendered":"<p>La lotta alla fame nella Contea di Isiolo, con Fondazione Cesvi e ActionAid a fianco delle comunit\u00e0 locali.<\/p>\n","protected":false},"author":1,"featured_media":14990,"comment_status":"open","ping_status":"open","sticky":false,"template":"","format":"standard","meta":{"footnotes":""},"categories":[143],"tags":[348,241,1055,407,204,337,268],"class_list":["post-14989","post","type-post","status-publish","format-standard","has-post-thumbnail","hentry","category-storie-di-cooperazione","tag-actionaid","tag-aics","tag-asal","tag-cesvi","tag-cooperazione","tag-kenya","tag-oltremare"],"yoast_head":"<!-- This site is optimized with the Yoast SEO plugin v27.5 - https:\/\/yoast.com\/product\/yoast-seo-wordpress\/ -->\n<title>Nel nord del Kenya, dove il bestiame conta pi\u00f9 di tutto: la storia di Veronica - Oltremare<\/title>\n<meta name=\"description\" content=\"La lotta alla fame nella Contea di Isiolo, con Fondazione Cesvi e ActionAid a fianco delle comunit\u00e0 locali.\" \/>\n<meta name=\"robots\" content=\"index, follow, max-snippet:-1, max-image-preview:large, max-video-preview:-1\" \/>\n<link rel=\"canonical\" href=\"https:\/\/www.aics.gov.it\/oltremare\/rubriche\/storie-di-cooperazione\/nel-nord-del-kenya-dove-il-bestiame-conta-piu-di-tutto-la-storia-di-veronica\/\" \/>\n<meta property=\"og:locale\" content=\"it_IT\" \/>\n<meta property=\"og:type\" content=\"article\" \/>\n<meta property=\"og:title\" content=\"Nel nord del Kenya, dove il bestiame conta pi\u00f9 di tutto: la storia di Veronica - Oltremare\" \/>\n<meta property=\"og:description\" content=\"La lotta alla fame nella Contea di Isiolo, con Fondazione Cesvi e ActionAid a fianco delle comunit\u00e0 locali.\" \/>\n<meta property=\"og:url\" content=\"https:\/\/www.aics.gov.it\/oltremare\/rubriche\/storie-di-cooperazione\/nel-nord-del-kenya-dove-il-bestiame-conta-piu-di-tutto-la-storia-di-veronica\/\" \/>\n<meta property=\"og:site_name\" content=\"Oltremare\" \/>\n<meta property=\"article:publisher\" content=\"https:\/\/www.facebook.com\/Agenzia-Italiana-per-la-Cooperazione-allo-Sviluppo-996004880482735\/\" \/>\n<meta property=\"article:published_time\" content=\"2022-02-14T13:37:23+00:00\" \/>\n<meta property=\"article:modified_time\" content=\"2022-02-14T16:56:38+00:00\" \/>\n<meta property=\"og:image\" content=\"https:\/\/www.aics.gov.it\/oltremare\/wp-content\/uploads\/2022\/02\/CesviKenyacopertina--scaled.jpg\" \/>\n\t<meta property=\"og:image:width\" content=\"2560\" \/>\n\t<meta property=\"og:image:height\" content=\"1707\" \/>\n\t<meta property=\"og:image:type\" content=\"image\/jpeg\" \/>\n<meta name=\"author\" content=\"Oltremare\" \/>\n<meta name=\"twitter:card\" content=\"summary_large_image\" \/>\n<meta name=\"twitter:creator\" content=\"@aics_it\" \/>\n<meta name=\"twitter:site\" content=\"@aics_it\" \/>\n<meta name=\"twitter:label1\" content=\"Scritto da\" \/>\n\t<meta name=\"twitter:data1\" content=\"*Simona Denti, communication manager di Fondazione Cesvi\" \/>\n\t<meta name=\"twitter:label2\" content=\"Tempo di lettura stimato\" \/>\n\t<meta name=\"twitter:data2\" content=\"9 minuti\" \/>\n<script type=\"application\/ld+json\" class=\"yoast-schema-graph\">{\"@context\":\"https:\\\/\\\/schema.org\",\"@graph\":[{\"@type\":\"Article\",\"@id\":\"https:\\\/\\\/www.aics.gov.it\\\/oltremare\\\/rubriche\\\/storie-di-cooperazione\\\/nel-nord-del-kenya-dove-il-bestiame-conta-piu-di-tutto-la-storia-di-veronica\\\/#article\",\"isPartOf\":{\"@id\":\"https:\\\/\\\/www.aics.gov.it\\\/oltremare\\\/rubriche\\\/storie-di-cooperazione\\\/nel-nord-del-kenya-dove-il-bestiame-conta-piu-di-tutto-la-storia-di-veronica\\\/\"},\"author\":{\"name\":\"Oltremare\",\"@id\":\"https:\\\/\\\/www.aics.gov.it\\\/oltremare\\\/#\\\/schema\\\/person\\\/839e251090f440ea6a1f960a5050e424\"},\"headline\":\"Nel nord del Kenya, dove il bestiame conta pi\u00f9 di tutto: la storia di Veronica\",\"datePublished\":\"2022-02-14T13:37:23+00:00\",\"dateModified\":\"2022-02-14T16:56:38+00:00\",\"mainEntityOfPage\":{\"@id\":\"https:\\\/\\\/www.aics.gov.it\\\/oltremare\\\/rubriche\\\/storie-di-cooperazione\\\/nel-nord-del-kenya-dove-il-bestiame-conta-piu-di-tutto-la-storia-di-veronica\\\/\"},\"wordCount\":1460,\"commentCount\":0,\"publisher\":{\"@id\":\"https:\\\/\\\/www.aics.gov.it\\\/oltremare\\\/#organization\"},\"image\":{\"@id\":\"https:\\\/\\\/www.aics.gov.it\\\/oltremare\\\/rubriche\\\/storie-di-cooperazione\\\/nel-nord-del-kenya-dove-il-bestiame-conta-piu-di-tutto-la-storia-di-veronica\\\/#primaryimage\"},\"thumbnailUrl\":\"https:\\\/\\\/www.aics.gov.it\\\/oltremare\\\/wp-content\\\/uploads\\\/2022\\\/02\\\/CesviKenyacopertina--scaled.jpg\",\"keywords\":[\"ActionAid\",\"Aics\",\"Asal\",\"Cesvi\",\"cooperazione\",\"Kenya\",\"Oltremare\"],\"articleSection\":[\"Storie di cooperazione\"],\"inLanguage\":\"it-IT\",\"potentialAction\":[{\"@type\":\"CommentAction\",\"name\":\"Comment\",\"target\":[\"https:\\\/\\\/www.aics.gov.it\\\/oltremare\\\/rubriche\\\/storie-di-cooperazione\\\/nel-nord-del-kenya-dove-il-bestiame-conta-piu-di-tutto-la-storia-di-veronica\\\/#respond\"]}]},{\"@type\":\"WebPage\",\"@id\":\"https:\\\/\\\/www.aics.gov.it\\\/oltremare\\\/rubriche\\\/storie-di-cooperazione\\\/nel-nord-del-kenya-dove-il-bestiame-conta-piu-di-tutto-la-storia-di-veronica\\\/\",\"url\":\"https:\\\/\\\/www.aics.gov.it\\\/oltremare\\\/rubriche\\\/storie-di-cooperazione\\\/nel-nord-del-kenya-dove-il-bestiame-conta-piu-di-tutto-la-storia-di-veronica\\\/\",\"name\":\"Nel nord del Kenya, dove il bestiame conta pi\u00f9 di tutto: la storia di Veronica - Oltremare\",\"isPartOf\":{\"@id\":\"https:\\\/\\\/www.aics.gov.it\\\/oltremare\\\/#website\"},\"primaryImageOfPage\":{\"@id\":\"https:\\\/\\\/www.aics.gov.it\\\/oltremare\\\/rubriche\\\/storie-di-cooperazione\\\/nel-nord-del-kenya-dove-il-bestiame-conta-piu-di-tutto-la-storia-di-veronica\\\/#primaryimage\"},\"image\":{\"@id\":\"https:\\\/\\\/www.aics.gov.it\\\/oltremare\\\/rubriche\\\/storie-di-cooperazione\\\/nel-nord-del-kenya-dove-il-bestiame-conta-piu-di-tutto-la-storia-di-veronica\\\/#primaryimage\"},\"thumbnailUrl\":\"https:\\\/\\\/www.aics.gov.it\\\/oltremare\\\/wp-content\\\/uploads\\\/2022\\\/02\\\/CesviKenyacopertina--scaled.jpg\",\"datePublished\":\"2022-02-14T13:37:23+00:00\",\"dateModified\":\"2022-02-14T16:56:38+00:00\",\"description\":\"La lotta alla fame nella Contea di Isiolo, con Fondazione Cesvi e ActionAid a fianco delle comunit\u00e0 locali.\",\"breadcrumb\":{\"@id\":\"https:\\\/\\\/www.aics.gov.it\\\/oltremare\\\/rubriche\\\/storie-di-cooperazione\\\/nel-nord-del-kenya-dove-il-bestiame-conta-piu-di-tutto-la-storia-di-veronica\\\/#breadcrumb\"},\"inLanguage\":\"it-IT\",\"potentialAction\":[{\"@type\":\"ReadAction\",\"target\":[\"https:\\\/\\\/www.aics.gov.it\\\/oltremare\\\/rubriche\\\/storie-di-cooperazione\\\/nel-nord-del-kenya-dove-il-bestiame-conta-piu-di-tutto-la-storia-di-veronica\\\/\"]}]},{\"@type\":\"ImageObject\",\"inLanguage\":\"it-IT\",\"@id\":\"https:\\\/\\\/www.aics.gov.it\\\/oltremare\\\/rubriche\\\/storie-di-cooperazione\\\/nel-nord-del-kenya-dove-il-bestiame-conta-piu-di-tutto-la-storia-di-veronica\\\/#primaryimage\",\"url\":\"https:\\\/\\\/www.aics.gov.it\\\/oltremare\\\/wp-content\\\/uploads\\\/2022\\\/02\\\/CesviKenyacopertina--scaled.jpg\",\"contentUrl\":\"https:\\\/\\\/www.aics.gov.it\\\/oltremare\\\/wp-content\\\/uploads\\\/2022\\\/02\\\/CesviKenyacopertina--scaled.jpg\",\"width\":2560,\"height\":1707,\"caption\":\"\u00a9Roger Lo Guarro.\"},{\"@type\":\"BreadcrumbList\",\"@id\":\"https:\\\/\\\/www.aics.gov.it\\\/oltremare\\\/rubriche\\\/storie-di-cooperazione\\\/nel-nord-del-kenya-dove-il-bestiame-conta-piu-di-tutto-la-storia-di-veronica\\\/#breadcrumb\",\"itemListElement\":[{\"@type\":\"ListItem\",\"position\":1,\"name\":\"Home\",\"item\":\"https:\\\/\\\/www.aics.gov.it\\\/oltremare\\\/\"},{\"@type\":\"ListItem\",\"position\":2,\"name\":\"Nel nord del Kenya, dove il bestiame conta pi\u00f9 di tutto: la storia di Veronica\"}]},{\"@type\":\"WebSite\",\"@id\":\"https:\\\/\\\/www.aics.gov.it\\\/oltremare\\\/#website\",\"url\":\"https:\\\/\\\/www.aics.gov.it\\\/oltremare\\\/\",\"name\":\"Oltremare\",\"description\":\"Il Blog della cooperazione\",\"publisher\":{\"@id\":\"https:\\\/\\\/www.aics.gov.it\\\/oltremare\\\/#organization\"},\"potentialAction\":[{\"@type\":\"SearchAction\",\"target\":{\"@type\":\"EntryPoint\",\"urlTemplate\":\"https:\\\/\\\/www.aics.gov.it\\\/oltremare\\\/?s={search_term_string}\"},\"query-input\":{\"@type\":\"PropertyValueSpecification\",\"valueRequired\":true,\"valueName\":\"search_term_string\"}}],\"inLanguage\":\"it-IT\"},{\"@type\":\"Organization\",\"@id\":\"https:\\\/\\\/www.aics.gov.it\\\/oltremare\\\/#organization\",\"name\":\"Agenzia Italiana per la Cooperazione allo Sviluppo\",\"url\":\"https:\\\/\\\/www.aics.gov.it\\\/oltremare\\\/\",\"logo\":{\"@type\":\"ImageObject\",\"inLanguage\":\"it-IT\",\"@id\":\"https:\\\/\\\/www.aics.gov.it\\\/oltremare\\\/#\\\/schema\\\/logo\\\/image\\\/\",\"url\":\"https:\\\/\\\/www.aics.gov.it\\\/oltremare\\\/wp-content\\\/uploads\\\/2018\\\/02\\\/AICS_HEADER_530x130_EC1-e1518178146163.jpg\",\"contentUrl\":\"https:\\\/\\\/www.aics.gov.it\\\/oltremare\\\/wp-content\\\/uploads\\\/2018\\\/02\\\/AICS_HEADER_530x130_EC1-e1518178146163.jpg\",\"width\":300,\"height\":74,\"caption\":\"Agenzia Italiana per la Cooperazione allo Sviluppo\"},\"image\":{\"@id\":\"https:\\\/\\\/www.aics.gov.it\\\/oltremare\\\/#\\\/schema\\\/logo\\\/image\\\/\"},\"sameAs\":[\"https:\\\/\\\/www.facebook.com\\\/Agenzia-Italiana-per-la-Cooperazione-allo-Sviluppo-996004880482735\\\/\",\"https:\\\/\\\/x.com\\\/aics_it\",\"https:\\\/\\\/www.instagram.com\\\/aics_cooperazione_it\\\/\",\"https:\\\/\\\/www.youtube.com\\\/channel\\\/UCbssygnjreKD1Se1mDeCQ5w\"]},{\"@type\":\"Person\",\"@id\":\"https:\\\/\\\/www.aics.gov.it\\\/oltremare\\\/#\\\/schema\\\/person\\\/839e251090f440ea6a1f960a5050e424\",\"name\":\"Oltremare\",\"image\":{\"@type\":\"ImageObject\",\"inLanguage\":\"it-IT\",\"@id\":\"https:\\\/\\\/secure.gravatar.com\\\/avatar\\\/5bdd54efc610ff3db8c53755c1599daf68165eb144e678103c1ac46fb81fe6a0?s=96&d=mm&r=g\",\"url\":\"https:\\\/\\\/secure.gravatar.com\\\/avatar\\\/5bdd54efc610ff3db8c53755c1599daf68165eb144e678103c1ac46fb81fe6a0?s=96&d=mm&r=g\",\"contentUrl\":\"https:\\\/\\\/secure.gravatar.com\\\/avatar\\\/5bdd54efc610ff3db8c53755c1599daf68165eb144e678103c1ac46fb81fe6a0?s=96&d=mm&r=g\",\"caption\":\"Oltremare\"},\"url\":\"\"}]}<\/script>\n<!-- \/ Yoast SEO plugin. -->","yoast_head_json":{"title":"Nel nord del Kenya, dove il bestiame conta pi\u00f9 di tutto: la storia di Veronica - Oltremare","description":"La lotta alla fame nella Contea di Isiolo, con Fondazione Cesvi e ActionAid a fianco delle comunit\u00e0 locali.","robots":{"index":"index","follow":"follow","max-snippet":"max-snippet:-1","max-image-preview":"max-image-preview:large","max-video-preview":"max-video-preview:-1"},"canonical":"https:\/\/www.aics.gov.it\/oltremare\/rubriche\/storie-di-cooperazione\/nel-nord-del-kenya-dove-il-bestiame-conta-piu-di-tutto-la-storia-di-veronica\/","og_locale":"it_IT","og_type":"article","og_title":"Nel nord del Kenya, dove il bestiame conta pi\u00f9 di tutto: la storia di Veronica - Oltremare","og_description":"La lotta alla fame nella Contea di Isiolo, con Fondazione Cesvi e ActionAid a fianco delle comunit\u00e0 locali.","og_url":"https:\/\/www.aics.gov.it\/oltremare\/rubriche\/storie-di-cooperazione\/nel-nord-del-kenya-dove-il-bestiame-conta-piu-di-tutto-la-storia-di-veronica\/","og_site_name":"Oltremare","article_publisher":"https:\/\/www.facebook.com\/Agenzia-Italiana-per-la-Cooperazione-allo-Sviluppo-996004880482735\/","article_published_time":"2022-02-14T13:37:23+00:00","article_modified_time":"2022-02-14T16:56:38+00:00","og_image":[{"width":2560,"height":1707,"url":"https:\/\/www.aics.gov.it\/oltremare\/wp-content\/uploads\/2022\/02\/CesviKenyacopertina--scaled.jpg","type":"image\/jpeg"}],"author":"Oltremare","twitter_card":"summary_large_image","twitter_creator":"@aics_it","twitter_site":"@aics_it","twitter_misc":{"Scritto da":"*Simona Denti, communication manager di Fondazione Cesvi","Tempo di lettura stimato":"9 minuti"},"schema":{"@context":"https:\/\/schema.org","@graph":[{"@type":"Article","@id":"https:\/\/www.aics.gov.it\/oltremare\/rubriche\/storie-di-cooperazione\/nel-nord-del-kenya-dove-il-bestiame-conta-piu-di-tutto-la-storia-di-veronica\/#article","isPartOf":{"@id":"https:\/\/www.aics.gov.it\/oltremare\/rubriche\/storie-di-cooperazione\/nel-nord-del-kenya-dove-il-bestiame-conta-piu-di-tutto-la-storia-di-veronica\/"},"author":{"name":"Oltremare","@id":"https:\/\/www.aics.gov.it\/oltremare\/#\/schema\/person\/839e251090f440ea6a1f960a5050e424"},"headline":"Nel nord del Kenya, dove il bestiame conta pi\u00f9 di tutto: la storia di Veronica","datePublished":"2022-02-14T13:37:23+00:00","dateModified":"2022-02-14T16:56:38+00:00","mainEntityOfPage":{"@id":"https:\/\/www.aics.gov.it\/oltremare\/rubriche\/storie-di-cooperazione\/nel-nord-del-kenya-dove-il-bestiame-conta-piu-di-tutto-la-storia-di-veronica\/"},"wordCount":1460,"commentCount":0,"publisher":{"@id":"https:\/\/www.aics.gov.it\/oltremare\/#organization"},"image":{"@id":"https:\/\/www.aics.gov.it\/oltremare\/rubriche\/storie-di-cooperazione\/nel-nord-del-kenya-dove-il-bestiame-conta-piu-di-tutto-la-storia-di-veronica\/#primaryimage"},"thumbnailUrl":"https:\/\/www.aics.gov.it\/oltremare\/wp-content\/uploads\/2022\/02\/CesviKenyacopertina--scaled.jpg","keywords":["ActionAid","Aics","Asal","Cesvi","cooperazione","Kenya","Oltremare"],"articleSection":["Storie di cooperazione"],"inLanguage":"it-IT","potentialAction":[{"@type":"CommentAction","name":"Comment","target":["https:\/\/www.aics.gov.it\/oltremare\/rubriche\/storie-di-cooperazione\/nel-nord-del-kenya-dove-il-bestiame-conta-piu-di-tutto-la-storia-di-veronica\/#respond"]}]},{"@type":"WebPage","@id":"https:\/\/www.aics.gov.it\/oltremare\/rubriche\/storie-di-cooperazione\/nel-nord-del-kenya-dove-il-bestiame-conta-piu-di-tutto-la-storia-di-veronica\/","url":"https:\/\/www.aics.gov.it\/oltremare\/rubriche\/storie-di-cooperazione\/nel-nord-del-kenya-dove-il-bestiame-conta-piu-di-tutto-la-storia-di-veronica\/","name":"Nel nord del Kenya, dove il bestiame conta pi\u00f9 di tutto: la storia di Veronica - Oltremare","isPartOf":{"@id":"https:\/\/www.aics.gov.it\/oltremare\/#website"},"primaryImageOfPage":{"@id":"https:\/\/www.aics.gov.it\/oltremare\/rubriche\/storie-di-cooperazione\/nel-nord-del-kenya-dove-il-bestiame-conta-piu-di-tutto-la-storia-di-veronica\/#primaryimage"},"image":{"@id":"https:\/\/www.aics.gov.it\/oltremare\/rubriche\/storie-di-cooperazione\/nel-nord-del-kenya-dove-il-bestiame-conta-piu-di-tutto-la-storia-di-veronica\/#primaryimage"},"thumbnailUrl":"https:\/\/www.aics.gov.it\/oltremare\/wp-content\/uploads\/2022\/02\/CesviKenyacopertina--scaled.jpg","datePublished":"2022-02-14T13:37:23+00:00","dateModified":"2022-02-14T16:56:38+00:00","description":"La lotta alla fame nella Contea di Isiolo, con Fondazione Cesvi e ActionAid a fianco delle comunit\u00e0 locali.","breadcrumb":{"@id":"https:\/\/www.aics.gov.it\/oltremare\/rubriche\/storie-di-cooperazione\/nel-nord-del-kenya-dove-il-bestiame-conta-piu-di-tutto-la-storia-di-veronica\/#breadcrumb"},"inLanguage":"it-IT","potentialAction":[{"@type":"ReadAction","target":["https:\/\/www.aics.gov.it\/oltremare\/rubriche\/storie-di-cooperazione\/nel-nord-del-kenya-dove-il-bestiame-conta-piu-di-tutto-la-storia-di-veronica\/"]}]},{"@type":"ImageObject","inLanguage":"it-IT","@id":"https:\/\/www.aics.gov.it\/oltremare\/rubriche\/storie-di-cooperazione\/nel-nord-del-kenya-dove-il-bestiame-conta-piu-di-tutto-la-storia-di-veronica\/#primaryimage","url":"https:\/\/www.aics.gov.it\/oltremare\/wp-content\/uploads\/2022\/02\/CesviKenyacopertina--scaled.jpg","contentUrl":"https:\/\/www.aics.gov.it\/oltremare\/wp-content\/uploads\/2022\/02\/CesviKenyacopertina--scaled.jpg","width":2560,"height":1707,"caption":"\u00a9Roger Lo Guarro."},{"@type":"BreadcrumbList","@id":"https:\/\/www.aics.gov.it\/oltremare\/rubriche\/storie-di-cooperazione\/nel-nord-del-kenya-dove-il-bestiame-conta-piu-di-tutto-la-storia-di-veronica\/#breadcrumb","itemListElement":[{"@type":"ListItem","position":1,"name":"Home","item":"https:\/\/www.aics.gov.it\/oltremare\/"},{"@type":"ListItem","position":2,"name":"Nel nord del Kenya, dove il bestiame conta pi\u00f9 di tutto: la storia di Veronica"}]},{"@type":"WebSite","@id":"https:\/\/www.aics.gov.it\/oltremare\/#website","url":"https:\/\/www.aics.gov.it\/oltremare\/","name":"Oltremare","description":"Il Blog della cooperazione","publisher":{"@id":"https:\/\/www.aics.gov.it\/oltremare\/#organization"},"potentialAction":[{"@type":"SearchAction","target":{"@type":"EntryPoint","urlTemplate":"https:\/\/www.aics.gov.it\/oltremare\/?s={search_term_string}"},"query-input":{"@type":"PropertyValueSpecification","valueRequired":true,"valueName":"search_term_string"}}],"inLanguage":"it-IT"},{"@type":"Organization","@id":"https:\/\/www.aics.gov.it\/oltremare\/#organization","name":"Agenzia Italiana per la Cooperazione allo Sviluppo","url":"https:\/\/www.aics.gov.it\/oltremare\/","logo":{"@type":"ImageObject","inLanguage":"it-IT","@id":"https:\/\/www.aics.gov.it\/oltremare\/#\/schema\/logo\/image\/","url":"https:\/\/www.aics.gov.it\/oltremare\/wp-content\/uploads\/2018\/02\/AICS_HEADER_530x130_EC1-e1518178146163.jpg","contentUrl":"https:\/\/www.aics.gov.it\/oltremare\/wp-content\/uploads\/2018\/02\/AICS_HEADER_530x130_EC1-e1518178146163.jpg","width":300,"height":74,"caption":"Agenzia Italiana per la Cooperazione allo Sviluppo"},"image":{"@id":"https:\/\/www.aics.gov.it\/oltremare\/#\/schema\/logo\/image\/"},"sameAs":["https:\/\/www.facebook.com\/Agenzia-Italiana-per-la-Cooperazione-allo-Sviluppo-996004880482735\/","https:\/\/x.com\/aics_it","https:\/\/www.instagram.com\/aics_cooperazione_it\/","https:\/\/www.youtube.com\/channel\/UCbssygnjreKD1Se1mDeCQ5w"]},{"@type":"Person","@id":"https:\/\/www.aics.gov.it\/oltremare\/#\/schema\/person\/839e251090f440ea6a1f960a5050e424","name":"Oltremare","image":{"@type":"ImageObject","inLanguage":"it-IT","@id":"https:\/\/secure.gravatar.com\/avatar\/5bdd54efc610ff3db8c53755c1599daf68165eb144e678103c1ac46fb81fe6a0?s=96&d=mm&r=g","url":"https:\/\/secure.gravatar.com\/avatar\/5bdd54efc610ff3db8c53755c1599daf68165eb144e678103c1ac46fb81fe6a0?s=96&d=mm&r=g","contentUrl":"https:\/\/secure.gravatar.com\/avatar\/5bdd54efc610ff3db8c53755c1599daf68165eb144e678103c1ac46fb81fe6a0?s=96&d=mm&r=g","caption":"Oltremare"},"url":""}]}},"_links":{"self":[{"href":"https:\/\/www.aics.gov.it\/oltremare\/wp-json\/wp\/v2\/posts\/14989","targetHints":{"allow":["GET"]}}],"collection":[{"href":"https:\/\/www.aics.gov.it\/oltremare\/wp-json\/wp\/v2\/posts"}],"about":[{"href":"https:\/\/www.aics.gov.it\/oltremare\/wp-json\/wp\/v2\/types\/post"}],"author":[{"embeddable":true,"href":"https:\/\/www.aics.gov.it\/oltremare\/wp-json\/wp\/v2\/users\/1"}],"replies":[{"embeddable":true,"href":"https:\/\/www.aics.gov.it\/oltremare\/wp-json\/wp\/v2\/comments?post=14989"}],"version-history":[{"count":6,"href":"https:\/\/www.aics.gov.it\/oltremare\/wp-json\/wp\/v2\/posts\/14989\/revisions"}],"predecessor-version":[{"id":15005,"href":"https:\/\/www.aics.gov.it\/oltremare\/wp-json\/wp\/v2\/posts\/14989\/revisions\/15005"}],"wp:featuredmedia":[{"embeddable":true,"href":"https:\/\/www.aics.gov.it\/oltremare\/wp-json\/wp\/v2\/media\/14990"}],"wp:attachment":[{"href":"https:\/\/www.aics.gov.it\/oltremare\/wp-json\/wp\/v2\/media?parent=14989"}],"wp:term":[{"taxonomy":"category","embeddable":true,"href":"https:\/\/www.aics.gov.it\/oltremare\/wp-json\/wp\/v2\/categories?post=14989"},{"taxonomy":"post_tag","embeddable":true,"href":"https:\/\/www.aics.gov.it\/oltremare\/wp-json\/wp\/v2\/tags?post=14989"}],"curies":[{"name":"wp","href":"https:\/\/api.w.org\/{rel}","templated":true}]}}