{"id":15515,"date":"2022-05-26T22:12:50","date_gmt":"2022-05-26T20:12:50","guid":{"rendered":"https:\/\/www.aics.gov.it\/oltremare\/?p=15515"},"modified":"2022-06-27T16:59:04","modified_gmt":"2022-06-27T14:59:04","slug":"libano-limpegno-dellitalia-per-affrontare-la-crisi-e-cercare-la-pace-in-siria","status":"publish","type":"post","link":"https:\/\/www.aics.gov.it\/oltremare\/voci-dal-campo\/libano-limpegno-dellitalia-per-affrontare-la-crisi-e-cercare-la-pace-in-siria\/","title":{"rendered":"<span style=\"color: #1D71B8; font-size: 13px;\">LIBANO<\/span><br> L\u2019impegno dell\u2019Italia per affrontare la crisi e cercare la pace in Siria"},"content":{"rendered":"<p><em>Il 15 marzo scorso i siriani hanno ricordato l\u2019inizio della guerra civile che da undici anni devasta il Paese. Un conflitto che, seppure dimenticato dal mondo occidentale, continua a mietere vittime e della quale \u00e8 ancora oggi difficile immaginare la conclusione. Dalla fine del 2012 ad oggi, la cooperazione Italiana ha destinato oltre 325 milioni di euro in risposta alla crisi, solo in Siria \u00e8 intervenuta con oltre 100 milioni destinati ad interventi in diverse regioni del Paese e attualmente sono in corso iniziative finanziate per un importo di 21,8 milioni<\/em><\/p>\n<p><!--more--><\/p>\n<p>Il 9 e10 maggio\u00a0 si \u00e8 tenuta la<strong> VI Conferenza di Bruxelles per la Siria<\/strong>, il cui scopo principale \u00e8 continuare a<strong> sostenere il popolo siriano<\/strong> nel Paese e nella regione e mobilitare la comunit\u00e0 internazionale per una soluzione politica al conflitto \u2013 che a marzo ha compiuto undici anni \u2013 in linea con la risoluzione 2254 del Consiglio di sicurezza delle Nazioni Unite. Come per le cinque edizioni precedenti, la Conferenza ha affrontato anche le questioni umanitarie e di resilienza pi\u00f9 critiche che colpiscono i siriani e le comunit\u00e0 che ospitano i rifugiati siriani, in particolare Giordania, Libano e Turchia, nonch\u00e9 Egitto e Iraq.<\/p>\n<p>La Conferenza ha fornito inoltre una piattaforma interattiva per il dialogo con la societ\u00e0 civile e le Agenzie delle Nazioni Unite attive in Siria e nella Regione, attraverso l\u2019organizzazione dei cosiddetti s<em>ide event c<\/em>he si sono tenuti dal 26 aprile al 6 maggio.<\/p>\n<p>Prima dell\u2019inizio del conflitto in Siria <strong>abitavano poco pi\u00f9 di 22 milioni di persone<\/strong>. Dopo 11 anni si stimano pi\u00f9 di <strong>400.000 morti<\/strong>, in maggioranza civili, e oltre met\u00e0 della popolazione non vive pi\u00f9 nelle proprie case, con 6,5 milioni di sfollati interni e altrettanti profughi. Questi ultimi sono concentrati principalmente nei Paesi confinanti, secondo le Nazioni Unite oltre 3,5 milioni sono in Turchia, circa 1,2 milione in Libano e oltre 700.000 in Giordania.<\/p>\n<div id=\"attachment_15549\" style=\"width: 610px\" class=\"wp-caption aligncenter\"><img loading=\"lazy\" decoding=\"async\" aria-describedby=\"caption-attachment-15549\" class=\"size-medium wp-image-15549\" src=\"https:\/\/www.aics.gov.it\/oltremare\/wp-content\/uploads\/2022\/05\/04-600x400.jpg\" alt=\"Attivit\u00e0 ricreative per bambini\" width=\"600\" height=\"400\" srcset=\"https:\/\/www.aics.gov.it\/oltremare\/wp-content\/uploads\/2022\/05\/04-600x400.jpg 600w, https:\/\/www.aics.gov.it\/oltremare\/wp-content\/uploads\/2022\/05\/04-1024x683.jpg 1024w, https:\/\/www.aics.gov.it\/oltremare\/wp-content\/uploads\/2022\/05\/04-768x512.jpg 768w, https:\/\/www.aics.gov.it\/oltremare\/wp-content\/uploads\/2022\/05\/04-1536x1024.jpg 1536w\" sizes=\"auto, (max-width: 600px) 100vw, 600px\" \/><p id=\"caption-attachment-15549\" class=\"wp-caption-text\">Attivit\u00e0 ricreative per bambini. Crediti: Aibi<\/p><\/div>\n<p>Per Unicef, oltre 13 mila bambini sono rimasti uccisi e<strong> almeno 3 milioni di bambini non vanno a scuola<\/strong> e quasi 6 mila bambini sono stati reclutati come soldati. Il 90% dei bambini ha bisogno di supporto economico e sanitario, mentre pi\u00f9 dell\u201980% della popolazione vive ormai sotto la soglia di povert\u00e0.<\/p>\n<p>Il 2021, almeno in apparenza, \u00e8 stato un anno meno violento rispetto ai precedenti, non ci sono state rilevanti operazioni militari, registrando un pi\u00f9 basso numero di vittime rispetto agli anni precedenti (3.746 vittime). I bollettini di guerra, per\u00f2, raccontano soltanto una parte della realt\u00e0 siriana. Il Paese \u00e8 afflitto da una grave crisi economica e umanitaria da pi\u00f9 di un decennio, situazione che ha continuato e continua ad aggravarsi.<\/p>\n<p>L\u2019economia siriana, per la guerra e per le pesanti sanzioni internazionali, \u00e8 in caduta libera. Dall\u2019 inizio della crisi la Lira Siriana si \u00e8 deprezzata di 70 volte, a questo si aggiunge la dipendenza del Paese dalle importazioni straniere, a causa della quasi totale assenza di produzione interna. Fattori che hanno portato i prezzi medi del paniere alimentare ad aumentare del 97% nel periodo da dicembre 2020 a dicembre 2021. Il World Food Programme stima che nel 2021 circa 12,8 milioni di siriani (il 60% della popolazione) hanno avuto difficolt\u00e0 nel procurarsi i generi alimentari. Un numero cresciuto di 4,5 milioni di unit\u00e0 rispetto all\u2019anno precedente.<\/p>\n<p>Il conflitto in Siria, e le sue ricadute sui paesi limitrofi, rappresenta una delle maggiori, forse la pi\u00f9 grande, crisi umanitaria affrontata dalla comunit\u00e0 internazionale. Una crisi che vede l&#8217;Italia impegnata sin dall&#8217;inizio e in tutti i paesi coinvolti.<\/p>\n<p>Dalla fine del 2012 ad oggi, <strong>la cooperazione italiana ha destinato oltre 325 milioni di euro<\/strong> in risposta alla crisi, solo in Siria \u00e8 intervenuta con oltre 100 milioni di euro destinati ad interventi in diverse regioni del Paese, in quelle controllate dal governo di Damasco che non. Attualmente sono in corso iniziative finanziate per un importo di 21.800.000 euro. I progetti sono realizzati in collaborazione con le Osc (Organizzazioni della societ\u00e0 civili) presenti sul territorio e con le agenzie delle Nazioni Unite, con l&#8217;obiettivo di fornire assistenza umanitaria salvavita, contribuire alla tutela della protezione e rafforzare la resilienza della popolazione. Le attivit\u00e0 messe in atto attraverso i programmi finanziati dalla cooperazione italiana hanno un focus intersettoriale di protezione delle categorie pi\u00f9 vulnerabili e di <em>early recovery <\/em>dei servizi di base nei settori dell&#8217;istruzione, della salute e della sicurezza alimentare.<\/p>\n<p>Sempre pi\u00f9 in questi ultimi anni si \u00e8 cercato di attuare un approccio integrato territoriale, che risponda ai bisogni della popolazione in modo multisettoriale e creando sinergie con l&#8217;obiettivo di avere un maggiore impatto sui beneficiari. I programmi finanziati dall&#8217;Italia per la resilienza dei gruppi vulnerabili mirano quindi a mitigare gli impatti del conflitto sulle comunit\u00e0 e a contribuire all&#8217;efficacia del nesso Umanitario-Sviluppo-Pace.<\/p>\n<p>Un impegno, quello italiano, ribadito recentemente dal Parlamento con una apposita risoluzione e rinnovato anche dal d<strong>irettore dell\u2019Agenzia italiana per la cooperazioen allo svliluppo (Aics)<\/strong>,<strong> Luca Maestripieri<\/strong>, nel corso della tavola rotonda \u201cSalute e impatto della crisi socioeconomica in Siria\u201d, evento collaterale della VI Conferenza di Bruxelles per il \u201csostegno e il futuro della Siria e della regione\u201d.<\/p>\n<p>In questa occasione il direttore Maestripieri ha ricordato che l\u2019Italia finanzia iniziative in tutte le aree della Siria con un approccio intersettoriale, da attivit\u00e0 che favoriscono la tutela delle categorie pi\u00f9 vulnerabili ad interventi che incoraggiano la resilienza della popolazione e la rendono meno dipendente dagli aiuti umanitari.<\/p>\n<p>Nel settore sanitario, in particolare, nel 2020, all\u2019insorgere della <strong>pandemia di Covid-19<\/strong>, l\u2019Italia ha finanziato un programma volto a potenziare la capacit\u00e0 diagnostica nazionale per una tempestiva conferma dell\u2019infezione. In seguito, quando i vaccini sono diventati disponibili, l&#8217;Italia ha lavorato, in collaborazione con altri Stati membri dell&#8217;Unione europea e attraverso la struttura Covax, per assicurarsi che potessero raggiungere tutta la popolazione. Infine, il direttore Maestripieri ha menzionato il programma di 2 milioni di euro che sar\u00e0 accordato a breve all\u2019Organizzazione mondiale della sanit\u00e0 (Oms) per coprire i costi operativi della vaccinazione in tutte le aree della Siria.<\/p>\n<div id=\"attachment_15550\" style=\"width: 610px\" class=\"wp-caption aligncenter\"><img loading=\"lazy\" decoding=\"async\" aria-describedby=\"caption-attachment-15550\" class=\"size-medium wp-image-15550\" src=\"https:\/\/www.aics.gov.it\/oltremare\/wp-content\/uploads\/2022\/05\/02-600x400.jpg\" alt=\"Vaccinazione contro Covid-19\" width=\"600\" height=\"400\" srcset=\"https:\/\/www.aics.gov.it\/oltremare\/wp-content\/uploads\/2022\/05\/02-600x400.jpg 600w, https:\/\/www.aics.gov.it\/oltremare\/wp-content\/uploads\/2022\/05\/02-1024x683.jpg 1024w, https:\/\/www.aics.gov.it\/oltremare\/wp-content\/uploads\/2022\/05\/02-768x512.jpg 768w, https:\/\/www.aics.gov.it\/oltremare\/wp-content\/uploads\/2022\/05\/02-1536x1024.jpg 1536w\" sizes=\"auto, (max-width: 600px) 100vw, 600px\" \/><p id=\"caption-attachment-15550\" class=\"wp-caption-text\">Vaccinazione contro Covid-19. Crediti: Who Syria<\/p><\/div>\n<p>L\u2019interesse della nostra cooperazione per il Paese \u00e8 stato anche dimostrato attraverso la partecipazione di Maria Rosa Stevan, responsabile dell\u2019ufficio Emergenza e Stati fragili, al s<em>ide eve<\/em>nt organizzato da Unmas e dal Regno del Belgio sullo sminamento umanitario. Stevan ha ricordato che l\u2019Italia ha una legislazione rigorosa che vieta le mine anti-persona con una legge dell\u2019ottobre del 1997, anteriore alla firma della Convenzione di Ottawa sul bando totale delle mine anti-persona del dicembre di quell\u2019anno. Inoltre, secondo la legge nazionale, nel 2001, \u00e8 stato istituito il Fondo nazionale per lo sminamento umanitario italiano, che consente all&#8217;Italia di dispiegare efficaci interventi di azione contro le mine in diverse regioni del mondo. In tali azioni, l\u2019Italia promuove un approccio integrato, che si basa sui 5 pilastri dell\u2019azione contro le mine, promuovendo in particolare l&#8217;educazione al rischio e l&#8217;assistenza alle vittime, prestando specifica attenzione alla dimensione socio-economica del contesto in cui si opera, rafforzando la resilienza delle popolazioni coinvolte, in sinergia con altre iniziative finanziate dalla Cooperazione Italiana.<\/p>\n<p>Entrambi gli interventi si sono conclusi con la riaffermazione del supporto al popolo siriano anche per il 2022, in linea con le iniziative in corso e in sinergia con le azioni implementate sia sul canale multilaterale che sul bilaterale.<\/p>\n","protected":false},"excerpt":{"rendered":"<p>Il 15 marzo scorso i siriani hanno ricordato l\u2019inizio della guerra civile che da undici anni devasta il Paese. Un conflitto che, seppure dimenticato dal mondo occidentale, continua a mietere vittime e della quale \u00e8 ancora oggi difficile immaginare la [&hellip;]<\/p>\n","protected":false},"author":1,"featured_media":15519,"comment_status":"open","ping_status":"open","sticky":false,"template":"","format":"standard","meta":{"footnotes":""},"categories":[139],"tags":[1106,204,187,296],"class_list":["post-15515","post","type-post","status-publish","format-standard","has-post-thumbnail","hentry","category-voci-dal-campo","tag-conflitto","tag-cooperazione","tag-pace","tag-siria"],"yoast_head":"<!-- This site is optimized with the Yoast SEO plugin v27.4 - https:\/\/yoast.com\/product\/yoast-seo-wordpress\/ -->\n<title>LIBANO L\u2019impegno dell\u2019Italia per affrontare la crisi e cercare la pace in Siria - Oltremare<\/title>\n<meta name=\"robots\" content=\"index, follow, max-snippet:-1, max-image-preview:large, max-video-preview:-1\" \/>\n<link rel=\"canonical\" href=\"https:\/\/www.aics.gov.it\/oltremare\/voci-dal-campo\/libano-limpegno-dellitalia-per-affrontare-la-crisi-e-cercare-la-pace-in-siria\/\" \/>\n<meta property=\"og:locale\" content=\"it_IT\" \/>\n<meta property=\"og:type\" content=\"article\" \/>\n<meta property=\"og:title\" content=\"LIBANO L\u2019impegno dell\u2019Italia per affrontare la crisi e cercare la pace in Siria - Oltremare\" \/>\n<meta property=\"og:description\" content=\"Il 15 marzo scorso i siriani hanno ricordato l\u2019inizio della guerra civile che da undici anni devasta il Paese. Un conflitto che, seppure dimenticato dal mondo occidentale, continua a mietere vittime e della quale \u00e8 ancora oggi difficile immaginare la [&hellip;]\" \/>\n<meta property=\"og:url\" content=\"https:\/\/www.aics.gov.it\/oltremare\/voci-dal-campo\/libano-limpegno-dellitalia-per-affrontare-la-crisi-e-cercare-la-pace-in-siria\/\" \/>\n<meta property=\"og:site_name\" content=\"Oltremare\" \/>\n<meta property=\"article:publisher\" content=\"https:\/\/www.facebook.com\/Agenzia-Italiana-per-la-Cooperazione-allo-Sviluppo-996004880482735\/\" \/>\n<meta property=\"article:published_time\" content=\"2022-05-26T20:12:50+00:00\" \/>\n<meta property=\"article:modified_time\" content=\"2022-06-27T14:59:04+00:00\" \/>\n<meta property=\"og:image\" content=\"https:\/\/www.aics.gov.it\/oltremare\/wp-content\/uploads\/2022\/05\/03.jpg\" \/>\n\t<meta property=\"og:image:width\" content=\"1000\" \/>\n\t<meta property=\"og:image:height\" content=\"750\" \/>\n\t<meta property=\"og:image:type\" content=\"image\/jpeg\" \/>\n<meta name=\"author\" content=\"Oltremare\" \/>\n<meta name=\"twitter:card\" content=\"summary_large_image\" \/>\n<meta name=\"twitter:creator\" content=\"@aics_it\" \/>\n<meta name=\"twitter:site\" content=\"@aics_it\" \/>\n<meta name=\"twitter:label1\" content=\"Scritto da\" \/>\n\t<meta name=\"twitter:data1\" content=\"Fausta Genovese, Program officer di Aics per la Siria\" \/>\n\t<meta name=\"twitter:label2\" content=\"Tempo di lettura stimato\" \/>\n\t<meta name=\"twitter:data2\" content=\"7 minuti\" \/>\n<script type=\"application\/ld+json\" class=\"yoast-schema-graph\">{\"@context\":\"https:\\\/\\\/schema.org\",\"@graph\":[{\"@type\":\"Article\",\"@id\":\"https:\\\/\\\/www.aics.gov.it\\\/oltremare\\\/voci-dal-campo\\\/libano-limpegno-dellitalia-per-affrontare-la-crisi-e-cercare-la-pace-in-siria\\\/#article\",\"isPartOf\":{\"@id\":\"https:\\\/\\\/www.aics.gov.it\\\/oltremare\\\/voci-dal-campo\\\/libano-limpegno-dellitalia-per-affrontare-la-crisi-e-cercare-la-pace-in-siria\\\/\"},\"author\":{\"name\":\"Oltremare\",\"@id\":\"https:\\\/\\\/www.aics.gov.it\\\/oltremare\\\/#\\\/schema\\\/person\\\/839e251090f440ea6a1f960a5050e424\"},\"headline\":\"LIBANO L\u2019impegno dell\u2019Italia per affrontare la crisi e cercare la pace in Siria\",\"datePublished\":\"2022-05-26T20:12:50+00:00\",\"dateModified\":\"2022-06-27T14:59:04+00:00\",\"mainEntityOfPage\":{\"@id\":\"https:\\\/\\\/www.aics.gov.it\\\/oltremare\\\/voci-dal-campo\\\/libano-limpegno-dellitalia-per-affrontare-la-crisi-e-cercare-la-pace-in-siria\\\/\"},\"wordCount\":1207,\"commentCount\":0,\"publisher\":{\"@id\":\"https:\\\/\\\/www.aics.gov.it\\\/oltremare\\\/#organization\"},\"image\":{\"@id\":\"https:\\\/\\\/www.aics.gov.it\\\/oltremare\\\/voci-dal-campo\\\/libano-limpegno-dellitalia-per-affrontare-la-crisi-e-cercare-la-pace-in-siria\\\/#primaryimage\"},\"thumbnailUrl\":\"https:\\\/\\\/www.aics.gov.it\\\/oltremare\\\/wp-content\\\/uploads\\\/2022\\\/05\\\/03.jpg\",\"keywords\":[\"conflitto\",\"cooperazione\",\"pace\",\"Siria\"],\"articleSection\":[\"Voci dal campo\"],\"inLanguage\":\"it-IT\",\"potentialAction\":[{\"@type\":\"CommentAction\",\"name\":\"Comment\",\"target\":[\"https:\\\/\\\/www.aics.gov.it\\\/oltremare\\\/voci-dal-campo\\\/libano-limpegno-dellitalia-per-affrontare-la-crisi-e-cercare-la-pace-in-siria\\\/#respond\"]}]},{\"@type\":\"WebPage\",\"@id\":\"https:\\\/\\\/www.aics.gov.it\\\/oltremare\\\/voci-dal-campo\\\/libano-limpegno-dellitalia-per-affrontare-la-crisi-e-cercare-la-pace-in-siria\\\/\",\"url\":\"https:\\\/\\\/www.aics.gov.it\\\/oltremare\\\/voci-dal-campo\\\/libano-limpegno-dellitalia-per-affrontare-la-crisi-e-cercare-la-pace-in-siria\\\/\",\"name\":\"LIBANO L\u2019impegno dell\u2019Italia per affrontare la crisi e cercare la pace in Siria - Oltremare\",\"isPartOf\":{\"@id\":\"https:\\\/\\\/www.aics.gov.it\\\/oltremare\\\/#website\"},\"primaryImageOfPage\":{\"@id\":\"https:\\\/\\\/www.aics.gov.it\\\/oltremare\\\/voci-dal-campo\\\/libano-limpegno-dellitalia-per-affrontare-la-crisi-e-cercare-la-pace-in-siria\\\/#primaryimage\"},\"image\":{\"@id\":\"https:\\\/\\\/www.aics.gov.it\\\/oltremare\\\/voci-dal-campo\\\/libano-limpegno-dellitalia-per-affrontare-la-crisi-e-cercare-la-pace-in-siria\\\/#primaryimage\"},\"thumbnailUrl\":\"https:\\\/\\\/www.aics.gov.it\\\/oltremare\\\/wp-content\\\/uploads\\\/2022\\\/05\\\/03.jpg\",\"datePublished\":\"2022-05-26T20:12:50+00:00\",\"dateModified\":\"2022-06-27T14:59:04+00:00\",\"breadcrumb\":{\"@id\":\"https:\\\/\\\/www.aics.gov.it\\\/oltremare\\\/voci-dal-campo\\\/libano-limpegno-dellitalia-per-affrontare-la-crisi-e-cercare-la-pace-in-siria\\\/#breadcrumb\"},\"inLanguage\":\"it-IT\",\"potentialAction\":[{\"@type\":\"ReadAction\",\"target\":[\"https:\\\/\\\/www.aics.gov.it\\\/oltremare\\\/voci-dal-campo\\\/libano-limpegno-dellitalia-per-affrontare-la-crisi-e-cercare-la-pace-in-siria\\\/\"]}]},{\"@type\":\"ImageObject\",\"inLanguage\":\"it-IT\",\"@id\":\"https:\\\/\\\/www.aics.gov.it\\\/oltremare\\\/voci-dal-campo\\\/libano-limpegno-dellitalia-per-affrontare-la-crisi-e-cercare-la-pace-in-siria\\\/#primaryimage\",\"url\":\"https:\\\/\\\/www.aics.gov.it\\\/oltremare\\\/wp-content\\\/uploads\\\/2022\\\/05\\\/03.jpg\",\"contentUrl\":\"https:\\\/\\\/www.aics.gov.it\\\/oltremare\\\/wp-content\\\/uploads\\\/2022\\\/05\\\/03.jpg\",\"width\":1000,\"height\":750},{\"@type\":\"BreadcrumbList\",\"@id\":\"https:\\\/\\\/www.aics.gov.it\\\/oltremare\\\/voci-dal-campo\\\/libano-limpegno-dellitalia-per-affrontare-la-crisi-e-cercare-la-pace-in-siria\\\/#breadcrumb\",\"itemListElement\":[{\"@type\":\"ListItem\",\"position\":1,\"name\":\"Home\",\"item\":\"https:\\\/\\\/www.aics.gov.it\\\/oltremare\\\/\"},{\"@type\":\"ListItem\",\"position\":2,\"name\":\"LIBANO L\u2019impegno dell\u2019Italia per affrontare la crisi e cercare la pace in Siria\"}]},{\"@type\":\"WebSite\",\"@id\":\"https:\\\/\\\/www.aics.gov.it\\\/oltremare\\\/#website\",\"url\":\"https:\\\/\\\/www.aics.gov.it\\\/oltremare\\\/\",\"name\":\"Oltremare\",\"description\":\"Il Blog della cooperazione\",\"publisher\":{\"@id\":\"https:\\\/\\\/www.aics.gov.it\\\/oltremare\\\/#organization\"},\"potentialAction\":[{\"@type\":\"SearchAction\",\"target\":{\"@type\":\"EntryPoint\",\"urlTemplate\":\"https:\\\/\\\/www.aics.gov.it\\\/oltremare\\\/?s={search_term_string}\"},\"query-input\":{\"@type\":\"PropertyValueSpecification\",\"valueRequired\":true,\"valueName\":\"search_term_string\"}}],\"inLanguage\":\"it-IT\"},{\"@type\":\"Organization\",\"@id\":\"https:\\\/\\\/www.aics.gov.it\\\/oltremare\\\/#organization\",\"name\":\"Agenzia Italiana per la Cooperazione allo Sviluppo\",\"url\":\"https:\\\/\\\/www.aics.gov.it\\\/oltremare\\\/\",\"logo\":{\"@type\":\"ImageObject\",\"inLanguage\":\"it-IT\",\"@id\":\"https:\\\/\\\/www.aics.gov.it\\\/oltremare\\\/#\\\/schema\\\/logo\\\/image\\\/\",\"url\":\"https:\\\/\\\/www.aics.gov.it\\\/oltremare\\\/wp-content\\\/uploads\\\/2018\\\/02\\\/AICS_HEADER_530x130_EC1-e1518178146163.jpg\",\"contentUrl\":\"https:\\\/\\\/www.aics.gov.it\\\/oltremare\\\/wp-content\\\/uploads\\\/2018\\\/02\\\/AICS_HEADER_530x130_EC1-e1518178146163.jpg\",\"width\":300,\"height\":74,\"caption\":\"Agenzia Italiana per la Cooperazione allo Sviluppo\"},\"image\":{\"@id\":\"https:\\\/\\\/www.aics.gov.it\\\/oltremare\\\/#\\\/schema\\\/logo\\\/image\\\/\"},\"sameAs\":[\"https:\\\/\\\/www.facebook.com\\\/Agenzia-Italiana-per-la-Cooperazione-allo-Sviluppo-996004880482735\\\/\",\"https:\\\/\\\/x.com\\\/aics_it\",\"https:\\\/\\\/www.instagram.com\\\/aics_cooperazione_it\\\/\",\"https:\\\/\\\/www.youtube.com\\\/channel\\\/UCbssygnjreKD1Se1mDeCQ5w\"]},{\"@type\":\"Person\",\"@id\":\"https:\\\/\\\/www.aics.gov.it\\\/oltremare\\\/#\\\/schema\\\/person\\\/839e251090f440ea6a1f960a5050e424\",\"name\":\"Oltremare\",\"image\":{\"@type\":\"ImageObject\",\"inLanguage\":\"it-IT\",\"@id\":\"https:\\\/\\\/secure.gravatar.com\\\/avatar\\\/5bdd54efc610ff3db8c53755c1599daf68165eb144e678103c1ac46fb81fe6a0?s=96&d=mm&r=g\",\"url\":\"https:\\\/\\\/secure.gravatar.com\\\/avatar\\\/5bdd54efc610ff3db8c53755c1599daf68165eb144e678103c1ac46fb81fe6a0?s=96&d=mm&r=g\",\"contentUrl\":\"https:\\\/\\\/secure.gravatar.com\\\/avatar\\\/5bdd54efc610ff3db8c53755c1599daf68165eb144e678103c1ac46fb81fe6a0?s=96&d=mm&r=g\",\"caption\":\"Oltremare\"},\"url\":\"\"}]}<\/script>\n<!-- \/ Yoast SEO plugin. -->","yoast_head_json":{"title":"LIBANO L\u2019impegno dell\u2019Italia per affrontare la crisi e cercare la pace in Siria - Oltremare","robots":{"index":"index","follow":"follow","max-snippet":"max-snippet:-1","max-image-preview":"max-image-preview:large","max-video-preview":"max-video-preview:-1"},"canonical":"https:\/\/www.aics.gov.it\/oltremare\/voci-dal-campo\/libano-limpegno-dellitalia-per-affrontare-la-crisi-e-cercare-la-pace-in-siria\/","og_locale":"it_IT","og_type":"article","og_title":"LIBANO L\u2019impegno dell\u2019Italia per affrontare la crisi e cercare la pace in Siria - Oltremare","og_description":"Il 15 marzo scorso i siriani hanno ricordato l\u2019inizio della guerra civile che da undici anni devasta il Paese. Un conflitto che, seppure dimenticato dal mondo occidentale, continua a mietere vittime e della quale \u00e8 ancora oggi difficile immaginare la [&hellip;]","og_url":"https:\/\/www.aics.gov.it\/oltremare\/voci-dal-campo\/libano-limpegno-dellitalia-per-affrontare-la-crisi-e-cercare-la-pace-in-siria\/","og_site_name":"Oltremare","article_publisher":"https:\/\/www.facebook.com\/Agenzia-Italiana-per-la-Cooperazione-allo-Sviluppo-996004880482735\/","article_published_time":"2022-05-26T20:12:50+00:00","article_modified_time":"2022-06-27T14:59:04+00:00","og_image":[{"width":1000,"height":750,"url":"https:\/\/www.aics.gov.it\/oltremare\/wp-content\/uploads\/2022\/05\/03.jpg","type":"image\/jpeg"}],"author":"Oltremare","twitter_card":"summary_large_image","twitter_creator":"@aics_it","twitter_site":"@aics_it","twitter_misc":{"Scritto da":"Fausta Genovese, Program officer di Aics per la Siria","Tempo di lettura stimato":"7 minuti"},"schema":{"@context":"https:\/\/schema.org","@graph":[{"@type":"Article","@id":"https:\/\/www.aics.gov.it\/oltremare\/voci-dal-campo\/libano-limpegno-dellitalia-per-affrontare-la-crisi-e-cercare-la-pace-in-siria\/#article","isPartOf":{"@id":"https:\/\/www.aics.gov.it\/oltremare\/voci-dal-campo\/libano-limpegno-dellitalia-per-affrontare-la-crisi-e-cercare-la-pace-in-siria\/"},"author":{"name":"Oltremare","@id":"https:\/\/www.aics.gov.it\/oltremare\/#\/schema\/person\/839e251090f440ea6a1f960a5050e424"},"headline":"LIBANO L\u2019impegno dell\u2019Italia per affrontare la crisi e cercare la pace in Siria","datePublished":"2022-05-26T20:12:50+00:00","dateModified":"2022-06-27T14:59:04+00:00","mainEntityOfPage":{"@id":"https:\/\/www.aics.gov.it\/oltremare\/voci-dal-campo\/libano-limpegno-dellitalia-per-affrontare-la-crisi-e-cercare-la-pace-in-siria\/"},"wordCount":1207,"commentCount":0,"publisher":{"@id":"https:\/\/www.aics.gov.it\/oltremare\/#organization"},"image":{"@id":"https:\/\/www.aics.gov.it\/oltremare\/voci-dal-campo\/libano-limpegno-dellitalia-per-affrontare-la-crisi-e-cercare-la-pace-in-siria\/#primaryimage"},"thumbnailUrl":"https:\/\/www.aics.gov.it\/oltremare\/wp-content\/uploads\/2022\/05\/03.jpg","keywords":["conflitto","cooperazione","pace","Siria"],"articleSection":["Voci dal campo"],"inLanguage":"it-IT","potentialAction":[{"@type":"CommentAction","name":"Comment","target":["https:\/\/www.aics.gov.it\/oltremare\/voci-dal-campo\/libano-limpegno-dellitalia-per-affrontare-la-crisi-e-cercare-la-pace-in-siria\/#respond"]}]},{"@type":"WebPage","@id":"https:\/\/www.aics.gov.it\/oltremare\/voci-dal-campo\/libano-limpegno-dellitalia-per-affrontare-la-crisi-e-cercare-la-pace-in-siria\/","url":"https:\/\/www.aics.gov.it\/oltremare\/voci-dal-campo\/libano-limpegno-dellitalia-per-affrontare-la-crisi-e-cercare-la-pace-in-siria\/","name":"LIBANO L\u2019impegno dell\u2019Italia per affrontare la crisi e cercare la pace in Siria - Oltremare","isPartOf":{"@id":"https:\/\/www.aics.gov.it\/oltremare\/#website"},"primaryImageOfPage":{"@id":"https:\/\/www.aics.gov.it\/oltremare\/voci-dal-campo\/libano-limpegno-dellitalia-per-affrontare-la-crisi-e-cercare-la-pace-in-siria\/#primaryimage"},"image":{"@id":"https:\/\/www.aics.gov.it\/oltremare\/voci-dal-campo\/libano-limpegno-dellitalia-per-affrontare-la-crisi-e-cercare-la-pace-in-siria\/#primaryimage"},"thumbnailUrl":"https:\/\/www.aics.gov.it\/oltremare\/wp-content\/uploads\/2022\/05\/03.jpg","datePublished":"2022-05-26T20:12:50+00:00","dateModified":"2022-06-27T14:59:04+00:00","breadcrumb":{"@id":"https:\/\/www.aics.gov.it\/oltremare\/voci-dal-campo\/libano-limpegno-dellitalia-per-affrontare-la-crisi-e-cercare-la-pace-in-siria\/#breadcrumb"},"inLanguage":"it-IT","potentialAction":[{"@type":"ReadAction","target":["https:\/\/www.aics.gov.it\/oltremare\/voci-dal-campo\/libano-limpegno-dellitalia-per-affrontare-la-crisi-e-cercare-la-pace-in-siria\/"]}]},{"@type":"ImageObject","inLanguage":"it-IT","@id":"https:\/\/www.aics.gov.it\/oltremare\/voci-dal-campo\/libano-limpegno-dellitalia-per-affrontare-la-crisi-e-cercare-la-pace-in-siria\/#primaryimage","url":"https:\/\/www.aics.gov.it\/oltremare\/wp-content\/uploads\/2022\/05\/03.jpg","contentUrl":"https:\/\/www.aics.gov.it\/oltremare\/wp-content\/uploads\/2022\/05\/03.jpg","width":1000,"height":750},{"@type":"BreadcrumbList","@id":"https:\/\/www.aics.gov.it\/oltremare\/voci-dal-campo\/libano-limpegno-dellitalia-per-affrontare-la-crisi-e-cercare-la-pace-in-siria\/#breadcrumb","itemListElement":[{"@type":"ListItem","position":1,"name":"Home","item":"https:\/\/www.aics.gov.it\/oltremare\/"},{"@type":"ListItem","position":2,"name":"LIBANO L\u2019impegno dell\u2019Italia per affrontare la crisi e cercare la pace in Siria"}]},{"@type":"WebSite","@id":"https:\/\/www.aics.gov.it\/oltremare\/#website","url":"https:\/\/www.aics.gov.it\/oltremare\/","name":"Oltremare","description":"Il Blog della cooperazione","publisher":{"@id":"https:\/\/www.aics.gov.it\/oltremare\/#organization"},"potentialAction":[{"@type":"SearchAction","target":{"@type":"EntryPoint","urlTemplate":"https:\/\/www.aics.gov.it\/oltremare\/?s={search_term_string}"},"query-input":{"@type":"PropertyValueSpecification","valueRequired":true,"valueName":"search_term_string"}}],"inLanguage":"it-IT"},{"@type":"Organization","@id":"https:\/\/www.aics.gov.it\/oltremare\/#organization","name":"Agenzia Italiana per la Cooperazione allo Sviluppo","url":"https:\/\/www.aics.gov.it\/oltremare\/","logo":{"@type":"ImageObject","inLanguage":"it-IT","@id":"https:\/\/www.aics.gov.it\/oltremare\/#\/schema\/logo\/image\/","url":"https:\/\/www.aics.gov.it\/oltremare\/wp-content\/uploads\/2018\/02\/AICS_HEADER_530x130_EC1-e1518178146163.jpg","contentUrl":"https:\/\/www.aics.gov.it\/oltremare\/wp-content\/uploads\/2018\/02\/AICS_HEADER_530x130_EC1-e1518178146163.jpg","width":300,"height":74,"caption":"Agenzia Italiana per la Cooperazione allo Sviluppo"},"image":{"@id":"https:\/\/www.aics.gov.it\/oltremare\/#\/schema\/logo\/image\/"},"sameAs":["https:\/\/www.facebook.com\/Agenzia-Italiana-per-la-Cooperazione-allo-Sviluppo-996004880482735\/","https:\/\/x.com\/aics_it","https:\/\/www.instagram.com\/aics_cooperazione_it\/","https:\/\/www.youtube.com\/channel\/UCbssygnjreKD1Se1mDeCQ5w"]},{"@type":"Person","@id":"https:\/\/www.aics.gov.it\/oltremare\/#\/schema\/person\/839e251090f440ea6a1f960a5050e424","name":"Oltremare","image":{"@type":"ImageObject","inLanguage":"it-IT","@id":"https:\/\/secure.gravatar.com\/avatar\/5bdd54efc610ff3db8c53755c1599daf68165eb144e678103c1ac46fb81fe6a0?s=96&d=mm&r=g","url":"https:\/\/secure.gravatar.com\/avatar\/5bdd54efc610ff3db8c53755c1599daf68165eb144e678103c1ac46fb81fe6a0?s=96&d=mm&r=g","contentUrl":"https:\/\/secure.gravatar.com\/avatar\/5bdd54efc610ff3db8c53755c1599daf68165eb144e678103c1ac46fb81fe6a0?s=96&d=mm&r=g","caption":"Oltremare"},"url":""}]}},"_links":{"self":[{"href":"https:\/\/www.aics.gov.it\/oltremare\/wp-json\/wp\/v2\/posts\/15515","targetHints":{"allow":["GET"]}}],"collection":[{"href":"https:\/\/www.aics.gov.it\/oltremare\/wp-json\/wp\/v2\/posts"}],"about":[{"href":"https:\/\/www.aics.gov.it\/oltremare\/wp-json\/wp\/v2\/types\/post"}],"author":[{"embeddable":true,"href":"https:\/\/www.aics.gov.it\/oltremare\/wp-json\/wp\/v2\/users\/1"}],"replies":[{"embeddable":true,"href":"https:\/\/www.aics.gov.it\/oltremare\/wp-json\/wp\/v2\/comments?post=15515"}],"version-history":[{"count":13,"href":"https:\/\/www.aics.gov.it\/oltremare\/wp-json\/wp\/v2\/posts\/15515\/revisions"}],"predecessor-version":[{"id":15535,"href":"https:\/\/www.aics.gov.it\/oltremare\/wp-json\/wp\/v2\/posts\/15515\/revisions\/15535"}],"wp:featuredmedia":[{"embeddable":true,"href":"https:\/\/www.aics.gov.it\/oltremare\/wp-json\/wp\/v2\/media\/15519"}],"wp:attachment":[{"href":"https:\/\/www.aics.gov.it\/oltremare\/wp-json\/wp\/v2\/media?parent=15515"}],"wp:term":[{"taxonomy":"category","embeddable":true,"href":"https:\/\/www.aics.gov.it\/oltremare\/wp-json\/wp\/v2\/categories?post=15515"},{"taxonomy":"post_tag","embeddable":true,"href":"https:\/\/www.aics.gov.it\/oltremare\/wp-json\/wp\/v2\/tags?post=15515"}],"curies":[{"name":"wp","href":"https:\/\/api.w.org\/{rel}","templated":true}]}}