{"id":16029,"date":"2022-10-20T13:10:30","date_gmt":"2022-10-20T11:10:30","guid":{"rendered":"https:\/\/www.aics.gov.it\/oltremare\/?p=16029"},"modified":"2022-10-21T11:24:44","modified_gmt":"2022-10-21T09:24:44","slug":"tecnologie-geospaziali-e-dati-fao-anche-cosi-lagricoltura-puo-crescere","status":"publish","type":"post","link":"https:\/\/www.aics.gov.it\/oltremare\/articoli\/prosperita\/tecnologie-geospaziali-e-dati-fao-anche-cosi-lagricoltura-puo-crescere\/","title":{"rendered":"Tecnologie geospaziali e dati Fao, anche cos\u00ec l\u2019agricoltura pu\u00f2 crescere"},"content":{"rendered":"<p><em>Attraverso l\u2019impiego di nuove tecnologie e lo sviluppo di analisi socio-economiche derivanti dai dati in possesso della Fao, l\u2019Iniziativa Hand-in-Hand ha aperto nuovi percorsi di sviluppo pensati per ridurre la povert\u00e0 nelle regioni pi\u00f9 svantaggiate del mondo<\/em><\/p>\n<p><!--more--><\/p>\n<p>Modelli e analisi geospaziali avanzati, un\u2019immensa mole di dati a disposizione e un solido approccio di partnership con un obiettivo semplice e ambizioso: accelerare la trasformazione dei sistemi agroalimentari per aumentare i redditi, migliorare lo stato nutrizionale e il benessere delle popolazioni povere e vulnerabili e rafforzare la resilienza ai cambiamenti climatici. C\u2019\u00e8 tutto questo in <strong>Hand-in-Hand<\/strong>, una delle iniziative pi\u00f9 importanti condotte dalla Fao e al centro di una serie di incontri nel recente <strong>World Food Forum<\/strong>, tenuto a Roma. Avviata nel 2019, <a href=\"https:\/\/www.fao.org\/hand-in-hand\/en\" target=\"_blank\" rel=\"noopener\">l\u2019Iniziativa Hand-in-Hand<\/a> (HiH, letteralmente \u201cMano nella mano\u201d) <strong>ha gi\u00e0 raccolto risultati significativi e ha trovato campo di applicazione in oltre 50 Paesi<\/strong>, la met\u00e0 dei quali in Africa e i restanti tra America latina, Medio oriente e Asia.<\/p>\n<p>\u201cHand-in-Hand \u00e8 sostanzialmente un meccanismo per creare partnership, \u00e8 una piattaforma nata per sviluppare valutazioni migliori, grazie a tecnologie geospaziali e analisi socio-economiche e considerando anche le possibili richieste di investimenti da parte di governi, con il fine ultimo di ridurre la povert\u00e0\u201d racconta ad Oltremare <strong>Anthony Bennett<\/strong>, coordinatore dell\u2019iniziativa.<\/p>\n<div id=\"attachment_16034\" style=\"width: 1034px\" class=\"wp-caption aligncenter\"><img loading=\"lazy\" decoding=\"async\" aria-describedby=\"caption-attachment-16034\" class=\"wp-image-16034 size-large\" src=\"https:\/\/www.aics.gov.it\/oltremare\/wp-content\/uploads\/2022\/10\/IMG_0375-1024x768.jpg\" alt=\"La sede Fao di Roma durante il World Food Forum\" width=\"1024\" height=\"768\" srcset=\"https:\/\/www.aics.gov.it\/oltremare\/wp-content\/uploads\/2022\/10\/IMG_0375-1024x768.jpg 1024w, https:\/\/www.aics.gov.it\/oltremare\/wp-content\/uploads\/2022\/10\/IMG_0375-600x450.jpg 600w, https:\/\/www.aics.gov.it\/oltremare\/wp-content\/uploads\/2022\/10\/IMG_0375-768x576.jpg 768w, https:\/\/www.aics.gov.it\/oltremare\/wp-content\/uploads\/2022\/10\/IMG_0375-1536x1152.jpg 1536w\" sizes=\"auto, (max-width: 1024px) 100vw, 1024px\" \/><p id=\"caption-attachment-16034\" class=\"wp-caption-text\">La sede Fao di Roma durante il World Food Forum.<\/p><\/div>\n<p>Ci sono diversi livelli e strumenti. C\u2019\u00e8 un livello legato ai software di Geographic Information System (Gis) grazie ai quali si va ad individuare, all\u2019interno dei singoli Paesi, specifiche <strong>regioni che hanno potenzialit\u00e0 ancora inespresse<\/strong> rispetto a possibili mercati. E c\u2019\u00e8 un secondo livello di analisi, attraverso modelli economici, che consente di capire ci\u00f2 che concretamente si potrebbe fare per ridurre la povert\u00e0. \u201cDi conseguenza &#8211; continua Bennett &#8211; guardiamo alle opportunit\u00e0 di mercato, in particolare per i piccoli agricoltori, e ai possibili investimenti\u201d.<\/p>\n<p>Nell\u2019ottica della Fao, l\u2019iniziativa \u00e8 in grado di produrre azioni di impatto partendo dalle certezze fornite dai dati raccolti, dalle analisi condotte e dalle relazioni che la stessa Fao \u00e8 in grado di tessere. \u201cPer realizzare quello che noi chiamiamo <em>food system<\/em> sostenibile &#8211; conclude Bennett &#8211; crediamo che il settore privato rivesta un ruolo molto importante, insieme al pubblico e alle varie componenti della societ\u00e0 civile. Ci\u00f2 che noi proviamo a fare con l\u2019Iniziativa Hand-in-Hand \u00e8 di <strong>mettere insieme il pubblico, i privati, le Ong attraverso un approccio differente<\/strong>, ovvero mediante investimenti mirati per ridurre la povert\u00e0\u201d. <strong>Dati, investimenti, analisi, conoscenza del luogo<\/strong>; ogni attore mette sul tavolo il proprio punto di forza per un obiettivo comune.<\/p>\n<p>L\u2019Iniziativa Hand-in-Hand sostiene quindi l\u2019attuazione di programmi ambiziosi a guida nazionale per accelerare la trasformazione dei sistemi agroalimentari al fine di eliminare la povert\u00e0 (Sdg1), porre fine alla fame e alla malnutrizione (Sdg2) e ridurre le disuguaglianze (Sdg10).<\/p>\n<p>Nel corso del World Food Forum di Roma, diversi Paesi hanno portato la loro esperienza, si sono confrontati con investitori istituzionali e imprese, hanno messo in mostra le filiere che potrebbero aprire importanti percorsi di crescita.<\/p>\n<div id=\"attachment_16030\" style=\"width: 1034px\" class=\"wp-caption aligncenter\"><img loading=\"lazy\" decoding=\"async\" aria-describedby=\"caption-attachment-16030\" class=\"wp-image-16030 size-large\" src=\"https:\/\/www.aics.gov.it\/oltremare\/wp-content\/uploads\/2022\/10\/IMG_0365-1024x768.jpg\" alt=\"Una sessione del World Food Forum di Roma, ottobre 2022\" width=\"1024\" height=\"768\" srcset=\"https:\/\/www.aics.gov.it\/oltremare\/wp-content\/uploads\/2022\/10\/IMG_0365-1024x768.jpg 1024w, https:\/\/www.aics.gov.it\/oltremare\/wp-content\/uploads\/2022\/10\/IMG_0365-600x450.jpg 600w, https:\/\/www.aics.gov.it\/oltremare\/wp-content\/uploads\/2022\/10\/IMG_0365-768x576.jpg 768w, https:\/\/www.aics.gov.it\/oltremare\/wp-content\/uploads\/2022\/10\/IMG_0365-1536x1152.jpg 1536w\" sizes=\"auto, (max-width: 1024px) 100vw, 1024px\" \/><p id=\"caption-attachment-16030\" class=\"wp-caption-text\">Una sessione del World Food Forum di Roma<\/p><\/div>\n<p>Grande spazio \u00e8 stato dato all\u2019America latina e in particolare al cosiddetto <strong>Central American Dry Corridor<\/strong>, un\u2019area che si allunga tra Guatemala, Honduras, El Salvador e Nicaragua; al programma di trasformazione agricola del Bangladesh; e, ovviamente all\u2019Africa, con particolare riguardo alla fascia saheliana.<\/p>\n<p>Sulle criticit\u00e0 del Sahel si \u00e8 soffermato <strong>Laurent Thomas<\/strong>, vice direttore generale della Fao, aprendo una sessione di lavori dedicata proprio a questa regione del continente africano. Thomas ha sottolineato come la regione stia attraversando un momento critico, reso difficile dalla concomitanza di diverse sfide: la pandemia, i conflitti, gli effetti dei cambiamenti climatici, la crisi economica. Tutto questo ha creato una miscela esplosiva con milioni di persone in stato di estremo bisogno. \u201cAbbiamo bisogno di investimenti &#8211; ha detto Thomas &#8211; e <strong>investire nell\u2019agricoltura e nell\u2019allevamento significa investire nella resilienza<\/strong>\u201d.<\/p>\n<p>Necessit\u00e0 di investimenti e disponibilit\u00e0 ad aprirsi, infatti, sono state espresse da Paesi che pi\u00f9 di altri stanno soffrendo gli effetti dell\u2019instabilit\u00e0, come il Burkina Faso. Nonostante stia attraversando una complessa fase di transizione, il Burkina Faso ha alcuni asset che intende sviluppare anche grazie all\u2019iniziativa Hand-in-Hand, ha spiegato <strong>Halimata Cisse Sylla<\/strong>, economista agricola in rappresentanza del ministero dell\u2019Agricoltura. \u201cAbbiamo individuato cinque filiere che rispondono ai criteri della strategia di sviluppo nazionale e che riguardano la coltura del riso, dell\u2019arachide, del sesamo, del karit\u00e8 e l\u2019allevamento bovino\u201d ha detto Cisse Sylla sottolineando quello che \u00e8 a suo parere l\u2019asset pi\u00f9 importante del Burkina Faso: \u201cLa popolazione giovane \u00e8 lo strumento principale per la crescita dell\u2019agricoltura\u201d. Popolazione giovane e in crescita sono stati i punti evidenziati anche dal ministro dell\u2019Agricoltura del Congo, <strong>Paul Valentin Ngobo<\/strong>, che nel suo invito a investire ha ricordato un altro fattore non di poco conto: <strong>in Congo, il 90% dei 10 milioni di ettari di terre coltivabili non \u00e8 al momento lavorato<\/strong>. Il fenomeno \u00e8 riscontrabile con percentuali diverse in tutti i Paesi africani e apre campi di collaborazione ancora da sperimentare e ampliare.<\/p>\n<p>D\u2019altra parte, come \u00e8 stato sottolineato a pi\u00f9 riprese, l\u2019Iniziativa Hand-in-Hand d\u00e0 priorit\u00e0 proprio ai Paesi e ai territori in cui la povert\u00e0 e la fame sono pi\u00f9 elevate, le capacit\u00e0 nazionali sono limitate o le difficolt\u00e0 operative sono maggiori a causa di crisi naturali o provocate dall\u2019uomo. E lo fa proponendo azioni e aree di intervento che includono lo sviluppo di catene del valore per i prodotti di base, la costruzione di processi agroindustriali e di sistemi efficienti di gestione dell\u2019acqua, l\u2019introduzione di servizi digitali e di agricoltura di precisione, la riduzione delle perdite e degli sprechi alimentari e la gestione delle sfide climatiche e dei rischi meteorologici.<\/p>\n<div style=\"box-shadow: 10px 10px 28px 0px rgba(171,171,171,1); padding: 25px;\">Biografia<br \/>\n<strong>Gianfranco Belgrano<\/strong><br \/>\nNato a Palermo nel 1973, Gianfranco Belgrano \u00e8 un giornalista e si occupa soprattutto di esteri con una predilezione per l\u2019Africa e il Medio Oriente. \u00c8 direttore editoriale del mensile Africa e Affari e dell\u2019agenzia di stampa InfoAfrica, per i quali si sposta spesso nel continente africano. Ha studiato Storia e Lingua dei Paesi arabi e vissuto per alcuni anni tra Tunisia, Siria e Inghilterra prima di trasferirsi a Roma. Ha lavorato o collaborato con varie testate (tra cui L\u2019Ora ed EPolis) e si \u00e8 avvicinato all\u2019Africa con l\u2019agenzia di stampa Misna, lasciata nel 2013 per fondare con alcuni amici e colleghi il gruppo editoriale Internationalia.<img decoding=\"async\" class=\"aligncenter\" src=\"https:\/\/www.aics.gov.it\/oltremare\/wp-content\/uploads\/2020\/04\/belgrano-edit.png\" \/><\/div>\n<p>&nbsp;<\/p>\n","protected":false},"excerpt":{"rendered":"<p>Attraverso l\u2019impiego di nuove tecnologie e lo sviluppo di analisi socio-economiche derivanti dai dati in possesso della Fao, l\u2019Iniziativa Hand-in-Hand ha aperto nuovi percorsi di sviluppo pensati per ridurre la povert\u00e0 nelle regioni pi\u00f9 svantaggiate del mondo<\/p>\n","protected":false},"author":6,"featured_media":16032,"comment_status":"open","ping_status":"open","sticky":false,"template":"","format":"standard","meta":{"footnotes":""},"categories":[134],"tags":[197,1159,909,201],"class_list":["post-16029","post","type-post","status-publish","format-standard","has-post-thumbnail","hentry","category-prosperita","tag-agricoltura","tag-alimentazione","tag-cibo","tag-fao"],"yoast_head":"<!-- This site is optimized with the Yoast SEO plugin v27.5 - https:\/\/yoast.com\/product\/yoast-seo-wordpress\/ -->\n<title>Tecnologie geospaziali e dati Fao, anche cos\u00ec l\u2019agricoltura pu\u00f2 crescere - Oltremare<\/title>\n<meta name=\"robots\" content=\"index, follow, max-snippet:-1, max-image-preview:large, max-video-preview:-1\" \/>\n<link rel=\"canonical\" href=\"https:\/\/www.aics.gov.it\/oltremare\/articoli\/prosperita\/tecnologie-geospaziali-e-dati-fao-anche-cosi-lagricoltura-puo-crescere\/\" \/>\n<meta property=\"og:locale\" content=\"it_IT\" \/>\n<meta property=\"og:type\" content=\"article\" \/>\n<meta property=\"og:title\" content=\"Tecnologie geospaziali e dati Fao, anche cos\u00ec l\u2019agricoltura pu\u00f2 crescere - Oltremare\" \/>\n<meta property=\"og:description\" content=\"Attraverso l\u2019impiego di nuove tecnologie e lo sviluppo di analisi socio-economiche derivanti dai dati in possesso della Fao, l\u2019Iniziativa Hand-in-Hand ha aperto nuovi percorsi di sviluppo pensati per ridurre la povert\u00e0 nelle regioni pi\u00f9 svantaggiate del mondo\" \/>\n<meta property=\"og:url\" content=\"https:\/\/www.aics.gov.it\/oltremare\/articoli\/prosperita\/tecnologie-geospaziali-e-dati-fao-anche-cosi-lagricoltura-puo-crescere\/\" \/>\n<meta property=\"og:site_name\" content=\"Oltremare\" \/>\n<meta property=\"article:publisher\" content=\"https:\/\/www.facebook.com\/Agenzia-Italiana-per-la-Cooperazione-allo-Sviluppo-996004880482735\/\" \/>\n<meta property=\"article:published_time\" content=\"2022-10-20T11:10:30+00:00\" \/>\n<meta property=\"article:modified_time\" content=\"2022-10-21T09:24:44+00:00\" \/>\n<meta property=\"og:image\" content=\"https:\/\/www.aics.gov.it\/oltremare\/wp-content\/uploads\/2022\/10\/arno-senoner-vYu_tosCVJE-unsplash-e1666264690997.jpg\" \/>\n\t<meta property=\"og:image:width\" content=\"1920\" \/>\n\t<meta property=\"og:image:height\" content=\"1060\" \/>\n\t<meta property=\"og:image:type\" content=\"image\/jpeg\" \/>\n<meta name=\"author\" content=\"Gianfranco Belgrano\" \/>\n<meta name=\"twitter:card\" content=\"summary_large_image\" \/>\n<meta name=\"twitter:creator\" content=\"@aics_it\" \/>\n<meta name=\"twitter:site\" content=\"@aics_it\" \/>\n<meta name=\"twitter:label1\" content=\"Scritto da\" \/>\n\t<meta name=\"twitter:data1\" content=\"Gianfranco Belgrano\" \/>\n\t<meta name=\"twitter:label2\" content=\"Tempo di lettura stimato\" \/>\n\t<meta name=\"twitter:data2\" content=\"7 minuti\" \/>\n<script type=\"application\/ld+json\" class=\"yoast-schema-graph\">{\"@context\":\"https:\\\/\\\/schema.org\",\"@graph\":[{\"@type\":\"Article\",\"@id\":\"https:\\\/\\\/www.aics.gov.it\\\/oltremare\\\/articoli\\\/prosperita\\\/tecnologie-geospaziali-e-dati-fao-anche-cosi-lagricoltura-puo-crescere\\\/#article\",\"isPartOf\":{\"@id\":\"https:\\\/\\\/www.aics.gov.it\\\/oltremare\\\/articoli\\\/prosperita\\\/tecnologie-geospaziali-e-dati-fao-anche-cosi-lagricoltura-puo-crescere\\\/\"},\"author\":{\"name\":\"Gianfranco Belgrano\",\"@id\":\"https:\\\/\\\/www.aics.gov.it\\\/oltremare\\\/#\\\/schema\\\/person\\\/bbd39a2edf13a8b780ad8d877998928e\"},\"headline\":\"Tecnologie geospaziali e dati Fao, anche cos\u00ec l\u2019agricoltura pu\u00f2 crescere\",\"datePublished\":\"2022-10-20T11:10:30+00:00\",\"dateModified\":\"2022-10-21T09:24:44+00:00\",\"mainEntityOfPage\":{\"@id\":\"https:\\\/\\\/www.aics.gov.it\\\/oltremare\\\/articoli\\\/prosperita\\\/tecnologie-geospaziali-e-dati-fao-anche-cosi-lagricoltura-puo-crescere\\\/\"},\"wordCount\":1082,\"commentCount\":0,\"publisher\":{\"@id\":\"https:\\\/\\\/www.aics.gov.it\\\/oltremare\\\/#organization\"},\"image\":{\"@id\":\"https:\\\/\\\/www.aics.gov.it\\\/oltremare\\\/articoli\\\/prosperita\\\/tecnologie-geospaziali-e-dati-fao-anche-cosi-lagricoltura-puo-crescere\\\/#primaryimage\"},\"thumbnailUrl\":\"https:\\\/\\\/www.aics.gov.it\\\/oltremare\\\/wp-content\\\/uploads\\\/2022\\\/10\\\/arno-senoner-vYu_tosCVJE-unsplash-e1666264690997.jpg\",\"keywords\":[\"Agricoltura\",\"alimentazione\",\"Cibo\",\"FAO\"],\"articleSection\":[\"Prosperit\u00e0\"],\"inLanguage\":\"it-IT\",\"potentialAction\":[{\"@type\":\"CommentAction\",\"name\":\"Comment\",\"target\":[\"https:\\\/\\\/www.aics.gov.it\\\/oltremare\\\/articoli\\\/prosperita\\\/tecnologie-geospaziali-e-dati-fao-anche-cosi-lagricoltura-puo-crescere\\\/#respond\"]}]},{\"@type\":\"WebPage\",\"@id\":\"https:\\\/\\\/www.aics.gov.it\\\/oltremare\\\/articoli\\\/prosperita\\\/tecnologie-geospaziali-e-dati-fao-anche-cosi-lagricoltura-puo-crescere\\\/\",\"url\":\"https:\\\/\\\/www.aics.gov.it\\\/oltremare\\\/articoli\\\/prosperita\\\/tecnologie-geospaziali-e-dati-fao-anche-cosi-lagricoltura-puo-crescere\\\/\",\"name\":\"Tecnologie geospaziali e dati Fao, anche cos\u00ec l\u2019agricoltura pu\u00f2 crescere - Oltremare\",\"isPartOf\":{\"@id\":\"https:\\\/\\\/www.aics.gov.it\\\/oltremare\\\/#website\"},\"primaryImageOfPage\":{\"@id\":\"https:\\\/\\\/www.aics.gov.it\\\/oltremare\\\/articoli\\\/prosperita\\\/tecnologie-geospaziali-e-dati-fao-anche-cosi-lagricoltura-puo-crescere\\\/#primaryimage\"},\"image\":{\"@id\":\"https:\\\/\\\/www.aics.gov.it\\\/oltremare\\\/articoli\\\/prosperita\\\/tecnologie-geospaziali-e-dati-fao-anche-cosi-lagricoltura-puo-crescere\\\/#primaryimage\"},\"thumbnailUrl\":\"https:\\\/\\\/www.aics.gov.it\\\/oltremare\\\/wp-content\\\/uploads\\\/2022\\\/10\\\/arno-senoner-vYu_tosCVJE-unsplash-e1666264690997.jpg\",\"datePublished\":\"2022-10-20T11:10:30+00:00\",\"dateModified\":\"2022-10-21T09:24:44+00:00\",\"breadcrumb\":{\"@id\":\"https:\\\/\\\/www.aics.gov.it\\\/oltremare\\\/articoli\\\/prosperita\\\/tecnologie-geospaziali-e-dati-fao-anche-cosi-lagricoltura-puo-crescere\\\/#breadcrumb\"},\"inLanguage\":\"it-IT\",\"potentialAction\":[{\"@type\":\"ReadAction\",\"target\":[\"https:\\\/\\\/www.aics.gov.it\\\/oltremare\\\/articoli\\\/prosperita\\\/tecnologie-geospaziali-e-dati-fao-anche-cosi-lagricoltura-puo-crescere\\\/\"]}]},{\"@type\":\"ImageObject\",\"inLanguage\":\"it-IT\",\"@id\":\"https:\\\/\\\/www.aics.gov.it\\\/oltremare\\\/articoli\\\/prosperita\\\/tecnologie-geospaziali-e-dati-fao-anche-cosi-lagricoltura-puo-crescere\\\/#primaryimage\",\"url\":\"https:\\\/\\\/www.aics.gov.it\\\/oltremare\\\/wp-content\\\/uploads\\\/2022\\\/10\\\/arno-senoner-vYu_tosCVJE-unsplash-e1666264690997.jpg\",\"contentUrl\":\"https:\\\/\\\/www.aics.gov.it\\\/oltremare\\\/wp-content\\\/uploads\\\/2022\\\/10\\\/arno-senoner-vYu_tosCVJE-unsplash-e1666264690997.jpg\",\"width\":1920,\"height\":1060},{\"@type\":\"BreadcrumbList\",\"@id\":\"https:\\\/\\\/www.aics.gov.it\\\/oltremare\\\/articoli\\\/prosperita\\\/tecnologie-geospaziali-e-dati-fao-anche-cosi-lagricoltura-puo-crescere\\\/#breadcrumb\",\"itemListElement\":[{\"@type\":\"ListItem\",\"position\":1,\"name\":\"Home\",\"item\":\"https:\\\/\\\/www.aics.gov.it\\\/oltremare\\\/\"},{\"@type\":\"ListItem\",\"position\":2,\"name\":\"Tecnologie geospaziali e dati Fao, anche cos\u00ec l\u2019agricoltura pu\u00f2 crescere\"}]},{\"@type\":\"WebSite\",\"@id\":\"https:\\\/\\\/www.aics.gov.it\\\/oltremare\\\/#website\",\"url\":\"https:\\\/\\\/www.aics.gov.it\\\/oltremare\\\/\",\"name\":\"Oltremare\",\"description\":\"Il Blog della cooperazione\",\"publisher\":{\"@id\":\"https:\\\/\\\/www.aics.gov.it\\\/oltremare\\\/#organization\"},\"potentialAction\":[{\"@type\":\"SearchAction\",\"target\":{\"@type\":\"EntryPoint\",\"urlTemplate\":\"https:\\\/\\\/www.aics.gov.it\\\/oltremare\\\/?s={search_term_string}\"},\"query-input\":{\"@type\":\"PropertyValueSpecification\",\"valueRequired\":true,\"valueName\":\"search_term_string\"}}],\"inLanguage\":\"it-IT\"},{\"@type\":\"Organization\",\"@id\":\"https:\\\/\\\/www.aics.gov.it\\\/oltremare\\\/#organization\",\"name\":\"Agenzia Italiana per la Cooperazione allo Sviluppo\",\"url\":\"https:\\\/\\\/www.aics.gov.it\\\/oltremare\\\/\",\"logo\":{\"@type\":\"ImageObject\",\"inLanguage\":\"it-IT\",\"@id\":\"https:\\\/\\\/www.aics.gov.it\\\/oltremare\\\/#\\\/schema\\\/logo\\\/image\\\/\",\"url\":\"https:\\\/\\\/www.aics.gov.it\\\/oltremare\\\/wp-content\\\/uploads\\\/2018\\\/02\\\/AICS_HEADER_530x130_EC1-e1518178146163.jpg\",\"contentUrl\":\"https:\\\/\\\/www.aics.gov.it\\\/oltremare\\\/wp-content\\\/uploads\\\/2018\\\/02\\\/AICS_HEADER_530x130_EC1-e1518178146163.jpg\",\"width\":300,\"height\":74,\"caption\":\"Agenzia Italiana per la Cooperazione allo Sviluppo\"},\"image\":{\"@id\":\"https:\\\/\\\/www.aics.gov.it\\\/oltremare\\\/#\\\/schema\\\/logo\\\/image\\\/\"},\"sameAs\":[\"https:\\\/\\\/www.facebook.com\\\/Agenzia-Italiana-per-la-Cooperazione-allo-Sviluppo-996004880482735\\\/\",\"https:\\\/\\\/x.com\\\/aics_it\",\"https:\\\/\\\/www.instagram.com\\\/aics_cooperazione_it\\\/\",\"https:\\\/\\\/www.youtube.com\\\/channel\\\/UCbssygnjreKD1Se1mDeCQ5w\"]},{\"@type\":\"Person\",\"@id\":\"https:\\\/\\\/www.aics.gov.it\\\/oltremare\\\/#\\\/schema\\\/person\\\/bbd39a2edf13a8b780ad8d877998928e\",\"name\":\"Gianfranco Belgrano\",\"image\":{\"@type\":\"ImageObject\",\"inLanguage\":\"it-IT\",\"@id\":\"https:\\\/\\\/www.aics.gov.it\\\/oltremare\\\/wp-content\\\/uploads\\\/2018\\\/08\\\/gianfranco-belgrano1.jpg\",\"url\":\"https:\\\/\\\/www.aics.gov.it\\\/oltremare\\\/wp-content\\\/uploads\\\/2018\\\/08\\\/gianfranco-belgrano1.jpg\",\"contentUrl\":\"https:\\\/\\\/www.aics.gov.it\\\/oltremare\\\/wp-content\\\/uploads\\\/2018\\\/08\\\/gianfranco-belgrano1.jpg\",\"caption\":\"Gianfranco Belgrano\"},\"url\":\"https:\\\/\\\/www.aics.gov.it\\\/oltremare\\\/author\\\/gianfrancobelgrano\\\/\"}]}<\/script>\n<!-- \/ Yoast SEO plugin. -->","yoast_head_json":{"title":"Tecnologie geospaziali e dati Fao, anche cos\u00ec l\u2019agricoltura pu\u00f2 crescere - Oltremare","robots":{"index":"index","follow":"follow","max-snippet":"max-snippet:-1","max-image-preview":"max-image-preview:large","max-video-preview":"max-video-preview:-1"},"canonical":"https:\/\/www.aics.gov.it\/oltremare\/articoli\/prosperita\/tecnologie-geospaziali-e-dati-fao-anche-cosi-lagricoltura-puo-crescere\/","og_locale":"it_IT","og_type":"article","og_title":"Tecnologie geospaziali e dati Fao, anche cos\u00ec l\u2019agricoltura pu\u00f2 crescere - Oltremare","og_description":"Attraverso l\u2019impiego di nuove tecnologie e lo sviluppo di analisi socio-economiche derivanti dai dati in possesso della Fao, l\u2019Iniziativa Hand-in-Hand ha aperto nuovi percorsi di sviluppo pensati per ridurre la povert\u00e0 nelle regioni pi\u00f9 svantaggiate del mondo","og_url":"https:\/\/www.aics.gov.it\/oltremare\/articoli\/prosperita\/tecnologie-geospaziali-e-dati-fao-anche-cosi-lagricoltura-puo-crescere\/","og_site_name":"Oltremare","article_publisher":"https:\/\/www.facebook.com\/Agenzia-Italiana-per-la-Cooperazione-allo-Sviluppo-996004880482735\/","article_published_time":"2022-10-20T11:10:30+00:00","article_modified_time":"2022-10-21T09:24:44+00:00","og_image":[{"width":1920,"height":1060,"url":"https:\/\/www.aics.gov.it\/oltremare\/wp-content\/uploads\/2022\/10\/arno-senoner-vYu_tosCVJE-unsplash-e1666264690997.jpg","type":"image\/jpeg"}],"author":"Gianfranco Belgrano","twitter_card":"summary_large_image","twitter_creator":"@aics_it","twitter_site":"@aics_it","twitter_misc":{"Scritto da":"Gianfranco Belgrano","Tempo di lettura stimato":"7 minuti"},"schema":{"@context":"https:\/\/schema.org","@graph":[{"@type":"Article","@id":"https:\/\/www.aics.gov.it\/oltremare\/articoli\/prosperita\/tecnologie-geospaziali-e-dati-fao-anche-cosi-lagricoltura-puo-crescere\/#article","isPartOf":{"@id":"https:\/\/www.aics.gov.it\/oltremare\/articoli\/prosperita\/tecnologie-geospaziali-e-dati-fao-anche-cosi-lagricoltura-puo-crescere\/"},"author":{"name":"Gianfranco Belgrano","@id":"https:\/\/www.aics.gov.it\/oltremare\/#\/schema\/person\/bbd39a2edf13a8b780ad8d877998928e"},"headline":"Tecnologie geospaziali e dati Fao, anche cos\u00ec l\u2019agricoltura pu\u00f2 crescere","datePublished":"2022-10-20T11:10:30+00:00","dateModified":"2022-10-21T09:24:44+00:00","mainEntityOfPage":{"@id":"https:\/\/www.aics.gov.it\/oltremare\/articoli\/prosperita\/tecnologie-geospaziali-e-dati-fao-anche-cosi-lagricoltura-puo-crescere\/"},"wordCount":1082,"commentCount":0,"publisher":{"@id":"https:\/\/www.aics.gov.it\/oltremare\/#organization"},"image":{"@id":"https:\/\/www.aics.gov.it\/oltremare\/articoli\/prosperita\/tecnologie-geospaziali-e-dati-fao-anche-cosi-lagricoltura-puo-crescere\/#primaryimage"},"thumbnailUrl":"https:\/\/www.aics.gov.it\/oltremare\/wp-content\/uploads\/2022\/10\/arno-senoner-vYu_tosCVJE-unsplash-e1666264690997.jpg","keywords":["Agricoltura","alimentazione","Cibo","FAO"],"articleSection":["Prosperit\u00e0"],"inLanguage":"it-IT","potentialAction":[{"@type":"CommentAction","name":"Comment","target":["https:\/\/www.aics.gov.it\/oltremare\/articoli\/prosperita\/tecnologie-geospaziali-e-dati-fao-anche-cosi-lagricoltura-puo-crescere\/#respond"]}]},{"@type":"WebPage","@id":"https:\/\/www.aics.gov.it\/oltremare\/articoli\/prosperita\/tecnologie-geospaziali-e-dati-fao-anche-cosi-lagricoltura-puo-crescere\/","url":"https:\/\/www.aics.gov.it\/oltremare\/articoli\/prosperita\/tecnologie-geospaziali-e-dati-fao-anche-cosi-lagricoltura-puo-crescere\/","name":"Tecnologie geospaziali e dati Fao, anche cos\u00ec l\u2019agricoltura pu\u00f2 crescere - Oltremare","isPartOf":{"@id":"https:\/\/www.aics.gov.it\/oltremare\/#website"},"primaryImageOfPage":{"@id":"https:\/\/www.aics.gov.it\/oltremare\/articoli\/prosperita\/tecnologie-geospaziali-e-dati-fao-anche-cosi-lagricoltura-puo-crescere\/#primaryimage"},"image":{"@id":"https:\/\/www.aics.gov.it\/oltremare\/articoli\/prosperita\/tecnologie-geospaziali-e-dati-fao-anche-cosi-lagricoltura-puo-crescere\/#primaryimage"},"thumbnailUrl":"https:\/\/www.aics.gov.it\/oltremare\/wp-content\/uploads\/2022\/10\/arno-senoner-vYu_tosCVJE-unsplash-e1666264690997.jpg","datePublished":"2022-10-20T11:10:30+00:00","dateModified":"2022-10-21T09:24:44+00:00","breadcrumb":{"@id":"https:\/\/www.aics.gov.it\/oltremare\/articoli\/prosperita\/tecnologie-geospaziali-e-dati-fao-anche-cosi-lagricoltura-puo-crescere\/#breadcrumb"},"inLanguage":"it-IT","potentialAction":[{"@type":"ReadAction","target":["https:\/\/www.aics.gov.it\/oltremare\/articoli\/prosperita\/tecnologie-geospaziali-e-dati-fao-anche-cosi-lagricoltura-puo-crescere\/"]}]},{"@type":"ImageObject","inLanguage":"it-IT","@id":"https:\/\/www.aics.gov.it\/oltremare\/articoli\/prosperita\/tecnologie-geospaziali-e-dati-fao-anche-cosi-lagricoltura-puo-crescere\/#primaryimage","url":"https:\/\/www.aics.gov.it\/oltremare\/wp-content\/uploads\/2022\/10\/arno-senoner-vYu_tosCVJE-unsplash-e1666264690997.jpg","contentUrl":"https:\/\/www.aics.gov.it\/oltremare\/wp-content\/uploads\/2022\/10\/arno-senoner-vYu_tosCVJE-unsplash-e1666264690997.jpg","width":1920,"height":1060},{"@type":"BreadcrumbList","@id":"https:\/\/www.aics.gov.it\/oltremare\/articoli\/prosperita\/tecnologie-geospaziali-e-dati-fao-anche-cosi-lagricoltura-puo-crescere\/#breadcrumb","itemListElement":[{"@type":"ListItem","position":1,"name":"Home","item":"https:\/\/www.aics.gov.it\/oltremare\/"},{"@type":"ListItem","position":2,"name":"Tecnologie geospaziali e dati Fao, anche cos\u00ec l\u2019agricoltura pu\u00f2 crescere"}]},{"@type":"WebSite","@id":"https:\/\/www.aics.gov.it\/oltremare\/#website","url":"https:\/\/www.aics.gov.it\/oltremare\/","name":"Oltremare","description":"Il Blog della cooperazione","publisher":{"@id":"https:\/\/www.aics.gov.it\/oltremare\/#organization"},"potentialAction":[{"@type":"SearchAction","target":{"@type":"EntryPoint","urlTemplate":"https:\/\/www.aics.gov.it\/oltremare\/?s={search_term_string}"},"query-input":{"@type":"PropertyValueSpecification","valueRequired":true,"valueName":"search_term_string"}}],"inLanguage":"it-IT"},{"@type":"Organization","@id":"https:\/\/www.aics.gov.it\/oltremare\/#organization","name":"Agenzia Italiana per la Cooperazione allo Sviluppo","url":"https:\/\/www.aics.gov.it\/oltremare\/","logo":{"@type":"ImageObject","inLanguage":"it-IT","@id":"https:\/\/www.aics.gov.it\/oltremare\/#\/schema\/logo\/image\/","url":"https:\/\/www.aics.gov.it\/oltremare\/wp-content\/uploads\/2018\/02\/AICS_HEADER_530x130_EC1-e1518178146163.jpg","contentUrl":"https:\/\/www.aics.gov.it\/oltremare\/wp-content\/uploads\/2018\/02\/AICS_HEADER_530x130_EC1-e1518178146163.jpg","width":300,"height":74,"caption":"Agenzia Italiana per la Cooperazione allo Sviluppo"},"image":{"@id":"https:\/\/www.aics.gov.it\/oltremare\/#\/schema\/logo\/image\/"},"sameAs":["https:\/\/www.facebook.com\/Agenzia-Italiana-per-la-Cooperazione-allo-Sviluppo-996004880482735\/","https:\/\/x.com\/aics_it","https:\/\/www.instagram.com\/aics_cooperazione_it\/","https:\/\/www.youtube.com\/channel\/UCbssygnjreKD1Se1mDeCQ5w"]},{"@type":"Person","@id":"https:\/\/www.aics.gov.it\/oltremare\/#\/schema\/person\/bbd39a2edf13a8b780ad8d877998928e","name":"Gianfranco Belgrano","image":{"@type":"ImageObject","inLanguage":"it-IT","@id":"https:\/\/www.aics.gov.it\/oltremare\/wp-content\/uploads\/2018\/08\/gianfranco-belgrano1.jpg","url":"https:\/\/www.aics.gov.it\/oltremare\/wp-content\/uploads\/2018\/08\/gianfranco-belgrano1.jpg","contentUrl":"https:\/\/www.aics.gov.it\/oltremare\/wp-content\/uploads\/2018\/08\/gianfranco-belgrano1.jpg","caption":"Gianfranco Belgrano"},"url":"https:\/\/www.aics.gov.it\/oltremare\/author\/gianfrancobelgrano\/"}]}},"_links":{"self":[{"href":"https:\/\/www.aics.gov.it\/oltremare\/wp-json\/wp\/v2\/posts\/16029","targetHints":{"allow":["GET"]}}],"collection":[{"href":"https:\/\/www.aics.gov.it\/oltremare\/wp-json\/wp\/v2\/posts"}],"about":[{"href":"https:\/\/www.aics.gov.it\/oltremare\/wp-json\/wp\/v2\/types\/post"}],"author":[{"embeddable":true,"href":"https:\/\/www.aics.gov.it\/oltremare\/wp-json\/wp\/v2\/users\/6"}],"replies":[{"embeddable":true,"href":"https:\/\/www.aics.gov.it\/oltremare\/wp-json\/wp\/v2\/comments?post=16029"}],"version-history":[{"count":5,"href":"https:\/\/www.aics.gov.it\/oltremare\/wp-json\/wp\/v2\/posts\/16029\/revisions"}],"predecessor-version":[{"id":16039,"href":"https:\/\/www.aics.gov.it\/oltremare\/wp-json\/wp\/v2\/posts\/16029\/revisions\/16039"}],"wp:featuredmedia":[{"embeddable":true,"href":"https:\/\/www.aics.gov.it\/oltremare\/wp-json\/wp\/v2\/media\/16032"}],"wp:attachment":[{"href":"https:\/\/www.aics.gov.it\/oltremare\/wp-json\/wp\/v2\/media?parent=16029"}],"wp:term":[{"taxonomy":"category","embeddable":true,"href":"https:\/\/www.aics.gov.it\/oltremare\/wp-json\/wp\/v2\/categories?post=16029"},{"taxonomy":"post_tag","embeddable":true,"href":"https:\/\/www.aics.gov.it\/oltremare\/wp-json\/wp\/v2\/tags?post=16029"}],"curies":[{"name":"wp","href":"https:\/\/api.w.org\/{rel}","templated":true}]}}