{"id":16338,"date":"2022-12-01T13:30:11","date_gmt":"2022-12-01T12:30:11","guid":{"rendered":"https:\/\/www.aics.gov.it\/oltremare\/?p=16338"},"modified":"2022-12-05T15:43:36","modified_gmt":"2022-12-05T14:43:36","slug":"sudan-non-per-la-nostra-generazione-la-lotta-contro-le-violenze-di-genere-in-sudan","status":"publish","type":"post","link":"https:\/\/www.aics.gov.it\/oltremare\/voci-dal-campo\/sudan-non-per-la-nostra-generazione-la-lotta-contro-le-violenze-di-genere-in-sudan\/","title":{"rendered":"<span style=\"color: #1D71B8; font-size: 13px;\">SUDAN<\/span><br> &#8220;Non per la nostra generazione&#8221;: la lotta contro le violenze di genere in Sudan"},"content":{"rendered":"<p>In Sudan l\u201987% delle donne sopra i 14 anni e il 17% al di sotto degli 8 anni hanno subito mutilazioni genitali, una pratica diventata illegale solo nel 2020, mentre il 37% delle ragazze viene fatto sposare in et\u00e0 giovanissima. In questo contesto sociale Aics Khartoum ha organizzato un workshop, nell&#8217;ambito della &#8220;Campagna dei 16 giorni contro le violenze di genere&#8221; per condividere esperienze, buone pratiche e testimonianze sul tema <!--more--><\/p>\n<p>Violenza di genere <strong>in Sudan<\/strong>, come in molti altri Paesi africani, significa <strong>violenza domestica, violenza sessuale, violenza psicologica, mutilazioni genitali femminili, matrimonio precoce<\/strong>.<\/p>\n<p>Con le sue parole, <strong>Rehab<\/strong>, giovane donna di Gedaref ultima di quattro sorelle, ci parla della sua difficile infanzia: \u201c<em>You bring the shame on our family<\/em>\u201d (&#8220;Hai portato la vergogna nella nostra famiglia&#8221;) \u00e8 l\u2019accusa che la nonna le ha rivolto quando a 8 anni Rehab &#8211; con il supporto della mamma &#8211; non fu \u201ctahara (purificata)\u201d come si usa dire in Sudan. Rehab oggi lavora per una Organizzazione della societ\u00e0 civile (Osc) internazionale ed \u00e8 venuta a Khartoum per seguire un corso organizzato da Aics Khartoum, nell\u2019ambito del <strong>programma Werise!<\/strong> finanziato dall\u2019 Unione Europea. \u201cCerco di fare capire alle donne, mie coetanee, che mutilare le bambine \u00e8 una violenza contro l\u2019anima, contro l\u2019infanzia, una tortura\u201d.<\/p>\n<p>\u201cAccadde quando avevo 8 anni. Allora mi trovavo in Arabia Saudita e prima di tornare in Sudan per le vacanze sono stata purificata (tahira in arabo). Non c\u2019era altra possibilit\u00e0. Le mie tre sorelle, mia madre, mia nonna lo avevano gia\u00e0 fatto. Io non volevo essere diversa. Oggi non lo farei alle mie figlie\u201d, ci confessa Awadia, quasi nascondendosi dietro la tazza di caff\u00e8 che stringe tra le mani.<\/p>\n<div id=\"attachment_16348\" style=\"width: 1034px\" class=\"wp-caption alignnone\"><img loading=\"lazy\" decoding=\"async\" aria-describedby=\"caption-attachment-16348\" class=\"wp-image-16348 size-large\" src=\"https:\/\/www.aics.gov.it\/oltremare\/wp-content\/uploads\/2022\/12\/IMG_7395-1024x768.jpeg\" alt=\"Due donne sudanesi con un neonato. Crediti: Aics Khartoum\" width=\"1024\" height=\"768\" srcset=\"https:\/\/www.aics.gov.it\/oltremare\/wp-content\/uploads\/2022\/12\/IMG_7395-1024x768.jpeg 1024w, https:\/\/www.aics.gov.it\/oltremare\/wp-content\/uploads\/2022\/12\/IMG_7395-600x450.jpeg 600w, https:\/\/www.aics.gov.it\/oltremare\/wp-content\/uploads\/2022\/12\/IMG_7395-768x576.jpeg 768w, https:\/\/www.aics.gov.it\/oltremare\/wp-content\/uploads\/2022\/12\/IMG_7395-1536x1152.jpeg 1536w\" sizes=\"auto, (max-width: 1024px) 100vw, 1024px\" \/><p id=\"caption-attachment-16348\" class=\"wp-caption-text\">Due donne sudanesi con un neonato. Crediti: Aics Khartoum<\/p><\/div>\n<p>Secondo lo studio svolto da Unfpa nel 2020, in Sudan <strong>le percentuali di mutilazioni genitali femminili (Fgm) e di matrimoni precoci sono allarmanti<\/strong>:<a href=\"https:\/\/www.28toomany.org\/country\/sudan\/\" target=\"_blank\" rel=\"noopener\"> l\u201987% delle donne sopra i 14 anni e il 17% al di sotto degli 8 anni sono state mutilate<\/a>, con <a href=\"https:\/\/sudan.unfpa.org\/sites\/default\/files\/pub-pdf\/unfpa_16th.pdf\" target=\"_blank\" rel=\"noopener\">una maggiore incidenza<\/a> nel Nord Kordofan (97.7%), East e Nord Darfur (97.3%).<strong> Nella capitale Khartoum circa l\u201987.5% della popolazione femminile \u00e8 mutilata<\/strong>. \u201cAvevo 11 anni. \u00c8 arrivato un uomo nel villaggio e aveva con s\u00e9 un coltello con una lama che luccicava come un pezzo di specchio. Mi presero da parte e tolto una parte di me. Ero la pi\u00f9 grande e non potevo piangere perch\u00e9 avrei gettato la vergogna sulla mia famiglia\u201d, con queste parole ci racconta la sua storia Fatima.<\/p>\n<p>Queste le storie raccolte nei momenti liberi del <strong>workshop rivolto a 13 organizzazioni della societa civile sudanese<\/strong> impegnate nella \u201cCampagna dei 16 giorni contro le violenze di genere\u201d (Gbv, Gender Based Violence), con la partecipazione di ostetriche, ginecologi, pediatri, medici di famiglia, chirurghi.<\/p>\n<div id=\"attachment_16346\" style=\"width: 1034px\" class=\"wp-caption alignnone\"><img loading=\"lazy\" decoding=\"async\" aria-describedby=\"caption-attachment-16346\" class=\"wp-image-16346 size-large\" src=\"https:\/\/www.aics.gov.it\/oltremare\/wp-content\/uploads\/2022\/12\/IMG_8482-1024x768.jpeg\" alt=\"Partecipanti al workshop Aics. Crediti: Aics Khartoum\" width=\"1024\" height=\"768\" srcset=\"https:\/\/www.aics.gov.it\/oltremare\/wp-content\/uploads\/2022\/12\/IMG_8482-1024x768.jpeg 1024w, https:\/\/www.aics.gov.it\/oltremare\/wp-content\/uploads\/2022\/12\/IMG_8482-600x450.jpeg 600w, https:\/\/www.aics.gov.it\/oltremare\/wp-content\/uploads\/2022\/12\/IMG_8482-768x576.jpeg 768w, https:\/\/www.aics.gov.it\/oltremare\/wp-content\/uploads\/2022\/12\/IMG_8482-1536x1152.jpeg 1536w\" sizes=\"auto, (max-width: 1024px) 100vw, 1024px\" \/><p id=\"caption-attachment-16346\" class=\"wp-caption-text\">Partecipanti al workshop Aics. Crediti: Aics Khartoum<\/p><\/div>\n<p>Gli argomenti trattati sono stati molti e i partecipanti, all\u2019inizio esitanti nel portare alla luce le loro proprie esperienze, hanno quindi iniziato a interagire in maniera attiva. \u201cLa violenza di genere \u00e8 un problema diffuso in molte societ\u00e0. Sinergia unione d\u2019intenti e coordinamento tra comunit\u00e0 internazionale e locale sono elementi chiave per il successo nella prevenzione e nella lotta contro le Gbv\u201d afferma <strong>Costanza Mataf\u00f9<\/strong>, esperta gender presso la sede Aics di Khartoum. Nello svolgimento del corso abbiamo introdotto il glossario di genere e spiegato il vocabolario, cercando di andare oltre la vergogna associata a determinate parole cariche di significati negativi, ha sottolineato l\u2019esperta.<\/p>\n<p>Come per le mutilazioni genitali femminili <strong>anche i matrimoni precoci sono percepiti come una delle principali forme di violenza di genere<\/strong>. <a href=\"https:\/\/sudan.unfpa.org\/sites\/default\/files\/pub-pdf\/unfpa_16th.pdf\" target=\"_blank\" rel=\"noopener\">Il 38% delle donne in Sudan viene fatta sposare in et\u00e0 giovanissima<\/a>, spesso ancora bambine: \u201cSenza un uomo, la donna non ha un\u2019opinione, sposarsi ti d\u00e0 la libert\u00e0 e non vieni trattata come baira (termine dispregiativo per la donna non sposata). Sposarsi significa anche non dover pi\u00f9 essere un peso economico per la tua famiglia di origine, essere protette, cosi si esprime una giovane donna del Blue Nile\u201d.<\/p>\n<p>\u201cE poi? <strong>Il Sudan ha vietato le mutilazioni genitali femminili<\/strong> con una pena punibile fino a tre anni di carcere, oltre al pagamento di una multa: l\u2019approvazione dell\u2019emendamento al codice penale risale allo scorso 2 maggio 2020 ed \u00e8 frutto di un lungo ma inarrestabile processo sociale e politico, oltre che del lavoro incessante delle organizzazioni internazionali e dei governi per l\u2019affermazione dei diritti delle donne\u201d, afferma <strong>Akram Abdel Gayoum<\/strong>, esperto sudanese di in Gender Based Violence della sede <a href=\"https:\/\/khartoum.aics.gov.it\/\">Aics di Khartoum<\/a>.<\/p>\n<div id=\"attachment_16347\" style=\"width: 1034px\" class=\"wp-caption alignnone\"><img loading=\"lazy\" decoding=\"async\" aria-describedby=\"caption-attachment-16347\" class=\"wp-image-16347 size-large\" src=\"https:\/\/www.aics.gov.it\/oltremare\/wp-content\/uploads\/2022\/12\/IMG_8617-1024x768.jpeg\" alt=\"Partecipanti al workshop Aics. Crediti: Aics Khartoum\" width=\"1024\" height=\"768\" srcset=\"https:\/\/www.aics.gov.it\/oltremare\/wp-content\/uploads\/2022\/12\/IMG_8617-1024x768.jpeg 1024w, https:\/\/www.aics.gov.it\/oltremare\/wp-content\/uploads\/2022\/12\/IMG_8617-600x450.jpeg 600w, https:\/\/www.aics.gov.it\/oltremare\/wp-content\/uploads\/2022\/12\/IMG_8617-768x576.jpeg 768w, https:\/\/www.aics.gov.it\/oltremare\/wp-content\/uploads\/2022\/12\/IMG_8617-1536x1152.jpeg 1536w\" sizes=\"auto, (max-width: 1024px) 100vw, 1024px\" \/><p id=\"caption-attachment-16347\" class=\"wp-caption-text\">Partecipanti al workshop Aics. Crediti: Aics Khartoum<\/p><\/div>\n<p>Il titolare di sede <strong>Michele Morana<\/strong> ha quindi concluso le giornate formative con un saluto rivolto ai partecipanti. Il messaggio che ha voluto trasmettere \u00e8 stato di apprezzamento per l\u2019impegno profuso e la partecipazione mostrata nel rendere il workshop vivo ed intenso, e di incoraggiamento per tutte quelle donne \u2013 madri, insegnanti, studentesse, professioniste, esperte nel lavoro sociale \u2013 che ogni giorno vivono sulla loro pelle discriminazioni e talvolta violenze, <strong>con un auspicio che la \u00a0causa della lotta contro violenza di genere diventi sempre pi\u00f9 patrimonio universale<\/strong>.<a href=\"#_ftnref1\" name=\"_ftn1\"><\/a><\/p>\n","protected":false},"excerpt":{"rendered":"<p>In Sudan l\u201987% delle donne sopra i 14 anni e il 17% al di sotto degli 8 anni hanno subito mutilazioni genitali, una pratica diventata illegale solo nel 2020, mentre il 37% delle ragazze viene fatto sposare in et\u00e0 giovanissima. [&hellip;]<\/p>\n","protected":false},"author":1,"featured_media":16343,"comment_status":"open","ping_status":"open","sticky":false,"template":"","format":"standard","meta":{"footnotes":""},"categories":[1000,139],"tags":[1076,632,291,1192],"class_list":["post-16338","post","type-post","status-publish","format-standard","has-post-thumbnail","hentry","category-16-days","category-voci-dal-campo","tag-aics-khartoum","tag-giornata-internazionale-contro-la-violenza-sulle-donne","tag-sudan","tag-violenze-di-genere"],"yoast_head":"<!-- This site is optimized with the Yoast SEO plugin v27.5 - https:\/\/yoast.com\/product\/yoast-seo-wordpress\/ -->\n<title>SUDAN &quot;Non per la nostra generazione&quot;: la lotta contro le violenze di genere in Sudan - Oltremare<\/title>\n<meta name=\"robots\" content=\"index, follow, max-snippet:-1, max-image-preview:large, max-video-preview:-1\" \/>\n<link rel=\"canonical\" href=\"https:\/\/www.aics.gov.it\/oltremare\/voci-dal-campo\/sudan-non-per-la-nostra-generazione-la-lotta-contro-le-violenze-di-genere-in-sudan\/\" \/>\n<meta property=\"og:locale\" content=\"it_IT\" \/>\n<meta property=\"og:type\" content=\"article\" \/>\n<meta property=\"og:title\" content=\"SUDAN &quot;Non per la nostra generazione&quot;: la lotta contro le violenze di genere in Sudan - Oltremare\" \/>\n<meta property=\"og:description\" content=\"In Sudan l\u201987% delle donne sopra i 14 anni e il 17% al di sotto degli 8 anni hanno subito mutilazioni genitali, una pratica diventata illegale solo nel 2020, mentre il 37% delle ragazze viene fatto sposare in et\u00e0 giovanissima. [&hellip;]\" \/>\n<meta property=\"og:url\" content=\"https:\/\/www.aics.gov.it\/oltremare\/voci-dal-campo\/sudan-non-per-la-nostra-generazione-la-lotta-contro-le-violenze-di-genere-in-sudan\/\" \/>\n<meta property=\"og:site_name\" content=\"Oltremare\" \/>\n<meta property=\"article:publisher\" content=\"https:\/\/www.facebook.com\/Agenzia-Italiana-per-la-Cooperazione-allo-Sviluppo-996004880482735\/\" \/>\n<meta property=\"article:published_time\" content=\"2022-12-01T12:30:11+00:00\" \/>\n<meta property=\"article:modified_time\" content=\"2022-12-05T14:43:36+00:00\" \/>\n<meta property=\"og:image\" content=\"https:\/\/www.aics.gov.it\/oltremare\/wp-content\/uploads\/2022\/12\/IMG_7579.jpeg\" \/>\n\t<meta property=\"og:image:width\" content=\"2048\" \/>\n\t<meta property=\"og:image:height\" content=\"1536\" \/>\n\t<meta property=\"og:image:type\" content=\"image\/jpeg\" \/>\n<meta name=\"author\" content=\"Oltremare\" \/>\n<meta name=\"twitter:card\" content=\"summary_large_image\" \/>\n<meta name=\"twitter:creator\" content=\"@aics_it\" \/>\n<meta name=\"twitter:site\" content=\"@aics_it\" \/>\n<meta name=\"twitter:label1\" content=\"Scritto da\" \/>\n\t<meta name=\"twitter:data1\" content=\"Francesca Nardi, Communication officer Aics Khartoum\" \/>\n\t<meta name=\"twitter:label2\" content=\"Tempo di lettura stimato\" \/>\n\t<meta name=\"twitter:data2\" content=\"6 minuti\" \/>\n<script type=\"application\/ld+json\" class=\"yoast-schema-graph\">{\"@context\":\"https:\\\/\\\/schema.org\",\"@graph\":[{\"@type\":\"Article\",\"@id\":\"https:\\\/\\\/www.aics.gov.it\\\/oltremare\\\/voci-dal-campo\\\/sudan-non-per-la-nostra-generazione-la-lotta-contro-le-violenze-di-genere-in-sudan\\\/#article\",\"isPartOf\":{\"@id\":\"https:\\\/\\\/www.aics.gov.it\\\/oltremare\\\/voci-dal-campo\\\/sudan-non-per-la-nostra-generazione-la-lotta-contro-le-violenze-di-genere-in-sudan\\\/\"},\"author\":{\"name\":\"Oltremare\",\"@id\":\"https:\\\/\\\/www.aics.gov.it\\\/oltremare\\\/#\\\/schema\\\/person\\\/839e251090f440ea6a1f960a5050e424\"},\"headline\":\"SUDAN &#8220;Non per la nostra generazione&#8221;: la lotta contro le violenze di genere in Sudan\",\"datePublished\":\"2022-12-01T12:30:11+00:00\",\"dateModified\":\"2022-12-05T14:43:36+00:00\",\"mainEntityOfPage\":{\"@id\":\"https:\\\/\\\/www.aics.gov.it\\\/oltremare\\\/voci-dal-campo\\\/sudan-non-per-la-nostra-generazione-la-lotta-contro-le-violenze-di-genere-in-sudan\\\/\"},\"wordCount\":851,\"commentCount\":0,\"publisher\":{\"@id\":\"https:\\\/\\\/www.aics.gov.it\\\/oltremare\\\/#organization\"},\"image\":{\"@id\":\"https:\\\/\\\/www.aics.gov.it\\\/oltremare\\\/voci-dal-campo\\\/sudan-non-per-la-nostra-generazione-la-lotta-contro-le-violenze-di-genere-in-sudan\\\/#primaryimage\"},\"thumbnailUrl\":\"https:\\\/\\\/www.aics.gov.it\\\/oltremare\\\/wp-content\\\/uploads\\\/2022\\\/12\\\/IMG_7579.jpeg\",\"keywords\":[\"Aics Khartoum\",\"Giornata internazionale contro la violenza sulle donne\",\"Sudan\",\"violenze di genere\"],\"articleSection\":[\"16-Days\",\"Voci dal campo\"],\"inLanguage\":\"it-IT\",\"potentialAction\":[{\"@type\":\"CommentAction\",\"name\":\"Comment\",\"target\":[\"https:\\\/\\\/www.aics.gov.it\\\/oltremare\\\/voci-dal-campo\\\/sudan-non-per-la-nostra-generazione-la-lotta-contro-le-violenze-di-genere-in-sudan\\\/#respond\"]}]},{\"@type\":\"WebPage\",\"@id\":\"https:\\\/\\\/www.aics.gov.it\\\/oltremare\\\/voci-dal-campo\\\/sudan-non-per-la-nostra-generazione-la-lotta-contro-le-violenze-di-genere-in-sudan\\\/\",\"url\":\"https:\\\/\\\/www.aics.gov.it\\\/oltremare\\\/voci-dal-campo\\\/sudan-non-per-la-nostra-generazione-la-lotta-contro-le-violenze-di-genere-in-sudan\\\/\",\"name\":\"SUDAN \\\"Non per la nostra generazione\\\": la lotta contro le violenze di genere in Sudan - Oltremare\",\"isPartOf\":{\"@id\":\"https:\\\/\\\/www.aics.gov.it\\\/oltremare\\\/#website\"},\"primaryImageOfPage\":{\"@id\":\"https:\\\/\\\/www.aics.gov.it\\\/oltremare\\\/voci-dal-campo\\\/sudan-non-per-la-nostra-generazione-la-lotta-contro-le-violenze-di-genere-in-sudan\\\/#primaryimage\"},\"image\":{\"@id\":\"https:\\\/\\\/www.aics.gov.it\\\/oltremare\\\/voci-dal-campo\\\/sudan-non-per-la-nostra-generazione-la-lotta-contro-le-violenze-di-genere-in-sudan\\\/#primaryimage\"},\"thumbnailUrl\":\"https:\\\/\\\/www.aics.gov.it\\\/oltremare\\\/wp-content\\\/uploads\\\/2022\\\/12\\\/IMG_7579.jpeg\",\"datePublished\":\"2022-12-01T12:30:11+00:00\",\"dateModified\":\"2022-12-05T14:43:36+00:00\",\"breadcrumb\":{\"@id\":\"https:\\\/\\\/www.aics.gov.it\\\/oltremare\\\/voci-dal-campo\\\/sudan-non-per-la-nostra-generazione-la-lotta-contro-le-violenze-di-genere-in-sudan\\\/#breadcrumb\"},\"inLanguage\":\"it-IT\",\"potentialAction\":[{\"@type\":\"ReadAction\",\"target\":[\"https:\\\/\\\/www.aics.gov.it\\\/oltremare\\\/voci-dal-campo\\\/sudan-non-per-la-nostra-generazione-la-lotta-contro-le-violenze-di-genere-in-sudan\\\/\"]}]},{\"@type\":\"ImageObject\",\"inLanguage\":\"it-IT\",\"@id\":\"https:\\\/\\\/www.aics.gov.it\\\/oltremare\\\/voci-dal-campo\\\/sudan-non-per-la-nostra-generazione-la-lotta-contro-le-violenze-di-genere-in-sudan\\\/#primaryimage\",\"url\":\"https:\\\/\\\/www.aics.gov.it\\\/oltremare\\\/wp-content\\\/uploads\\\/2022\\\/12\\\/IMG_7579.jpeg\",\"contentUrl\":\"https:\\\/\\\/www.aics.gov.it\\\/oltremare\\\/wp-content\\\/uploads\\\/2022\\\/12\\\/IMG_7579.jpeg\",\"width\":2048,\"height\":1536,\"caption\":\"Una donna sudanese\"},{\"@type\":\"BreadcrumbList\",\"@id\":\"https:\\\/\\\/www.aics.gov.it\\\/oltremare\\\/voci-dal-campo\\\/sudan-non-per-la-nostra-generazione-la-lotta-contro-le-violenze-di-genere-in-sudan\\\/#breadcrumb\",\"itemListElement\":[{\"@type\":\"ListItem\",\"position\":1,\"name\":\"Home\",\"item\":\"https:\\\/\\\/www.aics.gov.it\\\/oltremare\\\/\"},{\"@type\":\"ListItem\",\"position\":2,\"name\":\"SUDAN &#8220;Non per la nostra generazione&#8221;: la lotta contro le violenze di genere in Sudan\"}]},{\"@type\":\"WebSite\",\"@id\":\"https:\\\/\\\/www.aics.gov.it\\\/oltremare\\\/#website\",\"url\":\"https:\\\/\\\/www.aics.gov.it\\\/oltremare\\\/\",\"name\":\"Oltremare\",\"description\":\"Il Blog della cooperazione\",\"publisher\":{\"@id\":\"https:\\\/\\\/www.aics.gov.it\\\/oltremare\\\/#organization\"},\"potentialAction\":[{\"@type\":\"SearchAction\",\"target\":{\"@type\":\"EntryPoint\",\"urlTemplate\":\"https:\\\/\\\/www.aics.gov.it\\\/oltremare\\\/?s={search_term_string}\"},\"query-input\":{\"@type\":\"PropertyValueSpecification\",\"valueRequired\":true,\"valueName\":\"search_term_string\"}}],\"inLanguage\":\"it-IT\"},{\"@type\":\"Organization\",\"@id\":\"https:\\\/\\\/www.aics.gov.it\\\/oltremare\\\/#organization\",\"name\":\"Agenzia Italiana per la Cooperazione allo Sviluppo\",\"url\":\"https:\\\/\\\/www.aics.gov.it\\\/oltremare\\\/\",\"logo\":{\"@type\":\"ImageObject\",\"inLanguage\":\"it-IT\",\"@id\":\"https:\\\/\\\/www.aics.gov.it\\\/oltremare\\\/#\\\/schema\\\/logo\\\/image\\\/\",\"url\":\"https:\\\/\\\/www.aics.gov.it\\\/oltremare\\\/wp-content\\\/uploads\\\/2018\\\/02\\\/AICS_HEADER_530x130_EC1-e1518178146163.jpg\",\"contentUrl\":\"https:\\\/\\\/www.aics.gov.it\\\/oltremare\\\/wp-content\\\/uploads\\\/2018\\\/02\\\/AICS_HEADER_530x130_EC1-e1518178146163.jpg\",\"width\":300,\"height\":74,\"caption\":\"Agenzia Italiana per la Cooperazione allo Sviluppo\"},\"image\":{\"@id\":\"https:\\\/\\\/www.aics.gov.it\\\/oltremare\\\/#\\\/schema\\\/logo\\\/image\\\/\"},\"sameAs\":[\"https:\\\/\\\/www.facebook.com\\\/Agenzia-Italiana-per-la-Cooperazione-allo-Sviluppo-996004880482735\\\/\",\"https:\\\/\\\/x.com\\\/aics_it\",\"https:\\\/\\\/www.instagram.com\\\/aics_cooperazione_it\\\/\",\"https:\\\/\\\/www.youtube.com\\\/channel\\\/UCbssygnjreKD1Se1mDeCQ5w\"]},{\"@type\":\"Person\",\"@id\":\"https:\\\/\\\/www.aics.gov.it\\\/oltremare\\\/#\\\/schema\\\/person\\\/839e251090f440ea6a1f960a5050e424\",\"name\":\"Oltremare\",\"image\":{\"@type\":\"ImageObject\",\"inLanguage\":\"it-IT\",\"@id\":\"https:\\\/\\\/secure.gravatar.com\\\/avatar\\\/5bdd54efc610ff3db8c53755c1599daf68165eb144e678103c1ac46fb81fe6a0?s=96&d=mm&r=g\",\"url\":\"https:\\\/\\\/secure.gravatar.com\\\/avatar\\\/5bdd54efc610ff3db8c53755c1599daf68165eb144e678103c1ac46fb81fe6a0?s=96&d=mm&r=g\",\"contentUrl\":\"https:\\\/\\\/secure.gravatar.com\\\/avatar\\\/5bdd54efc610ff3db8c53755c1599daf68165eb144e678103c1ac46fb81fe6a0?s=96&d=mm&r=g\",\"caption\":\"Oltremare\"},\"url\":\"\"}]}<\/script>\n<!-- \/ Yoast SEO plugin. -->","yoast_head_json":{"title":"SUDAN \"Non per la nostra generazione\": la lotta contro le violenze di genere in Sudan - Oltremare","robots":{"index":"index","follow":"follow","max-snippet":"max-snippet:-1","max-image-preview":"max-image-preview:large","max-video-preview":"max-video-preview:-1"},"canonical":"https:\/\/www.aics.gov.it\/oltremare\/voci-dal-campo\/sudan-non-per-la-nostra-generazione-la-lotta-contro-le-violenze-di-genere-in-sudan\/","og_locale":"it_IT","og_type":"article","og_title":"SUDAN \"Non per la nostra generazione\": la lotta contro le violenze di genere in Sudan - Oltremare","og_description":"In Sudan l\u201987% delle donne sopra i 14 anni e il 17% al di sotto degli 8 anni hanno subito mutilazioni genitali, una pratica diventata illegale solo nel 2020, mentre il 37% delle ragazze viene fatto sposare in et\u00e0 giovanissima. [&hellip;]","og_url":"https:\/\/www.aics.gov.it\/oltremare\/voci-dal-campo\/sudan-non-per-la-nostra-generazione-la-lotta-contro-le-violenze-di-genere-in-sudan\/","og_site_name":"Oltremare","article_publisher":"https:\/\/www.facebook.com\/Agenzia-Italiana-per-la-Cooperazione-allo-Sviluppo-996004880482735\/","article_published_time":"2022-12-01T12:30:11+00:00","article_modified_time":"2022-12-05T14:43:36+00:00","og_image":[{"width":2048,"height":1536,"url":"https:\/\/www.aics.gov.it\/oltremare\/wp-content\/uploads\/2022\/12\/IMG_7579.jpeg","type":"image\/jpeg"}],"author":"Oltremare","twitter_card":"summary_large_image","twitter_creator":"@aics_it","twitter_site":"@aics_it","twitter_misc":{"Scritto da":"Francesca Nardi, Communication officer Aics Khartoum","Tempo di lettura stimato":"6 minuti"},"schema":{"@context":"https:\/\/schema.org","@graph":[{"@type":"Article","@id":"https:\/\/www.aics.gov.it\/oltremare\/voci-dal-campo\/sudan-non-per-la-nostra-generazione-la-lotta-contro-le-violenze-di-genere-in-sudan\/#article","isPartOf":{"@id":"https:\/\/www.aics.gov.it\/oltremare\/voci-dal-campo\/sudan-non-per-la-nostra-generazione-la-lotta-contro-le-violenze-di-genere-in-sudan\/"},"author":{"name":"Oltremare","@id":"https:\/\/www.aics.gov.it\/oltremare\/#\/schema\/person\/839e251090f440ea6a1f960a5050e424"},"headline":"SUDAN &#8220;Non per la nostra generazione&#8221;: la lotta contro le violenze di genere in Sudan","datePublished":"2022-12-01T12:30:11+00:00","dateModified":"2022-12-05T14:43:36+00:00","mainEntityOfPage":{"@id":"https:\/\/www.aics.gov.it\/oltremare\/voci-dal-campo\/sudan-non-per-la-nostra-generazione-la-lotta-contro-le-violenze-di-genere-in-sudan\/"},"wordCount":851,"commentCount":0,"publisher":{"@id":"https:\/\/www.aics.gov.it\/oltremare\/#organization"},"image":{"@id":"https:\/\/www.aics.gov.it\/oltremare\/voci-dal-campo\/sudan-non-per-la-nostra-generazione-la-lotta-contro-le-violenze-di-genere-in-sudan\/#primaryimage"},"thumbnailUrl":"https:\/\/www.aics.gov.it\/oltremare\/wp-content\/uploads\/2022\/12\/IMG_7579.jpeg","keywords":["Aics Khartoum","Giornata internazionale contro la violenza sulle donne","Sudan","violenze di genere"],"articleSection":["16-Days","Voci dal campo"],"inLanguage":"it-IT","potentialAction":[{"@type":"CommentAction","name":"Comment","target":["https:\/\/www.aics.gov.it\/oltremare\/voci-dal-campo\/sudan-non-per-la-nostra-generazione-la-lotta-contro-le-violenze-di-genere-in-sudan\/#respond"]}]},{"@type":"WebPage","@id":"https:\/\/www.aics.gov.it\/oltremare\/voci-dal-campo\/sudan-non-per-la-nostra-generazione-la-lotta-contro-le-violenze-di-genere-in-sudan\/","url":"https:\/\/www.aics.gov.it\/oltremare\/voci-dal-campo\/sudan-non-per-la-nostra-generazione-la-lotta-contro-le-violenze-di-genere-in-sudan\/","name":"SUDAN \"Non per la nostra generazione\": la lotta contro le violenze di genere in Sudan - Oltremare","isPartOf":{"@id":"https:\/\/www.aics.gov.it\/oltremare\/#website"},"primaryImageOfPage":{"@id":"https:\/\/www.aics.gov.it\/oltremare\/voci-dal-campo\/sudan-non-per-la-nostra-generazione-la-lotta-contro-le-violenze-di-genere-in-sudan\/#primaryimage"},"image":{"@id":"https:\/\/www.aics.gov.it\/oltremare\/voci-dal-campo\/sudan-non-per-la-nostra-generazione-la-lotta-contro-le-violenze-di-genere-in-sudan\/#primaryimage"},"thumbnailUrl":"https:\/\/www.aics.gov.it\/oltremare\/wp-content\/uploads\/2022\/12\/IMG_7579.jpeg","datePublished":"2022-12-01T12:30:11+00:00","dateModified":"2022-12-05T14:43:36+00:00","breadcrumb":{"@id":"https:\/\/www.aics.gov.it\/oltremare\/voci-dal-campo\/sudan-non-per-la-nostra-generazione-la-lotta-contro-le-violenze-di-genere-in-sudan\/#breadcrumb"},"inLanguage":"it-IT","potentialAction":[{"@type":"ReadAction","target":["https:\/\/www.aics.gov.it\/oltremare\/voci-dal-campo\/sudan-non-per-la-nostra-generazione-la-lotta-contro-le-violenze-di-genere-in-sudan\/"]}]},{"@type":"ImageObject","inLanguage":"it-IT","@id":"https:\/\/www.aics.gov.it\/oltremare\/voci-dal-campo\/sudan-non-per-la-nostra-generazione-la-lotta-contro-le-violenze-di-genere-in-sudan\/#primaryimage","url":"https:\/\/www.aics.gov.it\/oltremare\/wp-content\/uploads\/2022\/12\/IMG_7579.jpeg","contentUrl":"https:\/\/www.aics.gov.it\/oltremare\/wp-content\/uploads\/2022\/12\/IMG_7579.jpeg","width":2048,"height":1536,"caption":"Una donna sudanese"},{"@type":"BreadcrumbList","@id":"https:\/\/www.aics.gov.it\/oltremare\/voci-dal-campo\/sudan-non-per-la-nostra-generazione-la-lotta-contro-le-violenze-di-genere-in-sudan\/#breadcrumb","itemListElement":[{"@type":"ListItem","position":1,"name":"Home","item":"https:\/\/www.aics.gov.it\/oltremare\/"},{"@type":"ListItem","position":2,"name":"SUDAN &#8220;Non per la nostra generazione&#8221;: la lotta contro le violenze di genere in Sudan"}]},{"@type":"WebSite","@id":"https:\/\/www.aics.gov.it\/oltremare\/#website","url":"https:\/\/www.aics.gov.it\/oltremare\/","name":"Oltremare","description":"Il Blog della cooperazione","publisher":{"@id":"https:\/\/www.aics.gov.it\/oltremare\/#organization"},"potentialAction":[{"@type":"SearchAction","target":{"@type":"EntryPoint","urlTemplate":"https:\/\/www.aics.gov.it\/oltremare\/?s={search_term_string}"},"query-input":{"@type":"PropertyValueSpecification","valueRequired":true,"valueName":"search_term_string"}}],"inLanguage":"it-IT"},{"@type":"Organization","@id":"https:\/\/www.aics.gov.it\/oltremare\/#organization","name":"Agenzia Italiana per la Cooperazione allo Sviluppo","url":"https:\/\/www.aics.gov.it\/oltremare\/","logo":{"@type":"ImageObject","inLanguage":"it-IT","@id":"https:\/\/www.aics.gov.it\/oltremare\/#\/schema\/logo\/image\/","url":"https:\/\/www.aics.gov.it\/oltremare\/wp-content\/uploads\/2018\/02\/AICS_HEADER_530x130_EC1-e1518178146163.jpg","contentUrl":"https:\/\/www.aics.gov.it\/oltremare\/wp-content\/uploads\/2018\/02\/AICS_HEADER_530x130_EC1-e1518178146163.jpg","width":300,"height":74,"caption":"Agenzia Italiana per la Cooperazione allo Sviluppo"},"image":{"@id":"https:\/\/www.aics.gov.it\/oltremare\/#\/schema\/logo\/image\/"},"sameAs":["https:\/\/www.facebook.com\/Agenzia-Italiana-per-la-Cooperazione-allo-Sviluppo-996004880482735\/","https:\/\/x.com\/aics_it","https:\/\/www.instagram.com\/aics_cooperazione_it\/","https:\/\/www.youtube.com\/channel\/UCbssygnjreKD1Se1mDeCQ5w"]},{"@type":"Person","@id":"https:\/\/www.aics.gov.it\/oltremare\/#\/schema\/person\/839e251090f440ea6a1f960a5050e424","name":"Oltremare","image":{"@type":"ImageObject","inLanguage":"it-IT","@id":"https:\/\/secure.gravatar.com\/avatar\/5bdd54efc610ff3db8c53755c1599daf68165eb144e678103c1ac46fb81fe6a0?s=96&d=mm&r=g","url":"https:\/\/secure.gravatar.com\/avatar\/5bdd54efc610ff3db8c53755c1599daf68165eb144e678103c1ac46fb81fe6a0?s=96&d=mm&r=g","contentUrl":"https:\/\/secure.gravatar.com\/avatar\/5bdd54efc610ff3db8c53755c1599daf68165eb144e678103c1ac46fb81fe6a0?s=96&d=mm&r=g","caption":"Oltremare"},"url":""}]}},"_links":{"self":[{"href":"https:\/\/www.aics.gov.it\/oltremare\/wp-json\/wp\/v2\/posts\/16338","targetHints":{"allow":["GET"]}}],"collection":[{"href":"https:\/\/www.aics.gov.it\/oltremare\/wp-json\/wp\/v2\/posts"}],"about":[{"href":"https:\/\/www.aics.gov.it\/oltremare\/wp-json\/wp\/v2\/types\/post"}],"author":[{"embeddable":true,"href":"https:\/\/www.aics.gov.it\/oltremare\/wp-json\/wp\/v2\/users\/1"}],"replies":[{"embeddable":true,"href":"https:\/\/www.aics.gov.it\/oltremare\/wp-json\/wp\/v2\/comments?post=16338"}],"version-history":[{"count":6,"href":"https:\/\/www.aics.gov.it\/oltremare\/wp-json\/wp\/v2\/posts\/16338\/revisions"}],"predecessor-version":[{"id":16349,"href":"https:\/\/www.aics.gov.it\/oltremare\/wp-json\/wp\/v2\/posts\/16338\/revisions\/16349"}],"wp:featuredmedia":[{"embeddable":true,"href":"https:\/\/www.aics.gov.it\/oltremare\/wp-json\/wp\/v2\/media\/16343"}],"wp:attachment":[{"href":"https:\/\/www.aics.gov.it\/oltremare\/wp-json\/wp\/v2\/media?parent=16338"}],"wp:term":[{"taxonomy":"category","embeddable":true,"href":"https:\/\/www.aics.gov.it\/oltremare\/wp-json\/wp\/v2\/categories?post=16338"},{"taxonomy":"post_tag","embeddable":true,"href":"https:\/\/www.aics.gov.it\/oltremare\/wp-json\/wp\/v2\/tags?post=16338"}],"curies":[{"name":"wp","href":"https:\/\/api.w.org\/{rel}","templated":true}]}}