{"id":16406,"date":"2022-12-11T15:33:10","date_gmt":"2022-12-11T14:33:10","guid":{"rendered":"https:\/\/www.aics.gov.it\/oltremare\/?p=16406"},"modified":"2022-12-22T15:41:04","modified_gmt":"2022-12-22T14:41:04","slug":"verso-cop15-lultima-possibilita-per-lambiente","status":"publish","type":"post","link":"https:\/\/www.aics.gov.it\/oltremare\/articoli\/pianeta\/verso-cop15-lultima-possibilita-per-lambiente\/","title":{"rendered":"Cop15, l&#8217;ultima possibilit\u00e0 per l&#8217;ambiente"},"content":{"rendered":"<p><em>Dal 7 al 19 dicembre a Montreal si tengono i negoziati Onu per definire un piano decennale per la biodiversit\u00e0, il Post-2020 Global Biodiversity Framework, con una serie di obbiettivi specifici e misurabili volti a tutelare le specie e i servizi ecosistemici che forniscono, fondamentali per la sopravvivenza dell\u2019uomo<\/em><\/p>\n<p><!--more--><\/p>\n<p>Arrestare la perdita di biodiversit\u00e0 \u00e8 fondamentale per la salute umana e per la sicurezza economica e alimentare. Con questo obbiettivo avr\u00e0 luogo<strong> la Cop15, la Conferenza delle Parti firmatarie della Convenzione delle Nazioni Unite sulla biodiversit\u00e0<\/strong>\u2013 che avrebbe dovuto tenersi ad aprile a Kunming, in Cina \u2013 ma per via di continui rinvii causa Covid in corso <strong>a Montreal in Canada fino al 19 dicembre<\/strong>. I negoziati dovranno definire un piano decennale, il Post-2020 Global Biodiversity Framework, con una serie di obbiettivi specifici e misurabili volti a tutelare le specie e i servizi ecosistemici che forniscono. <em>Oltremare <\/em>seguir\u00e0 da vicino i lavori e fornir\u00e0 un riassunto dettagliato con il numero di gennaio.<\/p>\n<h4><strong>Cosa ci si aspetta alla Cop15 di Montreal<\/strong><\/h4>\n<p>Da trent&#8217;anni i governi si riuniscono per garantire la sopravvivenza delle specie e degli ecosistemi, essenziali per la sopravvivenza umana.\u00a0<a href=\"https:\/\/www.cbd.int\/rio\/\">L&#8217;Earth Summit di Rio<\/a>\u00a0nel 1992 ha dato avvio oltre alla convenzione per il clima e quella sulla desertificazione, anche a quella sulla biodiversit\u00e0. Lo scopo della convenzione sulla biodiversit\u00e0 \u00e8 <strong>fare in modo che ogni Paese protegga le risorse naturali e i servizi ecosistemici<\/strong>, attraverso un uso sostenibile del suolo, delle foreste e delle risorse naturali a disposizione.<\/p>\n<p>Ogni dieci anni i governi cercano di definire obiettivi sulla protezione della biodiversit\u00e0. <strong>L&#8217;ultimo accordo \u00e8 stato raggiunto nel 2010 alla Cop10<\/strong> a Nagoya, in Giappone, quando <strong>i governi si sono impegnati a dimezzare la perdita di habitat e ad espandere le riserve naturali<\/strong> fino al 17% della superficie terrestre mondiale entro il 2020. Hanno fallito su ogni punto. Secondo il report\u00a0<a href=\"https:\/\/www.cbd.int\/gbo\/gbo5\/publication\/gbo-5-spm-en.pdf\">Global Outlook on Biodiversity 5<\/a>\u00a0nessuno dei 20 target prefissati per la decade 2010-2020 \u00e8 stato interamente raggiunto.\u00a0\u00a0Sulla biodiversit\u00e0 manca il consenso e l\u2019attenzione mediatica della convenzione sorella sul clima.<\/p>\n<p>Al momento di pubblicare questo articolo, a ridosso della 15 Conferenza delle Parti, <strong>addetti ai lavori, attivisti e scienziati rimangono scettici sul risultato del negoziato<\/strong>. Se da un lato <strong>la High Ambition Coalition spinge per il famoso risultato<em>\u00a0<\/em>di preservare almeno il 30% del pianeta come area protetta<\/strong>, un gruppo nutrito di Stati, dagli Usa (che non hanno mai ratificato la Cbd, la Convenzione sulla Biodiversit\u00e0) all\u2019Argentina, rimane restio a voler cedere su questo tema visti i grandi interessi del settore agroalimentare ed estrattivo, nonostante scienziati e attivisti chiedano un aumento ad almeno il 50% del totale del pianeta. Sar\u00e0 da capire se Lula decider\u00e0 di fare un nuovo show in Canada, come accaduto a\u00a0Cop27 e mostrare che il Brasile, da sempre \u201ccattivo\u201d sul tema della biodiversit\u00e0, sia davvero intenzionato a cambiare pagina sulla deforestazione. E se la nuova Special envoy on biodiversity americana, Monica Medina, sia in grado di trovare ascolto da parte del presidente Biden.<\/p>\n<div id=\"attachment_16461\" style=\"width: 1034px\" class=\"wp-caption alignnone\"><img loading=\"lazy\" decoding=\"async\" aria-describedby=\"caption-attachment-16461\" class=\"wp-image-16461 size-large\" src=\"https:\/\/www.aics.gov.it\/oltremare\/wp-content\/uploads\/2022\/12\/52547373966_13c025de64_k-1024x683.jpg\" alt=\"Il centro congressi dove si tiene la Cop15 a Montreal. Crediti: UN Biodiversity\" width=\"1024\" height=\"683\" srcset=\"https:\/\/www.aics.gov.it\/oltremare\/wp-content\/uploads\/2022\/12\/52547373966_13c025de64_k-1024x683.jpg 1024w, https:\/\/www.aics.gov.it\/oltremare\/wp-content\/uploads\/2022\/12\/52547373966_13c025de64_k-600x400.jpg 600w, https:\/\/www.aics.gov.it\/oltremare\/wp-content\/uploads\/2022\/12\/52547373966_13c025de64_k-768x512.jpg 768w, https:\/\/www.aics.gov.it\/oltremare\/wp-content\/uploads\/2022\/12\/52547373966_13c025de64_k-1536x1024.jpg 1536w\" sizes=\"auto, (max-width: 1024px) 100vw, 1024px\" \/><p id=\"caption-attachment-16461\" class=\"wp-caption-text\">Il centro congressi dove si tiene la Cop15 a Montreal. Crediti: UN Biodiversity<\/p><\/div>\n<p>L\u2019avanzamento del\u00a0<em>post-2020 Global biodiversity framework\u00a0<\/em>\u00e8 progredito lentamente durante gli ultimi due negoziati intermedi e ci sono alcuni punti estremamente contenziosi, dal finanziamento per la tutela della biodiversit\u00e0 (la societ\u00e0 civile chiede mille miliardi di dollari l\u2019anno) al diritto intellettuale sul patrimonio genetico. Soprattutto manca la presenza dei capi di stato: l\u2019unico presente \u00e8 Justin Trudeau, il presidente canadese, padrone di casa, mentre la Cina, nonostante abbia la presidenza della Cbd mander\u00e0 solo Huang Runqui, Ministro cinese dell\u2019ecologia e ambiente (e presidente di Cop15). Senza un forte mandato politico \u00e8 chiaro che<strong> l\u2019accordo di Cop15 potrebbe risultare molto debole<\/strong>. Per l\u2019Italia parteciper\u00e0 la viceminstra dell&#8217;Ambiente Vannia Gava, al posto del ministro Gilberto Pichetto Fratin.<\/p>\n<p><strong>Cop15, perch\u00e9 \u00e8 importante preservare la biodiversit\u00e0<\/strong><\/p>\n<p>\u201cLa biodiversit\u00e0 ha raggiunto un declino mai cos\u00ec veloce nella storia dell\u2019uomo\u201d \u00e8 il crudo allarme del Global Assessment Report on Biodiversity and Ecosystem Services, realizzato nel 2019 dall\u2019<strong>Ipbes, la Piattaforma intergovernativa sulla biodiversit\u00e0 e i servizi ecosistemici<\/strong>. Secondo il <a href=\"https:\/\/journals.plos.org\/plosbiology\/article?id=10.1371\/journal.pbio.1001127\">report<\/a> <strong>oltre un milione di specie sarebbero a rischio<\/strong>, sulle circa 8,7 milioni di eucariote che si stima esistano. Una rapida estinzione: in media, le popolazioni globali di mammiferi, uccelli, pesci, anfibi e rettili sono crollate del 68% tra il 1970 e il 2016, illustra Living Planet Report 2020 del Wwf e della Zoological Society of London.<\/p>\n<p>&#8220;Ogni giorno si scoprono nuove specie e ogni giorno ne perdiamo qualcuna&#8221;, spiega <strong>Gianfranco Bologna<\/strong>, membro del comitato sul Capitale Naturale presso il ministero della Transizione Ecologica e Presidente della comunit\u00e0 scientifica del Wwf Italia e tra gli autori del libro \u201cUna Terra Per Tutti\u201d (ed. Ambiente 2022). &#8220;Attualmente sono catalogate circa 2 milioni di specie stando ai dati pi\u00f9 recenti. Per questo il lavoro di mappatura \u00e8 fondamentale a livello locale e globale per capire i tassi di estinzione reali, comprendere quali tesori stiamo perdendo e se \u00e8 una priorit\u00e0 per la conservazione&#8221;. I dati sono innegabili: <strong>la biodiversit\u00e0, la ricchezza di vita sulla Terra si sta depauperando<\/strong>.<\/p>\n<div id=\"attachment_16460\" style=\"width: 1034px\" class=\"wp-caption alignnone\"><img loading=\"lazy\" decoding=\"async\" aria-describedby=\"caption-attachment-16460\" class=\"wp-image-16460 size-large\" src=\"https:\/\/www.aics.gov.it\/oltremare\/wp-content\/uploads\/2022\/12\/52546900212_cee6012e53_k-1024x686.jpg\" alt=\"Un pannello che fotografa la presenza di alcune specie animali sul nostro pianeta alla Cop15 di Montreal. Crediti: UN Biodiversity\" width=\"1024\" height=\"686\" srcset=\"https:\/\/www.aics.gov.it\/oltremare\/wp-content\/uploads\/2022\/12\/52546900212_cee6012e53_k-1024x686.jpg 1024w, https:\/\/www.aics.gov.it\/oltremare\/wp-content\/uploads\/2022\/12\/52546900212_cee6012e53_k-600x402.jpg 600w, https:\/\/www.aics.gov.it\/oltremare\/wp-content\/uploads\/2022\/12\/52546900212_cee6012e53_k-768x514.jpg 768w, https:\/\/www.aics.gov.it\/oltremare\/wp-content\/uploads\/2022\/12\/52546900212_cee6012e53_k-1536x1028.jpg 1536w\" sizes=\"auto, (max-width: 1024px) 100vw, 1024px\" \/><p id=\"caption-attachment-16460\" class=\"wp-caption-text\">Un pannello che fotografa la presenza di alcune specie animali sul nostro pianeta alla Cop15 di Montreal. Crediti: UN Biodiversity<\/p><\/div>\n<h4><strong>Cop15 accelerer\u00e0 la tutela delle foreste<\/strong><\/h4>\n<p>Citt\u00e0, impollinatori, aree marine, sono tra i tanti temi che verranno affrontati nel negoziato e nei tanti side event di Cop15. Ma particolare attenzione andr\u00e0 ad <strong>un tema chiave che lega il negoziato sulla biodiversit\u00e0 con la Cop sul clima: la tutela delle foreste<\/strong>. Un tema su cui la cooperazione italiana sta guardando con interesse. Infatti il<strong> governo italiano ha finanziato nell&#8217;ultimo decennio diverse iniziative sulla conservazione delle foreste e il ripristino degli ecosistemi<\/strong>, ad esempio mediante piantagioni di alberi o attivit\u00e0 di contrasto agli incendi forestali, in vari paesi del Sud del mondo, soprattutto con progetti in Africa subsahariana ma anche con iniziative in altre regioni del Mondo, come l&#8217;America Latina e il Sud-est asiatico.<\/p>\n<div id=\"attachment_16462\" style=\"width: 1034px\" class=\"wp-caption alignnone\"><img loading=\"lazy\" decoding=\"async\" aria-describedby=\"caption-attachment-16462\" class=\"wp-image-16462 size-large\" src=\"https:\/\/www.aics.gov.it\/oltremare\/wp-content\/uploads\/2022\/12\/eelco-bohtlingk-aXUm2T0ZYt0-unsplash-1024x683.jpg\" alt=\"Una foresta di sequoie\" width=\"1024\" height=\"683\" srcset=\"https:\/\/www.aics.gov.it\/oltremare\/wp-content\/uploads\/2022\/12\/eelco-bohtlingk-aXUm2T0ZYt0-unsplash-1024x683.jpg 1024w, https:\/\/www.aics.gov.it\/oltremare\/wp-content\/uploads\/2022\/12\/eelco-bohtlingk-aXUm2T0ZYt0-unsplash-600x400.jpg 600w, https:\/\/www.aics.gov.it\/oltremare\/wp-content\/uploads\/2022\/12\/eelco-bohtlingk-aXUm2T0ZYt0-unsplash-768x512.jpg 768w, https:\/\/www.aics.gov.it\/oltremare\/wp-content\/uploads\/2022\/12\/eelco-bohtlingk-aXUm2T0ZYt0-unsplash-1536x1024.jpg 1536w\" sizes=\"auto, (max-width: 1024px) 100vw, 1024px\" \/><p id=\"caption-attachment-16462\" class=\"wp-caption-text\">Una foresta di sequoie.<\/p><\/div>\n<p>Dal 2016 <strong>le attivit\u00e0 di cooperazione sono finanziate e realizzate principalmente dall&#8217;Agenzia Italiana per la Cooperazione allo Sviluppo (Aics)<\/strong>, seguendo le politiche e le direttive stabilite dal ministero degli Affari Esteri e della Cooperazione Internazionale (Maeci). \u201cStiamo esaminando le attivit\u00e0 e i progetti passati o in corso, sulla conservazione delle foreste e il ripristino della copertura arborea, al fine di ottenere approfondimenti e lezioni apprese per migliorare il lavoro futuro dell&#8217;Agenzia sul tema pi\u00f9 ampio della ecosystem restoration, di cui si \u00e8 inaugurata la decade lo scorso 2021\u201d, spiega <strong>Lorenzo Orioli<\/strong>, funzionario tecnico professionale presso l\u2019Ufficio Ambiente ed uso del territorio di Aics.<\/p>\n<p>Gli ecosistemi forestali e la copertura arborea in generale, soprattutto se di specie autoctone, offrono molti vantaggi in termini di mantenimento della diversit\u00e0 biologica, vegetale ma anche animale, e possono rappresentare risorse chiave per i percorsi di sviluppo sostenibile, o per fornire soluzioni pi\u00f9 efficaci e basate sulle capacit\u00e0 della natura di assorbire il carbonio o mitigare gli effetti dei cambiamenti climatici (le cosiddette <strong><em>nature based solutions<\/em><\/strong>) nei Paesi a basso o medio reddito. La protezione di aree ad elevata ricchezza in specie forestali poi, pu\u00f2 rappresentare<strong> una leva per l\u2019ecoturismo, in Africa come in America Latina<\/strong>, mentre la promozione dell\u2019integrazione tra coltivazioni e mantenimento della copertura forestale, ad esempio con <strong>la certificazione di prodotti <em>deforestation-free<\/em><\/strong>, pu\u00f2 essere un approccio per dare un valore aggiunto a colture tropicali, come caff\u00e8 o cacao. &#8220;Il tema della <strong>protezione della biodiversit\u00e0 potr\u00e0 essere una delle priorit\u00e0 per il lavoro dell&#8217;Agenzia nel prossimo decennio<\/strong>&#8220;, continua Orioli. Un lavoro non solo locale ma coordinato con gli sforzi nazionali e internazionali, inclusi quelli che nasceranno con Cop15 e che sono nati all\u2019interno della Unfccc &#8220;Tali programmi dovrebbero essere meglio allineati e contribuire agli sforzi internazionali e alle iniziative globali o regionali, ma mantenendo allo stesso tempo forti collegamenti e un impatto positivo diretto sui paesi partner in cui l&#8217;Agenzia opera grazie alla sua rete di sedi estere&#8221;. <strong>Tra le iniziative da sostenere la riforestazione e l\u2019afforestazione<\/strong> (ovvero nuove piantagioni di specie arboree autoctone su terreni dove la copertura arborea \u00e8 scomparsa da lunghissimo tempo o su ex-terreni agricoli oggi degradati), <strong>la definizione dei diritti di possesso della terra<\/strong>, con particolare attenzione verso i popoli indigeni, e quindi lo studio per incorporare mezzi di sussistenza alternativi per gruppi che altrimenti potrebbero veder ridurre alcune opportunit\u00e0 economiche dagli ecosistemi protetti, la valutazione ex-ante dell&#8217;idoneit\u00e0 di aree destinate al ripristino di aree forestali degradate o per nuovi impianti arborei multifunzionali finalizzati alla lotta contro l\u2019erosione del suolo e in pi\u00f9 in generale, alla lotta contro la desertificazione.<\/p>\n<div style=\"box-shadow: 10px 10px 28px 0px rgba(171,171,171,1); padding: 25px;\">Biografia<br \/>\n<strong>Emanuele Bompan<\/strong><br \/>\n<a href=\"http:\/\/www.emanuelebompan.it\/\" target=\"_blank\" rel=\"noopener noreferrer\">Giornalista ambientale<\/a> e geografo. Si occupa di economia circolare, cambiamenti climatici, green-economy, politica americana. E&#8217; Direttore della rivista <a href=\"http:\/\/materiarinnovabile.it\/\" target=\"_blank\" rel=\"noopener noreferrer\">Materia Rinnovabile<\/a>, collabora con testate come La Stampa, Nuova Ecologia e Oltremare. Ha scritto <a href=\"https:\/\/www.hoepli.it\/libro\/atlante-geopolitico-dell-acqua\/9788820390433.html\" target=\"_blank\" rel=\"noopener noreferrer\">l&#8217;Atlante geopolitico dell&#8217;Acqua<\/a> (2019),<a href=\"https:\/\/www.amazon.it\/grabbing-Guerre-nascoste-lacqua-secolo\/dp\/8830724025\" target=\"_blank\" rel=\"noopener noreferrer\">Water Grabbing &#8211; le guerre nascoste per l&#8217;acqua nel XXI secolo<\/a> (2018) &#8220;<a href=\"http:\/\/www.libreriauniversitaria.it\/cosa-economia-circolare-bompan-emanuele\/libro\/9788866271864\" target=\"_blank\" rel=\"noopener noreferrer\">Che cosa \u00e8 l&#8217;economia circolare<\/a>&#8221; (2017). Ha vinto per quattro volte l\u2019European Journalism Center IDR Grant, una volta la Middlebury Environmental Journalism Fellowship, una volta la Google DNI Initiative ed \u00e8 stato nominato Giornalista per la Terra nel 2015.<img decoding=\"async\" class=\"aligncenter\" src=\"https:\/\/www.aics.gov.it\/oltremare\/wp-content\/uploads\/2020\/04\/bompan-bio.png\" \/><\/div>\n","protected":false},"excerpt":{"rendered":"<p>Dal 7 al 19 dicembre a Montreal si tengono i negoziati Onu per definire un piano decennale per la biodiversit\u00e0, il Post-2020 Global Biodiversity Framework, con una serie di obbiettivi specifici e misurabili volti a tutelare le specie e i [&hellip;]<\/p>\n","protected":false},"author":7,"featured_media":16448,"comment_status":"open","ping_status":"open","sticky":false,"template":"","format":"standard","meta":{"footnotes":""},"categories":[135],"tags":[241,493,638,204,1033,1205,1206],"class_list":["post-16406","post","type-post","status-publish","format-standard","has-post-thumbnail","hentry","category-pianeta","tag-aics","tag-ambiente","tag-biodiversita","tag-cooperazione","tag-cop15","tag-foreste","tag-riforestazione"],"yoast_head":"<!-- This site is optimized with the Yoast SEO plugin v27.4 - https:\/\/yoast.com\/product\/yoast-seo-wordpress\/ -->\n<title>Cop15, l&#039;ultima possibilit\u00e0 per l&#039;ambiente - Oltremare<\/title>\n<meta name=\"robots\" content=\"index, follow, max-snippet:-1, max-image-preview:large, max-video-preview:-1\" \/>\n<link rel=\"canonical\" href=\"https:\/\/www.aics.gov.it\/oltremare\/articoli\/pianeta\/verso-cop15-lultima-possibilita-per-lambiente\/\" \/>\n<meta property=\"og:locale\" content=\"it_IT\" \/>\n<meta property=\"og:type\" content=\"article\" \/>\n<meta property=\"og:title\" content=\"Cop15, l&#039;ultima possibilit\u00e0 per l&#039;ambiente - Oltremare\" \/>\n<meta property=\"og:description\" content=\"Dal 7 al 19 dicembre a Montreal si tengono i negoziati Onu per definire un piano decennale per la biodiversit\u00e0, il Post-2020 Global Biodiversity Framework, con una serie di obbiettivi specifici e misurabili volti a tutelare le specie e i [&hellip;]\" \/>\n<meta property=\"og:url\" content=\"https:\/\/www.aics.gov.it\/oltremare\/articoli\/pianeta\/verso-cop15-lultima-possibilita-per-lambiente\/\" \/>\n<meta property=\"og:site_name\" content=\"Oltremare\" \/>\n<meta property=\"article:publisher\" content=\"https:\/\/www.facebook.com\/Agenzia-Italiana-per-la-Cooperazione-allo-Sviluppo-996004880482735\/\" \/>\n<meta property=\"article:published_time\" content=\"2022-12-11T14:33:10+00:00\" \/>\n<meta property=\"article:modified_time\" content=\"2022-12-22T14:41:04+00:00\" \/>\n<meta property=\"og:image\" content=\"https:\/\/www.aics.gov.it\/oltremare\/wp-content\/uploads\/2022\/12\/52552048795_9e7d1896ac_k.jpg\" \/>\n\t<meta property=\"og:image:width\" content=\"2047\" \/>\n\t<meta property=\"og:image:height\" content=\"1365\" \/>\n\t<meta property=\"og:image:type\" content=\"image\/jpeg\" \/>\n<meta name=\"author\" content=\"Emanuele Bompan\" \/>\n<meta name=\"twitter:card\" content=\"summary_large_image\" \/>\n<meta name=\"twitter:creator\" content=\"@aics_it\" \/>\n<meta name=\"twitter:site\" content=\"@aics_it\" \/>\n<meta name=\"twitter:label1\" content=\"Scritto da\" \/>\n\t<meta name=\"twitter:data1\" content=\"Emanuele Bompan\" \/>\n\t<meta name=\"twitter:label2\" content=\"Tempo di lettura stimato\" \/>\n\t<meta name=\"twitter:data2\" content=\"9 minuti\" \/>\n<script type=\"application\/ld+json\" class=\"yoast-schema-graph\">{\"@context\":\"https:\\\/\\\/schema.org\",\"@graph\":[{\"@type\":\"Article\",\"@id\":\"https:\\\/\\\/www.aics.gov.it\\\/oltremare\\\/articoli\\\/pianeta\\\/verso-cop15-lultima-possibilita-per-lambiente\\\/#article\",\"isPartOf\":{\"@id\":\"https:\\\/\\\/www.aics.gov.it\\\/oltremare\\\/articoli\\\/pianeta\\\/verso-cop15-lultima-possibilita-per-lambiente\\\/\"},\"author\":{\"name\":\"Emanuele Bompan\",\"@id\":\"https:\\\/\\\/www.aics.gov.it\\\/oltremare\\\/#\\\/schema\\\/person\\\/7d9a8d1a87b6775f532e5b3e76d52c75\"},\"headline\":\"Cop15, l&#8217;ultima possibilit\u00e0 per l&#8217;ambiente\",\"datePublished\":\"2022-12-11T14:33:10+00:00\",\"dateModified\":\"2022-12-22T14:41:04+00:00\",\"mainEntityOfPage\":{\"@id\":\"https:\\\/\\\/www.aics.gov.it\\\/oltremare\\\/articoli\\\/pianeta\\\/verso-cop15-lultima-possibilita-per-lambiente\\\/\"},\"wordCount\":1527,\"commentCount\":0,\"publisher\":{\"@id\":\"https:\\\/\\\/www.aics.gov.it\\\/oltremare\\\/#organization\"},\"image\":{\"@id\":\"https:\\\/\\\/www.aics.gov.it\\\/oltremare\\\/articoli\\\/pianeta\\\/verso-cop15-lultima-possibilita-per-lambiente\\\/#primaryimage\"},\"thumbnailUrl\":\"https:\\\/\\\/www.aics.gov.it\\\/oltremare\\\/wp-content\\\/uploads\\\/2022\\\/12\\\/52552048795_9e7d1896ac_k.jpg\",\"keywords\":[\"Aics\",\"Ambiente\",\"biodiversit\u00e0\",\"cooperazione\",\"Cop15\",\"foreste\",\"riforestazione\"],\"articleSection\":[\"Pianeta\"],\"inLanguage\":\"it-IT\",\"potentialAction\":[{\"@type\":\"CommentAction\",\"name\":\"Comment\",\"target\":[\"https:\\\/\\\/www.aics.gov.it\\\/oltremare\\\/articoli\\\/pianeta\\\/verso-cop15-lultima-possibilita-per-lambiente\\\/#respond\"]}]},{\"@type\":\"WebPage\",\"@id\":\"https:\\\/\\\/www.aics.gov.it\\\/oltremare\\\/articoli\\\/pianeta\\\/verso-cop15-lultima-possibilita-per-lambiente\\\/\",\"url\":\"https:\\\/\\\/www.aics.gov.it\\\/oltremare\\\/articoli\\\/pianeta\\\/verso-cop15-lultima-possibilita-per-lambiente\\\/\",\"name\":\"Cop15, l'ultima possibilit\u00e0 per l'ambiente - Oltremare\",\"isPartOf\":{\"@id\":\"https:\\\/\\\/www.aics.gov.it\\\/oltremare\\\/#website\"},\"primaryImageOfPage\":{\"@id\":\"https:\\\/\\\/www.aics.gov.it\\\/oltremare\\\/articoli\\\/pianeta\\\/verso-cop15-lultima-possibilita-per-lambiente\\\/#primaryimage\"},\"image\":{\"@id\":\"https:\\\/\\\/www.aics.gov.it\\\/oltremare\\\/articoli\\\/pianeta\\\/verso-cop15-lultima-possibilita-per-lambiente\\\/#primaryimage\"},\"thumbnailUrl\":\"https:\\\/\\\/www.aics.gov.it\\\/oltremare\\\/wp-content\\\/uploads\\\/2022\\\/12\\\/52552048795_9e7d1896ac_k.jpg\",\"datePublished\":\"2022-12-11T14:33:10+00:00\",\"dateModified\":\"2022-12-22T14:41:04+00:00\",\"breadcrumb\":{\"@id\":\"https:\\\/\\\/www.aics.gov.it\\\/oltremare\\\/articoli\\\/pianeta\\\/verso-cop15-lultima-possibilita-per-lambiente\\\/#breadcrumb\"},\"inLanguage\":\"it-IT\",\"potentialAction\":[{\"@type\":\"ReadAction\",\"target\":[\"https:\\\/\\\/www.aics.gov.it\\\/oltremare\\\/articoli\\\/pianeta\\\/verso-cop15-lultima-possibilita-per-lambiente\\\/\"]}]},{\"@type\":\"ImageObject\",\"inLanguage\":\"it-IT\",\"@id\":\"https:\\\/\\\/www.aics.gov.it\\\/oltremare\\\/articoli\\\/pianeta\\\/verso-cop15-lultima-possibilita-per-lambiente\\\/#primaryimage\",\"url\":\"https:\\\/\\\/www.aics.gov.it\\\/oltremare\\\/wp-content\\\/uploads\\\/2022\\\/12\\\/52552048795_9e7d1896ac_k.jpg\",\"contentUrl\":\"https:\\\/\\\/www.aics.gov.it\\\/oltremare\\\/wp-content\\\/uploads\\\/2022\\\/12\\\/52552048795_9e7d1896ac_k.jpg\",\"width\":2047,\"height\":1365,\"caption\":\"Cop15 Montreal\"},{\"@type\":\"BreadcrumbList\",\"@id\":\"https:\\\/\\\/www.aics.gov.it\\\/oltremare\\\/articoli\\\/pianeta\\\/verso-cop15-lultima-possibilita-per-lambiente\\\/#breadcrumb\",\"itemListElement\":[{\"@type\":\"ListItem\",\"position\":1,\"name\":\"Home\",\"item\":\"https:\\\/\\\/www.aics.gov.it\\\/oltremare\\\/\"},{\"@type\":\"ListItem\",\"position\":2,\"name\":\"Cop15, l&#8217;ultima possibilit\u00e0 per l&#8217;ambiente\"}]},{\"@type\":\"WebSite\",\"@id\":\"https:\\\/\\\/www.aics.gov.it\\\/oltremare\\\/#website\",\"url\":\"https:\\\/\\\/www.aics.gov.it\\\/oltremare\\\/\",\"name\":\"Oltremare\",\"description\":\"Il Blog della cooperazione\",\"publisher\":{\"@id\":\"https:\\\/\\\/www.aics.gov.it\\\/oltremare\\\/#organization\"},\"potentialAction\":[{\"@type\":\"SearchAction\",\"target\":{\"@type\":\"EntryPoint\",\"urlTemplate\":\"https:\\\/\\\/www.aics.gov.it\\\/oltremare\\\/?s={search_term_string}\"},\"query-input\":{\"@type\":\"PropertyValueSpecification\",\"valueRequired\":true,\"valueName\":\"search_term_string\"}}],\"inLanguage\":\"it-IT\"},{\"@type\":\"Organization\",\"@id\":\"https:\\\/\\\/www.aics.gov.it\\\/oltremare\\\/#organization\",\"name\":\"Agenzia Italiana per la Cooperazione allo Sviluppo\",\"url\":\"https:\\\/\\\/www.aics.gov.it\\\/oltremare\\\/\",\"logo\":{\"@type\":\"ImageObject\",\"inLanguage\":\"it-IT\",\"@id\":\"https:\\\/\\\/www.aics.gov.it\\\/oltremare\\\/#\\\/schema\\\/logo\\\/image\\\/\",\"url\":\"https:\\\/\\\/www.aics.gov.it\\\/oltremare\\\/wp-content\\\/uploads\\\/2018\\\/02\\\/AICS_HEADER_530x130_EC1-e1518178146163.jpg\",\"contentUrl\":\"https:\\\/\\\/www.aics.gov.it\\\/oltremare\\\/wp-content\\\/uploads\\\/2018\\\/02\\\/AICS_HEADER_530x130_EC1-e1518178146163.jpg\",\"width\":300,\"height\":74,\"caption\":\"Agenzia Italiana per la Cooperazione allo Sviluppo\"},\"image\":{\"@id\":\"https:\\\/\\\/www.aics.gov.it\\\/oltremare\\\/#\\\/schema\\\/logo\\\/image\\\/\"},\"sameAs\":[\"https:\\\/\\\/www.facebook.com\\\/Agenzia-Italiana-per-la-Cooperazione-allo-Sviluppo-996004880482735\\\/\",\"https:\\\/\\\/x.com\\\/aics_it\",\"https:\\\/\\\/www.instagram.com\\\/aics_cooperazione_it\\\/\",\"https:\\\/\\\/www.youtube.com\\\/channel\\\/UCbssygnjreKD1Se1mDeCQ5w\"]},{\"@type\":\"Person\",\"@id\":\"https:\\\/\\\/www.aics.gov.it\\\/oltremare\\\/#\\\/schema\\\/person\\\/7d9a8d1a87b6775f532e5b3e76d52c75\",\"name\":\"Emanuele Bompan\",\"image\":{\"@type\":\"ImageObject\",\"inLanguage\":\"it-IT\",\"@id\":\"https:\\\/\\\/www.aics.gov.it\\\/oltremare\\\/wp-content\\\/uploads\\\/2018\\\/04\\\/bompan.png\",\"url\":\"https:\\\/\\\/www.aics.gov.it\\\/oltremare\\\/wp-content\\\/uploads\\\/2018\\\/04\\\/bompan.png\",\"contentUrl\":\"https:\\\/\\\/www.aics.gov.it\\\/oltremare\\\/wp-content\\\/uploads\\\/2018\\\/04\\\/bompan.png\",\"caption\":\"Emanuele Bompan\"},\"url\":\"https:\\\/\\\/www.aics.gov.it\\\/oltremare\\\/author\\\/emanuelebompan\\\/\"}]}<\/script>\n<!-- \/ Yoast SEO plugin. -->","yoast_head_json":{"title":"Cop15, l'ultima possibilit\u00e0 per l'ambiente - Oltremare","robots":{"index":"index","follow":"follow","max-snippet":"max-snippet:-1","max-image-preview":"max-image-preview:large","max-video-preview":"max-video-preview:-1"},"canonical":"https:\/\/www.aics.gov.it\/oltremare\/articoli\/pianeta\/verso-cop15-lultima-possibilita-per-lambiente\/","og_locale":"it_IT","og_type":"article","og_title":"Cop15, l'ultima possibilit\u00e0 per l'ambiente - Oltremare","og_description":"Dal 7 al 19 dicembre a Montreal si tengono i negoziati Onu per definire un piano decennale per la biodiversit\u00e0, il Post-2020 Global Biodiversity Framework, con una serie di obbiettivi specifici e misurabili volti a tutelare le specie e i [&hellip;]","og_url":"https:\/\/www.aics.gov.it\/oltremare\/articoli\/pianeta\/verso-cop15-lultima-possibilita-per-lambiente\/","og_site_name":"Oltremare","article_publisher":"https:\/\/www.facebook.com\/Agenzia-Italiana-per-la-Cooperazione-allo-Sviluppo-996004880482735\/","article_published_time":"2022-12-11T14:33:10+00:00","article_modified_time":"2022-12-22T14:41:04+00:00","og_image":[{"width":2047,"height":1365,"url":"https:\/\/www.aics.gov.it\/oltremare\/wp-content\/uploads\/2022\/12\/52552048795_9e7d1896ac_k.jpg","type":"image\/jpeg"}],"author":"Emanuele Bompan","twitter_card":"summary_large_image","twitter_creator":"@aics_it","twitter_site":"@aics_it","twitter_misc":{"Scritto da":"Emanuele Bompan","Tempo di lettura stimato":"9 minuti"},"schema":{"@context":"https:\/\/schema.org","@graph":[{"@type":"Article","@id":"https:\/\/www.aics.gov.it\/oltremare\/articoli\/pianeta\/verso-cop15-lultima-possibilita-per-lambiente\/#article","isPartOf":{"@id":"https:\/\/www.aics.gov.it\/oltremare\/articoli\/pianeta\/verso-cop15-lultima-possibilita-per-lambiente\/"},"author":{"name":"Emanuele Bompan","@id":"https:\/\/www.aics.gov.it\/oltremare\/#\/schema\/person\/7d9a8d1a87b6775f532e5b3e76d52c75"},"headline":"Cop15, l&#8217;ultima possibilit\u00e0 per l&#8217;ambiente","datePublished":"2022-12-11T14:33:10+00:00","dateModified":"2022-12-22T14:41:04+00:00","mainEntityOfPage":{"@id":"https:\/\/www.aics.gov.it\/oltremare\/articoli\/pianeta\/verso-cop15-lultima-possibilita-per-lambiente\/"},"wordCount":1527,"commentCount":0,"publisher":{"@id":"https:\/\/www.aics.gov.it\/oltremare\/#organization"},"image":{"@id":"https:\/\/www.aics.gov.it\/oltremare\/articoli\/pianeta\/verso-cop15-lultima-possibilita-per-lambiente\/#primaryimage"},"thumbnailUrl":"https:\/\/www.aics.gov.it\/oltremare\/wp-content\/uploads\/2022\/12\/52552048795_9e7d1896ac_k.jpg","keywords":["Aics","Ambiente","biodiversit\u00e0","cooperazione","Cop15","foreste","riforestazione"],"articleSection":["Pianeta"],"inLanguage":"it-IT","potentialAction":[{"@type":"CommentAction","name":"Comment","target":["https:\/\/www.aics.gov.it\/oltremare\/articoli\/pianeta\/verso-cop15-lultima-possibilita-per-lambiente\/#respond"]}]},{"@type":"WebPage","@id":"https:\/\/www.aics.gov.it\/oltremare\/articoli\/pianeta\/verso-cop15-lultima-possibilita-per-lambiente\/","url":"https:\/\/www.aics.gov.it\/oltremare\/articoli\/pianeta\/verso-cop15-lultima-possibilita-per-lambiente\/","name":"Cop15, l'ultima possibilit\u00e0 per l'ambiente - Oltremare","isPartOf":{"@id":"https:\/\/www.aics.gov.it\/oltremare\/#website"},"primaryImageOfPage":{"@id":"https:\/\/www.aics.gov.it\/oltremare\/articoli\/pianeta\/verso-cop15-lultima-possibilita-per-lambiente\/#primaryimage"},"image":{"@id":"https:\/\/www.aics.gov.it\/oltremare\/articoli\/pianeta\/verso-cop15-lultima-possibilita-per-lambiente\/#primaryimage"},"thumbnailUrl":"https:\/\/www.aics.gov.it\/oltremare\/wp-content\/uploads\/2022\/12\/52552048795_9e7d1896ac_k.jpg","datePublished":"2022-12-11T14:33:10+00:00","dateModified":"2022-12-22T14:41:04+00:00","breadcrumb":{"@id":"https:\/\/www.aics.gov.it\/oltremare\/articoli\/pianeta\/verso-cop15-lultima-possibilita-per-lambiente\/#breadcrumb"},"inLanguage":"it-IT","potentialAction":[{"@type":"ReadAction","target":["https:\/\/www.aics.gov.it\/oltremare\/articoli\/pianeta\/verso-cop15-lultima-possibilita-per-lambiente\/"]}]},{"@type":"ImageObject","inLanguage":"it-IT","@id":"https:\/\/www.aics.gov.it\/oltremare\/articoli\/pianeta\/verso-cop15-lultima-possibilita-per-lambiente\/#primaryimage","url":"https:\/\/www.aics.gov.it\/oltremare\/wp-content\/uploads\/2022\/12\/52552048795_9e7d1896ac_k.jpg","contentUrl":"https:\/\/www.aics.gov.it\/oltremare\/wp-content\/uploads\/2022\/12\/52552048795_9e7d1896ac_k.jpg","width":2047,"height":1365,"caption":"Cop15 Montreal"},{"@type":"BreadcrumbList","@id":"https:\/\/www.aics.gov.it\/oltremare\/articoli\/pianeta\/verso-cop15-lultima-possibilita-per-lambiente\/#breadcrumb","itemListElement":[{"@type":"ListItem","position":1,"name":"Home","item":"https:\/\/www.aics.gov.it\/oltremare\/"},{"@type":"ListItem","position":2,"name":"Cop15, l&#8217;ultima possibilit\u00e0 per l&#8217;ambiente"}]},{"@type":"WebSite","@id":"https:\/\/www.aics.gov.it\/oltremare\/#website","url":"https:\/\/www.aics.gov.it\/oltremare\/","name":"Oltremare","description":"Il Blog della cooperazione","publisher":{"@id":"https:\/\/www.aics.gov.it\/oltremare\/#organization"},"potentialAction":[{"@type":"SearchAction","target":{"@type":"EntryPoint","urlTemplate":"https:\/\/www.aics.gov.it\/oltremare\/?s={search_term_string}"},"query-input":{"@type":"PropertyValueSpecification","valueRequired":true,"valueName":"search_term_string"}}],"inLanguage":"it-IT"},{"@type":"Organization","@id":"https:\/\/www.aics.gov.it\/oltremare\/#organization","name":"Agenzia Italiana per la Cooperazione allo Sviluppo","url":"https:\/\/www.aics.gov.it\/oltremare\/","logo":{"@type":"ImageObject","inLanguage":"it-IT","@id":"https:\/\/www.aics.gov.it\/oltremare\/#\/schema\/logo\/image\/","url":"https:\/\/www.aics.gov.it\/oltremare\/wp-content\/uploads\/2018\/02\/AICS_HEADER_530x130_EC1-e1518178146163.jpg","contentUrl":"https:\/\/www.aics.gov.it\/oltremare\/wp-content\/uploads\/2018\/02\/AICS_HEADER_530x130_EC1-e1518178146163.jpg","width":300,"height":74,"caption":"Agenzia Italiana per la Cooperazione allo Sviluppo"},"image":{"@id":"https:\/\/www.aics.gov.it\/oltremare\/#\/schema\/logo\/image\/"},"sameAs":["https:\/\/www.facebook.com\/Agenzia-Italiana-per-la-Cooperazione-allo-Sviluppo-996004880482735\/","https:\/\/x.com\/aics_it","https:\/\/www.instagram.com\/aics_cooperazione_it\/","https:\/\/www.youtube.com\/channel\/UCbssygnjreKD1Se1mDeCQ5w"]},{"@type":"Person","@id":"https:\/\/www.aics.gov.it\/oltremare\/#\/schema\/person\/7d9a8d1a87b6775f532e5b3e76d52c75","name":"Emanuele Bompan","image":{"@type":"ImageObject","inLanguage":"it-IT","@id":"https:\/\/www.aics.gov.it\/oltremare\/wp-content\/uploads\/2018\/04\/bompan.png","url":"https:\/\/www.aics.gov.it\/oltremare\/wp-content\/uploads\/2018\/04\/bompan.png","contentUrl":"https:\/\/www.aics.gov.it\/oltremare\/wp-content\/uploads\/2018\/04\/bompan.png","caption":"Emanuele Bompan"},"url":"https:\/\/www.aics.gov.it\/oltremare\/author\/emanuelebompan\/"}]}},"_links":{"self":[{"href":"https:\/\/www.aics.gov.it\/oltremare\/wp-json\/wp\/v2\/posts\/16406","targetHints":{"allow":["GET"]}}],"collection":[{"href":"https:\/\/www.aics.gov.it\/oltremare\/wp-json\/wp\/v2\/posts"}],"about":[{"href":"https:\/\/www.aics.gov.it\/oltremare\/wp-json\/wp\/v2\/types\/post"}],"author":[{"embeddable":true,"href":"https:\/\/www.aics.gov.it\/oltremare\/wp-json\/wp\/v2\/users\/7"}],"replies":[{"embeddable":true,"href":"https:\/\/www.aics.gov.it\/oltremare\/wp-json\/wp\/v2\/comments?post=16406"}],"version-history":[{"count":8,"href":"https:\/\/www.aics.gov.it\/oltremare\/wp-json\/wp\/v2\/posts\/16406\/revisions"}],"predecessor-version":[{"id":16517,"href":"https:\/\/www.aics.gov.it\/oltremare\/wp-json\/wp\/v2\/posts\/16406\/revisions\/16517"}],"wp:featuredmedia":[{"embeddable":true,"href":"https:\/\/www.aics.gov.it\/oltremare\/wp-json\/wp\/v2\/media\/16448"}],"wp:attachment":[{"href":"https:\/\/www.aics.gov.it\/oltremare\/wp-json\/wp\/v2\/media?parent=16406"}],"wp:term":[{"taxonomy":"category","embeddable":true,"href":"https:\/\/www.aics.gov.it\/oltremare\/wp-json\/wp\/v2\/categories?post=16406"},{"taxonomy":"post_tag","embeddable":true,"href":"https:\/\/www.aics.gov.it\/oltremare\/wp-json\/wp\/v2\/tags?post=16406"}],"curies":[{"name":"wp","href":"https:\/\/api.w.org\/{rel}","templated":true}]}}