{"id":16803,"date":"2023-02-28T16:32:20","date_gmt":"2023-02-28T15:32:20","guid":{"rendered":"https:\/\/www.aics.gov.it\/oltremare\/?p=16803"},"modified":"2023-04-04T17:42:56","modified_gmt":"2023-04-04T15:42:56","slug":"dallucraina-al-congo-online-il-mappamondo-contro-tutte-le-guerre","status":"publish","type":"post","link":"https:\/\/www.aics.gov.it\/oltremare\/articoli\/pace\/dallucraina-al-congo-online-il-mappamondo-contro-tutte-le-guerre\/","title":{"rendered":"Dall&#8217;Ucraina al Congo, online il mappamondo contro tutte le guerre"},"content":{"rendered":"<div><em>A disegnarlo gli operatori di cooperazione, professionisti-volontari della solidariet\u00e0. Un tesoro del sistema Italia da interconnettere sempre di pi\u00f9<\/em><\/div>\n<p><!--more--><\/p>\n<div>\n<p>\u201cIn tanti sono fuggiti dalle zone tagliate dal fronte, dall\u2019est e dal Donbass\u201d dice <strong>Anna Bertazzoli,<\/strong> come tracciando sullo schermo un percorso di mille e pi\u00f9 chilometri, che supera Kiev e il fiume Dnepr. Dietro di lei, in videocollegamento, mani che si stringono l\u2019una con l\u2019altra, una gialla e l\u2019altra blu: sono <strong>i colori della bandiera dell\u2019Ucraina<\/strong>.<\/p>\n<p>Bertazzoli \u00e8 stata volontaria in Colombia, ha insegnato italiano a persone migranti a Brescia, ha rendicontato progetti per lo sviluppo in Mali o in Ghana. Lo ha fatto con ong come Coopi e Vis o collaborando con realt\u00e0 come la Comunit\u00e0 di Sant\u2019Egidio. Da qualche mese \u00e8 invece \u201cproject coordinator\u201d di <strong>Razom z Ukrainoiu<\/strong>, \u201cinsieme con l\u2019Ucraina\u201d, <strong>un\u2019iniziativa promossa dall\u2019Agenzia italiana per la cooperazione allo sviluppo (Aics)<\/strong>. L\u2019impegno, coordinato dalla federazione cristiana Focsiv insieme con le ong Arcs, Ibo Italia, Missione Calcutta e Condivisione fra i popoli, \u00e8 garantire assistenza con beni e servizi di prima necessit\u00e0 alle persone sfollate nelle aree di Ivano-Frankivsk, Chernivtsy e Odessa.<\/p>\n<p>\u201cLe testimonianze che arrivano dal fronte sono drammatiche\u201d, riferisce Bertazzoli, \u201ce<strong> la situazione \u00e8 preoccupante anche qui<\/strong>, in questa una regione occidentale tra il mar Nero e il confine con la Romania, dove pure aumentano i casi di arruolamento di giovani con modalit\u00e0 aggressive\u201d.<\/p>\n<p>Secondo <strong>don Ivan Stefurak<\/strong>, responsabile dell\u2019arcidiocesi di Ivano-Frankivsk e referente locale di Razom z Ukrainoiu, ogni persona ha la sua storia e il suo dolore. A un anno dall\u2019offensiva russa del 24 febbraio 2022 spetta invece alle Nazioni Unite dare il quadro d\u2019insieme:<strong> le persone bisognose di aiuto in Ucraina sono oltre 11 milioni<\/strong>, quelle accolte all\u2019estero con provvedimenti di protezione temporanea pi\u00f9 di quattro milioni, mentre solo per il 2023 <strong>le necessit\u00e0 di finanziamento di progetti umanitari superano i cinque miliardi di euro<\/strong>.<\/p>\n<p>L\u2019iniziativa sostenuta da Aics, con la distribuzione di cibo, medicine e vestiti \u2013 \u201coggi raggiungiamo 12mila persone\u201d, calcola Bertazzoli &#8211; \u00e8 una goccia nel mare. E per\u00f2 anche il segno di una presenza, italiana, di solidariet\u00e0. Puntini da \u201cinterconnettere\u201d e capaci di \u201cfare sistema\u201d secondo l\u2019ambasciatrice <strong>Teresa Castaldo<\/strong>, a capo in Farnesina della Direzione generale per la cooperazione allo sviluppo (Dgcs). Parole, le sue, pronunciate nella sede dell\u2019agenzia di stampa Dire in occasione della presentazione del <a href=\"https:\/\/www.volontarinelmondo.it\/\" target=\"_blank\" rel=\"noopener\">sito Focsiv volontarinelmondo.it<\/a>: una mappa digitale che informa su circa <strong>600 progetti di rilievo sociale in 75 Paesi pi\u00f9 l\u2019Italia<\/strong>, realizzati grazie al lavoro, alla professionalit\u00e0 e al talento di <strong>6.378 operatori<\/strong>, tra i quali i giovani del Servizio civile universale.<\/p>\n<p>\u00c8 anche a loro che si rivolge in videocollegamento<strong> suor Natalina Isella<\/strong>. Missionaria di origini lombarde, vive dal 1976 nella <strong>Repubblica democratica del Congo;<\/strong> per la precisione a Bukavu, <strong>nella regione orientale del Kivu<\/strong>, la stessa dove il 22 febbraio di due anni fa furono assassinati in un agguato l\u2019ambasciatore italiano <strong>Luca Attanasio<\/strong>, l\u2019autista del Programma alimentare mondiale (Pam) Mustapha Milambo e il carabiniere Vittorio Iacovacci. \u00c8 una storia, questa di suor Isella, di guerra e di pace allo stesso tempo. Il conflitto \u00e8 quello che nell\u2019est del Congo si combatte con decine di gruppi ribelli, che uccidono, dividono famiglie e alimentano esclusione sociale; la pace \u00e8 quella di Ek\u2019Abana, che in lingua mashi vuol dire \u201cCasa delle bambine\u201d. \u201cAccogliamo le piccole allontanate dalle loro famiglie, spesso accusate di stregoneria e marginalizzate, considerate un peso economico o una sciagura\u201d spiega suor Isella. \u201cDa noi ritrovano serenit\u00e0, imparano il perdono e magari un mestiere che le aiuti nella vita\u201d. La missionaria collabora con il Movimento per la lotta alla fame nel mondo, una organizzazione nata a Lodi 58 anni fa e ora attiva in otto Paesi. Il suo, nel Kivu, \u00e8 anche un punto di osservazione sulle dinamiche dell\u2019economia internazionale: mentre centinaia di migliaia di persone fuggono di fronte all\u2019avanzata dei ribelli, il calo dell\u2019export di cereali e la speculazione finanziaria legata al conflitto in Ucraina stanno aggravando carovita e nuove povert\u00e0 in Africa.<\/p>\n<p>Prenderne atto vuol dire collegare i punti sulla mappa del mondo. <a href=\"https:\/\/www.aics.gov.it\/news\/2023\/72696\/\" target=\"_blank\" rel=\"noopener\">Lo sottolinea <strong>Emilio Ciarlo<\/strong><\/a>, responsabile Comunicazione e relazioni istituzionali di Aics. \u201cLavoriamo al di sotto delle nostre capacit\u00e0 di connessione\u201d, avverte parlando degli impegni della cooperazione, \u201ce questo \u00e8 un aspetto da correggere\u201d. Con l\u2019ambasciatrice Castaldo, Ciarlo si sofferma sulla piattaforma Open Aid e su altre iniziative sotto il segno della trasparenza e della comunicazione pubblica dei progetti. Ma l\u2019orizzonte qual \u00e8? \u201cLa creazione\u201d, sottolinea il dirigente, allargando la prospettiva all\u2019Europa e al mondo, \u201cdi una banca dati che metta insieme gli archivi dati dei principali organismi internazionali, consultabili simultaneamente e in modo standardizzato\u201d.<\/p>\n<p>Nell\u2019immediato c\u2019\u00e8 l\u2019emergenza. In Congo \u00e8 l\u2019offensiva dei ribelli del Mouvement du 23 mars giunta ormai alle porte di Goma, la citt\u00e0 principale del Nord Kivu. <strong>In Ucraina sono i bombardamenti e lo stallo dei negoziati di pace<\/strong>. Ad affrontarla, l\u2019emergenza, provano anche le organizzazioni della societ\u00e0 italiana. <a href=\"https:\/\/www.aics.gov.it\/news\/2022\/71907\/\" target=\"_blank\" rel=\"noopener\">Quattordici i progetti finanziati da Aics gi\u00e0 dal luglio scorso<\/a>, affidati anche ad Amici dei bambini, Avsi, Cesvi, Albero della vita, Terre des hommes, Helpcode, Intersos, Medici con l\u2019Africa Cuamm, Medici per i diritti umani, Soleterre, Vis e WeWorld-Gvc. L\u2019impegno, sempre, si legge sul sito dell\u2019Agenzia, \u00e8 \u201cal fianco delle persone pi\u00f9 vulnerabili\u201d.<\/p>\n<p>&nbsp;<\/p>\n<\/div>\n<div style=\"box-shadow: 10px 10px 28px 0px rgba(171,171,171,1); padding: 25px;\"><span style=\"color: #000000;\">Biografia<\/span><br \/>\n<span style=\"color: #000000;\"><strong>Vincenzo Giardina<\/strong><\/span><br \/>\n<span style=\"color: #000000;\">Nato a Padova, laureato in storia contemporanea, \u00e8 un giornalista professionista. Coordina il notiziario internazionale dell\u2019agenzia di stampa Dire. Tra le sue collaborazioni Il Venerd\u00ec di Repubblica, Internazionale, l\u2019Espresso e Nigrizia. Gi\u00e0 redattore dell\u2019agenzia di stampa missionaria Misna, si \u00e8 specializzato sull\u2019Africa e sui temi dei diritti umani e della lotta contro le disuguaglianze. Scrive su Oltremare, magazine dell\u2019Agenzia italiana per la cooperazione allo sviluppo, e interviene come esperto o inviato su Radio Rai, Radio Vaticana e altre emittenti. Suoi articoli e reportage sono pubblicati anche da La Stampa e Vanity Fair. Parla pi\u00f9 lingue, tra le quali il russo.<\/span><br \/>\n<a href=\"https:\/\/www.vincenzogiardina.org\/\" target=\"_blank\" rel=\"noopener noreferrer\">www.vincenzogiardina.org<\/a><img decoding=\"async\" class=\"aligncenter\" src=\"https:\/\/www.aics.gov.it\/oltremare\/wp-content\/uploads\/2020\/04\/giardina-bio.png\" \/><\/div>\n","protected":false},"excerpt":{"rendered":"<p>A disegnarlo gli operatori di cooperazione, professionisti-volontari della solidariet\u00e0. Un tesoro del sistema Italia da interconnettere sempre di pi\u00f9<\/p>\n","protected":false},"author":5,"featured_media":16887,"comment_status":"open","ping_status":"open","sticky":false,"template":"","format":"standard","meta":{"footnotes":""},"categories":[133],"tags":[241,860,746,801,1255],"class_list":["post-16803","post","type-post","status-publish","format-standard","has-post-thumbnail","hentry","category-pace","tag-aics","tag-congo","tag-focsiv","tag-ucraina","tag-volontari-nel-mondo"],"yoast_head":"<!-- This site is optimized with the Yoast SEO plugin v27.5 - https:\/\/yoast.com\/product\/yoast-seo-wordpress\/ -->\n<title>Dall&#039;Ucraina al Congo, online il mappamondo contro tutte le guerre - Oltremare<\/title>\n<meta name=\"robots\" content=\"index, follow, max-snippet:-1, max-image-preview:large, max-video-preview:-1\" \/>\n<link rel=\"canonical\" href=\"https:\/\/www.aics.gov.it\/oltremare\/articoli\/pace\/dallucraina-al-congo-online-il-mappamondo-contro-tutte-le-guerre\/\" \/>\n<meta property=\"og:locale\" content=\"it_IT\" \/>\n<meta property=\"og:type\" content=\"article\" \/>\n<meta property=\"og:title\" content=\"Dall&#039;Ucraina al Congo, online il mappamondo contro tutte le guerre - Oltremare\" \/>\n<meta property=\"og:description\" content=\"A disegnarlo gli operatori di cooperazione, professionisti-volontari della solidariet\u00e0. Un tesoro del sistema Italia da interconnettere sempre di pi\u00f9\" \/>\n<meta property=\"og:url\" content=\"https:\/\/www.aics.gov.it\/oltremare\/articoli\/pace\/dallucraina-al-congo-online-il-mappamondo-contro-tutte-le-guerre\/\" \/>\n<meta property=\"og:site_name\" content=\"Oltremare\" \/>\n<meta property=\"article:publisher\" content=\"https:\/\/www.facebook.com\/Agenzia-Italiana-per-la-Cooperazione-allo-Sviluppo-996004880482735\/\" \/>\n<meta property=\"article:published_time\" content=\"2023-02-28T15:32:20+00:00\" \/>\n<meta property=\"article:modified_time\" content=\"2023-04-04T15:42:56+00:00\" \/>\n<meta property=\"og:image\" content=\"https:\/\/www.aics.gov.it\/oltremare\/wp-content\/uploads\/2023\/02\/51912279462_c388174ab8_h.jpg\" \/>\n\t<meta property=\"og:image:width\" content=\"1600\" \/>\n\t<meta property=\"og:image:height\" content=\"1067\" \/>\n\t<meta property=\"og:image:type\" content=\"image\/jpeg\" \/>\n<meta name=\"author\" content=\"Vincenzo Giardina\" \/>\n<meta name=\"twitter:card\" content=\"summary_large_image\" \/>\n<meta name=\"twitter:creator\" content=\"@aics_it\" \/>\n<meta name=\"twitter:site\" content=\"@aics_it\" \/>\n<meta name=\"twitter:label1\" content=\"Scritto da\" \/>\n\t<meta name=\"twitter:data1\" content=\"Vincenzo Giardina\" \/>\n\t<meta name=\"twitter:label2\" content=\"Tempo di lettura stimato\" \/>\n\t<meta name=\"twitter:data2\" content=\"6 minuti\" \/>\n<script type=\"application\/ld+json\" class=\"yoast-schema-graph\">{\"@context\":\"https:\\\/\\\/schema.org\",\"@graph\":[{\"@type\":\"Article\",\"@id\":\"https:\\\/\\\/www.aics.gov.it\\\/oltremare\\\/articoli\\\/pace\\\/dallucraina-al-congo-online-il-mappamondo-contro-tutte-le-guerre\\\/#article\",\"isPartOf\":{\"@id\":\"https:\\\/\\\/www.aics.gov.it\\\/oltremare\\\/articoli\\\/pace\\\/dallucraina-al-congo-online-il-mappamondo-contro-tutte-le-guerre\\\/\"},\"author\":{\"name\":\"Vincenzo Giardina\",\"@id\":\"https:\\\/\\\/www.aics.gov.it\\\/oltremare\\\/#\\\/schema\\\/person\\\/063c4f74c60040713c4f7cc532521ae1\"},\"headline\":\"Dall&#8217;Ucraina al Congo, online il mappamondo contro tutte le guerre\",\"datePublished\":\"2023-02-28T15:32:20+00:00\",\"dateModified\":\"2023-04-04T15:42:56+00:00\",\"mainEntityOfPage\":{\"@id\":\"https:\\\/\\\/www.aics.gov.it\\\/oltremare\\\/articoli\\\/pace\\\/dallucraina-al-congo-online-il-mappamondo-contro-tutte-le-guerre\\\/\"},\"wordCount\":998,\"commentCount\":0,\"publisher\":{\"@id\":\"https:\\\/\\\/www.aics.gov.it\\\/oltremare\\\/#organization\"},\"image\":{\"@id\":\"https:\\\/\\\/www.aics.gov.it\\\/oltremare\\\/articoli\\\/pace\\\/dallucraina-al-congo-online-il-mappamondo-contro-tutte-le-guerre\\\/#primaryimage\"},\"thumbnailUrl\":\"https:\\\/\\\/www.aics.gov.it\\\/oltremare\\\/wp-content\\\/uploads\\\/2023\\\/02\\\/51912279462_c388174ab8_h.jpg\",\"keywords\":[\"Aics\",\"Congo\",\"Focsiv\",\"Ucraina\",\"Volontari nel mondo\"],\"articleSection\":[\"Pace\"],\"inLanguage\":\"it-IT\",\"potentialAction\":[{\"@type\":\"CommentAction\",\"name\":\"Comment\",\"target\":[\"https:\\\/\\\/www.aics.gov.it\\\/oltremare\\\/articoli\\\/pace\\\/dallucraina-al-congo-online-il-mappamondo-contro-tutte-le-guerre\\\/#respond\"]}]},{\"@type\":\"WebPage\",\"@id\":\"https:\\\/\\\/www.aics.gov.it\\\/oltremare\\\/articoli\\\/pace\\\/dallucraina-al-congo-online-il-mappamondo-contro-tutte-le-guerre\\\/\",\"url\":\"https:\\\/\\\/www.aics.gov.it\\\/oltremare\\\/articoli\\\/pace\\\/dallucraina-al-congo-online-il-mappamondo-contro-tutte-le-guerre\\\/\",\"name\":\"Dall'Ucraina al Congo, online il mappamondo contro tutte le guerre - Oltremare\",\"isPartOf\":{\"@id\":\"https:\\\/\\\/www.aics.gov.it\\\/oltremare\\\/#website\"},\"primaryImageOfPage\":{\"@id\":\"https:\\\/\\\/www.aics.gov.it\\\/oltremare\\\/articoli\\\/pace\\\/dallucraina-al-congo-online-il-mappamondo-contro-tutte-le-guerre\\\/#primaryimage\"},\"image\":{\"@id\":\"https:\\\/\\\/www.aics.gov.it\\\/oltremare\\\/articoli\\\/pace\\\/dallucraina-al-congo-online-il-mappamondo-contro-tutte-le-guerre\\\/#primaryimage\"},\"thumbnailUrl\":\"https:\\\/\\\/www.aics.gov.it\\\/oltremare\\\/wp-content\\\/uploads\\\/2023\\\/02\\\/51912279462_c388174ab8_h.jpg\",\"datePublished\":\"2023-02-28T15:32:20+00:00\",\"dateModified\":\"2023-04-04T15:42:56+00:00\",\"breadcrumb\":{\"@id\":\"https:\\\/\\\/www.aics.gov.it\\\/oltremare\\\/articoli\\\/pace\\\/dallucraina-al-congo-online-il-mappamondo-contro-tutte-le-guerre\\\/#breadcrumb\"},\"inLanguage\":\"it-IT\",\"potentialAction\":[{\"@type\":\"ReadAction\",\"target\":[\"https:\\\/\\\/www.aics.gov.it\\\/oltremare\\\/articoli\\\/pace\\\/dallucraina-al-congo-online-il-mappamondo-contro-tutte-le-guerre\\\/\"]}]},{\"@type\":\"ImageObject\",\"inLanguage\":\"it-IT\",\"@id\":\"https:\\\/\\\/www.aics.gov.it\\\/oltremare\\\/articoli\\\/pace\\\/dallucraina-al-congo-online-il-mappamondo-contro-tutte-le-guerre\\\/#primaryimage\",\"url\":\"https:\\\/\\\/www.aics.gov.it\\\/oltremare\\\/wp-content\\\/uploads\\\/2023\\\/02\\\/51912279462_c388174ab8_h.jpg\",\"contentUrl\":\"https:\\\/\\\/www.aics.gov.it\\\/oltremare\\\/wp-content\\\/uploads\\\/2023\\\/02\\\/51912279462_c388174ab8_h.jpg\",\"width\":1600,\"height\":1067,\"caption\":\"Bambini ucraini fuggono dall'aggressione russa. Przemy\u015bl, Polonia. 27 febbraio 2022. \u00a9 Mirek Pruchnicki\"},{\"@type\":\"BreadcrumbList\",\"@id\":\"https:\\\/\\\/www.aics.gov.it\\\/oltremare\\\/articoli\\\/pace\\\/dallucraina-al-congo-online-il-mappamondo-contro-tutte-le-guerre\\\/#breadcrumb\",\"itemListElement\":[{\"@type\":\"ListItem\",\"position\":1,\"name\":\"Home\",\"item\":\"https:\\\/\\\/www.aics.gov.it\\\/oltremare\\\/\"},{\"@type\":\"ListItem\",\"position\":2,\"name\":\"Dall&#8217;Ucraina al Congo, online il mappamondo contro tutte le guerre\"}]},{\"@type\":\"WebSite\",\"@id\":\"https:\\\/\\\/www.aics.gov.it\\\/oltremare\\\/#website\",\"url\":\"https:\\\/\\\/www.aics.gov.it\\\/oltremare\\\/\",\"name\":\"Oltremare\",\"description\":\"Il Blog della cooperazione\",\"publisher\":{\"@id\":\"https:\\\/\\\/www.aics.gov.it\\\/oltremare\\\/#organization\"},\"potentialAction\":[{\"@type\":\"SearchAction\",\"target\":{\"@type\":\"EntryPoint\",\"urlTemplate\":\"https:\\\/\\\/www.aics.gov.it\\\/oltremare\\\/?s={search_term_string}\"},\"query-input\":{\"@type\":\"PropertyValueSpecification\",\"valueRequired\":true,\"valueName\":\"search_term_string\"}}],\"inLanguage\":\"it-IT\"},{\"@type\":\"Organization\",\"@id\":\"https:\\\/\\\/www.aics.gov.it\\\/oltremare\\\/#organization\",\"name\":\"Agenzia Italiana per la Cooperazione allo Sviluppo\",\"url\":\"https:\\\/\\\/www.aics.gov.it\\\/oltremare\\\/\",\"logo\":{\"@type\":\"ImageObject\",\"inLanguage\":\"it-IT\",\"@id\":\"https:\\\/\\\/www.aics.gov.it\\\/oltremare\\\/#\\\/schema\\\/logo\\\/image\\\/\",\"url\":\"https:\\\/\\\/www.aics.gov.it\\\/oltremare\\\/wp-content\\\/uploads\\\/2018\\\/02\\\/AICS_HEADER_530x130_EC1-e1518178146163.jpg\",\"contentUrl\":\"https:\\\/\\\/www.aics.gov.it\\\/oltremare\\\/wp-content\\\/uploads\\\/2018\\\/02\\\/AICS_HEADER_530x130_EC1-e1518178146163.jpg\",\"width\":300,\"height\":74,\"caption\":\"Agenzia Italiana per la Cooperazione allo Sviluppo\"},\"image\":{\"@id\":\"https:\\\/\\\/www.aics.gov.it\\\/oltremare\\\/#\\\/schema\\\/logo\\\/image\\\/\"},\"sameAs\":[\"https:\\\/\\\/www.facebook.com\\\/Agenzia-Italiana-per-la-Cooperazione-allo-Sviluppo-996004880482735\\\/\",\"https:\\\/\\\/x.com\\\/aics_it\",\"https:\\\/\\\/www.instagram.com\\\/aics_cooperazione_it\\\/\",\"https:\\\/\\\/www.youtube.com\\\/channel\\\/UCbssygnjreKD1Se1mDeCQ5w\"]},{\"@type\":\"Person\",\"@id\":\"https:\\\/\\\/www.aics.gov.it\\\/oltremare\\\/#\\\/schema\\\/person\\\/063c4f74c60040713c4f7cc532521ae1\",\"name\":\"Vincenzo Giardina\",\"image\":{\"@type\":\"ImageObject\",\"inLanguage\":\"it-IT\",\"@id\":\"https:\\\/\\\/secure.gravatar.com\\\/avatar\\\/e368c39b5301ca1e7032008e1f23665d9ca8f9e96c7d4cbde0ab893eb3fd3767?s=96&d=mm&r=g\",\"url\":\"https:\\\/\\\/secure.gravatar.com\\\/avatar\\\/e368c39b5301ca1e7032008e1f23665d9ca8f9e96c7d4cbde0ab893eb3fd3767?s=96&d=mm&r=g\",\"contentUrl\":\"https:\\\/\\\/secure.gravatar.com\\\/avatar\\\/e368c39b5301ca1e7032008e1f23665d9ca8f9e96c7d4cbde0ab893eb3fd3767?s=96&d=mm&r=g\",\"caption\":\"Vincenzo Giardina\"},\"url\":\"https:\\\/\\\/www.aics.gov.it\\\/oltremare\\\/author\\\/vincenzogiardina\\\/\"}]}<\/script>\n<!-- \/ Yoast SEO plugin. -->","yoast_head_json":{"title":"Dall'Ucraina al Congo, online il mappamondo contro tutte le guerre - Oltremare","robots":{"index":"index","follow":"follow","max-snippet":"max-snippet:-1","max-image-preview":"max-image-preview:large","max-video-preview":"max-video-preview:-1"},"canonical":"https:\/\/www.aics.gov.it\/oltremare\/articoli\/pace\/dallucraina-al-congo-online-il-mappamondo-contro-tutte-le-guerre\/","og_locale":"it_IT","og_type":"article","og_title":"Dall'Ucraina al Congo, online il mappamondo contro tutte le guerre - Oltremare","og_description":"A disegnarlo gli operatori di cooperazione, professionisti-volontari della solidariet\u00e0. Un tesoro del sistema Italia da interconnettere sempre di pi\u00f9","og_url":"https:\/\/www.aics.gov.it\/oltremare\/articoli\/pace\/dallucraina-al-congo-online-il-mappamondo-contro-tutte-le-guerre\/","og_site_name":"Oltremare","article_publisher":"https:\/\/www.facebook.com\/Agenzia-Italiana-per-la-Cooperazione-allo-Sviluppo-996004880482735\/","article_published_time":"2023-02-28T15:32:20+00:00","article_modified_time":"2023-04-04T15:42:56+00:00","og_image":[{"width":1600,"height":1067,"url":"https:\/\/www.aics.gov.it\/oltremare\/wp-content\/uploads\/2023\/02\/51912279462_c388174ab8_h.jpg","type":"image\/jpeg"}],"author":"Vincenzo Giardina","twitter_card":"summary_large_image","twitter_creator":"@aics_it","twitter_site":"@aics_it","twitter_misc":{"Scritto da":"Vincenzo Giardina","Tempo di lettura stimato":"6 minuti"},"schema":{"@context":"https:\/\/schema.org","@graph":[{"@type":"Article","@id":"https:\/\/www.aics.gov.it\/oltremare\/articoli\/pace\/dallucraina-al-congo-online-il-mappamondo-contro-tutte-le-guerre\/#article","isPartOf":{"@id":"https:\/\/www.aics.gov.it\/oltremare\/articoli\/pace\/dallucraina-al-congo-online-il-mappamondo-contro-tutte-le-guerre\/"},"author":{"name":"Vincenzo Giardina","@id":"https:\/\/www.aics.gov.it\/oltremare\/#\/schema\/person\/063c4f74c60040713c4f7cc532521ae1"},"headline":"Dall&#8217;Ucraina al Congo, online il mappamondo contro tutte le guerre","datePublished":"2023-02-28T15:32:20+00:00","dateModified":"2023-04-04T15:42:56+00:00","mainEntityOfPage":{"@id":"https:\/\/www.aics.gov.it\/oltremare\/articoli\/pace\/dallucraina-al-congo-online-il-mappamondo-contro-tutte-le-guerre\/"},"wordCount":998,"commentCount":0,"publisher":{"@id":"https:\/\/www.aics.gov.it\/oltremare\/#organization"},"image":{"@id":"https:\/\/www.aics.gov.it\/oltremare\/articoli\/pace\/dallucraina-al-congo-online-il-mappamondo-contro-tutte-le-guerre\/#primaryimage"},"thumbnailUrl":"https:\/\/www.aics.gov.it\/oltremare\/wp-content\/uploads\/2023\/02\/51912279462_c388174ab8_h.jpg","keywords":["Aics","Congo","Focsiv","Ucraina","Volontari nel mondo"],"articleSection":["Pace"],"inLanguage":"it-IT","potentialAction":[{"@type":"CommentAction","name":"Comment","target":["https:\/\/www.aics.gov.it\/oltremare\/articoli\/pace\/dallucraina-al-congo-online-il-mappamondo-contro-tutte-le-guerre\/#respond"]}]},{"@type":"WebPage","@id":"https:\/\/www.aics.gov.it\/oltremare\/articoli\/pace\/dallucraina-al-congo-online-il-mappamondo-contro-tutte-le-guerre\/","url":"https:\/\/www.aics.gov.it\/oltremare\/articoli\/pace\/dallucraina-al-congo-online-il-mappamondo-contro-tutte-le-guerre\/","name":"Dall'Ucraina al Congo, online il mappamondo contro tutte le guerre - Oltremare","isPartOf":{"@id":"https:\/\/www.aics.gov.it\/oltremare\/#website"},"primaryImageOfPage":{"@id":"https:\/\/www.aics.gov.it\/oltremare\/articoli\/pace\/dallucraina-al-congo-online-il-mappamondo-contro-tutte-le-guerre\/#primaryimage"},"image":{"@id":"https:\/\/www.aics.gov.it\/oltremare\/articoli\/pace\/dallucraina-al-congo-online-il-mappamondo-contro-tutte-le-guerre\/#primaryimage"},"thumbnailUrl":"https:\/\/www.aics.gov.it\/oltremare\/wp-content\/uploads\/2023\/02\/51912279462_c388174ab8_h.jpg","datePublished":"2023-02-28T15:32:20+00:00","dateModified":"2023-04-04T15:42:56+00:00","breadcrumb":{"@id":"https:\/\/www.aics.gov.it\/oltremare\/articoli\/pace\/dallucraina-al-congo-online-il-mappamondo-contro-tutte-le-guerre\/#breadcrumb"},"inLanguage":"it-IT","potentialAction":[{"@type":"ReadAction","target":["https:\/\/www.aics.gov.it\/oltremare\/articoli\/pace\/dallucraina-al-congo-online-il-mappamondo-contro-tutte-le-guerre\/"]}]},{"@type":"ImageObject","inLanguage":"it-IT","@id":"https:\/\/www.aics.gov.it\/oltremare\/articoli\/pace\/dallucraina-al-congo-online-il-mappamondo-contro-tutte-le-guerre\/#primaryimage","url":"https:\/\/www.aics.gov.it\/oltremare\/wp-content\/uploads\/2023\/02\/51912279462_c388174ab8_h.jpg","contentUrl":"https:\/\/www.aics.gov.it\/oltremare\/wp-content\/uploads\/2023\/02\/51912279462_c388174ab8_h.jpg","width":1600,"height":1067,"caption":"Bambini ucraini fuggono dall'aggressione russa. Przemy\u015bl, Polonia. 27 febbraio 2022. \u00a9 Mirek Pruchnicki"},{"@type":"BreadcrumbList","@id":"https:\/\/www.aics.gov.it\/oltremare\/articoli\/pace\/dallucraina-al-congo-online-il-mappamondo-contro-tutte-le-guerre\/#breadcrumb","itemListElement":[{"@type":"ListItem","position":1,"name":"Home","item":"https:\/\/www.aics.gov.it\/oltremare\/"},{"@type":"ListItem","position":2,"name":"Dall&#8217;Ucraina al Congo, online il mappamondo contro tutte le guerre"}]},{"@type":"WebSite","@id":"https:\/\/www.aics.gov.it\/oltremare\/#website","url":"https:\/\/www.aics.gov.it\/oltremare\/","name":"Oltremare","description":"Il Blog della cooperazione","publisher":{"@id":"https:\/\/www.aics.gov.it\/oltremare\/#organization"},"potentialAction":[{"@type":"SearchAction","target":{"@type":"EntryPoint","urlTemplate":"https:\/\/www.aics.gov.it\/oltremare\/?s={search_term_string}"},"query-input":{"@type":"PropertyValueSpecification","valueRequired":true,"valueName":"search_term_string"}}],"inLanguage":"it-IT"},{"@type":"Organization","@id":"https:\/\/www.aics.gov.it\/oltremare\/#organization","name":"Agenzia Italiana per la Cooperazione allo Sviluppo","url":"https:\/\/www.aics.gov.it\/oltremare\/","logo":{"@type":"ImageObject","inLanguage":"it-IT","@id":"https:\/\/www.aics.gov.it\/oltremare\/#\/schema\/logo\/image\/","url":"https:\/\/www.aics.gov.it\/oltremare\/wp-content\/uploads\/2018\/02\/AICS_HEADER_530x130_EC1-e1518178146163.jpg","contentUrl":"https:\/\/www.aics.gov.it\/oltremare\/wp-content\/uploads\/2018\/02\/AICS_HEADER_530x130_EC1-e1518178146163.jpg","width":300,"height":74,"caption":"Agenzia Italiana per la Cooperazione allo Sviluppo"},"image":{"@id":"https:\/\/www.aics.gov.it\/oltremare\/#\/schema\/logo\/image\/"},"sameAs":["https:\/\/www.facebook.com\/Agenzia-Italiana-per-la-Cooperazione-allo-Sviluppo-996004880482735\/","https:\/\/x.com\/aics_it","https:\/\/www.instagram.com\/aics_cooperazione_it\/","https:\/\/www.youtube.com\/channel\/UCbssygnjreKD1Se1mDeCQ5w"]},{"@type":"Person","@id":"https:\/\/www.aics.gov.it\/oltremare\/#\/schema\/person\/063c4f74c60040713c4f7cc532521ae1","name":"Vincenzo Giardina","image":{"@type":"ImageObject","inLanguage":"it-IT","@id":"https:\/\/secure.gravatar.com\/avatar\/e368c39b5301ca1e7032008e1f23665d9ca8f9e96c7d4cbde0ab893eb3fd3767?s=96&d=mm&r=g","url":"https:\/\/secure.gravatar.com\/avatar\/e368c39b5301ca1e7032008e1f23665d9ca8f9e96c7d4cbde0ab893eb3fd3767?s=96&d=mm&r=g","contentUrl":"https:\/\/secure.gravatar.com\/avatar\/e368c39b5301ca1e7032008e1f23665d9ca8f9e96c7d4cbde0ab893eb3fd3767?s=96&d=mm&r=g","caption":"Vincenzo Giardina"},"url":"https:\/\/www.aics.gov.it\/oltremare\/author\/vincenzogiardina\/"}]}},"_links":{"self":[{"href":"https:\/\/www.aics.gov.it\/oltremare\/wp-json\/wp\/v2\/posts\/16803","targetHints":{"allow":["GET"]}}],"collection":[{"href":"https:\/\/www.aics.gov.it\/oltremare\/wp-json\/wp\/v2\/posts"}],"about":[{"href":"https:\/\/www.aics.gov.it\/oltremare\/wp-json\/wp\/v2\/types\/post"}],"author":[{"embeddable":true,"href":"https:\/\/www.aics.gov.it\/oltremare\/wp-json\/wp\/v2\/users\/5"}],"replies":[{"embeddable":true,"href":"https:\/\/www.aics.gov.it\/oltremare\/wp-json\/wp\/v2\/comments?post=16803"}],"version-history":[{"count":6,"href":"https:\/\/www.aics.gov.it\/oltremare\/wp-json\/wp\/v2\/posts\/16803\/revisions"}],"predecessor-version":[{"id":16889,"href":"https:\/\/www.aics.gov.it\/oltremare\/wp-json\/wp\/v2\/posts\/16803\/revisions\/16889"}],"wp:featuredmedia":[{"embeddable":true,"href":"https:\/\/www.aics.gov.it\/oltremare\/wp-json\/wp\/v2\/media\/16887"}],"wp:attachment":[{"href":"https:\/\/www.aics.gov.it\/oltremare\/wp-json\/wp\/v2\/media?parent=16803"}],"wp:term":[{"taxonomy":"category","embeddable":true,"href":"https:\/\/www.aics.gov.it\/oltremare\/wp-json\/wp\/v2\/categories?post=16803"},{"taxonomy":"post_tag","embeddable":true,"href":"https:\/\/www.aics.gov.it\/oltremare\/wp-json\/wp\/v2\/tags?post=16803"}],"curies":[{"name":"wp","href":"https:\/\/api.w.org\/{rel}","templated":true}]}}