{"id":16836,"date":"2023-03-08T16:32:55","date_gmt":"2023-03-08T15:32:55","guid":{"rendered":"https:\/\/www.aics.gov.it\/oltremare\/?p=16836"},"modified":"2023-03-08T17:00:02","modified_gmt":"2023-03-08T16:00:02","slug":"8-marzo-ogni-parola-conta-da-aics-dakar-una-campagna-contro-la-violenza-verbale","status":"publish","type":"post","link":"https:\/\/www.aics.gov.it\/oltremare\/rubriche\/eventi\/8-marzo-ogni-parola-conta-da-aics-dakar-una-campagna-contro-la-violenza-verbale\/","title":{"rendered":"<span style=\"color: #1D71B8; font-size: 13px;\">8 MARZO<\/span><br> &#8220;Ogni parola conta&#8221;, da Aics Dakar una campagna contro la violenza verbale"},"content":{"rendered":"<p><em>In occasione della Giornata internazionale dei diritti della donna, l&#8217;Agenzia Italiana per la Cooperazione allo Sviluppo (Aics), sede di Dakar, ha lanciato una campagna di comunicazione per sensibilizzare sulle parole che fanno male<br \/>\n<\/em><!--more--><\/p>\n<p>Come ogni anno l&#8217;<strong>8 marzo<\/strong> diventa il punto di partenza per una riflessione condivisa sul tema dei <strong>diritti delle donne.<\/strong> Ci siamo chiesti come porre questa riflessione in maniera non scontata, non retorica e non banale. Abbiamo deciso allora di provare ad andare in profondit\u00e0, interrogandoci su quali siano le basi delle relazioni interpersonali e da dove nasca la violenza, mettendo al centro la persona e, con lei, la responsabilit\u00e0 individuale, fatta di scelte quotidiane e motore di un processo di cambiamento collettivo.<\/p>\n<p>Quanto il nostro agire impatta nella costruzione di un mondo pi\u00f9 giusto e pi\u00f9 equo? Ogni azione conta, viene da dire e, di conseguenza, ogni parola. Abbiamo quindi chiesto a<strong> dieci persone <\/strong>di partecipare ad <strong>un esperimento sociale<\/strong> in cui \u00e8 stato detto loro di <strong>ripetere alla persona seduta di fronte frasi denigrant<\/strong>i che vengono pronunciate al quotidiano.<\/p>\n<p>Se <strong>ripetere frasi offensive e violente diventa imbarazzante, faticoso<\/strong>, la domanda che sorge spontanea \u00e8, perch\u00e9 continuiamo a ripeterle? Cosa accadrebbe se cambiassimo prospettiva e scegliessimo di avere pi\u00f9 cura del linguaggio che utilizziamo? Pi\u00f9 cura verso gli altri?<\/p>\n<p>Il video, che sar\u00e0 trasmesso attraverso differenti canali social e la televisione senegalese Tfm, fa parte di una <strong>campagna di comunicazione realizzata<\/strong> dalla <a href=\"https:\/\/dakar.aics.gov.it\/\" target=\"_blank\" rel=\"noopener\">sede di Dakar dell\u2019Agenzia Italiana per la Cooperazione allo Sviluppo (Aics),<\/a> lanciata in concomitanza con la Giornata internazionale dei diritti della donna.<\/p>\n<p>Oltre al video, \u00e8 prevista anche <a href=\"https:\/\/dakar.aics.gov.it\/home\/media\/pubblicazioni-2023\/\" target=\"_blank\" rel=\"noopener\"><strong>la pubblicazione di un d\u00e9pliant digitale<\/strong><\/a> sull\u2019approccio di genere nei progetti realizzati nei paesi di competenza della sede. L&#8217;obiettivo \u00e8 sensibilizzare l&#8217;opinione pubblica sulla violenza, in particolare quella verbale e psicologica, sul sessismo, gli stereotipi di genere, la parit\u00e0 tra donne e uomini e le pari opportunit\u00e0.<\/p>\n<p>La campagna si riallaccia, da un lato, al focus scelto in Senegal per questo 8 marzo sul &#8220;Consolidamento dell&#8217;impegno nazionale nella risposta alla violenza contro donne e ragazze in un contesto di progresso digitale&#8221; e, dall\u2019altro, a quello internazionale: &#8220;Per un mondo digitale inclusivo: innovazione e tecnologia per la parit\u00e0 di genere&#8221;.<\/p>\n<p><strong>Ogni parola conta<\/strong><\/p>\n<p>Per ripensare insieme un mondo pi\u00f9 giusto, egualitario, democratico, inclusivo e partecipativo, \u00e8 fondamentale impegnarsi collettivamente per sradicare tutte le ingiustizie e le violenze, da quelle pi\u00f9 visibili a quelle pi\u00f9 sottili e inconsce, affinch\u00e9 uomini e donne possano avere le stesse opportunit\u00e0 e diritti.<\/p>\n<p><iframe loading=\"lazy\" title=\"Ogni parola conta\" width=\"1100\" height=\"619\" src=\"https:\/\/www.youtube.com\/embed\/SLhNKaOThgI?feature=oembed\" frameborder=\"0\" allow=\"accelerometer; autoplay; clipboard-write; encrypted-media; gyroscope; picture-in-picture; web-share\" allowfullscreen><\/iframe><\/p>\n<p><strong>L&#8217;Aics in prima linea per l&#8217;uguaglianza<\/strong><\/p>\n<p>L&#8217;uguaglianza di genere e l&#8217;<em>empowerment<\/em> delle donne fanno parte della politica di cooperazione dell&#8217;Italia fin dalla quarta Conferenza delle Nazioni Unite sulle donne, tenutasi a Pechino nel 1995. In linea con l&#8217;impegno dell&#8217;Italia per il raggiungimento dell&#8217;Odd 5 (Obiettivo di Sviluppo Sostenibile) dell&#8217;Agenda 2030 delle Nazioni Unite <span class=\"ILfuVd\" lang=\"it\"><span class=\"hgKElc\">\u2013<\/span><\/span> raggiungere la parit\u00e0 di genere ed emancipare tutte le donne e le ragazze <span class=\"ILfuVd\" lang=\"it\"><span class=\"hgKElc\">\u2013<\/span><\/span> l&#8217;Aics \u00e8 impegnata sulla promozione dell\u2019uguaglianza di genere e l\u2019<em>empowerment<\/em> di donne e bambine.<\/p>\n<p>Con un mandato regionale, la sede Aics di Dakar \u00e8 il centro di programmazione, gestione, monitoraggio e coordinamento delle iniziative in <strong>Senegal, Capo Verde, Gambia, Guinea, Guinea-Bissau, Mali, Mauritania e Sierra Leone<\/strong>. Il suo approccio a doppio binario prevede sia programmi finalizzati all&#8217;uguaglianza di genere, sia l&#8217;inserimento della tematica di genere, in modo trasversale, in tutte le iniziative di cooperazione.<\/p>\n<div id=\"attachment_16842\" style=\"width: 1034px\" class=\"wp-caption alignnone\"><img loading=\"lazy\" decoding=\"async\" aria-describedby=\"caption-attachment-16842\" class=\"wp-image-16842 size-large\" src=\"https:\/\/www.aics.gov.it\/oltremare\/wp-content\/uploads\/2023\/03\/6-1024x683.jpg\" alt=\"\" width=\"1024\" height=\"683\" srcset=\"https:\/\/www.aics.gov.it\/oltremare\/wp-content\/uploads\/2023\/03\/6-1024x683.jpg 1024w, https:\/\/www.aics.gov.it\/oltremare\/wp-content\/uploads\/2023\/03\/6-600x400.jpg 600w, https:\/\/www.aics.gov.it\/oltremare\/wp-content\/uploads\/2023\/03\/6-768x512.jpg 768w, https:\/\/www.aics.gov.it\/oltremare\/wp-content\/uploads\/2023\/03\/6-1536x1024.jpg 1536w\" sizes=\"auto, (max-width: 1024px) 100vw, 1024px\" \/><p id=\"caption-attachment-16842\" class=\"wp-caption-text\">\u00a9 Sunu Nataal<\/p><\/div>\n<p>Dal 2014, Aicss ostiene il ministero della Donna, della Famiglia e della Protezione dell&#8217;Infanzia del Senegal nell&#8217;attuazione della strategia nazionale per la promozione dell&#8217;uguaglianza e dell&#8217;equit\u00e0 di genere (Sneeg). In questo contesto, il 30 gennaio 2020, il ministro dell&#8217;Economia, della Pianificazione e della Cooperazione del Senegal e l&#8217;Ambasciatore italiano a Dakar hanno firmato ufficialmente l&#8217;Accordo esecutivo per il finanziamento della fase due del Progetto di Sostegno alla Strategia Nazionale per l&#8217;Uguaglianza e l\u2019Equit\u00e0 di Genere (Pasneeg 2), che ha l&#8217;obiettivo di rafforzare le iniziative di riforma giuridica, istituzionale e di bilancio a favore dell&#8217;equit\u00e0 e della parit\u00e0 di genere; migliorare l&#8217;offerta di servizi integrati e olistici per le vittime di violenze basate sul genere (Vbg); comunicare e sensibilizzare sulle disuguaglianze di genere e sulla violenza contro donne e ragazze a livello nazionale e locale.<\/p>\n<p>Nell&#8217;ambito dell&#8217;implementazione del Pasneeg 2, Aics ha collaborato con il ministero della Donna, della Famiglia e della Protezione dell&#8217;Infanzia al lancio, lo scorso novembre, del <strong>centro di ascolto, orientamento e informazione sulle violenze basate sul genere<\/strong>: &#8220;Wallu Allo 116&#8221;. Questa iniziativa risponde alla necessit\u00e0 di ascolto, protezione ed accompagnamento di donne e giovani, in particolare vittime di violenza.<\/p>\n<div id=\"attachment_16837\" style=\"width: 1034px\" class=\"wp-caption alignnone\"><img loading=\"lazy\" decoding=\"async\" aria-describedby=\"caption-attachment-16837\" class=\"wp-image-16837 size-large\" src=\"https:\/\/www.aics.gov.it\/oltremare\/wp-content\/uploads\/2023\/03\/21-1024x703.jpg\" alt=\"\" width=\"1024\" height=\"703\" srcset=\"https:\/\/www.aics.gov.it\/oltremare\/wp-content\/uploads\/2023\/03\/21-1024x703.jpg 1024w, https:\/\/www.aics.gov.it\/oltremare\/wp-content\/uploads\/2023\/03\/21-600x412.jpg 600w, https:\/\/www.aics.gov.it\/oltremare\/wp-content\/uploads\/2023\/03\/21-768x527.jpg 768w, https:\/\/www.aics.gov.it\/oltremare\/wp-content\/uploads\/2023\/03\/21.jpg 1080w\" sizes=\"auto, (max-width: 1024px) 100vw, 1024px\" \/><p id=\"caption-attachment-16837\" class=\"wp-caption-text\">Fatou Dian\u00e9 Gu\u00e8ye ministra della Donna, della Famiglia e della Protezione dell&#8217;Infanzia, Eugenia Pisani Responsabile settore Genere di Aics Dakar e Florence Raes Direttrice Regionale a.i. UN Women al lancio della linea 116. \u00a9 Mffpe<\/p><\/div>\n<p>Secondo gli ultimi dati dell&#8217;Agenzia nazionale di statistica e demografia senegalese, <strong>il 99,3% delle donne che hanno subito violenza fisica o sessuale non ha mai chiesto aiuto o ne ha mai parlato<\/strong> con qualcuno. Il numero gratuito 116, attivo 24 ore su 24 e sette giorni su sette, mira a colmare le lacune del sistema di protezione e informazione ponendosi come uno strumento essenziale a supporto delle vittime di violenza. Dopo un mese di attivit\u00e0, <strong>il centro di ascolto ha registrato pi\u00f9 di 1.700 chiamate<\/strong> provenienti dalle quattordici regioni del Senegal.<\/p>\n<p><strong>Dove inizia la violenza? <\/strong><\/p>\n<p>Questa \u00e8 la domanda che dovremmo dunque porci tutti per riflettere sulle relazioni interpersonali in maniera pi\u00f9 responsabile e sulla compartecipazione alla lotta delle donne nella conquista di pari diritti e opportunit\u00e0, che \u00e8 poi una lotta universale per un mondo pi\u00f9 equo.<\/p>\n","protected":false},"excerpt":{"rendered":"<p>In occasione della Giornata internazionale dei diritti della donna, l&#8217;Agenzia Italiana per la Cooperazione allo Sviluppo (Aics), sede di Dakar, ha lanciato una campagna di comunicazione per sensibilizzare sulle parole che fanno male<\/p>\n","protected":false},"author":1,"featured_media":16841,"comment_status":"open","ping_status":"open","sticky":false,"template":"","format":"standard","meta":{"footnotes":""},"categories":[186],"tags":[1265,997,1266,196,1267],"class_list":["post-16836","post","type-post","status-publish","format-standard","has-post-thumbnail","hentry","category-eventi","tag-8-marzo","tag-aics-dakar","tag-campagna-comunicazione","tag-donne","tag-violenza-verbale"],"yoast_head":"<!-- This site is optimized with the Yoast SEO plugin v27.5 - https:\/\/yoast.com\/product\/yoast-seo-wordpress\/ -->\n<title>8 MARZO &quot;Ogni parola conta&quot;, da Aics Dakar una campagna contro la violenza verbale - Oltremare<\/title>\n<meta name=\"robots\" content=\"index, follow, max-snippet:-1, max-image-preview:large, max-video-preview:-1\" \/>\n<link rel=\"canonical\" href=\"https:\/\/www.aics.gov.it\/oltremare\/rubriche\/eventi\/8-marzo-ogni-parola-conta-da-aics-dakar-una-campagna-contro-la-violenza-verbale\/\" \/>\n<meta property=\"og:locale\" content=\"it_IT\" \/>\n<meta property=\"og:type\" content=\"article\" \/>\n<meta property=\"og:title\" content=\"8 MARZO &quot;Ogni parola conta&quot;, da Aics Dakar una campagna contro la violenza verbale - Oltremare\" \/>\n<meta property=\"og:description\" content=\"In occasione della Giornata internazionale dei diritti della donna, l&#8217;Agenzia Italiana per la Cooperazione allo Sviluppo (Aics), sede di Dakar, ha lanciato una campagna di comunicazione per sensibilizzare sulle parole che fanno male\" \/>\n<meta property=\"og:url\" content=\"https:\/\/www.aics.gov.it\/oltremare\/rubriche\/eventi\/8-marzo-ogni-parola-conta-da-aics-dakar-una-campagna-contro-la-violenza-verbale\/\" \/>\n<meta property=\"og:site_name\" content=\"Oltremare\" \/>\n<meta property=\"article:publisher\" content=\"https:\/\/www.facebook.com\/Agenzia-Italiana-per-la-Cooperazione-allo-Sviluppo-996004880482735\/\" \/>\n<meta property=\"article:published_time\" content=\"2023-03-08T15:32:55+00:00\" \/>\n<meta property=\"article:modified_time\" content=\"2023-03-08T16:00:02+00:00\" \/>\n<meta property=\"og:image\" content=\"https:\/\/www.aics.gov.it\/oltremare\/wp-content\/uploads\/2023\/03\/11-1.jpg\" \/>\n\t<meta property=\"og:image:width\" content=\"1080\" \/>\n\t<meta property=\"og:image:height\" content=\"719\" \/>\n\t<meta property=\"og:image:type\" content=\"image\/jpeg\" \/>\n<meta name=\"author\" content=\"Oltremare\" \/>\n<meta name=\"twitter:card\" content=\"summary_large_image\" \/>\n<meta name=\"twitter:creator\" content=\"@aics_it\" \/>\n<meta name=\"twitter:site\" content=\"@aics_it\" \/>\n<meta name=\"twitter:label1\" content=\"Scritto da\" \/>\n\t<meta name=\"twitter:data1\" content=\"Chiara Barison, Communication Officer Aics Dakar\" \/>\n\t<meta name=\"twitter:label2\" content=\"Tempo di lettura stimato\" \/>\n\t<meta name=\"twitter:data2\" content=\"6 minuti\" \/>\n<script type=\"application\/ld+json\" class=\"yoast-schema-graph\">{\"@context\":\"https:\\\/\\\/schema.org\",\"@graph\":[{\"@type\":\"Article\",\"@id\":\"https:\\\/\\\/www.aics.gov.it\\\/oltremare\\\/rubriche\\\/eventi\\\/8-marzo-ogni-parola-conta-da-aics-dakar-una-campagna-contro-la-violenza-verbale\\\/#article\",\"isPartOf\":{\"@id\":\"https:\\\/\\\/www.aics.gov.it\\\/oltremare\\\/rubriche\\\/eventi\\\/8-marzo-ogni-parola-conta-da-aics-dakar-una-campagna-contro-la-violenza-verbale\\\/\"},\"author\":{\"name\":\"Oltremare\",\"@id\":\"https:\\\/\\\/www.aics.gov.it\\\/oltremare\\\/#\\\/schema\\\/person\\\/839e251090f440ea6a1f960a5050e424\"},\"headline\":\"8 MARZO &#8220;Ogni parola conta&#8221;, da Aics Dakar una campagna contro la violenza verbale\",\"datePublished\":\"2023-03-08T15:32:55+00:00\",\"dateModified\":\"2023-03-08T16:00:02+00:00\",\"mainEntityOfPage\":{\"@id\":\"https:\\\/\\\/www.aics.gov.it\\\/oltremare\\\/rubriche\\\/eventi\\\/8-marzo-ogni-parola-conta-da-aics-dakar-una-campagna-contro-la-violenza-verbale\\\/\"},\"wordCount\":969,\"commentCount\":0,\"publisher\":{\"@id\":\"https:\\\/\\\/www.aics.gov.it\\\/oltremare\\\/#organization\"},\"image\":{\"@id\":\"https:\\\/\\\/www.aics.gov.it\\\/oltremare\\\/rubriche\\\/eventi\\\/8-marzo-ogni-parola-conta-da-aics-dakar-una-campagna-contro-la-violenza-verbale\\\/#primaryimage\"},\"thumbnailUrl\":\"https:\\\/\\\/www.aics.gov.it\\\/oltremare\\\/wp-content\\\/uploads\\\/2023\\\/03\\\/11-1.jpg\",\"keywords\":[\"8 marzo\",\"Aics Dakar\",\"campagna comunicazione\",\"donne\",\"violenza verbale\"],\"articleSection\":[\"Eventi\"],\"inLanguage\":\"it-IT\",\"potentialAction\":[{\"@type\":\"CommentAction\",\"name\":\"Comment\",\"target\":[\"https:\\\/\\\/www.aics.gov.it\\\/oltremare\\\/rubriche\\\/eventi\\\/8-marzo-ogni-parola-conta-da-aics-dakar-una-campagna-contro-la-violenza-verbale\\\/#respond\"]}]},{\"@type\":\"WebPage\",\"@id\":\"https:\\\/\\\/www.aics.gov.it\\\/oltremare\\\/rubriche\\\/eventi\\\/8-marzo-ogni-parola-conta-da-aics-dakar-una-campagna-contro-la-violenza-verbale\\\/\",\"url\":\"https:\\\/\\\/www.aics.gov.it\\\/oltremare\\\/rubriche\\\/eventi\\\/8-marzo-ogni-parola-conta-da-aics-dakar-una-campagna-contro-la-violenza-verbale\\\/\",\"name\":\"8 MARZO \\\"Ogni parola conta\\\", da Aics Dakar una campagna contro la violenza verbale - Oltremare\",\"isPartOf\":{\"@id\":\"https:\\\/\\\/www.aics.gov.it\\\/oltremare\\\/#website\"},\"primaryImageOfPage\":{\"@id\":\"https:\\\/\\\/www.aics.gov.it\\\/oltremare\\\/rubriche\\\/eventi\\\/8-marzo-ogni-parola-conta-da-aics-dakar-una-campagna-contro-la-violenza-verbale\\\/#primaryimage\"},\"image\":{\"@id\":\"https:\\\/\\\/www.aics.gov.it\\\/oltremare\\\/rubriche\\\/eventi\\\/8-marzo-ogni-parola-conta-da-aics-dakar-una-campagna-contro-la-violenza-verbale\\\/#primaryimage\"},\"thumbnailUrl\":\"https:\\\/\\\/www.aics.gov.it\\\/oltremare\\\/wp-content\\\/uploads\\\/2023\\\/03\\\/11-1.jpg\",\"datePublished\":\"2023-03-08T15:32:55+00:00\",\"dateModified\":\"2023-03-08T16:00:02+00:00\",\"breadcrumb\":{\"@id\":\"https:\\\/\\\/www.aics.gov.it\\\/oltremare\\\/rubriche\\\/eventi\\\/8-marzo-ogni-parola-conta-da-aics-dakar-una-campagna-contro-la-violenza-verbale\\\/#breadcrumb\"},\"inLanguage\":\"it-IT\",\"potentialAction\":[{\"@type\":\"ReadAction\",\"target\":[\"https:\\\/\\\/www.aics.gov.it\\\/oltremare\\\/rubriche\\\/eventi\\\/8-marzo-ogni-parola-conta-da-aics-dakar-una-campagna-contro-la-violenza-verbale\\\/\"]}]},{\"@type\":\"ImageObject\",\"inLanguage\":\"it-IT\",\"@id\":\"https:\\\/\\\/www.aics.gov.it\\\/oltremare\\\/rubriche\\\/eventi\\\/8-marzo-ogni-parola-conta-da-aics-dakar-una-campagna-contro-la-violenza-verbale\\\/#primaryimage\",\"url\":\"https:\\\/\\\/www.aics.gov.it\\\/oltremare\\\/wp-content\\\/uploads\\\/2023\\\/03\\\/11-1.jpg\",\"contentUrl\":\"https:\\\/\\\/www.aics.gov.it\\\/oltremare\\\/wp-content\\\/uploads\\\/2023\\\/03\\\/11-1.jpg\",\"width\":1080,\"height\":719,\"caption\":\"Numero anti violenza Senegal\"},{\"@type\":\"BreadcrumbList\",\"@id\":\"https:\\\/\\\/www.aics.gov.it\\\/oltremare\\\/rubriche\\\/eventi\\\/8-marzo-ogni-parola-conta-da-aics-dakar-una-campagna-contro-la-violenza-verbale\\\/#breadcrumb\",\"itemListElement\":[{\"@type\":\"ListItem\",\"position\":1,\"name\":\"Home\",\"item\":\"https:\\\/\\\/www.aics.gov.it\\\/oltremare\\\/\"},{\"@type\":\"ListItem\",\"position\":2,\"name\":\"8 MARZO &#8220;Ogni parola conta&#8221;, da Aics Dakar una campagna contro la violenza verbale\"}]},{\"@type\":\"WebSite\",\"@id\":\"https:\\\/\\\/www.aics.gov.it\\\/oltremare\\\/#website\",\"url\":\"https:\\\/\\\/www.aics.gov.it\\\/oltremare\\\/\",\"name\":\"Oltremare\",\"description\":\"Il Blog della cooperazione\",\"publisher\":{\"@id\":\"https:\\\/\\\/www.aics.gov.it\\\/oltremare\\\/#organization\"},\"potentialAction\":[{\"@type\":\"SearchAction\",\"target\":{\"@type\":\"EntryPoint\",\"urlTemplate\":\"https:\\\/\\\/www.aics.gov.it\\\/oltremare\\\/?s={search_term_string}\"},\"query-input\":{\"@type\":\"PropertyValueSpecification\",\"valueRequired\":true,\"valueName\":\"search_term_string\"}}],\"inLanguage\":\"it-IT\"},{\"@type\":\"Organization\",\"@id\":\"https:\\\/\\\/www.aics.gov.it\\\/oltremare\\\/#organization\",\"name\":\"Agenzia Italiana per la Cooperazione allo Sviluppo\",\"url\":\"https:\\\/\\\/www.aics.gov.it\\\/oltremare\\\/\",\"logo\":{\"@type\":\"ImageObject\",\"inLanguage\":\"it-IT\",\"@id\":\"https:\\\/\\\/www.aics.gov.it\\\/oltremare\\\/#\\\/schema\\\/logo\\\/image\\\/\",\"url\":\"https:\\\/\\\/www.aics.gov.it\\\/oltremare\\\/wp-content\\\/uploads\\\/2018\\\/02\\\/AICS_HEADER_530x130_EC1-e1518178146163.jpg\",\"contentUrl\":\"https:\\\/\\\/www.aics.gov.it\\\/oltremare\\\/wp-content\\\/uploads\\\/2018\\\/02\\\/AICS_HEADER_530x130_EC1-e1518178146163.jpg\",\"width\":300,\"height\":74,\"caption\":\"Agenzia Italiana per la Cooperazione allo Sviluppo\"},\"image\":{\"@id\":\"https:\\\/\\\/www.aics.gov.it\\\/oltremare\\\/#\\\/schema\\\/logo\\\/image\\\/\"},\"sameAs\":[\"https:\\\/\\\/www.facebook.com\\\/Agenzia-Italiana-per-la-Cooperazione-allo-Sviluppo-996004880482735\\\/\",\"https:\\\/\\\/x.com\\\/aics_it\",\"https:\\\/\\\/www.instagram.com\\\/aics_cooperazione_it\\\/\",\"https:\\\/\\\/www.youtube.com\\\/channel\\\/UCbssygnjreKD1Se1mDeCQ5w\"]},{\"@type\":\"Person\",\"@id\":\"https:\\\/\\\/www.aics.gov.it\\\/oltremare\\\/#\\\/schema\\\/person\\\/839e251090f440ea6a1f960a5050e424\",\"name\":\"Oltremare\",\"image\":{\"@type\":\"ImageObject\",\"inLanguage\":\"it-IT\",\"@id\":\"https:\\\/\\\/secure.gravatar.com\\\/avatar\\\/5bdd54efc610ff3db8c53755c1599daf68165eb144e678103c1ac46fb81fe6a0?s=96&d=mm&r=g\",\"url\":\"https:\\\/\\\/secure.gravatar.com\\\/avatar\\\/5bdd54efc610ff3db8c53755c1599daf68165eb144e678103c1ac46fb81fe6a0?s=96&d=mm&r=g\",\"contentUrl\":\"https:\\\/\\\/secure.gravatar.com\\\/avatar\\\/5bdd54efc610ff3db8c53755c1599daf68165eb144e678103c1ac46fb81fe6a0?s=96&d=mm&r=g\",\"caption\":\"Oltremare\"},\"url\":\"\"}]}<\/script>\n<!-- \/ Yoast SEO plugin. -->","yoast_head_json":{"title":"8 MARZO \"Ogni parola conta\", da Aics Dakar una campagna contro la violenza verbale - Oltremare","robots":{"index":"index","follow":"follow","max-snippet":"max-snippet:-1","max-image-preview":"max-image-preview:large","max-video-preview":"max-video-preview:-1"},"canonical":"https:\/\/www.aics.gov.it\/oltremare\/rubriche\/eventi\/8-marzo-ogni-parola-conta-da-aics-dakar-una-campagna-contro-la-violenza-verbale\/","og_locale":"it_IT","og_type":"article","og_title":"8 MARZO \"Ogni parola conta\", da Aics Dakar una campagna contro la violenza verbale - Oltremare","og_description":"In occasione della Giornata internazionale dei diritti della donna, l&#8217;Agenzia Italiana per la Cooperazione allo Sviluppo (Aics), sede di Dakar, ha lanciato una campagna di comunicazione per sensibilizzare sulle parole che fanno male","og_url":"https:\/\/www.aics.gov.it\/oltremare\/rubriche\/eventi\/8-marzo-ogni-parola-conta-da-aics-dakar-una-campagna-contro-la-violenza-verbale\/","og_site_name":"Oltremare","article_publisher":"https:\/\/www.facebook.com\/Agenzia-Italiana-per-la-Cooperazione-allo-Sviluppo-996004880482735\/","article_published_time":"2023-03-08T15:32:55+00:00","article_modified_time":"2023-03-08T16:00:02+00:00","og_image":[{"width":1080,"height":719,"url":"https:\/\/www.aics.gov.it\/oltremare\/wp-content\/uploads\/2023\/03\/11-1.jpg","type":"image\/jpeg"}],"author":"Oltremare","twitter_card":"summary_large_image","twitter_creator":"@aics_it","twitter_site":"@aics_it","twitter_misc":{"Scritto da":"Chiara Barison, Communication Officer Aics Dakar","Tempo di lettura stimato":"6 minuti"},"schema":{"@context":"https:\/\/schema.org","@graph":[{"@type":"Article","@id":"https:\/\/www.aics.gov.it\/oltremare\/rubriche\/eventi\/8-marzo-ogni-parola-conta-da-aics-dakar-una-campagna-contro-la-violenza-verbale\/#article","isPartOf":{"@id":"https:\/\/www.aics.gov.it\/oltremare\/rubriche\/eventi\/8-marzo-ogni-parola-conta-da-aics-dakar-una-campagna-contro-la-violenza-verbale\/"},"author":{"name":"Oltremare","@id":"https:\/\/www.aics.gov.it\/oltremare\/#\/schema\/person\/839e251090f440ea6a1f960a5050e424"},"headline":"8 MARZO &#8220;Ogni parola conta&#8221;, da Aics Dakar una campagna contro la violenza verbale","datePublished":"2023-03-08T15:32:55+00:00","dateModified":"2023-03-08T16:00:02+00:00","mainEntityOfPage":{"@id":"https:\/\/www.aics.gov.it\/oltremare\/rubriche\/eventi\/8-marzo-ogni-parola-conta-da-aics-dakar-una-campagna-contro-la-violenza-verbale\/"},"wordCount":969,"commentCount":0,"publisher":{"@id":"https:\/\/www.aics.gov.it\/oltremare\/#organization"},"image":{"@id":"https:\/\/www.aics.gov.it\/oltremare\/rubriche\/eventi\/8-marzo-ogni-parola-conta-da-aics-dakar-una-campagna-contro-la-violenza-verbale\/#primaryimage"},"thumbnailUrl":"https:\/\/www.aics.gov.it\/oltremare\/wp-content\/uploads\/2023\/03\/11-1.jpg","keywords":["8 marzo","Aics Dakar","campagna comunicazione","donne","violenza verbale"],"articleSection":["Eventi"],"inLanguage":"it-IT","potentialAction":[{"@type":"CommentAction","name":"Comment","target":["https:\/\/www.aics.gov.it\/oltremare\/rubriche\/eventi\/8-marzo-ogni-parola-conta-da-aics-dakar-una-campagna-contro-la-violenza-verbale\/#respond"]}]},{"@type":"WebPage","@id":"https:\/\/www.aics.gov.it\/oltremare\/rubriche\/eventi\/8-marzo-ogni-parola-conta-da-aics-dakar-una-campagna-contro-la-violenza-verbale\/","url":"https:\/\/www.aics.gov.it\/oltremare\/rubriche\/eventi\/8-marzo-ogni-parola-conta-da-aics-dakar-una-campagna-contro-la-violenza-verbale\/","name":"8 MARZO \"Ogni parola conta\", da Aics Dakar una campagna contro la violenza verbale - Oltremare","isPartOf":{"@id":"https:\/\/www.aics.gov.it\/oltremare\/#website"},"primaryImageOfPage":{"@id":"https:\/\/www.aics.gov.it\/oltremare\/rubriche\/eventi\/8-marzo-ogni-parola-conta-da-aics-dakar-una-campagna-contro-la-violenza-verbale\/#primaryimage"},"image":{"@id":"https:\/\/www.aics.gov.it\/oltremare\/rubriche\/eventi\/8-marzo-ogni-parola-conta-da-aics-dakar-una-campagna-contro-la-violenza-verbale\/#primaryimage"},"thumbnailUrl":"https:\/\/www.aics.gov.it\/oltremare\/wp-content\/uploads\/2023\/03\/11-1.jpg","datePublished":"2023-03-08T15:32:55+00:00","dateModified":"2023-03-08T16:00:02+00:00","breadcrumb":{"@id":"https:\/\/www.aics.gov.it\/oltremare\/rubriche\/eventi\/8-marzo-ogni-parola-conta-da-aics-dakar-una-campagna-contro-la-violenza-verbale\/#breadcrumb"},"inLanguage":"it-IT","potentialAction":[{"@type":"ReadAction","target":["https:\/\/www.aics.gov.it\/oltremare\/rubriche\/eventi\/8-marzo-ogni-parola-conta-da-aics-dakar-una-campagna-contro-la-violenza-verbale\/"]}]},{"@type":"ImageObject","inLanguage":"it-IT","@id":"https:\/\/www.aics.gov.it\/oltremare\/rubriche\/eventi\/8-marzo-ogni-parola-conta-da-aics-dakar-una-campagna-contro-la-violenza-verbale\/#primaryimage","url":"https:\/\/www.aics.gov.it\/oltremare\/wp-content\/uploads\/2023\/03\/11-1.jpg","contentUrl":"https:\/\/www.aics.gov.it\/oltremare\/wp-content\/uploads\/2023\/03\/11-1.jpg","width":1080,"height":719,"caption":"Numero anti violenza Senegal"},{"@type":"BreadcrumbList","@id":"https:\/\/www.aics.gov.it\/oltremare\/rubriche\/eventi\/8-marzo-ogni-parola-conta-da-aics-dakar-una-campagna-contro-la-violenza-verbale\/#breadcrumb","itemListElement":[{"@type":"ListItem","position":1,"name":"Home","item":"https:\/\/www.aics.gov.it\/oltremare\/"},{"@type":"ListItem","position":2,"name":"8 MARZO &#8220;Ogni parola conta&#8221;, da Aics Dakar una campagna contro la violenza verbale"}]},{"@type":"WebSite","@id":"https:\/\/www.aics.gov.it\/oltremare\/#website","url":"https:\/\/www.aics.gov.it\/oltremare\/","name":"Oltremare","description":"Il Blog della cooperazione","publisher":{"@id":"https:\/\/www.aics.gov.it\/oltremare\/#organization"},"potentialAction":[{"@type":"SearchAction","target":{"@type":"EntryPoint","urlTemplate":"https:\/\/www.aics.gov.it\/oltremare\/?s={search_term_string}"},"query-input":{"@type":"PropertyValueSpecification","valueRequired":true,"valueName":"search_term_string"}}],"inLanguage":"it-IT"},{"@type":"Organization","@id":"https:\/\/www.aics.gov.it\/oltremare\/#organization","name":"Agenzia Italiana per la Cooperazione allo Sviluppo","url":"https:\/\/www.aics.gov.it\/oltremare\/","logo":{"@type":"ImageObject","inLanguage":"it-IT","@id":"https:\/\/www.aics.gov.it\/oltremare\/#\/schema\/logo\/image\/","url":"https:\/\/www.aics.gov.it\/oltremare\/wp-content\/uploads\/2018\/02\/AICS_HEADER_530x130_EC1-e1518178146163.jpg","contentUrl":"https:\/\/www.aics.gov.it\/oltremare\/wp-content\/uploads\/2018\/02\/AICS_HEADER_530x130_EC1-e1518178146163.jpg","width":300,"height":74,"caption":"Agenzia Italiana per la Cooperazione allo Sviluppo"},"image":{"@id":"https:\/\/www.aics.gov.it\/oltremare\/#\/schema\/logo\/image\/"},"sameAs":["https:\/\/www.facebook.com\/Agenzia-Italiana-per-la-Cooperazione-allo-Sviluppo-996004880482735\/","https:\/\/x.com\/aics_it","https:\/\/www.instagram.com\/aics_cooperazione_it\/","https:\/\/www.youtube.com\/channel\/UCbssygnjreKD1Se1mDeCQ5w"]},{"@type":"Person","@id":"https:\/\/www.aics.gov.it\/oltremare\/#\/schema\/person\/839e251090f440ea6a1f960a5050e424","name":"Oltremare","image":{"@type":"ImageObject","inLanguage":"it-IT","@id":"https:\/\/secure.gravatar.com\/avatar\/5bdd54efc610ff3db8c53755c1599daf68165eb144e678103c1ac46fb81fe6a0?s=96&d=mm&r=g","url":"https:\/\/secure.gravatar.com\/avatar\/5bdd54efc610ff3db8c53755c1599daf68165eb144e678103c1ac46fb81fe6a0?s=96&d=mm&r=g","contentUrl":"https:\/\/secure.gravatar.com\/avatar\/5bdd54efc610ff3db8c53755c1599daf68165eb144e678103c1ac46fb81fe6a0?s=96&d=mm&r=g","caption":"Oltremare"},"url":""}]}},"_links":{"self":[{"href":"https:\/\/www.aics.gov.it\/oltremare\/wp-json\/wp\/v2\/posts\/16836","targetHints":{"allow":["GET"]}}],"collection":[{"href":"https:\/\/www.aics.gov.it\/oltremare\/wp-json\/wp\/v2\/posts"}],"about":[{"href":"https:\/\/www.aics.gov.it\/oltremare\/wp-json\/wp\/v2\/types\/post"}],"author":[{"embeddable":true,"href":"https:\/\/www.aics.gov.it\/oltremare\/wp-json\/wp\/v2\/users\/1"}],"replies":[{"embeddable":true,"href":"https:\/\/www.aics.gov.it\/oltremare\/wp-json\/wp\/v2\/comments?post=16836"}],"version-history":[{"count":4,"href":"https:\/\/www.aics.gov.it\/oltremare\/wp-json\/wp\/v2\/posts\/16836\/revisions"}],"predecessor-version":[{"id":16849,"href":"https:\/\/www.aics.gov.it\/oltremare\/wp-json\/wp\/v2\/posts\/16836\/revisions\/16849"}],"wp:featuredmedia":[{"embeddable":true,"href":"https:\/\/www.aics.gov.it\/oltremare\/wp-json\/wp\/v2\/media\/16841"}],"wp:attachment":[{"href":"https:\/\/www.aics.gov.it\/oltremare\/wp-json\/wp\/v2\/media?parent=16836"}],"wp:term":[{"taxonomy":"category","embeddable":true,"href":"https:\/\/www.aics.gov.it\/oltremare\/wp-json\/wp\/v2\/categories?post=16836"},{"taxonomy":"post_tag","embeddable":true,"href":"https:\/\/www.aics.gov.it\/oltremare\/wp-json\/wp\/v2\/tags?post=16836"}],"curies":[{"name":"wp","href":"https:\/\/api.w.org\/{rel}","templated":true}]}}