{"id":16881,"date":"2023-03-09T13:04:08","date_gmt":"2023-03-09T12:04:08","guid":{"rendered":"https:\/\/www.aics.gov.it\/oltremare\/?p=16881"},"modified":"2023-03-09T18:33:19","modified_gmt":"2023-03-09T17:33:19","slug":"marzo-2023-la-cooperazione-italiana-ed-europea-voista-dalla-stampa-africana","status":"publish","type":"post","link":"https:\/\/www.aics.gov.it\/oltremare\/rassegna-stampa\/marzo-2023-la-cooperazione-italiana-ed-europea-voista-dalla-stampa-africana\/","title":{"rendered":"<span style=\"color: #1D71B8; font-size: 13px;\">MARZO 2023<\/span><br> La cooperazione italiana ed europea vista dalla stampa africana"},"content":{"rendered":"<p><em>L&#8217;importante accordo di cooperazione tra Etiopia e Italia, un nuovo centro c<span class=\"HwtZe\" lang=\"it\"><span class=\"jCAhz ChMk0b\"><span class=\"ryNqvb\">entro di neonatologia<\/span><\/span><\/span> a Tunisi e le prime attivit\u00e0 della nuova sede estera di Niamey, in Niger, tra le notizie di questo mese<\/em><!--more-->I governi dell&#8217;<strong>Etiopia<\/strong> e dell&#8217;Italia hanno firmato un nuovo accordo di cooperazione per il triennio 2023-2025, con degli impegni finanziari di un importo complessivo di 180 milioni di euro. \u201cL&#8217;impegno finanziario, sotto forma di prestiti e sussidi a tasso ridotto, sar\u00e0 applicato alle attivit\u00e0 chiave nel contesto dello sviluppo economico e della creazione di posti di lavoro nei settori agricoli e industriali, nonch\u00e9 la fornitura di servizi di base nei settori della salute e istruzione &#8221; specifica una nota congiunta, citata dall&#8217;<a href=\"https:\/\/www.agenceecofin.com\/breves-gestion-publique\/0702-105245-l-ethiopie-et-l-italie-signent-un-accord-cadre-de-cooperation-de-180-millions-deuros-pour-la-periode-2023-2025\">Agenzia EcoFin<\/a>. L\u2019accordo che ha avuto risalto sui media etiopi come <a href=\"https:\/\/ethiopianmonitor.com\/2023\/02\/06\/ethiopia-italy-sign-180-euros-cooperation-framework-agreement\/\">Ethiopian Monitor<\/a> e in tutto il contiente, tramite piattaforme quali <a href=\"https:\/\/trendsnafrica.com\/ethiopian-italian-cooperation-framework-2023-2025-agreement-to-upgrade-bilateral-ties\/\">TrendsNAfrica<\/a> e<a href=\"https:\/\/allafrica.com\/stories\/202302080479.html\"> All Africa<\/a>.<\/p>\n<p>In <strong>Kenya<\/strong> Aics e Eni Kenya collaborano per costruire la resilienza contro il cambiamento climatico. La partnership mira a integrare gli agricoltori kenioti nella catena di approvvigionamento globale di bio-combustibile. Ecco come in questa intervista del giornale online keniano <a href=\"https:\/\/thebrief.co.ke\/science\/kenya-italy-and-eni-kenya-collaborate-to-build-resilience-against-climate-change\/\">The Brief\u00a0<\/a>a Luigi Luminari che per Aics Nairobi si occupa dei progetti agricoli.<\/p>\n<p>In <strong>Tunisia<\/strong> il noto <a href=\"https:\/\/lapresse.tn\/152733\/le-sous-secretaire-detat-italien-a-la-sante-en-tunisie-pour-prendre-part-a-levenement-du-projet-med-net-litalie-et-la-tunisie-ensemble-dans-le-domaine-de-la-medecine-et\/\">Quotidiano La Presse<\/a> racconta dell\u2019inaugurazione del Charles-Nicolle Hospital Neonatology Center di Tunisi, resa possibile grazie ad un aiuto di 2,8 milioni di euro della Cooperazione italiana. Sar\u00e0 il pi\u00f9 grande centro del Paese e ridurr\u00e0 significativamente il tasso di mortalit\u00e0 neonatale<\/p>\n<p>In fine segnaliamo <a href=\"https:\/\/www.aics.gov.it\/oltremare\/wp-content\/uploads\/2023\/03\/CAMPAGNE-NIGER-BIEN-SE-NOURIR.jpg\" target=\"_blank\" rel=\"noopener\"><strong>la campagna &#8220;Bien se nourrir pour bien vivre&#8221;<\/strong><\/a> promossa dalla Osc Acra in <strong>Ciad<\/strong> nell&#8217;ambito del progetto &#8220;Nutrire la citt\u00e0: Programma integrato per un&#8217;alimentazione sufficiente e di qualit\u00e0 delle popolazioni rifugiate e autoctone del 1\u00b0 municipio di N&#8217;Djamena&#8221;. L&#8217;obiettivo della campagna \u00e8 la sensibilizzazione alle buone pratiche alimentari attraverso spot radio, la realizzazione di un murale e una carovana di sensibilizzazione nei quartieri del primo distretto della citt\u00e0 di N&#8217;Djamena, capitale del Ciad, e realizzata in collaborazione con l&#8217;Osc Adrah. Una iniziativa dell\u2019ultima nata delle sedi estere Aics che ha iniziato il mese scorso le proprie attivit\u00e0 a <strong><a href=\"https:\/\/niamey.aics.gov.it\/\" target=\"_blank\" rel=\"noopener\">Niamey<\/a><\/strong>. La sede svolge le proprie attivit\u00e0 in Niger, Ciad e Camerun.<\/p>\n<p><strong>E benvenuti ai nostri colleghi e alle nostre colleghe<\/strong>!<\/p>\n","protected":false},"excerpt":{"rendered":"<p>L&#8217;importante accordo di cooperazione tra Etiopia e Italia, un nuovo centro centro di neonatologia a Tunisi e le prime attivit\u00e0 della nuova sede estera di Niamey, in Niger, tra le notizie di questo mese<\/p>\n","protected":false},"author":1,"featured_media":15959,"comment_status":"open","ping_status":"open","sticky":false,"template":"","format":"standard","meta":{"footnotes":""},"categories":[1150],"tags":[193,241,978,204,283,337,1277,1284,1142,424],"class_list":["post-16881","post","type-post","status-publish","format-standard","has-post-thumbnail","hentry","category-rassegna-stampa","tag-africa","tag-aics","tag-ciad","tag-cooperazione","tag-etiopia","tag-kenya","tag-marzo-2023","tag-niamey","tag-rassegna-stampa","tag-tunisia"],"yoast_head":"<!-- This site is optimized with the Yoast SEO plugin v27.4 - https:\/\/yoast.com\/product\/yoast-seo-wordpress\/ -->\n<title>MARZO 2023 La cooperazione italiana ed europea vista dalla stampa africana - Oltremare<\/title>\n<meta name=\"robots\" content=\"index, follow, max-snippet:-1, max-image-preview:large, max-video-preview:-1\" \/>\n<link rel=\"canonical\" href=\"https:\/\/www.aics.gov.it\/oltremare\/rassegna-stampa\/marzo-2023-la-cooperazione-italiana-ed-europea-voista-dalla-stampa-africana\/\" \/>\n<meta property=\"og:locale\" content=\"it_IT\" \/>\n<meta property=\"og:type\" content=\"article\" \/>\n<meta property=\"og:title\" content=\"MARZO 2023 La cooperazione italiana ed europea vista dalla stampa africana - Oltremare\" \/>\n<meta property=\"og:description\" content=\"L&#8217;importante accordo di cooperazione tra Etiopia e Italia, un nuovo centro centro di neonatologia a Tunisi e le prime attivit\u00e0 della nuova sede estera di Niamey, in Niger, tra le notizie di questo mese\" \/>\n<meta property=\"og:url\" content=\"https:\/\/www.aics.gov.it\/oltremare\/rassegna-stampa\/marzo-2023-la-cooperazione-italiana-ed-europea-voista-dalla-stampa-africana\/\" \/>\n<meta property=\"og:site_name\" content=\"Oltremare\" \/>\n<meta property=\"article:publisher\" content=\"https:\/\/www.facebook.com\/Agenzia-Italiana-per-la-Cooperazione-allo-Sviluppo-996004880482735\/\" \/>\n<meta property=\"article:published_time\" content=\"2023-03-09T12:04:08+00:00\" \/>\n<meta property=\"article:modified_time\" content=\"2023-03-09T17:33:19+00:00\" \/>\n<meta property=\"og:image\" content=\"https:\/\/www.aics.gov.it\/oltremare\/wp-content\/uploads\/2022\/09\/ewien-van-bergeijk-kwant-JWRFUKfGWSk-unsplash.jpg\" \/>\n\t<meta property=\"og:image:width\" content=\"2400\" \/>\n\t<meta property=\"og:image:height\" content=\"1600\" \/>\n\t<meta property=\"og:image:type\" content=\"image\/jpeg\" \/>\n<meta name=\"author\" content=\"Oltremare\" \/>\n<meta name=\"twitter:card\" content=\"summary_large_image\" \/>\n<meta name=\"twitter:creator\" content=\"@aics_it\" \/>\n<meta name=\"twitter:site\" content=\"@aics_it\" \/>\n<meta name=\"twitter:label1\" content=\"Scritto da\" \/>\n\t<meta name=\"twitter:data1\" content=\"Jean Claude Mbede Fouda\" \/>\n\t<meta name=\"twitter:label2\" content=\"Tempo di lettura stimato\" \/>\n\t<meta name=\"twitter:data2\" content=\"2 minuti\" \/>\n<script type=\"application\/ld+json\" class=\"yoast-schema-graph\">{\"@context\":\"https:\\\/\\\/schema.org\",\"@graph\":[{\"@type\":\"Article\",\"@id\":\"https:\\\/\\\/www.aics.gov.it\\\/oltremare\\\/rassegna-stampa\\\/marzo-2023-la-cooperazione-italiana-ed-europea-voista-dalla-stampa-africana\\\/#article\",\"isPartOf\":{\"@id\":\"https:\\\/\\\/www.aics.gov.it\\\/oltremare\\\/rassegna-stampa\\\/marzo-2023-la-cooperazione-italiana-ed-europea-voista-dalla-stampa-africana\\\/\"},\"author\":{\"name\":\"Oltremare\",\"@id\":\"https:\\\/\\\/www.aics.gov.it\\\/oltremare\\\/#\\\/schema\\\/person\\\/839e251090f440ea6a1f960a5050e424\"},\"headline\":\"MARZO 2023 La cooperazione italiana ed europea vista dalla stampa africana\",\"datePublished\":\"2023-03-09T12:04:08+00:00\",\"dateModified\":\"2023-03-09T17:33:19+00:00\",\"mainEntityOfPage\":{\"@id\":\"https:\\\/\\\/www.aics.gov.it\\\/oltremare\\\/rassegna-stampa\\\/marzo-2023-la-cooperazione-italiana-ed-europea-voista-dalla-stampa-africana\\\/\"},\"wordCount\":380,\"commentCount\":0,\"publisher\":{\"@id\":\"https:\\\/\\\/www.aics.gov.it\\\/oltremare\\\/#organization\"},\"image\":{\"@id\":\"https:\\\/\\\/www.aics.gov.it\\\/oltremare\\\/rassegna-stampa\\\/marzo-2023-la-cooperazione-italiana-ed-europea-voista-dalla-stampa-africana\\\/#primaryimage\"},\"thumbnailUrl\":\"https:\\\/\\\/www.aics.gov.it\\\/oltremare\\\/wp-content\\\/uploads\\\/2022\\\/09\\\/ewien-van-bergeijk-kwant-JWRFUKfGWSk-unsplash.jpg\",\"keywords\":[\"Africa\",\"Aics\",\"Ciad\",\"cooperazione\",\"Etiopia\",\"Kenya\",\"marzo 2023\",\"Niamey\",\"rassegna stampa\",\"Tunisia\"],\"articleSection\":[\"Rassegna Stampa\"],\"inLanguage\":\"it-IT\",\"potentialAction\":[{\"@type\":\"CommentAction\",\"name\":\"Comment\",\"target\":[\"https:\\\/\\\/www.aics.gov.it\\\/oltremare\\\/rassegna-stampa\\\/marzo-2023-la-cooperazione-italiana-ed-europea-voista-dalla-stampa-africana\\\/#respond\"]}]},{\"@type\":\"WebPage\",\"@id\":\"https:\\\/\\\/www.aics.gov.it\\\/oltremare\\\/rassegna-stampa\\\/marzo-2023-la-cooperazione-italiana-ed-europea-voista-dalla-stampa-africana\\\/\",\"url\":\"https:\\\/\\\/www.aics.gov.it\\\/oltremare\\\/rassegna-stampa\\\/marzo-2023-la-cooperazione-italiana-ed-europea-voista-dalla-stampa-africana\\\/\",\"name\":\"MARZO 2023 La cooperazione italiana ed europea vista dalla stampa africana - Oltremare\",\"isPartOf\":{\"@id\":\"https:\\\/\\\/www.aics.gov.it\\\/oltremare\\\/#website\"},\"primaryImageOfPage\":{\"@id\":\"https:\\\/\\\/www.aics.gov.it\\\/oltremare\\\/rassegna-stampa\\\/marzo-2023-la-cooperazione-italiana-ed-europea-voista-dalla-stampa-africana\\\/#primaryimage\"},\"image\":{\"@id\":\"https:\\\/\\\/www.aics.gov.it\\\/oltremare\\\/rassegna-stampa\\\/marzo-2023-la-cooperazione-italiana-ed-europea-voista-dalla-stampa-africana\\\/#primaryimage\"},\"thumbnailUrl\":\"https:\\\/\\\/www.aics.gov.it\\\/oltremare\\\/wp-content\\\/uploads\\\/2022\\\/09\\\/ewien-van-bergeijk-kwant-JWRFUKfGWSk-unsplash.jpg\",\"datePublished\":\"2023-03-09T12:04:08+00:00\",\"dateModified\":\"2023-03-09T17:33:19+00:00\",\"breadcrumb\":{\"@id\":\"https:\\\/\\\/www.aics.gov.it\\\/oltremare\\\/rassegna-stampa\\\/marzo-2023-la-cooperazione-italiana-ed-europea-voista-dalla-stampa-africana\\\/#breadcrumb\"},\"inLanguage\":\"it-IT\",\"potentialAction\":[{\"@type\":\"ReadAction\",\"target\":[\"https:\\\/\\\/www.aics.gov.it\\\/oltremare\\\/rassegna-stampa\\\/marzo-2023-la-cooperazione-italiana-ed-europea-voista-dalla-stampa-africana\\\/\"]}]},{\"@type\":\"ImageObject\",\"inLanguage\":\"it-IT\",\"@id\":\"https:\\\/\\\/www.aics.gov.it\\\/oltremare\\\/rassegna-stampa\\\/marzo-2023-la-cooperazione-italiana-ed-europea-voista-dalla-stampa-africana\\\/#primaryimage\",\"url\":\"https:\\\/\\\/www.aics.gov.it\\\/oltremare\\\/wp-content\\\/uploads\\\/2022\\\/09\\\/ewien-van-bergeijk-kwant-JWRFUKfGWSk-unsplash.jpg\",\"contentUrl\":\"https:\\\/\\\/www.aics.gov.it\\\/oltremare\\\/wp-content\\\/uploads\\\/2022\\\/09\\\/ewien-van-bergeijk-kwant-JWRFUKfGWSk-unsplash.jpg\",\"width\":2400,\"height\":1600,\"caption\":\"Rassega-stampa-giornali\"},{\"@type\":\"BreadcrumbList\",\"@id\":\"https:\\\/\\\/www.aics.gov.it\\\/oltremare\\\/rassegna-stampa\\\/marzo-2023-la-cooperazione-italiana-ed-europea-voista-dalla-stampa-africana\\\/#breadcrumb\",\"itemListElement\":[{\"@type\":\"ListItem\",\"position\":1,\"name\":\"Home\",\"item\":\"https:\\\/\\\/www.aics.gov.it\\\/oltremare\\\/\"},{\"@type\":\"ListItem\",\"position\":2,\"name\":\"MARZO 2023 La cooperazione italiana ed europea vista dalla stampa africana\"}]},{\"@type\":\"WebSite\",\"@id\":\"https:\\\/\\\/www.aics.gov.it\\\/oltremare\\\/#website\",\"url\":\"https:\\\/\\\/www.aics.gov.it\\\/oltremare\\\/\",\"name\":\"Oltremare\",\"description\":\"Il Blog della cooperazione\",\"publisher\":{\"@id\":\"https:\\\/\\\/www.aics.gov.it\\\/oltremare\\\/#organization\"},\"potentialAction\":[{\"@type\":\"SearchAction\",\"target\":{\"@type\":\"EntryPoint\",\"urlTemplate\":\"https:\\\/\\\/www.aics.gov.it\\\/oltremare\\\/?s={search_term_string}\"},\"query-input\":{\"@type\":\"PropertyValueSpecification\",\"valueRequired\":true,\"valueName\":\"search_term_string\"}}],\"inLanguage\":\"it-IT\"},{\"@type\":\"Organization\",\"@id\":\"https:\\\/\\\/www.aics.gov.it\\\/oltremare\\\/#organization\",\"name\":\"Agenzia Italiana per la Cooperazione allo Sviluppo\",\"url\":\"https:\\\/\\\/www.aics.gov.it\\\/oltremare\\\/\",\"logo\":{\"@type\":\"ImageObject\",\"inLanguage\":\"it-IT\",\"@id\":\"https:\\\/\\\/www.aics.gov.it\\\/oltremare\\\/#\\\/schema\\\/logo\\\/image\\\/\",\"url\":\"https:\\\/\\\/www.aics.gov.it\\\/oltremare\\\/wp-content\\\/uploads\\\/2018\\\/02\\\/AICS_HEADER_530x130_EC1-e1518178146163.jpg\",\"contentUrl\":\"https:\\\/\\\/www.aics.gov.it\\\/oltremare\\\/wp-content\\\/uploads\\\/2018\\\/02\\\/AICS_HEADER_530x130_EC1-e1518178146163.jpg\",\"width\":300,\"height\":74,\"caption\":\"Agenzia Italiana per la Cooperazione allo Sviluppo\"},\"image\":{\"@id\":\"https:\\\/\\\/www.aics.gov.it\\\/oltremare\\\/#\\\/schema\\\/logo\\\/image\\\/\"},\"sameAs\":[\"https:\\\/\\\/www.facebook.com\\\/Agenzia-Italiana-per-la-Cooperazione-allo-Sviluppo-996004880482735\\\/\",\"https:\\\/\\\/x.com\\\/aics_it\",\"https:\\\/\\\/www.instagram.com\\\/aics_cooperazione_it\\\/\",\"https:\\\/\\\/www.youtube.com\\\/channel\\\/UCbssygnjreKD1Se1mDeCQ5w\"]},{\"@type\":\"Person\",\"@id\":\"https:\\\/\\\/www.aics.gov.it\\\/oltremare\\\/#\\\/schema\\\/person\\\/839e251090f440ea6a1f960a5050e424\",\"name\":\"Oltremare\",\"image\":{\"@type\":\"ImageObject\",\"inLanguage\":\"it-IT\",\"@id\":\"https:\\\/\\\/secure.gravatar.com\\\/avatar\\\/5bdd54efc610ff3db8c53755c1599daf68165eb144e678103c1ac46fb81fe6a0?s=96&d=mm&r=g\",\"url\":\"https:\\\/\\\/secure.gravatar.com\\\/avatar\\\/5bdd54efc610ff3db8c53755c1599daf68165eb144e678103c1ac46fb81fe6a0?s=96&d=mm&r=g\",\"contentUrl\":\"https:\\\/\\\/secure.gravatar.com\\\/avatar\\\/5bdd54efc610ff3db8c53755c1599daf68165eb144e678103c1ac46fb81fe6a0?s=96&d=mm&r=g\",\"caption\":\"Oltremare\"},\"url\":\"\"}]}<\/script>\n<!-- \/ Yoast SEO plugin. -->","yoast_head_json":{"title":"MARZO 2023 La cooperazione italiana ed europea vista dalla stampa africana - Oltremare","robots":{"index":"index","follow":"follow","max-snippet":"max-snippet:-1","max-image-preview":"max-image-preview:large","max-video-preview":"max-video-preview:-1"},"canonical":"https:\/\/www.aics.gov.it\/oltremare\/rassegna-stampa\/marzo-2023-la-cooperazione-italiana-ed-europea-voista-dalla-stampa-africana\/","og_locale":"it_IT","og_type":"article","og_title":"MARZO 2023 La cooperazione italiana ed europea vista dalla stampa africana - Oltremare","og_description":"L&#8217;importante accordo di cooperazione tra Etiopia e Italia, un nuovo centro centro di neonatologia a Tunisi e le prime attivit\u00e0 della nuova sede estera di Niamey, in Niger, tra le notizie di questo mese","og_url":"https:\/\/www.aics.gov.it\/oltremare\/rassegna-stampa\/marzo-2023-la-cooperazione-italiana-ed-europea-voista-dalla-stampa-africana\/","og_site_name":"Oltremare","article_publisher":"https:\/\/www.facebook.com\/Agenzia-Italiana-per-la-Cooperazione-allo-Sviluppo-996004880482735\/","article_published_time":"2023-03-09T12:04:08+00:00","article_modified_time":"2023-03-09T17:33:19+00:00","og_image":[{"width":2400,"height":1600,"url":"https:\/\/www.aics.gov.it\/oltremare\/wp-content\/uploads\/2022\/09\/ewien-van-bergeijk-kwant-JWRFUKfGWSk-unsplash.jpg","type":"image\/jpeg"}],"author":"Oltremare","twitter_card":"summary_large_image","twitter_creator":"@aics_it","twitter_site":"@aics_it","twitter_misc":{"Scritto da":"Jean Claude Mbede Fouda","Tempo di lettura stimato":"2 minuti"},"schema":{"@context":"https:\/\/schema.org","@graph":[{"@type":"Article","@id":"https:\/\/www.aics.gov.it\/oltremare\/rassegna-stampa\/marzo-2023-la-cooperazione-italiana-ed-europea-voista-dalla-stampa-africana\/#article","isPartOf":{"@id":"https:\/\/www.aics.gov.it\/oltremare\/rassegna-stampa\/marzo-2023-la-cooperazione-italiana-ed-europea-voista-dalla-stampa-africana\/"},"author":{"name":"Oltremare","@id":"https:\/\/www.aics.gov.it\/oltremare\/#\/schema\/person\/839e251090f440ea6a1f960a5050e424"},"headline":"MARZO 2023 La cooperazione italiana ed europea vista dalla stampa africana","datePublished":"2023-03-09T12:04:08+00:00","dateModified":"2023-03-09T17:33:19+00:00","mainEntityOfPage":{"@id":"https:\/\/www.aics.gov.it\/oltremare\/rassegna-stampa\/marzo-2023-la-cooperazione-italiana-ed-europea-voista-dalla-stampa-africana\/"},"wordCount":380,"commentCount":0,"publisher":{"@id":"https:\/\/www.aics.gov.it\/oltremare\/#organization"},"image":{"@id":"https:\/\/www.aics.gov.it\/oltremare\/rassegna-stampa\/marzo-2023-la-cooperazione-italiana-ed-europea-voista-dalla-stampa-africana\/#primaryimage"},"thumbnailUrl":"https:\/\/www.aics.gov.it\/oltremare\/wp-content\/uploads\/2022\/09\/ewien-van-bergeijk-kwant-JWRFUKfGWSk-unsplash.jpg","keywords":["Africa","Aics","Ciad","cooperazione","Etiopia","Kenya","marzo 2023","Niamey","rassegna stampa","Tunisia"],"articleSection":["Rassegna Stampa"],"inLanguage":"it-IT","potentialAction":[{"@type":"CommentAction","name":"Comment","target":["https:\/\/www.aics.gov.it\/oltremare\/rassegna-stampa\/marzo-2023-la-cooperazione-italiana-ed-europea-voista-dalla-stampa-africana\/#respond"]}]},{"@type":"WebPage","@id":"https:\/\/www.aics.gov.it\/oltremare\/rassegna-stampa\/marzo-2023-la-cooperazione-italiana-ed-europea-voista-dalla-stampa-africana\/","url":"https:\/\/www.aics.gov.it\/oltremare\/rassegna-stampa\/marzo-2023-la-cooperazione-italiana-ed-europea-voista-dalla-stampa-africana\/","name":"MARZO 2023 La cooperazione italiana ed europea vista dalla stampa africana - Oltremare","isPartOf":{"@id":"https:\/\/www.aics.gov.it\/oltremare\/#website"},"primaryImageOfPage":{"@id":"https:\/\/www.aics.gov.it\/oltremare\/rassegna-stampa\/marzo-2023-la-cooperazione-italiana-ed-europea-voista-dalla-stampa-africana\/#primaryimage"},"image":{"@id":"https:\/\/www.aics.gov.it\/oltremare\/rassegna-stampa\/marzo-2023-la-cooperazione-italiana-ed-europea-voista-dalla-stampa-africana\/#primaryimage"},"thumbnailUrl":"https:\/\/www.aics.gov.it\/oltremare\/wp-content\/uploads\/2022\/09\/ewien-van-bergeijk-kwant-JWRFUKfGWSk-unsplash.jpg","datePublished":"2023-03-09T12:04:08+00:00","dateModified":"2023-03-09T17:33:19+00:00","breadcrumb":{"@id":"https:\/\/www.aics.gov.it\/oltremare\/rassegna-stampa\/marzo-2023-la-cooperazione-italiana-ed-europea-voista-dalla-stampa-africana\/#breadcrumb"},"inLanguage":"it-IT","potentialAction":[{"@type":"ReadAction","target":["https:\/\/www.aics.gov.it\/oltremare\/rassegna-stampa\/marzo-2023-la-cooperazione-italiana-ed-europea-voista-dalla-stampa-africana\/"]}]},{"@type":"ImageObject","inLanguage":"it-IT","@id":"https:\/\/www.aics.gov.it\/oltremare\/rassegna-stampa\/marzo-2023-la-cooperazione-italiana-ed-europea-voista-dalla-stampa-africana\/#primaryimage","url":"https:\/\/www.aics.gov.it\/oltremare\/wp-content\/uploads\/2022\/09\/ewien-van-bergeijk-kwant-JWRFUKfGWSk-unsplash.jpg","contentUrl":"https:\/\/www.aics.gov.it\/oltremare\/wp-content\/uploads\/2022\/09\/ewien-van-bergeijk-kwant-JWRFUKfGWSk-unsplash.jpg","width":2400,"height":1600,"caption":"Rassega-stampa-giornali"},{"@type":"BreadcrumbList","@id":"https:\/\/www.aics.gov.it\/oltremare\/rassegna-stampa\/marzo-2023-la-cooperazione-italiana-ed-europea-voista-dalla-stampa-africana\/#breadcrumb","itemListElement":[{"@type":"ListItem","position":1,"name":"Home","item":"https:\/\/www.aics.gov.it\/oltremare\/"},{"@type":"ListItem","position":2,"name":"MARZO 2023 La cooperazione italiana ed europea vista dalla stampa africana"}]},{"@type":"WebSite","@id":"https:\/\/www.aics.gov.it\/oltremare\/#website","url":"https:\/\/www.aics.gov.it\/oltremare\/","name":"Oltremare","description":"Il Blog della cooperazione","publisher":{"@id":"https:\/\/www.aics.gov.it\/oltremare\/#organization"},"potentialAction":[{"@type":"SearchAction","target":{"@type":"EntryPoint","urlTemplate":"https:\/\/www.aics.gov.it\/oltremare\/?s={search_term_string}"},"query-input":{"@type":"PropertyValueSpecification","valueRequired":true,"valueName":"search_term_string"}}],"inLanguage":"it-IT"},{"@type":"Organization","@id":"https:\/\/www.aics.gov.it\/oltremare\/#organization","name":"Agenzia Italiana per la Cooperazione allo Sviluppo","url":"https:\/\/www.aics.gov.it\/oltremare\/","logo":{"@type":"ImageObject","inLanguage":"it-IT","@id":"https:\/\/www.aics.gov.it\/oltremare\/#\/schema\/logo\/image\/","url":"https:\/\/www.aics.gov.it\/oltremare\/wp-content\/uploads\/2018\/02\/AICS_HEADER_530x130_EC1-e1518178146163.jpg","contentUrl":"https:\/\/www.aics.gov.it\/oltremare\/wp-content\/uploads\/2018\/02\/AICS_HEADER_530x130_EC1-e1518178146163.jpg","width":300,"height":74,"caption":"Agenzia Italiana per la Cooperazione allo Sviluppo"},"image":{"@id":"https:\/\/www.aics.gov.it\/oltremare\/#\/schema\/logo\/image\/"},"sameAs":["https:\/\/www.facebook.com\/Agenzia-Italiana-per-la-Cooperazione-allo-Sviluppo-996004880482735\/","https:\/\/x.com\/aics_it","https:\/\/www.instagram.com\/aics_cooperazione_it\/","https:\/\/www.youtube.com\/channel\/UCbssygnjreKD1Se1mDeCQ5w"]},{"@type":"Person","@id":"https:\/\/www.aics.gov.it\/oltremare\/#\/schema\/person\/839e251090f440ea6a1f960a5050e424","name":"Oltremare","image":{"@type":"ImageObject","inLanguage":"it-IT","@id":"https:\/\/secure.gravatar.com\/avatar\/5bdd54efc610ff3db8c53755c1599daf68165eb144e678103c1ac46fb81fe6a0?s=96&d=mm&r=g","url":"https:\/\/secure.gravatar.com\/avatar\/5bdd54efc610ff3db8c53755c1599daf68165eb144e678103c1ac46fb81fe6a0?s=96&d=mm&r=g","contentUrl":"https:\/\/secure.gravatar.com\/avatar\/5bdd54efc610ff3db8c53755c1599daf68165eb144e678103c1ac46fb81fe6a0?s=96&d=mm&r=g","caption":"Oltremare"},"url":""}]}},"_links":{"self":[{"href":"https:\/\/www.aics.gov.it\/oltremare\/wp-json\/wp\/v2\/posts\/16881","targetHints":{"allow":["GET"]}}],"collection":[{"href":"https:\/\/www.aics.gov.it\/oltremare\/wp-json\/wp\/v2\/posts"}],"about":[{"href":"https:\/\/www.aics.gov.it\/oltremare\/wp-json\/wp\/v2\/types\/post"}],"author":[{"embeddable":true,"href":"https:\/\/www.aics.gov.it\/oltremare\/wp-json\/wp\/v2\/users\/1"}],"replies":[{"embeddable":true,"href":"https:\/\/www.aics.gov.it\/oltremare\/wp-json\/wp\/v2\/comments?post=16881"}],"version-history":[{"count":7,"href":"https:\/\/www.aics.gov.it\/oltremare\/wp-json\/wp\/v2\/posts\/16881\/revisions"}],"predecessor-version":[{"id":16924,"href":"https:\/\/www.aics.gov.it\/oltremare\/wp-json\/wp\/v2\/posts\/16881\/revisions\/16924"}],"wp:featuredmedia":[{"embeddable":true,"href":"https:\/\/www.aics.gov.it\/oltremare\/wp-json\/wp\/v2\/media\/15959"}],"wp:attachment":[{"href":"https:\/\/www.aics.gov.it\/oltremare\/wp-json\/wp\/v2\/media?parent=16881"}],"wp:term":[{"taxonomy":"category","embeddable":true,"href":"https:\/\/www.aics.gov.it\/oltremare\/wp-json\/wp\/v2\/categories?post=16881"},{"taxonomy":"post_tag","embeddable":true,"href":"https:\/\/www.aics.gov.it\/oltremare\/wp-json\/wp\/v2\/tags?post=16881"}],"curies":[{"name":"wp","href":"https:\/\/api.w.org\/{rel}","templated":true}]}}