{"id":16955,"date":"2023-03-30T16:29:07","date_gmt":"2023-03-30T14:29:07","guid":{"rendered":"https:\/\/www.aics.gov.it\/oltremare\/?p=16955"},"modified":"2023-04-07T13:10:48","modified_gmt":"2023-04-07T11:10:48","slug":"uganda-la-voce-di-grace-dal-campo-profughi-di-elema-una-storia-di-rinascita","status":"publish","type":"post","link":"https:\/\/www.aics.gov.it\/oltremare\/voci-dal-campo\/uganda-la-voce-di-grace-dal-campo-profughi-di-elema-una-storia-di-rinascita\/","title":{"rendered":"<span style=\"color: #1D71B8; font-size: 13px;\">UGANDA<\/span><br>La voce di Grace dal campo profughi di Elema: una storia di rinascita"},"content":{"rendered":"<p><em> Nei campi in Uganda trovano riparo migliaia di rifugiati provenienti principalmente dal confinante Sud Sudan. Qui una di loro ha stabilito la sua nuova casa ed \u00e8 diventata leader della comunit\u00e0<br \/>\n<\/em><\/p>\n<p><!--more--><\/p>\n<p>Grace ha 35 anni, gli occhi profondi e un sorriso gentile, come i suoi cinque figli. Ci racconta che<strong> ha lasciato il Sud Sudan<\/strong>, Paese dove \u00e8 nata, quando aveva poco pi\u00f9 di cinque anni e insieme ai suoi genitori <strong>\u00e8 fuggita alla ricerca di protezione nel confinante distretto di Adjumani<\/strong>, Uganda del Nord. All\u2019epoca il Sud Sudan non era ancora indipendente ed era lacerato dalla seconda guerra civile, durata oltre vent\u2019anni.<\/p>\n<p>Oggi <strong>Grace \u00e8 leader comunitaria nel campo profughi di Elema<\/strong>, dove risiedono circa 1.200 rifugiati provenienti in larga parte dal Sud Sudan. Non ricorda \u2013 o forse non vuole ricordare \u2013 i dettagli della fuga e del suo primo arrivo in Uganda. Ci racconta invece che da quando \u00e8 entrata nel Paese, ha avuto la possibilit\u00e0 di frequentare la scuola primaria, all\u2019interno dello stesso campo, e secondaria, localizzata nel centro cittadino pi\u00f9 vicino. &#8220;In questo Paese sono cresciuta e diventata adulta&#8221;, dice Grace sorridendo. Ci racconta che da quando si \u00e8 stabilita ad Elema non \u00e8 pi\u00f9 tornata a casa, confermando la condizione di progressiva sedentarizzazione dei rifugiati sud sudanesi, legata al protarsi delle condizioni di insicurezza in Sud Sudan.<\/p>\n<div id=\"attachment_17001\" style=\"width: 1034px\" class=\"wp-caption alignnone\"><img loading=\"lazy\" decoding=\"async\" aria-describedby=\"caption-attachment-17001\" class=\"wp-image-17001 size-large\" src=\"https:\/\/www.aics.gov.it\/oltremare\/wp-content\/uploads\/2023\/03\/6-1-1024x683.jpg\" alt=\"Grace mostra la sua abitazione costruita nel campo di Elema\" width=\"1024\" height=\"683\" srcset=\"https:\/\/www.aics.gov.it\/oltremare\/wp-content\/uploads\/2023\/03\/6-1-1024x683.jpg 1024w, https:\/\/www.aics.gov.it\/oltremare\/wp-content\/uploads\/2023\/03\/6-1-600x400.jpg 600w, https:\/\/www.aics.gov.it\/oltremare\/wp-content\/uploads\/2023\/03\/6-1-768x512.jpg 768w, https:\/\/www.aics.gov.it\/oltremare\/wp-content\/uploads\/2023\/03\/6-1-1536x1024.jpg 1536w\" sizes=\"auto, (max-width: 1024px) 100vw, 1024px\" \/><p id=\"caption-attachment-17001\" class=\"wp-caption-text\">Grace ci mostra la sua abitazione costruita nel campo di Elema. <span lang=\"it\"><span class=\"ILfuVd\" lang=\"it\"><span class=\"hgKElc\">\u00a9<\/span><\/span> Aics Nairobi\/M. Watsemba<\/span><\/p><\/div>\n<p>Come vicedirettrice del Comitato di benessere dei rifugiati, Grace ha anche il ruolo di assicurare una convivenza pacifica tra comunit\u00e0 rifugiate e comunit\u00e0 ospitanti ugandesi attraverso una <strong>continua opera di mediazione<\/strong>: l\u2019uso congiunto delle risorse naturali infatti spesso crea tensioni tra i due gruppi, anche a fronte dell\u2019enorme numero di rifugiati che ospita l\u2019Uganda, in misura sempre maggiore. Si tratta del <a href=\"https:\/\/www.treccani.it\/magazine\/atlante\/geopolitica\/Uganda_Paese_accoglie.html\" target=\"_blank\" rel=\"noopener\"><strong>primo Paese in Africa e tra i primi tre nel mondo per accoglienza di rifugiati<\/strong><\/a>: la cifra stimata \u00e8 di<strong> 1,6 milioni di persone<\/strong>, di cui la maggior parte proveniente dal confinante Sud Sudan. Il Paese \u00e8 ancora sconvolto da una guerra civile durata cinque anni, da tensioni interne e da anni consecutivi di inondazioni record che hanno provocato una delle pi\u00f9 gravi crisi umanitarie del continente, con circa<strong> 2 milioni di sfollati interni e 2,2 milioni in cerca di protezione verso i paesi limitrofi<\/strong>. Secondo i dati dell&#8217;Alto commissariato delle Nazioni Unite per i rifugiati (Unhcr), <strong>nei 18 campi del distretto di Adjumani<\/strong> a dicembre 2022 risultavano registrati circa <strong>280.000 tra richiedenti asilo e rifugiati<\/strong>, di cui l\u201986% donne e bambini.<\/p>\n<p>Anche a Grace, come ad ogni altro profugo regolarmente registrato nel Paese, il governo ugandese ha assegnato un appezzamento di terreno e i materiali per costruirsi un\u2019abitazione; quando le chiediamo di mostrarci la sua casa, ci accompagna con orgoglio verso la sua abitazione, dove vive con la famiglia. La cosa che ci colpisce di pi\u00f9, mentre ci muoviamo tra i diversi campi che visitiamo nel distretto di Adjumani, \u00e8 che risulta difficile accorgersi della differenza tra villaggi ugandesi e campi rifugiati, dal momento che questi sembrano estensioni del territorio circostante: stesse casette ordinate, stesse strade battute e polverose di terra rossa, stessi mercatini colorati. Anche qui, <strong>l\u2019attivit\u00e0 principale \u00e8 l\u2019agricoltura<\/strong>.<\/p>\n<div id=\"attachment_16999\" style=\"width: 1034px\" class=\"wp-caption alignnone\"><img loading=\"lazy\" decoding=\"async\" aria-describedby=\"caption-attachment-16999\" class=\"wp-image-16999 size-large\" src=\"https:\/\/www.aics.gov.it\/oltremare\/wp-content\/uploads\/2023\/03\/2-1-1024x683.jpg\" alt=\"Uno dei centri di aggregazione rinnovati da Aics presso il Campo di Nyumanzi, Nord Uganda\" width=\"1024\" height=\"683\" srcset=\"https:\/\/www.aics.gov.it\/oltremare\/wp-content\/uploads\/2023\/03\/2-1-1024x683.jpg 1024w, https:\/\/www.aics.gov.it\/oltremare\/wp-content\/uploads\/2023\/03\/2-1-600x400.jpg 600w, https:\/\/www.aics.gov.it\/oltremare\/wp-content\/uploads\/2023\/03\/2-1-768x512.jpg 768w, https:\/\/www.aics.gov.it\/oltremare\/wp-content\/uploads\/2023\/03\/2-1-1536x1024.jpg 1536w\" sizes=\"auto, (max-width: 1024px) 100vw, 1024px\" \/><p id=\"caption-attachment-16999\" class=\"wp-caption-text\">Uno dei centri di aggregazione rinnovati da Aics presso il Campo di Nyumanzi, Nord Uganda. <span lang=\"it\"><span class=\"ILfuVd\" lang=\"it\"><span class=\"hgKElc\">\u00a9<\/span><\/span> Aics Nairobi\/M. Watsemba<\/span><\/p><\/div>\n<p>Il campo di Elema \u00e8 uno di quelli dove interviene l\u2019Agenzia Italiana per la Cooperazione allo Sviluppo (Aics) con <strong>un\u2019iniziativa di emergenza<\/strong> realizzata da Africa Mission \u2013 Cooperazione e Sviluppo (C&amp;S) con Jesuit Refugee Service (Jrs) per favorire l\u2019integrazione delle popolazioni sud sudanesi sfollate, ritornanti e rifugiate attraverso attivit\u00e0 di formazione e di creazione di impresa per i giovani, sviluppando opportunit\u00e0 di guadagno e sostentamento. Nel campo di Elema, ad esempio, l\u2019Agenzia ha sostenuto la costruzione di punti di accesso ad acqua potabile e interverr\u00e0 per rinnovare un centro di aggregazione giovanile dove verranno realizzate attivit\u00e0 ricreative per la comunit\u00e0.<\/p>\n<div id=\"attachment_17000\" style=\"width: 1034px\" class=\"wp-caption alignnone\"><img loading=\"lazy\" decoding=\"async\" aria-describedby=\"caption-attachment-17000\" class=\"wp-image-17000 size-large\" src=\"https:\/\/www.aics.gov.it\/oltremare\/wp-content\/uploads\/2023\/03\/5-1-1024x683.jpg\" alt=\"I bambini del campo profughi di Elema al punto di accesso acqua realizzato da Aics tramite Africa Mission - Cooperazione e Sviluppo \" width=\"1024\" height=\"683\" srcset=\"https:\/\/www.aics.gov.it\/oltremare\/wp-content\/uploads\/2023\/03\/5-1-1024x683.jpg 1024w, https:\/\/www.aics.gov.it\/oltremare\/wp-content\/uploads\/2023\/03\/5-1-600x400.jpg 600w, https:\/\/www.aics.gov.it\/oltremare\/wp-content\/uploads\/2023\/03\/5-1-768x512.jpg 768w, https:\/\/www.aics.gov.it\/oltremare\/wp-content\/uploads\/2023\/03\/5-1-1536x1024.jpg 1536w\" sizes=\"auto, (max-width: 1024px) 100vw, 1024px\" \/><p id=\"caption-attachment-17000\" class=\"wp-caption-text\">I bambini del campo profughi di Elema al punto di accesso acqua realizzato da Aics tramite Africa Mission &#8211; Cooperazione e Svilupo. <span lang=\"it\"><span class=\"ILfuVd\" lang=\"it\"><span class=\"hgKElc\">\u00a9<\/span><\/span> Aics Nairobi\/M. Watsemba<\/span><\/p><\/div>\n<p>\u201cIl sistema di accoglienza ugandese funziona\u201d, conferma Grace, \u201ce riesce a far sentire i rifugiati a proprio agio, senza che siano segregati. Abbiamo libert\u00e0 di movimento, possibilit\u00e0 di frequentare scuole e accedere ai servizi di base\u201d. In effetti, per quello che abbiamo potuto vedere ci sembra che il meccanismo sia efficiente: i rifugiati che entrano nel Paese, una volta passata la frontiera, <strong>hanno la possibilit\u00e0 di registrarsi presso i centri di accoglienz<\/strong>a dislocati sul territorio e gestiti dall\u2019ufficio del primo ministro ugandese, che insieme a Unhcr e ad un team medico si occupa di fare la prima registrazione in una piattaforma globale che permette anche alle autorit\u00e0 competenti di svolgere controlli di sicurezza. Dopo un primo ristoro, i profughi vengono inviati in un secondo centro, dove possono soggiornare qualche giorno e dove ricevono razioni di cibo dal Programma alimentare mondiale (Pam), prima di essere assegnati ad uno dei campi del distretto. Come il campo di Elema, che per\u00f2, come ci dice Grace, \u00e8 a piena capienza e dal 2014 non pu\u00f2 pi\u00f9 accogliere nessuno.<\/p>\n<p>\u201cLe tensioni con le comunit\u00e0 ospitanti esistono e sono legati principalmente all\u2019uso della terra, ma ci sono anche casi di collaborazione e convivenza pacifica\u201d, prosegue Grace. \u201c<strong>I nostri figli spesso giocano insieme<\/strong>, e ci sono anche esempi di utilizzo congiunto di risorse senza tensioni, come accade con il nuovo punto di accesso all\u2019acqua realizzato dalla cooperazione. Ci riteniamo molto fortunati e felici di poterlo utilizzare\u201d.<\/p>\n","protected":false},"excerpt":{"rendered":"<p>Nei campi in Uganda trovano riparo migliaia di rifugiati provenienti principalmente dal confinante Sud Sudan. Qui una di loro ha stabilito la sua nuova casa ed \u00e8 diventata leader della comunit\u00e0<\/p>\n","protected":false},"author":1,"featured_media":17002,"comment_status":"open","ping_status":"open","sticky":false,"template":"","format":"standard","meta":{"footnotes":""},"categories":[139],"tags":[1077,1306,1292,337,298,1110,616],"class_list":["post-16955","post","type-post","status-publish","format-standard","has-post-thumbnail","hentry","category-voci-dal-campo","tag-aics-nairobi","tag-elema","tag-grace","tag-kenya","tag-rifugiati","tag-sud-sudan","tag-uganda"],"yoast_head":"<!-- This site is optimized with the Yoast SEO plugin v27.5 - https:\/\/yoast.com\/product\/yoast-seo-wordpress\/ -->\n<title>UGANDALa voce di Grace dal campo profughi di Elema: una storia di rinascita - Oltremare<\/title>\n<meta name=\"robots\" content=\"index, follow, max-snippet:-1, max-image-preview:large, max-video-preview:-1\" \/>\n<link rel=\"canonical\" href=\"https:\/\/www.aics.gov.it\/oltremare\/voci-dal-campo\/uganda-la-voce-di-grace-dal-campo-profughi-di-elema-una-storia-di-rinascita\/\" \/>\n<meta property=\"og:locale\" content=\"it_IT\" \/>\n<meta property=\"og:type\" content=\"article\" \/>\n<meta property=\"og:title\" content=\"UGANDALa voce di Grace dal campo profughi di Elema: una storia di rinascita - Oltremare\" \/>\n<meta property=\"og:description\" content=\"Nei campi in Uganda trovano riparo migliaia di rifugiati provenienti principalmente dal confinante Sud Sudan. Qui una di loro ha stabilito la sua nuova casa ed \u00e8 diventata leader della comunit\u00e0\" \/>\n<meta property=\"og:url\" content=\"https:\/\/www.aics.gov.it\/oltremare\/voci-dal-campo\/uganda-la-voce-di-grace-dal-campo-profughi-di-elema-una-storia-di-rinascita\/\" \/>\n<meta property=\"og:site_name\" content=\"Oltremare\" \/>\n<meta property=\"article:publisher\" content=\"https:\/\/www.facebook.com\/Agenzia-Italiana-per-la-Cooperazione-allo-Sviluppo-996004880482735\/\" \/>\n<meta property=\"article:published_time\" content=\"2023-03-30T14:29:07+00:00\" \/>\n<meta property=\"article:modified_time\" content=\"2023-04-07T11:10:48+00:00\" \/>\n<meta property=\"og:image\" content=\"https:\/\/www.aics.gov.it\/oltremare\/wp-content\/uploads\/2023\/03\/8-scaled.jpg\" \/>\n\t<meta property=\"og:image:width\" content=\"2560\" \/>\n\t<meta property=\"og:image:height\" content=\"1707\" \/>\n\t<meta property=\"og:image:type\" content=\"image\/jpeg\" \/>\n<meta name=\"author\" content=\"Oltremare\" \/>\n<meta name=\"twitter:card\" content=\"summary_large_image\" \/>\n<meta name=\"twitter:creator\" content=\"@aics_it\" \/>\n<meta name=\"twitter:site\" content=\"@aics_it\" \/>\n<meta name=\"twitter:label1\" content=\"Scritto da\" \/>\n\t<meta name=\"twitter:data1\" content=\"Martina Bolognesi, Communication officer Aics Nairobi\" \/>\n\t<meta name=\"twitter:label2\" content=\"Tempo di lettura stimato\" \/>\n\t<meta name=\"twitter:data2\" content=\"6 minuti\" \/>\n<script type=\"application\/ld+json\" class=\"yoast-schema-graph\">{\"@context\":\"https:\\\/\\\/schema.org\",\"@graph\":[{\"@type\":\"Article\",\"@id\":\"https:\\\/\\\/www.aics.gov.it\\\/oltremare\\\/voci-dal-campo\\\/uganda-la-voce-di-grace-dal-campo-profughi-di-elema-una-storia-di-rinascita\\\/#article\",\"isPartOf\":{\"@id\":\"https:\\\/\\\/www.aics.gov.it\\\/oltremare\\\/voci-dal-campo\\\/uganda-la-voce-di-grace-dal-campo-profughi-di-elema-una-storia-di-rinascita\\\/\"},\"author\":{\"name\":\"Oltremare\",\"@id\":\"https:\\\/\\\/www.aics.gov.it\\\/oltremare\\\/#\\\/schema\\\/person\\\/839e251090f440ea6a1f960a5050e424\"},\"headline\":\"UGANDA La voce di Grace dal campo profughi di Elema: una storia di rinascita\",\"datePublished\":\"2023-03-30T14:29:07+00:00\",\"dateModified\":\"2023-04-07T11:10:48+00:00\",\"mainEntityOfPage\":{\"@id\":\"https:\\\/\\\/www.aics.gov.it\\\/oltremare\\\/voci-dal-campo\\\/uganda-la-voce-di-grace-dal-campo-profughi-di-elema-una-storia-di-rinascita\\\/\"},\"wordCount\":944,\"commentCount\":0,\"publisher\":{\"@id\":\"https:\\\/\\\/www.aics.gov.it\\\/oltremare\\\/#organization\"},\"image\":{\"@id\":\"https:\\\/\\\/www.aics.gov.it\\\/oltremare\\\/voci-dal-campo\\\/uganda-la-voce-di-grace-dal-campo-profughi-di-elema-una-storia-di-rinascita\\\/#primaryimage\"},\"thumbnailUrl\":\"https:\\\/\\\/www.aics.gov.it\\\/oltremare\\\/wp-content\\\/uploads\\\/2023\\\/03\\\/8-scaled.jpg\",\"keywords\":[\"Aics Nairobi\",\"Elema\",\"Grace\",\"Kenya\",\"rifugiati\",\"sud sudan\",\"Uganda\"],\"articleSection\":[\"Voci dal campo\"],\"inLanguage\":\"it-IT\",\"potentialAction\":[{\"@type\":\"CommentAction\",\"name\":\"Comment\",\"target\":[\"https:\\\/\\\/www.aics.gov.it\\\/oltremare\\\/voci-dal-campo\\\/uganda-la-voce-di-grace-dal-campo-profughi-di-elema-una-storia-di-rinascita\\\/#respond\"]}]},{\"@type\":\"WebPage\",\"@id\":\"https:\\\/\\\/www.aics.gov.it\\\/oltremare\\\/voci-dal-campo\\\/uganda-la-voce-di-grace-dal-campo-profughi-di-elema-una-storia-di-rinascita\\\/\",\"url\":\"https:\\\/\\\/www.aics.gov.it\\\/oltremare\\\/voci-dal-campo\\\/uganda-la-voce-di-grace-dal-campo-profughi-di-elema-una-storia-di-rinascita\\\/\",\"name\":\"UGANDA La voce di Grace dal campo profughi di Elema: una storia di rinascita - Oltremare\",\"isPartOf\":{\"@id\":\"https:\\\/\\\/www.aics.gov.it\\\/oltremare\\\/#website\"},\"primaryImageOfPage\":{\"@id\":\"https:\\\/\\\/www.aics.gov.it\\\/oltremare\\\/voci-dal-campo\\\/uganda-la-voce-di-grace-dal-campo-profughi-di-elema-una-storia-di-rinascita\\\/#primaryimage\"},\"image\":{\"@id\":\"https:\\\/\\\/www.aics.gov.it\\\/oltremare\\\/voci-dal-campo\\\/uganda-la-voce-di-grace-dal-campo-profughi-di-elema-una-storia-di-rinascita\\\/#primaryimage\"},\"thumbnailUrl\":\"https:\\\/\\\/www.aics.gov.it\\\/oltremare\\\/wp-content\\\/uploads\\\/2023\\\/03\\\/8-scaled.jpg\",\"datePublished\":\"2023-03-30T14:29:07+00:00\",\"dateModified\":\"2023-04-07T11:10:48+00:00\",\"breadcrumb\":{\"@id\":\"https:\\\/\\\/www.aics.gov.it\\\/oltremare\\\/voci-dal-campo\\\/uganda-la-voce-di-grace-dal-campo-profughi-di-elema-una-storia-di-rinascita\\\/#breadcrumb\"},\"inLanguage\":\"it-IT\",\"potentialAction\":[{\"@type\":\"ReadAction\",\"target\":[\"https:\\\/\\\/www.aics.gov.it\\\/oltremare\\\/voci-dal-campo\\\/uganda-la-voce-di-grace-dal-campo-profughi-di-elema-una-storia-di-rinascita\\\/\"]}]},{\"@type\":\"ImageObject\",\"inLanguage\":\"it-IT\",\"@id\":\"https:\\\/\\\/www.aics.gov.it\\\/oltremare\\\/voci-dal-campo\\\/uganda-la-voce-di-grace-dal-campo-profughi-di-elema-una-storia-di-rinascita\\\/#primaryimage\",\"url\":\"https:\\\/\\\/www.aics.gov.it\\\/oltremare\\\/wp-content\\\/uploads\\\/2023\\\/03\\\/8-scaled.jpg\",\"contentUrl\":\"https:\\\/\\\/www.aics.gov.it\\\/oltremare\\\/wp-content\\\/uploads\\\/2023\\\/03\\\/8-scaled.jpg\",\"width\":2560,\"height\":1707},{\"@type\":\"BreadcrumbList\",\"@id\":\"https:\\\/\\\/www.aics.gov.it\\\/oltremare\\\/voci-dal-campo\\\/uganda-la-voce-di-grace-dal-campo-profughi-di-elema-una-storia-di-rinascita\\\/#breadcrumb\",\"itemListElement\":[{\"@type\":\"ListItem\",\"position\":1,\"name\":\"Home\",\"item\":\"https:\\\/\\\/www.aics.gov.it\\\/oltremare\\\/\"},{\"@type\":\"ListItem\",\"position\":2,\"name\":\"UGANDALa voce di Grace dal campo profughi di Elema: una storia di rinascita\"}]},{\"@type\":\"WebSite\",\"@id\":\"https:\\\/\\\/www.aics.gov.it\\\/oltremare\\\/#website\",\"url\":\"https:\\\/\\\/www.aics.gov.it\\\/oltremare\\\/\",\"name\":\"Oltremare\",\"description\":\"Il Blog della cooperazione\",\"publisher\":{\"@id\":\"https:\\\/\\\/www.aics.gov.it\\\/oltremare\\\/#organization\"},\"potentialAction\":[{\"@type\":\"SearchAction\",\"target\":{\"@type\":\"EntryPoint\",\"urlTemplate\":\"https:\\\/\\\/www.aics.gov.it\\\/oltremare\\\/?s={search_term_string}\"},\"query-input\":{\"@type\":\"PropertyValueSpecification\",\"valueRequired\":true,\"valueName\":\"search_term_string\"}}],\"inLanguage\":\"it-IT\"},{\"@type\":\"Organization\",\"@id\":\"https:\\\/\\\/www.aics.gov.it\\\/oltremare\\\/#organization\",\"name\":\"Agenzia Italiana per la Cooperazione allo Sviluppo\",\"url\":\"https:\\\/\\\/www.aics.gov.it\\\/oltremare\\\/\",\"logo\":{\"@type\":\"ImageObject\",\"inLanguage\":\"it-IT\",\"@id\":\"https:\\\/\\\/www.aics.gov.it\\\/oltremare\\\/#\\\/schema\\\/logo\\\/image\\\/\",\"url\":\"https:\\\/\\\/www.aics.gov.it\\\/oltremare\\\/wp-content\\\/uploads\\\/2018\\\/02\\\/AICS_HEADER_530x130_EC1-e1518178146163.jpg\",\"contentUrl\":\"https:\\\/\\\/www.aics.gov.it\\\/oltremare\\\/wp-content\\\/uploads\\\/2018\\\/02\\\/AICS_HEADER_530x130_EC1-e1518178146163.jpg\",\"width\":300,\"height\":74,\"caption\":\"Agenzia Italiana per la Cooperazione allo Sviluppo\"},\"image\":{\"@id\":\"https:\\\/\\\/www.aics.gov.it\\\/oltremare\\\/#\\\/schema\\\/logo\\\/image\\\/\"},\"sameAs\":[\"https:\\\/\\\/www.facebook.com\\\/Agenzia-Italiana-per-la-Cooperazione-allo-Sviluppo-996004880482735\\\/\",\"https:\\\/\\\/x.com\\\/aics_it\",\"https:\\\/\\\/www.instagram.com\\\/aics_cooperazione_it\\\/\",\"https:\\\/\\\/www.youtube.com\\\/channel\\\/UCbssygnjreKD1Se1mDeCQ5w\"]},{\"@type\":\"Person\",\"@id\":\"https:\\\/\\\/www.aics.gov.it\\\/oltremare\\\/#\\\/schema\\\/person\\\/839e251090f440ea6a1f960a5050e424\",\"name\":\"Oltremare\",\"image\":{\"@type\":\"ImageObject\",\"inLanguage\":\"it-IT\",\"@id\":\"https:\\\/\\\/secure.gravatar.com\\\/avatar\\\/5bdd54efc610ff3db8c53755c1599daf68165eb144e678103c1ac46fb81fe6a0?s=96&d=mm&r=g\",\"url\":\"https:\\\/\\\/secure.gravatar.com\\\/avatar\\\/5bdd54efc610ff3db8c53755c1599daf68165eb144e678103c1ac46fb81fe6a0?s=96&d=mm&r=g\",\"contentUrl\":\"https:\\\/\\\/secure.gravatar.com\\\/avatar\\\/5bdd54efc610ff3db8c53755c1599daf68165eb144e678103c1ac46fb81fe6a0?s=96&d=mm&r=g\",\"caption\":\"Oltremare\"},\"url\":\"\"}]}<\/script>\n<!-- \/ Yoast SEO plugin. -->","yoast_head_json":{"title":"UGANDALa voce di Grace dal campo profughi di Elema: una storia di rinascita - Oltremare","robots":{"index":"index","follow":"follow","max-snippet":"max-snippet:-1","max-image-preview":"max-image-preview:large","max-video-preview":"max-video-preview:-1"},"canonical":"https:\/\/www.aics.gov.it\/oltremare\/voci-dal-campo\/uganda-la-voce-di-grace-dal-campo-profughi-di-elema-una-storia-di-rinascita\/","og_locale":"it_IT","og_type":"article","og_title":"UGANDALa voce di Grace dal campo profughi di Elema: una storia di rinascita - Oltremare","og_description":"Nei campi in Uganda trovano riparo migliaia di rifugiati provenienti principalmente dal confinante Sud Sudan. Qui una di loro ha stabilito la sua nuova casa ed \u00e8 diventata leader della comunit\u00e0","og_url":"https:\/\/www.aics.gov.it\/oltremare\/voci-dal-campo\/uganda-la-voce-di-grace-dal-campo-profughi-di-elema-una-storia-di-rinascita\/","og_site_name":"Oltremare","article_publisher":"https:\/\/www.facebook.com\/Agenzia-Italiana-per-la-Cooperazione-allo-Sviluppo-996004880482735\/","article_published_time":"2023-03-30T14:29:07+00:00","article_modified_time":"2023-04-07T11:10:48+00:00","og_image":[{"width":2560,"height":1707,"url":"https:\/\/www.aics.gov.it\/oltremare\/wp-content\/uploads\/2023\/03\/8-scaled.jpg","type":"image\/jpeg"}],"author":"Oltremare","twitter_card":"summary_large_image","twitter_creator":"@aics_it","twitter_site":"@aics_it","twitter_misc":{"Scritto da":"Martina Bolognesi, Communication officer Aics Nairobi","Tempo di lettura stimato":"6 minuti"},"schema":{"@context":"https:\/\/schema.org","@graph":[{"@type":"Article","@id":"https:\/\/www.aics.gov.it\/oltremare\/voci-dal-campo\/uganda-la-voce-di-grace-dal-campo-profughi-di-elema-una-storia-di-rinascita\/#article","isPartOf":{"@id":"https:\/\/www.aics.gov.it\/oltremare\/voci-dal-campo\/uganda-la-voce-di-grace-dal-campo-profughi-di-elema-una-storia-di-rinascita\/"},"author":{"name":"Oltremare","@id":"https:\/\/www.aics.gov.it\/oltremare\/#\/schema\/person\/839e251090f440ea6a1f960a5050e424"},"headline":"UGANDA La voce di Grace dal campo profughi di Elema: una storia di rinascita","datePublished":"2023-03-30T14:29:07+00:00","dateModified":"2023-04-07T11:10:48+00:00","mainEntityOfPage":{"@id":"https:\/\/www.aics.gov.it\/oltremare\/voci-dal-campo\/uganda-la-voce-di-grace-dal-campo-profughi-di-elema-una-storia-di-rinascita\/"},"wordCount":944,"commentCount":0,"publisher":{"@id":"https:\/\/www.aics.gov.it\/oltremare\/#organization"},"image":{"@id":"https:\/\/www.aics.gov.it\/oltremare\/voci-dal-campo\/uganda-la-voce-di-grace-dal-campo-profughi-di-elema-una-storia-di-rinascita\/#primaryimage"},"thumbnailUrl":"https:\/\/www.aics.gov.it\/oltremare\/wp-content\/uploads\/2023\/03\/8-scaled.jpg","keywords":["Aics Nairobi","Elema","Grace","Kenya","rifugiati","sud sudan","Uganda"],"articleSection":["Voci dal campo"],"inLanguage":"it-IT","potentialAction":[{"@type":"CommentAction","name":"Comment","target":["https:\/\/www.aics.gov.it\/oltremare\/voci-dal-campo\/uganda-la-voce-di-grace-dal-campo-profughi-di-elema-una-storia-di-rinascita\/#respond"]}]},{"@type":"WebPage","@id":"https:\/\/www.aics.gov.it\/oltremare\/voci-dal-campo\/uganda-la-voce-di-grace-dal-campo-profughi-di-elema-una-storia-di-rinascita\/","url":"https:\/\/www.aics.gov.it\/oltremare\/voci-dal-campo\/uganda-la-voce-di-grace-dal-campo-profughi-di-elema-una-storia-di-rinascita\/","name":"UGANDA La voce di Grace dal campo profughi di Elema: una storia di rinascita - Oltremare","isPartOf":{"@id":"https:\/\/www.aics.gov.it\/oltremare\/#website"},"primaryImageOfPage":{"@id":"https:\/\/www.aics.gov.it\/oltremare\/voci-dal-campo\/uganda-la-voce-di-grace-dal-campo-profughi-di-elema-una-storia-di-rinascita\/#primaryimage"},"image":{"@id":"https:\/\/www.aics.gov.it\/oltremare\/voci-dal-campo\/uganda-la-voce-di-grace-dal-campo-profughi-di-elema-una-storia-di-rinascita\/#primaryimage"},"thumbnailUrl":"https:\/\/www.aics.gov.it\/oltremare\/wp-content\/uploads\/2023\/03\/8-scaled.jpg","datePublished":"2023-03-30T14:29:07+00:00","dateModified":"2023-04-07T11:10:48+00:00","breadcrumb":{"@id":"https:\/\/www.aics.gov.it\/oltremare\/voci-dal-campo\/uganda-la-voce-di-grace-dal-campo-profughi-di-elema-una-storia-di-rinascita\/#breadcrumb"},"inLanguage":"it-IT","potentialAction":[{"@type":"ReadAction","target":["https:\/\/www.aics.gov.it\/oltremare\/voci-dal-campo\/uganda-la-voce-di-grace-dal-campo-profughi-di-elema-una-storia-di-rinascita\/"]}]},{"@type":"ImageObject","inLanguage":"it-IT","@id":"https:\/\/www.aics.gov.it\/oltremare\/voci-dal-campo\/uganda-la-voce-di-grace-dal-campo-profughi-di-elema-una-storia-di-rinascita\/#primaryimage","url":"https:\/\/www.aics.gov.it\/oltremare\/wp-content\/uploads\/2023\/03\/8-scaled.jpg","contentUrl":"https:\/\/www.aics.gov.it\/oltremare\/wp-content\/uploads\/2023\/03\/8-scaled.jpg","width":2560,"height":1707},{"@type":"BreadcrumbList","@id":"https:\/\/www.aics.gov.it\/oltremare\/voci-dal-campo\/uganda-la-voce-di-grace-dal-campo-profughi-di-elema-una-storia-di-rinascita\/#breadcrumb","itemListElement":[{"@type":"ListItem","position":1,"name":"Home","item":"https:\/\/www.aics.gov.it\/oltremare\/"},{"@type":"ListItem","position":2,"name":"UGANDALa voce di Grace dal campo profughi di Elema: una storia di rinascita"}]},{"@type":"WebSite","@id":"https:\/\/www.aics.gov.it\/oltremare\/#website","url":"https:\/\/www.aics.gov.it\/oltremare\/","name":"Oltremare","description":"Il Blog della cooperazione","publisher":{"@id":"https:\/\/www.aics.gov.it\/oltremare\/#organization"},"potentialAction":[{"@type":"SearchAction","target":{"@type":"EntryPoint","urlTemplate":"https:\/\/www.aics.gov.it\/oltremare\/?s={search_term_string}"},"query-input":{"@type":"PropertyValueSpecification","valueRequired":true,"valueName":"search_term_string"}}],"inLanguage":"it-IT"},{"@type":"Organization","@id":"https:\/\/www.aics.gov.it\/oltremare\/#organization","name":"Agenzia Italiana per la Cooperazione allo Sviluppo","url":"https:\/\/www.aics.gov.it\/oltremare\/","logo":{"@type":"ImageObject","inLanguage":"it-IT","@id":"https:\/\/www.aics.gov.it\/oltremare\/#\/schema\/logo\/image\/","url":"https:\/\/www.aics.gov.it\/oltremare\/wp-content\/uploads\/2018\/02\/AICS_HEADER_530x130_EC1-e1518178146163.jpg","contentUrl":"https:\/\/www.aics.gov.it\/oltremare\/wp-content\/uploads\/2018\/02\/AICS_HEADER_530x130_EC1-e1518178146163.jpg","width":300,"height":74,"caption":"Agenzia Italiana per la Cooperazione allo Sviluppo"},"image":{"@id":"https:\/\/www.aics.gov.it\/oltremare\/#\/schema\/logo\/image\/"},"sameAs":["https:\/\/www.facebook.com\/Agenzia-Italiana-per-la-Cooperazione-allo-Sviluppo-996004880482735\/","https:\/\/x.com\/aics_it","https:\/\/www.instagram.com\/aics_cooperazione_it\/","https:\/\/www.youtube.com\/channel\/UCbssygnjreKD1Se1mDeCQ5w"]},{"@type":"Person","@id":"https:\/\/www.aics.gov.it\/oltremare\/#\/schema\/person\/839e251090f440ea6a1f960a5050e424","name":"Oltremare","image":{"@type":"ImageObject","inLanguage":"it-IT","@id":"https:\/\/secure.gravatar.com\/avatar\/5bdd54efc610ff3db8c53755c1599daf68165eb144e678103c1ac46fb81fe6a0?s=96&d=mm&r=g","url":"https:\/\/secure.gravatar.com\/avatar\/5bdd54efc610ff3db8c53755c1599daf68165eb144e678103c1ac46fb81fe6a0?s=96&d=mm&r=g","contentUrl":"https:\/\/secure.gravatar.com\/avatar\/5bdd54efc610ff3db8c53755c1599daf68165eb144e678103c1ac46fb81fe6a0?s=96&d=mm&r=g","caption":"Oltremare"},"url":""}]}},"_links":{"self":[{"href":"https:\/\/www.aics.gov.it\/oltremare\/wp-json\/wp\/v2\/posts\/16955","targetHints":{"allow":["GET"]}}],"collection":[{"href":"https:\/\/www.aics.gov.it\/oltremare\/wp-json\/wp\/v2\/posts"}],"about":[{"href":"https:\/\/www.aics.gov.it\/oltremare\/wp-json\/wp\/v2\/types\/post"}],"author":[{"embeddable":true,"href":"https:\/\/www.aics.gov.it\/oltremare\/wp-json\/wp\/v2\/users\/1"}],"replies":[{"embeddable":true,"href":"https:\/\/www.aics.gov.it\/oltremare\/wp-json\/wp\/v2\/comments?post=16955"}],"version-history":[{"count":13,"href":"https:\/\/www.aics.gov.it\/oltremare\/wp-json\/wp\/v2\/posts\/16955\/revisions"}],"predecessor-version":[{"id":17060,"href":"https:\/\/www.aics.gov.it\/oltremare\/wp-json\/wp\/v2\/posts\/16955\/revisions\/17060"}],"wp:featuredmedia":[{"embeddable":true,"href":"https:\/\/www.aics.gov.it\/oltremare\/wp-json\/wp\/v2\/media\/17002"}],"wp:attachment":[{"href":"https:\/\/www.aics.gov.it\/oltremare\/wp-json\/wp\/v2\/media?parent=16955"}],"wp:term":[{"taxonomy":"category","embeddable":true,"href":"https:\/\/www.aics.gov.it\/oltremare\/wp-json\/wp\/v2\/categories?post=16955"},{"taxonomy":"post_tag","embeddable":true,"href":"https:\/\/www.aics.gov.it\/oltremare\/wp-json\/wp\/v2\/tags?post=16955"}],"curies":[{"name":"wp","href":"https:\/\/api.w.org\/{rel}","templated":true}]}}