{"id":17288,"date":"2023-06-13T17:35:45","date_gmt":"2023-06-13T15:35:45","guid":{"rendered":"https:\/\/www.aics.gov.it\/oltremare\/?p=17288"},"modified":"2023-06-13T17:39:26","modified_gmt":"2023-06-13T15:39:26","slug":"giugno-2023-la-cooperazione-italiana-ed-europea-vista-dalla-stampa-estera","status":"publish","type":"post","link":"https:\/\/www.aics.gov.it\/oltremare\/rassegna-stampa\/giugno-2023-la-cooperazione-italiana-ed-europea-vista-dalla-stampa-estera\/","title":{"rendered":"<span style=\"color: #1D71B8; font-size: 13px;\">GIUGNO 2023<\/span><br> La cooperazione italiana ed europea vista dalla stampa estera"},"content":{"rendered":"<p>Questo mese il racconto delle tante attivit\u00e0 della Cooperazione italiana interessa in particolaere il Nordafrica, il Medioriente, l&#8217;Africa occidentale e il Corno d&#8217;Africa<\/p>\n<p><!--more--><\/p>\n<p>La citt\u00e0 di Agadez che beneficia della costruzione di case sociali nell&#8217;ambito del programma D.E.S.E.R.T finanziato dall&#8217;Unione Europea in <strong>Niger<\/strong>, ha ricevuto a inizio giugno una visita congiunta degli ambasciatori della delegazione dell&#8217;Unione europea in Niger e dell&#8217;ambasciata d&#8217;Italia a Niamey. Lo racconta un servizio della <a href=\"https:\/\/www.facebook.com\/AICSNiamey\/videos\/641201591221311\">RTN<\/a>, televisione pubblica del Niger.<\/p>\n<p>Anche <a href=\"https:\/\/www.tunisie-tribune.com\/2023\/05\/17\/visite-conjointe-italie-ue-aux-beneficiaires-du-programme-adapt\/\">Tunisie Tribune<\/a> racconta del programma AdaptT, ovvero il sostegno finanziario ai piccoli produttori di cereali in <strong>Tunisia<\/strong> da parte dell\u2019Unione europea e dell&#8217;Agenzia Italiana per la Cooperazione allo Sviluppo (Aics) che stanno istituendo un nuovo meccanismo di sostegno specifico al settore agricolo. Si tratta di un fondo di sostegno di 18 milioni di euro, destinato ad aiutare i piccoli produttori a superare l&#8217;aumento dei costi di produzione e ad adeguare le proprie tecniche di coltivazione ai cambiamenti climatici. Il ministero dell&#8217;Istruzione tunisino ha poi ricevuto 95 autobus destinati al trasporto scolastico nell&#8217;ambito di un credito differito concesso dall&#8217;Italia tramite l&#8217;Aics. Lo scrivono <a href=\"https:\/\/www.tunisienumerique.com\/tunisie-italie-reception-de-95-bus-pour-le-transport-scolaire\/\">Tunisie Num\u00e9rique<\/a> e il quotidiano <a href=\"https:\/\/lapresse.tn\/159430\/education-litalie-en-premiere-ligne-dans-le-soutien-aux-etablissements-scolaires-en-tunisie\/\">La Presse<\/a>.<\/p>\n<p>In <strong>Senegal<\/strong>, l\u2019agenzia <a href=\"https:\/\/www.faapa.info\/blog\/senegal-handicap-projet-lancement-dun-projet-de-renforcement-de-lacces-aux-services-socio-sanitaires-des-personnes-handicapees\/\">Faapa.info<\/a> racconta il lancio di un progetto per rafforzare l&#8217;accesso ai servizi sociali e sanitari per le persone con disabilit\u00e0 a Thi\u00e8s. L&#8217;iniziativa, chiamata Raess, durer\u00e0 tre anni e interesser\u00e0 il Mali oltre al Senegal. Il progetto \u00e8 finanziato dalla Cooperazione Italiana per quasi 2 miliardi di Fcfa (circa 3 milioni di euro), e sar\u00e0 realizzato da Unfpa, in collaborazione con il ministero della Salute e dell&#8217;Azione Sociale.<\/p>\n<p>La Tv etiope <a href=\"https:\/\/www.fanabc.com\/english\/amb-holds-public-lecture-on-ethiopia-italy-horn-of-africa\/?utm_source=rss&amp;utm_medium=rss&amp;utm_campaign=amb-holds-public-lecture-on-ethiopia-italy-horn-of-africa\">Fana Bc<\/a> rende conto della conferenza pubblica sul tema: &#8220;Italia, Etiopia e Corno d&#8217;Africa, sfide per un futuro condiviso&#8221;, tenuta dall&#8217;ambasciatore d&#8217;Italia in <strong>Etiopia<\/strong>, Agostino Palese, presso l&#8217;Universit\u00e0 di Addis Abeba. Al convegno hanno partecipato studenti e rappresentanti delle autorit\u00e0 etiopi. Si afferma che l&#8217;evento ha stimolato un dibattito approfondito testimoniando l&#8217;importanza delle istituzioni educative superiori nell&#8217;istruzione generale delle nuove generazioni in Etiopia.<\/p>\n<p>Importante mobilitazione della stampa in <strong>Giordania<\/strong> per il via ad Amman del Forum regionale di Business networking organizzato dal ministero dell&#8217;Industria, del commercio e dell&#8217;approvvigionamento, in collaborazione con l&#8217;Agenzia italiana per la cooperazione allo sviluppo (Aics) e\u00a0 l&#8217;Unido. L&#8217;evento visto la partecipazione di oltre 100 aziende provenienti dalla Giordania, dall&#8217;Italia e dalla regione secondo una dichiarazione del ministero. L&#8217;evento \u00e8 stato raccontato in particolare da <a href=\"https:\/\/jordantimes.com\/news\/local\/regional-business-networking-forum-kicks-amman\">Jordan Times<\/a> e la <a href=\"https:\/\/royanews.tv\/video\/44775\">Roja News<\/a>.<\/p>\n","protected":false},"excerpt":{"rendered":"<p>Questo mese il racconto delle tante attivit\u00e0 della Cooperazione italiana interessa in particolaere il Nordafrica, il Medioriente, l&#8217;Africa occidentale e il Corno d&#8217;Africa<\/p>\n","protected":false},"author":11,"featured_media":15959,"comment_status":"open","ping_status":"open","sticky":false,"template":"","format":"standard","meta":{"footnotes":""},"categories":[1150],"tags":[],"class_list":["post-17288","post","type-post","status-publish","format-standard","has-post-thumbnail","hentry","category-rassegna-stampa"],"yoast_head":"<!-- This site is optimized with the Yoast SEO plugin v27.5 - https:\/\/yoast.com\/product\/yoast-seo-wordpress\/ -->\n<title>GIUGNO 2023 La cooperazione italiana ed europea vista dalla stampa estera - Oltremare<\/title>\n<meta name=\"robots\" content=\"index, follow, max-snippet:-1, max-image-preview:large, max-video-preview:-1\" \/>\n<link rel=\"canonical\" href=\"https:\/\/www.aics.gov.it\/oltremare\/rassegna-stampa\/giugno-2023-la-cooperazione-italiana-ed-europea-vista-dalla-stampa-estera\/\" \/>\n<meta property=\"og:locale\" content=\"it_IT\" \/>\n<meta property=\"og:type\" content=\"article\" \/>\n<meta property=\"og:title\" content=\"GIUGNO 2023 La cooperazione italiana ed europea vista dalla stampa estera - Oltremare\" \/>\n<meta property=\"og:description\" content=\"Questo mese il racconto delle tante attivit\u00e0 della Cooperazione italiana interessa in particolaere il Nordafrica, il Medioriente, l&#8217;Africa occidentale e il Corno d&#8217;Africa\" \/>\n<meta property=\"og:url\" content=\"https:\/\/www.aics.gov.it\/oltremare\/rassegna-stampa\/giugno-2023-la-cooperazione-italiana-ed-europea-vista-dalla-stampa-estera\/\" \/>\n<meta property=\"og:site_name\" content=\"Oltremare\" \/>\n<meta property=\"article:publisher\" content=\"https:\/\/www.facebook.com\/Agenzia-Italiana-per-la-Cooperazione-allo-Sviluppo-996004880482735\/\" \/>\n<meta property=\"article:published_time\" content=\"2023-06-13T15:35:45+00:00\" \/>\n<meta property=\"article:modified_time\" content=\"2023-06-13T15:39:26+00:00\" \/>\n<meta property=\"og:image\" content=\"https:\/\/www.aics.gov.it\/oltremare\/wp-content\/uploads\/2022\/09\/ewien-van-bergeijk-kwant-JWRFUKfGWSk-unsplash.jpg\" \/>\n\t<meta property=\"og:image:width\" content=\"2400\" \/>\n\t<meta property=\"og:image:height\" content=\"1600\" \/>\n\t<meta property=\"og:image:type\" content=\"image\/jpeg\" \/>\n<meta name=\"author\" content=\"Ivana Tamai\" \/>\n<meta name=\"twitter:card\" content=\"summary_large_image\" \/>\n<meta name=\"twitter:creator\" content=\"@aics_it\" \/>\n<meta name=\"twitter:site\" content=\"@aics_it\" \/>\n<meta name=\"twitter:label1\" content=\"Scritto da\" \/>\n\t<meta name=\"twitter:data1\" content=\"Jean Claude Mb\u00e9d\u00e9 Fouda\" \/>\n\t<meta name=\"twitter:label2\" content=\"Tempo di lettura stimato\" \/>\n\t<meta name=\"twitter:data2\" content=\"3 minuti\" \/>\n<script type=\"application\/ld+json\" class=\"yoast-schema-graph\">{\"@context\":\"https:\\\/\\\/schema.org\",\"@graph\":[{\"@type\":\"Article\",\"@id\":\"https:\\\/\\\/www.aics.gov.it\\\/oltremare\\\/rassegna-stampa\\\/giugno-2023-la-cooperazione-italiana-ed-europea-vista-dalla-stampa-estera\\\/#article\",\"isPartOf\":{\"@id\":\"https:\\\/\\\/www.aics.gov.it\\\/oltremare\\\/rassegna-stampa\\\/giugno-2023-la-cooperazione-italiana-ed-europea-vista-dalla-stampa-estera\\\/\"},\"author\":{\"name\":\"Ivana Tamai\",\"@id\":\"https:\\\/\\\/www.aics.gov.it\\\/oltremare\\\/#\\\/schema\\\/person\\\/8e93d24ae8f33b68cf2377dc3be33e3f\"},\"headline\":\"GIUGNO 2023 La cooperazione italiana ed europea vista dalla stampa estera\",\"datePublished\":\"2023-06-13T15:35:45+00:00\",\"dateModified\":\"2023-06-13T15:39:26+00:00\",\"mainEntityOfPage\":{\"@id\":\"https:\\\/\\\/www.aics.gov.it\\\/oltremare\\\/rassegna-stampa\\\/giugno-2023-la-cooperazione-italiana-ed-europea-vista-dalla-stampa-estera\\\/\"},\"wordCount\":435,\"commentCount\":0,\"publisher\":{\"@id\":\"https:\\\/\\\/www.aics.gov.it\\\/oltremare\\\/#organization\"},\"image\":{\"@id\":\"https:\\\/\\\/www.aics.gov.it\\\/oltremare\\\/rassegna-stampa\\\/giugno-2023-la-cooperazione-italiana-ed-europea-vista-dalla-stampa-estera\\\/#primaryimage\"},\"thumbnailUrl\":\"https:\\\/\\\/www.aics.gov.it\\\/oltremare\\\/wp-content\\\/uploads\\\/2022\\\/09\\\/ewien-van-bergeijk-kwant-JWRFUKfGWSk-unsplash.jpg\",\"articleSection\":[\"Rassegna Stampa\"],\"inLanguage\":\"it-IT\",\"potentialAction\":[{\"@type\":\"CommentAction\",\"name\":\"Comment\",\"target\":[\"https:\\\/\\\/www.aics.gov.it\\\/oltremare\\\/rassegna-stampa\\\/giugno-2023-la-cooperazione-italiana-ed-europea-vista-dalla-stampa-estera\\\/#respond\"]}]},{\"@type\":\"WebPage\",\"@id\":\"https:\\\/\\\/www.aics.gov.it\\\/oltremare\\\/rassegna-stampa\\\/giugno-2023-la-cooperazione-italiana-ed-europea-vista-dalla-stampa-estera\\\/\",\"url\":\"https:\\\/\\\/www.aics.gov.it\\\/oltremare\\\/rassegna-stampa\\\/giugno-2023-la-cooperazione-italiana-ed-europea-vista-dalla-stampa-estera\\\/\",\"name\":\"GIUGNO 2023 La cooperazione italiana ed europea vista dalla stampa estera - Oltremare\",\"isPartOf\":{\"@id\":\"https:\\\/\\\/www.aics.gov.it\\\/oltremare\\\/#website\"},\"primaryImageOfPage\":{\"@id\":\"https:\\\/\\\/www.aics.gov.it\\\/oltremare\\\/rassegna-stampa\\\/giugno-2023-la-cooperazione-italiana-ed-europea-vista-dalla-stampa-estera\\\/#primaryimage\"},\"image\":{\"@id\":\"https:\\\/\\\/www.aics.gov.it\\\/oltremare\\\/rassegna-stampa\\\/giugno-2023-la-cooperazione-italiana-ed-europea-vista-dalla-stampa-estera\\\/#primaryimage\"},\"thumbnailUrl\":\"https:\\\/\\\/www.aics.gov.it\\\/oltremare\\\/wp-content\\\/uploads\\\/2022\\\/09\\\/ewien-van-bergeijk-kwant-JWRFUKfGWSk-unsplash.jpg\",\"datePublished\":\"2023-06-13T15:35:45+00:00\",\"dateModified\":\"2023-06-13T15:39:26+00:00\",\"breadcrumb\":{\"@id\":\"https:\\\/\\\/www.aics.gov.it\\\/oltremare\\\/rassegna-stampa\\\/giugno-2023-la-cooperazione-italiana-ed-europea-vista-dalla-stampa-estera\\\/#breadcrumb\"},\"inLanguage\":\"it-IT\",\"potentialAction\":[{\"@type\":\"ReadAction\",\"target\":[\"https:\\\/\\\/www.aics.gov.it\\\/oltremare\\\/rassegna-stampa\\\/giugno-2023-la-cooperazione-italiana-ed-europea-vista-dalla-stampa-estera\\\/\"]}]},{\"@type\":\"ImageObject\",\"inLanguage\":\"it-IT\",\"@id\":\"https:\\\/\\\/www.aics.gov.it\\\/oltremare\\\/rassegna-stampa\\\/giugno-2023-la-cooperazione-italiana-ed-europea-vista-dalla-stampa-estera\\\/#primaryimage\",\"url\":\"https:\\\/\\\/www.aics.gov.it\\\/oltremare\\\/wp-content\\\/uploads\\\/2022\\\/09\\\/ewien-van-bergeijk-kwant-JWRFUKfGWSk-unsplash.jpg\",\"contentUrl\":\"https:\\\/\\\/www.aics.gov.it\\\/oltremare\\\/wp-content\\\/uploads\\\/2022\\\/09\\\/ewien-van-bergeijk-kwant-JWRFUKfGWSk-unsplash.jpg\",\"width\":2400,\"height\":1600,\"caption\":\"Rassega-stampa-giornali\"},{\"@type\":\"BreadcrumbList\",\"@id\":\"https:\\\/\\\/www.aics.gov.it\\\/oltremare\\\/rassegna-stampa\\\/giugno-2023-la-cooperazione-italiana-ed-europea-vista-dalla-stampa-estera\\\/#breadcrumb\",\"itemListElement\":[{\"@type\":\"ListItem\",\"position\":1,\"name\":\"Home\",\"item\":\"https:\\\/\\\/www.aics.gov.it\\\/oltremare\\\/\"},{\"@type\":\"ListItem\",\"position\":2,\"name\":\"GIUGNO 2023 La cooperazione italiana ed europea vista dalla stampa estera\"}]},{\"@type\":\"WebSite\",\"@id\":\"https:\\\/\\\/www.aics.gov.it\\\/oltremare\\\/#website\",\"url\":\"https:\\\/\\\/www.aics.gov.it\\\/oltremare\\\/\",\"name\":\"Oltremare\",\"description\":\"Il Blog della cooperazione\",\"publisher\":{\"@id\":\"https:\\\/\\\/www.aics.gov.it\\\/oltremare\\\/#organization\"},\"potentialAction\":[{\"@type\":\"SearchAction\",\"target\":{\"@type\":\"EntryPoint\",\"urlTemplate\":\"https:\\\/\\\/www.aics.gov.it\\\/oltremare\\\/?s={search_term_string}\"},\"query-input\":{\"@type\":\"PropertyValueSpecification\",\"valueRequired\":true,\"valueName\":\"search_term_string\"}}],\"inLanguage\":\"it-IT\"},{\"@type\":\"Organization\",\"@id\":\"https:\\\/\\\/www.aics.gov.it\\\/oltremare\\\/#organization\",\"name\":\"Agenzia Italiana per la Cooperazione allo Sviluppo\",\"url\":\"https:\\\/\\\/www.aics.gov.it\\\/oltremare\\\/\",\"logo\":{\"@type\":\"ImageObject\",\"inLanguage\":\"it-IT\",\"@id\":\"https:\\\/\\\/www.aics.gov.it\\\/oltremare\\\/#\\\/schema\\\/logo\\\/image\\\/\",\"url\":\"https:\\\/\\\/www.aics.gov.it\\\/oltremare\\\/wp-content\\\/uploads\\\/2018\\\/02\\\/AICS_HEADER_530x130_EC1-e1518178146163.jpg\",\"contentUrl\":\"https:\\\/\\\/www.aics.gov.it\\\/oltremare\\\/wp-content\\\/uploads\\\/2018\\\/02\\\/AICS_HEADER_530x130_EC1-e1518178146163.jpg\",\"width\":300,\"height\":74,\"caption\":\"Agenzia Italiana per la Cooperazione allo Sviluppo\"},\"image\":{\"@id\":\"https:\\\/\\\/www.aics.gov.it\\\/oltremare\\\/#\\\/schema\\\/logo\\\/image\\\/\"},\"sameAs\":[\"https:\\\/\\\/www.facebook.com\\\/Agenzia-Italiana-per-la-Cooperazione-allo-Sviluppo-996004880482735\\\/\",\"https:\\\/\\\/x.com\\\/aics_it\",\"https:\\\/\\\/www.instagram.com\\\/aics_cooperazione_it\\\/\",\"https:\\\/\\\/www.youtube.com\\\/channel\\\/UCbssygnjreKD1Se1mDeCQ5w\"]},{\"@type\":\"Person\",\"@id\":\"https:\\\/\\\/www.aics.gov.it\\\/oltremare\\\/#\\\/schema\\\/person\\\/8e93d24ae8f33b68cf2377dc3be33e3f\",\"name\":\"Ivana Tamai\",\"image\":{\"@type\":\"ImageObject\",\"inLanguage\":\"it-IT\",\"@id\":\"https:\\\/\\\/secure.gravatar.com\\\/avatar\\\/6e9357790f7bf918517eb0ad84549459c1a70fd7d7dbbfd97401a2fc168c8887?s=96&d=mm&r=g\",\"url\":\"https:\\\/\\\/secure.gravatar.com\\\/avatar\\\/6e9357790f7bf918517eb0ad84549459c1a70fd7d7dbbfd97401a2fc168c8887?s=96&d=mm&r=g\",\"contentUrl\":\"https:\\\/\\\/secure.gravatar.com\\\/avatar\\\/6e9357790f7bf918517eb0ad84549459c1a70fd7d7dbbfd97401a2fc168c8887?s=96&d=mm&r=g\",\"caption\":\"Ivana Tamai\"},\"url\":\"\"}]}<\/script>\n<!-- \/ Yoast SEO plugin. -->","yoast_head_json":{"title":"GIUGNO 2023 La cooperazione italiana ed europea vista dalla stampa estera - Oltremare","robots":{"index":"index","follow":"follow","max-snippet":"max-snippet:-1","max-image-preview":"max-image-preview:large","max-video-preview":"max-video-preview:-1"},"canonical":"https:\/\/www.aics.gov.it\/oltremare\/rassegna-stampa\/giugno-2023-la-cooperazione-italiana-ed-europea-vista-dalla-stampa-estera\/","og_locale":"it_IT","og_type":"article","og_title":"GIUGNO 2023 La cooperazione italiana ed europea vista dalla stampa estera - Oltremare","og_description":"Questo mese il racconto delle tante attivit\u00e0 della Cooperazione italiana interessa in particolaere il Nordafrica, il Medioriente, l&#8217;Africa occidentale e il Corno d&#8217;Africa","og_url":"https:\/\/www.aics.gov.it\/oltremare\/rassegna-stampa\/giugno-2023-la-cooperazione-italiana-ed-europea-vista-dalla-stampa-estera\/","og_site_name":"Oltremare","article_publisher":"https:\/\/www.facebook.com\/Agenzia-Italiana-per-la-Cooperazione-allo-Sviluppo-996004880482735\/","article_published_time":"2023-06-13T15:35:45+00:00","article_modified_time":"2023-06-13T15:39:26+00:00","og_image":[{"width":2400,"height":1600,"url":"https:\/\/www.aics.gov.it\/oltremare\/wp-content\/uploads\/2022\/09\/ewien-van-bergeijk-kwant-JWRFUKfGWSk-unsplash.jpg","type":"image\/jpeg"}],"author":"Ivana Tamai","twitter_card":"summary_large_image","twitter_creator":"@aics_it","twitter_site":"@aics_it","twitter_misc":{"Scritto da":"Jean Claude Mb\u00e9d\u00e9 Fouda","Tempo di lettura stimato":"3 minuti"},"schema":{"@context":"https:\/\/schema.org","@graph":[{"@type":"Article","@id":"https:\/\/www.aics.gov.it\/oltremare\/rassegna-stampa\/giugno-2023-la-cooperazione-italiana-ed-europea-vista-dalla-stampa-estera\/#article","isPartOf":{"@id":"https:\/\/www.aics.gov.it\/oltremare\/rassegna-stampa\/giugno-2023-la-cooperazione-italiana-ed-europea-vista-dalla-stampa-estera\/"},"author":{"name":"Ivana Tamai","@id":"https:\/\/www.aics.gov.it\/oltremare\/#\/schema\/person\/8e93d24ae8f33b68cf2377dc3be33e3f"},"headline":"GIUGNO 2023 La cooperazione italiana ed europea vista dalla stampa estera","datePublished":"2023-06-13T15:35:45+00:00","dateModified":"2023-06-13T15:39:26+00:00","mainEntityOfPage":{"@id":"https:\/\/www.aics.gov.it\/oltremare\/rassegna-stampa\/giugno-2023-la-cooperazione-italiana-ed-europea-vista-dalla-stampa-estera\/"},"wordCount":435,"commentCount":0,"publisher":{"@id":"https:\/\/www.aics.gov.it\/oltremare\/#organization"},"image":{"@id":"https:\/\/www.aics.gov.it\/oltremare\/rassegna-stampa\/giugno-2023-la-cooperazione-italiana-ed-europea-vista-dalla-stampa-estera\/#primaryimage"},"thumbnailUrl":"https:\/\/www.aics.gov.it\/oltremare\/wp-content\/uploads\/2022\/09\/ewien-van-bergeijk-kwant-JWRFUKfGWSk-unsplash.jpg","articleSection":["Rassegna Stampa"],"inLanguage":"it-IT","potentialAction":[{"@type":"CommentAction","name":"Comment","target":["https:\/\/www.aics.gov.it\/oltremare\/rassegna-stampa\/giugno-2023-la-cooperazione-italiana-ed-europea-vista-dalla-stampa-estera\/#respond"]}]},{"@type":"WebPage","@id":"https:\/\/www.aics.gov.it\/oltremare\/rassegna-stampa\/giugno-2023-la-cooperazione-italiana-ed-europea-vista-dalla-stampa-estera\/","url":"https:\/\/www.aics.gov.it\/oltremare\/rassegna-stampa\/giugno-2023-la-cooperazione-italiana-ed-europea-vista-dalla-stampa-estera\/","name":"GIUGNO 2023 La cooperazione italiana ed europea vista dalla stampa estera - Oltremare","isPartOf":{"@id":"https:\/\/www.aics.gov.it\/oltremare\/#website"},"primaryImageOfPage":{"@id":"https:\/\/www.aics.gov.it\/oltremare\/rassegna-stampa\/giugno-2023-la-cooperazione-italiana-ed-europea-vista-dalla-stampa-estera\/#primaryimage"},"image":{"@id":"https:\/\/www.aics.gov.it\/oltremare\/rassegna-stampa\/giugno-2023-la-cooperazione-italiana-ed-europea-vista-dalla-stampa-estera\/#primaryimage"},"thumbnailUrl":"https:\/\/www.aics.gov.it\/oltremare\/wp-content\/uploads\/2022\/09\/ewien-van-bergeijk-kwant-JWRFUKfGWSk-unsplash.jpg","datePublished":"2023-06-13T15:35:45+00:00","dateModified":"2023-06-13T15:39:26+00:00","breadcrumb":{"@id":"https:\/\/www.aics.gov.it\/oltremare\/rassegna-stampa\/giugno-2023-la-cooperazione-italiana-ed-europea-vista-dalla-stampa-estera\/#breadcrumb"},"inLanguage":"it-IT","potentialAction":[{"@type":"ReadAction","target":["https:\/\/www.aics.gov.it\/oltremare\/rassegna-stampa\/giugno-2023-la-cooperazione-italiana-ed-europea-vista-dalla-stampa-estera\/"]}]},{"@type":"ImageObject","inLanguage":"it-IT","@id":"https:\/\/www.aics.gov.it\/oltremare\/rassegna-stampa\/giugno-2023-la-cooperazione-italiana-ed-europea-vista-dalla-stampa-estera\/#primaryimage","url":"https:\/\/www.aics.gov.it\/oltremare\/wp-content\/uploads\/2022\/09\/ewien-van-bergeijk-kwant-JWRFUKfGWSk-unsplash.jpg","contentUrl":"https:\/\/www.aics.gov.it\/oltremare\/wp-content\/uploads\/2022\/09\/ewien-van-bergeijk-kwant-JWRFUKfGWSk-unsplash.jpg","width":2400,"height":1600,"caption":"Rassega-stampa-giornali"},{"@type":"BreadcrumbList","@id":"https:\/\/www.aics.gov.it\/oltremare\/rassegna-stampa\/giugno-2023-la-cooperazione-italiana-ed-europea-vista-dalla-stampa-estera\/#breadcrumb","itemListElement":[{"@type":"ListItem","position":1,"name":"Home","item":"https:\/\/www.aics.gov.it\/oltremare\/"},{"@type":"ListItem","position":2,"name":"GIUGNO 2023 La cooperazione italiana ed europea vista dalla stampa estera"}]},{"@type":"WebSite","@id":"https:\/\/www.aics.gov.it\/oltremare\/#website","url":"https:\/\/www.aics.gov.it\/oltremare\/","name":"Oltremare","description":"Il Blog della cooperazione","publisher":{"@id":"https:\/\/www.aics.gov.it\/oltremare\/#organization"},"potentialAction":[{"@type":"SearchAction","target":{"@type":"EntryPoint","urlTemplate":"https:\/\/www.aics.gov.it\/oltremare\/?s={search_term_string}"},"query-input":{"@type":"PropertyValueSpecification","valueRequired":true,"valueName":"search_term_string"}}],"inLanguage":"it-IT"},{"@type":"Organization","@id":"https:\/\/www.aics.gov.it\/oltremare\/#organization","name":"Agenzia Italiana per la Cooperazione allo Sviluppo","url":"https:\/\/www.aics.gov.it\/oltremare\/","logo":{"@type":"ImageObject","inLanguage":"it-IT","@id":"https:\/\/www.aics.gov.it\/oltremare\/#\/schema\/logo\/image\/","url":"https:\/\/www.aics.gov.it\/oltremare\/wp-content\/uploads\/2018\/02\/AICS_HEADER_530x130_EC1-e1518178146163.jpg","contentUrl":"https:\/\/www.aics.gov.it\/oltremare\/wp-content\/uploads\/2018\/02\/AICS_HEADER_530x130_EC1-e1518178146163.jpg","width":300,"height":74,"caption":"Agenzia Italiana per la Cooperazione allo Sviluppo"},"image":{"@id":"https:\/\/www.aics.gov.it\/oltremare\/#\/schema\/logo\/image\/"},"sameAs":["https:\/\/www.facebook.com\/Agenzia-Italiana-per-la-Cooperazione-allo-Sviluppo-996004880482735\/","https:\/\/x.com\/aics_it","https:\/\/www.instagram.com\/aics_cooperazione_it\/","https:\/\/www.youtube.com\/channel\/UCbssygnjreKD1Se1mDeCQ5w"]},{"@type":"Person","@id":"https:\/\/www.aics.gov.it\/oltremare\/#\/schema\/person\/8e93d24ae8f33b68cf2377dc3be33e3f","name":"Ivana Tamai","image":{"@type":"ImageObject","inLanguage":"it-IT","@id":"https:\/\/secure.gravatar.com\/avatar\/6e9357790f7bf918517eb0ad84549459c1a70fd7d7dbbfd97401a2fc168c8887?s=96&d=mm&r=g","url":"https:\/\/secure.gravatar.com\/avatar\/6e9357790f7bf918517eb0ad84549459c1a70fd7d7dbbfd97401a2fc168c8887?s=96&d=mm&r=g","contentUrl":"https:\/\/secure.gravatar.com\/avatar\/6e9357790f7bf918517eb0ad84549459c1a70fd7d7dbbfd97401a2fc168c8887?s=96&d=mm&r=g","caption":"Ivana Tamai"},"url":""}]}},"_links":{"self":[{"href":"https:\/\/www.aics.gov.it\/oltremare\/wp-json\/wp\/v2\/posts\/17288","targetHints":{"allow":["GET"]}}],"collection":[{"href":"https:\/\/www.aics.gov.it\/oltremare\/wp-json\/wp\/v2\/posts"}],"about":[{"href":"https:\/\/www.aics.gov.it\/oltremare\/wp-json\/wp\/v2\/types\/post"}],"author":[{"embeddable":true,"href":"https:\/\/www.aics.gov.it\/oltremare\/wp-json\/wp\/v2\/users\/11"}],"replies":[{"embeddable":true,"href":"https:\/\/www.aics.gov.it\/oltremare\/wp-json\/wp\/v2\/comments?post=17288"}],"version-history":[{"count":4,"href":"https:\/\/www.aics.gov.it\/oltremare\/wp-json\/wp\/v2\/posts\/17288\/revisions"}],"predecessor-version":[{"id":17309,"href":"https:\/\/www.aics.gov.it\/oltremare\/wp-json\/wp\/v2\/posts\/17288\/revisions\/17309"}],"wp:featuredmedia":[{"embeddable":true,"href":"https:\/\/www.aics.gov.it\/oltremare\/wp-json\/wp\/v2\/media\/15959"}],"wp:attachment":[{"href":"https:\/\/www.aics.gov.it\/oltremare\/wp-json\/wp\/v2\/media?parent=17288"}],"wp:term":[{"taxonomy":"category","embeddable":true,"href":"https:\/\/www.aics.gov.it\/oltremare\/wp-json\/wp\/v2\/categories?post=17288"},{"taxonomy":"post_tag","embeddable":true,"href":"https:\/\/www.aics.gov.it\/oltremare\/wp-json\/wp\/v2\/tags?post=17288"}],"curies":[{"name":"wp","href":"https:\/\/api.w.org\/{rel}","templated":true}]}}