{"id":17539,"date":"2023-10-15T21:49:54","date_gmt":"2023-10-15T19:49:54","guid":{"rendered":"https:\/\/www.aics.gov.it\/oltremare\/?p=17539"},"modified":"2023-10-16T10:32:45","modified_gmt":"2023-10-16T08:32:45","slug":"anche-a-dandora-e-negli-slum-sono-nati-per-stare-bene","status":"publish","type":"post","link":"https:\/\/www.aics.gov.it\/oltremare\/articoli\/persone\/anche-a-dandora-e-negli-slum-sono-nati-per-stare-bene\/","title":{"rendered":"Anche a Dandora e negli slum sono nati per stare bene"},"content":{"rendered":"<p><em>La lotta contro l\u2019Hiv passa attraverso la consapevolezza di s\u00e9. Con l\u2019aiuto di mamme che ce l\u2019hanno fatta e ora vogliono aiutare le altre. Insieme con la Cooperazione italiana. Reportage<\/em><\/p>\n<p><!--more--><\/p>\n<p>Quando racconta come \u00e8 cominciata, Damari Nyakundi fa un respiro che poi si scioglie in un sorriso. \u201cSo chi mi ha trasmesso l\u2019Hiv, lo conosco da tanto, siamo amici\u201d dice. \u201c\u00c8 accaduto dopo che ero rimasta orfana e avevo dovuto interrompere gli studi, a 15 anni\u201d. Di anni Damari ora ne ha 31 e ha molta pi\u00f9 consapevolezza di s\u00e9. Qui,<strong> nello slum di Dandora<\/strong>, nel cuore della capitale keniana Nairobi, la chiamano \u201cdisclosure\u201d: una parola inglese che si traduce come presa d\u2019atto e apertura, capacit\u00e0 di condividere con gli altri ci\u00f2 che si \u00e8 appreso di s\u00e9.<\/p>\n<p>Di fronte, su una sedia di plastica bianca, abbiamo una <strong>\u201cmentor moth<\/strong><strong>er\u201d<\/strong>: una madre che dedica tempo ad ascoltare e a spiegare; e che \u00e8 una guida preziosa, perch\u00e9 l\u2019Hiv, il virus all\u2019origine della Sindrome da immunodeficienza acquisita (Aids), lo ha saputo accettare e sconfiggere. Ogni giorno, nel centro sanitario Dandora II, condivide la propria esperienza con altre giovani che stanno per avere un bambino o che sono appena diventate madri. \u201cAvevo il desiderio di aiutare le mamme come me perch\u00e9 potessero proteggere i loro piccoli dal virus\u201d spiega Damari. \u201cCon la terapia giusta, con una buona alimentazione e assumendo i farmaci <strong>antiretrovirali<\/strong> con regolarit\u00e0, \u00e8 possibile ridurre molto il livello di carica virale nell\u2019arco di pochi mesi\u201d.<\/p>\n<div id=\"attachment_17563\" style=\"width: 1034px\" class=\"wp-caption aligncenter\"><img loading=\"lazy\" decoding=\"async\" aria-describedby=\"caption-attachment-17563\" class=\"wp-image-17563 size-full\" src=\"https:\/\/www.aics.gov.it\/oltremare\/wp-content\/uploads\/2023\/10\/Kenya-mentor-mother.png\" alt=\"\" width=\"1024\" height=\"571\" srcset=\"https:\/\/www.aics.gov.it\/oltremare\/wp-content\/uploads\/2023\/10\/Kenya-mentor-mother.png 1024w, https:\/\/www.aics.gov.it\/oltremare\/wp-content\/uploads\/2023\/10\/Kenya-mentor-mother-600x335.png 600w, https:\/\/www.aics.gov.it\/oltremare\/wp-content\/uploads\/2023\/10\/Kenya-mentor-mother-768x428.png 768w\" sizes=\"auto, (max-width: 1024px) 100vw, 1024px\" \/><p id=\"caption-attachment-17563\" class=\"wp-caption-text\">Damari Nyakundi, una &#8220;mentor mother&#8221; di Dandora. \u00a9 Vincenzo Giardina<\/p><\/div>\n<p>Che il punto chiave sia la <strong>presa di coscienza, pi\u00f9 forte di ogni stigma<\/strong> o vergogna, lo dicono anche le pazienti pi\u00f9 anziane. Una di loro agita le braccia nella penombra mentre giovani madri la ascoltano attente sedute su panchine tutte intorno. \u201cTu lascia che parlino e intanto assumi i farmaci\u201d dice la donna, recitando come in trance: \u201cSe mangi bene e prendi le medicine vivi a lungo, ma se neghi la tua condizione invece muori\u201d.<\/p>\n<p>L\u2019accettazione, come presa di coscienza e pure come accoglienza, \u00e8 un principio base a Dandora II. Accanto al cancello di ingresso del centro sta scritto che i servizi sanitari sono offerti a titolo gratuito. Sul muro c\u2019\u00e8 anche un motto che \u00e8 in realt\u00e0 un impegno: \u201cMigliorare la qualit\u00e0 di vita della nostra comunit\u00e0\u201d. All\u2019interno ci accoglie il direttore, Dennis Nthiga. \u201cIl centro \u00e8 aperto 24 ore su 24 e ha un bacino di utenza di 70mila persone\u201d spiega. \u201cOffriamo servizi per la salute materno-infantile, di nutrizione e fisioterapia riabilitativa\u201d.<\/p>\n<div id=\"attachment_17571\" style=\"width: 992px\" class=\"wp-caption alignnone\"><img loading=\"lazy\" decoding=\"async\" aria-describedby=\"caption-attachment-17571\" class=\"wp-image-17571 size-full\" src=\"https:\/\/www.aics.gov.it\/oltremare\/wp-content\/uploads\/2023\/10\/Kenya-Tumaini-Health-Center-1.png\" alt=\"\" width=\"982\" height=\"685\" srcset=\"https:\/\/www.aics.gov.it\/oltremare\/wp-content\/uploads\/2023\/10\/Kenya-Tumaini-Health-Center-1.png 982w, https:\/\/www.aics.gov.it\/oltremare\/wp-content\/uploads\/2023\/10\/Kenya-Tumaini-Health-Center-1-600x419.png 600w, https:\/\/www.aics.gov.it\/oltremare\/wp-content\/uploads\/2023\/10\/Kenya-Tumaini-Health-Center-1-768x536.png 768w\" sizes=\"auto, (max-width: 982px) 100vw, 982px\" \/><p id=\"caption-attachment-17571\" class=\"wp-caption-text\">Il Tumaini Health Center. \u00a9 Vincenzo Giardina<\/p><\/div>\n<p>Damari \u00e8 una delle cinque \u201cmentor mother\u201d in servizio. \u201cFino a qualche tempo fa erano solo in due\u201d sottolinea Grazia Orsolato, una cooperante che vive in Kenya dal 2010 ed \u00e8 responsabile di <a href=\"https:\/\/www.medicusmundi.it\/it\/\" target=\"_blank\" rel=\"noopener\"><strong>Medicus Mundi<\/strong><\/a>, un\u2019organizzazione della societ\u00e0 civile parte della rete Network italiano salute globale. \u201cIl compito delle \u2018mentor mother\u2019 \u00e8 sensibilizzare nei quartieri, spingendo le donne sieropositive a fare i test e cominciare la cura nel centro: sono un ponte fondamentale con la comunit\u00e0, indispensabile per garantire pi\u00f9 informazione, consapevolezza, salute e diritti\u201d. Le madri attiviste sono stipendiate e formate da Medicus Mundi grazie a un progetto che si chiama \u201c<strong>Born to Be Healthy\u201d<\/strong>, \u201cnati per stare bene\u201d: l\u2019obiettivo, grazie al supporto dall\u2019Agenzia italiana per la cooperazione allo sviluppo (Aics), \u00e8 ridurre il pi\u00f9 possibile il tasso di trasmissione dell\u2019Hiv dalle madri ai figli.<\/p>\n<p>Ne parliamo, a Nairobi, con <strong>Giovanni Grandi<\/strong>. Gi\u00e0 dirigente di banche di investimento internazionali, esperto di finanza per lo sviluppo, dallo scorso anno ha assunto la guida di un ufficio chiave di Aics, che copre Paesi lontani e diversi tra loro come Repubblica democratica del Congo e Kenya, Tanzania e Burundi, Uganda e Somalia. \u201cI servizi per le persone, nel settore dell\u2019istruzione, della parit\u00e0 di genere e ovviamente della sanit\u00e0, sono uno degli impegni principali\u201d sottolinea Grandi. \u201cLa cornice \u00e8 costituita dal <strong>Kenya-Italy Sustainable Development Plan<\/strong>, una programmazione pluriennale sottoscritta nel marzo scorso in occasione della <a href=\"https:\/\/www.aics.gov.it\/news\/2023\/72892\/\" target=\"_blank\" rel=\"noopener\">visita a Nairobi del presidente della Repubblica Sergio Mattarella<\/a>\u201d. Lo stanziamento complessivo per gli interventi di cooperazione \u00e8 di cento milioni di euro, suddivisi in tre anni, sotto forma di dono o di crediti. \u201cUno dei programmi di riferimento riguarda la salute materno-infantile\u201d evidenzia Grandi. \u201c\u00c8 implementato tramite organizzazioni della societ\u00e0 civile, che qui sono un partner fondamentale, e ha un carattere regionale, coprendo non solo il Kenya ma anche l\u2019Uganda e la Tanzania\u201d. Secondo il dirigente di Aics, \u201canche grazie alla consulenza del <a href=\"https:\/\/www.centrosaluteglobale.eu\/\" target=\"_blank\" rel=\"noopener\">Centro di salute globale Meyer di Firenze<\/a>, si punta a creare una rete tra sistemi sanitari per mettere a comune denominatore i protocolli e le pratiche migliori\u201d. Le iniziative sono differenti: si va dalla formazione alla fornitura di attrezzature e al supporto per l\u2019innovazione tecnologica.<\/p>\n<div id=\"attachment_17564\" style=\"width: 1034px\" class=\"wp-caption aligncenter\"><img loading=\"lazy\" decoding=\"async\" aria-describedby=\"caption-attachment-17564\" class=\"wp-image-17564 size-large\" src=\"https:\/\/www.aics.gov.it\/oltremare\/wp-content\/uploads\/2023\/10\/Kenya-Neema-dottor-Njogu-1024x640.png\" alt=\"\" width=\"1024\" height=\"640\" srcset=\"https:\/\/www.aics.gov.it\/oltremare\/wp-content\/uploads\/2023\/10\/Kenya-Neema-dottor-Njogu-1024x640.png 1024w, https:\/\/www.aics.gov.it\/oltremare\/wp-content\/uploads\/2023\/10\/Kenya-Neema-dottor-Njogu-600x375.png 600w, https:\/\/www.aics.gov.it\/oltremare\/wp-content\/uploads\/2023\/10\/Kenya-Neema-dottor-Njogu-768x480.png 768w, https:\/\/www.aics.gov.it\/oltremare\/wp-content\/uploads\/2023\/10\/Kenya-Neema-dottor-Njogu.png 1105w\" sizes=\"auto, (max-width: 1024px) 100vw, 1024px\" \/><p id=\"caption-attachment-17564\" class=\"wp-caption-text\">Washington Njogu, direttore sanitario del &#8220;Neema&#8221; Hospital. \u00a9 Vincenzo Giardina<\/p><\/div>\n<p>Qualche esempio? Ne troviamo al <strong>\u201cNeema\u201d Hospital,<\/strong> una struttura di riferimento per una decina di centri sanitari negli slum. \u201cTra i progetti c\u2019\u00e8 l\u2019app <strong>Mimba+<\/strong>, una parola swahili che vuol dire gravidanza\u201d ci spiega <a href=\"https:\/\/www.youtube.com\/watch?v=6A_uOOUUSqs\" target=\"_blank\" rel=\"noopener\"><strong>Washington Njogu<\/strong><\/a>, il direttore sanitario. Laureato in medicina all\u2019Universit\u00e0 di Perugia e specializzato a Nairobi in igiene pubblica, lavora insieme con l\u2019organizzazione World Friends e condivide volentieri le nuove iniziative. \u201cGrazie al supporto della Cooperazione italiana, la nuova applicazione aiuter\u00e0 sia i pazienti sia lo staff medico con promemoria delle visite prenatali inviati anche via mobile e digitalizzazione delle cartelle cliniche\u201d.<\/p>\n<div style=\"box-shadow: 10px 10px 28px 0px rgba(171,171,171,1); padding: 25px;\"><span style=\"color: #000000;\">Biografia<\/span><br \/>\n<span style=\"color: #000000;\"><strong>Vincenzo Giardina<\/strong><\/span><br \/>\n<span style=\"color: #000000;\">Nato a Padova, laureato in storia contemporanea, \u00e8 un giornalista professionista. Coordina il notiziario internazionale dell\u2019agenzia di stampa Dire. Tra le sue collaborazioni Il Venerd\u00ec di Repubblica, Internazionale, l\u2019Espresso e Nigrizia. Gi\u00e0 redattore dell\u2019agenzia di stampa missionaria Misna, si \u00e8 specializzato sull\u2019Africa e sui temi dei diritti umani e della lotta contro le disuguaglianze. Scrive su Oltremare, magazine dell\u2019Agenzia italiana per la cooperazione allo sviluppo, e interviene come esperto o inviato su Radio Rai, Radio Vaticana e altre emittenti. Suoi articoli e reportage sono pubblicati anche da La Stampa e Vanity Fair. Parla pi\u00f9 lingue, tra le quali il russo.<\/span><br \/>\n<a href=\"https:\/\/www.vincenzogiardina.org\/\" target=\"_blank\" rel=\"noopener noreferrer\">www.vincenzogiardina.org<\/a><img decoding=\"async\" class=\"aligncenter\" src=\"https:\/\/www.aics.gov.it\/oltremare\/wp-content\/uploads\/2020\/04\/giardina-bio.png\" \/><\/div>\n","protected":false},"excerpt":{"rendered":"<p>La lotta contro l\u2019Hiv passa attraverso la consapevolezza di s\u00e9. Con l\u2019aiuto di mamme che ce l\u2019hanno fatta e ora vogliono aiutare le altre. Insieme con la Cooperazione italiana. Reportage<\/p>\n","protected":false},"author":5,"featured_media":17562,"comment_status":"open","ping_status":"open","sticky":false,"template":"","format":"standard","meta":{"footnotes":""},"categories":[136],"tags":[1401,1409,1124,337,1179,1393,287,390],"class_list":["post-17539","post","type-post","status-publish","format-standard","has-post-thumbnail","hentry","category-persone","tag-dandora","tag-giovanni-grandi","tag-hiv","tag-kenya","tag-nairobi","tag-reportage","tag-salute","tag-slum"],"yoast_head":"<!-- This site is optimized with the Yoast SEO plugin v27.5 - https:\/\/yoast.com\/product\/yoast-seo-wordpress\/ -->\n<title>Anche a Dandora e negli slum sono nati per stare bene - Oltremare<\/title>\n<meta name=\"robots\" content=\"index, follow, max-snippet:-1, max-image-preview:large, max-video-preview:-1\" \/>\n<link rel=\"canonical\" href=\"https:\/\/www.aics.gov.it\/oltremare\/articoli\/persone\/anche-a-dandora-e-negli-slum-sono-nati-per-stare-bene\/\" \/>\n<meta property=\"og:locale\" content=\"it_IT\" \/>\n<meta property=\"og:type\" content=\"article\" \/>\n<meta property=\"og:title\" content=\"Anche a Dandora e negli slum sono nati per stare bene - Oltremare\" \/>\n<meta property=\"og:description\" content=\"La lotta contro l\u2019Hiv passa attraverso la consapevolezza di s\u00e9. Con l\u2019aiuto di mamme che ce l\u2019hanno fatta e ora vogliono aiutare le altre. Insieme con la Cooperazione italiana. Reportage\" \/>\n<meta property=\"og:url\" content=\"https:\/\/www.aics.gov.it\/oltremare\/articoli\/persone\/anche-a-dandora-e-negli-slum-sono-nati-per-stare-bene\/\" \/>\n<meta property=\"og:site_name\" content=\"Oltremare\" \/>\n<meta property=\"article:publisher\" content=\"https:\/\/www.facebook.com\/Agenzia-Italiana-per-la-Cooperazione-allo-Sviluppo-996004880482735\/\" \/>\n<meta property=\"article:published_time\" content=\"2023-10-15T19:49:54+00:00\" \/>\n<meta property=\"article:modified_time\" content=\"2023-10-16T08:32:45+00:00\" \/>\n<meta property=\"og:image\" content=\"https:\/\/www.aics.gov.it\/oltremare\/wp-content\/uploads\/2023\/10\/Kenya-Centro-Dandora-II.png\" \/>\n\t<meta property=\"og:image:width\" content=\"1210\" \/>\n\t<meta property=\"og:image:height\" content=\"688\" \/>\n\t<meta property=\"og:image:type\" content=\"image\/png\" \/>\n<meta name=\"author\" content=\"Vincenzo Giardina\" \/>\n<meta name=\"twitter:card\" content=\"summary_large_image\" \/>\n<meta name=\"twitter:creator\" content=\"@aics_it\" \/>\n<meta name=\"twitter:site\" content=\"@aics_it\" \/>\n<meta name=\"twitter:label1\" content=\"Scritto da\" \/>\n\t<meta name=\"twitter:data1\" content=\"Vincenzo Giardina\" \/>\n\t<meta name=\"twitter:label2\" content=\"Tempo di lettura stimato\" \/>\n\t<meta name=\"twitter:data2\" content=\"7 minuti\" \/>\n<script type=\"application\/ld+json\" class=\"yoast-schema-graph\">{\"@context\":\"https:\\\/\\\/schema.org\",\"@graph\":[{\"@type\":\"Article\",\"@id\":\"https:\\\/\\\/www.aics.gov.it\\\/oltremare\\\/articoli\\\/persone\\\/anche-a-dandora-e-negli-slum-sono-nati-per-stare-bene\\\/#article\",\"isPartOf\":{\"@id\":\"https:\\\/\\\/www.aics.gov.it\\\/oltremare\\\/articoli\\\/persone\\\/anche-a-dandora-e-negli-slum-sono-nati-per-stare-bene\\\/\"},\"author\":{\"name\":\"Vincenzo Giardina\",\"@id\":\"https:\\\/\\\/www.aics.gov.it\\\/oltremare\\\/#\\\/schema\\\/person\\\/063c4f74c60040713c4f7cc532521ae1\"},\"headline\":\"Anche a Dandora e negli slum sono nati per stare bene\",\"datePublished\":\"2023-10-15T19:49:54+00:00\",\"dateModified\":\"2023-10-16T08:32:45+00:00\",\"mainEntityOfPage\":{\"@id\":\"https:\\\/\\\/www.aics.gov.it\\\/oltremare\\\/articoli\\\/persone\\\/anche-a-dandora-e-negli-slum-sono-nati-per-stare-bene\\\/\"},\"wordCount\":1034,\"commentCount\":0,\"publisher\":{\"@id\":\"https:\\\/\\\/www.aics.gov.it\\\/oltremare\\\/#organization\"},\"image\":{\"@id\":\"https:\\\/\\\/www.aics.gov.it\\\/oltremare\\\/articoli\\\/persone\\\/anche-a-dandora-e-negli-slum-sono-nati-per-stare-bene\\\/#primaryimage\"},\"thumbnailUrl\":\"https:\\\/\\\/www.aics.gov.it\\\/oltremare\\\/wp-content\\\/uploads\\\/2023\\\/10\\\/Kenya-Centro-Dandora-II.png\",\"keywords\":[\"Dandora\",\"Giovanni Grandi\",\"Hiv\",\"Kenya\",\"Nairobi\",\"reportage\",\"Salute\",\"Slum\"],\"articleSection\":[\"Persone\"],\"inLanguage\":\"it-IT\",\"potentialAction\":[{\"@type\":\"CommentAction\",\"name\":\"Comment\",\"target\":[\"https:\\\/\\\/www.aics.gov.it\\\/oltremare\\\/articoli\\\/persone\\\/anche-a-dandora-e-negli-slum-sono-nati-per-stare-bene\\\/#respond\"]}]},{\"@type\":\"WebPage\",\"@id\":\"https:\\\/\\\/www.aics.gov.it\\\/oltremare\\\/articoli\\\/persone\\\/anche-a-dandora-e-negli-slum-sono-nati-per-stare-bene\\\/\",\"url\":\"https:\\\/\\\/www.aics.gov.it\\\/oltremare\\\/articoli\\\/persone\\\/anche-a-dandora-e-negli-slum-sono-nati-per-stare-bene\\\/\",\"name\":\"Anche a Dandora e negli slum sono nati per stare bene - Oltremare\",\"isPartOf\":{\"@id\":\"https:\\\/\\\/www.aics.gov.it\\\/oltremare\\\/#website\"},\"primaryImageOfPage\":{\"@id\":\"https:\\\/\\\/www.aics.gov.it\\\/oltremare\\\/articoli\\\/persone\\\/anche-a-dandora-e-negli-slum-sono-nati-per-stare-bene\\\/#primaryimage\"},\"image\":{\"@id\":\"https:\\\/\\\/www.aics.gov.it\\\/oltremare\\\/articoli\\\/persone\\\/anche-a-dandora-e-negli-slum-sono-nati-per-stare-bene\\\/#primaryimage\"},\"thumbnailUrl\":\"https:\\\/\\\/www.aics.gov.it\\\/oltremare\\\/wp-content\\\/uploads\\\/2023\\\/10\\\/Kenya-Centro-Dandora-II.png\",\"datePublished\":\"2023-10-15T19:49:54+00:00\",\"dateModified\":\"2023-10-16T08:32:45+00:00\",\"breadcrumb\":{\"@id\":\"https:\\\/\\\/www.aics.gov.it\\\/oltremare\\\/articoli\\\/persone\\\/anche-a-dandora-e-negli-slum-sono-nati-per-stare-bene\\\/#breadcrumb\"},\"inLanguage\":\"it-IT\",\"potentialAction\":[{\"@type\":\"ReadAction\",\"target\":[\"https:\\\/\\\/www.aics.gov.it\\\/oltremare\\\/articoli\\\/persone\\\/anche-a-dandora-e-negli-slum-sono-nati-per-stare-bene\\\/\"]}]},{\"@type\":\"ImageObject\",\"inLanguage\":\"it-IT\",\"@id\":\"https:\\\/\\\/www.aics.gov.it\\\/oltremare\\\/articoli\\\/persone\\\/anche-a-dandora-e-negli-slum-sono-nati-per-stare-bene\\\/#primaryimage\",\"url\":\"https:\\\/\\\/www.aics.gov.it\\\/oltremare\\\/wp-content\\\/uploads\\\/2023\\\/10\\\/Kenya-Centro-Dandora-II.png\",\"contentUrl\":\"https:\\\/\\\/www.aics.gov.it\\\/oltremare\\\/wp-content\\\/uploads\\\/2023\\\/10\\\/Kenya-Centro-Dandora-II.png\",\"width\":1210,\"height\":688},{\"@type\":\"BreadcrumbList\",\"@id\":\"https:\\\/\\\/www.aics.gov.it\\\/oltremare\\\/articoli\\\/persone\\\/anche-a-dandora-e-negli-slum-sono-nati-per-stare-bene\\\/#breadcrumb\",\"itemListElement\":[{\"@type\":\"ListItem\",\"position\":1,\"name\":\"Home\",\"item\":\"https:\\\/\\\/www.aics.gov.it\\\/oltremare\\\/\"},{\"@type\":\"ListItem\",\"position\":2,\"name\":\"Anche a Dandora e negli slum sono nati per stare bene\"}]},{\"@type\":\"WebSite\",\"@id\":\"https:\\\/\\\/www.aics.gov.it\\\/oltremare\\\/#website\",\"url\":\"https:\\\/\\\/www.aics.gov.it\\\/oltremare\\\/\",\"name\":\"Oltremare\",\"description\":\"Il Blog della cooperazione\",\"publisher\":{\"@id\":\"https:\\\/\\\/www.aics.gov.it\\\/oltremare\\\/#organization\"},\"potentialAction\":[{\"@type\":\"SearchAction\",\"target\":{\"@type\":\"EntryPoint\",\"urlTemplate\":\"https:\\\/\\\/www.aics.gov.it\\\/oltremare\\\/?s={search_term_string}\"},\"query-input\":{\"@type\":\"PropertyValueSpecification\",\"valueRequired\":true,\"valueName\":\"search_term_string\"}}],\"inLanguage\":\"it-IT\"},{\"@type\":\"Organization\",\"@id\":\"https:\\\/\\\/www.aics.gov.it\\\/oltremare\\\/#organization\",\"name\":\"Agenzia Italiana per la Cooperazione allo Sviluppo\",\"url\":\"https:\\\/\\\/www.aics.gov.it\\\/oltremare\\\/\",\"logo\":{\"@type\":\"ImageObject\",\"inLanguage\":\"it-IT\",\"@id\":\"https:\\\/\\\/www.aics.gov.it\\\/oltremare\\\/#\\\/schema\\\/logo\\\/image\\\/\",\"url\":\"https:\\\/\\\/www.aics.gov.it\\\/oltremare\\\/wp-content\\\/uploads\\\/2018\\\/02\\\/AICS_HEADER_530x130_EC1-e1518178146163.jpg\",\"contentUrl\":\"https:\\\/\\\/www.aics.gov.it\\\/oltremare\\\/wp-content\\\/uploads\\\/2018\\\/02\\\/AICS_HEADER_530x130_EC1-e1518178146163.jpg\",\"width\":300,\"height\":74,\"caption\":\"Agenzia Italiana per la Cooperazione allo Sviluppo\"},\"image\":{\"@id\":\"https:\\\/\\\/www.aics.gov.it\\\/oltremare\\\/#\\\/schema\\\/logo\\\/image\\\/\"},\"sameAs\":[\"https:\\\/\\\/www.facebook.com\\\/Agenzia-Italiana-per-la-Cooperazione-allo-Sviluppo-996004880482735\\\/\",\"https:\\\/\\\/x.com\\\/aics_it\",\"https:\\\/\\\/www.instagram.com\\\/aics_cooperazione_it\\\/\",\"https:\\\/\\\/www.youtube.com\\\/channel\\\/UCbssygnjreKD1Se1mDeCQ5w\"]},{\"@type\":\"Person\",\"@id\":\"https:\\\/\\\/www.aics.gov.it\\\/oltremare\\\/#\\\/schema\\\/person\\\/063c4f74c60040713c4f7cc532521ae1\",\"name\":\"Vincenzo Giardina\",\"image\":{\"@type\":\"ImageObject\",\"inLanguage\":\"it-IT\",\"@id\":\"https:\\\/\\\/secure.gravatar.com\\\/avatar\\\/e368c39b5301ca1e7032008e1f23665d9ca8f9e96c7d4cbde0ab893eb3fd3767?s=96&d=mm&r=g\",\"url\":\"https:\\\/\\\/secure.gravatar.com\\\/avatar\\\/e368c39b5301ca1e7032008e1f23665d9ca8f9e96c7d4cbde0ab893eb3fd3767?s=96&d=mm&r=g\",\"contentUrl\":\"https:\\\/\\\/secure.gravatar.com\\\/avatar\\\/e368c39b5301ca1e7032008e1f23665d9ca8f9e96c7d4cbde0ab893eb3fd3767?s=96&d=mm&r=g\",\"caption\":\"Vincenzo Giardina\"},\"url\":\"https:\\\/\\\/www.aics.gov.it\\\/oltremare\\\/author\\\/vincenzogiardina\\\/\"}]}<\/script>\n<!-- \/ Yoast SEO plugin. -->","yoast_head_json":{"title":"Anche a Dandora e negli slum sono nati per stare bene - Oltremare","robots":{"index":"index","follow":"follow","max-snippet":"max-snippet:-1","max-image-preview":"max-image-preview:large","max-video-preview":"max-video-preview:-1"},"canonical":"https:\/\/www.aics.gov.it\/oltremare\/articoli\/persone\/anche-a-dandora-e-negli-slum-sono-nati-per-stare-bene\/","og_locale":"it_IT","og_type":"article","og_title":"Anche a Dandora e negli slum sono nati per stare bene - Oltremare","og_description":"La lotta contro l\u2019Hiv passa attraverso la consapevolezza di s\u00e9. Con l\u2019aiuto di mamme che ce l\u2019hanno fatta e ora vogliono aiutare le altre. Insieme con la Cooperazione italiana. Reportage","og_url":"https:\/\/www.aics.gov.it\/oltremare\/articoli\/persone\/anche-a-dandora-e-negli-slum-sono-nati-per-stare-bene\/","og_site_name":"Oltremare","article_publisher":"https:\/\/www.facebook.com\/Agenzia-Italiana-per-la-Cooperazione-allo-Sviluppo-996004880482735\/","article_published_time":"2023-10-15T19:49:54+00:00","article_modified_time":"2023-10-16T08:32:45+00:00","og_image":[{"width":1210,"height":688,"url":"https:\/\/www.aics.gov.it\/oltremare\/wp-content\/uploads\/2023\/10\/Kenya-Centro-Dandora-II.png","type":"image\/png"}],"author":"Vincenzo Giardina","twitter_card":"summary_large_image","twitter_creator":"@aics_it","twitter_site":"@aics_it","twitter_misc":{"Scritto da":"Vincenzo Giardina","Tempo di lettura stimato":"7 minuti"},"schema":{"@context":"https:\/\/schema.org","@graph":[{"@type":"Article","@id":"https:\/\/www.aics.gov.it\/oltremare\/articoli\/persone\/anche-a-dandora-e-negli-slum-sono-nati-per-stare-bene\/#article","isPartOf":{"@id":"https:\/\/www.aics.gov.it\/oltremare\/articoli\/persone\/anche-a-dandora-e-negli-slum-sono-nati-per-stare-bene\/"},"author":{"name":"Vincenzo Giardina","@id":"https:\/\/www.aics.gov.it\/oltremare\/#\/schema\/person\/063c4f74c60040713c4f7cc532521ae1"},"headline":"Anche a Dandora e negli slum sono nati per stare bene","datePublished":"2023-10-15T19:49:54+00:00","dateModified":"2023-10-16T08:32:45+00:00","mainEntityOfPage":{"@id":"https:\/\/www.aics.gov.it\/oltremare\/articoli\/persone\/anche-a-dandora-e-negli-slum-sono-nati-per-stare-bene\/"},"wordCount":1034,"commentCount":0,"publisher":{"@id":"https:\/\/www.aics.gov.it\/oltremare\/#organization"},"image":{"@id":"https:\/\/www.aics.gov.it\/oltremare\/articoli\/persone\/anche-a-dandora-e-negli-slum-sono-nati-per-stare-bene\/#primaryimage"},"thumbnailUrl":"https:\/\/www.aics.gov.it\/oltremare\/wp-content\/uploads\/2023\/10\/Kenya-Centro-Dandora-II.png","keywords":["Dandora","Giovanni Grandi","Hiv","Kenya","Nairobi","reportage","Salute","Slum"],"articleSection":["Persone"],"inLanguage":"it-IT","potentialAction":[{"@type":"CommentAction","name":"Comment","target":["https:\/\/www.aics.gov.it\/oltremare\/articoli\/persone\/anche-a-dandora-e-negli-slum-sono-nati-per-stare-bene\/#respond"]}]},{"@type":"WebPage","@id":"https:\/\/www.aics.gov.it\/oltremare\/articoli\/persone\/anche-a-dandora-e-negli-slum-sono-nati-per-stare-bene\/","url":"https:\/\/www.aics.gov.it\/oltremare\/articoli\/persone\/anche-a-dandora-e-negli-slum-sono-nati-per-stare-bene\/","name":"Anche a Dandora e negli slum sono nati per stare bene - Oltremare","isPartOf":{"@id":"https:\/\/www.aics.gov.it\/oltremare\/#website"},"primaryImageOfPage":{"@id":"https:\/\/www.aics.gov.it\/oltremare\/articoli\/persone\/anche-a-dandora-e-negli-slum-sono-nati-per-stare-bene\/#primaryimage"},"image":{"@id":"https:\/\/www.aics.gov.it\/oltremare\/articoli\/persone\/anche-a-dandora-e-negli-slum-sono-nati-per-stare-bene\/#primaryimage"},"thumbnailUrl":"https:\/\/www.aics.gov.it\/oltremare\/wp-content\/uploads\/2023\/10\/Kenya-Centro-Dandora-II.png","datePublished":"2023-10-15T19:49:54+00:00","dateModified":"2023-10-16T08:32:45+00:00","breadcrumb":{"@id":"https:\/\/www.aics.gov.it\/oltremare\/articoli\/persone\/anche-a-dandora-e-negli-slum-sono-nati-per-stare-bene\/#breadcrumb"},"inLanguage":"it-IT","potentialAction":[{"@type":"ReadAction","target":["https:\/\/www.aics.gov.it\/oltremare\/articoli\/persone\/anche-a-dandora-e-negli-slum-sono-nati-per-stare-bene\/"]}]},{"@type":"ImageObject","inLanguage":"it-IT","@id":"https:\/\/www.aics.gov.it\/oltremare\/articoli\/persone\/anche-a-dandora-e-negli-slum-sono-nati-per-stare-bene\/#primaryimage","url":"https:\/\/www.aics.gov.it\/oltremare\/wp-content\/uploads\/2023\/10\/Kenya-Centro-Dandora-II.png","contentUrl":"https:\/\/www.aics.gov.it\/oltremare\/wp-content\/uploads\/2023\/10\/Kenya-Centro-Dandora-II.png","width":1210,"height":688},{"@type":"BreadcrumbList","@id":"https:\/\/www.aics.gov.it\/oltremare\/articoli\/persone\/anche-a-dandora-e-negli-slum-sono-nati-per-stare-bene\/#breadcrumb","itemListElement":[{"@type":"ListItem","position":1,"name":"Home","item":"https:\/\/www.aics.gov.it\/oltremare\/"},{"@type":"ListItem","position":2,"name":"Anche a Dandora e negli slum sono nati per stare bene"}]},{"@type":"WebSite","@id":"https:\/\/www.aics.gov.it\/oltremare\/#website","url":"https:\/\/www.aics.gov.it\/oltremare\/","name":"Oltremare","description":"Il Blog della cooperazione","publisher":{"@id":"https:\/\/www.aics.gov.it\/oltremare\/#organization"},"potentialAction":[{"@type":"SearchAction","target":{"@type":"EntryPoint","urlTemplate":"https:\/\/www.aics.gov.it\/oltremare\/?s={search_term_string}"},"query-input":{"@type":"PropertyValueSpecification","valueRequired":true,"valueName":"search_term_string"}}],"inLanguage":"it-IT"},{"@type":"Organization","@id":"https:\/\/www.aics.gov.it\/oltremare\/#organization","name":"Agenzia Italiana per la Cooperazione allo Sviluppo","url":"https:\/\/www.aics.gov.it\/oltremare\/","logo":{"@type":"ImageObject","inLanguage":"it-IT","@id":"https:\/\/www.aics.gov.it\/oltremare\/#\/schema\/logo\/image\/","url":"https:\/\/www.aics.gov.it\/oltremare\/wp-content\/uploads\/2018\/02\/AICS_HEADER_530x130_EC1-e1518178146163.jpg","contentUrl":"https:\/\/www.aics.gov.it\/oltremare\/wp-content\/uploads\/2018\/02\/AICS_HEADER_530x130_EC1-e1518178146163.jpg","width":300,"height":74,"caption":"Agenzia Italiana per la Cooperazione allo Sviluppo"},"image":{"@id":"https:\/\/www.aics.gov.it\/oltremare\/#\/schema\/logo\/image\/"},"sameAs":["https:\/\/www.facebook.com\/Agenzia-Italiana-per-la-Cooperazione-allo-Sviluppo-996004880482735\/","https:\/\/x.com\/aics_it","https:\/\/www.instagram.com\/aics_cooperazione_it\/","https:\/\/www.youtube.com\/channel\/UCbssygnjreKD1Se1mDeCQ5w"]},{"@type":"Person","@id":"https:\/\/www.aics.gov.it\/oltremare\/#\/schema\/person\/063c4f74c60040713c4f7cc532521ae1","name":"Vincenzo Giardina","image":{"@type":"ImageObject","inLanguage":"it-IT","@id":"https:\/\/secure.gravatar.com\/avatar\/e368c39b5301ca1e7032008e1f23665d9ca8f9e96c7d4cbde0ab893eb3fd3767?s=96&d=mm&r=g","url":"https:\/\/secure.gravatar.com\/avatar\/e368c39b5301ca1e7032008e1f23665d9ca8f9e96c7d4cbde0ab893eb3fd3767?s=96&d=mm&r=g","contentUrl":"https:\/\/secure.gravatar.com\/avatar\/e368c39b5301ca1e7032008e1f23665d9ca8f9e96c7d4cbde0ab893eb3fd3767?s=96&d=mm&r=g","caption":"Vincenzo Giardina"},"url":"https:\/\/www.aics.gov.it\/oltremare\/author\/vincenzogiardina\/"}]}},"_links":{"self":[{"href":"https:\/\/www.aics.gov.it\/oltremare\/wp-json\/wp\/v2\/posts\/17539","targetHints":{"allow":["GET"]}}],"collection":[{"href":"https:\/\/www.aics.gov.it\/oltremare\/wp-json\/wp\/v2\/posts"}],"about":[{"href":"https:\/\/www.aics.gov.it\/oltremare\/wp-json\/wp\/v2\/types\/post"}],"author":[{"embeddable":true,"href":"https:\/\/www.aics.gov.it\/oltremare\/wp-json\/wp\/v2\/users\/5"}],"replies":[{"embeddable":true,"href":"https:\/\/www.aics.gov.it\/oltremare\/wp-json\/wp\/v2\/comments?post=17539"}],"version-history":[{"count":7,"href":"https:\/\/www.aics.gov.it\/oltremare\/wp-json\/wp\/v2\/posts\/17539\/revisions"}],"predecessor-version":[{"id":17588,"href":"https:\/\/www.aics.gov.it\/oltremare\/wp-json\/wp\/v2\/posts\/17539\/revisions\/17588"}],"wp:featuredmedia":[{"embeddable":true,"href":"https:\/\/www.aics.gov.it\/oltremare\/wp-json\/wp\/v2\/media\/17562"}],"wp:attachment":[{"href":"https:\/\/www.aics.gov.it\/oltremare\/wp-json\/wp\/v2\/media?parent=17539"}],"wp:term":[{"taxonomy":"category","embeddable":true,"href":"https:\/\/www.aics.gov.it\/oltremare\/wp-json\/wp\/v2\/categories?post=17539"},{"taxonomy":"post_tag","embeddable":true,"href":"https:\/\/www.aics.gov.it\/oltremare\/wp-json\/wp\/v2\/tags?post=17539"}],"curies":[{"name":"wp","href":"https:\/\/api.w.org\/{rel}","templated":true}]}}