{"id":17541,"date":"2023-10-13T18:11:33","date_gmt":"2023-10-13T16:11:33","guid":{"rendered":"https:\/\/www.aics.gov.it\/oltremare\/?p=17541"},"modified":"2023-11-24T14:49:52","modified_gmt":"2023-11-24T13:49:52","slug":"africa-si-rafforza-la-posizione-panafricana-allinterno-dei-negoziati-sul-clima","status":"publish","type":"post","link":"https:\/\/www.aics.gov.it\/oltremare\/articoli\/pianeta\/africa-si-rafforza-la-posizione-panafricana-allinterno-dei-negoziati-sul-clima\/","title":{"rendered":"Africa, si rafforza la posizione panafricana all\u2019interno dei negoziati sul clima"},"content":{"rendered":"<p>Il continente africano cerca un posto al sole all\u2019interno del processo delineato dall\u2019Accordo di Parigi sui cambiamenti climatici e spinge per aumentare gli investimenti in finanza climatica sul suolo continentale<\/p>\n<p><!--more--><\/p>\n<p>\u201cVogliamo iniziare a cambiare il discorso rispetto all&#8217;Africa vittima di fame, carestie e inondazioni&#8221;, ha dichiarato la ministra keniana dell&#8217;Ambiente Roselinda Soipan Tuya. &#8220;La nuova narrazione dovrebbe essere quella di un&#8217;Africa disposta e pronta ad attrarre capitali in maniera tempestiva, equa e su larga scala per guidare il mondo nell&#8217;affrontare il cambiamento climatico&#8221;. Le parole della Soipan Tuya riassumono bene la posizione di molti Paesi che si sono dati appuntamento a settembre per il primo vertice pan-africano sul clima, l&#8217;<strong>Africa Climate Summit<\/strong>. Durante la tre giorni, conclusasi il 6 settembre \u00e8 stata approvata la Dichiarazione di Nairobi, <strong>una Roadmap per lo sviluppo dell\u2019Africa come potenza verde<\/strong> con il supporto della finanza climatica delle nazioni industrializzate.<\/p>\n<p><strong>La Dichiarazione di Nairobi<\/strong><\/p>\n<p>L\u2019accordo tra i Paesi africani sostanzia una nuova narrativa politica ed economica africana, con l\u2019Unione Africana al centro, in cerca di <strong>un nuovo protagonismo alla Cop28 sul clima<\/strong> che si terr\u00e0 a Dubai dal 30 novembre. Posizioni negoziali comuni (un sotto-blocco del G77 con in pi\u00f9 la Cina), rafforzamento della cooperazione su progetti di gestione del rischio, uffici dedicati per l\u2019impiego della finanza climatica, lavoro congiunto su temi di interesse rilevante come il <a href=\"https:\/\/www.aics.gov.it\/oltremare\/articoli\/persone\/lossdamage-il-tema-al-cuore-del-prossimo-negoziato-che-interessa-la-cooperazione\/\" target=\"_blank\" rel=\"noopener\">loss&amp;damage<\/a>, workshop e nuove collaborazioni tecniche e di partenariato.<\/p>\n<p>L\u2019attenzione \u00e8, per\u00f2, soprattutto sui soldi e la finanza climatica. La Dichiarazione fa riferimento alla richiesta di \u201c<strong>una nuova architettura finanziaria che risponda alle esigenze dell\u2019Africa<\/strong>, compresa la ristrutturazione e la riduzione del debito\u201d, mentre con i tassi d\u2019interesse sempre pi\u00f9 alti e le garanzie sempre pi\u00f9 ridotte il momento per gli investimenti green sembra perdere trazioni.<\/p>\n<p>La richiesta che ha avuto maggiore eco sui media, oltre allo sforzo di riforma delle banche di sviluppo multilaterali, \u00e8 stata quella di creare \u201cun regime globale di tassazione del carbonio, compresa una tassa sul carbonio sul commercio di combustibili fossili, sui trasporti marittimi e sull&#8217;aviazione, che potrebbe anche essere aumentata da una tassa globale sulle transazioni finanziarie\u201d.<\/p>\n<p>Intanto sono arrivati i primi impegni economici: il presidente kenianio William Ruto ha affermato che i governi internazionali, le banche di sviluppo, gli investitori privati e i filantropi <strong>hanno impegnato complessivamente<\/strong> <strong>23 miliardi di dollari<\/strong> i<strong>n progetti ecologici nel corso dei tre giorni<\/strong>, comprese centinaia di milioni per \u201cun\u2019importante iniziativa sui mercati del carbonio\u201d.<\/p>\n<p>Gli Emirati Arabi Uniti, nazione ospite del prossimo summit sul clima hanno investito 4,5 miliardi di dollari per realizzare impianti da 15 gigawatt di energia rinnovabile nel continente africano, una mossa chiaramente politica per cercare consenso preventivo per evitare una figuraccia al prossimo negoziato che si annuncia complicatissimo (tra guerra in Russia, posizioni pro-fossili e la polveriera mediorientale). L\u2019offerta \u00e8 consistente ma l&#8217;obiettivo, attraverso la stessa Dichiarazione di Nairobi per l\u2019Africa, \u00e8 di arrivare a 300 Gw installati dagli attuali 56.<\/p>\n<p><strong>Cancellare il debito<\/strong><\/p>\n<p>Torna anche il grande <strong>tema del debito<\/strong>, legato ora alla decarbonizzazione. Per i Paesi africani i tassi di interesse sui prestiti legati alla transizione verde devono essere ridotti del 50% entro il 2025. Nella Dichiarazione di Nairobi si legge infatti: \u201cLa riforma della finanza multilaterale \u00e8 necessaria ma non sufficiente per fornire la portata dei finanziamenti per il clima di cui il mondo ha bisogno per raggiungere la riduzione delle emissioni del 45% entro il 2030, richiesta per rispettare l\u2019Accordo di Parigi, senza la quale mantenere il riscaldamento globale entro 1,5 gradi centigradi sar\u00e0 impossibile.<\/p>\n<p>[\u2026] Si noti inoltre che l\u2019entit\u00e0 dei finanziamenti necessari per sbloccare la crescita climatica positiva dell\u2019Africa va oltre la capacit\u00e0 di indebitamento dei bilanci nazionali, o al premio di rischio che l\u2019Africa sta attualmente pagando per il capitale privato\u201d.<\/p>\n<p><strong>Le criticit\u00e0<\/strong><\/p>\n<p>Secondo vari analisti il processo non \u00e8 stato completamente un successo. \u201cNon sono mancate le critiche dalla societ\u00e0 civile africana che ha denunciato come la presidenza kenyota abbia preparato la draft del documento in concertazione pi\u00f9 con i Paesi industrializzati che con la politica e la societ\u00e0 civile africane\u201d, ha dichiarato in un\u2019intervista all\u2019autore <strong>Federico Tassan Viol<\/strong>, del <em>think tank<\/em> Ecco. Per <strong>Bridget Mugambe<\/strong>, program coordinator dell\u2019Alliance for Food Sovereignty in Africa, non si \u00e8 parlato del ruolo dell\u2019agroecologia e del legame tra clima e biodiversit\u00e0, mentre varie Osc hanno ribadito la necessit\u00e0 di concentrare la finanza bi e multilaterale sul clima, chiedendo a tutti i paesi Ocse di raggiungere non oltre il 2025 l\u2019obiettivo del 0,7% del Prodotto interno lordo per la cooperazione (green) allo sviluppo.<\/p>\n<div style=\"box-shadow: 10px 10px 28px 0px rgba(171,171,171,1); padding: 25px;\">Biografia<br \/>\n<strong><strong>Emanuele Bompan<\/strong><br \/>\n<\/strong><a href=\"http:\/\/www.emanuelebompan.it\/\" target=\"_blank\" rel=\"noopener noreferrer\">Giornalista ambientale<\/a> e geografo. Si occupa di economia circolare, cambiamenti climatici, green-economy, politica americana. E&#8217; Direttore della rivista <a href=\"http:\/\/materiarinnovabile.it\/\" target=\"_blank\" rel=\"noopener noreferrer\">Materia Rinnovabile<\/a>, collabora con testate come La Stampa, Nuova Ecologia e Oltremare. Ha scritto <a href=\"https:\/\/www.hoepli.it\/libro\/atlante-geopolitico-dell-acqua\/9788820390433.html\" target=\"_blank\" rel=\"noopener noreferrer\">l&#8217;Atlante geopolitico dell&#8217;Acqua<\/a> (2019),<a href=\"https:\/\/www.amazon.it\/grabbing-Guerre-nascoste-lacqua-secolo\/dp\/8830724025\" target=\"_blank\" rel=\"noopener noreferrer\">Water Grabbing &#8211; le guerre nascoste per l&#8217;acqua nel XXI secolo<\/a> (2018) &#8220;<a href=\"http:\/\/www.libreriauniversitaria.it\/cosa-economia-circolare-bompan-emanuele\/libro\/9788866271864\" target=\"_blank\" rel=\"noopener noreferrer\">Che cosa \u00e8 l&#8217;economia circolare<\/a>&#8221; (2017). Ha vinto per quattro volte l\u2019European Journalism Center IDR Grant, una volta la Middlebury Environmental Journalism Fellowship, una volta la Google DNI Initiative ed \u00e8 stato nominato Giornalista per la Terra nel 2015.<strong><img decoding=\"async\" class=\"aligncenter\" src=\"https:\/\/www.aics.gov.it\/oltremare\/wp-content\/uploads\/2020\/04\/bompan-bio.png\" \/><\/strong><\/div>\n","protected":false},"excerpt":{"rendered":"<p>Il continente africano cerca un posto al sole all\u2019interno del processo delineato dall\u2019Accordo di Parigi sui cambiamenti climatici e spinge per aumentare gli investimenti in finanza climatica sul suolo continentale<\/p>\n","protected":false},"author":7,"featured_media":17561,"comment_status":"open","ping_status":"open","sticky":false,"template":"","format":"standard","meta":{"footnotes":""},"categories":[135],"tags":[193,239,1403,1402],"class_list":["post-17541","post","type-post","status-publish","format-standard","has-post-thumbnail","hentry","category-pianeta","tag-africa","tag-clima","tag-cop28","tag-negoziati"],"yoast_head":"<!-- This site is optimized with the Yoast SEO plugin v27.5 - https:\/\/yoast.com\/product\/yoast-seo-wordpress\/ -->\n<title>Africa, si rafforza la posizione panafricana all\u2019interno dei negoziati sul clima - Oltremare<\/title>\n<meta name=\"robots\" content=\"index, follow, max-snippet:-1, max-image-preview:large, max-video-preview:-1\" \/>\n<link rel=\"canonical\" href=\"https:\/\/www.aics.gov.it\/oltremare\/articoli\/pianeta\/africa-si-rafforza-la-posizione-panafricana-allinterno-dei-negoziati-sul-clima\/\" \/>\n<meta property=\"og:locale\" content=\"it_IT\" \/>\n<meta property=\"og:type\" content=\"article\" \/>\n<meta property=\"og:title\" content=\"Africa, si rafforza la posizione panafricana all\u2019interno dei negoziati sul clima - Oltremare\" \/>\n<meta property=\"og:description\" content=\"Il continente africano cerca un posto al sole all\u2019interno del processo delineato dall\u2019Accordo di Parigi sui cambiamenti climatici e spinge per aumentare gli investimenti in finanza climatica sul suolo continentale\" \/>\n<meta property=\"og:url\" content=\"https:\/\/www.aics.gov.it\/oltremare\/articoli\/pianeta\/africa-si-rafforza-la-posizione-panafricana-allinterno-dei-negoziati-sul-clima\/\" \/>\n<meta property=\"og:site_name\" content=\"Oltremare\" \/>\n<meta property=\"article:publisher\" content=\"https:\/\/www.facebook.com\/Agenzia-Italiana-per-la-Cooperazione-allo-Sviluppo-996004880482735\/\" \/>\n<meta property=\"article:published_time\" content=\"2023-10-13T16:11:33+00:00\" \/>\n<meta property=\"article:modified_time\" content=\"2023-11-24T13:49:52+00:00\" \/>\n<meta property=\"og:image\" content=\"https:\/\/www.aics.gov.it\/oltremare\/wp-content\/uploads\/2023\/10\/11237039165_7f81c8cb1f_k.jpg\" \/>\n\t<meta property=\"og:image:width\" content=\"2048\" \/>\n\t<meta property=\"og:image:height\" content=\"1365\" \/>\n\t<meta property=\"og:image:type\" content=\"image\/jpeg\" \/>\n<meta name=\"author\" content=\"Emanuele Bompan\" \/>\n<meta name=\"twitter:card\" content=\"summary_large_image\" \/>\n<meta name=\"twitter:creator\" content=\"@aics_it\" \/>\n<meta name=\"twitter:site\" content=\"@aics_it\" \/>\n<meta name=\"twitter:label1\" content=\"Scritto da\" \/>\n\t<meta name=\"twitter:data1\" content=\"Emanuele Bompan\" \/>\n\t<meta name=\"twitter:label2\" content=\"Tempo di lettura stimato\" \/>\n\t<meta name=\"twitter:data2\" content=\"5 minuti\" \/>\n<script type=\"application\/ld+json\" class=\"yoast-schema-graph\">{\"@context\":\"https:\\\/\\\/schema.org\",\"@graph\":[{\"@type\":\"Article\",\"@id\":\"https:\\\/\\\/www.aics.gov.it\\\/oltremare\\\/articoli\\\/pianeta\\\/africa-si-rafforza-la-posizione-panafricana-allinterno-dei-negoziati-sul-clima\\\/#article\",\"isPartOf\":{\"@id\":\"https:\\\/\\\/www.aics.gov.it\\\/oltremare\\\/articoli\\\/pianeta\\\/africa-si-rafforza-la-posizione-panafricana-allinterno-dei-negoziati-sul-clima\\\/\"},\"author\":{\"name\":\"Emanuele Bompan\",\"@id\":\"https:\\\/\\\/www.aics.gov.it\\\/oltremare\\\/#\\\/schema\\\/person\\\/7d9a8d1a87b6775f532e5b3e76d52c75\"},\"headline\":\"Africa, si rafforza la posizione panafricana all\u2019interno dei negoziati sul clima\",\"datePublished\":\"2023-10-13T16:11:33+00:00\",\"dateModified\":\"2023-11-24T13:49:52+00:00\",\"mainEntityOfPage\":{\"@id\":\"https:\\\/\\\/www.aics.gov.it\\\/oltremare\\\/articoli\\\/pianeta\\\/africa-si-rafforza-la-posizione-panafricana-allinterno-dei-negoziati-sul-clima\\\/\"},\"wordCount\":855,\"commentCount\":0,\"publisher\":{\"@id\":\"https:\\\/\\\/www.aics.gov.it\\\/oltremare\\\/#organization\"},\"image\":{\"@id\":\"https:\\\/\\\/www.aics.gov.it\\\/oltremare\\\/articoli\\\/pianeta\\\/africa-si-rafforza-la-posizione-panafricana-allinterno-dei-negoziati-sul-clima\\\/#primaryimage\"},\"thumbnailUrl\":\"https:\\\/\\\/www.aics.gov.it\\\/oltremare\\\/wp-content\\\/uploads\\\/2023\\\/10\\\/11237039165_7f81c8cb1f_k.jpg\",\"keywords\":[\"Africa\",\"Clima\",\"Cop28\",\"negoziati\"],\"articleSection\":[\"Pianeta\"],\"inLanguage\":\"it-IT\",\"potentialAction\":[{\"@type\":\"CommentAction\",\"name\":\"Comment\",\"target\":[\"https:\\\/\\\/www.aics.gov.it\\\/oltremare\\\/articoli\\\/pianeta\\\/africa-si-rafforza-la-posizione-panafricana-allinterno-dei-negoziati-sul-clima\\\/#respond\"]}]},{\"@type\":\"WebPage\",\"@id\":\"https:\\\/\\\/www.aics.gov.it\\\/oltremare\\\/articoli\\\/pianeta\\\/africa-si-rafforza-la-posizione-panafricana-allinterno-dei-negoziati-sul-clima\\\/\",\"url\":\"https:\\\/\\\/www.aics.gov.it\\\/oltremare\\\/articoli\\\/pianeta\\\/africa-si-rafforza-la-posizione-panafricana-allinterno-dei-negoziati-sul-clima\\\/\",\"name\":\"Africa, si rafforza la posizione panafricana all\u2019interno dei negoziati sul clima - Oltremare\",\"isPartOf\":{\"@id\":\"https:\\\/\\\/www.aics.gov.it\\\/oltremare\\\/#website\"},\"primaryImageOfPage\":{\"@id\":\"https:\\\/\\\/www.aics.gov.it\\\/oltremare\\\/articoli\\\/pianeta\\\/africa-si-rafforza-la-posizione-panafricana-allinterno-dei-negoziati-sul-clima\\\/#primaryimage\"},\"image\":{\"@id\":\"https:\\\/\\\/www.aics.gov.it\\\/oltremare\\\/articoli\\\/pianeta\\\/africa-si-rafforza-la-posizione-panafricana-allinterno-dei-negoziati-sul-clima\\\/#primaryimage\"},\"thumbnailUrl\":\"https:\\\/\\\/www.aics.gov.it\\\/oltremare\\\/wp-content\\\/uploads\\\/2023\\\/10\\\/11237039165_7f81c8cb1f_k.jpg\",\"datePublished\":\"2023-10-13T16:11:33+00:00\",\"dateModified\":\"2023-11-24T13:49:52+00:00\",\"breadcrumb\":{\"@id\":\"https:\\\/\\\/www.aics.gov.it\\\/oltremare\\\/articoli\\\/pianeta\\\/africa-si-rafforza-la-posizione-panafricana-allinterno-dei-negoziati-sul-clima\\\/#breadcrumb\"},\"inLanguage\":\"it-IT\",\"potentialAction\":[{\"@type\":\"ReadAction\",\"target\":[\"https:\\\/\\\/www.aics.gov.it\\\/oltremare\\\/articoli\\\/pianeta\\\/africa-si-rafforza-la-posizione-panafricana-allinterno-dei-negoziati-sul-clima\\\/\"]}]},{\"@type\":\"ImageObject\",\"inLanguage\":\"it-IT\",\"@id\":\"https:\\\/\\\/www.aics.gov.it\\\/oltremare\\\/articoli\\\/pianeta\\\/africa-si-rafforza-la-posizione-panafricana-allinterno-dei-negoziati-sul-clima\\\/#primaryimage\",\"url\":\"https:\\\/\\\/www.aics.gov.it\\\/oltremare\\\/wp-content\\\/uploads\\\/2023\\\/10\\\/11237039165_7f81c8cb1f_k.jpg\",\"contentUrl\":\"https:\\\/\\\/www.aics.gov.it\\\/oltremare\\\/wp-content\\\/uploads\\\/2023\\\/10\\\/11237039165_7f81c8cb1f_k.jpg\",\"width\":2048,\"height\":1365,\"caption\":\"Credit: Erik T\u00f6rner. Modern day Johannesburg, South Africa. Seen from \\\"Top Of Africa\\\" tower - the highest building in Africa.\"},{\"@type\":\"BreadcrumbList\",\"@id\":\"https:\\\/\\\/www.aics.gov.it\\\/oltremare\\\/articoli\\\/pianeta\\\/africa-si-rafforza-la-posizione-panafricana-allinterno-dei-negoziati-sul-clima\\\/#breadcrumb\",\"itemListElement\":[{\"@type\":\"ListItem\",\"position\":1,\"name\":\"Home\",\"item\":\"https:\\\/\\\/www.aics.gov.it\\\/oltremare\\\/\"},{\"@type\":\"ListItem\",\"position\":2,\"name\":\"Africa, si rafforza la posizione panafricana all\u2019interno dei negoziati sul clima\"}]},{\"@type\":\"WebSite\",\"@id\":\"https:\\\/\\\/www.aics.gov.it\\\/oltremare\\\/#website\",\"url\":\"https:\\\/\\\/www.aics.gov.it\\\/oltremare\\\/\",\"name\":\"Oltremare\",\"description\":\"Il Blog della cooperazione\",\"publisher\":{\"@id\":\"https:\\\/\\\/www.aics.gov.it\\\/oltremare\\\/#organization\"},\"potentialAction\":[{\"@type\":\"SearchAction\",\"target\":{\"@type\":\"EntryPoint\",\"urlTemplate\":\"https:\\\/\\\/www.aics.gov.it\\\/oltremare\\\/?s={search_term_string}\"},\"query-input\":{\"@type\":\"PropertyValueSpecification\",\"valueRequired\":true,\"valueName\":\"search_term_string\"}}],\"inLanguage\":\"it-IT\"},{\"@type\":\"Organization\",\"@id\":\"https:\\\/\\\/www.aics.gov.it\\\/oltremare\\\/#organization\",\"name\":\"Agenzia Italiana per la Cooperazione allo Sviluppo\",\"url\":\"https:\\\/\\\/www.aics.gov.it\\\/oltremare\\\/\",\"logo\":{\"@type\":\"ImageObject\",\"inLanguage\":\"it-IT\",\"@id\":\"https:\\\/\\\/www.aics.gov.it\\\/oltremare\\\/#\\\/schema\\\/logo\\\/image\\\/\",\"url\":\"https:\\\/\\\/www.aics.gov.it\\\/oltremare\\\/wp-content\\\/uploads\\\/2018\\\/02\\\/AICS_HEADER_530x130_EC1-e1518178146163.jpg\",\"contentUrl\":\"https:\\\/\\\/www.aics.gov.it\\\/oltremare\\\/wp-content\\\/uploads\\\/2018\\\/02\\\/AICS_HEADER_530x130_EC1-e1518178146163.jpg\",\"width\":300,\"height\":74,\"caption\":\"Agenzia Italiana per la Cooperazione allo Sviluppo\"},\"image\":{\"@id\":\"https:\\\/\\\/www.aics.gov.it\\\/oltremare\\\/#\\\/schema\\\/logo\\\/image\\\/\"},\"sameAs\":[\"https:\\\/\\\/www.facebook.com\\\/Agenzia-Italiana-per-la-Cooperazione-allo-Sviluppo-996004880482735\\\/\",\"https:\\\/\\\/x.com\\\/aics_it\",\"https:\\\/\\\/www.instagram.com\\\/aics_cooperazione_it\\\/\",\"https:\\\/\\\/www.youtube.com\\\/channel\\\/UCbssygnjreKD1Se1mDeCQ5w\"]},{\"@type\":\"Person\",\"@id\":\"https:\\\/\\\/www.aics.gov.it\\\/oltremare\\\/#\\\/schema\\\/person\\\/7d9a8d1a87b6775f532e5b3e76d52c75\",\"name\":\"Emanuele Bompan\",\"image\":{\"@type\":\"ImageObject\",\"inLanguage\":\"it-IT\",\"@id\":\"https:\\\/\\\/www.aics.gov.it\\\/oltremare\\\/wp-content\\\/uploads\\\/2018\\\/04\\\/bompan.png\",\"url\":\"https:\\\/\\\/www.aics.gov.it\\\/oltremare\\\/wp-content\\\/uploads\\\/2018\\\/04\\\/bompan.png\",\"contentUrl\":\"https:\\\/\\\/www.aics.gov.it\\\/oltremare\\\/wp-content\\\/uploads\\\/2018\\\/04\\\/bompan.png\",\"caption\":\"Emanuele Bompan\"},\"url\":\"https:\\\/\\\/www.aics.gov.it\\\/oltremare\\\/author\\\/emanuelebompan\\\/\"}]}<\/script>\n<!-- \/ Yoast SEO plugin. -->","yoast_head_json":{"title":"Africa, si rafforza la posizione panafricana all\u2019interno dei negoziati sul clima - Oltremare","robots":{"index":"index","follow":"follow","max-snippet":"max-snippet:-1","max-image-preview":"max-image-preview:large","max-video-preview":"max-video-preview:-1"},"canonical":"https:\/\/www.aics.gov.it\/oltremare\/articoli\/pianeta\/africa-si-rafforza-la-posizione-panafricana-allinterno-dei-negoziati-sul-clima\/","og_locale":"it_IT","og_type":"article","og_title":"Africa, si rafforza la posizione panafricana all\u2019interno dei negoziati sul clima - Oltremare","og_description":"Il continente africano cerca un posto al sole all\u2019interno del processo delineato dall\u2019Accordo di Parigi sui cambiamenti climatici e spinge per aumentare gli investimenti in finanza climatica sul suolo continentale","og_url":"https:\/\/www.aics.gov.it\/oltremare\/articoli\/pianeta\/africa-si-rafforza-la-posizione-panafricana-allinterno-dei-negoziati-sul-clima\/","og_site_name":"Oltremare","article_publisher":"https:\/\/www.facebook.com\/Agenzia-Italiana-per-la-Cooperazione-allo-Sviluppo-996004880482735\/","article_published_time":"2023-10-13T16:11:33+00:00","article_modified_time":"2023-11-24T13:49:52+00:00","og_image":[{"width":2048,"height":1365,"url":"https:\/\/www.aics.gov.it\/oltremare\/wp-content\/uploads\/2023\/10\/11237039165_7f81c8cb1f_k.jpg","type":"image\/jpeg"}],"author":"Emanuele Bompan","twitter_card":"summary_large_image","twitter_creator":"@aics_it","twitter_site":"@aics_it","twitter_misc":{"Scritto da":"Emanuele Bompan","Tempo di lettura stimato":"5 minuti"},"schema":{"@context":"https:\/\/schema.org","@graph":[{"@type":"Article","@id":"https:\/\/www.aics.gov.it\/oltremare\/articoli\/pianeta\/africa-si-rafforza-la-posizione-panafricana-allinterno-dei-negoziati-sul-clima\/#article","isPartOf":{"@id":"https:\/\/www.aics.gov.it\/oltremare\/articoli\/pianeta\/africa-si-rafforza-la-posizione-panafricana-allinterno-dei-negoziati-sul-clima\/"},"author":{"name":"Emanuele Bompan","@id":"https:\/\/www.aics.gov.it\/oltremare\/#\/schema\/person\/7d9a8d1a87b6775f532e5b3e76d52c75"},"headline":"Africa, si rafforza la posizione panafricana all\u2019interno dei negoziati sul clima","datePublished":"2023-10-13T16:11:33+00:00","dateModified":"2023-11-24T13:49:52+00:00","mainEntityOfPage":{"@id":"https:\/\/www.aics.gov.it\/oltremare\/articoli\/pianeta\/africa-si-rafforza-la-posizione-panafricana-allinterno-dei-negoziati-sul-clima\/"},"wordCount":855,"commentCount":0,"publisher":{"@id":"https:\/\/www.aics.gov.it\/oltremare\/#organization"},"image":{"@id":"https:\/\/www.aics.gov.it\/oltremare\/articoli\/pianeta\/africa-si-rafforza-la-posizione-panafricana-allinterno-dei-negoziati-sul-clima\/#primaryimage"},"thumbnailUrl":"https:\/\/www.aics.gov.it\/oltremare\/wp-content\/uploads\/2023\/10\/11237039165_7f81c8cb1f_k.jpg","keywords":["Africa","Clima","Cop28","negoziati"],"articleSection":["Pianeta"],"inLanguage":"it-IT","potentialAction":[{"@type":"CommentAction","name":"Comment","target":["https:\/\/www.aics.gov.it\/oltremare\/articoli\/pianeta\/africa-si-rafforza-la-posizione-panafricana-allinterno-dei-negoziati-sul-clima\/#respond"]}]},{"@type":"WebPage","@id":"https:\/\/www.aics.gov.it\/oltremare\/articoli\/pianeta\/africa-si-rafforza-la-posizione-panafricana-allinterno-dei-negoziati-sul-clima\/","url":"https:\/\/www.aics.gov.it\/oltremare\/articoli\/pianeta\/africa-si-rafforza-la-posizione-panafricana-allinterno-dei-negoziati-sul-clima\/","name":"Africa, si rafforza la posizione panafricana all\u2019interno dei negoziati sul clima - Oltremare","isPartOf":{"@id":"https:\/\/www.aics.gov.it\/oltremare\/#website"},"primaryImageOfPage":{"@id":"https:\/\/www.aics.gov.it\/oltremare\/articoli\/pianeta\/africa-si-rafforza-la-posizione-panafricana-allinterno-dei-negoziati-sul-clima\/#primaryimage"},"image":{"@id":"https:\/\/www.aics.gov.it\/oltremare\/articoli\/pianeta\/africa-si-rafforza-la-posizione-panafricana-allinterno-dei-negoziati-sul-clima\/#primaryimage"},"thumbnailUrl":"https:\/\/www.aics.gov.it\/oltremare\/wp-content\/uploads\/2023\/10\/11237039165_7f81c8cb1f_k.jpg","datePublished":"2023-10-13T16:11:33+00:00","dateModified":"2023-11-24T13:49:52+00:00","breadcrumb":{"@id":"https:\/\/www.aics.gov.it\/oltremare\/articoli\/pianeta\/africa-si-rafforza-la-posizione-panafricana-allinterno-dei-negoziati-sul-clima\/#breadcrumb"},"inLanguage":"it-IT","potentialAction":[{"@type":"ReadAction","target":["https:\/\/www.aics.gov.it\/oltremare\/articoli\/pianeta\/africa-si-rafforza-la-posizione-panafricana-allinterno-dei-negoziati-sul-clima\/"]}]},{"@type":"ImageObject","inLanguage":"it-IT","@id":"https:\/\/www.aics.gov.it\/oltremare\/articoli\/pianeta\/africa-si-rafforza-la-posizione-panafricana-allinterno-dei-negoziati-sul-clima\/#primaryimage","url":"https:\/\/www.aics.gov.it\/oltremare\/wp-content\/uploads\/2023\/10\/11237039165_7f81c8cb1f_k.jpg","contentUrl":"https:\/\/www.aics.gov.it\/oltremare\/wp-content\/uploads\/2023\/10\/11237039165_7f81c8cb1f_k.jpg","width":2048,"height":1365,"caption":"Credit: Erik T\u00f6rner. Modern day Johannesburg, South Africa. Seen from \"Top Of Africa\" tower - the highest building in Africa."},{"@type":"BreadcrumbList","@id":"https:\/\/www.aics.gov.it\/oltremare\/articoli\/pianeta\/africa-si-rafforza-la-posizione-panafricana-allinterno-dei-negoziati-sul-clima\/#breadcrumb","itemListElement":[{"@type":"ListItem","position":1,"name":"Home","item":"https:\/\/www.aics.gov.it\/oltremare\/"},{"@type":"ListItem","position":2,"name":"Africa, si rafforza la posizione panafricana all\u2019interno dei negoziati sul clima"}]},{"@type":"WebSite","@id":"https:\/\/www.aics.gov.it\/oltremare\/#website","url":"https:\/\/www.aics.gov.it\/oltremare\/","name":"Oltremare","description":"Il Blog della cooperazione","publisher":{"@id":"https:\/\/www.aics.gov.it\/oltremare\/#organization"},"potentialAction":[{"@type":"SearchAction","target":{"@type":"EntryPoint","urlTemplate":"https:\/\/www.aics.gov.it\/oltremare\/?s={search_term_string}"},"query-input":{"@type":"PropertyValueSpecification","valueRequired":true,"valueName":"search_term_string"}}],"inLanguage":"it-IT"},{"@type":"Organization","@id":"https:\/\/www.aics.gov.it\/oltremare\/#organization","name":"Agenzia Italiana per la Cooperazione allo Sviluppo","url":"https:\/\/www.aics.gov.it\/oltremare\/","logo":{"@type":"ImageObject","inLanguage":"it-IT","@id":"https:\/\/www.aics.gov.it\/oltremare\/#\/schema\/logo\/image\/","url":"https:\/\/www.aics.gov.it\/oltremare\/wp-content\/uploads\/2018\/02\/AICS_HEADER_530x130_EC1-e1518178146163.jpg","contentUrl":"https:\/\/www.aics.gov.it\/oltremare\/wp-content\/uploads\/2018\/02\/AICS_HEADER_530x130_EC1-e1518178146163.jpg","width":300,"height":74,"caption":"Agenzia Italiana per la Cooperazione allo Sviluppo"},"image":{"@id":"https:\/\/www.aics.gov.it\/oltremare\/#\/schema\/logo\/image\/"},"sameAs":["https:\/\/www.facebook.com\/Agenzia-Italiana-per-la-Cooperazione-allo-Sviluppo-996004880482735\/","https:\/\/x.com\/aics_it","https:\/\/www.instagram.com\/aics_cooperazione_it\/","https:\/\/www.youtube.com\/channel\/UCbssygnjreKD1Se1mDeCQ5w"]},{"@type":"Person","@id":"https:\/\/www.aics.gov.it\/oltremare\/#\/schema\/person\/7d9a8d1a87b6775f532e5b3e76d52c75","name":"Emanuele Bompan","image":{"@type":"ImageObject","inLanguage":"it-IT","@id":"https:\/\/www.aics.gov.it\/oltremare\/wp-content\/uploads\/2018\/04\/bompan.png","url":"https:\/\/www.aics.gov.it\/oltremare\/wp-content\/uploads\/2018\/04\/bompan.png","contentUrl":"https:\/\/www.aics.gov.it\/oltremare\/wp-content\/uploads\/2018\/04\/bompan.png","caption":"Emanuele Bompan"},"url":"https:\/\/www.aics.gov.it\/oltremare\/author\/emanuelebompan\/"}]}},"_links":{"self":[{"href":"https:\/\/www.aics.gov.it\/oltremare\/wp-json\/wp\/v2\/posts\/17541","targetHints":{"allow":["GET"]}}],"collection":[{"href":"https:\/\/www.aics.gov.it\/oltremare\/wp-json\/wp\/v2\/posts"}],"about":[{"href":"https:\/\/www.aics.gov.it\/oltremare\/wp-json\/wp\/v2\/types\/post"}],"author":[{"embeddable":true,"href":"https:\/\/www.aics.gov.it\/oltremare\/wp-json\/wp\/v2\/users\/7"}],"replies":[{"embeddable":true,"href":"https:\/\/www.aics.gov.it\/oltremare\/wp-json\/wp\/v2\/comments?post=17541"}],"version-history":[{"count":6,"href":"https:\/\/www.aics.gov.it\/oltremare\/wp-json\/wp\/v2\/posts\/17541\/revisions"}],"predecessor-version":[{"id":17565,"href":"https:\/\/www.aics.gov.it\/oltremare\/wp-json\/wp\/v2\/posts\/17541\/revisions\/17565"}],"wp:featuredmedia":[{"embeddable":true,"href":"https:\/\/www.aics.gov.it\/oltremare\/wp-json\/wp\/v2\/media\/17561"}],"wp:attachment":[{"href":"https:\/\/www.aics.gov.it\/oltremare\/wp-json\/wp\/v2\/media?parent=17541"}],"wp:term":[{"taxonomy":"category","embeddable":true,"href":"https:\/\/www.aics.gov.it\/oltremare\/wp-json\/wp\/v2\/categories?post=17541"},{"taxonomy":"post_tag","embeddable":true,"href":"https:\/\/www.aics.gov.it\/oltremare\/wp-json\/wp\/v2\/tags?post=17541"}],"curies":[{"name":"wp","href":"https:\/\/api.w.org\/{rel}","templated":true}]}}