{"id":17746,"date":"2023-12-06T16:44:17","date_gmt":"2023-12-06T15:44:17","guid":{"rendered":"https:\/\/www.aics.gov.it\/oltremare\/?p=17746"},"modified":"2023-12-06T16:50:16","modified_gmt":"2023-12-06T15:50:16","slug":"tunisia-la-voce-delle-donne-contro-le-discriminazioni","status":"publish","type":"post","link":"https:\/\/www.aics.gov.it\/oltremare\/16-days\/tunisia-la-voce-delle-donne-contro-le-discriminazioni\/","title":{"rendered":"<span style=\"color: #1D71B8; font-size: 13px;\">TUNISIA<\/span><br> La voce delle donne contro le discriminazioni"},"content":{"rendered":"<p><em>Aics al fianco delle attiviste tunisine per combattere gli effetti del cambiamento climatico sulle donne a rischio di violenza<\/em><\/p>\n<p><!--more--><\/p>\n<p>Il <strong>cambiamento climatico<\/strong> ha un impatto molto serio in Tunisia che si manifesta con <strong>periodi sempre pi\u00f9 prolungati di siccit\u00e0<\/strong>, un intensificarsi della desertificazione, erosione delle coste ed eventi metereologici estremi come le recenti alluvioni che hanno colpito il nord-ovest del Paese.<\/p>\n<p>Tali fenomeni hanno<strong> effetti particolarmente gravi sulle donne, soprattutto in ambito rurale<\/strong>. Il cambiamento climatico, infatti, contribuisce ad un peggioramento generalizzato della condizione socio-economica femminile, di fatto accrescendo il rischio di esposizione alla violenza di genere.<\/p>\n<p>Nonostante i recenti progressi a livello legislativo, che collocano la Tunisia tra i Paesi arabi pi\u00f9 avanzati in materia dei diritti delle donne, <strong>in molte zone del Paese permangono infatti situazioni di esclusione e precariet\u00e0 femminile<\/strong>. In particolare, di fronte ad una diminuzione del tenore di vita delle famiglie rurali, dovuto a una scarsa o poco redditizia produzione agricola, le donne pagano il prezzo pi\u00f9 alto. Le ragazze sono le prime ad essere ritirate da scuola o ad essere costrette a matrimoni di convenienza per far fronte alla mancanza di mezzi economici delle famiglie. Inoltre, l\u2019aumento dell\u2019insicurezza alimentare affligge in primo luogo le donne che, molto spesso, ricevono meno cibo o cibo meno nutritivo.<\/p>\n<p>Anche il cosiddetto \u201cesodo rurale\u201d che spinge parte della popolazione ad abbandonare le campagne per raggiungere i centri urbani a seguito di fenomeni di siccit\u00e0, desertificazione o inondazioni, contribuisce ad un aumento dell\u2019insicurezza per le donne. Da sfollate, esse si trovano in una situazione di precariet\u00e0 economica e abitativa che le espone ancora di pi\u00f9 al rischio di varie forme di violenza, compresa la violenza sessuale.<\/p>\n<p>Inoltre, nonostante i progressi fatti a livello nazionale sulla partecipazione politica femminile, <strong>le donne rurali in Tunisia sono ancora troppo spesso escluse dai processi decisionali<\/strong> sulla gestione delle risorse e le strategie di adattamento al cambiamento climatico. La mancanza di dati sull\u2019impatto specifico del cambiamento climatico sul genere femminile \u00e8 un altro sintomo di questa problematica.<\/p>\n<p>L&#8217;Agenzia Italiana per la Cooperazione allo Sviluppo (Aics) \u00e8 da sempre al fianco delle donne tunisine e promuove una visione inclusiva delle questioni di genere in tutti i suoi interventi.<\/p>\n<p>In particolare, <strong>il progetto &#8220;Presto&#8221;<\/strong><em> &#8211; <\/em>Promuovere la Resilienza al Cambiamento Climatico e la Gestione Sostenibile delle Risorse Naturali in Tunisia, fornisce un appoggio tecnico e finanziario alle associazioni della societ\u00e0 civile tunisina attive nell\u2019ambito del cambiamento climatico e del rispetto dell\u2019ambiente in quattro governatorati: Bizerte, Nabeul, Jendouba e Mahdia. Il progetto pu\u00f2 contare su <strong>un finanziamento di 2,8 milioni di euro<\/strong> da parte della Cooperazione italiana e vede come capofila l\u2019organizzazione della societ\u00e0 civile <strong>Cefa<\/strong>, in partenariato con <strong>Icu<\/strong> ed altre organizzazioni locali.<\/p>\n<p>Tra gli attivisti coinvolti nel progetto &#8220;Presto&#8221; troviamo l\u2019associazione <strong>Voix Des Femmes di Nabeul<\/strong>. Fondata nel 2011, l\u2019associazione conta oggi circa quaranta iscritte di cui 12 membri attive e promuove azioni di sostegno all\u2019inclusione sociale ed economica, come mezzo di emancipazione delle donne in condizione di maggiore vulnerabilit\u00e0 e a rischio di violenza.<\/p>\n<p>La presidente dell\u2019associazione, Mariem Garaali Hadoussa, ribadisce l\u2019importanza del progetto &#8220;Presto&#8221; per l\u2019associazione: \u201csul territorio, constatiamo gi\u00e0 gli effetti negativi del cambiamento climatico per le donne. Diventa quindi sempre pi\u00f9 <strong>urgente sensibilizzare il genere femminile sui rischi<\/strong> che si corrono continuando a ignorare questa tematica e le sue ripercussioni sulla salute e sul tenore di vita\u201d.<\/p>\n<p>\u201cLa ricerca di finanziamenti per la lotta alla violenza di genere diventa sempre pi\u00f9 complicata. Molti uomini in Tunisia, pensano che le donne abbiano gi\u00e0 molti diritti, anche troppi. Ma la nostra associazione persiste e continuer\u00e0 a ispirare fiducia e forza nelle donne per aiutarle a uscire da situazioni di precariet\u00e0. \u00c8 questo l\u2019aspetto principale del nostro lavoro\u201d aggiunge Garaali.<\/p>\n","protected":false},"excerpt":{"rendered":"<p>Aics al fianco delle attiviste tunisine per combattere gli effetti del cambiamento climatico sulle donne a rischio di violenza<\/p>\n","protected":false},"author":11,"featured_media":17749,"comment_status":"open","ping_status":"open","sticky":false,"template":"","format":"standard","meta":{"footnotes":""},"categories":[1000,139],"tags":[1439,196,1438,424],"class_list":["post-17746","post","type-post","status-publish","format-standard","has-post-thumbnail","hentry","category-16-days","category-voci-dal-campo","tag-discriminazioni","tag-donne","tag-presto","tag-tunisia"],"yoast_head":"<!-- This site is optimized with the Yoast SEO plugin v27.5 - https:\/\/yoast.com\/product\/yoast-seo-wordpress\/ -->\n<title>TUNISIA La voce delle donne contro le discriminazioni - Oltremare<\/title>\n<meta name=\"description\" content=\"Aics \u00e8 al fianco delle attiviste tunisine per combattere gli effetti del cambiamento climatico sulle donne a rischio di violenza\" \/>\n<meta name=\"robots\" content=\"index, follow, max-snippet:-1, max-image-preview:large, max-video-preview:-1\" \/>\n<link rel=\"canonical\" href=\"https:\/\/www.aics.gov.it\/oltremare\/16-days\/tunisia-la-voce-delle-donne-contro-le-discriminazioni\/\" \/>\n<meta property=\"og:locale\" content=\"it_IT\" \/>\n<meta property=\"og:type\" content=\"article\" \/>\n<meta property=\"og:title\" content=\"TUNISIA La voce delle donne contro le discriminazioni - Oltremare\" \/>\n<meta property=\"og:description\" content=\"Aics \u00e8 al fianco delle attiviste tunisine per combattere gli effetti del cambiamento climatico sulle donne a rischio di violenza\" \/>\n<meta property=\"og:url\" content=\"https:\/\/www.aics.gov.it\/oltremare\/16-days\/tunisia-la-voce-delle-donne-contro-le-discriminazioni\/\" \/>\n<meta property=\"og:site_name\" content=\"Oltremare\" \/>\n<meta property=\"article:publisher\" content=\"https:\/\/www.facebook.com\/Agenzia-Italiana-per-la-Cooperazione-allo-Sviluppo-996004880482735\/\" \/>\n<meta property=\"article:published_time\" content=\"2023-12-06T15:44:17+00:00\" \/>\n<meta property=\"article:modified_time\" content=\"2023-12-06T15:50:16+00:00\" \/>\n<meta property=\"og:image\" content=\"https:\/\/www.aics.gov.it\/oltremare\/wp-content\/uploads\/2023\/12\/PRESTO-formation-changement-climatique-Nabeul-720x380-1.jpg\" \/>\n\t<meta property=\"og:image:width\" content=\"720\" \/>\n\t<meta property=\"og:image:height\" content=\"380\" \/>\n\t<meta property=\"og:image:type\" content=\"image\/jpeg\" \/>\n<meta name=\"author\" content=\"Ivana Tamai\" \/>\n<meta name=\"twitter:card\" content=\"summary_large_image\" \/>\n<meta name=\"twitter:creator\" content=\"@aics_it\" \/>\n<meta name=\"twitter:site\" content=\"@aics_it\" \/>\n<meta name=\"twitter:label1\" content=\"Scritto da\" \/>\n\t<meta name=\"twitter:data1\" content=\"Aics Tunisi\" \/>\n\t<meta name=\"twitter:label2\" content=\"Tempo di lettura stimato\" \/>\n\t<meta name=\"twitter:data2\" content=\"4 minuti\" \/>\n<script type=\"application\/ld+json\" class=\"yoast-schema-graph\">{\"@context\":\"https:\\\/\\\/schema.org\",\"@graph\":[{\"@type\":\"Article\",\"@id\":\"https:\\\/\\\/www.aics.gov.it\\\/oltremare\\\/16-days\\\/tunisia-la-voce-delle-donne-contro-le-discriminazioni\\\/#article\",\"isPartOf\":{\"@id\":\"https:\\\/\\\/www.aics.gov.it\\\/oltremare\\\/16-days\\\/tunisia-la-voce-delle-donne-contro-le-discriminazioni\\\/\"},\"author\":{\"name\":\"Ivana Tamai\",\"@id\":\"https:\\\/\\\/www.aics.gov.it\\\/oltremare\\\/#\\\/schema\\\/person\\\/8e93d24ae8f33b68cf2377dc3be33e3f\"},\"headline\":\"TUNISIA La voce delle donne contro le discriminazioni\",\"datePublished\":\"2023-12-06T15:44:17+00:00\",\"dateModified\":\"2023-12-06T15:50:16+00:00\",\"mainEntityOfPage\":{\"@id\":\"https:\\\/\\\/www.aics.gov.it\\\/oltremare\\\/16-days\\\/tunisia-la-voce-delle-donne-contro-le-discriminazioni\\\/\"},\"wordCount\":633,\"commentCount\":0,\"publisher\":{\"@id\":\"https:\\\/\\\/www.aics.gov.it\\\/oltremare\\\/#organization\"},\"image\":{\"@id\":\"https:\\\/\\\/www.aics.gov.it\\\/oltremare\\\/16-days\\\/tunisia-la-voce-delle-donne-contro-le-discriminazioni\\\/#primaryimage\"},\"thumbnailUrl\":\"https:\\\/\\\/www.aics.gov.it\\\/oltremare\\\/wp-content\\\/uploads\\\/2023\\\/12\\\/PRESTO-formation-changement-climatique-Nabeul-720x380-1.jpg\",\"keywords\":[\"discriminazioni\",\"donne\",\"Presto\",\"Tunisia\"],\"articleSection\":[\"16-Days\",\"Voci dal campo\"],\"inLanguage\":\"it-IT\",\"potentialAction\":[{\"@type\":\"CommentAction\",\"name\":\"Comment\",\"target\":[\"https:\\\/\\\/www.aics.gov.it\\\/oltremare\\\/16-days\\\/tunisia-la-voce-delle-donne-contro-le-discriminazioni\\\/#respond\"]}]},{\"@type\":\"WebPage\",\"@id\":\"https:\\\/\\\/www.aics.gov.it\\\/oltremare\\\/16-days\\\/tunisia-la-voce-delle-donne-contro-le-discriminazioni\\\/\",\"url\":\"https:\\\/\\\/www.aics.gov.it\\\/oltremare\\\/16-days\\\/tunisia-la-voce-delle-donne-contro-le-discriminazioni\\\/\",\"name\":\"TUNISIA La voce delle donne contro le discriminazioni - Oltremare\",\"isPartOf\":{\"@id\":\"https:\\\/\\\/www.aics.gov.it\\\/oltremare\\\/#website\"},\"primaryImageOfPage\":{\"@id\":\"https:\\\/\\\/www.aics.gov.it\\\/oltremare\\\/16-days\\\/tunisia-la-voce-delle-donne-contro-le-discriminazioni\\\/#primaryimage\"},\"image\":{\"@id\":\"https:\\\/\\\/www.aics.gov.it\\\/oltremare\\\/16-days\\\/tunisia-la-voce-delle-donne-contro-le-discriminazioni\\\/#primaryimage\"},\"thumbnailUrl\":\"https:\\\/\\\/www.aics.gov.it\\\/oltremare\\\/wp-content\\\/uploads\\\/2023\\\/12\\\/PRESTO-formation-changement-climatique-Nabeul-720x380-1.jpg\",\"datePublished\":\"2023-12-06T15:44:17+00:00\",\"dateModified\":\"2023-12-06T15:50:16+00:00\",\"description\":\"Aics \u00e8 al fianco delle attiviste tunisine per combattere gli effetti del cambiamento climatico sulle donne a rischio di violenza\",\"breadcrumb\":{\"@id\":\"https:\\\/\\\/www.aics.gov.it\\\/oltremare\\\/16-days\\\/tunisia-la-voce-delle-donne-contro-le-discriminazioni\\\/#breadcrumb\"},\"inLanguage\":\"it-IT\",\"potentialAction\":[{\"@type\":\"ReadAction\",\"target\":[\"https:\\\/\\\/www.aics.gov.it\\\/oltremare\\\/16-days\\\/tunisia-la-voce-delle-donne-contro-le-discriminazioni\\\/\"]}]},{\"@type\":\"ImageObject\",\"inLanguage\":\"it-IT\",\"@id\":\"https:\\\/\\\/www.aics.gov.it\\\/oltremare\\\/16-days\\\/tunisia-la-voce-delle-donne-contro-le-discriminazioni\\\/#primaryimage\",\"url\":\"https:\\\/\\\/www.aics.gov.it\\\/oltremare\\\/wp-content\\\/uploads\\\/2023\\\/12\\\/PRESTO-formation-changement-climatique-Nabeul-720x380-1.jpg\",\"contentUrl\":\"https:\\\/\\\/www.aics.gov.it\\\/oltremare\\\/wp-content\\\/uploads\\\/2023\\\/12\\\/PRESTO-formation-changement-climatique-Nabeul-720x380-1.jpg\",\"width\":720,\"height\":380},{\"@type\":\"BreadcrumbList\",\"@id\":\"https:\\\/\\\/www.aics.gov.it\\\/oltremare\\\/16-days\\\/tunisia-la-voce-delle-donne-contro-le-discriminazioni\\\/#breadcrumb\",\"itemListElement\":[{\"@type\":\"ListItem\",\"position\":1,\"name\":\"Home\",\"item\":\"https:\\\/\\\/www.aics.gov.it\\\/oltremare\\\/\"},{\"@type\":\"ListItem\",\"position\":2,\"name\":\"TUNISIA La voce delle donne contro le discriminazioni\"}]},{\"@type\":\"WebSite\",\"@id\":\"https:\\\/\\\/www.aics.gov.it\\\/oltremare\\\/#website\",\"url\":\"https:\\\/\\\/www.aics.gov.it\\\/oltremare\\\/\",\"name\":\"Oltremare\",\"description\":\"Il Blog della cooperazione\",\"publisher\":{\"@id\":\"https:\\\/\\\/www.aics.gov.it\\\/oltremare\\\/#organization\"},\"potentialAction\":[{\"@type\":\"SearchAction\",\"target\":{\"@type\":\"EntryPoint\",\"urlTemplate\":\"https:\\\/\\\/www.aics.gov.it\\\/oltremare\\\/?s={search_term_string}\"},\"query-input\":{\"@type\":\"PropertyValueSpecification\",\"valueRequired\":true,\"valueName\":\"search_term_string\"}}],\"inLanguage\":\"it-IT\"},{\"@type\":\"Organization\",\"@id\":\"https:\\\/\\\/www.aics.gov.it\\\/oltremare\\\/#organization\",\"name\":\"Agenzia Italiana per la Cooperazione allo Sviluppo\",\"url\":\"https:\\\/\\\/www.aics.gov.it\\\/oltremare\\\/\",\"logo\":{\"@type\":\"ImageObject\",\"inLanguage\":\"it-IT\",\"@id\":\"https:\\\/\\\/www.aics.gov.it\\\/oltremare\\\/#\\\/schema\\\/logo\\\/image\\\/\",\"url\":\"https:\\\/\\\/www.aics.gov.it\\\/oltremare\\\/wp-content\\\/uploads\\\/2018\\\/02\\\/AICS_HEADER_530x130_EC1-e1518178146163.jpg\",\"contentUrl\":\"https:\\\/\\\/www.aics.gov.it\\\/oltremare\\\/wp-content\\\/uploads\\\/2018\\\/02\\\/AICS_HEADER_530x130_EC1-e1518178146163.jpg\",\"width\":300,\"height\":74,\"caption\":\"Agenzia Italiana per la Cooperazione allo Sviluppo\"},\"image\":{\"@id\":\"https:\\\/\\\/www.aics.gov.it\\\/oltremare\\\/#\\\/schema\\\/logo\\\/image\\\/\"},\"sameAs\":[\"https:\\\/\\\/www.facebook.com\\\/Agenzia-Italiana-per-la-Cooperazione-allo-Sviluppo-996004880482735\\\/\",\"https:\\\/\\\/x.com\\\/aics_it\",\"https:\\\/\\\/www.instagram.com\\\/aics_cooperazione_it\\\/\",\"https:\\\/\\\/www.youtube.com\\\/channel\\\/UCbssygnjreKD1Se1mDeCQ5w\"]},{\"@type\":\"Person\",\"@id\":\"https:\\\/\\\/www.aics.gov.it\\\/oltremare\\\/#\\\/schema\\\/person\\\/8e93d24ae8f33b68cf2377dc3be33e3f\",\"name\":\"Ivana Tamai\",\"image\":{\"@type\":\"ImageObject\",\"inLanguage\":\"it-IT\",\"@id\":\"https:\\\/\\\/secure.gravatar.com\\\/avatar\\\/6e9357790f7bf918517eb0ad84549459c1a70fd7d7dbbfd97401a2fc168c8887?s=96&d=mm&r=g\",\"url\":\"https:\\\/\\\/secure.gravatar.com\\\/avatar\\\/6e9357790f7bf918517eb0ad84549459c1a70fd7d7dbbfd97401a2fc168c8887?s=96&d=mm&r=g\",\"contentUrl\":\"https:\\\/\\\/secure.gravatar.com\\\/avatar\\\/6e9357790f7bf918517eb0ad84549459c1a70fd7d7dbbfd97401a2fc168c8887?s=96&d=mm&r=g\",\"caption\":\"Ivana Tamai\"},\"url\":\"\"}]}<\/script>\n<!-- \/ Yoast SEO plugin. -->","yoast_head_json":{"title":"TUNISIA La voce delle donne contro le discriminazioni - Oltremare","description":"Aics \u00e8 al fianco delle attiviste tunisine per combattere gli effetti del cambiamento climatico sulle donne a rischio di violenza","robots":{"index":"index","follow":"follow","max-snippet":"max-snippet:-1","max-image-preview":"max-image-preview:large","max-video-preview":"max-video-preview:-1"},"canonical":"https:\/\/www.aics.gov.it\/oltremare\/16-days\/tunisia-la-voce-delle-donne-contro-le-discriminazioni\/","og_locale":"it_IT","og_type":"article","og_title":"TUNISIA La voce delle donne contro le discriminazioni - Oltremare","og_description":"Aics \u00e8 al fianco delle attiviste tunisine per combattere gli effetti del cambiamento climatico sulle donne a rischio di violenza","og_url":"https:\/\/www.aics.gov.it\/oltremare\/16-days\/tunisia-la-voce-delle-donne-contro-le-discriminazioni\/","og_site_name":"Oltremare","article_publisher":"https:\/\/www.facebook.com\/Agenzia-Italiana-per-la-Cooperazione-allo-Sviluppo-996004880482735\/","article_published_time":"2023-12-06T15:44:17+00:00","article_modified_time":"2023-12-06T15:50:16+00:00","og_image":[{"width":720,"height":380,"url":"https:\/\/www.aics.gov.it\/oltremare\/wp-content\/uploads\/2023\/12\/PRESTO-formation-changement-climatique-Nabeul-720x380-1.jpg","type":"image\/jpeg"}],"author":"Ivana Tamai","twitter_card":"summary_large_image","twitter_creator":"@aics_it","twitter_site":"@aics_it","twitter_misc":{"Scritto da":"Aics Tunisi","Tempo di lettura stimato":"4 minuti"},"schema":{"@context":"https:\/\/schema.org","@graph":[{"@type":"Article","@id":"https:\/\/www.aics.gov.it\/oltremare\/16-days\/tunisia-la-voce-delle-donne-contro-le-discriminazioni\/#article","isPartOf":{"@id":"https:\/\/www.aics.gov.it\/oltremare\/16-days\/tunisia-la-voce-delle-donne-contro-le-discriminazioni\/"},"author":{"name":"Ivana Tamai","@id":"https:\/\/www.aics.gov.it\/oltremare\/#\/schema\/person\/8e93d24ae8f33b68cf2377dc3be33e3f"},"headline":"TUNISIA La voce delle donne contro le discriminazioni","datePublished":"2023-12-06T15:44:17+00:00","dateModified":"2023-12-06T15:50:16+00:00","mainEntityOfPage":{"@id":"https:\/\/www.aics.gov.it\/oltremare\/16-days\/tunisia-la-voce-delle-donne-contro-le-discriminazioni\/"},"wordCount":633,"commentCount":0,"publisher":{"@id":"https:\/\/www.aics.gov.it\/oltremare\/#organization"},"image":{"@id":"https:\/\/www.aics.gov.it\/oltremare\/16-days\/tunisia-la-voce-delle-donne-contro-le-discriminazioni\/#primaryimage"},"thumbnailUrl":"https:\/\/www.aics.gov.it\/oltremare\/wp-content\/uploads\/2023\/12\/PRESTO-formation-changement-climatique-Nabeul-720x380-1.jpg","keywords":["discriminazioni","donne","Presto","Tunisia"],"articleSection":["16-Days","Voci dal campo"],"inLanguage":"it-IT","potentialAction":[{"@type":"CommentAction","name":"Comment","target":["https:\/\/www.aics.gov.it\/oltremare\/16-days\/tunisia-la-voce-delle-donne-contro-le-discriminazioni\/#respond"]}]},{"@type":"WebPage","@id":"https:\/\/www.aics.gov.it\/oltremare\/16-days\/tunisia-la-voce-delle-donne-contro-le-discriminazioni\/","url":"https:\/\/www.aics.gov.it\/oltremare\/16-days\/tunisia-la-voce-delle-donne-contro-le-discriminazioni\/","name":"TUNISIA La voce delle donne contro le discriminazioni - Oltremare","isPartOf":{"@id":"https:\/\/www.aics.gov.it\/oltremare\/#website"},"primaryImageOfPage":{"@id":"https:\/\/www.aics.gov.it\/oltremare\/16-days\/tunisia-la-voce-delle-donne-contro-le-discriminazioni\/#primaryimage"},"image":{"@id":"https:\/\/www.aics.gov.it\/oltremare\/16-days\/tunisia-la-voce-delle-donne-contro-le-discriminazioni\/#primaryimage"},"thumbnailUrl":"https:\/\/www.aics.gov.it\/oltremare\/wp-content\/uploads\/2023\/12\/PRESTO-formation-changement-climatique-Nabeul-720x380-1.jpg","datePublished":"2023-12-06T15:44:17+00:00","dateModified":"2023-12-06T15:50:16+00:00","description":"Aics \u00e8 al fianco delle attiviste tunisine per combattere gli effetti del cambiamento climatico sulle donne a rischio di violenza","breadcrumb":{"@id":"https:\/\/www.aics.gov.it\/oltremare\/16-days\/tunisia-la-voce-delle-donne-contro-le-discriminazioni\/#breadcrumb"},"inLanguage":"it-IT","potentialAction":[{"@type":"ReadAction","target":["https:\/\/www.aics.gov.it\/oltremare\/16-days\/tunisia-la-voce-delle-donne-contro-le-discriminazioni\/"]}]},{"@type":"ImageObject","inLanguage":"it-IT","@id":"https:\/\/www.aics.gov.it\/oltremare\/16-days\/tunisia-la-voce-delle-donne-contro-le-discriminazioni\/#primaryimage","url":"https:\/\/www.aics.gov.it\/oltremare\/wp-content\/uploads\/2023\/12\/PRESTO-formation-changement-climatique-Nabeul-720x380-1.jpg","contentUrl":"https:\/\/www.aics.gov.it\/oltremare\/wp-content\/uploads\/2023\/12\/PRESTO-formation-changement-climatique-Nabeul-720x380-1.jpg","width":720,"height":380},{"@type":"BreadcrumbList","@id":"https:\/\/www.aics.gov.it\/oltremare\/16-days\/tunisia-la-voce-delle-donne-contro-le-discriminazioni\/#breadcrumb","itemListElement":[{"@type":"ListItem","position":1,"name":"Home","item":"https:\/\/www.aics.gov.it\/oltremare\/"},{"@type":"ListItem","position":2,"name":"TUNISIA La voce delle donne contro le discriminazioni"}]},{"@type":"WebSite","@id":"https:\/\/www.aics.gov.it\/oltremare\/#website","url":"https:\/\/www.aics.gov.it\/oltremare\/","name":"Oltremare","description":"Il Blog della cooperazione","publisher":{"@id":"https:\/\/www.aics.gov.it\/oltremare\/#organization"},"potentialAction":[{"@type":"SearchAction","target":{"@type":"EntryPoint","urlTemplate":"https:\/\/www.aics.gov.it\/oltremare\/?s={search_term_string}"},"query-input":{"@type":"PropertyValueSpecification","valueRequired":true,"valueName":"search_term_string"}}],"inLanguage":"it-IT"},{"@type":"Organization","@id":"https:\/\/www.aics.gov.it\/oltremare\/#organization","name":"Agenzia Italiana per la Cooperazione allo Sviluppo","url":"https:\/\/www.aics.gov.it\/oltremare\/","logo":{"@type":"ImageObject","inLanguage":"it-IT","@id":"https:\/\/www.aics.gov.it\/oltremare\/#\/schema\/logo\/image\/","url":"https:\/\/www.aics.gov.it\/oltremare\/wp-content\/uploads\/2018\/02\/AICS_HEADER_530x130_EC1-e1518178146163.jpg","contentUrl":"https:\/\/www.aics.gov.it\/oltremare\/wp-content\/uploads\/2018\/02\/AICS_HEADER_530x130_EC1-e1518178146163.jpg","width":300,"height":74,"caption":"Agenzia Italiana per la Cooperazione allo Sviluppo"},"image":{"@id":"https:\/\/www.aics.gov.it\/oltremare\/#\/schema\/logo\/image\/"},"sameAs":["https:\/\/www.facebook.com\/Agenzia-Italiana-per-la-Cooperazione-allo-Sviluppo-996004880482735\/","https:\/\/x.com\/aics_it","https:\/\/www.instagram.com\/aics_cooperazione_it\/","https:\/\/www.youtube.com\/channel\/UCbssygnjreKD1Se1mDeCQ5w"]},{"@type":"Person","@id":"https:\/\/www.aics.gov.it\/oltremare\/#\/schema\/person\/8e93d24ae8f33b68cf2377dc3be33e3f","name":"Ivana Tamai","image":{"@type":"ImageObject","inLanguage":"it-IT","@id":"https:\/\/secure.gravatar.com\/avatar\/6e9357790f7bf918517eb0ad84549459c1a70fd7d7dbbfd97401a2fc168c8887?s=96&d=mm&r=g","url":"https:\/\/secure.gravatar.com\/avatar\/6e9357790f7bf918517eb0ad84549459c1a70fd7d7dbbfd97401a2fc168c8887?s=96&d=mm&r=g","contentUrl":"https:\/\/secure.gravatar.com\/avatar\/6e9357790f7bf918517eb0ad84549459c1a70fd7d7dbbfd97401a2fc168c8887?s=96&d=mm&r=g","caption":"Ivana Tamai"},"url":""}]}},"_links":{"self":[{"href":"https:\/\/www.aics.gov.it\/oltremare\/wp-json\/wp\/v2\/posts\/17746","targetHints":{"allow":["GET"]}}],"collection":[{"href":"https:\/\/www.aics.gov.it\/oltremare\/wp-json\/wp\/v2\/posts"}],"about":[{"href":"https:\/\/www.aics.gov.it\/oltremare\/wp-json\/wp\/v2\/types\/post"}],"author":[{"embeddable":true,"href":"https:\/\/www.aics.gov.it\/oltremare\/wp-json\/wp\/v2\/users\/11"}],"replies":[{"embeddable":true,"href":"https:\/\/www.aics.gov.it\/oltremare\/wp-json\/wp\/v2\/comments?post=17746"}],"version-history":[{"count":3,"href":"https:\/\/www.aics.gov.it\/oltremare\/wp-json\/wp\/v2\/posts\/17746\/revisions"}],"predecessor-version":[{"id":17753,"href":"https:\/\/www.aics.gov.it\/oltremare\/wp-json\/wp\/v2\/posts\/17746\/revisions\/17753"}],"wp:featuredmedia":[{"embeddable":true,"href":"https:\/\/www.aics.gov.it\/oltremare\/wp-json\/wp\/v2\/media\/17749"}],"wp:attachment":[{"href":"https:\/\/www.aics.gov.it\/oltremare\/wp-json\/wp\/v2\/media?parent=17746"}],"wp:term":[{"taxonomy":"category","embeddable":true,"href":"https:\/\/www.aics.gov.it\/oltremare\/wp-json\/wp\/v2\/categories?post=17746"},{"taxonomy":"post_tag","embeddable":true,"href":"https:\/\/www.aics.gov.it\/oltremare\/wp-json\/wp\/v2\/tags?post=17746"}],"curies":[{"name":"wp","href":"https:\/\/api.w.org\/{rel}","templated":true}]}}