{"id":18314,"date":"2024-11-08T10:27:42","date_gmt":"2024-11-08T09:27:42","guid":{"rendered":"https:\/\/www.aics.gov.it\/oltremare\/?p=18314"},"modified":"2024-11-08T10:27:42","modified_gmt":"2024-11-08T09:27:42","slug":"amazzonia-senza-fuoco-25-anni-di-impegno-ambientale-della-cooperazione-italiana-per-salvaguardare-il-polmone-del-mondo","status":"publish","type":"post","link":"https:\/\/www.aics.gov.it\/oltremare\/voci-dal-campo\/amazzonia-senza-fuoco-25-anni-di-impegno-ambientale-della-cooperazione-italiana-per-salvaguardare-il-polmone-del-mondo\/","title":{"rendered":"Amazzonia senza Fuoco: 25 anni di impegno ambientale della Cooperazione Italiana per salvaguardare il polmone del mondo"},"content":{"rendered":"<p><em>Il Programma Amazzonia senza Fuoco (PASF) finanziato dalla Cooperazione Italiana dal 1999 attraverso diversi meccanismi di sostegno, \u00e9 una iniziativa emblematica che \u00e9 stata realizzata in Brasile, Bolivia ed Ecuador rappresentando un punto di riferimento sul tema della prevenzione degli incendi forestali nella regione amazzonica.<\/em><!--more--><\/p>\n<p>Gli <strong>incendi forestali (o boschivi)<\/strong> sono un problema ambientale che negli ultimi decenni si \u00e9 visto aumentare sempre pi\u00fa a livello mondiale, con un <strong>impatto negativo significativo sulla biodiversit\u00e0, ecosistemi, infrastrutture e vite umane<\/strong>. Il fuoco \u00e9 un elemento che ha convissuto con l&#8217;uomo negli ultimi millenni e che dipendendo dal suo uso ha permesso di evolversi e migliorare le proprie condizioni di vita, ma che con un uso inappropriato pu\u00f2 rappresentare un pericolo per la natura nel suo complesso e per gli esseri umani. <strong>Le cause degli incendi possono essere molteplici<\/strong>, ma in generale la gran parte sono di origine antropica e dipendendo della regione del mondo dove si sviluppano possono essere attribuibili a cause volontarie di piromania, vandalismo, mal uso in agricoltura, come anche involontarie in una piccola percentuale dovute a fenomeni naturali estremi o incidenti.<\/p>\n<p>Nel 1999 la <strong>Cooperazione Italiana,<\/strong> attraverso un finanziamento diretto non rimborsabile, inizia una collaborazione di <strong>cooperazione bilaterale con il Governo del Brasile<\/strong> per aiutare a <strong>fronteggiare la problematica degli incendi forestali amazzonici<\/strong> in 4 stati federali del paese (Acre, Amazonas, Par\u00e1 e Mato Grosso). Inizialmente la collaborazione prevede una serie di <strong>corsi di formazione<\/strong> a beneficio del Ministero dell&#8217;Ambiente brasiliano, dei suoi enti specializzati (IBAMA e PrevFogo) e di alcune comunit\u00e0 locali, che poi si sono consolidati con altre <strong>fasi successive di sostegno italiano<\/strong> che hanno previsto un espandersi degli spazi formativi proposti ed una implementazione di azioni concrete a beneficio dei piccoli e medi agricoltori e\/o allevatori. <strong>L&#8217;approccio del progetto \u00e8 stato fin da subito di tipo preventivo<\/strong>, ben coscienti che investire nella prevenzione \u00e8 sempre molto pi\u00f9 efficiente che intervenire nella cura e repressione degli effetti.<\/p>\n<p>In Brasile la collaborazione tecnica, inizialmente corta e puntuale, della <strong>Cooperazione Italiana<\/strong> ha permesso strutturare una <strong>metodologia incentrata sulla prevenzione degli incendi<\/strong> che con il corso degli anni si \u00e8 andata consolidando ed affinando sempre pi\u00f9, migliorando le pratiche agricole alternative adattandole al contesto amazzonico. <strong>Sono stati formati pi\u00f9 di 400 funzionari a livello nazionale e locale<\/strong>, su tematiche riguardanti l&#8217;uso di pratiche agricole pi\u00f9 sostenibili e che prevedevano <strong>un uso sempre pi\u00f9 ridotto del fuoco<\/strong>, la principale causa degli incendi forestali nel paese. Il supporto italiano in Brasile ha permesso quindi, attraverso <strong>4 fasi diverse di finanziamento<\/strong>, di poter aiutare il paese per circa 10 anni (fino al 2009) generando un modello di azione preventiva che ha portato a una riduzione massima di -94% degli incendi nelle aree di intervento, rispetto alla situazione iniziale.<\/p>\n<p>L&#8217;esperienza della Cooperazione Italiana in Brasile \u00e9 stata molto positiva, come sottolineato da<strong> Carlos Minc, allora Ministro dell&#8217;Ambiente<\/strong>: \u201c<span class=\"Y2IQFc\" lang=\"it\"><em>\u00c8 stato emblematico che nei comuni assegnati al protocollo si sia registrata una riduzione degli incendi pari al 75% con tassi del 93% nella regione dell&#8217;Alta Floresta nello Stato del Mato Grosso<\/em>.&#8221;<\/span><\/p>\n<p>A partire dal 2009, i risultati e gli impatti generati nella <strong>riduzione significativa degli incendi nell&#8217;Amazzonia brasiliana<\/strong> oggetto dell&#8217;intervento, hanno generato molto interesse in altri paesi della regione la cui problematica anche era molto preoccupante, come <strong>Bolivia, Per\u00f9 ed Ecuador<\/strong>.<\/p>\n<p><img loading=\"lazy\" decoding=\"async\" class=\" wp-image-18315 alignright\" src=\"https:\/\/www.aics.gov.it\/oltremare\/wp-content\/uploads\/2024\/11\/IMG-20181002-WA0041-600x338.jpg\" alt=\"\" width=\"430\" height=\"242\" srcset=\"https:\/\/www.aics.gov.it\/oltremare\/wp-content\/uploads\/2024\/11\/IMG-20181002-WA0041-600x338.jpg 600w, https:\/\/www.aics.gov.it\/oltremare\/wp-content\/uploads\/2024\/11\/IMG-20181002-WA0041-1024x576.jpg 1024w, https:\/\/www.aics.gov.it\/oltremare\/wp-content\/uploads\/2024\/11\/IMG-20181002-WA0041-768x432.jpg 768w, https:\/\/www.aics.gov.it\/oltremare\/wp-content\/uploads\/2024\/11\/IMG-20181002-WA0041.jpg 1152w\" sizes=\"auto, (max-width: 430px) 100vw, 430px\" \/>A partire dal 2012 (e fino al 2018 attraverso 3 fasi distinte di supporto italiano), la <strong>Cooperazione Italiana<\/strong> ha finanziato il <strong>Programma Amazzonia senza Fuoco in Bolivia<\/strong> in collaborazione con il Ministero dell&#8217;Ambiente e Acqua (MMAyA), priorizzando 5 departamenti: Pando, Santa Cruz, Beni, La Paz e Cochabamba. In Bolivia si \u00e8 potuto contare con il supporto anche della Banco di Sviluppo del Latinoamerica (CAF) che poi ha assicurato negli anni a seguire il suo finanziamento e la sua collaborazione tecnica anche in Ecuador. Nelle tre fasi realizzate in Bolivia, il PASF ha permesso <strong>rafforzare il quadro normativo e legislativo nazionale, le capacit\u00e0 dei tecnici del ministero e dei governi locali beneficiari, istituzionalizzare il processo<\/strong> che si \u00e8 accompagnato con la contrattazione degli esperti che sono stati formati dentro della unit\u00e0 tecnica di gestione del programma, una volta terminato lo stesso. Grazie alla metodologia delle unit\u00e0 dimostrative (parcelle di terreno dove si eseguivano azioni sperimentali di prevenzione degli incendi applicate alla produzione agricola e dell&#8217;allevamento), si sono potute realizzare 179 UD, formando pi\u00f9 di 19.500 persone (32% donne) appartenenti a 440 comunit\u00e0 locali. Inoltre <strong>si \u00e8 rafforzata la capacit\u00e0 di monitoraggio del sistema di informazione delle foreste boliviane<\/strong>, grazie al perfezionamento degli algoritmi di interpretazione delle immagini satellitari; a questo vale la pena aggiungere che nei 48 municipi beneficiari si sono consolidate le direzioni e unit\u00e0 tecniche dedicate alla gestione del rischio ed i municipi hanno rafforzato i rispettivi piani economici per assicurarne la sostenibilit\u00e0 finanziaria.<\/p>\n<p>Il <strong>contributo italiano in Bolivia<\/strong> che ha permesso svolgere le tre fasi di implementazione \u00e8 durato dal 2012 ad inizio 2018, con una co-partecipazione economica della CAF e del MMAyA generando un interessante esperienza di <strong>cooperazione tri-laterale<\/strong>, di certo un valore aggiunto rispetto alla esperienza precedente del Brasile che si basava su un accordo bi-laterale tra il Governo italiano e quello brasiliano. Il contributo economico totale che \u00e8 stato utilizzato per la esecuzione del PASF in Bolivia nei quasi 6 anni, corrisponde a circa 100 ore (10-12 giorni) di <strong>uso di aeronavi per il combattimento e lo spegnimento degli incendi<\/strong>, registrando una riduzione di -96% degli incendi nelle aree di intervento, rispetto alla situazione iniziale, per questo motivo l&#8217;approccio incentrato sulla prevenzione ha generato molto interesse anche in altri paesi della regione.<\/p>\n<p><img loading=\"lazy\" decoding=\"async\" class=\"size-medium wp-image-18317 alignleft\" src=\"https:\/\/www.aics.gov.it\/oltremare\/wp-content\/uploads\/2024\/11\/PASF_MAATE-3-600x400.jpeg\" alt=\"\" width=\"600\" height=\"400\" srcset=\"https:\/\/www.aics.gov.it\/oltremare\/wp-content\/uploads\/2024\/11\/PASF_MAATE-3-600x400.jpeg 600w, https:\/\/www.aics.gov.it\/oltremare\/wp-content\/uploads\/2024\/11\/PASF_MAATE-3-1024x683.jpeg 1024w, https:\/\/www.aics.gov.it\/oltremare\/wp-content\/uploads\/2024\/11\/PASF_MAATE-3-768x512.jpeg 768w, https:\/\/www.aics.gov.it\/oltremare\/wp-content\/uploads\/2024\/11\/PASF_MAATE-3-1536x1024.jpeg 1536w\" sizes=\"auto, (max-width: 600px) 100vw, 600px\" \/>Nel 2015, durante la piena esecuzione del PASF in Bolivia, \u00e8 stato firmato l&#8217;<strong>accordo bilaterale tra il Governo d&#8217;Italia e quello dell&#8217;Ecuador<\/strong> per iniziare il <strong>Programma Amazzonia senza Fuoco anche in Ecuador<\/strong>, iniziato nel corso del 2016 con una prima aspettativa di esecuzione di 3 anni. In Ecuador, a differenza del Brasile e della Bolivia, la vulnerabilit\u00e0 e l&#8217;incidenza degli incendi forestali colpisce soprattutto le regioni delle Ande (paramo) e della Costa, mentre nella zona amazzonica la problematica \u00e8 ancora relativamente poco rilevante. In questo caso quindi, si pianificarono azioni concentrate in 4 province (analoghe delle regioni italiane) della Sierra e Costa (Pichincha, Imbabura e El Oro y Loja rispettivamente) distribuite due al nord e due al sud del paese in base alla priorit\u00e0 dei dati ufficiali sulla vulnerabilit\u00e0 degli incendi forestali. Nonostante non si sia lavorato nella Amazzonia ecuadoriana, il nome del Programma \u00e8 rimasto sempre il medesimo, in quanto <strong>l&#8217;approccio basato su azioni di prevenzione era stato ereditato dalla esperienze precedenti<\/strong> e per mantenere la visione di una programma che coinvolgesse i paesi della <em>cuenca amazzonica<\/em>. Nel caso del PASF in Ecuador, la esecuzione del programma non era affidata ad una unit\u00e0 di gestione esterna, ma attraverso un fondo a dono (budget support) e l&#8217;esecutore diretto \u00e8 stato il Ministero dell&#8217;Ambiente (MAE). Questo cambio, non privo di rischi di vario genere, fu dovuto al fatto che in Ecuador il MAE era riconosciuto per avere gi\u00e1 nel 2015 una forte istituzionalit\u00e0, aspetto che nel caso di Brasile e Bolivia era risultato un punto critico per assicurare la sostenibilit\u00e0 futura.<\/p>\n<p>Nella prima fase del PASF in Ecuador, gli attori che hanno contribuito alla esecuzione positiva sono stati il MAE, la ABC (Agenzia Brasiliana di Cooperazione), la CAF e il FIAS (Fondo di Investimento Ambientale Sostenibile dell&#8217;Ecuador), quest&#8217;ultimo entrato in gioco negli ultimi 3 anni di svolgimento in quanto nel MAE si erano rallentati significativamente i procedimenti burocratici, anche dovuto al fatto dei frequenti cambi dei ministri dell&#8217;Ambiente. Questa struttura quadripartita, ha permesso ampliare ancor pi\u00f9 il sistema di cooperazione che da trilaterale \u00e8 diventato quadri-laterale, con risultati molto positivi.<\/p>\n<p>La prima fase del PASF, terminata dopo una estensione durata fino al 2022, ha permesso anche <strong>posizionare il tema ed il problema degli incendi forestali nel paese a livello locale, nazionale e internazionale<\/strong>, permettendo di canalizzare fondi di altra provenienza e di altre cooperazioni per rafforzare le azioni previste e generarne altre ampliando il numero di beneficiari. Tra le principali attivit\u00e0 realizzate si possono risaltare <strong>i corsi di formazione per brigadisti forestali comunitari con la consegna di strumentazione e equipaggiamento di prima protezione<\/strong>; <strong>rafforzare il quadro normativo nazionale<\/strong>, contribuendo alla stesura del COA-Codice Organico Ambientale con la inclusione di un capitolo specifico sul MIF-manejo integral del fuego (gestione integrale del fuoco); <strong>rafforzare il tema della prevenzione degli incendi nei processi di educazione ambientale<\/strong> nelle scuole ed universit\u00e0 delle province beneficiarie; <strong>coinvolgere l&#8217;accademia e le universit\u00e0 con maggiore vocazione forestale<\/strong> per rafforzare le linee di ricerca sul tema degli incendi negli ecosistemi del paramo della costa ecuadoriana.<\/p>\n<p>A partire dal 2022, grazie al Fondo Italo-Ecuatoriano per lo Sviluppo Sostenibile- FIEDS (il FIEDS \u00e8 il fondo che gestisce la riconversione del debito tra Ecuador ed Italia), il PASF ha potuto beneficiare di un secondo finanziamento, questa volta dato con un altro meccanismo di fondi italiani, per la implementazione di una seconda fase che \u00e8 attualmente in corso e che durer\u00e0 fino al 2025.<\/p>\n<p>Questa seconda fase del PASF in Ecuador (2022-2025), sta permettendo beneficiare altre 4 province del paese (Guayas, Manab\u00ec, Azuay e Chimborazo) selezionate in base alla incidenza degli incendi forestali, dando continuit\u00e0 e monitorando quanto realizzato precedentemente nelle altre quattro province. In questa nuova fase, il Programma sta proponendo<strong> una nuova visione e strategia<\/strong> basata sul &#8220;<strong><em>manejo integral del fuego<\/em><\/strong>&#8220;, un nuovo paradigma che prevede tra le altre cose l&#8217;uso del fuoco anche per azioni di prevenzione e di gestione delle foreste, registrando una riduzione di circa -85% degli incendi nelle aree di intervento, rispetto alla situazione iniziale.<\/p>\n<p>Allo stato attuale, anche a seguito dei violenti incendi registrati del 2024 e che hanno coinvolto anche la capitale Quito, l&#8217;Ecuador ha ambizione di poter contare <strong>con un supporto italiano per la realizzazione di una terza ed ultima fase<\/strong> (come d&#8217;altronde gi\u00e0 avvenuto in Brasile e Bolivia) che permetterebbe terminare il processo di istituzionalizzazione all&#8217;interno del MAATE (il nuovo denominato Ministero di Ambiente, Acqua e Transizione Ecologica), estendere la implementazione ad ulteriori province del paese e contribuire a far avanzare l&#8217;Ecuador per costruire un proprio <strong>programma sulla prevenzione degli incendi con fondi statali<\/strong>, cosa che permetterebbe dar sostenibilit\u00e0 a tutto il processo finora finanziato dall&#8217;Italia.<\/p>\n<p><img loading=\"lazy\" decoding=\"async\" class=\" wp-image-18315 alignright\" src=\"https:\/\/www.aics.gov.it\/oltremare\/wp-content\/uploads\/2024\/11\/IMG-20181002-WA0041-600x338.jpg\" alt=\"\" width=\"481\" height=\"271\" srcset=\"https:\/\/www.aics.gov.it\/oltremare\/wp-content\/uploads\/2024\/11\/IMG-20181002-WA0041-600x338.jpg 600w, https:\/\/www.aics.gov.it\/oltremare\/wp-content\/uploads\/2024\/11\/IMG-20181002-WA0041-1024x576.jpg 1024w, https:\/\/www.aics.gov.it\/oltremare\/wp-content\/uploads\/2024\/11\/IMG-20181002-WA0041-768x432.jpg 768w, https:\/\/www.aics.gov.it\/oltremare\/wp-content\/uploads\/2024\/11\/IMG-20181002-WA0041.jpg 1152w\" sizes=\"auto, (max-width: 481px) 100vw, 481px\" \/>\u00c8 importante sottolineare che l&#8217;esperienza del PASF, che <strong>nel 2024 compie 25 anni di implementazione continua<\/strong>, ha dato l&#8217;innesco qualche anno fa, dopo i grandi incendi registrati in Brasile e Bolivia nel 2019, al disegno e creazione di un <strong>programma regionale attualmente finanziato dalla Unione Europea negli otto paesi della regione amazzonica<\/strong> che \u00e8 iniziato nel febbraio del 2023 con il coordinamento della AICS-Agenzia Italia per la Cooperazione allo Sviluppo. Il Programma, chiamato <strong>AMAZONIA+<\/strong>, si incentra su tre linee di azione principali: 1) <strong>prevenzione degli incendi forestali<\/strong>; 2) <strong>lotta contro la deforestazione<\/strong>; 3) <strong>mitigazione della degradazione forestale<\/strong>. La esperienza del PASF \u00e8 stata fondamentale per AICS per guidare questa importante iniziativa regionale facente parte della <strong>Team Europe Initiative \u201cAmazon Basin\u201d<\/strong>, che conta con il supporto della FIIAPP spagnola e Expertise France e che sar\u00e0 implementato per quattro anni fino a febbraio 2027.<\/p>\n<p>Gli incendi forestali nella regione amazzonica purtroppo non diminuiranno nei prossimi anni, anzi, <strong>la maggior parte dei modelli e pronostici climatici prevedono un aumento fino al 2050 di quasi il 50% rispetto agli incendi attual<\/strong>i. Quindi perch\u00e8 continuare a lavorare nella prevenzione e con un programma che si considera di successo? Perch\u00e8 quello che si \u00e8 potuto raggiungere in questi decenni con il PASF ha permesso iniziare <strong>un cammino importante in Brasile, Bolivia, Ecuador<\/strong> ed ora a livello degli 8 paesi amazzonici per poter cercare di arrivare pi\u00f9 preparati, per poter aiutare a rispondere meglio e per cercare di limitare i danni e gli impatti che gli incendi forestali generano e continueranno a generare, anche a seguito di una serie di variabili climatiche e non che un programma di cooperazione, per quanto effetti positivi possa generare non potr\u00e0 mai controllare.<\/p>\n","protected":false},"excerpt":{"rendered":"<p>Il Programma Amazzonia senza Fuoco (PASF) finanziato dalla Cooperazione Italiana dal 1999 attraverso diversi meccanismi di sostegno, \u00e9 una iniziativa emblematica che \u00e9 stata realizzata in Brasile, Bolivia ed Ecuador rappresentando un punto di riferimento sul tema della prevenzione degli [&hellip;]<\/p>\n","protected":false},"author":36,"featured_media":18318,"comment_status":"closed","ping_status":"closed","sticky":false,"template":"","format":"standard","meta":{"footnotes":""},"categories":[139],"tags":[443,445,1348,557],"class_list":["post-18314","post","type-post","status-publish","format-standard","has-post-thumbnail","hentry","category-voci-dal-campo","tag-bolivia","tag-brasile","tag-ecuador","tag-pianeta"],"yoast_head":"<!-- This site is optimized with the Yoast SEO plugin v27.5 - https:\/\/yoast.com\/product\/yoast-seo-wordpress\/ -->\n<title>Amazzonia senza Fuoco: 25 anni di impegno ambientale della Cooperazione Italiana per salvaguardare il polmone del mondo - Oltremare<\/title>\n<meta name=\"description\" content=\"L&#039;esperienza del Programma Amazzonia Senza Fuoco, che nel 2024 compie 25 anni di implementazione continua, ha dato l&#039;innesco qualche anno fa, al disegno e creazione di un programma regionale finanziato dalla Unione Europea negli otto paesi della regione amazzonica\" \/>\n<meta name=\"robots\" content=\"index, follow, max-snippet:-1, max-image-preview:large, max-video-preview:-1\" \/>\n<link rel=\"canonical\" href=\"https:\/\/www.aics.gov.it\/oltremare\/voci-dal-campo\/amazzonia-senza-fuoco-25-anni-di-impegno-ambientale-della-cooperazione-italiana-per-salvaguardare-il-polmone-del-mondo\/\" \/>\n<meta property=\"og:locale\" content=\"it_IT\" \/>\n<meta property=\"og:type\" content=\"article\" \/>\n<meta property=\"og:title\" content=\"Amazzonia senza Fuoco: 25 anni di impegno ambientale della Cooperazione Italiana per salvaguardare il polmone del mondo - Oltremare\" \/>\n<meta property=\"og:description\" content=\"L&#039;esperienza del Programma Amazzonia Senza Fuoco, che nel 2024 compie 25 anni di implementazione continua, ha dato l&#039;innesco qualche anno fa, al disegno e creazione di un programma regionale finanziato dalla Unione Europea negli otto paesi della regione amazzonica\" \/>\n<meta property=\"og:url\" content=\"https:\/\/www.aics.gov.it\/oltremare\/voci-dal-campo\/amazzonia-senza-fuoco-25-anni-di-impegno-ambientale-della-cooperazione-italiana-per-salvaguardare-il-polmone-del-mondo\/\" \/>\n<meta property=\"og:site_name\" content=\"Oltremare\" \/>\n<meta property=\"article:publisher\" content=\"https:\/\/www.facebook.com\/Agenzia-Italiana-per-la-Cooperazione-allo-Sviluppo-996004880482735\/\" \/>\n<meta property=\"article:published_time\" content=\"2024-11-08T09:27:42+00:00\" \/>\n<meta property=\"og:image\" content=\"https:\/\/www.aics.gov.it\/oltremare\/wp-content\/uploads\/2024\/11\/PASF_MAATE-6-scaled.jpg\" \/>\n\t<meta property=\"og:image:width\" content=\"2560\" \/>\n\t<meta property=\"og:image:height\" content=\"1181\" \/>\n\t<meta property=\"og:image:type\" content=\"image\/jpeg\" \/>\n<meta name=\"author\" content=\"Giorgio Bartolomucci\" \/>\n<meta name=\"twitter:card\" content=\"summary_large_image\" \/>\n<meta name=\"twitter:creator\" content=\"@aics_it\" \/>\n<meta name=\"twitter:site\" content=\"@aics_it\" \/>\n<meta name=\"twitter:label1\" content=\"Scritto da\" \/>\n\t<meta name=\"twitter:data1\" content=\"Pietro Graziani, Coordinatore Tecnico AICS Programma AMAZON+\" \/>\n\t<meta name=\"twitter:label2\" content=\"Tempo di lettura stimato\" \/>\n\t<meta name=\"twitter:data2\" content=\"12 minuti\" \/>\n<script type=\"application\/ld+json\" class=\"yoast-schema-graph\">{\"@context\":\"https:\\\/\\\/schema.org\",\"@graph\":[{\"@type\":\"Article\",\"@id\":\"https:\\\/\\\/www.aics.gov.it\\\/oltremare\\\/voci-dal-campo\\\/amazzonia-senza-fuoco-25-anni-di-impegno-ambientale-della-cooperazione-italiana-per-salvaguardare-il-polmone-del-mondo\\\/#article\",\"isPartOf\":{\"@id\":\"https:\\\/\\\/www.aics.gov.it\\\/oltremare\\\/voci-dal-campo\\\/amazzonia-senza-fuoco-25-anni-di-impegno-ambientale-della-cooperazione-italiana-per-salvaguardare-il-polmone-del-mondo\\\/\"},\"author\":{\"name\":\"Giorgio Bartolomucci\",\"@id\":\"https:\\\/\\\/www.aics.gov.it\\\/oltremare\\\/#\\\/schema\\\/person\\\/366926f64550e01f22be287462a02414\"},\"headline\":\"Amazzonia senza Fuoco: 25 anni di impegno ambientale della Cooperazione Italiana per salvaguardare il polmone del mondo\",\"datePublished\":\"2024-11-08T09:27:42+00:00\",\"mainEntityOfPage\":{\"@id\":\"https:\\\/\\\/www.aics.gov.it\\\/oltremare\\\/voci-dal-campo\\\/amazzonia-senza-fuoco-25-anni-di-impegno-ambientale-della-cooperazione-italiana-per-salvaguardare-il-polmone-del-mondo\\\/\"},\"wordCount\":1955,\"publisher\":{\"@id\":\"https:\\\/\\\/www.aics.gov.it\\\/oltremare\\\/#organization\"},\"image\":{\"@id\":\"https:\\\/\\\/www.aics.gov.it\\\/oltremare\\\/voci-dal-campo\\\/amazzonia-senza-fuoco-25-anni-di-impegno-ambientale-della-cooperazione-italiana-per-salvaguardare-il-polmone-del-mondo\\\/#primaryimage\"},\"thumbnailUrl\":\"https:\\\/\\\/www.aics.gov.it\\\/oltremare\\\/wp-content\\\/uploads\\\/2024\\\/11\\\/PASF_MAATE-6-scaled.jpg\",\"keywords\":[\"Bolivia\",\"Brasile\",\"Ecuador\",\"Pianeta\"],\"articleSection\":[\"Voci dal campo\"],\"inLanguage\":\"it-IT\"},{\"@type\":\"WebPage\",\"@id\":\"https:\\\/\\\/www.aics.gov.it\\\/oltremare\\\/voci-dal-campo\\\/amazzonia-senza-fuoco-25-anni-di-impegno-ambientale-della-cooperazione-italiana-per-salvaguardare-il-polmone-del-mondo\\\/\",\"url\":\"https:\\\/\\\/www.aics.gov.it\\\/oltremare\\\/voci-dal-campo\\\/amazzonia-senza-fuoco-25-anni-di-impegno-ambientale-della-cooperazione-italiana-per-salvaguardare-il-polmone-del-mondo\\\/\",\"name\":\"Amazzonia senza Fuoco: 25 anni di impegno ambientale della Cooperazione Italiana per salvaguardare il polmone del mondo - Oltremare\",\"isPartOf\":{\"@id\":\"https:\\\/\\\/www.aics.gov.it\\\/oltremare\\\/#website\"},\"primaryImageOfPage\":{\"@id\":\"https:\\\/\\\/www.aics.gov.it\\\/oltremare\\\/voci-dal-campo\\\/amazzonia-senza-fuoco-25-anni-di-impegno-ambientale-della-cooperazione-italiana-per-salvaguardare-il-polmone-del-mondo\\\/#primaryimage\"},\"image\":{\"@id\":\"https:\\\/\\\/www.aics.gov.it\\\/oltremare\\\/voci-dal-campo\\\/amazzonia-senza-fuoco-25-anni-di-impegno-ambientale-della-cooperazione-italiana-per-salvaguardare-il-polmone-del-mondo\\\/#primaryimage\"},\"thumbnailUrl\":\"https:\\\/\\\/www.aics.gov.it\\\/oltremare\\\/wp-content\\\/uploads\\\/2024\\\/11\\\/PASF_MAATE-6-scaled.jpg\",\"datePublished\":\"2024-11-08T09:27:42+00:00\",\"description\":\"L'esperienza del Programma Amazzonia Senza Fuoco, che nel 2024 compie 25 anni di implementazione continua, ha dato l'innesco qualche anno fa, al disegno e creazione di un programma regionale finanziato dalla Unione Europea negli otto paesi della regione amazzonica\",\"breadcrumb\":{\"@id\":\"https:\\\/\\\/www.aics.gov.it\\\/oltremare\\\/voci-dal-campo\\\/amazzonia-senza-fuoco-25-anni-di-impegno-ambientale-della-cooperazione-italiana-per-salvaguardare-il-polmone-del-mondo\\\/#breadcrumb\"},\"inLanguage\":\"it-IT\",\"potentialAction\":[{\"@type\":\"ReadAction\",\"target\":[\"https:\\\/\\\/www.aics.gov.it\\\/oltremare\\\/voci-dal-campo\\\/amazzonia-senza-fuoco-25-anni-di-impegno-ambientale-della-cooperazione-italiana-per-salvaguardare-il-polmone-del-mondo\\\/\"]}]},{\"@type\":\"ImageObject\",\"inLanguage\":\"it-IT\",\"@id\":\"https:\\\/\\\/www.aics.gov.it\\\/oltremare\\\/voci-dal-campo\\\/amazzonia-senza-fuoco-25-anni-di-impegno-ambientale-della-cooperazione-italiana-per-salvaguardare-il-polmone-del-mondo\\\/#primaryimage\",\"url\":\"https:\\\/\\\/www.aics.gov.it\\\/oltremare\\\/wp-content\\\/uploads\\\/2024\\\/11\\\/PASF_MAATE-6-scaled.jpg\",\"contentUrl\":\"https:\\\/\\\/www.aics.gov.it\\\/oltremare\\\/wp-content\\\/uploads\\\/2024\\\/11\\\/PASF_MAATE-6-scaled.jpg\",\"width\":2560,\"height\":1181},{\"@type\":\"BreadcrumbList\",\"@id\":\"https:\\\/\\\/www.aics.gov.it\\\/oltremare\\\/voci-dal-campo\\\/amazzonia-senza-fuoco-25-anni-di-impegno-ambientale-della-cooperazione-italiana-per-salvaguardare-il-polmone-del-mondo\\\/#breadcrumb\",\"itemListElement\":[{\"@type\":\"ListItem\",\"position\":1,\"name\":\"Home\",\"item\":\"https:\\\/\\\/www.aics.gov.it\\\/oltremare\\\/\"},{\"@type\":\"ListItem\",\"position\":2,\"name\":\"Amazzonia senza Fuoco: 25 anni di impegno ambientale della Cooperazione Italiana per salvaguardare il polmone del mondo\"}]},{\"@type\":\"WebSite\",\"@id\":\"https:\\\/\\\/www.aics.gov.it\\\/oltremare\\\/#website\",\"url\":\"https:\\\/\\\/www.aics.gov.it\\\/oltremare\\\/\",\"name\":\"Oltremare\",\"description\":\"Il Blog della cooperazione\",\"publisher\":{\"@id\":\"https:\\\/\\\/www.aics.gov.it\\\/oltremare\\\/#organization\"},\"potentialAction\":[{\"@type\":\"SearchAction\",\"target\":{\"@type\":\"EntryPoint\",\"urlTemplate\":\"https:\\\/\\\/www.aics.gov.it\\\/oltremare\\\/?s={search_term_string}\"},\"query-input\":{\"@type\":\"PropertyValueSpecification\",\"valueRequired\":true,\"valueName\":\"search_term_string\"}}],\"inLanguage\":\"it-IT\"},{\"@type\":\"Organization\",\"@id\":\"https:\\\/\\\/www.aics.gov.it\\\/oltremare\\\/#organization\",\"name\":\"Agenzia Italiana per la Cooperazione allo Sviluppo\",\"url\":\"https:\\\/\\\/www.aics.gov.it\\\/oltremare\\\/\",\"logo\":{\"@type\":\"ImageObject\",\"inLanguage\":\"it-IT\",\"@id\":\"https:\\\/\\\/www.aics.gov.it\\\/oltremare\\\/#\\\/schema\\\/logo\\\/image\\\/\",\"url\":\"https:\\\/\\\/www.aics.gov.it\\\/oltremare\\\/wp-content\\\/uploads\\\/2018\\\/02\\\/AICS_HEADER_530x130_EC1-e1518178146163.jpg\",\"contentUrl\":\"https:\\\/\\\/www.aics.gov.it\\\/oltremare\\\/wp-content\\\/uploads\\\/2018\\\/02\\\/AICS_HEADER_530x130_EC1-e1518178146163.jpg\",\"width\":300,\"height\":74,\"caption\":\"Agenzia Italiana per la Cooperazione allo Sviluppo\"},\"image\":{\"@id\":\"https:\\\/\\\/www.aics.gov.it\\\/oltremare\\\/#\\\/schema\\\/logo\\\/image\\\/\"},\"sameAs\":[\"https:\\\/\\\/www.facebook.com\\\/Agenzia-Italiana-per-la-Cooperazione-allo-Sviluppo-996004880482735\\\/\",\"https:\\\/\\\/x.com\\\/aics_it\",\"https:\\\/\\\/www.instagram.com\\\/aics_cooperazione_it\\\/\",\"https:\\\/\\\/www.youtube.com\\\/channel\\\/UCbssygnjreKD1Se1mDeCQ5w\"]},{\"@type\":\"Person\",\"@id\":\"https:\\\/\\\/www.aics.gov.it\\\/oltremare\\\/#\\\/schema\\\/person\\\/366926f64550e01f22be287462a02414\",\"name\":\"Giorgio Bartolomucci\",\"image\":{\"@type\":\"ImageObject\",\"inLanguage\":\"it-IT\",\"@id\":\"https:\\\/\\\/secure.gravatar.com\\\/avatar\\\/8ce9ac0d7ddef332f6be800f5fa59bedce6e5d6f6f7bafb322f31ace0e15532b?s=96&d=mm&r=g\",\"url\":\"https:\\\/\\\/secure.gravatar.com\\\/avatar\\\/8ce9ac0d7ddef332f6be800f5fa59bedce6e5d6f6f7bafb322f31ace0e15532b?s=96&d=mm&r=g\",\"contentUrl\":\"https:\\\/\\\/secure.gravatar.com\\\/avatar\\\/8ce9ac0d7ddef332f6be800f5fa59bedce6e5d6f6f7bafb322f31ace0e15532b?s=96&d=mm&r=g\",\"caption\":\"Giorgio Bartolomucci\"},\"url\":\"\"}]}<\/script>\n<!-- \/ Yoast SEO plugin. -->","yoast_head_json":{"title":"Amazzonia senza Fuoco: 25 anni di impegno ambientale della Cooperazione Italiana per salvaguardare il polmone del mondo - Oltremare","description":"L'esperienza del Programma Amazzonia Senza Fuoco, che nel 2024 compie 25 anni di implementazione continua, ha dato l'innesco qualche anno fa, al disegno e creazione di un programma regionale finanziato dalla Unione Europea negli otto paesi della regione amazzonica","robots":{"index":"index","follow":"follow","max-snippet":"max-snippet:-1","max-image-preview":"max-image-preview:large","max-video-preview":"max-video-preview:-1"},"canonical":"https:\/\/www.aics.gov.it\/oltremare\/voci-dal-campo\/amazzonia-senza-fuoco-25-anni-di-impegno-ambientale-della-cooperazione-italiana-per-salvaguardare-il-polmone-del-mondo\/","og_locale":"it_IT","og_type":"article","og_title":"Amazzonia senza Fuoco: 25 anni di impegno ambientale della Cooperazione Italiana per salvaguardare il polmone del mondo - Oltremare","og_description":"L'esperienza del Programma Amazzonia Senza Fuoco, che nel 2024 compie 25 anni di implementazione continua, ha dato l'innesco qualche anno fa, al disegno e creazione di un programma regionale finanziato dalla Unione Europea negli otto paesi della regione amazzonica","og_url":"https:\/\/www.aics.gov.it\/oltremare\/voci-dal-campo\/amazzonia-senza-fuoco-25-anni-di-impegno-ambientale-della-cooperazione-italiana-per-salvaguardare-il-polmone-del-mondo\/","og_site_name":"Oltremare","article_publisher":"https:\/\/www.facebook.com\/Agenzia-Italiana-per-la-Cooperazione-allo-Sviluppo-996004880482735\/","article_published_time":"2024-11-08T09:27:42+00:00","og_image":[{"width":2560,"height":1181,"url":"https:\/\/www.aics.gov.it\/oltremare\/wp-content\/uploads\/2024\/11\/PASF_MAATE-6-scaled.jpg","type":"image\/jpeg"}],"author":"Giorgio Bartolomucci","twitter_card":"summary_large_image","twitter_creator":"@aics_it","twitter_site":"@aics_it","twitter_misc":{"Scritto da":"Pietro Graziani, Coordinatore Tecnico AICS Programma AMAZON+","Tempo di lettura stimato":"12 minuti"},"schema":{"@context":"https:\/\/schema.org","@graph":[{"@type":"Article","@id":"https:\/\/www.aics.gov.it\/oltremare\/voci-dal-campo\/amazzonia-senza-fuoco-25-anni-di-impegno-ambientale-della-cooperazione-italiana-per-salvaguardare-il-polmone-del-mondo\/#article","isPartOf":{"@id":"https:\/\/www.aics.gov.it\/oltremare\/voci-dal-campo\/amazzonia-senza-fuoco-25-anni-di-impegno-ambientale-della-cooperazione-italiana-per-salvaguardare-il-polmone-del-mondo\/"},"author":{"name":"Giorgio Bartolomucci","@id":"https:\/\/www.aics.gov.it\/oltremare\/#\/schema\/person\/366926f64550e01f22be287462a02414"},"headline":"Amazzonia senza Fuoco: 25 anni di impegno ambientale della Cooperazione Italiana per salvaguardare il polmone del mondo","datePublished":"2024-11-08T09:27:42+00:00","mainEntityOfPage":{"@id":"https:\/\/www.aics.gov.it\/oltremare\/voci-dal-campo\/amazzonia-senza-fuoco-25-anni-di-impegno-ambientale-della-cooperazione-italiana-per-salvaguardare-il-polmone-del-mondo\/"},"wordCount":1955,"publisher":{"@id":"https:\/\/www.aics.gov.it\/oltremare\/#organization"},"image":{"@id":"https:\/\/www.aics.gov.it\/oltremare\/voci-dal-campo\/amazzonia-senza-fuoco-25-anni-di-impegno-ambientale-della-cooperazione-italiana-per-salvaguardare-il-polmone-del-mondo\/#primaryimage"},"thumbnailUrl":"https:\/\/www.aics.gov.it\/oltremare\/wp-content\/uploads\/2024\/11\/PASF_MAATE-6-scaled.jpg","keywords":["Bolivia","Brasile","Ecuador","Pianeta"],"articleSection":["Voci dal campo"],"inLanguage":"it-IT"},{"@type":"WebPage","@id":"https:\/\/www.aics.gov.it\/oltremare\/voci-dal-campo\/amazzonia-senza-fuoco-25-anni-di-impegno-ambientale-della-cooperazione-italiana-per-salvaguardare-il-polmone-del-mondo\/","url":"https:\/\/www.aics.gov.it\/oltremare\/voci-dal-campo\/amazzonia-senza-fuoco-25-anni-di-impegno-ambientale-della-cooperazione-italiana-per-salvaguardare-il-polmone-del-mondo\/","name":"Amazzonia senza Fuoco: 25 anni di impegno ambientale della Cooperazione Italiana per salvaguardare il polmone del mondo - Oltremare","isPartOf":{"@id":"https:\/\/www.aics.gov.it\/oltremare\/#website"},"primaryImageOfPage":{"@id":"https:\/\/www.aics.gov.it\/oltremare\/voci-dal-campo\/amazzonia-senza-fuoco-25-anni-di-impegno-ambientale-della-cooperazione-italiana-per-salvaguardare-il-polmone-del-mondo\/#primaryimage"},"image":{"@id":"https:\/\/www.aics.gov.it\/oltremare\/voci-dal-campo\/amazzonia-senza-fuoco-25-anni-di-impegno-ambientale-della-cooperazione-italiana-per-salvaguardare-il-polmone-del-mondo\/#primaryimage"},"thumbnailUrl":"https:\/\/www.aics.gov.it\/oltremare\/wp-content\/uploads\/2024\/11\/PASF_MAATE-6-scaled.jpg","datePublished":"2024-11-08T09:27:42+00:00","description":"L'esperienza del Programma Amazzonia Senza Fuoco, che nel 2024 compie 25 anni di implementazione continua, ha dato l'innesco qualche anno fa, al disegno e creazione di un programma regionale finanziato dalla Unione Europea negli otto paesi della regione amazzonica","breadcrumb":{"@id":"https:\/\/www.aics.gov.it\/oltremare\/voci-dal-campo\/amazzonia-senza-fuoco-25-anni-di-impegno-ambientale-della-cooperazione-italiana-per-salvaguardare-il-polmone-del-mondo\/#breadcrumb"},"inLanguage":"it-IT","potentialAction":[{"@type":"ReadAction","target":["https:\/\/www.aics.gov.it\/oltremare\/voci-dal-campo\/amazzonia-senza-fuoco-25-anni-di-impegno-ambientale-della-cooperazione-italiana-per-salvaguardare-il-polmone-del-mondo\/"]}]},{"@type":"ImageObject","inLanguage":"it-IT","@id":"https:\/\/www.aics.gov.it\/oltremare\/voci-dal-campo\/amazzonia-senza-fuoco-25-anni-di-impegno-ambientale-della-cooperazione-italiana-per-salvaguardare-il-polmone-del-mondo\/#primaryimage","url":"https:\/\/www.aics.gov.it\/oltremare\/wp-content\/uploads\/2024\/11\/PASF_MAATE-6-scaled.jpg","contentUrl":"https:\/\/www.aics.gov.it\/oltremare\/wp-content\/uploads\/2024\/11\/PASF_MAATE-6-scaled.jpg","width":2560,"height":1181},{"@type":"BreadcrumbList","@id":"https:\/\/www.aics.gov.it\/oltremare\/voci-dal-campo\/amazzonia-senza-fuoco-25-anni-di-impegno-ambientale-della-cooperazione-italiana-per-salvaguardare-il-polmone-del-mondo\/#breadcrumb","itemListElement":[{"@type":"ListItem","position":1,"name":"Home","item":"https:\/\/www.aics.gov.it\/oltremare\/"},{"@type":"ListItem","position":2,"name":"Amazzonia senza Fuoco: 25 anni di impegno ambientale della Cooperazione Italiana per salvaguardare il polmone del mondo"}]},{"@type":"WebSite","@id":"https:\/\/www.aics.gov.it\/oltremare\/#website","url":"https:\/\/www.aics.gov.it\/oltremare\/","name":"Oltremare","description":"Il Blog della cooperazione","publisher":{"@id":"https:\/\/www.aics.gov.it\/oltremare\/#organization"},"potentialAction":[{"@type":"SearchAction","target":{"@type":"EntryPoint","urlTemplate":"https:\/\/www.aics.gov.it\/oltremare\/?s={search_term_string}"},"query-input":{"@type":"PropertyValueSpecification","valueRequired":true,"valueName":"search_term_string"}}],"inLanguage":"it-IT"},{"@type":"Organization","@id":"https:\/\/www.aics.gov.it\/oltremare\/#organization","name":"Agenzia Italiana per la Cooperazione allo Sviluppo","url":"https:\/\/www.aics.gov.it\/oltremare\/","logo":{"@type":"ImageObject","inLanguage":"it-IT","@id":"https:\/\/www.aics.gov.it\/oltremare\/#\/schema\/logo\/image\/","url":"https:\/\/www.aics.gov.it\/oltremare\/wp-content\/uploads\/2018\/02\/AICS_HEADER_530x130_EC1-e1518178146163.jpg","contentUrl":"https:\/\/www.aics.gov.it\/oltremare\/wp-content\/uploads\/2018\/02\/AICS_HEADER_530x130_EC1-e1518178146163.jpg","width":300,"height":74,"caption":"Agenzia Italiana per la Cooperazione allo Sviluppo"},"image":{"@id":"https:\/\/www.aics.gov.it\/oltremare\/#\/schema\/logo\/image\/"},"sameAs":["https:\/\/www.facebook.com\/Agenzia-Italiana-per-la-Cooperazione-allo-Sviluppo-996004880482735\/","https:\/\/x.com\/aics_it","https:\/\/www.instagram.com\/aics_cooperazione_it\/","https:\/\/www.youtube.com\/channel\/UCbssygnjreKD1Se1mDeCQ5w"]},{"@type":"Person","@id":"https:\/\/www.aics.gov.it\/oltremare\/#\/schema\/person\/366926f64550e01f22be287462a02414","name":"Giorgio Bartolomucci","image":{"@type":"ImageObject","inLanguage":"it-IT","@id":"https:\/\/secure.gravatar.com\/avatar\/8ce9ac0d7ddef332f6be800f5fa59bedce6e5d6f6f7bafb322f31ace0e15532b?s=96&d=mm&r=g","url":"https:\/\/secure.gravatar.com\/avatar\/8ce9ac0d7ddef332f6be800f5fa59bedce6e5d6f6f7bafb322f31ace0e15532b?s=96&d=mm&r=g","contentUrl":"https:\/\/secure.gravatar.com\/avatar\/8ce9ac0d7ddef332f6be800f5fa59bedce6e5d6f6f7bafb322f31ace0e15532b?s=96&d=mm&r=g","caption":"Giorgio Bartolomucci"},"url":""}]}},"_links":{"self":[{"href":"https:\/\/www.aics.gov.it\/oltremare\/wp-json\/wp\/v2\/posts\/18314","targetHints":{"allow":["GET"]}}],"collection":[{"href":"https:\/\/www.aics.gov.it\/oltremare\/wp-json\/wp\/v2\/posts"}],"about":[{"href":"https:\/\/www.aics.gov.it\/oltremare\/wp-json\/wp\/v2\/types\/post"}],"author":[{"embeddable":true,"href":"https:\/\/www.aics.gov.it\/oltremare\/wp-json\/wp\/v2\/users\/36"}],"replies":[{"embeddable":true,"href":"https:\/\/www.aics.gov.it\/oltremare\/wp-json\/wp\/v2\/comments?post=18314"}],"version-history":[{"count":1,"href":"https:\/\/www.aics.gov.it\/oltremare\/wp-json\/wp\/v2\/posts\/18314\/revisions"}],"predecessor-version":[{"id":18319,"href":"https:\/\/www.aics.gov.it\/oltremare\/wp-json\/wp\/v2\/posts\/18314\/revisions\/18319"}],"wp:featuredmedia":[{"embeddable":true,"href":"https:\/\/www.aics.gov.it\/oltremare\/wp-json\/wp\/v2\/media\/18318"}],"wp:attachment":[{"href":"https:\/\/www.aics.gov.it\/oltremare\/wp-json\/wp\/v2\/media?parent=18314"}],"wp:term":[{"taxonomy":"category","embeddable":true,"href":"https:\/\/www.aics.gov.it\/oltremare\/wp-json\/wp\/v2\/categories?post=18314"},{"taxonomy":"post_tag","embeddable":true,"href":"https:\/\/www.aics.gov.it\/oltremare\/wp-json\/wp\/v2\/tags?post=18314"}],"curies":[{"name":"wp","href":"https:\/\/api.w.org\/{rel}","templated":true}]}}