{"id":18429,"date":"2025-02-14T11:13:51","date_gmt":"2025-02-14T10:13:51","guid":{"rendered":"https:\/\/www.aics.gov.it\/oltremare\/?p=18429"},"modified":"2025-02-15T10:19:57","modified_gmt":"2025-02-15T09:19:57","slug":"la-storia-di-malik-toure-a-casa-mia-realizzo-mobili-made-with-italy","status":"publish","type":"post","link":"https:\/\/www.aics.gov.it\/oltremare\/articoli\/prosperita\/la-storia-di-malik-toure-a-casa-mia-realizzo-mobili-made-with-italy\/","title":{"rendered":"La storia di Malik Tour\u00e9: \u201cA &#8216;Casa mia&#8217; realizzo mobili Made With Italy\u201d"},"content":{"rendered":"<p><em>Dal Senegal a Pontedera e poi di nuovo in Senegal. Parla l\u2019imprenditore-artigiano, ospite di Italia Africa Business Week, cresciuto con l\u2019aiuto dei colleghi e il supporto della Cooperazione Italiana.<\/em><\/p>\n<p><!--more--><\/p>\n<p><img loading=\"lazy\" decoding=\"async\" class=\" wp-image-18432 alignright\" src=\"https:\/\/www.aics.gov.it\/oltremare\/wp-content\/uploads\/2025\/02\/WhatsApp-Image-2025-02-09-at-14.50.15-2-600x450.jpeg\" alt=\"\" width=\"356\" height=\"267\" srcset=\"https:\/\/www.aics.gov.it\/oltremare\/wp-content\/uploads\/2025\/02\/WhatsApp-Image-2025-02-09-at-14.50.15-2-600x450.jpeg 600w, https:\/\/www.aics.gov.it\/oltremare\/wp-content\/uploads\/2025\/02\/WhatsApp-Image-2025-02-09-at-14.50.15-2-1024x768.jpeg 1024w, https:\/\/www.aics.gov.it\/oltremare\/wp-content\/uploads\/2025\/02\/WhatsApp-Image-2025-02-09-at-14.50.15-2-768x576.jpeg 768w, https:\/\/www.aics.gov.it\/oltremare\/wp-content\/uploads\/2025\/02\/WhatsApp-Image-2025-02-09-at-14.50.15-2.jpeg 1080w\" sizes=\"auto, (max-width: 356px) 100vw, 356px\" \/>\u201c<em>Ho cominciato spingendo gomme, ma avevo tanta voglia di lavorare e in poco tempo sono diventato un jolly: conoscevo tutti i macchinari e tutti i passaggi, anche per la finitura all\u2019italiana<\/em>\u201d. <strong>Malik Toure<\/strong>, 54 anni, \u00e8 un imprenditore artigiano del mobile. \u00c8 nato a Dakar, la capitale del Senegal, e a Dakar \u00e8 tornato. Nel mezzo c\u2019\u00e8 l\u2019Italia, dove ha messo su famiglia e ha imparato molte cose. \u201c<em>Ero dalle parti di Pontedera<\/em>\u201d racconta a Oltremare del suo arrivo in Toscana, dopo un viaggio difficile e alcuni mesi a Napoli in cerca di un\u2019opportunit\u00e0: \u201c<em>Lungo la strada c\u2019era una fila di capannoni e fabbriche, una dopo l\u2019altra; quando mi sono avvicinato al portone dell\u2019ultima mi hanno fatto entrare e poi detto che, s\u00ec, avrei potuto provare<\/em>\u201d. \u00c8 il 1999. Cominciano giornate lunghe, dieci, 12 e spesso anche 13 ore di lavoro, dalla mattina alla sera, dal luned\u00ec al sabato. \u201c<em>A un certo punto mi sono detto: conosco bene le fasi e i processi di produzione, sono capo officina, vorrei mettere su qualcosa di mio<\/em>\u201d. Ecco l\u2019idea: mobili di qualit\u00e0, italiani e con un tocco di Senegal. \u201c<em>Ho cominciato mettendo da parte la tredicesima per <strong>acquistare una macchina per falegnameria<\/strong><\/em>\u201d ricorda Toure, \u201c<em>e nel 2014 ho aperto la mia impresa a Dakar, insieme con mio fratello, che viveva ancora l\u00ec<\/em>\u201d. Gestire da lontano, con ordini, scadenze e incombenze quotidiane, risulta per\u00f2 complicato. \u201c<em>Un problema centrale era <strong>la formazione degli artigiani<\/strong><\/em>\u201d sottolinea l\u2019imprenditore. \u201c<em>\u00c8 cos\u00ec che ho deciso di offrire periodi di vacanza ad alcuni colleghi specializzati italiani: l\u2019idea era che andassero a Dakar ad agosto per <strong>insegnare il mestiere ai ragazzi<\/strong> la mattina ed essere liberi di godersi la citt\u00e0 e il mare con le famiglie il pomeriggio<\/em>\u201d.<\/p>\n<p>Il principio \u00e8 quello della <strong>mutualit\u00e0 e<\/strong> dell\u2019<strong>aiuto reciproco<\/strong>. Che da solo per non basta. Serve qualcosa in pi\u00f9, un supporto anche economico.<\/p>\n<p><img loading=\"lazy\" decoding=\"async\" class=\" wp-image-18431 alignleft\" src=\"https:\/\/www.aics.gov.it\/oltremare\/wp-content\/uploads\/2025\/02\/WhatsApp-Image-2025-02-13-at-10.45.12-3-600x338.jpeg\" alt=\"\" width=\"343\" height=\"193\" srcset=\"https:\/\/www.aics.gov.it\/oltremare\/wp-content\/uploads\/2025\/02\/WhatsApp-Image-2025-02-13-at-10.45.12-3-600x338.jpeg 600w, https:\/\/www.aics.gov.it\/oltremare\/wp-content\/uploads\/2025\/02\/WhatsApp-Image-2025-02-13-at-10.45.12-3-768x432.jpeg 768w, https:\/\/www.aics.gov.it\/oltremare\/wp-content\/uploads\/2025\/02\/WhatsApp-Image-2025-02-13-at-10.45.12-3.jpeg 1024w\" sizes=\"auto, (max-width: 343px) 100vw, 343px\" \/>La risposta per Toure e i suoi artigiani arriva partecipando a un concorso per <strong>Pasped, un programma dell\u2019Agenzia italiana per la cooperazione allo sviluppo (Aics) che supporta startup e idee imprenditoriali innovative<\/strong>, con business plan, formazione e un\u2019attenzione particolare a persone migranti e diaspore. \u201c<em>Mi avevano raccontato dell\u2019opportunit\u00e0 e ho fatto domanda<\/em>\u201d ricorda Toure: \u201c<em>Per avere un prestito attraverso i canali bancari tradizionali andavano offerte garanzie che avrebbe potuto dare solo chi del prestito non aveva bisogno<\/em>\u201d.<\/p>\n<p>In poco tempo il credito permette di crescere. \u201c<em>Ho potuto acquistare macchinari, raddoppiare la produzione e avviare la formazione per i giovani<\/em>\u201d dice Toure, che ora lavora anche in rete con il governo, offrendo <strong>percorsi di specializzazione e di reinserimento sociale a persone ex detenute e dando un impiego a 20 artigiani<\/strong>. Della sua esperienza l\u2019imprenditore parla a Roma, in occasione dell\u2019ottava edizione di <a href=\"https:\/\/iabw.eu\/\"><strong>Italia Africa Business Week (Iabw)<\/strong><\/a>, un forum promosso dall\u2019associazione Le R\u00e9seau che favorisce incontri in una prospettiva di co-sviluppo. E tra Italia e Senegal si divide ancora Toure. La sua azienda si chiama \u201cCasa mia\u201d, in italiano, \u201c<em>in omaggio al mio Paese adottivo<\/em>\u201d, spiega. La figlia Khady studia a Firenze, ha appena compiuto 25 anni e si sta laureando in Economia aziendale.<\/p>\n<p><strong>Pasped<\/strong> \u00e8 un acronimo e sta per \u201c<strong>Programme d&#8217;Appui au Secteur Priv\u00e9 e \u00e0 la Cr\u00e9ation d&#8217;Emplois au S\u00e9n\u00e9gal<\/strong>\u201d. In una prima fase dell\u2019iniziativa, fino al 2023, sono state sostenute 195 imprese, garantiti oltre 7mila impieghi e supportati nella creazione o nel consolidamento delle loro attivit\u00e0 pi\u00f9 di 50 gli imprenditori della diaspora. \u201c<em>Il progetto \u00e8 finanziato dall\u2019Unione europea e realizzato dall\u2019Agenzia in co-delegazione con Cassa depositi e prestiti e in collaborazione con il ministero della Microfinanza e dell\u2019economia sociale e solidale del Senegal<\/em>\u201d sottolinea <strong>Fabio Strinati, dirigente Aics<\/strong>, al fianco di Toure in uno dei dibattiti di Italia Africa Business Week. Al forum interviene anche il titolare del dicastero partner a Dakar, <strong>Alioune Dione<\/strong>. Parla di \u201c<strong>made in Africa<\/strong>\u201d, con la necessit\u00e0 di trasformare i prodotti nel continente e non limitarsi all\u2019export di materie prime, e allo stesso tempo di \u201csavoir-faire\u201d italiano: \u201c<em>Importarlo<\/em>\u201d, dice, \u201c<em>favorir\u00e0 uno sviluppo sostenibile<\/em>\u201d.<\/p>\n<p>Un ruolo lo possono avere anche le<strong> comunit\u00e0 con esperienze di migrazione<\/strong>, riprende <strong>Strinati<\/strong>. Che d\u00e0 appuntamento per sabato 22 febbraio, alla <strong>sesta edizione del Summit nazionale delle diaspore<\/strong>, un\u2019iniziativa finanziata dalla Cooperazione italiana e realizzata con Le R\u00e9seau e l\u2019Organizzazione internazionale per le migrazioni (Oim): \u201c<em>Sar\u00e0 un momento di confronto, sintesi e condivisione<\/em>\u201d, dice il dirigente, \u201c<em>per rafforzare le associazioni, favorendone il ruolo di ponti e supportando la loro partecipazione nella cooperazione allo sviluppo<\/em>\u201d.<\/p>\n<div style=\"box-shadow: 10px 10px 28px 0px rgba(171,171,171,1); padding: 25px;\"><span style=\"color: #000000;\">Biografia<\/span><br \/>\n<span style=\"color: #000000;\"><strong>Vincenzo Giardina<\/strong><\/span><br \/>\n<span style=\"color: #000000;\">Nato a Padova, laureato in storia contemporanea, \u00e8 un giornalista professionista. Coordina il notiziario internazionale dell\u2019agenzia di stampa Dire. Tra le sue collaborazioni Il Venerd\u00ec di Repubblica, Internazionale, l\u2019Espresso e Nigrizia. Gi\u00e0 redattore dell\u2019agenzia di stampa missionaria Misna, si \u00e8 specializzato sull\u2019Africa e sui temi dei diritti umani e della lotta contro le disuguaglianze. Scrive su Oltremare, magazine dell\u2019Agenzia italiana per la cooperazione allo sviluppo, e interviene come esperto o inviato su Radio Rai, Radio Vaticana e altre emittenti. Suoi articoli e reportage sono pubblicati anche da La Stampa e Vanity Fair. Parla pi\u00f9 lingue, tra le quali il russo.<\/span><br \/>\n<a href=\"https:\/\/www.vincenzogiardina.org\/\" target=\"_blank\" rel=\"noopener noreferrer\">www.vincenzogiardina.org<\/a><img decoding=\"async\" class=\"aligncenter\" src=\"https:\/\/www.aics.gov.it\/oltremare\/wp-content\/uploads\/2020\/04\/giardina-bio.png\" \/><\/div>\n","protected":false},"excerpt":{"rendered":"<p>Dal Senegal a Pontedera e poi di nuovo in Senegal. Parla l\u2019imprenditore-artigiano, ospite di Italia Africa Business Week, cresciuto con l\u2019aiuto dei colleghi e il supporto della Cooperazione Italiana.<\/p>\n","protected":false},"author":36,"featured_media":18430,"comment_status":"closed","ping_status":"closed","sticky":false,"template":"","format":"standard","meta":{"footnotes":""},"categories":[134],"tags":[659,1119,289],"class_list":["post-18429","post","type-post","status-publish","format-standard","has-post-thumbnail","hentry","category-prosperita","tag-pasped","tag-prosperita","tag-senegal"],"yoast_head":"<!-- This site is optimized with the Yoast SEO plugin v27.5 - https:\/\/yoast.com\/product\/yoast-seo-wordpress\/ -->\n<title>La storia di Malik Tour\u00e9: \u201cA &#039;Casa mia&#039; realizzo mobili Made With Italy\u201d - Oltremare<\/title>\n<meta name=\"description\" content=\"La risposta per Toure e i suoi artigiani arriva partecipando a un concorso per Pasped, un programma dell\u2019Agenzia italiana per la cooperazione allo sviluppo che supporta startup e idee imprenditoriali innovative\" \/>\n<meta name=\"robots\" content=\"index, follow, max-snippet:-1, max-image-preview:large, max-video-preview:-1\" \/>\n<link rel=\"canonical\" href=\"https:\/\/www.aics.gov.it\/oltremare\/articoli\/prosperita\/la-storia-di-malik-toure-a-casa-mia-realizzo-mobili-made-with-italy\/\" \/>\n<meta property=\"og:locale\" content=\"it_IT\" \/>\n<meta property=\"og:type\" content=\"article\" \/>\n<meta property=\"og:title\" content=\"La storia di Malik Tour\u00e9: \u201cA &#039;Casa mia&#039; realizzo mobili Made With Italy\u201d - Oltremare\" \/>\n<meta property=\"og:description\" content=\"La risposta per Toure e i suoi artigiani arriva partecipando a un concorso per Pasped, un programma dell\u2019Agenzia italiana per la cooperazione allo sviluppo che supporta startup e idee imprenditoriali innovative\" \/>\n<meta property=\"og:url\" content=\"https:\/\/www.aics.gov.it\/oltremare\/articoli\/prosperita\/la-storia-di-malik-toure-a-casa-mia-realizzo-mobili-made-with-italy\/\" \/>\n<meta property=\"og:site_name\" content=\"Oltremare\" \/>\n<meta property=\"article:publisher\" content=\"https:\/\/www.facebook.com\/Agenzia-Italiana-per-la-Cooperazione-allo-Sviluppo-996004880482735\/\" \/>\n<meta property=\"article:published_time\" content=\"2025-02-14T10:13:51+00:00\" \/>\n<meta property=\"article:modified_time\" content=\"2025-02-15T09:19:57+00:00\" \/>\n<meta property=\"og:image\" content=\"https:\/\/www.aics.gov.it\/oltremare\/wp-content\/uploads\/2025\/02\/WhatsApp-Image-2025-02-13-at-10.45.12-2.jpeg\" \/>\n\t<meta property=\"og:image:width\" content=\"1599\" \/>\n\t<meta property=\"og:image:height\" content=\"1066\" \/>\n\t<meta property=\"og:image:type\" content=\"image\/jpeg\" \/>\n<meta name=\"author\" content=\"Giorgio Bartolomucci\" \/>\n<meta name=\"twitter:card\" content=\"summary_large_image\" \/>\n<meta name=\"twitter:creator\" content=\"@aics_it\" \/>\n<meta name=\"twitter:site\" content=\"@aics_it\" \/>\n<meta name=\"twitter:label1\" content=\"Scritto da\" \/>\n\t<meta name=\"twitter:data1\" content=\"Vincenzo Giardina\" \/>\n\t<meta name=\"twitter:label2\" content=\"Tempo di lettura stimato\" \/>\n\t<meta name=\"twitter:data2\" content=\"6 minuti\" \/>\n<script type=\"application\/ld+json\" class=\"yoast-schema-graph\">{\"@context\":\"https:\\\/\\\/schema.org\",\"@graph\":[{\"@type\":\"Article\",\"@id\":\"https:\\\/\\\/www.aics.gov.it\\\/oltremare\\\/articoli\\\/prosperita\\\/la-storia-di-malik-toure-a-casa-mia-realizzo-mobili-made-with-italy\\\/#article\",\"isPartOf\":{\"@id\":\"https:\\\/\\\/www.aics.gov.it\\\/oltremare\\\/articoli\\\/prosperita\\\/la-storia-di-malik-toure-a-casa-mia-realizzo-mobili-made-with-italy\\\/\"},\"author\":{\"name\":\"Giorgio Bartolomucci\",\"@id\":\"https:\\\/\\\/www.aics.gov.it\\\/oltremare\\\/#\\\/schema\\\/person\\\/366926f64550e01f22be287462a02414\"},\"headline\":\"La storia di Malik Tour\u00e9: \u201cA &#8216;Casa mia&#8217; realizzo mobili Made With Italy\u201d\",\"datePublished\":\"2025-02-14T10:13:51+00:00\",\"dateModified\":\"2025-02-15T09:19:57+00:00\",\"mainEntityOfPage\":{\"@id\":\"https:\\\/\\\/www.aics.gov.it\\\/oltremare\\\/articoli\\\/prosperita\\\/la-storia-di-malik-toure-a-casa-mia-realizzo-mobili-made-with-italy\\\/\"},\"wordCount\":900,\"publisher\":{\"@id\":\"https:\\\/\\\/www.aics.gov.it\\\/oltremare\\\/#organization\"},\"image\":{\"@id\":\"https:\\\/\\\/www.aics.gov.it\\\/oltremare\\\/articoli\\\/prosperita\\\/la-storia-di-malik-toure-a-casa-mia-realizzo-mobili-made-with-italy\\\/#primaryimage\"},\"thumbnailUrl\":\"https:\\\/\\\/www.aics.gov.it\\\/oltremare\\\/wp-content\\\/uploads\\\/2025\\\/02\\\/WhatsApp-Image-2025-02-13-at-10.45.12-2.jpeg\",\"keywords\":[\"Pasped\",\"prosperit\u00e0\",\"Senegal\"],\"articleSection\":[\"Prosperit\u00e0\"],\"inLanguage\":\"it-IT\"},{\"@type\":\"WebPage\",\"@id\":\"https:\\\/\\\/www.aics.gov.it\\\/oltremare\\\/articoli\\\/prosperita\\\/la-storia-di-malik-toure-a-casa-mia-realizzo-mobili-made-with-italy\\\/\",\"url\":\"https:\\\/\\\/www.aics.gov.it\\\/oltremare\\\/articoli\\\/prosperita\\\/la-storia-di-malik-toure-a-casa-mia-realizzo-mobili-made-with-italy\\\/\",\"name\":\"La storia di Malik Tour\u00e9: \u201cA 'Casa mia' realizzo mobili Made With Italy\u201d - Oltremare\",\"isPartOf\":{\"@id\":\"https:\\\/\\\/www.aics.gov.it\\\/oltremare\\\/#website\"},\"primaryImageOfPage\":{\"@id\":\"https:\\\/\\\/www.aics.gov.it\\\/oltremare\\\/articoli\\\/prosperita\\\/la-storia-di-malik-toure-a-casa-mia-realizzo-mobili-made-with-italy\\\/#primaryimage\"},\"image\":{\"@id\":\"https:\\\/\\\/www.aics.gov.it\\\/oltremare\\\/articoli\\\/prosperita\\\/la-storia-di-malik-toure-a-casa-mia-realizzo-mobili-made-with-italy\\\/#primaryimage\"},\"thumbnailUrl\":\"https:\\\/\\\/www.aics.gov.it\\\/oltremare\\\/wp-content\\\/uploads\\\/2025\\\/02\\\/WhatsApp-Image-2025-02-13-at-10.45.12-2.jpeg\",\"datePublished\":\"2025-02-14T10:13:51+00:00\",\"dateModified\":\"2025-02-15T09:19:57+00:00\",\"description\":\"La risposta per Toure e i suoi artigiani arriva partecipando a un concorso per Pasped, un programma dell\u2019Agenzia italiana per la cooperazione allo sviluppo che supporta startup e idee imprenditoriali innovative\",\"breadcrumb\":{\"@id\":\"https:\\\/\\\/www.aics.gov.it\\\/oltremare\\\/articoli\\\/prosperita\\\/la-storia-di-malik-toure-a-casa-mia-realizzo-mobili-made-with-italy\\\/#breadcrumb\"},\"inLanguage\":\"it-IT\",\"potentialAction\":[{\"@type\":\"ReadAction\",\"target\":[\"https:\\\/\\\/www.aics.gov.it\\\/oltremare\\\/articoli\\\/prosperita\\\/la-storia-di-malik-toure-a-casa-mia-realizzo-mobili-made-with-italy\\\/\"]}]},{\"@type\":\"ImageObject\",\"inLanguage\":\"it-IT\",\"@id\":\"https:\\\/\\\/www.aics.gov.it\\\/oltremare\\\/articoli\\\/prosperita\\\/la-storia-di-malik-toure-a-casa-mia-realizzo-mobili-made-with-italy\\\/#primaryimage\",\"url\":\"https:\\\/\\\/www.aics.gov.it\\\/oltremare\\\/wp-content\\\/uploads\\\/2025\\\/02\\\/WhatsApp-Image-2025-02-13-at-10.45.12-2.jpeg\",\"contentUrl\":\"https:\\\/\\\/www.aics.gov.it\\\/oltremare\\\/wp-content\\\/uploads\\\/2025\\\/02\\\/WhatsApp-Image-2025-02-13-at-10.45.12-2.jpeg\",\"width\":1599,\"height\":1066,\"caption\":\"crediti AGR Srl\"},{\"@type\":\"BreadcrumbList\",\"@id\":\"https:\\\/\\\/www.aics.gov.it\\\/oltremare\\\/articoli\\\/prosperita\\\/la-storia-di-malik-toure-a-casa-mia-realizzo-mobili-made-with-italy\\\/#breadcrumb\",\"itemListElement\":[{\"@type\":\"ListItem\",\"position\":1,\"name\":\"Home\",\"item\":\"https:\\\/\\\/www.aics.gov.it\\\/oltremare\\\/\"},{\"@type\":\"ListItem\",\"position\":2,\"name\":\"La storia di Malik Tour\u00e9: \u201cA &#8216;Casa mia&#8217; realizzo mobili Made With Italy\u201d\"}]},{\"@type\":\"WebSite\",\"@id\":\"https:\\\/\\\/www.aics.gov.it\\\/oltremare\\\/#website\",\"url\":\"https:\\\/\\\/www.aics.gov.it\\\/oltremare\\\/\",\"name\":\"Oltremare\",\"description\":\"Il Blog della cooperazione\",\"publisher\":{\"@id\":\"https:\\\/\\\/www.aics.gov.it\\\/oltremare\\\/#organization\"},\"potentialAction\":[{\"@type\":\"SearchAction\",\"target\":{\"@type\":\"EntryPoint\",\"urlTemplate\":\"https:\\\/\\\/www.aics.gov.it\\\/oltremare\\\/?s={search_term_string}\"},\"query-input\":{\"@type\":\"PropertyValueSpecification\",\"valueRequired\":true,\"valueName\":\"search_term_string\"}}],\"inLanguage\":\"it-IT\"},{\"@type\":\"Organization\",\"@id\":\"https:\\\/\\\/www.aics.gov.it\\\/oltremare\\\/#organization\",\"name\":\"Agenzia Italiana per la Cooperazione allo Sviluppo\",\"url\":\"https:\\\/\\\/www.aics.gov.it\\\/oltremare\\\/\",\"logo\":{\"@type\":\"ImageObject\",\"inLanguage\":\"it-IT\",\"@id\":\"https:\\\/\\\/www.aics.gov.it\\\/oltremare\\\/#\\\/schema\\\/logo\\\/image\\\/\",\"url\":\"https:\\\/\\\/www.aics.gov.it\\\/oltremare\\\/wp-content\\\/uploads\\\/2018\\\/02\\\/AICS_HEADER_530x130_EC1-e1518178146163.jpg\",\"contentUrl\":\"https:\\\/\\\/www.aics.gov.it\\\/oltremare\\\/wp-content\\\/uploads\\\/2018\\\/02\\\/AICS_HEADER_530x130_EC1-e1518178146163.jpg\",\"width\":300,\"height\":74,\"caption\":\"Agenzia Italiana per la Cooperazione allo Sviluppo\"},\"image\":{\"@id\":\"https:\\\/\\\/www.aics.gov.it\\\/oltremare\\\/#\\\/schema\\\/logo\\\/image\\\/\"},\"sameAs\":[\"https:\\\/\\\/www.facebook.com\\\/Agenzia-Italiana-per-la-Cooperazione-allo-Sviluppo-996004880482735\\\/\",\"https:\\\/\\\/x.com\\\/aics_it\",\"https:\\\/\\\/www.instagram.com\\\/aics_cooperazione_it\\\/\",\"https:\\\/\\\/www.youtube.com\\\/channel\\\/UCbssygnjreKD1Se1mDeCQ5w\"]},{\"@type\":\"Person\",\"@id\":\"https:\\\/\\\/www.aics.gov.it\\\/oltremare\\\/#\\\/schema\\\/person\\\/366926f64550e01f22be287462a02414\",\"name\":\"Giorgio Bartolomucci\",\"image\":{\"@type\":\"ImageObject\",\"inLanguage\":\"it-IT\",\"@id\":\"https:\\\/\\\/secure.gravatar.com\\\/avatar\\\/8ce9ac0d7ddef332f6be800f5fa59bedce6e5d6f6f7bafb322f31ace0e15532b?s=96&d=mm&r=g\",\"url\":\"https:\\\/\\\/secure.gravatar.com\\\/avatar\\\/8ce9ac0d7ddef332f6be800f5fa59bedce6e5d6f6f7bafb322f31ace0e15532b?s=96&d=mm&r=g\",\"contentUrl\":\"https:\\\/\\\/secure.gravatar.com\\\/avatar\\\/8ce9ac0d7ddef332f6be800f5fa59bedce6e5d6f6f7bafb322f31ace0e15532b?s=96&d=mm&r=g\",\"caption\":\"Giorgio Bartolomucci\"},\"url\":\"\"}]}<\/script>\n<!-- \/ Yoast SEO plugin. -->","yoast_head_json":{"title":"La storia di Malik Tour\u00e9: \u201cA 'Casa mia' realizzo mobili Made With Italy\u201d - Oltremare","description":"La risposta per Toure e i suoi artigiani arriva partecipando a un concorso per Pasped, un programma dell\u2019Agenzia italiana per la cooperazione allo sviluppo che supporta startup e idee imprenditoriali innovative","robots":{"index":"index","follow":"follow","max-snippet":"max-snippet:-1","max-image-preview":"max-image-preview:large","max-video-preview":"max-video-preview:-1"},"canonical":"https:\/\/www.aics.gov.it\/oltremare\/articoli\/prosperita\/la-storia-di-malik-toure-a-casa-mia-realizzo-mobili-made-with-italy\/","og_locale":"it_IT","og_type":"article","og_title":"La storia di Malik Tour\u00e9: \u201cA 'Casa mia' realizzo mobili Made With Italy\u201d - Oltremare","og_description":"La risposta per Toure e i suoi artigiani arriva partecipando a un concorso per Pasped, un programma dell\u2019Agenzia italiana per la cooperazione allo sviluppo che supporta startup e idee imprenditoriali innovative","og_url":"https:\/\/www.aics.gov.it\/oltremare\/articoli\/prosperita\/la-storia-di-malik-toure-a-casa-mia-realizzo-mobili-made-with-italy\/","og_site_name":"Oltremare","article_publisher":"https:\/\/www.facebook.com\/Agenzia-Italiana-per-la-Cooperazione-allo-Sviluppo-996004880482735\/","article_published_time":"2025-02-14T10:13:51+00:00","article_modified_time":"2025-02-15T09:19:57+00:00","og_image":[{"width":1599,"height":1066,"url":"https:\/\/www.aics.gov.it\/oltremare\/wp-content\/uploads\/2025\/02\/WhatsApp-Image-2025-02-13-at-10.45.12-2.jpeg","type":"image\/jpeg"}],"author":"Giorgio Bartolomucci","twitter_card":"summary_large_image","twitter_creator":"@aics_it","twitter_site":"@aics_it","twitter_misc":{"Scritto da":"Vincenzo Giardina","Tempo di lettura stimato":"6 minuti"},"schema":{"@context":"https:\/\/schema.org","@graph":[{"@type":"Article","@id":"https:\/\/www.aics.gov.it\/oltremare\/articoli\/prosperita\/la-storia-di-malik-toure-a-casa-mia-realizzo-mobili-made-with-italy\/#article","isPartOf":{"@id":"https:\/\/www.aics.gov.it\/oltremare\/articoli\/prosperita\/la-storia-di-malik-toure-a-casa-mia-realizzo-mobili-made-with-italy\/"},"author":{"name":"Giorgio Bartolomucci","@id":"https:\/\/www.aics.gov.it\/oltremare\/#\/schema\/person\/366926f64550e01f22be287462a02414"},"headline":"La storia di Malik Tour\u00e9: \u201cA &#8216;Casa mia&#8217; realizzo mobili Made With Italy\u201d","datePublished":"2025-02-14T10:13:51+00:00","dateModified":"2025-02-15T09:19:57+00:00","mainEntityOfPage":{"@id":"https:\/\/www.aics.gov.it\/oltremare\/articoli\/prosperita\/la-storia-di-malik-toure-a-casa-mia-realizzo-mobili-made-with-italy\/"},"wordCount":900,"publisher":{"@id":"https:\/\/www.aics.gov.it\/oltremare\/#organization"},"image":{"@id":"https:\/\/www.aics.gov.it\/oltremare\/articoli\/prosperita\/la-storia-di-malik-toure-a-casa-mia-realizzo-mobili-made-with-italy\/#primaryimage"},"thumbnailUrl":"https:\/\/www.aics.gov.it\/oltremare\/wp-content\/uploads\/2025\/02\/WhatsApp-Image-2025-02-13-at-10.45.12-2.jpeg","keywords":["Pasped","prosperit\u00e0","Senegal"],"articleSection":["Prosperit\u00e0"],"inLanguage":"it-IT"},{"@type":"WebPage","@id":"https:\/\/www.aics.gov.it\/oltremare\/articoli\/prosperita\/la-storia-di-malik-toure-a-casa-mia-realizzo-mobili-made-with-italy\/","url":"https:\/\/www.aics.gov.it\/oltremare\/articoli\/prosperita\/la-storia-di-malik-toure-a-casa-mia-realizzo-mobili-made-with-italy\/","name":"La storia di Malik Tour\u00e9: \u201cA 'Casa mia' realizzo mobili Made With Italy\u201d - Oltremare","isPartOf":{"@id":"https:\/\/www.aics.gov.it\/oltremare\/#website"},"primaryImageOfPage":{"@id":"https:\/\/www.aics.gov.it\/oltremare\/articoli\/prosperita\/la-storia-di-malik-toure-a-casa-mia-realizzo-mobili-made-with-italy\/#primaryimage"},"image":{"@id":"https:\/\/www.aics.gov.it\/oltremare\/articoli\/prosperita\/la-storia-di-malik-toure-a-casa-mia-realizzo-mobili-made-with-italy\/#primaryimage"},"thumbnailUrl":"https:\/\/www.aics.gov.it\/oltremare\/wp-content\/uploads\/2025\/02\/WhatsApp-Image-2025-02-13-at-10.45.12-2.jpeg","datePublished":"2025-02-14T10:13:51+00:00","dateModified":"2025-02-15T09:19:57+00:00","description":"La risposta per Toure e i suoi artigiani arriva partecipando a un concorso per Pasped, un programma dell\u2019Agenzia italiana per la cooperazione allo sviluppo che supporta startup e idee imprenditoriali innovative","breadcrumb":{"@id":"https:\/\/www.aics.gov.it\/oltremare\/articoli\/prosperita\/la-storia-di-malik-toure-a-casa-mia-realizzo-mobili-made-with-italy\/#breadcrumb"},"inLanguage":"it-IT","potentialAction":[{"@type":"ReadAction","target":["https:\/\/www.aics.gov.it\/oltremare\/articoli\/prosperita\/la-storia-di-malik-toure-a-casa-mia-realizzo-mobili-made-with-italy\/"]}]},{"@type":"ImageObject","inLanguage":"it-IT","@id":"https:\/\/www.aics.gov.it\/oltremare\/articoli\/prosperita\/la-storia-di-malik-toure-a-casa-mia-realizzo-mobili-made-with-italy\/#primaryimage","url":"https:\/\/www.aics.gov.it\/oltremare\/wp-content\/uploads\/2025\/02\/WhatsApp-Image-2025-02-13-at-10.45.12-2.jpeg","contentUrl":"https:\/\/www.aics.gov.it\/oltremare\/wp-content\/uploads\/2025\/02\/WhatsApp-Image-2025-02-13-at-10.45.12-2.jpeg","width":1599,"height":1066,"caption":"crediti AGR Srl"},{"@type":"BreadcrumbList","@id":"https:\/\/www.aics.gov.it\/oltremare\/articoli\/prosperita\/la-storia-di-malik-toure-a-casa-mia-realizzo-mobili-made-with-italy\/#breadcrumb","itemListElement":[{"@type":"ListItem","position":1,"name":"Home","item":"https:\/\/www.aics.gov.it\/oltremare\/"},{"@type":"ListItem","position":2,"name":"La storia di Malik Tour\u00e9: \u201cA &#8216;Casa mia&#8217; realizzo mobili Made With Italy\u201d"}]},{"@type":"WebSite","@id":"https:\/\/www.aics.gov.it\/oltremare\/#website","url":"https:\/\/www.aics.gov.it\/oltremare\/","name":"Oltremare","description":"Il Blog della cooperazione","publisher":{"@id":"https:\/\/www.aics.gov.it\/oltremare\/#organization"},"potentialAction":[{"@type":"SearchAction","target":{"@type":"EntryPoint","urlTemplate":"https:\/\/www.aics.gov.it\/oltremare\/?s={search_term_string}"},"query-input":{"@type":"PropertyValueSpecification","valueRequired":true,"valueName":"search_term_string"}}],"inLanguage":"it-IT"},{"@type":"Organization","@id":"https:\/\/www.aics.gov.it\/oltremare\/#organization","name":"Agenzia Italiana per la Cooperazione allo Sviluppo","url":"https:\/\/www.aics.gov.it\/oltremare\/","logo":{"@type":"ImageObject","inLanguage":"it-IT","@id":"https:\/\/www.aics.gov.it\/oltremare\/#\/schema\/logo\/image\/","url":"https:\/\/www.aics.gov.it\/oltremare\/wp-content\/uploads\/2018\/02\/AICS_HEADER_530x130_EC1-e1518178146163.jpg","contentUrl":"https:\/\/www.aics.gov.it\/oltremare\/wp-content\/uploads\/2018\/02\/AICS_HEADER_530x130_EC1-e1518178146163.jpg","width":300,"height":74,"caption":"Agenzia Italiana per la Cooperazione allo Sviluppo"},"image":{"@id":"https:\/\/www.aics.gov.it\/oltremare\/#\/schema\/logo\/image\/"},"sameAs":["https:\/\/www.facebook.com\/Agenzia-Italiana-per-la-Cooperazione-allo-Sviluppo-996004880482735\/","https:\/\/x.com\/aics_it","https:\/\/www.instagram.com\/aics_cooperazione_it\/","https:\/\/www.youtube.com\/channel\/UCbssygnjreKD1Se1mDeCQ5w"]},{"@type":"Person","@id":"https:\/\/www.aics.gov.it\/oltremare\/#\/schema\/person\/366926f64550e01f22be287462a02414","name":"Giorgio Bartolomucci","image":{"@type":"ImageObject","inLanguage":"it-IT","@id":"https:\/\/secure.gravatar.com\/avatar\/8ce9ac0d7ddef332f6be800f5fa59bedce6e5d6f6f7bafb322f31ace0e15532b?s=96&d=mm&r=g","url":"https:\/\/secure.gravatar.com\/avatar\/8ce9ac0d7ddef332f6be800f5fa59bedce6e5d6f6f7bafb322f31ace0e15532b?s=96&d=mm&r=g","contentUrl":"https:\/\/secure.gravatar.com\/avatar\/8ce9ac0d7ddef332f6be800f5fa59bedce6e5d6f6f7bafb322f31ace0e15532b?s=96&d=mm&r=g","caption":"Giorgio Bartolomucci"},"url":""}]}},"_links":{"self":[{"href":"https:\/\/www.aics.gov.it\/oltremare\/wp-json\/wp\/v2\/posts\/18429","targetHints":{"allow":["GET"]}}],"collection":[{"href":"https:\/\/www.aics.gov.it\/oltremare\/wp-json\/wp\/v2\/posts"}],"about":[{"href":"https:\/\/www.aics.gov.it\/oltremare\/wp-json\/wp\/v2\/types\/post"}],"author":[{"embeddable":true,"href":"https:\/\/www.aics.gov.it\/oltremare\/wp-json\/wp\/v2\/users\/36"}],"replies":[{"embeddable":true,"href":"https:\/\/www.aics.gov.it\/oltremare\/wp-json\/wp\/v2\/comments?post=18429"}],"version-history":[{"count":3,"href":"https:\/\/www.aics.gov.it\/oltremare\/wp-json\/wp\/v2\/posts\/18429\/revisions"}],"predecessor-version":[{"id":18435,"href":"https:\/\/www.aics.gov.it\/oltremare\/wp-json\/wp\/v2\/posts\/18429\/revisions\/18435"}],"wp:featuredmedia":[{"embeddable":true,"href":"https:\/\/www.aics.gov.it\/oltremare\/wp-json\/wp\/v2\/media\/18430"}],"wp:attachment":[{"href":"https:\/\/www.aics.gov.it\/oltremare\/wp-json\/wp\/v2\/media?parent=18429"}],"wp:term":[{"taxonomy":"category","embeddable":true,"href":"https:\/\/www.aics.gov.it\/oltremare\/wp-json\/wp\/v2\/categories?post=18429"},{"taxonomy":"post_tag","embeddable":true,"href":"https:\/\/www.aics.gov.it\/oltremare\/wp-json\/wp\/v2\/tags?post=18429"}],"curies":[{"name":"wp","href":"https:\/\/api.w.org\/{rel}","templated":true}]}}