{"id":18570,"date":"2025-03-28T12:20:15","date_gmt":"2025-03-28T11:20:15","guid":{"rendered":"https:\/\/www.aics.gov.it\/oltremare\/?p=18570"},"modified":"2025-03-28T13:36:07","modified_gmt":"2025-03-28T12:36:07","slug":"social-un-podcast-sulle-imprese-sociali-in-senegal","status":"publish","type":"post","link":"https:\/\/www.aics.gov.it\/oltremare\/voci-dal-campo\/social-un-podcast-sulle-imprese-sociali-in-senegal\/","title":{"rendered":"Social: un podcast sulle imprese sociali in Senegal"},"content":{"rendered":"<p><em>\u201cCreare un\u2019impresa sociale significa mettere l\u2019umanit\u00e0 e la propria comunit\u00e0 al centro delle proprie preoccupazioni\u201d, \u00e8 questa la scelta produttiva delle duecento imprenditrici ed imprenditori selezionati per partecipare al progetto PROVIVES in Senegal.<\/em><!--more--><\/p>\n<p>Per raccontarne i valori, le attivit\u00e0 ed il progetto di cooperazione internazionale che li sostiene \u00e8 nato \u201c<strong>Social<\/strong>\u201d, <strong>un podcast in 4 puntate prodotto da CISV<\/strong> che permette di immergersi nel <strong>dinamico mondo delle imprese sociali senegalesi<\/strong>.<\/p>\n<div id=\"attachment_18572\" style=\"width: 447px\" class=\"wp-caption alignleft\"><img loading=\"lazy\" decoding=\"async\" aria-describedby=\"caption-attachment-18572\" class=\"wp-image-18572\" src=\"https:\/\/www.aics.gov.it\/oltremare\/wp-content\/uploads\/2025\/03\/provives3-600x400.jpg\" alt=\"\" width=\"437\" height=\"291\" srcset=\"https:\/\/www.aics.gov.it\/oltremare\/wp-content\/uploads\/2025\/03\/provives3-600x400.jpg 600w, https:\/\/www.aics.gov.it\/oltremare\/wp-content\/uploads\/2025\/03\/provives3-1024x683.jpg 1024w, https:\/\/www.aics.gov.it\/oltremare\/wp-content\/uploads\/2025\/03\/provives3-768x512.jpg 768w, https:\/\/www.aics.gov.it\/oltremare\/wp-content\/uploads\/2025\/03\/provives3-1536x1024.jpg 1536w\" sizes=\"auto, (max-width: 437px) 100vw, 437px\" \/><p id=\"caption-attachment-18572\" class=\"wp-caption-text\">Crediti: Giulia Rosco<\/p><\/div>\n<p>Il dialogo a tante voci fa trasparire le<strong> conoscenze, convinzioni ed emozioni<\/strong> che muovono i diversi attori coinvolti nelle attivit\u00e0 di progetto, che vanno dalla formazione, all\u2019accompagnamento nella creazione di un business plan efficiente alla messa sul mercato delle attivit\u00e0.<\/p>\n<p>I produttori coinvolti si occupano delle <strong>pi\u00f9 disparate forme d\u2019imprenditorialit\u00e0<\/strong>, dall\u2019essiccazione del pesce, alle start up di consulenza, passando per la produzione biologica di alimenti fino alla creazione di opere d\u2019arte con materiali considerati un tempo di scarto. Nelle puntate traspare come questa variet\u00e0 \u00e8 attraversata per\u00f2 dalla stessa filosofia: <strong>generare un impatto positivo sulle persone e sugli ecosistemi delle comunit\u00e0 d\u2019appartenenza<\/strong>.<\/p>\n<div id=\"attachment_18573\" style=\"width: 360px\" class=\"wp-caption alignright\"><img loading=\"lazy\" decoding=\"async\" aria-describedby=\"caption-attachment-18573\" class=\"wp-image-18573\" src=\"https:\/\/www.aics.gov.it\/oltremare\/wp-content\/uploads\/2025\/03\/Provives--600x400.jpg\" alt=\"\" width=\"350\" height=\"233\" srcset=\"https:\/\/www.aics.gov.it\/oltremare\/wp-content\/uploads\/2025\/03\/Provives--600x400.jpg 600w, https:\/\/www.aics.gov.it\/oltremare\/wp-content\/uploads\/2025\/03\/Provives--1024x683.jpg 1024w, https:\/\/www.aics.gov.it\/oltremare\/wp-content\/uploads\/2025\/03\/Provives--768x512.jpg 768w, https:\/\/www.aics.gov.it\/oltremare\/wp-content\/uploads\/2025\/03\/Provives--1536x1024.jpg 1536w\" sizes=\"auto, (max-width: 350px) 100vw, 350px\" \/><p id=\"caption-attachment-18573\" class=\"wp-caption-text\">Crediti: Giulia Rosco<\/p><\/div>\n<p>Se il fare impresa sociale \u00e8 il motore di tutte le azioni, sono anche<strong> l\u2019economia circolare e l\u2019agroecologia<\/strong> a definire queste attivit\u00e0 economiche. A raccontare queste pratiche, tutt\u2019altro che scontate, di produrre alimenti, beni e servizi, sono i rappresentanti delle diverse <strong>organizzazioni italiane e senegalesi<\/strong> coinvolte nel progetto, con le conoscenze di chi negli anni ha maturato grande esperienza in questi campi.<\/p>\n<p><strong>Social<\/strong> non ha la pretesa di essere un podcast esaustivo ma piuttosto quella di <strong>incuriosire gli ascoltatori italiani e senegalesi<\/strong> attraverso il racconto di uno spaccato di Paese ancora poco conosciuto.<\/p>\n<p>Le interviste, registrate tra Torino e Saint Louis, sono specchio di <strong>un progetto di cooperazione internazionale<\/strong> che vuole gettare le basi per avere una sostenibilit\u00e0 nel tempo e un bellissimo impatto per tutte le comunit\u00e0 coinvolte.<\/p>\n<p>Social \u00e8 un podcast del progetto \u201c<strong>PROVIVES<\/strong>\u201d di CISV, LVIA, RETE, MER-CATO CIRCOLARE, ARCO del PIN Polo didattico dell\u2019Universit\u00e0 di Firenze, CISAO dell\u2019Universit\u00e0 degli Studi di Torino, CAPER, ESPERE, FAPAL <strong>sostenuto dall&#8217;Agenzia Italiana per la Cooperazione allo Sviluppo &#8211; AICS<\/strong>.<\/p>\n<p><iframe style=\"border-radius:12px\" src=\"https:\/\/open.spotify.com\/embed\/episode\/7ef46Zc817pUfi9lYY7fyZ?utm_source=generator\" width=\"100%\" height=\"352\" frameBorder=\"0\" allowfullscreen=\"\" allow=\"autoplay; clipboard-write; encrypted-media; fullscreen; picture-in-picture\" loading=\"lazy\"><\/iframe><\/p>\n","protected":false},"excerpt":{"rendered":"<p>\u201cCreare un\u2019impresa sociale significa mettere l\u2019umanit\u00e0 e la propria comunit\u00e0 al centro delle proprie preoccupazioni\u201d, \u00e8 questa la scelta produttiva delle duecento imprenditrici ed imprenditori selezionati per partecipare al progetto PROVIVES in Senegal.<\/p>\n","protected":false},"author":36,"featured_media":18571,"comment_status":"closed","ping_status":"closed","sticky":false,"template":"","format":"standard","meta":{"footnotes":""},"categories":[139],"tags":[289,1527],"class_list":["post-18570","post","type-post","status-publish","format-standard","has-post-thumbnail","hentry","category-voci-dal-campo","tag-senegal","tag-voci-dal-campo"],"yoast_head":"<!-- This site is optimized with the Yoast SEO plugin v27.4 - https:\/\/yoast.com\/product\/yoast-seo-wordpress\/ -->\n<title>Social: un podcast sulle imprese sociali in Senegal - Oltremare<\/title>\n<meta name=\"description\" content=\"\u201cSocial\u201d \u00e8 un podcast in 4 puntate prodotto da CISV che permette di immergersi nel dinamico mondo delle imprese sociali senegalesi\" \/>\n<meta name=\"robots\" content=\"index, follow, max-snippet:-1, max-image-preview:large, max-video-preview:-1\" \/>\n<link rel=\"canonical\" href=\"https:\/\/www.aics.gov.it\/oltremare\/voci-dal-campo\/social-un-podcast-sulle-imprese-sociali-in-senegal\/\" \/>\n<meta property=\"og:locale\" content=\"it_IT\" \/>\n<meta property=\"og:type\" content=\"article\" \/>\n<meta property=\"og:title\" content=\"Social: un podcast sulle imprese sociali in Senegal - Oltremare\" \/>\n<meta property=\"og:description\" content=\"\u201cSocial\u201d \u00e8 un podcast in 4 puntate prodotto da CISV che permette di immergersi nel dinamico mondo delle imprese sociali senegalesi\" \/>\n<meta property=\"og:url\" content=\"https:\/\/www.aics.gov.it\/oltremare\/voci-dal-campo\/social-un-podcast-sulle-imprese-sociali-in-senegal\/\" \/>\n<meta property=\"og:site_name\" content=\"Oltremare\" \/>\n<meta property=\"article:publisher\" content=\"https:\/\/www.facebook.com\/Agenzia-Italiana-per-la-Cooperazione-allo-Sviluppo-996004880482735\/\" \/>\n<meta property=\"article:published_time\" content=\"2025-03-28T11:20:15+00:00\" \/>\n<meta property=\"article:modified_time\" content=\"2025-03-28T12:36:07+00:00\" \/>\n<meta property=\"og:image\" content=\"https:\/\/www.aics.gov.it\/oltremare\/wp-content\/uploads\/2025\/03\/Provives2.jpg\" \/>\n\t<meta property=\"og:image:width\" content=\"1200\" \/>\n\t<meta property=\"og:image:height\" content=\"800\" \/>\n\t<meta property=\"og:image:type\" content=\"image\/jpeg\" \/>\n<meta name=\"author\" content=\"Giorgio Bartolomucci\" \/>\n<meta name=\"twitter:card\" content=\"summary_large_image\" \/>\n<meta name=\"twitter:creator\" content=\"@aics_it\" \/>\n<meta name=\"twitter:site\" content=\"@aics_it\" \/>\n<meta name=\"twitter:label1\" content=\"Scritto da\" \/>\n\t<meta name=\"twitter:data1\" content=\"Giulia D&#039;Ottavio, comunicazione CISV ETS\" \/>\n\t<meta name=\"twitter:label2\" content=\"Tempo di lettura stimato\" \/>\n\t<meta name=\"twitter:data2\" content=\"3 minuti\" \/>\n<script type=\"application\/ld+json\" class=\"yoast-schema-graph\">{\"@context\":\"https:\\\/\\\/schema.org\",\"@graph\":[{\"@type\":\"Article\",\"@id\":\"https:\\\/\\\/www.aics.gov.it\\\/oltremare\\\/voci-dal-campo\\\/social-un-podcast-sulle-imprese-sociali-in-senegal\\\/#article\",\"isPartOf\":{\"@id\":\"https:\\\/\\\/www.aics.gov.it\\\/oltremare\\\/voci-dal-campo\\\/social-un-podcast-sulle-imprese-sociali-in-senegal\\\/\"},\"author\":{\"name\":\"Giorgio Bartolomucci\",\"@id\":\"https:\\\/\\\/www.aics.gov.it\\\/oltremare\\\/#\\\/schema\\\/person\\\/366926f64550e01f22be287462a02414\"},\"headline\":\"Social: un podcast sulle imprese sociali in Senegal\",\"datePublished\":\"2025-03-28T11:20:15+00:00\",\"dateModified\":\"2025-03-28T12:36:07+00:00\",\"mainEntityOfPage\":{\"@id\":\"https:\\\/\\\/www.aics.gov.it\\\/oltremare\\\/voci-dal-campo\\\/social-un-podcast-sulle-imprese-sociali-in-senegal\\\/\"},\"wordCount\":376,\"publisher\":{\"@id\":\"https:\\\/\\\/www.aics.gov.it\\\/oltremare\\\/#organization\"},\"image\":{\"@id\":\"https:\\\/\\\/www.aics.gov.it\\\/oltremare\\\/voci-dal-campo\\\/social-un-podcast-sulle-imprese-sociali-in-senegal\\\/#primaryimage\"},\"thumbnailUrl\":\"https:\\\/\\\/www.aics.gov.it\\\/oltremare\\\/wp-content\\\/uploads\\\/2025\\\/03\\\/Provives2.jpg\",\"keywords\":[\"Senegal\",\"Voci dal Campo\"],\"articleSection\":[\"Voci dal campo\"],\"inLanguage\":\"it-IT\"},{\"@type\":\"WebPage\",\"@id\":\"https:\\\/\\\/www.aics.gov.it\\\/oltremare\\\/voci-dal-campo\\\/social-un-podcast-sulle-imprese-sociali-in-senegal\\\/\",\"url\":\"https:\\\/\\\/www.aics.gov.it\\\/oltremare\\\/voci-dal-campo\\\/social-un-podcast-sulle-imprese-sociali-in-senegal\\\/\",\"name\":\"Social: un podcast sulle imprese sociali in Senegal - Oltremare\",\"isPartOf\":{\"@id\":\"https:\\\/\\\/www.aics.gov.it\\\/oltremare\\\/#website\"},\"primaryImageOfPage\":{\"@id\":\"https:\\\/\\\/www.aics.gov.it\\\/oltremare\\\/voci-dal-campo\\\/social-un-podcast-sulle-imprese-sociali-in-senegal\\\/#primaryimage\"},\"image\":{\"@id\":\"https:\\\/\\\/www.aics.gov.it\\\/oltremare\\\/voci-dal-campo\\\/social-un-podcast-sulle-imprese-sociali-in-senegal\\\/#primaryimage\"},\"thumbnailUrl\":\"https:\\\/\\\/www.aics.gov.it\\\/oltremare\\\/wp-content\\\/uploads\\\/2025\\\/03\\\/Provives2.jpg\",\"datePublished\":\"2025-03-28T11:20:15+00:00\",\"dateModified\":\"2025-03-28T12:36:07+00:00\",\"description\":\"\u201cSocial\u201d \u00e8 un podcast in 4 puntate prodotto da CISV che permette di immergersi nel dinamico mondo delle imprese sociali senegalesi\",\"breadcrumb\":{\"@id\":\"https:\\\/\\\/www.aics.gov.it\\\/oltremare\\\/voci-dal-campo\\\/social-un-podcast-sulle-imprese-sociali-in-senegal\\\/#breadcrumb\"},\"inLanguage\":\"it-IT\",\"potentialAction\":[{\"@type\":\"ReadAction\",\"target\":[\"https:\\\/\\\/www.aics.gov.it\\\/oltremare\\\/voci-dal-campo\\\/social-un-podcast-sulle-imprese-sociali-in-senegal\\\/\"]}]},{\"@type\":\"ImageObject\",\"inLanguage\":\"it-IT\",\"@id\":\"https:\\\/\\\/www.aics.gov.it\\\/oltremare\\\/voci-dal-campo\\\/social-un-podcast-sulle-imprese-sociali-in-senegal\\\/#primaryimage\",\"url\":\"https:\\\/\\\/www.aics.gov.it\\\/oltremare\\\/wp-content\\\/uploads\\\/2025\\\/03\\\/Provives2.jpg\",\"contentUrl\":\"https:\\\/\\\/www.aics.gov.it\\\/oltremare\\\/wp-content\\\/uploads\\\/2025\\\/03\\\/Provives2.jpg\",\"width\":1200,\"height\":800,\"caption\":\"Crediti: Giulia Rosco\"},{\"@type\":\"BreadcrumbList\",\"@id\":\"https:\\\/\\\/www.aics.gov.it\\\/oltremare\\\/voci-dal-campo\\\/social-un-podcast-sulle-imprese-sociali-in-senegal\\\/#breadcrumb\",\"itemListElement\":[{\"@type\":\"ListItem\",\"position\":1,\"name\":\"Home\",\"item\":\"https:\\\/\\\/www.aics.gov.it\\\/oltremare\\\/\"},{\"@type\":\"ListItem\",\"position\":2,\"name\":\"Social: un podcast sulle imprese sociali in Senegal\"}]},{\"@type\":\"WebSite\",\"@id\":\"https:\\\/\\\/www.aics.gov.it\\\/oltremare\\\/#website\",\"url\":\"https:\\\/\\\/www.aics.gov.it\\\/oltremare\\\/\",\"name\":\"Oltremare\",\"description\":\"Il Blog della cooperazione\",\"publisher\":{\"@id\":\"https:\\\/\\\/www.aics.gov.it\\\/oltremare\\\/#organization\"},\"potentialAction\":[{\"@type\":\"SearchAction\",\"target\":{\"@type\":\"EntryPoint\",\"urlTemplate\":\"https:\\\/\\\/www.aics.gov.it\\\/oltremare\\\/?s={search_term_string}\"},\"query-input\":{\"@type\":\"PropertyValueSpecification\",\"valueRequired\":true,\"valueName\":\"search_term_string\"}}],\"inLanguage\":\"it-IT\"},{\"@type\":\"Organization\",\"@id\":\"https:\\\/\\\/www.aics.gov.it\\\/oltremare\\\/#organization\",\"name\":\"Agenzia Italiana per la Cooperazione allo Sviluppo\",\"url\":\"https:\\\/\\\/www.aics.gov.it\\\/oltremare\\\/\",\"logo\":{\"@type\":\"ImageObject\",\"inLanguage\":\"it-IT\",\"@id\":\"https:\\\/\\\/www.aics.gov.it\\\/oltremare\\\/#\\\/schema\\\/logo\\\/image\\\/\",\"url\":\"https:\\\/\\\/www.aics.gov.it\\\/oltremare\\\/wp-content\\\/uploads\\\/2018\\\/02\\\/AICS_HEADER_530x130_EC1-e1518178146163.jpg\",\"contentUrl\":\"https:\\\/\\\/www.aics.gov.it\\\/oltremare\\\/wp-content\\\/uploads\\\/2018\\\/02\\\/AICS_HEADER_530x130_EC1-e1518178146163.jpg\",\"width\":300,\"height\":74,\"caption\":\"Agenzia Italiana per la Cooperazione allo Sviluppo\"},\"image\":{\"@id\":\"https:\\\/\\\/www.aics.gov.it\\\/oltremare\\\/#\\\/schema\\\/logo\\\/image\\\/\"},\"sameAs\":[\"https:\\\/\\\/www.facebook.com\\\/Agenzia-Italiana-per-la-Cooperazione-allo-Sviluppo-996004880482735\\\/\",\"https:\\\/\\\/x.com\\\/aics_it\",\"https:\\\/\\\/www.instagram.com\\\/aics_cooperazione_it\\\/\",\"https:\\\/\\\/www.youtube.com\\\/channel\\\/UCbssygnjreKD1Se1mDeCQ5w\"]},{\"@type\":\"Person\",\"@id\":\"https:\\\/\\\/www.aics.gov.it\\\/oltremare\\\/#\\\/schema\\\/person\\\/366926f64550e01f22be287462a02414\",\"name\":\"Giorgio Bartolomucci\",\"image\":{\"@type\":\"ImageObject\",\"inLanguage\":\"it-IT\",\"@id\":\"https:\\\/\\\/secure.gravatar.com\\\/avatar\\\/8ce9ac0d7ddef332f6be800f5fa59bedce6e5d6f6f7bafb322f31ace0e15532b?s=96&d=mm&r=g\",\"url\":\"https:\\\/\\\/secure.gravatar.com\\\/avatar\\\/8ce9ac0d7ddef332f6be800f5fa59bedce6e5d6f6f7bafb322f31ace0e15532b?s=96&d=mm&r=g\",\"contentUrl\":\"https:\\\/\\\/secure.gravatar.com\\\/avatar\\\/8ce9ac0d7ddef332f6be800f5fa59bedce6e5d6f6f7bafb322f31ace0e15532b?s=96&d=mm&r=g\",\"caption\":\"Giorgio Bartolomucci\"},\"url\":\"\"}]}<\/script>\n<!-- \/ Yoast SEO plugin. -->","yoast_head_json":{"title":"Social: un podcast sulle imprese sociali in Senegal - Oltremare","description":"\u201cSocial\u201d \u00e8 un podcast in 4 puntate prodotto da CISV che permette di immergersi nel dinamico mondo delle imprese sociali senegalesi","robots":{"index":"index","follow":"follow","max-snippet":"max-snippet:-1","max-image-preview":"max-image-preview:large","max-video-preview":"max-video-preview:-1"},"canonical":"https:\/\/www.aics.gov.it\/oltremare\/voci-dal-campo\/social-un-podcast-sulle-imprese-sociali-in-senegal\/","og_locale":"it_IT","og_type":"article","og_title":"Social: un podcast sulle imprese sociali in Senegal - Oltremare","og_description":"\u201cSocial\u201d \u00e8 un podcast in 4 puntate prodotto da CISV che permette di immergersi nel dinamico mondo delle imprese sociali senegalesi","og_url":"https:\/\/www.aics.gov.it\/oltremare\/voci-dal-campo\/social-un-podcast-sulle-imprese-sociali-in-senegal\/","og_site_name":"Oltremare","article_publisher":"https:\/\/www.facebook.com\/Agenzia-Italiana-per-la-Cooperazione-allo-Sviluppo-996004880482735\/","article_published_time":"2025-03-28T11:20:15+00:00","article_modified_time":"2025-03-28T12:36:07+00:00","og_image":[{"width":1200,"height":800,"url":"https:\/\/www.aics.gov.it\/oltremare\/wp-content\/uploads\/2025\/03\/Provives2.jpg","type":"image\/jpeg"}],"author":"Giorgio Bartolomucci","twitter_card":"summary_large_image","twitter_creator":"@aics_it","twitter_site":"@aics_it","twitter_misc":{"Scritto da":"Giulia D&#039;Ottavio, comunicazione CISV ETS","Tempo di lettura stimato":"3 minuti"},"schema":{"@context":"https:\/\/schema.org","@graph":[{"@type":"Article","@id":"https:\/\/www.aics.gov.it\/oltremare\/voci-dal-campo\/social-un-podcast-sulle-imprese-sociali-in-senegal\/#article","isPartOf":{"@id":"https:\/\/www.aics.gov.it\/oltremare\/voci-dal-campo\/social-un-podcast-sulle-imprese-sociali-in-senegal\/"},"author":{"name":"Giorgio Bartolomucci","@id":"https:\/\/www.aics.gov.it\/oltremare\/#\/schema\/person\/366926f64550e01f22be287462a02414"},"headline":"Social: un podcast sulle imprese sociali in Senegal","datePublished":"2025-03-28T11:20:15+00:00","dateModified":"2025-03-28T12:36:07+00:00","mainEntityOfPage":{"@id":"https:\/\/www.aics.gov.it\/oltremare\/voci-dal-campo\/social-un-podcast-sulle-imprese-sociali-in-senegal\/"},"wordCount":376,"publisher":{"@id":"https:\/\/www.aics.gov.it\/oltremare\/#organization"},"image":{"@id":"https:\/\/www.aics.gov.it\/oltremare\/voci-dal-campo\/social-un-podcast-sulle-imprese-sociali-in-senegal\/#primaryimage"},"thumbnailUrl":"https:\/\/www.aics.gov.it\/oltremare\/wp-content\/uploads\/2025\/03\/Provives2.jpg","keywords":["Senegal","Voci dal Campo"],"articleSection":["Voci dal campo"],"inLanguage":"it-IT"},{"@type":"WebPage","@id":"https:\/\/www.aics.gov.it\/oltremare\/voci-dal-campo\/social-un-podcast-sulle-imprese-sociali-in-senegal\/","url":"https:\/\/www.aics.gov.it\/oltremare\/voci-dal-campo\/social-un-podcast-sulle-imprese-sociali-in-senegal\/","name":"Social: un podcast sulle imprese sociali in Senegal - Oltremare","isPartOf":{"@id":"https:\/\/www.aics.gov.it\/oltremare\/#website"},"primaryImageOfPage":{"@id":"https:\/\/www.aics.gov.it\/oltremare\/voci-dal-campo\/social-un-podcast-sulle-imprese-sociali-in-senegal\/#primaryimage"},"image":{"@id":"https:\/\/www.aics.gov.it\/oltremare\/voci-dal-campo\/social-un-podcast-sulle-imprese-sociali-in-senegal\/#primaryimage"},"thumbnailUrl":"https:\/\/www.aics.gov.it\/oltremare\/wp-content\/uploads\/2025\/03\/Provives2.jpg","datePublished":"2025-03-28T11:20:15+00:00","dateModified":"2025-03-28T12:36:07+00:00","description":"\u201cSocial\u201d \u00e8 un podcast in 4 puntate prodotto da CISV che permette di immergersi nel dinamico mondo delle imprese sociali senegalesi","breadcrumb":{"@id":"https:\/\/www.aics.gov.it\/oltremare\/voci-dal-campo\/social-un-podcast-sulle-imprese-sociali-in-senegal\/#breadcrumb"},"inLanguage":"it-IT","potentialAction":[{"@type":"ReadAction","target":["https:\/\/www.aics.gov.it\/oltremare\/voci-dal-campo\/social-un-podcast-sulle-imprese-sociali-in-senegal\/"]}]},{"@type":"ImageObject","inLanguage":"it-IT","@id":"https:\/\/www.aics.gov.it\/oltremare\/voci-dal-campo\/social-un-podcast-sulle-imprese-sociali-in-senegal\/#primaryimage","url":"https:\/\/www.aics.gov.it\/oltremare\/wp-content\/uploads\/2025\/03\/Provives2.jpg","contentUrl":"https:\/\/www.aics.gov.it\/oltremare\/wp-content\/uploads\/2025\/03\/Provives2.jpg","width":1200,"height":800,"caption":"Crediti: Giulia Rosco"},{"@type":"BreadcrumbList","@id":"https:\/\/www.aics.gov.it\/oltremare\/voci-dal-campo\/social-un-podcast-sulle-imprese-sociali-in-senegal\/#breadcrumb","itemListElement":[{"@type":"ListItem","position":1,"name":"Home","item":"https:\/\/www.aics.gov.it\/oltremare\/"},{"@type":"ListItem","position":2,"name":"Social: un podcast sulle imprese sociali in Senegal"}]},{"@type":"WebSite","@id":"https:\/\/www.aics.gov.it\/oltremare\/#website","url":"https:\/\/www.aics.gov.it\/oltremare\/","name":"Oltremare","description":"Il Blog della cooperazione","publisher":{"@id":"https:\/\/www.aics.gov.it\/oltremare\/#organization"},"potentialAction":[{"@type":"SearchAction","target":{"@type":"EntryPoint","urlTemplate":"https:\/\/www.aics.gov.it\/oltremare\/?s={search_term_string}"},"query-input":{"@type":"PropertyValueSpecification","valueRequired":true,"valueName":"search_term_string"}}],"inLanguage":"it-IT"},{"@type":"Organization","@id":"https:\/\/www.aics.gov.it\/oltremare\/#organization","name":"Agenzia Italiana per la Cooperazione allo Sviluppo","url":"https:\/\/www.aics.gov.it\/oltremare\/","logo":{"@type":"ImageObject","inLanguage":"it-IT","@id":"https:\/\/www.aics.gov.it\/oltremare\/#\/schema\/logo\/image\/","url":"https:\/\/www.aics.gov.it\/oltremare\/wp-content\/uploads\/2018\/02\/AICS_HEADER_530x130_EC1-e1518178146163.jpg","contentUrl":"https:\/\/www.aics.gov.it\/oltremare\/wp-content\/uploads\/2018\/02\/AICS_HEADER_530x130_EC1-e1518178146163.jpg","width":300,"height":74,"caption":"Agenzia Italiana per la Cooperazione allo Sviluppo"},"image":{"@id":"https:\/\/www.aics.gov.it\/oltremare\/#\/schema\/logo\/image\/"},"sameAs":["https:\/\/www.facebook.com\/Agenzia-Italiana-per-la-Cooperazione-allo-Sviluppo-996004880482735\/","https:\/\/x.com\/aics_it","https:\/\/www.instagram.com\/aics_cooperazione_it\/","https:\/\/www.youtube.com\/channel\/UCbssygnjreKD1Se1mDeCQ5w"]},{"@type":"Person","@id":"https:\/\/www.aics.gov.it\/oltremare\/#\/schema\/person\/366926f64550e01f22be287462a02414","name":"Giorgio Bartolomucci","image":{"@type":"ImageObject","inLanguage":"it-IT","@id":"https:\/\/secure.gravatar.com\/avatar\/8ce9ac0d7ddef332f6be800f5fa59bedce6e5d6f6f7bafb322f31ace0e15532b?s=96&d=mm&r=g","url":"https:\/\/secure.gravatar.com\/avatar\/8ce9ac0d7ddef332f6be800f5fa59bedce6e5d6f6f7bafb322f31ace0e15532b?s=96&d=mm&r=g","contentUrl":"https:\/\/secure.gravatar.com\/avatar\/8ce9ac0d7ddef332f6be800f5fa59bedce6e5d6f6f7bafb322f31ace0e15532b?s=96&d=mm&r=g","caption":"Giorgio Bartolomucci"},"url":""}]}},"_links":{"self":[{"href":"https:\/\/www.aics.gov.it\/oltremare\/wp-json\/wp\/v2\/posts\/18570","targetHints":{"allow":["GET"]}}],"collection":[{"href":"https:\/\/www.aics.gov.it\/oltremare\/wp-json\/wp\/v2\/posts"}],"about":[{"href":"https:\/\/www.aics.gov.it\/oltremare\/wp-json\/wp\/v2\/types\/post"}],"author":[{"embeddable":true,"href":"https:\/\/www.aics.gov.it\/oltremare\/wp-json\/wp\/v2\/users\/36"}],"replies":[{"embeddable":true,"href":"https:\/\/www.aics.gov.it\/oltremare\/wp-json\/wp\/v2\/comments?post=18570"}],"version-history":[{"count":3,"href":"https:\/\/www.aics.gov.it\/oltremare\/wp-json\/wp\/v2\/posts\/18570\/revisions"}],"predecessor-version":[{"id":18576,"href":"https:\/\/www.aics.gov.it\/oltremare\/wp-json\/wp\/v2\/posts\/18570\/revisions\/18576"}],"wp:featuredmedia":[{"embeddable":true,"href":"https:\/\/www.aics.gov.it\/oltremare\/wp-json\/wp\/v2\/media\/18571"}],"wp:attachment":[{"href":"https:\/\/www.aics.gov.it\/oltremare\/wp-json\/wp\/v2\/media?parent=18570"}],"wp:term":[{"taxonomy":"category","embeddable":true,"href":"https:\/\/www.aics.gov.it\/oltremare\/wp-json\/wp\/v2\/categories?post=18570"},{"taxonomy":"post_tag","embeddable":true,"href":"https:\/\/www.aics.gov.it\/oltremare\/wp-json\/wp\/v2\/tags?post=18570"}],"curies":[{"name":"wp","href":"https:\/\/api.w.org\/{rel}","templated":true}]}}