{"id":18632,"date":"2025-07-22T10:12:51","date_gmt":"2025-07-22T08:12:51","guid":{"rendered":"https:\/\/www.aics.gov.it\/oltremare\/?p=18632"},"modified":"2025-07-22T10:12:51","modified_gmt":"2025-07-22T08:12:51","slug":"sheren-la-forza-di-iniziare-la-liberta-di-scegliere","status":"publish","type":"post","link":"https:\/\/www.aics.gov.it\/oltremare\/voci-dal-campo\/sheren-la-forza-di-iniziare-la-liberta-di-scegliere\/","title":{"rendered":"Sheren: la forza di iniziare, la libert\u00e0 di scegliere"},"content":{"rendered":"<p><em>In un contesto rurale dove le donne sono spesso invisibili, Sheren ha trasformato la sua resilienza in impresa, diventando un simbolo di cambiamento e autodeterminazione.<\/em><\/p>\n<p><!--more--><\/p>\n<p>Nel cuore dell\u2019<strong>Alto Egitto<\/strong>, nel villaggio rurale di <strong>Arab El-Atiyat<\/strong>, dove le tradizioni sono radicate e i ruoli femminili rigidamente definiti, <strong>Sheren Abdelkarim Abdelhamid<\/strong>, 28 anni, ha riscritto il proprio destino. \u201c<em>Non so cosa significhi \u2018impossibile<\/em>\u2019\u201d, afferma con fierezza. E la sua storia lo dimostra.<\/p>\n<p>Cresciuta in un contesto in cui alle donne era affidato un ruolo domestico rigido e poco riconosciuto, Sheren ha affrontato fin da piccola responsabilit\u00e0 gravose: aiutava il padre nell\u2019irrigazione e trasportava bombole di gas su un triciclo. Dopo il matrimonio, la sua vita non \u00e8 migliorata. Con un marito assente e violento, e sei figlie da crescere con appena 1.000 EGP al mese (circa 18 \u20ac), Sheren ha vissuto anni di abusi e privazioni. <strong>Ma non ha mai smesso di sognare un futuro diverso per s\u00e9 e per le sue bambine<\/strong>.<\/p>\n<p>Il cambiamento \u00e8 arrivato con il progetto <strong>\u201cInclusive empowerment per donne, ragazze e ragazzi nell\u2019alto Egitto- AID 012590\/03\/7\u201d, finanziato dalla Cooperazione Italiana<\/strong>\u00a0che mira a<strong>\u00a0modificare le norme sociali discriminatorie<\/strong>\u00a0e a creare un\u00a0<strong>ambiente inclusivo\u00a0e favorevole per la partecipazione sociale ed economica<\/strong>. Il progetto si rivolge a<strong>\u00a0donne tra i 20 e i 35 anni e a giovani tra i 15 e 24 anni,<\/strong>\u00a0che nel Governatorato di Assiut nell\u2019 alto Egitto vivono in condizioni di povert\u00e0, inclusi coloro che convivono con disabilit\u00e0.<\/p>\n<p>L\u2019iniziativa si propone di<strong>\u00a0ridurre le barriere sociali, culturali ed economiche\u00a0<\/strong>che ostacolano la piena partecipazione di questi gruppi alla vita comunitaria e al mercato del lavoro. Attraverso<strong>\u00a0percorsi di formazione professionale,<\/strong>\u00a0alfabetizzazione finanziaria, accesso a finanziamenti e\u00a0<strong>iniziative di empowerment<\/strong>, il progetto favorisce l\u2019avvio e la gestione di attivit\u00e0 imprenditoriali sostenibili.<\/p>\n<p><strong>Grazie al sostegno <span class=\"mark9zwq6mp7j\" data-markjs=\"true\" data-ogac=\"\" data-ogab=\"\" data-ogsc=\"\" data-ogsb=\"\" data-olk-copy-source=\"MessageBody\">de<\/span>l Ministero degli Affari Esteri e della Cooperazione Internazionale attraverso l\u2019Agenzia Italiana per la Cooperazione allo Sviluppo<\/strong>, il progetto interviene con azioni mirate come la creazione di associazioni di risparmio e prestito comunitario, programmi di formazione tecnica e imprenditoriale, e supporto personalizzato tramite mentoring e coaching. L\u2019obiettivo \u00e8 quello di rafforzare le competenze, aumentare le opportunit\u00e0 economiche e favorire la <strong>riduzione dei livelli di povert\u00e0 ed esclusione sociale<\/strong>, generando un impatto positivo e duraturo sulle famiglie e sull\u2019intera comunit\u00e0 di Assiut.<\/p>\n<p>Durante un\u2019attivit\u00e0 di sensibilizzazione comunitaria, Sheren \u00e8 venuta a conoscenza del progetto ed \u00e8 stata selezionata tra i beneficiari. Ha seguito ogni sessione con dedizione, trovando nel percorso formativo un\u2019occasione di rinascita. <strong>Durante gli incontri di empowerment femminile \u201cSit El Settat\u201d, Sheren ha acquisito consapevolezza di s\u00e9 e strumenti per gestire i conflitti familiari<\/strong>. Le sessioni di alfabetizzazione finanziaria sono state decisive: \u201c<em>Ho imparato a risparmiare, anche con pochissimo<\/em>\u201d, racconta.<\/p>\n<div id=\"attachment_18634\" style=\"width: 498px\" class=\"wp-caption alignleft\"><img loading=\"lazy\" decoding=\"async\" aria-describedby=\"caption-attachment-18634\" class=\"wp-image-18634\" src=\"https:\/\/www.aics.gov.it\/oltremare\/wp-content\/uploads\/2025\/07\/Immagine-3_OLTREMARE_PROMOSSO-AICS_save-the-children-600x397.jpg\" alt=\"\" width=\"488\" height=\"323\" srcset=\"https:\/\/www.aics.gov.it\/oltremare\/wp-content\/uploads\/2025\/07\/Immagine-3_OLTREMARE_PROMOSSO-AICS_save-the-children-600x397.jpg 600w, https:\/\/www.aics.gov.it\/oltremare\/wp-content\/uploads\/2025\/07\/Immagine-3_OLTREMARE_PROMOSSO-AICS_save-the-children-1024x678.jpg 1024w, https:\/\/www.aics.gov.it\/oltremare\/wp-content\/uploads\/2025\/07\/Immagine-3_OLTREMARE_PROMOSSO-AICS_save-the-children-768x509.jpg 768w, https:\/\/www.aics.gov.it\/oltremare\/wp-content\/uploads\/2025\/07\/Immagine-3_OLTREMARE_PROMOSSO-AICS_save-the-children-1536x1018.jpg 1536w\" sizes=\"auto, (max-width: 488px) 100vw, 488px\" \/><p id=\"caption-attachment-18634\" class=\"wp-caption-text\"><em>Credits: Impact Media for Artistic Solutions<\/em><\/p><\/div>\n<p>Con il primo contributo economico, Sheren ha avviato un\u2019attivit\u00e0 innovativa per il suo villaggio: un mulino mobile montato su triciclo (madasha) per macinare e miscelare farine per mangimi animali. Ha viaggiato fino a Sohag per acquistare un motore in acciaio inox di alta qualit\u00e0, e ha lanciato il servizio con una parata musicale per le strade del villaggio. Non solo ha imparato a usare e mantenere l\u2019attrezzatura, ma ha anche personalizzato le miscele di mangimi in base alle esigenze locali.<\/p>\n<p>Il successo non si \u00e8 fatto attendere. Con la seconda tranche del finanziamento destinato alla sua attivit\u00e0 produttiva, Sheren ha ampliato il suo progetto e avviato un piccolo allevamento di pollame. I guadagni le hanno permesso di finanziare le cure mediche della figlia, vittima di un grave incidente stradale. \u201c<em>Ora riesce a camminare con supporto. Non \u00e8 guarita del tutto, ma \u00e8 un grande passo avanti<\/em>\u201d, dice con emozione.<\/p>\n<p>Oggi Sheren \u00e8 l\u2019unica donna del villaggio a offrire questo servizio. Gestisce la sua impresa, si prende cura della famiglia, risparmia e partecipa attivamente a una <strong>Village Savings and Loan Association (VSLA)<\/strong>, ovvero <strong>un gruppo di risparmio e prestito gestito a livello comunitario<\/strong>. \u00c8 diventata un punto di riferimento per altre donne, dimostrando che l\u2019autonomia economica pu\u00f2 nascere anche in contesti ostili. \u201c<em>La mia \u00e8 una storia semplice<\/em>\u201d, dice e poi prosegue: \u201c<em>Inizia. Non mollare. La perseveranza \u00e8 la strada per il successo<\/em>.\u201d<\/p>\n<p>Sheren \u00e8 la prova vivente che, quando le donne ricevono strumenti, fiducia e opportunit\u00e0, possono trasformare la propria vita e quella della comunit\u00e0. Un esempio concreto di come <strong>l\u2019impegno della Cooperazione Italiana<\/strong> contribuisca a costruire percorsi di dignit\u00e0, inclusione e prosperit\u00e0.<\/p>\n","protected":false},"excerpt":{"rendered":"<p>In un contesto rurale dove le donne sono spesso invisibili, Sheren ha trasformato la sua resilienza in impresa, diventando un simbolo di cambiamento e autodeterminazione.<\/p>\n","protected":false},"author":36,"featured_media":18633,"comment_status":"closed","ping_status":"closed","sticky":false,"template":"","format":"standard","meta":{"footnotes":""},"categories":[139],"tags":[1176,278,1527],"class_list":["post-18632","post","type-post","status-publish","format-standard","has-post-thumbnail","hentry","category-voci-dal-campo","tag-egitto","tag-empowerment","tag-voci-dal-campo"],"yoast_head":"<!-- This site is optimized with the Yoast SEO plugin v27.4 - https:\/\/yoast.com\/product\/yoast-seo-wordpress\/ -->\n<title>Sheren: la forza di iniziare, la libert\u00e0 di scegliere - Oltremare<\/title>\n<meta name=\"description\" content=\"L\u2019obiettivo \u00e8 di rafforzare le competenze, aumentare le opportunit\u00e0 economiche e favorire la riduzione dei livelli di povert\u00e0 ed esclusione sociale\" \/>\n<meta name=\"robots\" content=\"index, follow, max-snippet:-1, max-image-preview:large, max-video-preview:-1\" \/>\n<link rel=\"canonical\" href=\"https:\/\/www.aics.gov.it\/oltremare\/voci-dal-campo\/sheren-la-forza-di-iniziare-la-liberta-di-scegliere\/\" \/>\n<meta property=\"og:locale\" content=\"it_IT\" \/>\n<meta property=\"og:type\" content=\"article\" \/>\n<meta property=\"og:title\" content=\"Sheren: la forza di iniziare, la libert\u00e0 di scegliere - Oltremare\" \/>\n<meta property=\"og:description\" content=\"L\u2019obiettivo \u00e8 di rafforzare le competenze, aumentare le opportunit\u00e0 economiche e favorire la riduzione dei livelli di povert\u00e0 ed esclusione sociale\" \/>\n<meta property=\"og:url\" content=\"https:\/\/www.aics.gov.it\/oltremare\/voci-dal-campo\/sheren-la-forza-di-iniziare-la-liberta-di-scegliere\/\" \/>\n<meta property=\"og:site_name\" content=\"Oltremare\" \/>\n<meta property=\"article:publisher\" content=\"https:\/\/www.facebook.com\/Agenzia-Italiana-per-la-Cooperazione-allo-Sviluppo-996004880482735\/\" \/>\n<meta property=\"article:published_time\" content=\"2025-07-22T08:12:51+00:00\" \/>\n<meta property=\"og:image\" content=\"https:\/\/www.aics.gov.it\/oltremare\/wp-content\/uploads\/2025\/07\/Immagine-1_OLTREMARE_PROMOSSO-AICS_save-the-children-scaled.jpg\" \/>\n\t<meta property=\"og:image:width\" content=\"2560\" \/>\n\t<meta property=\"og:image:height\" content=\"1707\" \/>\n\t<meta property=\"og:image:type\" content=\"image\/jpeg\" \/>\n<meta name=\"author\" content=\"Giorgio Bartolomucci\" \/>\n<meta name=\"twitter:card\" content=\"summary_large_image\" \/>\n<meta name=\"twitter:creator\" content=\"@aics_it\" \/>\n<meta name=\"twitter:site\" content=\"@aics_it\" \/>\n<meta name=\"twitter:label1\" content=\"Scritto da\" \/>\n\t<meta name=\"twitter:data1\" content=\"Caterina Silvestri Awards Manager Expert Save The Children Italy\" \/>\n\t<meta name=\"twitter:label2\" content=\"Tempo di lettura stimato\" \/>\n\t<meta name=\"twitter:data2\" content=\"5 minuti\" \/>\n<script type=\"application\/ld+json\" class=\"yoast-schema-graph\">{\"@context\":\"https:\\\/\\\/schema.org\",\"@graph\":[{\"@type\":\"Article\",\"@id\":\"https:\\\/\\\/www.aics.gov.it\\\/oltremare\\\/voci-dal-campo\\\/sheren-la-forza-di-iniziare-la-liberta-di-scegliere\\\/#article\",\"isPartOf\":{\"@id\":\"https:\\\/\\\/www.aics.gov.it\\\/oltremare\\\/voci-dal-campo\\\/sheren-la-forza-di-iniziare-la-liberta-di-scegliere\\\/\"},\"author\":{\"name\":\"Giorgio Bartolomucci\",\"@id\":\"https:\\\/\\\/www.aics.gov.it\\\/oltremare\\\/#\\\/schema\\\/person\\\/366926f64550e01f22be287462a02414\"},\"headline\":\"Sheren: la forza di iniziare, la libert\u00e0 di scegliere\",\"datePublished\":\"2025-07-22T08:12:51+00:00\",\"mainEntityOfPage\":{\"@id\":\"https:\\\/\\\/www.aics.gov.it\\\/oltremare\\\/voci-dal-campo\\\/sheren-la-forza-di-iniziare-la-liberta-di-scegliere\\\/\"},\"wordCount\":740,\"publisher\":{\"@id\":\"https:\\\/\\\/www.aics.gov.it\\\/oltremare\\\/#organization\"},\"image\":{\"@id\":\"https:\\\/\\\/www.aics.gov.it\\\/oltremare\\\/voci-dal-campo\\\/sheren-la-forza-di-iniziare-la-liberta-di-scegliere\\\/#primaryimage\"},\"thumbnailUrl\":\"https:\\\/\\\/www.aics.gov.it\\\/oltremare\\\/wp-content\\\/uploads\\\/2025\\\/07\\\/Immagine-1_OLTREMARE_PROMOSSO-AICS_save-the-children-scaled.jpg\",\"keywords\":[\"Egitto\",\"Empowerment\",\"Voci dal Campo\"],\"articleSection\":[\"Voci dal campo\"],\"inLanguage\":\"it-IT\"},{\"@type\":\"WebPage\",\"@id\":\"https:\\\/\\\/www.aics.gov.it\\\/oltremare\\\/voci-dal-campo\\\/sheren-la-forza-di-iniziare-la-liberta-di-scegliere\\\/\",\"url\":\"https:\\\/\\\/www.aics.gov.it\\\/oltremare\\\/voci-dal-campo\\\/sheren-la-forza-di-iniziare-la-liberta-di-scegliere\\\/\",\"name\":\"Sheren: la forza di iniziare, la libert\u00e0 di scegliere - Oltremare\",\"isPartOf\":{\"@id\":\"https:\\\/\\\/www.aics.gov.it\\\/oltremare\\\/#website\"},\"primaryImageOfPage\":{\"@id\":\"https:\\\/\\\/www.aics.gov.it\\\/oltremare\\\/voci-dal-campo\\\/sheren-la-forza-di-iniziare-la-liberta-di-scegliere\\\/#primaryimage\"},\"image\":{\"@id\":\"https:\\\/\\\/www.aics.gov.it\\\/oltremare\\\/voci-dal-campo\\\/sheren-la-forza-di-iniziare-la-liberta-di-scegliere\\\/#primaryimage\"},\"thumbnailUrl\":\"https:\\\/\\\/www.aics.gov.it\\\/oltremare\\\/wp-content\\\/uploads\\\/2025\\\/07\\\/Immagine-1_OLTREMARE_PROMOSSO-AICS_save-the-children-scaled.jpg\",\"datePublished\":\"2025-07-22T08:12:51+00:00\",\"description\":\"L\u2019obiettivo \u00e8 di rafforzare le competenze, aumentare le opportunit\u00e0 economiche e favorire la riduzione dei livelli di povert\u00e0 ed esclusione sociale\",\"breadcrumb\":{\"@id\":\"https:\\\/\\\/www.aics.gov.it\\\/oltremare\\\/voci-dal-campo\\\/sheren-la-forza-di-iniziare-la-liberta-di-scegliere\\\/#breadcrumb\"},\"inLanguage\":\"it-IT\",\"potentialAction\":[{\"@type\":\"ReadAction\",\"target\":[\"https:\\\/\\\/www.aics.gov.it\\\/oltremare\\\/voci-dal-campo\\\/sheren-la-forza-di-iniziare-la-liberta-di-scegliere\\\/\"]}]},{\"@type\":\"ImageObject\",\"inLanguage\":\"it-IT\",\"@id\":\"https:\\\/\\\/www.aics.gov.it\\\/oltremare\\\/voci-dal-campo\\\/sheren-la-forza-di-iniziare-la-liberta-di-scegliere\\\/#primaryimage\",\"url\":\"https:\\\/\\\/www.aics.gov.it\\\/oltremare\\\/wp-content\\\/uploads\\\/2025\\\/07\\\/Immagine-1_OLTREMARE_PROMOSSO-AICS_save-the-children-scaled.jpg\",\"contentUrl\":\"https:\\\/\\\/www.aics.gov.it\\\/oltremare\\\/wp-content\\\/uploads\\\/2025\\\/07\\\/Immagine-1_OLTREMARE_PROMOSSO-AICS_save-the-children-scaled.jpg\",\"width\":2560,\"height\":1707,\"caption\":\"Credits: Impact Media for Artistic Solutions\"},{\"@type\":\"BreadcrumbList\",\"@id\":\"https:\\\/\\\/www.aics.gov.it\\\/oltremare\\\/voci-dal-campo\\\/sheren-la-forza-di-iniziare-la-liberta-di-scegliere\\\/#breadcrumb\",\"itemListElement\":[{\"@type\":\"ListItem\",\"position\":1,\"name\":\"Home\",\"item\":\"https:\\\/\\\/www.aics.gov.it\\\/oltremare\\\/\"},{\"@type\":\"ListItem\",\"position\":2,\"name\":\"Sheren: la forza di iniziare, la libert\u00e0 di scegliere\"}]},{\"@type\":\"WebSite\",\"@id\":\"https:\\\/\\\/www.aics.gov.it\\\/oltremare\\\/#website\",\"url\":\"https:\\\/\\\/www.aics.gov.it\\\/oltremare\\\/\",\"name\":\"Oltremare\",\"description\":\"Il Blog della cooperazione\",\"publisher\":{\"@id\":\"https:\\\/\\\/www.aics.gov.it\\\/oltremare\\\/#organization\"},\"potentialAction\":[{\"@type\":\"SearchAction\",\"target\":{\"@type\":\"EntryPoint\",\"urlTemplate\":\"https:\\\/\\\/www.aics.gov.it\\\/oltremare\\\/?s={search_term_string}\"},\"query-input\":{\"@type\":\"PropertyValueSpecification\",\"valueRequired\":true,\"valueName\":\"search_term_string\"}}],\"inLanguage\":\"it-IT\"},{\"@type\":\"Organization\",\"@id\":\"https:\\\/\\\/www.aics.gov.it\\\/oltremare\\\/#organization\",\"name\":\"Agenzia Italiana per la Cooperazione allo Sviluppo\",\"url\":\"https:\\\/\\\/www.aics.gov.it\\\/oltremare\\\/\",\"logo\":{\"@type\":\"ImageObject\",\"inLanguage\":\"it-IT\",\"@id\":\"https:\\\/\\\/www.aics.gov.it\\\/oltremare\\\/#\\\/schema\\\/logo\\\/image\\\/\",\"url\":\"https:\\\/\\\/www.aics.gov.it\\\/oltremare\\\/wp-content\\\/uploads\\\/2018\\\/02\\\/AICS_HEADER_530x130_EC1-e1518178146163.jpg\",\"contentUrl\":\"https:\\\/\\\/www.aics.gov.it\\\/oltremare\\\/wp-content\\\/uploads\\\/2018\\\/02\\\/AICS_HEADER_530x130_EC1-e1518178146163.jpg\",\"width\":300,\"height\":74,\"caption\":\"Agenzia Italiana per la Cooperazione allo Sviluppo\"},\"image\":{\"@id\":\"https:\\\/\\\/www.aics.gov.it\\\/oltremare\\\/#\\\/schema\\\/logo\\\/image\\\/\"},\"sameAs\":[\"https:\\\/\\\/www.facebook.com\\\/Agenzia-Italiana-per-la-Cooperazione-allo-Sviluppo-996004880482735\\\/\",\"https:\\\/\\\/x.com\\\/aics_it\",\"https:\\\/\\\/www.instagram.com\\\/aics_cooperazione_it\\\/\",\"https:\\\/\\\/www.youtube.com\\\/channel\\\/UCbssygnjreKD1Se1mDeCQ5w\"]},{\"@type\":\"Person\",\"@id\":\"https:\\\/\\\/www.aics.gov.it\\\/oltremare\\\/#\\\/schema\\\/person\\\/366926f64550e01f22be287462a02414\",\"name\":\"Giorgio Bartolomucci\",\"image\":{\"@type\":\"ImageObject\",\"inLanguage\":\"it-IT\",\"@id\":\"https:\\\/\\\/secure.gravatar.com\\\/avatar\\\/8ce9ac0d7ddef332f6be800f5fa59bedce6e5d6f6f7bafb322f31ace0e15532b?s=96&d=mm&r=g\",\"url\":\"https:\\\/\\\/secure.gravatar.com\\\/avatar\\\/8ce9ac0d7ddef332f6be800f5fa59bedce6e5d6f6f7bafb322f31ace0e15532b?s=96&d=mm&r=g\",\"contentUrl\":\"https:\\\/\\\/secure.gravatar.com\\\/avatar\\\/8ce9ac0d7ddef332f6be800f5fa59bedce6e5d6f6f7bafb322f31ace0e15532b?s=96&d=mm&r=g\",\"caption\":\"Giorgio Bartolomucci\"},\"url\":\"\"}]}<\/script>\n<!-- \/ Yoast SEO plugin. -->","yoast_head_json":{"title":"Sheren: la forza di iniziare, la libert\u00e0 di scegliere - Oltremare","description":"L\u2019obiettivo \u00e8 di rafforzare le competenze, aumentare le opportunit\u00e0 economiche e favorire la riduzione dei livelli di povert\u00e0 ed esclusione sociale","robots":{"index":"index","follow":"follow","max-snippet":"max-snippet:-1","max-image-preview":"max-image-preview:large","max-video-preview":"max-video-preview:-1"},"canonical":"https:\/\/www.aics.gov.it\/oltremare\/voci-dal-campo\/sheren-la-forza-di-iniziare-la-liberta-di-scegliere\/","og_locale":"it_IT","og_type":"article","og_title":"Sheren: la forza di iniziare, la libert\u00e0 di scegliere - Oltremare","og_description":"L\u2019obiettivo \u00e8 di rafforzare le competenze, aumentare le opportunit\u00e0 economiche e favorire la riduzione dei livelli di povert\u00e0 ed esclusione sociale","og_url":"https:\/\/www.aics.gov.it\/oltremare\/voci-dal-campo\/sheren-la-forza-di-iniziare-la-liberta-di-scegliere\/","og_site_name":"Oltremare","article_publisher":"https:\/\/www.facebook.com\/Agenzia-Italiana-per-la-Cooperazione-allo-Sviluppo-996004880482735\/","article_published_time":"2025-07-22T08:12:51+00:00","og_image":[{"width":2560,"height":1707,"url":"https:\/\/www.aics.gov.it\/oltremare\/wp-content\/uploads\/2025\/07\/Immagine-1_OLTREMARE_PROMOSSO-AICS_save-the-children-scaled.jpg","type":"image\/jpeg"}],"author":"Giorgio Bartolomucci","twitter_card":"summary_large_image","twitter_creator":"@aics_it","twitter_site":"@aics_it","twitter_misc":{"Scritto da":"Caterina Silvestri Awards Manager Expert Save The Children Italy","Tempo di lettura stimato":"5 minuti"},"schema":{"@context":"https:\/\/schema.org","@graph":[{"@type":"Article","@id":"https:\/\/www.aics.gov.it\/oltremare\/voci-dal-campo\/sheren-la-forza-di-iniziare-la-liberta-di-scegliere\/#article","isPartOf":{"@id":"https:\/\/www.aics.gov.it\/oltremare\/voci-dal-campo\/sheren-la-forza-di-iniziare-la-liberta-di-scegliere\/"},"author":{"name":"Giorgio Bartolomucci","@id":"https:\/\/www.aics.gov.it\/oltremare\/#\/schema\/person\/366926f64550e01f22be287462a02414"},"headline":"Sheren: la forza di iniziare, la libert\u00e0 di scegliere","datePublished":"2025-07-22T08:12:51+00:00","mainEntityOfPage":{"@id":"https:\/\/www.aics.gov.it\/oltremare\/voci-dal-campo\/sheren-la-forza-di-iniziare-la-liberta-di-scegliere\/"},"wordCount":740,"publisher":{"@id":"https:\/\/www.aics.gov.it\/oltremare\/#organization"},"image":{"@id":"https:\/\/www.aics.gov.it\/oltremare\/voci-dal-campo\/sheren-la-forza-di-iniziare-la-liberta-di-scegliere\/#primaryimage"},"thumbnailUrl":"https:\/\/www.aics.gov.it\/oltremare\/wp-content\/uploads\/2025\/07\/Immagine-1_OLTREMARE_PROMOSSO-AICS_save-the-children-scaled.jpg","keywords":["Egitto","Empowerment","Voci dal Campo"],"articleSection":["Voci dal campo"],"inLanguage":"it-IT"},{"@type":"WebPage","@id":"https:\/\/www.aics.gov.it\/oltremare\/voci-dal-campo\/sheren-la-forza-di-iniziare-la-liberta-di-scegliere\/","url":"https:\/\/www.aics.gov.it\/oltremare\/voci-dal-campo\/sheren-la-forza-di-iniziare-la-liberta-di-scegliere\/","name":"Sheren: la forza di iniziare, la libert\u00e0 di scegliere - Oltremare","isPartOf":{"@id":"https:\/\/www.aics.gov.it\/oltremare\/#website"},"primaryImageOfPage":{"@id":"https:\/\/www.aics.gov.it\/oltremare\/voci-dal-campo\/sheren-la-forza-di-iniziare-la-liberta-di-scegliere\/#primaryimage"},"image":{"@id":"https:\/\/www.aics.gov.it\/oltremare\/voci-dal-campo\/sheren-la-forza-di-iniziare-la-liberta-di-scegliere\/#primaryimage"},"thumbnailUrl":"https:\/\/www.aics.gov.it\/oltremare\/wp-content\/uploads\/2025\/07\/Immagine-1_OLTREMARE_PROMOSSO-AICS_save-the-children-scaled.jpg","datePublished":"2025-07-22T08:12:51+00:00","description":"L\u2019obiettivo \u00e8 di rafforzare le competenze, aumentare le opportunit\u00e0 economiche e favorire la riduzione dei livelli di povert\u00e0 ed esclusione sociale","breadcrumb":{"@id":"https:\/\/www.aics.gov.it\/oltremare\/voci-dal-campo\/sheren-la-forza-di-iniziare-la-liberta-di-scegliere\/#breadcrumb"},"inLanguage":"it-IT","potentialAction":[{"@type":"ReadAction","target":["https:\/\/www.aics.gov.it\/oltremare\/voci-dal-campo\/sheren-la-forza-di-iniziare-la-liberta-di-scegliere\/"]}]},{"@type":"ImageObject","inLanguage":"it-IT","@id":"https:\/\/www.aics.gov.it\/oltremare\/voci-dal-campo\/sheren-la-forza-di-iniziare-la-liberta-di-scegliere\/#primaryimage","url":"https:\/\/www.aics.gov.it\/oltremare\/wp-content\/uploads\/2025\/07\/Immagine-1_OLTREMARE_PROMOSSO-AICS_save-the-children-scaled.jpg","contentUrl":"https:\/\/www.aics.gov.it\/oltremare\/wp-content\/uploads\/2025\/07\/Immagine-1_OLTREMARE_PROMOSSO-AICS_save-the-children-scaled.jpg","width":2560,"height":1707,"caption":"Credits: Impact Media for Artistic Solutions"},{"@type":"BreadcrumbList","@id":"https:\/\/www.aics.gov.it\/oltremare\/voci-dal-campo\/sheren-la-forza-di-iniziare-la-liberta-di-scegliere\/#breadcrumb","itemListElement":[{"@type":"ListItem","position":1,"name":"Home","item":"https:\/\/www.aics.gov.it\/oltremare\/"},{"@type":"ListItem","position":2,"name":"Sheren: la forza di iniziare, la libert\u00e0 di scegliere"}]},{"@type":"WebSite","@id":"https:\/\/www.aics.gov.it\/oltremare\/#website","url":"https:\/\/www.aics.gov.it\/oltremare\/","name":"Oltremare","description":"Il Blog della cooperazione","publisher":{"@id":"https:\/\/www.aics.gov.it\/oltremare\/#organization"},"potentialAction":[{"@type":"SearchAction","target":{"@type":"EntryPoint","urlTemplate":"https:\/\/www.aics.gov.it\/oltremare\/?s={search_term_string}"},"query-input":{"@type":"PropertyValueSpecification","valueRequired":true,"valueName":"search_term_string"}}],"inLanguage":"it-IT"},{"@type":"Organization","@id":"https:\/\/www.aics.gov.it\/oltremare\/#organization","name":"Agenzia Italiana per la Cooperazione allo Sviluppo","url":"https:\/\/www.aics.gov.it\/oltremare\/","logo":{"@type":"ImageObject","inLanguage":"it-IT","@id":"https:\/\/www.aics.gov.it\/oltremare\/#\/schema\/logo\/image\/","url":"https:\/\/www.aics.gov.it\/oltremare\/wp-content\/uploads\/2018\/02\/AICS_HEADER_530x130_EC1-e1518178146163.jpg","contentUrl":"https:\/\/www.aics.gov.it\/oltremare\/wp-content\/uploads\/2018\/02\/AICS_HEADER_530x130_EC1-e1518178146163.jpg","width":300,"height":74,"caption":"Agenzia Italiana per la Cooperazione allo Sviluppo"},"image":{"@id":"https:\/\/www.aics.gov.it\/oltremare\/#\/schema\/logo\/image\/"},"sameAs":["https:\/\/www.facebook.com\/Agenzia-Italiana-per-la-Cooperazione-allo-Sviluppo-996004880482735\/","https:\/\/x.com\/aics_it","https:\/\/www.instagram.com\/aics_cooperazione_it\/","https:\/\/www.youtube.com\/channel\/UCbssygnjreKD1Se1mDeCQ5w"]},{"@type":"Person","@id":"https:\/\/www.aics.gov.it\/oltremare\/#\/schema\/person\/366926f64550e01f22be287462a02414","name":"Giorgio Bartolomucci","image":{"@type":"ImageObject","inLanguage":"it-IT","@id":"https:\/\/secure.gravatar.com\/avatar\/8ce9ac0d7ddef332f6be800f5fa59bedce6e5d6f6f7bafb322f31ace0e15532b?s=96&d=mm&r=g","url":"https:\/\/secure.gravatar.com\/avatar\/8ce9ac0d7ddef332f6be800f5fa59bedce6e5d6f6f7bafb322f31ace0e15532b?s=96&d=mm&r=g","contentUrl":"https:\/\/secure.gravatar.com\/avatar\/8ce9ac0d7ddef332f6be800f5fa59bedce6e5d6f6f7bafb322f31ace0e15532b?s=96&d=mm&r=g","caption":"Giorgio Bartolomucci"},"url":""}]}},"_links":{"self":[{"href":"https:\/\/www.aics.gov.it\/oltremare\/wp-json\/wp\/v2\/posts\/18632","targetHints":{"allow":["GET"]}}],"collection":[{"href":"https:\/\/www.aics.gov.it\/oltremare\/wp-json\/wp\/v2\/posts"}],"about":[{"href":"https:\/\/www.aics.gov.it\/oltremare\/wp-json\/wp\/v2\/types\/post"}],"author":[{"embeddable":true,"href":"https:\/\/www.aics.gov.it\/oltremare\/wp-json\/wp\/v2\/users\/36"}],"replies":[{"embeddable":true,"href":"https:\/\/www.aics.gov.it\/oltremare\/wp-json\/wp\/v2\/comments?post=18632"}],"version-history":[{"count":1,"href":"https:\/\/www.aics.gov.it\/oltremare\/wp-json\/wp\/v2\/posts\/18632\/revisions"}],"predecessor-version":[{"id":18635,"href":"https:\/\/www.aics.gov.it\/oltremare\/wp-json\/wp\/v2\/posts\/18632\/revisions\/18635"}],"wp:featuredmedia":[{"embeddable":true,"href":"https:\/\/www.aics.gov.it\/oltremare\/wp-json\/wp\/v2\/media\/18633"}],"wp:attachment":[{"href":"https:\/\/www.aics.gov.it\/oltremare\/wp-json\/wp\/v2\/media?parent=18632"}],"wp:term":[{"taxonomy":"category","embeddable":true,"href":"https:\/\/www.aics.gov.it\/oltremare\/wp-json\/wp\/v2\/categories?post=18632"},{"taxonomy":"post_tag","embeddable":true,"href":"https:\/\/www.aics.gov.it\/oltremare\/wp-json\/wp\/v2\/tags?post=18632"}],"curies":[{"name":"wp","href":"https:\/\/api.w.org\/{rel}","templated":true}]}}