{"id":18878,"date":"2026-04-28T12:59:07","date_gmt":"2026-04-28T10:59:07","guid":{"rendered":"https:\/\/www.aics.gov.it\/oltremare\/?p=18878"},"modified":"2026-04-28T12:59:07","modified_gmt":"2026-04-28T10:59:07","slug":"raccontare-lumanitario-esserci-prima-di-tutto","status":"publish","type":"post","link":"https:\/\/www.aics.gov.it\/oltremare\/articoli\/persone\/raccontare-lumanitario-esserci-prima-di-tutto\/","title":{"rendered":"Raccontare l&#8217;umanitario: esserci, prima di tutto"},"content":{"rendered":"<p><em>Il giornalismo, le persone e l\u2019etica. E poi le storie, una per una: da Yassin dei monti Nuba alla notte del Burundi, dove qualcuno chiede: \u201cIl mondo sa di noi?\u201d<\/em><!--more--><\/p>\n<p>Lo stop a un posto di blocco, poi chiss\u00e0, forse anche un messaggio di troppo sul telefono cellulare. Yassin, fotografo e amico, conosciuto sui Monti Nuba e risucchiato dalla guerra in Sudan, \u00e8 stato ucciso.<\/p>\n<p>Una storia tra tante: dolore, ma non solo dolore. Perch\u00e9 il giornalismo \u00e8 contesto, connessioni, responsabilit\u00e0. Quell\u2019incontro con Yassin riaffiora a Roma, durante un appuntamento curato dall\u2019organizzazione Intersos nel quadro di un percorso di formazione dell\u2019Ordine dei giornalisti: il tentativo \u00e8 capire, tracciare una direzione tra volti e racconti, interrogandosi e provando risposte.\u00a0 Ecco allora le domande: \u00e8 possibile un giornalismo umanitario, che metta le persone, le loro vite e bisogni al centro della narrazione, in particolare in contesti di guerra e di crisi? E come pu\u00f2 svilupparsi questo impegno nel concreto, nell\u2019incontro tra operatori di cooperazione, attori umanitari e cronisti?<\/p>\n<p>\u201c<em>Oggi siamo in piena guerra cognitiva<\/em>\u201d, il monito di <strong>Laura Silvia Battaglia<\/strong>, freelance, autrice per <em>Radio 3 Mondo<\/em>, in partenza per il Medio Oriente. \u201c<em>L\u2019umanitario pu\u00f2 interessare al pubblico, ma il punto \u00e8 che non interessa alla politica e alla finanza: quello che importa sono i mercati delle armi, le dichiarazioni forti, magari anche sul fatto che il diritto umanitario vale fino a un certo punto, perch\u00e9 ci sono comunque sempre i buoni e i cattivi<\/em>\u201d. Battaglia \u00e8 uno dei reporter ad animare il dibattito in video-collegamento. Con lei, online sullo sfondo di una piantagione bruciata dal sole africano, c\u2019\u00e8 <strong>Valerio Cataldi<\/strong>.\u00a0 Corrispondente della <em>Rai<\/em>, \u00e8 responsabile della copertura dell\u2019attualit\u00e0 nella regione subsahariana. Adesso si trova nella regione di Bamenda, in Camerun, una delle tappe del viaggio apostolico di papa Leone XIV in Africa. La zona \u00e8 stata dal 2017 epicentro di un conflitto che ha avuto anche una dimensione linguistica, eredit\u00e0 velenosa del dominio coloniale, con separatisti radicati in aree anglofone contrapposti a un governo centrale con sede a Yaound\u00e9, in una zona invece perlopi\u00f9 francofona. Cataldi si sofferma su un conflitto per alcuni aspetti paradossale, perch\u00e9 ha le sue radici in un\u2019oppressione che \u00e8 europea.<\/p>\n<p>Un altro tema sono le opportunit\u00e0 di collaborazione con le organizzazioni della societ\u00e0 civile. \u201c<em>Il contatto con queste realt\u00e0 \u00e8 continuo, spesso cruciale per riuscire a superare le barriere che nei singoli contesti le istituzioni non ti consentono di superare<\/em>\u201d, sottolinea Cataldi. \u201c<em>E oltre all\u2019opportunit\u00e0 di raggiungere i luoghi c\u2019\u00e8 l\u2019accesso alle persone, che sono il cuore del nostro lavoro: sta poi ai cronisti saper andare oltre il racconto del dolore in s\u00e9, che emoziona ma si esaurisce nel tempo di cambiare il canale e poi non lascia nulla<\/em>\u201d. C\u2019\u00e8 una questione etica, anche per i giornalisti.<\/p>\n<div id=\"attachment_18880\" style=\"width: 279px\" class=\"wp-caption alignleft\"><img loading=\"lazy\" decoding=\"async\" aria-describedby=\"caption-attachment-18880\" class=\" wp-image-18880\" src=\"https:\/\/www.aics.gov.it\/oltremare\/wp-content\/uploads\/2026\/04\/Nella-Striscia-di-Gaza-fonte-Ocha-600x395.png\" alt=\"\" width=\"269\" height=\"177\" srcset=\"https:\/\/www.aics.gov.it\/oltremare\/wp-content\/uploads\/2026\/04\/Nella-Striscia-di-Gaza-fonte-Ocha-600x395.png 600w, https:\/\/www.aics.gov.it\/oltremare\/wp-content\/uploads\/2026\/04\/Nella-Striscia-di-Gaza-fonte-Ocha-1024x674.png 1024w, https:\/\/www.aics.gov.it\/oltremare\/wp-content\/uploads\/2026\/04\/Nella-Striscia-di-Gaza-fonte-Ocha-768x505.png 768w, https:\/\/www.aics.gov.it\/oltremare\/wp-content\/uploads\/2026\/04\/Nella-Striscia-di-Gaza-fonte-Ocha.png 1233w\" sizes=\"auto, (max-width: 269px) 100vw, 269px\" \/><p id=\"caption-attachment-18880\" class=\"wp-caption-text\">Crediti: OCHA<\/p><\/div>\n<p>\u201c<em>Raccontiamo fatti con al centro bambini, donne, esseri umani in carne e ossa che vivono in condizioni drammatiche<\/em>\u201d, sottolinea <strong>Annamaria Graziano<\/strong>, componente del Consiglio disciplinare dell\u2019Ordine dei giornalisti del Lazio. \u201c<em>Rispetto a queste persone bisogna avere la massima attenzione, per il rispetto della loro dignit\u00e0 e dei loro diritti fondamentali<\/em>\u201d. Ritornano parole pronunciate durante la Via Crucis, presieduta da papa Leone XIV al Colosseo. \u201c<em>\u00c8 stato detto<\/em>\u201d, sottolinea Graziano, che l\u2019umiliazione e lo spogliare dell\u2019umana dignit\u00e0 avvengono anche quando \u2018<em>il mondo dell\u2019informazione denuda le persone davanti all\u2019opinione pubblica<\/em>\u2019\u201d.<\/p>\n<p>Un\u2019altra citazione \u00e8 tratta da Zygmunt Bauman, il sociologo della \u201cmodernit\u00e0 liquida\u201d. \u201c<em>Il flusso delle notizie \u00e8 continuo, al punto da farci perdere coscienza dello spazio e di sentire questo fluire come altro da noi<\/em>\u201d, sottolinea Graziano. \u201c<em>Tutto \u00e8 un reel pubblicato sui social e questo \u00e8 allarmante<\/em>\u201d. Tanto pi\u00f9 che in agguato ci sono i pericoli della misinformazione e della disinformazione, in tempi di post-verit\u00e0, dove a contare non sono tanto i fatti quanto l\u2019interpretazione dei fatti.<\/p>\n<p>Dai fatti riparte invece <strong>Maurizio Di Schino<\/strong>, inviato di <em>Tv 2000<\/em>, nella regione dei Grandi Laghi dopo il genocidio in Ruanda. \u201c<em>La prima cosa \u00e8 esserci<\/em>\u201d, la premessa. \u201c<em>E poi vedere, domandare, capire le situazioni dopo aver stabilito relazioni di fiducia con le persone<\/em>\u201d. Nell\u2019incontro di Intersos, dopo quello con Yassin, il fotografo dei Monti Nuba, riaffiora allora un altro incontro. \u201c<em>Accadde nelle colline attorno a Bujumbura, dove l\u2019esercito bombardava<\/em>\u201d, ricorda Di Schino. \u201c<em>Ci guidava un missionario saveriano e fu lui a tradurre una domanda che mi fu rivolta da una delle persone che si nascondevano nei bananeti: \u2018Ma il mondo sa di noi?\u2019\u201d Il religioso aiut\u00f2 anche nella traduzione. \u201cIo rimasi un po\u2019 interdetto\u201d, ricorda Di Schino, \u201cma risposi: \u2018Io sono qua<\/em>\u2019\u201d. Tre parole che sono un fatto.<\/p>\n<div style=\"box-shadow: 10px 10px 28px 0px rgba(171,171,171,1); padding: 25px;\"><span style=\"color: #000000;\">Biografia<\/span><br \/>\n<span style=\"color: #000000;\"><strong>Vincenzo Giardina<\/strong><\/span><br \/>\n<span style=\"color: #000000;\">Laureato in storia contemporanea, \u00e8 giornalista professionista. Coordina il notiziario Esteri dell\u2019agenzia di stampa Dire e firma per quotidiani e settimanali, tra cui Il Venerd\u00ec di Repubblica, Internazionale, L\u2019Espresso, Huffington Post, L&#8217;Osservatore Romano e altri media vaticani. Dopo aver lavorato per l\u2019agenzia di stampa missionaria Misna si \u00e8 specializzato su Africa, diritti umani, cooperazione internazionale e lotta contro le disuguaglianze. Ha viaggiato molto: dalla Bolivia al Nepal passando per Ucraina, Sahel e Corno d\u2019Africa, anche in contesti segnati da conflitti, fragilit\u00e0 o svantaggio sociale. Collabora con AICS scrivendo sul magazine Oltremare ed \u00e8 ospite di Radio Rai ed altre emittenti, italiane e vaticane. Coordina corsi di formazione del Parlamento europeo rivolti a giornalisti, \u00e8 relatore e moderatore di conferenze, e parla anche russo.<\/span><br \/>\n<a href=\"https:\/\/www.vincenzogiardina.org\/\" target=\"_blank\" rel=\"noopener noreferrer\">www.vincenzogiardina.org<\/a><img decoding=\"async\" class=\"aligncenter\" src=\"https:\/\/www.aics.gov.it\/oltremare\/wp-content\/uploads\/2020\/04\/giardina-bio.png\" \/><\/div>\n","protected":false},"excerpt":{"rendered":"<p>Il giornalismo, le persone e l\u2019etica. E poi le storie, una per una: da Yassin dei monti Nuba alla notte del Burundi, dove qualcuno chiede: \u201cIl mondo sa di noi?\u201d<\/p>\n","protected":false},"author":36,"featured_media":18879,"comment_status":"closed","ping_status":"closed","sticky":false,"template":"","format":"standard","meta":{"footnotes":""},"categories":[136],"tags":[1099],"class_list":["post-18878","post","type-post","status-publish","format-standard","has-post-thumbnail","hentry","category-persone","tag-persone"],"yoast_head":"<!-- This site is optimized with the Yoast SEO plugin v27.4 - https:\/\/yoast.com\/product\/yoast-seo-wordpress\/ -->\n<title>Raccontare l&#039;umanitario: esserci, prima di tutto - Oltremare<\/title>\n<meta name=\"description\" content=\"\u00c9 possibile un giornalismo umanitario, che metta le persone, le loro vite e bisogni al centro della narrazione, in particolare in contesti di guerra e di crisi?\" \/>\n<meta name=\"robots\" content=\"index, follow, max-snippet:-1, max-image-preview:large, max-video-preview:-1\" \/>\n<link rel=\"canonical\" href=\"https:\/\/www.aics.gov.it\/oltremare\/articoli\/persone\/raccontare-lumanitario-esserci-prima-di-tutto\/\" \/>\n<meta property=\"og:locale\" content=\"it_IT\" \/>\n<meta property=\"og:type\" content=\"article\" \/>\n<meta property=\"og:title\" content=\"Raccontare l&#039;umanitario: esserci, prima di tutto - Oltremare\" \/>\n<meta property=\"og:description\" content=\"\u00c9 possibile un giornalismo umanitario, che metta le persone, le loro vite e bisogni al centro della narrazione, in particolare in contesti di guerra e di crisi?\" \/>\n<meta property=\"og:url\" content=\"https:\/\/www.aics.gov.it\/oltremare\/articoli\/persone\/raccontare-lumanitario-esserci-prima-di-tutto\/\" \/>\n<meta property=\"og:site_name\" content=\"Oltremare\" \/>\n<meta property=\"article:publisher\" content=\"https:\/\/www.facebook.com\/Agenzia-Italiana-per-la-Cooperazione-allo-Sviluppo-996004880482735\/\" \/>\n<meta property=\"article:published_time\" content=\"2026-04-28T10:59:07+00:00\" \/>\n<meta property=\"og:image\" content=\"https:\/\/www.aics.gov.it\/oltremare\/wp-content\/uploads\/2026\/04\/Aid-Emergency-in-Gaza.jpg\" \/>\n\t<meta property=\"og:image:width\" content=\"900\" \/>\n\t<meta property=\"og:image:height\" content=\"600\" \/>\n\t<meta property=\"og:image:type\" content=\"image\/jpeg\" \/>\n<meta name=\"author\" content=\"Giorgio Bartolomucci\" \/>\n<meta name=\"twitter:card\" content=\"summary_large_image\" \/>\n<meta name=\"twitter:creator\" content=\"@aics_it\" \/>\n<meta name=\"twitter:site\" content=\"@aics_it\" \/>\n<meta name=\"twitter:label1\" content=\"Scritto da\" \/>\n\t<meta name=\"twitter:data1\" content=\"Vincenzo Giardina\" \/>\n\t<meta name=\"twitter:label2\" content=\"Tempo di lettura stimato\" \/>\n\t<meta name=\"twitter:data2\" content=\"6 minuti\" \/>\n<script type=\"application\/ld+json\" class=\"yoast-schema-graph\">{\"@context\":\"https:\\\/\\\/schema.org\",\"@graph\":[{\"@type\":\"Article\",\"@id\":\"https:\\\/\\\/www.aics.gov.it\\\/oltremare\\\/articoli\\\/persone\\\/raccontare-lumanitario-esserci-prima-di-tutto\\\/#article\",\"isPartOf\":{\"@id\":\"https:\\\/\\\/www.aics.gov.it\\\/oltremare\\\/articoli\\\/persone\\\/raccontare-lumanitario-esserci-prima-di-tutto\\\/\"},\"author\":{\"name\":\"Giorgio Bartolomucci\",\"@id\":\"https:\\\/\\\/www.aics.gov.it\\\/oltremare\\\/#\\\/schema\\\/person\\\/366926f64550e01f22be287462a02414\"},\"headline\":\"Raccontare l&#8217;umanitario: esserci, prima di tutto\",\"datePublished\":\"2026-04-28T10:59:07+00:00\",\"mainEntityOfPage\":{\"@id\":\"https:\\\/\\\/www.aics.gov.it\\\/oltremare\\\/articoli\\\/persone\\\/raccontare-lumanitario-esserci-prima-di-tutto\\\/\"},\"wordCount\":901,\"publisher\":{\"@id\":\"https:\\\/\\\/www.aics.gov.it\\\/oltremare\\\/#organization\"},\"image\":{\"@id\":\"https:\\\/\\\/www.aics.gov.it\\\/oltremare\\\/articoli\\\/persone\\\/raccontare-lumanitario-esserci-prima-di-tutto\\\/#primaryimage\"},\"thumbnailUrl\":\"https:\\\/\\\/www.aics.gov.it\\\/oltremare\\\/wp-content\\\/uploads\\\/2026\\\/04\\\/Aid-Emergency-in-Gaza.jpg\",\"keywords\":[\"persone\"],\"articleSection\":[\"Persone\"],\"inLanguage\":\"it-IT\"},{\"@type\":\"WebPage\",\"@id\":\"https:\\\/\\\/www.aics.gov.it\\\/oltremare\\\/articoli\\\/persone\\\/raccontare-lumanitario-esserci-prima-di-tutto\\\/\",\"url\":\"https:\\\/\\\/www.aics.gov.it\\\/oltremare\\\/articoli\\\/persone\\\/raccontare-lumanitario-esserci-prima-di-tutto\\\/\",\"name\":\"Raccontare l'umanitario: esserci, prima di tutto - Oltremare\",\"isPartOf\":{\"@id\":\"https:\\\/\\\/www.aics.gov.it\\\/oltremare\\\/#website\"},\"primaryImageOfPage\":{\"@id\":\"https:\\\/\\\/www.aics.gov.it\\\/oltremare\\\/articoli\\\/persone\\\/raccontare-lumanitario-esserci-prima-di-tutto\\\/#primaryimage\"},\"image\":{\"@id\":\"https:\\\/\\\/www.aics.gov.it\\\/oltremare\\\/articoli\\\/persone\\\/raccontare-lumanitario-esserci-prima-di-tutto\\\/#primaryimage\"},\"thumbnailUrl\":\"https:\\\/\\\/www.aics.gov.it\\\/oltremare\\\/wp-content\\\/uploads\\\/2026\\\/04\\\/Aid-Emergency-in-Gaza.jpg\",\"datePublished\":\"2026-04-28T10:59:07+00:00\",\"description\":\"\u00c9 possibile un giornalismo umanitario, che metta le persone, le loro vite e bisogni al centro della narrazione, in particolare in contesti di guerra e di crisi?\",\"breadcrumb\":{\"@id\":\"https:\\\/\\\/www.aics.gov.it\\\/oltremare\\\/articoli\\\/persone\\\/raccontare-lumanitario-esserci-prima-di-tutto\\\/#breadcrumb\"},\"inLanguage\":\"it-IT\",\"potentialAction\":[{\"@type\":\"ReadAction\",\"target\":[\"https:\\\/\\\/www.aics.gov.it\\\/oltremare\\\/articoli\\\/persone\\\/raccontare-lumanitario-esserci-prima-di-tutto\\\/\"]}]},{\"@type\":\"ImageObject\",\"inLanguage\":\"it-IT\",\"@id\":\"https:\\\/\\\/www.aics.gov.it\\\/oltremare\\\/articoli\\\/persone\\\/raccontare-lumanitario-esserci-prima-di-tutto\\\/#primaryimage\",\"url\":\"https:\\\/\\\/www.aics.gov.it\\\/oltremare\\\/wp-content\\\/uploads\\\/2026\\\/04\\\/Aid-Emergency-in-Gaza.jpg\",\"contentUrl\":\"https:\\\/\\\/www.aics.gov.it\\\/oltremare\\\/wp-content\\\/uploads\\\/2026\\\/04\\\/Aid-Emergency-in-Gaza.jpg\",\"width\":900,\"height\":600,\"caption\":\"Crediti: Saber Nuraldin per Epa Images\"},{\"@type\":\"BreadcrumbList\",\"@id\":\"https:\\\/\\\/www.aics.gov.it\\\/oltremare\\\/articoli\\\/persone\\\/raccontare-lumanitario-esserci-prima-di-tutto\\\/#breadcrumb\",\"itemListElement\":[{\"@type\":\"ListItem\",\"position\":1,\"name\":\"Home\",\"item\":\"https:\\\/\\\/www.aics.gov.it\\\/oltremare\\\/\"},{\"@type\":\"ListItem\",\"position\":2,\"name\":\"Raccontare l&#8217;umanitario: esserci, prima di tutto\"}]},{\"@type\":\"WebSite\",\"@id\":\"https:\\\/\\\/www.aics.gov.it\\\/oltremare\\\/#website\",\"url\":\"https:\\\/\\\/www.aics.gov.it\\\/oltremare\\\/\",\"name\":\"Oltremare\",\"description\":\"Il Blog della cooperazione\",\"publisher\":{\"@id\":\"https:\\\/\\\/www.aics.gov.it\\\/oltremare\\\/#organization\"},\"potentialAction\":[{\"@type\":\"SearchAction\",\"target\":{\"@type\":\"EntryPoint\",\"urlTemplate\":\"https:\\\/\\\/www.aics.gov.it\\\/oltremare\\\/?s={search_term_string}\"},\"query-input\":{\"@type\":\"PropertyValueSpecification\",\"valueRequired\":true,\"valueName\":\"search_term_string\"}}],\"inLanguage\":\"it-IT\"},{\"@type\":\"Organization\",\"@id\":\"https:\\\/\\\/www.aics.gov.it\\\/oltremare\\\/#organization\",\"name\":\"Agenzia Italiana per la Cooperazione allo Sviluppo\",\"url\":\"https:\\\/\\\/www.aics.gov.it\\\/oltremare\\\/\",\"logo\":{\"@type\":\"ImageObject\",\"inLanguage\":\"it-IT\",\"@id\":\"https:\\\/\\\/www.aics.gov.it\\\/oltremare\\\/#\\\/schema\\\/logo\\\/image\\\/\",\"url\":\"https:\\\/\\\/www.aics.gov.it\\\/oltremare\\\/wp-content\\\/uploads\\\/2018\\\/02\\\/AICS_HEADER_530x130_EC1-e1518178146163.jpg\",\"contentUrl\":\"https:\\\/\\\/www.aics.gov.it\\\/oltremare\\\/wp-content\\\/uploads\\\/2018\\\/02\\\/AICS_HEADER_530x130_EC1-e1518178146163.jpg\",\"width\":300,\"height\":74,\"caption\":\"Agenzia Italiana per la Cooperazione allo Sviluppo\"},\"image\":{\"@id\":\"https:\\\/\\\/www.aics.gov.it\\\/oltremare\\\/#\\\/schema\\\/logo\\\/image\\\/\"},\"sameAs\":[\"https:\\\/\\\/www.facebook.com\\\/Agenzia-Italiana-per-la-Cooperazione-allo-Sviluppo-996004880482735\\\/\",\"https:\\\/\\\/x.com\\\/aics_it\",\"https:\\\/\\\/www.instagram.com\\\/aics_cooperazione_it\\\/\",\"https:\\\/\\\/www.youtube.com\\\/channel\\\/UCbssygnjreKD1Se1mDeCQ5w\"]},{\"@type\":\"Person\",\"@id\":\"https:\\\/\\\/www.aics.gov.it\\\/oltremare\\\/#\\\/schema\\\/person\\\/366926f64550e01f22be287462a02414\",\"name\":\"Giorgio Bartolomucci\",\"image\":{\"@type\":\"ImageObject\",\"inLanguage\":\"it-IT\",\"@id\":\"https:\\\/\\\/secure.gravatar.com\\\/avatar\\\/8ce9ac0d7ddef332f6be800f5fa59bedce6e5d6f6f7bafb322f31ace0e15532b?s=96&d=mm&r=g\",\"url\":\"https:\\\/\\\/secure.gravatar.com\\\/avatar\\\/8ce9ac0d7ddef332f6be800f5fa59bedce6e5d6f6f7bafb322f31ace0e15532b?s=96&d=mm&r=g\",\"contentUrl\":\"https:\\\/\\\/secure.gravatar.com\\\/avatar\\\/8ce9ac0d7ddef332f6be800f5fa59bedce6e5d6f6f7bafb322f31ace0e15532b?s=96&d=mm&r=g\",\"caption\":\"Giorgio Bartolomucci\"},\"url\":\"\"}]}<\/script>\n<!-- \/ Yoast SEO plugin. -->","yoast_head_json":{"title":"Raccontare l'umanitario: esserci, prima di tutto - Oltremare","description":"\u00c9 possibile un giornalismo umanitario, che metta le persone, le loro vite e bisogni al centro della narrazione, in particolare in contesti di guerra e di crisi?","robots":{"index":"index","follow":"follow","max-snippet":"max-snippet:-1","max-image-preview":"max-image-preview:large","max-video-preview":"max-video-preview:-1"},"canonical":"https:\/\/www.aics.gov.it\/oltremare\/articoli\/persone\/raccontare-lumanitario-esserci-prima-di-tutto\/","og_locale":"it_IT","og_type":"article","og_title":"Raccontare l'umanitario: esserci, prima di tutto - Oltremare","og_description":"\u00c9 possibile un giornalismo umanitario, che metta le persone, le loro vite e bisogni al centro della narrazione, in particolare in contesti di guerra e di crisi?","og_url":"https:\/\/www.aics.gov.it\/oltremare\/articoli\/persone\/raccontare-lumanitario-esserci-prima-di-tutto\/","og_site_name":"Oltremare","article_publisher":"https:\/\/www.facebook.com\/Agenzia-Italiana-per-la-Cooperazione-allo-Sviluppo-996004880482735\/","article_published_time":"2026-04-28T10:59:07+00:00","og_image":[{"width":900,"height":600,"url":"https:\/\/www.aics.gov.it\/oltremare\/wp-content\/uploads\/2026\/04\/Aid-Emergency-in-Gaza.jpg","type":"image\/jpeg"}],"author":"Giorgio Bartolomucci","twitter_card":"summary_large_image","twitter_creator":"@aics_it","twitter_site":"@aics_it","twitter_misc":{"Scritto da":"Vincenzo Giardina","Tempo di lettura stimato":"6 minuti"},"schema":{"@context":"https:\/\/schema.org","@graph":[{"@type":"Article","@id":"https:\/\/www.aics.gov.it\/oltremare\/articoli\/persone\/raccontare-lumanitario-esserci-prima-di-tutto\/#article","isPartOf":{"@id":"https:\/\/www.aics.gov.it\/oltremare\/articoli\/persone\/raccontare-lumanitario-esserci-prima-di-tutto\/"},"author":{"name":"Giorgio Bartolomucci","@id":"https:\/\/www.aics.gov.it\/oltremare\/#\/schema\/person\/366926f64550e01f22be287462a02414"},"headline":"Raccontare l&#8217;umanitario: esserci, prima di tutto","datePublished":"2026-04-28T10:59:07+00:00","mainEntityOfPage":{"@id":"https:\/\/www.aics.gov.it\/oltremare\/articoli\/persone\/raccontare-lumanitario-esserci-prima-di-tutto\/"},"wordCount":901,"publisher":{"@id":"https:\/\/www.aics.gov.it\/oltremare\/#organization"},"image":{"@id":"https:\/\/www.aics.gov.it\/oltremare\/articoli\/persone\/raccontare-lumanitario-esserci-prima-di-tutto\/#primaryimage"},"thumbnailUrl":"https:\/\/www.aics.gov.it\/oltremare\/wp-content\/uploads\/2026\/04\/Aid-Emergency-in-Gaza.jpg","keywords":["persone"],"articleSection":["Persone"],"inLanguage":"it-IT"},{"@type":"WebPage","@id":"https:\/\/www.aics.gov.it\/oltremare\/articoli\/persone\/raccontare-lumanitario-esserci-prima-di-tutto\/","url":"https:\/\/www.aics.gov.it\/oltremare\/articoli\/persone\/raccontare-lumanitario-esserci-prima-di-tutto\/","name":"Raccontare l'umanitario: esserci, prima di tutto - Oltremare","isPartOf":{"@id":"https:\/\/www.aics.gov.it\/oltremare\/#website"},"primaryImageOfPage":{"@id":"https:\/\/www.aics.gov.it\/oltremare\/articoli\/persone\/raccontare-lumanitario-esserci-prima-di-tutto\/#primaryimage"},"image":{"@id":"https:\/\/www.aics.gov.it\/oltremare\/articoli\/persone\/raccontare-lumanitario-esserci-prima-di-tutto\/#primaryimage"},"thumbnailUrl":"https:\/\/www.aics.gov.it\/oltremare\/wp-content\/uploads\/2026\/04\/Aid-Emergency-in-Gaza.jpg","datePublished":"2026-04-28T10:59:07+00:00","description":"\u00c9 possibile un giornalismo umanitario, che metta le persone, le loro vite e bisogni al centro della narrazione, in particolare in contesti di guerra e di crisi?","breadcrumb":{"@id":"https:\/\/www.aics.gov.it\/oltremare\/articoli\/persone\/raccontare-lumanitario-esserci-prima-di-tutto\/#breadcrumb"},"inLanguage":"it-IT","potentialAction":[{"@type":"ReadAction","target":["https:\/\/www.aics.gov.it\/oltremare\/articoli\/persone\/raccontare-lumanitario-esserci-prima-di-tutto\/"]}]},{"@type":"ImageObject","inLanguage":"it-IT","@id":"https:\/\/www.aics.gov.it\/oltremare\/articoli\/persone\/raccontare-lumanitario-esserci-prima-di-tutto\/#primaryimage","url":"https:\/\/www.aics.gov.it\/oltremare\/wp-content\/uploads\/2026\/04\/Aid-Emergency-in-Gaza.jpg","contentUrl":"https:\/\/www.aics.gov.it\/oltremare\/wp-content\/uploads\/2026\/04\/Aid-Emergency-in-Gaza.jpg","width":900,"height":600,"caption":"Crediti: Saber Nuraldin per Epa Images"},{"@type":"BreadcrumbList","@id":"https:\/\/www.aics.gov.it\/oltremare\/articoli\/persone\/raccontare-lumanitario-esserci-prima-di-tutto\/#breadcrumb","itemListElement":[{"@type":"ListItem","position":1,"name":"Home","item":"https:\/\/www.aics.gov.it\/oltremare\/"},{"@type":"ListItem","position":2,"name":"Raccontare l&#8217;umanitario: esserci, prima di tutto"}]},{"@type":"WebSite","@id":"https:\/\/www.aics.gov.it\/oltremare\/#website","url":"https:\/\/www.aics.gov.it\/oltremare\/","name":"Oltremare","description":"Il Blog della cooperazione","publisher":{"@id":"https:\/\/www.aics.gov.it\/oltremare\/#organization"},"potentialAction":[{"@type":"SearchAction","target":{"@type":"EntryPoint","urlTemplate":"https:\/\/www.aics.gov.it\/oltremare\/?s={search_term_string}"},"query-input":{"@type":"PropertyValueSpecification","valueRequired":true,"valueName":"search_term_string"}}],"inLanguage":"it-IT"},{"@type":"Organization","@id":"https:\/\/www.aics.gov.it\/oltremare\/#organization","name":"Agenzia Italiana per la Cooperazione allo Sviluppo","url":"https:\/\/www.aics.gov.it\/oltremare\/","logo":{"@type":"ImageObject","inLanguage":"it-IT","@id":"https:\/\/www.aics.gov.it\/oltremare\/#\/schema\/logo\/image\/","url":"https:\/\/www.aics.gov.it\/oltremare\/wp-content\/uploads\/2018\/02\/AICS_HEADER_530x130_EC1-e1518178146163.jpg","contentUrl":"https:\/\/www.aics.gov.it\/oltremare\/wp-content\/uploads\/2018\/02\/AICS_HEADER_530x130_EC1-e1518178146163.jpg","width":300,"height":74,"caption":"Agenzia Italiana per la Cooperazione allo Sviluppo"},"image":{"@id":"https:\/\/www.aics.gov.it\/oltremare\/#\/schema\/logo\/image\/"},"sameAs":["https:\/\/www.facebook.com\/Agenzia-Italiana-per-la-Cooperazione-allo-Sviluppo-996004880482735\/","https:\/\/x.com\/aics_it","https:\/\/www.instagram.com\/aics_cooperazione_it\/","https:\/\/www.youtube.com\/channel\/UCbssygnjreKD1Se1mDeCQ5w"]},{"@type":"Person","@id":"https:\/\/www.aics.gov.it\/oltremare\/#\/schema\/person\/366926f64550e01f22be287462a02414","name":"Giorgio Bartolomucci","image":{"@type":"ImageObject","inLanguage":"it-IT","@id":"https:\/\/secure.gravatar.com\/avatar\/8ce9ac0d7ddef332f6be800f5fa59bedce6e5d6f6f7bafb322f31ace0e15532b?s=96&d=mm&r=g","url":"https:\/\/secure.gravatar.com\/avatar\/8ce9ac0d7ddef332f6be800f5fa59bedce6e5d6f6f7bafb322f31ace0e15532b?s=96&d=mm&r=g","contentUrl":"https:\/\/secure.gravatar.com\/avatar\/8ce9ac0d7ddef332f6be800f5fa59bedce6e5d6f6f7bafb322f31ace0e15532b?s=96&d=mm&r=g","caption":"Giorgio Bartolomucci"},"url":""}]}},"_links":{"self":[{"href":"https:\/\/www.aics.gov.it\/oltremare\/wp-json\/wp\/v2\/posts\/18878","targetHints":{"allow":["GET"]}}],"collection":[{"href":"https:\/\/www.aics.gov.it\/oltremare\/wp-json\/wp\/v2\/posts"}],"about":[{"href":"https:\/\/www.aics.gov.it\/oltremare\/wp-json\/wp\/v2\/types\/post"}],"author":[{"embeddable":true,"href":"https:\/\/www.aics.gov.it\/oltremare\/wp-json\/wp\/v2\/users\/36"}],"replies":[{"embeddable":true,"href":"https:\/\/www.aics.gov.it\/oltremare\/wp-json\/wp\/v2\/comments?post=18878"}],"version-history":[{"count":1,"href":"https:\/\/www.aics.gov.it\/oltremare\/wp-json\/wp\/v2\/posts\/18878\/revisions"}],"predecessor-version":[{"id":18881,"href":"https:\/\/www.aics.gov.it\/oltremare\/wp-json\/wp\/v2\/posts\/18878\/revisions\/18881"}],"wp:featuredmedia":[{"embeddable":true,"href":"https:\/\/www.aics.gov.it\/oltremare\/wp-json\/wp\/v2\/media\/18879"}],"wp:attachment":[{"href":"https:\/\/www.aics.gov.it\/oltremare\/wp-json\/wp\/v2\/media?parent=18878"}],"wp:term":[{"taxonomy":"category","embeddable":true,"href":"https:\/\/www.aics.gov.it\/oltremare\/wp-json\/wp\/v2\/categories?post=18878"},{"taxonomy":"post_tag","embeddable":true,"href":"https:\/\/www.aics.gov.it\/oltremare\/wp-json\/wp\/v2\/tags?post=18878"}],"curies":[{"name":"wp","href":"https:\/\/api.w.org\/{rel}","templated":true}]}}