{"id":6741,"date":"2018-05-21T09:17:17","date_gmt":"2018-05-21T07:17:17","guid":{"rendered":"https:\/\/www.aics.gov.it\/oltremare\/?p=6741"},"modified":"2018-05-22T13:01:50","modified_gmt":"2018-05-22T11:01:50","slug":"a-difesa-della-civilta","status":"publish","type":"post","link":"https:\/\/www.aics.gov.it\/oltremare\/rubriche\/cultura\/a-difesa-della-civilta\/","title":{"rendered":"A difesa della Civilt\u00e0"},"content":{"rendered":"<p>L\u2019Agenzia Italiana per la Cooperazione e altre Istituzioni nazionali e internazionali come i Carabinieri, il Mibact, l\u2019 Unesco, a tutela del patrimonio culturale, \u201cfanno sistema\u201d e rappresentano un modello da proporre a tutta la comunit\u00e0 internazionale: l\u2019esperienza irachena.<\/p>\n<p><!--more--><\/p>\n<p>Nell\u2019area del Mediterraneo sono attive molte iniziative in diversi Paesi e ormai la Cooperazione italiana \u00e8 riconosciuta come valido interlocutore in questo campo di estremo interesse. In particolare, per quanto riguarda l\u2019Iraq, la Cooperazione italiana \u00e8 stata la prima a intervenire dopo la caduta del regime di Saddam: il Museo di Baghdad ne \u00e8 una prova.<\/p>\n<p>L\u2019Agenzia ha sempre creduto e investito nella salvaguardia e valorizzazione del patrimonio culturale, sia per promuovere una specificit\u00e0 tutta italiana sia come strumento di sviluppo sociale e volano di rinascita economica.<\/p>\n<p>Nel corso degli anni sono stati investiti circa 15 milioni di euro con una costante presenza nel sud del Paese, a Nassiria, nel sito di Ur, a Baghdad (Museo e Archivio Nazionale), nelle tre province del Kurdistan, con iniziative tese alla salvaguardia dei principali monumenti, in particolare, nella Cittadella di Erbil.<\/p>\n<p>La citt\u00e0 \u00e8 anche il centro dell\u2019attivit\u00e0 degli istruttori di \u201cUnite4Heritage\u201d (\u201ci Caschi Blu della Cultura\u201d) del Comando Carabinieri Tutela Patrimonio Culturale (TPC): qui si \u00e8 svolto un corso di addestramento in <em>\u201cCultural Heritage Protection\u201d<\/em> per dirigenti della Polizia Regionale, esperti in beni culturali e accademici locali presso la <em>\u201cSalahaddin University\u201d<\/em> e le attivit\u00e0 didattiche si sono sviluppate attraverso la condivisione della consolidata esperienza degli istruttori della TPC nell\u2019affrontare le minacce al patrimonio culturale e nel contrastarne il traffico illecito, valorizzando le peculiari competenze nella difesa del patrimonio culturale presente nell\u2019area irachena.<br \/>\nGli istruttori si sono focalizzati, tra l\u2019altro, sulle difficolt\u00e0 che si possono incontrare nella tutela del patrimonio culturale in situazioni emergenziali, proponendo e condividendo le relative soluzioni.<\/p>\n<p>I vertici del Corpo della Polizia Regionale Irachena, durante la cerimonia di consegna degli attestati di partecipazione, hanno avuto parole di apprezzamento per l\u2019attivit\u00e0 svolta dai Carabinieri, auspicando il proseguimento di corsi ad elevato contenuto tecnico.<\/p>\n<p>Il corso di <em>\u201cCultural Heritage Protection\u201d<\/em>, rientra nell\u2019offerta formativa messa a disposizione dalla <a href=\"http:\/\/www.difesa.it\/OperazioniMilitari\/op_intern_corso\/Prima_Parthica\/Pagine\/contributo_nazionale.aspx\" target=\"_blank\" rel=\"noopener\">Police Task Force Iraq<\/a>, che opera sia a Baghdad che a Erbil. La Police Task Force a guida Carabinieri fa parte del contingente militare che l\u2019Italia ha messo a disposizione della missione internazionale <a href=\"http:\/\/www.inherentresolve.mil\/\" target=\"_blank\" rel=\"noopener\">Operation Inherent Resolve\u00a0<\/a>&#8211; <a href=\"http:\/\/www.difesa.it\/OperazioniMilitari\/op_intern_corso\/Prima_Parthica\/Pagine\/default.aspx\" target=\"_blank\" rel=\"noopener\">Prima Parthica<\/a> e contribuisce a consolidare il processo di stabilizzazione e di normalizzazione del Paese attraverso la formazione di moderne Forze di Polizia.<\/p>\n<p>L\u2019evoluzione dell\u2019azione della Cooperazione italiana e la sinergia delle Istituzioni rappresenta, sul campo, nel settore della valorizzazione e tutela del patrimonio culturale, un vero e proprio sistema integrato, proiettato a focalizzare, sempre pi\u00f9, l\u2019aspetto della sensibilizzazione dell\u2019opinione pubblica: al messaggio di sensibilit\u00e0 si associa una diffusione dell\u2019azione e del valore aggiunto messo in campo, in tal senso, dall\u2019Italia attraverso la Cooperazione allo sviluppo e non solo. Sempre nell\u2019ottica dell\u2019attivit\u00e0 di sensibilizzazione, un\u2019azione a livello internazionale \u00e8 coordinata e concertata con l\u2019UNESCO.<\/p>\n<p>Per questo si era svolta, nel maggio 2016, la mostra <em>RINASCERE DALLA BELLEZZA &#8211; La pi\u00f9 grande storia mai scritta sulla sabbia<\/em>, curata dall\u2019AICS insieme alla Direzione Generale per la Cooperazione allo Sviluppo del Ministero degli Esteri e della Cooperazione Internazionale, in collaborazione con il MAXXI, il Museo nazionale delle arti del XXI secolo di Roma.<\/p>\n<p>L\u2019esposizione ha testimoniato il lavoro di tutela e di valorizzazione del patrimonio archeologico e artistico iracheno svolto dalla Cooperazione italiana, iniziato nel 2003 e tuttora in corso.<br \/>\nUn originale percorso espositivo multimediale per spiegare al pubblico il ruolo dell&#8217;Italia nel mondo quale paese leader non solo nel settore culturale, ma anche nell\u2019impegno per la pace e lo sviluppo. L\u2019alta tecnologia messa in campo dall\u2019Italia per la salvaguardia dell\u2019inestimabile patrimonio storico e artistico della Mesopotamia, dall\u2019uso dei droni alla mappatura satellitare, alle nuove scoperte, \u00e8 una finestra aperta sul domani di uno dei paesi pi\u00f9 importanti per la cultura mondiale, un irrinunciabile punto di incontro fra civilt\u00e0, fra Oriente ed Occidente.<\/p>\n<p>L\u2019opera di conservazione, documentazione e valorizzazione dei beni culturali iracheni svolta dall\u2019Italia deve necessariamente essere accessibile a tutti: cittadini, turisti e studiosi. Il lavoro condotto relativamente all\u2019analisi dello stato dei monumenti nei territori occupati, con una metodologia condivisa con l\u2019UNESCO si \u00e8 esteso ad altri governatorati e aree occupate, includendo l\u2019identificazione di eventuali zone di scavo clandestine.<\/p>\n<p>A fianco dell\u2019AICS, dal gennaio 2018, il Comando Carabinieri Tutela Patrimonio Culturale \u00e8 stabilmente presente in Iraq, a Baghdad e a Erbil, con personale appartenente alla Task Force \u201cUnite4Heritage\u201d.<\/p>\n<p>Assolve a una molteplicit\u00e0 di servizi: oltre all\u2019attivit\u00e0 di formazione e addestramento nei confronti del personale iracheno, fornisce supporto ai due uffici UNESCO (Baghdad ed Erbil), alle Autorit\u00e0 diplomatiche italiane in Iraq, alle altre autorit\u00e0\/enti (nazionali e internazionali) che si occupano di tutela del patrimonio culturale.<\/p>\n<p>Non solo: consolida collaborazioni con vari enti italiani, come le Universit\u00e0, che stanno operando in quell\u2019area a favore del mondo archeologico iracheno e, ancora, valuta la pianificazione di ricognizioni presso i siti destinati a eventuali futuri interventi di recupero da parte della Task Force e l\u2019individuazione di possibili luoghi di ricovero dei beni che verranno messi in sicurezza.<br \/>\nInfine, facilita l\u2019arrivo del personale della Task Force del MIBACT: un\u2019attivit\u00e0, nel suo complesso, vasta e articolata.<\/p>\n<p>Il TPC inoltre fornisce, su richiesta o nell\u2019ambito delle missioni di pace, un contributo per la tutela delle testimonianze culturali di molti altri Paesi a rischio. Due sono le aree di crisi in cui il TPC ha operato: in Kosovo, nell\u2019ambito del contingente italiano della missione KFOR (NATO), inquadrato nella Brigata multinazionale Ovest; in Iraq appunto, nella <em>Multinational Specialized Unit<\/em> (MSU), impiegata nell\u2019ambito del Contingente militare di pace dell\u2019operazione \u201cAntica Babilonia\u201d e presso il Museo Archeologico di Baghdad.<\/p>\n<p>Proprio per questa competenza a livello internazionale e per le attivit\u00e0 di recupero effettuate anche in favore dei Paesi esteri, il TPC \u00e8 stato individuato per costituire la componente Carabinieri della Task Force italiana \u201cUnite4Heritage\u201d, i cosiddetti \u201cCaschi blu della cultura\u201d.<\/p>\n<p>Si tratta di esperti nei settori dell\u2019architettura, archeologia, storia dell\u2019arte, restauro, conservazione, museologia, geologia, sismologia, biblioteca e archivi, dipendenti del MIBACT, MIUR, MAECI e di istituti di ricerca pubblici e Carabinieri del Comando Tutela Patrimonio Culturale, specializzati nella lotta al traffico illecito di beni culturali. Quest\u2019ultimi, come <em>Task Force<\/em> Carabinieri \u201cUnite4Heritage\u201d, sono stati istituiti dal Comando Generale dell\u2019Arma nell\u2019 ottobre del 2015, comandati da un ufficiale , responsabile anche della componente di esperti civili, coadiuvato da un ufficiale addetto, articolati in vari gruppi come quello per la Banca Dati, l\u2019Addestramento e la Logistica.<\/p>\n<p>Il 16 ottobre 2015, con l\u2019approvazione per acclamazione al Consiglio Esecutivo UNESCO, della Risoluzione presentata dall\u2019Italia, sono cos\u00ec nati i \u201cCaschi blu della cultura\u201d.<\/p>\n<p>Ancora una volta, l\u2019Italia \u00e8 stato il primo Paese al Mondo ad aver attuato tale Risoluzione: il 16 febbraio 2016, il Governo italiano ha firmato un Memorandum d\u2019intesa con l\u2019UNESCO che prevede l\u2019impiego della propria <em>Task Force<\/em> per le missioni internazionali di protezione del patrimonio culturale nel contesto della coalizione globale \u201cUnite4Heritage\u201d.<\/p>\n<p>La <em>Task Force<\/em> italiana \u201cUnite4Heritage\u201d, presentata dal Ministro Franceschini e dal Comandante Generale dell\u2019Arma Del Sette, il 19 aprile 2016 a Bruxelles, nella prestigiosa sede del Parlamento Europeo, \u00e8 divenuta da subito il modello di riferimento per tutti i Paesi del Mondo.<\/p>\n<p>L\u2019Italia \u00e8 in prima linea nell\u2019azione a livello internazionale legata al mantenimento per le future generazione del patrimonio culturale, un bene comune per tutta l\u2019umanit\u00e0.<\/p>\n","protected":false},"excerpt":{"rendered":"<p>L\u2019Agenzia Italiana per la Cooperazione e altre Istituzioni nazionali e internazionali come i Carabinieri, il Mibact, l\u2019 Unesco, a tutela del patrimonio culturale, \u201cfanno sistema\u201d e rappresentano un modello da proporre a tutta la comunit\u00e0 internazionale: l\u2019esperienza irachena.<\/p>\n","protected":false},"author":12,"featured_media":6745,"comment_status":"open","ping_status":"open","sticky":false,"template":"","format":"standard","meta":{"footnotes":""},"categories":[142],"tags":[],"class_list":["post-6741","post","type-post","status-publish","format-standard","has-post-thumbnail","hentry","category-cultura"],"yoast_head":"<!-- This site is optimized with the Yoast SEO plugin v27.4 - https:\/\/yoast.com\/product\/yoast-seo-wordpress\/ -->\n<title>A difesa della Civilt\u00e0 - Oltremare<\/title>\n<meta name=\"robots\" content=\"index, follow, max-snippet:-1, max-image-preview:large, max-video-preview:-1\" \/>\n<link rel=\"canonical\" href=\"https:\/\/www.aics.gov.it\/oltremare\/rubriche\/cultura\/a-difesa-della-civilta\/\" \/>\n<meta property=\"og:locale\" content=\"it_IT\" \/>\n<meta property=\"og:type\" content=\"article\" \/>\n<meta property=\"og:title\" content=\"A difesa della Civilt\u00e0 - Oltremare\" \/>\n<meta property=\"og:description\" content=\"L\u2019Agenzia Italiana per la Cooperazione e altre Istituzioni nazionali e internazionali come i Carabinieri, il Mibact, l\u2019 Unesco, a tutela del patrimonio culturale, \u201cfanno sistema\u201d e rappresentano un modello da proporre a tutta la comunit\u00e0 internazionale: l\u2019esperienza irachena.\" \/>\n<meta property=\"og:url\" content=\"https:\/\/www.aics.gov.it\/oltremare\/rubriche\/cultura\/a-difesa-della-civilta\/\" \/>\n<meta property=\"og:site_name\" content=\"Oltremare\" \/>\n<meta property=\"article:publisher\" content=\"https:\/\/www.facebook.com\/Agenzia-Italiana-per-la-Cooperazione-allo-Sviluppo-996004880482735\/\" \/>\n<meta property=\"article:published_time\" content=\"2018-05-21T07:17:17+00:00\" \/>\n<meta property=\"article:modified_time\" content=\"2018-05-22T11:01:50+00:00\" \/>\n<meta property=\"og:image\" content=\"https:\/\/www.aics.gov.it\/oltremare\/wp-content\/uploads\/2018\/05\/pefo-pezzo-Santucci-cultura.jpg\" \/>\n\t<meta property=\"og:image:width\" content=\"283\" \/>\n\t<meta property=\"og:image:height\" content=\"425\" \/>\n\t<meta property=\"og:image:type\" content=\"image\/jpeg\" \/>\n<meta name=\"author\" content=\"Massimo Santucci\" \/>\n<meta name=\"twitter:card\" content=\"summary_large_image\" \/>\n<meta name=\"twitter:creator\" content=\"@aics_it\" \/>\n<meta name=\"twitter:site\" content=\"@aics_it\" \/>\n<meta name=\"twitter:label1\" content=\"Scritto da\" \/>\n\t<meta name=\"twitter:data1\" content=\"Massimo Santucci\" \/>\n\t<meta name=\"twitter:label2\" content=\"Tempo di lettura stimato\" \/>\n\t<meta name=\"twitter:data2\" content=\"6 minuti\" \/>\n<script type=\"application\/ld+json\" class=\"yoast-schema-graph\">{\"@context\":\"https:\\\/\\\/schema.org\",\"@graph\":[{\"@type\":\"Article\",\"@id\":\"https:\\\/\\\/www.aics.gov.it\\\/oltremare\\\/rubriche\\\/cultura\\\/a-difesa-della-civilta\\\/#article\",\"isPartOf\":{\"@id\":\"https:\\\/\\\/www.aics.gov.it\\\/oltremare\\\/rubriche\\\/cultura\\\/a-difesa-della-civilta\\\/\"},\"author\":{\"name\":\"Massimo Santucci\",\"@id\":\"https:\\\/\\\/www.aics.gov.it\\\/oltremare\\\/#\\\/schema\\\/person\\\/e85c130bc9cc9035f1a87b1350eb3321\"},\"headline\":\"A difesa della Civilt\u00e0\",\"datePublished\":\"2018-05-21T07:17:17+00:00\",\"dateModified\":\"2018-05-22T11:01:50+00:00\",\"mainEntityOfPage\":{\"@id\":\"https:\\\/\\\/www.aics.gov.it\\\/oltremare\\\/rubriche\\\/cultura\\\/a-difesa-della-civilta\\\/\"},\"wordCount\":1259,\"commentCount\":0,\"publisher\":{\"@id\":\"https:\\\/\\\/www.aics.gov.it\\\/oltremare\\\/#organization\"},\"image\":{\"@id\":\"https:\\\/\\\/www.aics.gov.it\\\/oltremare\\\/rubriche\\\/cultura\\\/a-difesa-della-civilta\\\/#primaryimage\"},\"thumbnailUrl\":\"https:\\\/\\\/www.aics.gov.it\\\/oltremare\\\/wp-content\\\/uploads\\\/2018\\\/05\\\/pefo-pezzo-Santucci-cultura.jpg\",\"articleSection\":[\"Cultura\"],\"inLanguage\":\"it-IT\",\"potentialAction\":[{\"@type\":\"CommentAction\",\"name\":\"Comment\",\"target\":[\"https:\\\/\\\/www.aics.gov.it\\\/oltremare\\\/rubriche\\\/cultura\\\/a-difesa-della-civilta\\\/#respond\"]}]},{\"@type\":\"WebPage\",\"@id\":\"https:\\\/\\\/www.aics.gov.it\\\/oltremare\\\/rubriche\\\/cultura\\\/a-difesa-della-civilta\\\/\",\"url\":\"https:\\\/\\\/www.aics.gov.it\\\/oltremare\\\/rubriche\\\/cultura\\\/a-difesa-della-civilta\\\/\",\"name\":\"A difesa della Civilt\u00e0 - Oltremare\",\"isPartOf\":{\"@id\":\"https:\\\/\\\/www.aics.gov.it\\\/oltremare\\\/#website\"},\"primaryImageOfPage\":{\"@id\":\"https:\\\/\\\/www.aics.gov.it\\\/oltremare\\\/rubriche\\\/cultura\\\/a-difesa-della-civilta\\\/#primaryimage\"},\"image\":{\"@id\":\"https:\\\/\\\/www.aics.gov.it\\\/oltremare\\\/rubriche\\\/cultura\\\/a-difesa-della-civilta\\\/#primaryimage\"},\"thumbnailUrl\":\"https:\\\/\\\/www.aics.gov.it\\\/oltremare\\\/wp-content\\\/uploads\\\/2018\\\/05\\\/pefo-pezzo-Santucci-cultura.jpg\",\"datePublished\":\"2018-05-21T07:17:17+00:00\",\"dateModified\":\"2018-05-22T11:01:50+00:00\",\"breadcrumb\":{\"@id\":\"https:\\\/\\\/www.aics.gov.it\\\/oltremare\\\/rubriche\\\/cultura\\\/a-difesa-della-civilta\\\/#breadcrumb\"},\"inLanguage\":\"it-IT\",\"potentialAction\":[{\"@type\":\"ReadAction\",\"target\":[\"https:\\\/\\\/www.aics.gov.it\\\/oltremare\\\/rubriche\\\/cultura\\\/a-difesa-della-civilta\\\/\"]}]},{\"@type\":\"ImageObject\",\"inLanguage\":\"it-IT\",\"@id\":\"https:\\\/\\\/www.aics.gov.it\\\/oltremare\\\/rubriche\\\/cultura\\\/a-difesa-della-civilta\\\/#primaryimage\",\"url\":\"https:\\\/\\\/www.aics.gov.it\\\/oltremare\\\/wp-content\\\/uploads\\\/2018\\\/05\\\/pefo-pezzo-Santucci-cultura.jpg\",\"contentUrl\":\"https:\\\/\\\/www.aics.gov.it\\\/oltremare\\\/wp-content\\\/uploads\\\/2018\\\/05\\\/pefo-pezzo-Santucci-cultura.jpg\",\"width\":283,\"height\":425},{\"@type\":\"BreadcrumbList\",\"@id\":\"https:\\\/\\\/www.aics.gov.it\\\/oltremare\\\/rubriche\\\/cultura\\\/a-difesa-della-civilta\\\/#breadcrumb\",\"itemListElement\":[{\"@type\":\"ListItem\",\"position\":1,\"name\":\"Home\",\"item\":\"https:\\\/\\\/www.aics.gov.it\\\/oltremare\\\/\"},{\"@type\":\"ListItem\",\"position\":2,\"name\":\"A difesa della Civilt\u00e0\"}]},{\"@type\":\"WebSite\",\"@id\":\"https:\\\/\\\/www.aics.gov.it\\\/oltremare\\\/#website\",\"url\":\"https:\\\/\\\/www.aics.gov.it\\\/oltremare\\\/\",\"name\":\"Oltremare\",\"description\":\"Il Blog della cooperazione\",\"publisher\":{\"@id\":\"https:\\\/\\\/www.aics.gov.it\\\/oltremare\\\/#organization\"},\"potentialAction\":[{\"@type\":\"SearchAction\",\"target\":{\"@type\":\"EntryPoint\",\"urlTemplate\":\"https:\\\/\\\/www.aics.gov.it\\\/oltremare\\\/?s={search_term_string}\"},\"query-input\":{\"@type\":\"PropertyValueSpecification\",\"valueRequired\":true,\"valueName\":\"search_term_string\"}}],\"inLanguage\":\"it-IT\"},{\"@type\":\"Organization\",\"@id\":\"https:\\\/\\\/www.aics.gov.it\\\/oltremare\\\/#organization\",\"name\":\"Agenzia Italiana per la Cooperazione allo Sviluppo\",\"url\":\"https:\\\/\\\/www.aics.gov.it\\\/oltremare\\\/\",\"logo\":{\"@type\":\"ImageObject\",\"inLanguage\":\"it-IT\",\"@id\":\"https:\\\/\\\/www.aics.gov.it\\\/oltremare\\\/#\\\/schema\\\/logo\\\/image\\\/\",\"url\":\"https:\\\/\\\/www.aics.gov.it\\\/oltremare\\\/wp-content\\\/uploads\\\/2018\\\/02\\\/AICS_HEADER_530x130_EC1-e1518178146163.jpg\",\"contentUrl\":\"https:\\\/\\\/www.aics.gov.it\\\/oltremare\\\/wp-content\\\/uploads\\\/2018\\\/02\\\/AICS_HEADER_530x130_EC1-e1518178146163.jpg\",\"width\":300,\"height\":74,\"caption\":\"Agenzia Italiana per la Cooperazione allo Sviluppo\"},\"image\":{\"@id\":\"https:\\\/\\\/www.aics.gov.it\\\/oltremare\\\/#\\\/schema\\\/logo\\\/image\\\/\"},\"sameAs\":[\"https:\\\/\\\/www.facebook.com\\\/Agenzia-Italiana-per-la-Cooperazione-allo-Sviluppo-996004880482735\\\/\",\"https:\\\/\\\/x.com\\\/aics_it\",\"https:\\\/\\\/www.instagram.com\\\/aics_cooperazione_it\\\/\",\"https:\\\/\\\/www.youtube.com\\\/channel\\\/UCbssygnjreKD1Se1mDeCQ5w\"]},{\"@type\":\"Person\",\"@id\":\"https:\\\/\\\/www.aics.gov.it\\\/oltremare\\\/#\\\/schema\\\/person\\\/e85c130bc9cc9035f1a87b1350eb3321\",\"name\":\"Massimo Santucci\",\"image\":{\"@type\":\"ImageObject\",\"inLanguage\":\"it-IT\",\"@id\":\"https:\\\/\\\/secure.gravatar.com\\\/avatar\\\/f85736bf47f49804fdc69d2c272e008807dca2dd02ff5bcad8a08d4a21348ea5?s=96&d=mm&r=g\",\"url\":\"https:\\\/\\\/secure.gravatar.com\\\/avatar\\\/f85736bf47f49804fdc69d2c272e008807dca2dd02ff5bcad8a08d4a21348ea5?s=96&d=mm&r=g\",\"contentUrl\":\"https:\\\/\\\/secure.gravatar.com\\\/avatar\\\/f85736bf47f49804fdc69d2c272e008807dca2dd02ff5bcad8a08d4a21348ea5?s=96&d=mm&r=g\",\"caption\":\"Massimo Santucci\"},\"url\":\"https:\\\/\\\/www.aics.gov.it\\\/oltremare\\\/author\\\/massimosantucci\\\/\"}]}<\/script>\n<!-- \/ Yoast SEO plugin. -->","yoast_head_json":{"title":"A difesa della Civilt\u00e0 - Oltremare","robots":{"index":"index","follow":"follow","max-snippet":"max-snippet:-1","max-image-preview":"max-image-preview:large","max-video-preview":"max-video-preview:-1"},"canonical":"https:\/\/www.aics.gov.it\/oltremare\/rubriche\/cultura\/a-difesa-della-civilta\/","og_locale":"it_IT","og_type":"article","og_title":"A difesa della Civilt\u00e0 - Oltremare","og_description":"L\u2019Agenzia Italiana per la Cooperazione e altre Istituzioni nazionali e internazionali come i Carabinieri, il Mibact, l\u2019 Unesco, a tutela del patrimonio culturale, \u201cfanno sistema\u201d e rappresentano un modello da proporre a tutta la comunit\u00e0 internazionale: l\u2019esperienza irachena.","og_url":"https:\/\/www.aics.gov.it\/oltremare\/rubriche\/cultura\/a-difesa-della-civilta\/","og_site_name":"Oltremare","article_publisher":"https:\/\/www.facebook.com\/Agenzia-Italiana-per-la-Cooperazione-allo-Sviluppo-996004880482735\/","article_published_time":"2018-05-21T07:17:17+00:00","article_modified_time":"2018-05-22T11:01:50+00:00","og_image":[{"width":283,"height":425,"url":"https:\/\/www.aics.gov.it\/oltremare\/wp-content\/uploads\/2018\/05\/pefo-pezzo-Santucci-cultura.jpg","type":"image\/jpeg"}],"author":"Massimo Santucci","twitter_card":"summary_large_image","twitter_creator":"@aics_it","twitter_site":"@aics_it","twitter_misc":{"Scritto da":"Massimo Santucci","Tempo di lettura stimato":"6 minuti"},"schema":{"@context":"https:\/\/schema.org","@graph":[{"@type":"Article","@id":"https:\/\/www.aics.gov.it\/oltremare\/rubriche\/cultura\/a-difesa-della-civilta\/#article","isPartOf":{"@id":"https:\/\/www.aics.gov.it\/oltremare\/rubriche\/cultura\/a-difesa-della-civilta\/"},"author":{"name":"Massimo Santucci","@id":"https:\/\/www.aics.gov.it\/oltremare\/#\/schema\/person\/e85c130bc9cc9035f1a87b1350eb3321"},"headline":"A difesa della Civilt\u00e0","datePublished":"2018-05-21T07:17:17+00:00","dateModified":"2018-05-22T11:01:50+00:00","mainEntityOfPage":{"@id":"https:\/\/www.aics.gov.it\/oltremare\/rubriche\/cultura\/a-difesa-della-civilta\/"},"wordCount":1259,"commentCount":0,"publisher":{"@id":"https:\/\/www.aics.gov.it\/oltremare\/#organization"},"image":{"@id":"https:\/\/www.aics.gov.it\/oltremare\/rubriche\/cultura\/a-difesa-della-civilta\/#primaryimage"},"thumbnailUrl":"https:\/\/www.aics.gov.it\/oltremare\/wp-content\/uploads\/2018\/05\/pefo-pezzo-Santucci-cultura.jpg","articleSection":["Cultura"],"inLanguage":"it-IT","potentialAction":[{"@type":"CommentAction","name":"Comment","target":["https:\/\/www.aics.gov.it\/oltremare\/rubriche\/cultura\/a-difesa-della-civilta\/#respond"]}]},{"@type":"WebPage","@id":"https:\/\/www.aics.gov.it\/oltremare\/rubriche\/cultura\/a-difesa-della-civilta\/","url":"https:\/\/www.aics.gov.it\/oltremare\/rubriche\/cultura\/a-difesa-della-civilta\/","name":"A difesa della Civilt\u00e0 - Oltremare","isPartOf":{"@id":"https:\/\/www.aics.gov.it\/oltremare\/#website"},"primaryImageOfPage":{"@id":"https:\/\/www.aics.gov.it\/oltremare\/rubriche\/cultura\/a-difesa-della-civilta\/#primaryimage"},"image":{"@id":"https:\/\/www.aics.gov.it\/oltremare\/rubriche\/cultura\/a-difesa-della-civilta\/#primaryimage"},"thumbnailUrl":"https:\/\/www.aics.gov.it\/oltremare\/wp-content\/uploads\/2018\/05\/pefo-pezzo-Santucci-cultura.jpg","datePublished":"2018-05-21T07:17:17+00:00","dateModified":"2018-05-22T11:01:50+00:00","breadcrumb":{"@id":"https:\/\/www.aics.gov.it\/oltremare\/rubriche\/cultura\/a-difesa-della-civilta\/#breadcrumb"},"inLanguage":"it-IT","potentialAction":[{"@type":"ReadAction","target":["https:\/\/www.aics.gov.it\/oltremare\/rubriche\/cultura\/a-difesa-della-civilta\/"]}]},{"@type":"ImageObject","inLanguage":"it-IT","@id":"https:\/\/www.aics.gov.it\/oltremare\/rubriche\/cultura\/a-difesa-della-civilta\/#primaryimage","url":"https:\/\/www.aics.gov.it\/oltremare\/wp-content\/uploads\/2018\/05\/pefo-pezzo-Santucci-cultura.jpg","contentUrl":"https:\/\/www.aics.gov.it\/oltremare\/wp-content\/uploads\/2018\/05\/pefo-pezzo-Santucci-cultura.jpg","width":283,"height":425},{"@type":"BreadcrumbList","@id":"https:\/\/www.aics.gov.it\/oltremare\/rubriche\/cultura\/a-difesa-della-civilta\/#breadcrumb","itemListElement":[{"@type":"ListItem","position":1,"name":"Home","item":"https:\/\/www.aics.gov.it\/oltremare\/"},{"@type":"ListItem","position":2,"name":"A difesa della Civilt\u00e0"}]},{"@type":"WebSite","@id":"https:\/\/www.aics.gov.it\/oltremare\/#website","url":"https:\/\/www.aics.gov.it\/oltremare\/","name":"Oltremare","description":"Il Blog della cooperazione","publisher":{"@id":"https:\/\/www.aics.gov.it\/oltremare\/#organization"},"potentialAction":[{"@type":"SearchAction","target":{"@type":"EntryPoint","urlTemplate":"https:\/\/www.aics.gov.it\/oltremare\/?s={search_term_string}"},"query-input":{"@type":"PropertyValueSpecification","valueRequired":true,"valueName":"search_term_string"}}],"inLanguage":"it-IT"},{"@type":"Organization","@id":"https:\/\/www.aics.gov.it\/oltremare\/#organization","name":"Agenzia Italiana per la Cooperazione allo Sviluppo","url":"https:\/\/www.aics.gov.it\/oltremare\/","logo":{"@type":"ImageObject","inLanguage":"it-IT","@id":"https:\/\/www.aics.gov.it\/oltremare\/#\/schema\/logo\/image\/","url":"https:\/\/www.aics.gov.it\/oltremare\/wp-content\/uploads\/2018\/02\/AICS_HEADER_530x130_EC1-e1518178146163.jpg","contentUrl":"https:\/\/www.aics.gov.it\/oltremare\/wp-content\/uploads\/2018\/02\/AICS_HEADER_530x130_EC1-e1518178146163.jpg","width":300,"height":74,"caption":"Agenzia Italiana per la Cooperazione allo Sviluppo"},"image":{"@id":"https:\/\/www.aics.gov.it\/oltremare\/#\/schema\/logo\/image\/"},"sameAs":["https:\/\/www.facebook.com\/Agenzia-Italiana-per-la-Cooperazione-allo-Sviluppo-996004880482735\/","https:\/\/x.com\/aics_it","https:\/\/www.instagram.com\/aics_cooperazione_it\/","https:\/\/www.youtube.com\/channel\/UCbssygnjreKD1Se1mDeCQ5w"]},{"@type":"Person","@id":"https:\/\/www.aics.gov.it\/oltremare\/#\/schema\/person\/e85c130bc9cc9035f1a87b1350eb3321","name":"Massimo Santucci","image":{"@type":"ImageObject","inLanguage":"it-IT","@id":"https:\/\/secure.gravatar.com\/avatar\/f85736bf47f49804fdc69d2c272e008807dca2dd02ff5bcad8a08d4a21348ea5?s=96&d=mm&r=g","url":"https:\/\/secure.gravatar.com\/avatar\/f85736bf47f49804fdc69d2c272e008807dca2dd02ff5bcad8a08d4a21348ea5?s=96&d=mm&r=g","contentUrl":"https:\/\/secure.gravatar.com\/avatar\/f85736bf47f49804fdc69d2c272e008807dca2dd02ff5bcad8a08d4a21348ea5?s=96&d=mm&r=g","caption":"Massimo Santucci"},"url":"https:\/\/www.aics.gov.it\/oltremare\/author\/massimosantucci\/"}]}},"_links":{"self":[{"href":"https:\/\/www.aics.gov.it\/oltremare\/wp-json\/wp\/v2\/posts\/6741","targetHints":{"allow":["GET"]}}],"collection":[{"href":"https:\/\/www.aics.gov.it\/oltremare\/wp-json\/wp\/v2\/posts"}],"about":[{"href":"https:\/\/www.aics.gov.it\/oltremare\/wp-json\/wp\/v2\/types\/post"}],"author":[{"embeddable":true,"href":"https:\/\/www.aics.gov.it\/oltremare\/wp-json\/wp\/v2\/users\/12"}],"replies":[{"embeddable":true,"href":"https:\/\/www.aics.gov.it\/oltremare\/wp-json\/wp\/v2\/comments?post=6741"}],"version-history":[{"count":2,"href":"https:\/\/www.aics.gov.it\/oltremare\/wp-json\/wp\/v2\/posts\/6741\/revisions"}],"predecessor-version":[{"id":6744,"href":"https:\/\/www.aics.gov.it\/oltremare\/wp-json\/wp\/v2\/posts\/6741\/revisions\/6744"}],"wp:featuredmedia":[{"embeddable":true,"href":"https:\/\/www.aics.gov.it\/oltremare\/wp-json\/wp\/v2\/media\/6745"}],"wp:attachment":[{"href":"https:\/\/www.aics.gov.it\/oltremare\/wp-json\/wp\/v2\/media?parent=6741"}],"wp:term":[{"taxonomy":"category","embeddable":true,"href":"https:\/\/www.aics.gov.it\/oltremare\/wp-json\/wp\/v2\/categories?post=6741"},{"taxonomy":"post_tag","embeddable":true,"href":"https:\/\/www.aics.gov.it\/oltremare\/wp-json\/wp\/v2\/tags?post=6741"}],"curies":[{"name":"wp","href":"https:\/\/api.w.org\/{rel}","templated":true}]}}