{"id":7076,"date":"2018-08-02T17:06:36","date_gmt":"2018-08-02T15:06:36","guid":{"rendered":"https:\/\/www.aics.gov.it\/oltremare\/?p=7076"},"modified":"2018-10-05T17:04:21","modified_gmt":"2018-10-05T15:04:21","slug":"vanessa-redgrave-europa-accogli-ce-troppo-dolore-in-questo-mare","status":"publish","type":"post","link":"https:\/\/www.aics.gov.it\/oltremare\/articoli\/persone\/vanessa-redgrave-europa-accogli-ce-troppo-dolore-in-questo-mare\/","title":{"rendered":"Vanessa Redgrave: \u201cEuropa accogli, c&#8217;\u00e8 troppo dolore in questo mare\u201d"},"content":{"rendered":"<p>Intervista all\u2019attrice inglese, al debutto da regista con <em>Sea Sorrow \u2013 Il dolore del mare<\/em>. Il dovere dell\u2019aiuto e l\u2019orrore delle armi. Prima del Leone d\u2019oro alla carriera.<br \/>\n<!--more--><br \/>\n<img loading=\"lazy\" decoding=\"async\" class=\"alignleft wp-image-7078\" src=\"https:\/\/www.aics.gov.it\/oltremare\/wp-content\/uploads\/2018\/08\/Locandina-di-Sea-Sorrow-Il-dolore-del-mare.jpg\" alt=\"\" width=\"292\" height=\"416\" \/>\u201cI Paesi europei alimentano la crisi dei rifugiati vendendo armi: \u00e8 questo il nostro \u2018aiuto allo sviluppo\u2019?\u201d Vanessa Redgrave si ferma, guardandoti negli occhi. Aspetta una reazione, una risposta. Quasi la pretende. Prima che torni a sorridere trascorrono secondi che sembrano non finire mai. Una pausa, come mille altre, istinto e arte in 81 anni straordinari, sei candidature agli Oscar, nel 1978 la vittoria con <em>Julia<\/em>, e ora il Leone d\u2019oro alla carriera che le sar\u00e0 consegnato alla Mostra del cinema di Venezia al via il 29 agosto. A presentarla al mondo fu Laurence Olivier, alla fine dell\u2019<em>Amleto<\/em>, sul palcoscenico londinese dell\u2019Old Vic: \u201c\u00c8 nata una grande attrice, Laerte ha una figlia\u201d disse accanto al padre, Michael Redgrave, che interpretava quel personaggio. Flashback improvvisi ma siamo sempre qui, a Roma, ospiti dell\u2019Alto commissariato dell\u2019Onu per i rifugiati (Unhcr), con l\u2019Europa che minaccia la chiusura delle \u201cfrontiere esterne\u201d e cancella l\u2019obbligo di accogliere \u201cquote\u201d di profughi. Redgrave sta presentando il suo primo lavoro da regista, il documentario <em>Sea Sorrow \u2013 Il dolore del mare.<\/em> \u201cScusami\u201d, riprende, \u201cparlo in modo diretto perch\u00e9 ho pochi mesi da vivere, forse un anno o due: l\u2019Europa, i suoi Paesi e anche la Commissione europea, sta facendo sbagli enormi\u201d.<\/p>\n<p><em>Sea Sorrow<\/em> racconta l\u2019emergenza dei rifugiati e i morti nel Mediterraneo suggerendo anche analogie tra il nostro tempo e quello dell\u2019Europa nazifascista della Seconda guerra mondiale. Ci sono testimonianze di chi ha attraversato il mare, di chi lavora nei campi profughi, di chi dall\u2019Europa in fiamme scapp\u00f2 a bordo del\u00a0<em>kindertransport\u00a0<\/em>\u2013 come Lord Alf Dubs \u2013 e che nonostante diversi tentativi non riusc\u00ec a portare in Inghilterra che pochi bambini. Ci sono ricordi e riflessioni personali della regista, con l\u2019angoscia dei bombardamenti su Londra o l\u2019emozione per le parole della Dichiarazione universale dei diritti umani presentata alle Nazioni Unite da Eleonor Roosevelt. C\u2019\u00e8 infine un monologo de <em>La tempesta<\/em> affidato a Ralph Fiennes, con Prospero che racconta il suo esilio, non pi\u00f9 re ma padre pieno di angoscia.<\/p>\n<p><strong>Signora Redgrave, ma allora l\u2019Europa \u00e8 colpevole? Quali sono i suoi sbagli?<\/strong><\/p>\n<blockquote><p>\u201cL\u2019ho gi\u00e0 detto: i Paesi dell\u2019Europa vendono armi alimentando la crisi dei rifugiati. \u00c8 questo lo \u2018sviluppo\u2019? Non penso proprio: forse per qualcuno dei nostri Paesi s\u00ec, ma per gli altri no. L\u2019Europa cos\u00ec non va bene: la sua struttura dovrebbe essere riformata completamente, a partire dalla Commissione. Bisogna finirla, e cominciare a rispettare i diritti umani\u201d.<\/p><\/blockquote>\n<p><strong>Come si possono aiutare l\u2019Africa e i Paesi in guerra da dove arrivano i profughi?<\/strong><\/p>\n<blockquote><p>\u201cCooperare \u00e8 giusto, purch\u00e9 non si pensi che sviluppo significhi vendere carri armati o missili. Quello che voglio dire oggi, ancora pi\u00f9 di quando abbiamo realizzato <em>Sea Sorrow<\/em>, \u00e8 che bisogna rispettare la Convenzione delle Nazioni Unite sui rifugiati. La stiamo violando, calpestando, e invece bisogna ripartire proprio da quel documento, approvato dopo la sconfitta del fascismo. Ci\u00f2 che sta accadendo oggi in Europa ci riguarda tutti: dobbiamo capirlo, e riconoscere il nostro passato nelle persone che accogliamo\u201d.<\/p><\/blockquote>\n<p><strong>La democrazia dipende da questa capacit\u00e0?<\/strong><\/p>\n<blockquote><p>\u201cNon ci pu\u00f2 essere speranza di democrazia se si lasciano morire le persone in mare, nel deserto, sotto i missili, le bombe o i colpi dei cecchini. Avevo due anni quando Londra era bombardata dai nazisti e tutti accoglievano chi era stato costretto a fuggire: perch\u00e9 lo chiedeva il governo, certo, ma non solo\u201d.<\/p><\/blockquote>\n<p><strong>L\u2019Europa si salva solo insieme?<\/strong><\/p>\n<blockquote><p>\u201cOggi la democrazia non si pu\u00f2 costruire e difendere in un Paese solo. Dipende da tutti, insieme. Penso anche alla vendita delle armi. Esiste, o forse esisteva, un Paese che si chiama Yemen: sar\u00e0 distrutto completamente perch\u00e9 i nostri governi in Europa vogliono vendere le armi. Ma attenzione: non vogliamo profughi. Non capiamo che in loro risiede l\u2019ultima speranza di democrazia anche per i Paesi da cui scappano. Adesso non possono tornare in una situazione di guerra, con le fazioni in lotta armate dalle grandi potenze. Per questo devono essere integrati in Europa e poter vivere in pace. Solo in un secondo momento potranno tornare nei loro Paesi e il loro contributo potr\u00e0 essere decisivo per costruire un futuro dopo la guerra. Penso ai profughi palestinesi ma anche a chi \u00e8 stato costretto a fuggire dalla sua terra in Africa o in Asia. Poi, ripeto, c\u2019\u00e8 una legge internazionale da rispettare. Non \u00e8 stata approvata in modo spensierato, ma dopo la Seconda guerra mondiale, dopo milioni di morti\u201d.<\/p><\/blockquote>\n<p>&nbsp;<\/p>\n<p><img loading=\"lazy\" decoding=\"async\" class=\"aligncenter size-large wp-image-7077\" src=\"https:\/\/www.aics.gov.it\/oltremare\/wp-content\/uploads\/2018\/08\/WhatsApp-Image-2018-07-25-at-08.07.58-1024x768.jpeg\" alt=\"\" width=\"1024\" height=\"768\" srcset=\"https:\/\/www.aics.gov.it\/oltremare\/wp-content\/uploads\/2018\/08\/WhatsApp-Image-2018-07-25-at-08.07.58-1024x768.jpeg 1024w, https:\/\/www.aics.gov.it\/oltremare\/wp-content\/uploads\/2018\/08\/WhatsApp-Image-2018-07-25-at-08.07.58-600x450.jpeg 600w, https:\/\/www.aics.gov.it\/oltremare\/wp-content\/uploads\/2018\/08\/WhatsApp-Image-2018-07-25-at-08.07.58-768x576.jpeg 768w, https:\/\/www.aics.gov.it\/oltremare\/wp-content\/uploads\/2018\/08\/WhatsApp-Image-2018-07-25-at-08.07.58.jpeg 1600w\" sizes=\"auto, (max-width: 1024px) 100vw, 1024px\" \/><\/p>\n<p>&nbsp;<\/p>\n","protected":false},"excerpt":{"rendered":"<p>Intervista all\u2019attrice inglese, al debutto da regista con Sea Sorrow \u2013 Il dolore del mare. Il dovere dell\u2019aiuto e l\u2019orrore delle armi. Prima del Leone d\u2019oro alla carriera.<\/p>\n","protected":false},"author":5,"featured_media":0,"comment_status":"open","ping_status":"open","sticky":false,"template":"","format":"standard","meta":{"footnotes":""},"categories":[136],"tags":[],"class_list":["post-7076","post","type-post","status-publish","format-standard","hentry","category-persone"],"yoast_head":"<!-- This site is optimized with the Yoast SEO plugin v27.5 - https:\/\/yoast.com\/product\/yoast-seo-wordpress\/ -->\n<title>Vanessa Redgrave: \u201cEuropa accogli, c&#039;\u00e8 troppo dolore in questo mare\u201d - Oltremare<\/title>\n<meta name=\"robots\" content=\"index, follow, max-snippet:-1, max-image-preview:large, max-video-preview:-1\" \/>\n<link rel=\"canonical\" href=\"https:\/\/www.aics.gov.it\/oltremare\/articoli\/persone\/vanessa-redgrave-europa-accogli-ce-troppo-dolore-in-questo-mare\/\" \/>\n<meta property=\"og:locale\" content=\"it_IT\" \/>\n<meta property=\"og:type\" content=\"article\" \/>\n<meta property=\"og:title\" content=\"Vanessa Redgrave: \u201cEuropa accogli, c&#039;\u00e8 troppo dolore in questo mare\u201d - Oltremare\" \/>\n<meta property=\"og:description\" content=\"Intervista all\u2019attrice inglese, al debutto da regista con Sea Sorrow \u2013 Il dolore del mare. Il dovere dell\u2019aiuto e l\u2019orrore delle armi. Prima del Leone d\u2019oro alla carriera.\" \/>\n<meta property=\"og:url\" content=\"https:\/\/www.aics.gov.it\/oltremare\/articoli\/persone\/vanessa-redgrave-europa-accogli-ce-troppo-dolore-in-questo-mare\/\" \/>\n<meta property=\"og:site_name\" content=\"Oltremare\" \/>\n<meta property=\"article:publisher\" content=\"https:\/\/www.facebook.com\/Agenzia-Italiana-per-la-Cooperazione-allo-Sviluppo-996004880482735\/\" \/>\n<meta property=\"article:published_time\" content=\"2018-08-02T15:06:36+00:00\" \/>\n<meta property=\"article:modified_time\" content=\"2018-10-05T15:04:21+00:00\" \/>\n<meta property=\"og:image\" content=\"https:\/\/www.aics.gov.it\/oltremare\/wp-content\/uploads\/2018\/08\/Locandina-di-Sea-Sorrow-Il-dolore-del-mare.jpg\" \/>\n<meta name=\"author\" content=\"Vincenzo Giardina\" \/>\n<meta name=\"twitter:card\" content=\"summary_large_image\" \/>\n<meta name=\"twitter:creator\" content=\"@aics_it\" \/>\n<meta name=\"twitter:site\" content=\"@aics_it\" \/>\n<meta name=\"twitter:label1\" content=\"Scritto da\" \/>\n\t<meta name=\"twitter:data1\" content=\"Vincenzo Giardina\" \/>\n\t<meta name=\"twitter:label2\" content=\"Tempo di lettura stimato\" \/>\n\t<meta name=\"twitter:data2\" content=\"4 minuti\" \/>\n<script type=\"application\/ld+json\" class=\"yoast-schema-graph\">{\"@context\":\"https:\\\/\\\/schema.org\",\"@graph\":[{\"@type\":\"Article\",\"@id\":\"https:\\\/\\\/www.aics.gov.it\\\/oltremare\\\/articoli\\\/persone\\\/vanessa-redgrave-europa-accogli-ce-troppo-dolore-in-questo-mare\\\/#article\",\"isPartOf\":{\"@id\":\"https:\\\/\\\/www.aics.gov.it\\\/oltremare\\\/articoli\\\/persone\\\/vanessa-redgrave-europa-accogli-ce-troppo-dolore-in-questo-mare\\\/\"},\"author\":{\"name\":\"Vincenzo Giardina\",\"@id\":\"https:\\\/\\\/www.aics.gov.it\\\/oltremare\\\/#\\\/schema\\\/person\\\/063c4f74c60040713c4f7cc532521ae1\"},\"headline\":\"Vanessa Redgrave: \u201cEuropa accogli, c&#8217;\u00e8 troppo dolore in questo mare\u201d\",\"datePublished\":\"2018-08-02T15:06:36+00:00\",\"dateModified\":\"2018-10-05T15:04:21+00:00\",\"mainEntityOfPage\":{\"@id\":\"https:\\\/\\\/www.aics.gov.it\\\/oltremare\\\/articoli\\\/persone\\\/vanessa-redgrave-europa-accogli-ce-troppo-dolore-in-questo-mare\\\/\"},\"wordCount\":776,\"commentCount\":0,\"publisher\":{\"@id\":\"https:\\\/\\\/www.aics.gov.it\\\/oltremare\\\/#organization\"},\"image\":{\"@id\":\"https:\\\/\\\/www.aics.gov.it\\\/oltremare\\\/articoli\\\/persone\\\/vanessa-redgrave-europa-accogli-ce-troppo-dolore-in-questo-mare\\\/#primaryimage\"},\"thumbnailUrl\":\"https:\\\/\\\/www.aics.gov.it\\\/oltremare\\\/wp-content\\\/uploads\\\/2018\\\/08\\\/Locandina-di-Sea-Sorrow-Il-dolore-del-mare.jpg\",\"articleSection\":[\"Persone\"],\"inLanguage\":\"it-IT\",\"potentialAction\":[{\"@type\":\"CommentAction\",\"name\":\"Comment\",\"target\":[\"https:\\\/\\\/www.aics.gov.it\\\/oltremare\\\/articoli\\\/persone\\\/vanessa-redgrave-europa-accogli-ce-troppo-dolore-in-questo-mare\\\/#respond\"]}]},{\"@type\":\"WebPage\",\"@id\":\"https:\\\/\\\/www.aics.gov.it\\\/oltremare\\\/articoli\\\/persone\\\/vanessa-redgrave-europa-accogli-ce-troppo-dolore-in-questo-mare\\\/\",\"url\":\"https:\\\/\\\/www.aics.gov.it\\\/oltremare\\\/articoli\\\/persone\\\/vanessa-redgrave-europa-accogli-ce-troppo-dolore-in-questo-mare\\\/\",\"name\":\"Vanessa Redgrave: \u201cEuropa accogli, c'\u00e8 troppo dolore in questo mare\u201d - Oltremare\",\"isPartOf\":{\"@id\":\"https:\\\/\\\/www.aics.gov.it\\\/oltremare\\\/#website\"},\"primaryImageOfPage\":{\"@id\":\"https:\\\/\\\/www.aics.gov.it\\\/oltremare\\\/articoli\\\/persone\\\/vanessa-redgrave-europa-accogli-ce-troppo-dolore-in-questo-mare\\\/#primaryimage\"},\"image\":{\"@id\":\"https:\\\/\\\/www.aics.gov.it\\\/oltremare\\\/articoli\\\/persone\\\/vanessa-redgrave-europa-accogli-ce-troppo-dolore-in-questo-mare\\\/#primaryimage\"},\"thumbnailUrl\":\"https:\\\/\\\/www.aics.gov.it\\\/oltremare\\\/wp-content\\\/uploads\\\/2018\\\/08\\\/Locandina-di-Sea-Sorrow-Il-dolore-del-mare.jpg\",\"datePublished\":\"2018-08-02T15:06:36+00:00\",\"dateModified\":\"2018-10-05T15:04:21+00:00\",\"breadcrumb\":{\"@id\":\"https:\\\/\\\/www.aics.gov.it\\\/oltremare\\\/articoli\\\/persone\\\/vanessa-redgrave-europa-accogli-ce-troppo-dolore-in-questo-mare\\\/#breadcrumb\"},\"inLanguage\":\"it-IT\",\"potentialAction\":[{\"@type\":\"ReadAction\",\"target\":[\"https:\\\/\\\/www.aics.gov.it\\\/oltremare\\\/articoli\\\/persone\\\/vanessa-redgrave-europa-accogli-ce-troppo-dolore-in-questo-mare\\\/\"]}]},{\"@type\":\"ImageObject\",\"inLanguage\":\"it-IT\",\"@id\":\"https:\\\/\\\/www.aics.gov.it\\\/oltremare\\\/articoli\\\/persone\\\/vanessa-redgrave-europa-accogli-ce-troppo-dolore-in-questo-mare\\\/#primaryimage\",\"url\":\"https:\\\/\\\/www.aics.gov.it\\\/oltremare\\\/wp-content\\\/uploads\\\/2018\\\/08\\\/Locandina-di-Sea-Sorrow-Il-dolore-del-mare.jpg\",\"contentUrl\":\"https:\\\/\\\/www.aics.gov.it\\\/oltremare\\\/wp-content\\\/uploads\\\/2018\\\/08\\\/Locandina-di-Sea-Sorrow-Il-dolore-del-mare.jpg\",\"width\":420,\"height\":598},{\"@type\":\"BreadcrumbList\",\"@id\":\"https:\\\/\\\/www.aics.gov.it\\\/oltremare\\\/articoli\\\/persone\\\/vanessa-redgrave-europa-accogli-ce-troppo-dolore-in-questo-mare\\\/#breadcrumb\",\"itemListElement\":[{\"@type\":\"ListItem\",\"position\":1,\"name\":\"Home\",\"item\":\"https:\\\/\\\/www.aics.gov.it\\\/oltremare\\\/\"},{\"@type\":\"ListItem\",\"position\":2,\"name\":\"Vanessa Redgrave: \u201cEuropa accogli, c&#8217;\u00e8 troppo dolore in questo mare\u201d\"}]},{\"@type\":\"WebSite\",\"@id\":\"https:\\\/\\\/www.aics.gov.it\\\/oltremare\\\/#website\",\"url\":\"https:\\\/\\\/www.aics.gov.it\\\/oltremare\\\/\",\"name\":\"Oltremare\",\"description\":\"Il Blog della cooperazione\",\"publisher\":{\"@id\":\"https:\\\/\\\/www.aics.gov.it\\\/oltremare\\\/#organization\"},\"potentialAction\":[{\"@type\":\"SearchAction\",\"target\":{\"@type\":\"EntryPoint\",\"urlTemplate\":\"https:\\\/\\\/www.aics.gov.it\\\/oltremare\\\/?s={search_term_string}\"},\"query-input\":{\"@type\":\"PropertyValueSpecification\",\"valueRequired\":true,\"valueName\":\"search_term_string\"}}],\"inLanguage\":\"it-IT\"},{\"@type\":\"Organization\",\"@id\":\"https:\\\/\\\/www.aics.gov.it\\\/oltremare\\\/#organization\",\"name\":\"Agenzia Italiana per la Cooperazione allo Sviluppo\",\"url\":\"https:\\\/\\\/www.aics.gov.it\\\/oltremare\\\/\",\"logo\":{\"@type\":\"ImageObject\",\"inLanguage\":\"it-IT\",\"@id\":\"https:\\\/\\\/www.aics.gov.it\\\/oltremare\\\/#\\\/schema\\\/logo\\\/image\\\/\",\"url\":\"https:\\\/\\\/www.aics.gov.it\\\/oltremare\\\/wp-content\\\/uploads\\\/2018\\\/02\\\/AICS_HEADER_530x130_EC1-e1518178146163.jpg\",\"contentUrl\":\"https:\\\/\\\/www.aics.gov.it\\\/oltremare\\\/wp-content\\\/uploads\\\/2018\\\/02\\\/AICS_HEADER_530x130_EC1-e1518178146163.jpg\",\"width\":300,\"height\":74,\"caption\":\"Agenzia Italiana per la Cooperazione allo Sviluppo\"},\"image\":{\"@id\":\"https:\\\/\\\/www.aics.gov.it\\\/oltremare\\\/#\\\/schema\\\/logo\\\/image\\\/\"},\"sameAs\":[\"https:\\\/\\\/www.facebook.com\\\/Agenzia-Italiana-per-la-Cooperazione-allo-Sviluppo-996004880482735\\\/\",\"https:\\\/\\\/x.com\\\/aics_it\",\"https:\\\/\\\/www.instagram.com\\\/aics_cooperazione_it\\\/\",\"https:\\\/\\\/www.youtube.com\\\/channel\\\/UCbssygnjreKD1Se1mDeCQ5w\"]},{\"@type\":\"Person\",\"@id\":\"https:\\\/\\\/www.aics.gov.it\\\/oltremare\\\/#\\\/schema\\\/person\\\/063c4f74c60040713c4f7cc532521ae1\",\"name\":\"Vincenzo Giardina\",\"image\":{\"@type\":\"ImageObject\",\"inLanguage\":\"it-IT\",\"@id\":\"https:\\\/\\\/secure.gravatar.com\\\/avatar\\\/e368c39b5301ca1e7032008e1f23665d9ca8f9e96c7d4cbde0ab893eb3fd3767?s=96&d=mm&r=g\",\"url\":\"https:\\\/\\\/secure.gravatar.com\\\/avatar\\\/e368c39b5301ca1e7032008e1f23665d9ca8f9e96c7d4cbde0ab893eb3fd3767?s=96&d=mm&r=g\",\"contentUrl\":\"https:\\\/\\\/secure.gravatar.com\\\/avatar\\\/e368c39b5301ca1e7032008e1f23665d9ca8f9e96c7d4cbde0ab893eb3fd3767?s=96&d=mm&r=g\",\"caption\":\"Vincenzo Giardina\"},\"url\":\"https:\\\/\\\/www.aics.gov.it\\\/oltremare\\\/author\\\/vincenzogiardina\\\/\"}]}<\/script>\n<!-- \/ Yoast SEO plugin. -->","yoast_head_json":{"title":"Vanessa Redgrave: \u201cEuropa accogli, c'\u00e8 troppo dolore in questo mare\u201d - Oltremare","robots":{"index":"index","follow":"follow","max-snippet":"max-snippet:-1","max-image-preview":"max-image-preview:large","max-video-preview":"max-video-preview:-1"},"canonical":"https:\/\/www.aics.gov.it\/oltremare\/articoli\/persone\/vanessa-redgrave-europa-accogli-ce-troppo-dolore-in-questo-mare\/","og_locale":"it_IT","og_type":"article","og_title":"Vanessa Redgrave: \u201cEuropa accogli, c'\u00e8 troppo dolore in questo mare\u201d - Oltremare","og_description":"Intervista all\u2019attrice inglese, al debutto da regista con Sea Sorrow \u2013 Il dolore del mare. Il dovere dell\u2019aiuto e l\u2019orrore delle armi. Prima del Leone d\u2019oro alla carriera.","og_url":"https:\/\/www.aics.gov.it\/oltremare\/articoli\/persone\/vanessa-redgrave-europa-accogli-ce-troppo-dolore-in-questo-mare\/","og_site_name":"Oltremare","article_publisher":"https:\/\/www.facebook.com\/Agenzia-Italiana-per-la-Cooperazione-allo-Sviluppo-996004880482735\/","article_published_time":"2018-08-02T15:06:36+00:00","article_modified_time":"2018-10-05T15:04:21+00:00","og_image":[{"url":"https:\/\/www.aics.gov.it\/oltremare\/wp-content\/uploads\/2018\/08\/Locandina-di-Sea-Sorrow-Il-dolore-del-mare.jpg","type":"","width":"","height":""}],"author":"Vincenzo Giardina","twitter_card":"summary_large_image","twitter_creator":"@aics_it","twitter_site":"@aics_it","twitter_misc":{"Scritto da":"Vincenzo Giardina","Tempo di lettura stimato":"4 minuti"},"schema":{"@context":"https:\/\/schema.org","@graph":[{"@type":"Article","@id":"https:\/\/www.aics.gov.it\/oltremare\/articoli\/persone\/vanessa-redgrave-europa-accogli-ce-troppo-dolore-in-questo-mare\/#article","isPartOf":{"@id":"https:\/\/www.aics.gov.it\/oltremare\/articoli\/persone\/vanessa-redgrave-europa-accogli-ce-troppo-dolore-in-questo-mare\/"},"author":{"name":"Vincenzo Giardina","@id":"https:\/\/www.aics.gov.it\/oltremare\/#\/schema\/person\/063c4f74c60040713c4f7cc532521ae1"},"headline":"Vanessa Redgrave: \u201cEuropa accogli, c&#8217;\u00e8 troppo dolore in questo mare\u201d","datePublished":"2018-08-02T15:06:36+00:00","dateModified":"2018-10-05T15:04:21+00:00","mainEntityOfPage":{"@id":"https:\/\/www.aics.gov.it\/oltremare\/articoli\/persone\/vanessa-redgrave-europa-accogli-ce-troppo-dolore-in-questo-mare\/"},"wordCount":776,"commentCount":0,"publisher":{"@id":"https:\/\/www.aics.gov.it\/oltremare\/#organization"},"image":{"@id":"https:\/\/www.aics.gov.it\/oltremare\/articoli\/persone\/vanessa-redgrave-europa-accogli-ce-troppo-dolore-in-questo-mare\/#primaryimage"},"thumbnailUrl":"https:\/\/www.aics.gov.it\/oltremare\/wp-content\/uploads\/2018\/08\/Locandina-di-Sea-Sorrow-Il-dolore-del-mare.jpg","articleSection":["Persone"],"inLanguage":"it-IT","potentialAction":[{"@type":"CommentAction","name":"Comment","target":["https:\/\/www.aics.gov.it\/oltremare\/articoli\/persone\/vanessa-redgrave-europa-accogli-ce-troppo-dolore-in-questo-mare\/#respond"]}]},{"@type":"WebPage","@id":"https:\/\/www.aics.gov.it\/oltremare\/articoli\/persone\/vanessa-redgrave-europa-accogli-ce-troppo-dolore-in-questo-mare\/","url":"https:\/\/www.aics.gov.it\/oltremare\/articoli\/persone\/vanessa-redgrave-europa-accogli-ce-troppo-dolore-in-questo-mare\/","name":"Vanessa Redgrave: \u201cEuropa accogli, c'\u00e8 troppo dolore in questo mare\u201d - Oltremare","isPartOf":{"@id":"https:\/\/www.aics.gov.it\/oltremare\/#website"},"primaryImageOfPage":{"@id":"https:\/\/www.aics.gov.it\/oltremare\/articoli\/persone\/vanessa-redgrave-europa-accogli-ce-troppo-dolore-in-questo-mare\/#primaryimage"},"image":{"@id":"https:\/\/www.aics.gov.it\/oltremare\/articoli\/persone\/vanessa-redgrave-europa-accogli-ce-troppo-dolore-in-questo-mare\/#primaryimage"},"thumbnailUrl":"https:\/\/www.aics.gov.it\/oltremare\/wp-content\/uploads\/2018\/08\/Locandina-di-Sea-Sorrow-Il-dolore-del-mare.jpg","datePublished":"2018-08-02T15:06:36+00:00","dateModified":"2018-10-05T15:04:21+00:00","breadcrumb":{"@id":"https:\/\/www.aics.gov.it\/oltremare\/articoli\/persone\/vanessa-redgrave-europa-accogli-ce-troppo-dolore-in-questo-mare\/#breadcrumb"},"inLanguage":"it-IT","potentialAction":[{"@type":"ReadAction","target":["https:\/\/www.aics.gov.it\/oltremare\/articoli\/persone\/vanessa-redgrave-europa-accogli-ce-troppo-dolore-in-questo-mare\/"]}]},{"@type":"ImageObject","inLanguage":"it-IT","@id":"https:\/\/www.aics.gov.it\/oltremare\/articoli\/persone\/vanessa-redgrave-europa-accogli-ce-troppo-dolore-in-questo-mare\/#primaryimage","url":"https:\/\/www.aics.gov.it\/oltremare\/wp-content\/uploads\/2018\/08\/Locandina-di-Sea-Sorrow-Il-dolore-del-mare.jpg","contentUrl":"https:\/\/www.aics.gov.it\/oltremare\/wp-content\/uploads\/2018\/08\/Locandina-di-Sea-Sorrow-Il-dolore-del-mare.jpg","width":420,"height":598},{"@type":"BreadcrumbList","@id":"https:\/\/www.aics.gov.it\/oltremare\/articoli\/persone\/vanessa-redgrave-europa-accogli-ce-troppo-dolore-in-questo-mare\/#breadcrumb","itemListElement":[{"@type":"ListItem","position":1,"name":"Home","item":"https:\/\/www.aics.gov.it\/oltremare\/"},{"@type":"ListItem","position":2,"name":"Vanessa Redgrave: \u201cEuropa accogli, c&#8217;\u00e8 troppo dolore in questo mare\u201d"}]},{"@type":"WebSite","@id":"https:\/\/www.aics.gov.it\/oltremare\/#website","url":"https:\/\/www.aics.gov.it\/oltremare\/","name":"Oltremare","description":"Il Blog della cooperazione","publisher":{"@id":"https:\/\/www.aics.gov.it\/oltremare\/#organization"},"potentialAction":[{"@type":"SearchAction","target":{"@type":"EntryPoint","urlTemplate":"https:\/\/www.aics.gov.it\/oltremare\/?s={search_term_string}"},"query-input":{"@type":"PropertyValueSpecification","valueRequired":true,"valueName":"search_term_string"}}],"inLanguage":"it-IT"},{"@type":"Organization","@id":"https:\/\/www.aics.gov.it\/oltremare\/#organization","name":"Agenzia Italiana per la Cooperazione allo Sviluppo","url":"https:\/\/www.aics.gov.it\/oltremare\/","logo":{"@type":"ImageObject","inLanguage":"it-IT","@id":"https:\/\/www.aics.gov.it\/oltremare\/#\/schema\/logo\/image\/","url":"https:\/\/www.aics.gov.it\/oltremare\/wp-content\/uploads\/2018\/02\/AICS_HEADER_530x130_EC1-e1518178146163.jpg","contentUrl":"https:\/\/www.aics.gov.it\/oltremare\/wp-content\/uploads\/2018\/02\/AICS_HEADER_530x130_EC1-e1518178146163.jpg","width":300,"height":74,"caption":"Agenzia Italiana per la Cooperazione allo Sviluppo"},"image":{"@id":"https:\/\/www.aics.gov.it\/oltremare\/#\/schema\/logo\/image\/"},"sameAs":["https:\/\/www.facebook.com\/Agenzia-Italiana-per-la-Cooperazione-allo-Sviluppo-996004880482735\/","https:\/\/x.com\/aics_it","https:\/\/www.instagram.com\/aics_cooperazione_it\/","https:\/\/www.youtube.com\/channel\/UCbssygnjreKD1Se1mDeCQ5w"]},{"@type":"Person","@id":"https:\/\/www.aics.gov.it\/oltremare\/#\/schema\/person\/063c4f74c60040713c4f7cc532521ae1","name":"Vincenzo Giardina","image":{"@type":"ImageObject","inLanguage":"it-IT","@id":"https:\/\/secure.gravatar.com\/avatar\/e368c39b5301ca1e7032008e1f23665d9ca8f9e96c7d4cbde0ab893eb3fd3767?s=96&d=mm&r=g","url":"https:\/\/secure.gravatar.com\/avatar\/e368c39b5301ca1e7032008e1f23665d9ca8f9e96c7d4cbde0ab893eb3fd3767?s=96&d=mm&r=g","contentUrl":"https:\/\/secure.gravatar.com\/avatar\/e368c39b5301ca1e7032008e1f23665d9ca8f9e96c7d4cbde0ab893eb3fd3767?s=96&d=mm&r=g","caption":"Vincenzo Giardina"},"url":"https:\/\/www.aics.gov.it\/oltremare\/author\/vincenzogiardina\/"}]}},"_links":{"self":[{"href":"https:\/\/www.aics.gov.it\/oltremare\/wp-json\/wp\/v2\/posts\/7076","targetHints":{"allow":["GET"]}}],"collection":[{"href":"https:\/\/www.aics.gov.it\/oltremare\/wp-json\/wp\/v2\/posts"}],"about":[{"href":"https:\/\/www.aics.gov.it\/oltremare\/wp-json\/wp\/v2\/types\/post"}],"author":[{"embeddable":true,"href":"https:\/\/www.aics.gov.it\/oltremare\/wp-json\/wp\/v2\/users\/5"}],"replies":[{"embeddable":true,"href":"https:\/\/www.aics.gov.it\/oltremare\/wp-json\/wp\/v2\/comments?post=7076"}],"version-history":[{"count":7,"href":"https:\/\/www.aics.gov.it\/oltremare\/wp-json\/wp\/v2\/posts\/7076\/revisions"}],"predecessor-version":[{"id":7384,"href":"https:\/\/www.aics.gov.it\/oltremare\/wp-json\/wp\/v2\/posts\/7076\/revisions\/7384"}],"wp:attachment":[{"href":"https:\/\/www.aics.gov.it\/oltremare\/wp-json\/wp\/v2\/media?parent=7076"}],"wp:term":[{"taxonomy":"category","embeddable":true,"href":"https:\/\/www.aics.gov.it\/oltremare\/wp-json\/wp\/v2\/categories?post=7076"},{"taxonomy":"post_tag","embeddable":true,"href":"https:\/\/www.aics.gov.it\/oltremare\/wp-json\/wp\/v2\/tags?post=7076"}],"curies":[{"name":"wp","href":"https:\/\/api.w.org\/{rel}","templated":true}]}}