{"id":7286,"date":"2018-10-01T15:32:49","date_gmt":"2018-10-01T13:32:49","guid":{"rendered":"https:\/\/www.aics.gov.it\/oltremare\/?p=7286"},"modified":"2018-10-05T17:45:56","modified_gmt":"2018-10-05T15:45:56","slug":"khalid-albaih-cresce-lafrica-delle-vignette-e-ride-dei-potenti","status":"publish","type":"post","link":"https:\/\/www.aics.gov.it\/oltremare\/articoli\/persone\/khalid-albaih-cresce-lafrica-delle-vignette-e-ride-dei-potenti\/","title":{"rendered":"Khalid Albaih: cresce l\u2019Africa delle vignette, e ride dei potenti"},"content":{"rendered":"<p>Le sue caricature sono finite sui muri della rivoluzione, da Tunisi al Cairo, divenendo simbolo di una \u201cprimavera araba\u201d. Parla Khalid Albaih, sudanese e cittadino del mondo.<\/p>\n<p><!--more--><\/p>\n<p>\u201cQuando la gente oser\u00e0 guardare le caricature dei potenti sui muri delle strade i dittatori avranno i giorni contati\u201d scandisce Khalid Albaih, vignettista sudanese in esilio, gi\u00e0 nella classifica delle cento personalit\u00e0 pi\u00f9 influenti dell\u2019Africa. \u00c8 nato in Romania ma\u00a0parla da Copenaghen, dove \u00e8 arrivato dal Qatar ospite della rete di protezione International Cities of Refuge Network (Icorn).<\/p>\n<p>I suoi disegni, con i fumetti e le caricature, sono stati pubblicati su quotidiani come il Guardian, riviste come The Atlantic, emittenti come Al Jazeera e Bbc. Al suo lavoro sono state dedicate mostre dalla Germania all\u2019India, dall\u2019Inghilterra al Canada. E le sue vignette sono state riprodotte sui muri del Cairo e di Beirut, ispirando giovani e rivoluzionari dallo Yemen alla Tunisia.<\/p>\n<p>Albaih ripercorre la storia di famiglia, con la madre attivista per i diritti umani e il padre diplomatico licenziato dopo l\u2019arrivo al potere nel 1989 di Omar Hassan Al-Bashir. Accenna anche a uno dei suoi primi supereroi, Supernamusa, zanzara in missione per liberare il Sudan dalla malaria. E poi ci sono le fonti di ispirazione, come Naji Al-Ali, il vignettista palestinese assassinato a Londra nel 1987, dopo aver denunciato l\u2019occupazione israeliana ma anche le colpe dei governanti arabi.<\/p>\n<p>&nbsp;<\/p>\n\n\t\t<div class=\"aigpl-gallery aigpl-gallery-wrp aigpl-gallery-grid aigpl-clearfix aigpl-design-1 aigpl-popup-gallery \" id=\"aigpl-gallery-1\">\n\n\t\t<div class=\"aigpl-cnt-wrp aigpl-col-4 aigpl-columns aigpl-first\"  data-item-index=\"1\">\n\t<div class=\"aigpl-inr-wrp\">\n\t\t<div class=\"aigpl-img-wrp\" style=\"height:150px;\">\n\t\t\t\t\t\t<a class=\"aigpl-img-link\" href=\"https:\/\/www.aics.gov.it\/oltremare\/wp-content\/uploads\/2018\/09\/camp.jpg\" target=\"_self\">\n\t\t\t\t<img decoding=\"async\" class=\"aigpl-img\" src=\"https:\/\/www.aics.gov.it\/oltremare\/wp-content\/uploads\/2018\/09\/camp.jpg\" title=\"camp\" alt=\"\" \/>\n\t\t\t<\/a>\n\t\t\t\t\t\t\t\t<\/div>\n\n\t\t\n\t\t\n\t\t\n\t<\/div>\n<\/div><div class=\"aigpl-cnt-wrp aigpl-col-4 aigpl-columns\"  data-item-index=\"2\">\n\t<div class=\"aigpl-inr-wrp\">\n\t\t<div class=\"aigpl-img-wrp\" style=\"height:150px;\">\n\t\t\t\t\t\t<a class=\"aigpl-img-link\" href=\"https:\/\/www.aics.gov.it\/oltremare\/wp-content\/uploads\/2018\/09\/EU-Jesus.jpg\" target=\"_self\">\n\t\t\t\t<img decoding=\"async\" class=\"aigpl-img\" src=\"https:\/\/www.aics.gov.it\/oltremare\/wp-content\/uploads\/2018\/09\/EU-Jesus.jpg\" title=\"EU-Jesus\" alt=\"\" \/>\n\t\t\t<\/a>\n\t\t\t\t\t\t\t\t<\/div>\n\n\t\t\n\t\t\n\t\t\n\t<\/div>\n<\/div><div class=\"aigpl-cnt-wrp aigpl-col-4 aigpl-columns\"  data-item-index=\"3\">\n\t<div class=\"aigpl-inr-wrp\">\n\t\t<div class=\"aigpl-img-wrp\" style=\"height:150px;\">\n\t\t\t\t\t\t<a class=\"aigpl-img-link\" href=\"https:\/\/www.aics.gov.it\/oltremare\/wp-content\/uploads\/2018\/09\/golf.jpg\" target=\"_self\">\n\t\t\t\t<img decoding=\"async\" class=\"aigpl-img\" src=\"https:\/\/www.aics.gov.it\/oltremare\/wp-content\/uploads\/2018\/09\/golf.jpg\" title=\"golf\" alt=\"\" \/>\n\t\t\t<\/a>\n\t\t\t\t\t\t\t\t<\/div>\n\n\t\t\n\t\t\n\t\t\n\t<\/div>\n<\/div><div class=\"aigpl-cnt-wrp aigpl-col-4 aigpl-columns\"  data-item-index=\"4\">\n\t<div class=\"aigpl-inr-wrp\">\n\t\t<div class=\"aigpl-img-wrp\" style=\"height:150px;\">\n\t\t\t\t\t\t<a class=\"aigpl-img-link\" href=\"https:\/\/www.aics.gov.it\/oltremare\/wp-content\/uploads\/2018\/09\/School-Kids-shots-by-goverment-forces-in-Sudan.jpg\" target=\"_self\">\n\t\t\t\t<img decoding=\"async\" class=\"aigpl-img\" src=\"https:\/\/www.aics.gov.it\/oltremare\/wp-content\/uploads\/2018\/09\/School-Kids-shots-by-goverment-forces-in-Sudan.jpg\" title=\"School-Kids-shots-by-goverment-forces-in-Sudan\" alt=\"\" \/>\n\t\t\t<\/a>\n\t\t\t\t\t\t\t\t<\/div>\n\n\t\t\n\t\t\n\t\t\n\t<\/div>\n<\/div>\t\t<\/div>\n\t\n<p>&nbsp;<\/p>\n<p><strong>Albaih, cominciamo dall\u2019Africa. Ci sono state le cause milionarie per diffamazione contro Jonathan Shapiro, in arte Zapiro, in Sudafrica; poi Godfrey \u201cGado\u201d Mwampembwa \u00e8 stato licenziato dal principale quotidiano del Kenya per le pressioni di politici e imprenditori: non \u00e8 un continente per vignettisti?<\/strong><\/p>\n<blockquote><p>\u201cRispondere non \u00e8 cos\u00ec facile. Dipende dai Paesi. In Sudan certo le cose vanno male, anche per la libert\u00e0 di stampa. Il governo ha il potere assoluto di confiscare giornali e riviste. E se la censura non colpisce prima, c\u2019\u00e8 il sequestro dopo la pubblicazione: un colpo ancora pi\u00f9 duro per gli editori, che perdono anche i soldi spesi per stampare. \u00c8 una tecnica per fare ancora pi\u00f9 male ed esercitare pressioni ancora pi\u00f9 forti. Il contesto, per i vignettisti sudanesi, \u00e8 questo. Affrontano temi di attualit\u00e0, come i blackout elettrici o i rubinetti a secco, ma non possono denunciare la corruzione di politici e funzionari. Poi ci sono artisti coraggiosi, che cercano di diffondere i loro disegni online. Ma se non sei all\u2019estero non puoi farlo. Anzi, in realt\u00e0, possono inseguirti anche l\u00ec. In Africa spesso la satira \u00e8 vissuta come una minaccia. Se ridi significa che non hai paura e i governanti hanno bisogno della paura. Per loro la paura significa rispetto e allora credono che sia indispensabile. Parlo per molti Paesi africani e arabi che conosco. Ma non dappertutto \u00e8 uguale. In Sudafrica Zapiro \u00e8 stato denunciato per diffamazione dal presidente Jacob Zuma, ma non \u00e8 finito in carcere\u201d.<\/p><\/blockquote>\n<p><strong>Lei non ha un editore\u2026<\/strong><\/p>\n<blockquote><p>\u201cNon l\u2019ho mai avuto e ne sono orgoglioso. Lavoro online e i miei fumetti possono essere utilizzati liberamente. Una volta ho fatto un disegno su un alto responsabile della Difesa, che ha poi assunto la carica di sindaco di Khartoum. Suo cognato mi ha chiamato al telefono e mi ha minacciato. \u00c8 stata l\u2019ultima conferma: per loro non critico la politica ma la persona\u201d.<\/p><\/blockquote>\n<p><strong>Rispetto al suo lavoro, in passato, ha detto di voler unire e non dividere, far riflettere e costruire ponti. Ma la satira non \u00e8 per sua natura atto d\u2019accusa?<\/strong><\/p>\n<blockquote><p>\u201cVoglio costruire ponti, \u00e8 vero, ma questo non vuol dire che non dica la mia. Penso sia necessario offrire prospettive differenti, ma anche che non \u00e8 necessario offendere. Mi interessa parlare di questioni concrete. Lo faccio con i disegni, che sono come un articolo breve, che affronta i problemi, pone domande, magari utili ad avviare un dialogo. Ecco: cerco di far parlare le persone, di creare una piattaforma di dialogo\u201d.<\/p><\/blockquote>\n<p><strong>Il pubblico delle vignette in Africa sta crescendo?<\/strong><\/p>\n<blockquote><p>\u201cS\u00ec, \u00e8 gi\u00e0 cresciuto, a partire dalla Primavera araba del 2011. Ci sono tanti africani che realizzano software all\u2019avanguardia e fanno innovazione. E c\u2019\u00e8 un boom artistico, sotto il segno della creativit\u00e0. Le vignette su Hosni Mubarak e Muammar Gheddafi comparvero sui muri per dire: \u2018La paura \u00e8 finita\u2019. Oggi il mio lavoro \u00e8 online e dallo Yemen all\u2019Egitto gli attivisti ne traggono ispirazione e lo riutilizzano: \u00e8 questo il bello di internet. Credo nell\u2019\u2018open source\u2019 e i miei disegni possono essere riprodotti liberamente a condizione che poi non siano venduti per realizzare un profitto\u201d.<\/p><\/blockquote>\n<p><strong>Ci racconta di un nuovo progetto?<\/strong><\/p>\n<blockquote><p>\u201cSono stato blogger e ho lavorato su internet per anni. Ho sentito allora l\u2019esigenza di uscire dal web e di tornare, diciamo cos\u00ec, nel mondo di fuori. L\u2019ultima idea \u00e8 stata un film sui rifugiati che fosse girato dai soccorritori o dai migranti stessi. Ho raccolto clip e realizzato una video-installazione: si chiama \u201cBahar\u201d, che in arabo vuol dire \u2018mare\u2019. \u00c8 stata gi\u00e0 vista negli Stati Uniti, ad Harvard, in Giappone, Svezia e Danimarca\u201d.<\/p><\/blockquote>\n","protected":false},"excerpt":{"rendered":"<p>Le sue caricature sono finite sui muri della rivoluzione, da Tunisi al Cairo, divenendo simbolo di una \u201cprimavera araba\u201d. Parla Khalid Albaih, sudanese e cittadino del mondo.<\/p>\n","protected":false},"author":5,"featured_media":7296,"comment_status":"open","ping_status":"open","sticky":false,"template":"","format":"standard","meta":{"footnotes":""},"categories":[136],"tags":[],"class_list":["post-7286","post","type-post","status-publish","format-standard","has-post-thumbnail","hentry","category-persone"],"yoast_head":"<!-- This site is optimized with the Yoast SEO plugin v27.5 - https:\/\/yoast.com\/product\/yoast-seo-wordpress\/ -->\n<title>Khalid Albaih: cresce l\u2019Africa delle vignette, e ride dei potenti - Oltremare<\/title>\n<meta name=\"robots\" content=\"index, follow, max-snippet:-1, max-image-preview:large, max-video-preview:-1\" \/>\n<link rel=\"canonical\" href=\"https:\/\/www.aics.gov.it\/oltremare\/articoli\/persone\/khalid-albaih-cresce-lafrica-delle-vignette-e-ride-dei-potenti\/\" \/>\n<meta property=\"og:locale\" content=\"it_IT\" \/>\n<meta property=\"og:type\" content=\"article\" \/>\n<meta property=\"og:title\" content=\"Khalid Albaih: cresce l\u2019Africa delle vignette, e ride dei potenti - Oltremare\" \/>\n<meta property=\"og:description\" content=\"Le sue caricature sono finite sui muri della rivoluzione, da Tunisi al Cairo, divenendo simbolo di una \u201cprimavera araba\u201d. Parla Khalid Albaih, sudanese e cittadino del mondo.\" \/>\n<meta property=\"og:url\" content=\"https:\/\/www.aics.gov.it\/oltremare\/articoli\/persone\/khalid-albaih-cresce-lafrica-delle-vignette-e-ride-dei-potenti\/\" \/>\n<meta property=\"og:site_name\" content=\"Oltremare\" \/>\n<meta property=\"article:publisher\" content=\"https:\/\/www.facebook.com\/Agenzia-Italiana-per-la-Cooperazione-allo-Sviluppo-996004880482735\/\" \/>\n<meta property=\"article:published_time\" content=\"2018-10-01T13:32:49+00:00\" \/>\n<meta property=\"article:modified_time\" content=\"2018-10-05T15:45:56+00:00\" \/>\n<meta property=\"og:image\" content=\"https:\/\/www.aics.gov.it\/oltremare\/wp-content\/uploads\/2018\/09\/IMG_4728.jpg\" \/>\n\t<meta property=\"og:image:width\" content=\"1079\" \/>\n\t<meta property=\"og:image:height\" content=\"653\" \/>\n\t<meta property=\"og:image:type\" content=\"image\/jpeg\" \/>\n<meta name=\"author\" content=\"Vincenzo Giardina\" \/>\n<meta name=\"twitter:card\" content=\"summary_large_image\" \/>\n<meta name=\"twitter:creator\" content=\"@aics_it\" \/>\n<meta name=\"twitter:site\" content=\"@aics_it\" \/>\n<meta name=\"twitter:label1\" content=\"Scritto da\" \/>\n\t<meta name=\"twitter:data1\" content=\"Vincenzo Giardina\" \/>\n\t<meta name=\"twitter:label2\" content=\"Tempo di lettura stimato\" \/>\n\t<meta name=\"twitter:data2\" content=\"4 minuti\" \/>\n<script type=\"application\/ld+json\" class=\"yoast-schema-graph\">{\"@context\":\"https:\\\/\\\/schema.org\",\"@graph\":[{\"@type\":\"Article\",\"@id\":\"https:\\\/\\\/www.aics.gov.it\\\/oltremare\\\/articoli\\\/persone\\\/khalid-albaih-cresce-lafrica-delle-vignette-e-ride-dei-potenti\\\/#article\",\"isPartOf\":{\"@id\":\"https:\\\/\\\/www.aics.gov.it\\\/oltremare\\\/articoli\\\/persone\\\/khalid-albaih-cresce-lafrica-delle-vignette-e-ride-dei-potenti\\\/\"},\"author\":{\"name\":\"Vincenzo Giardina\",\"@id\":\"https:\\\/\\\/www.aics.gov.it\\\/oltremare\\\/#\\\/schema\\\/person\\\/063c4f74c60040713c4f7cc532521ae1\"},\"headline\":\"Khalid Albaih: cresce l\u2019Africa delle vignette, e ride dei potenti\",\"datePublished\":\"2018-10-01T13:32:49+00:00\",\"dateModified\":\"2018-10-05T15:45:56+00:00\",\"mainEntityOfPage\":{\"@id\":\"https:\\\/\\\/www.aics.gov.it\\\/oltremare\\\/articoli\\\/persone\\\/khalid-albaih-cresce-lafrica-delle-vignette-e-ride-dei-potenti\\\/\"},\"wordCount\":832,\"commentCount\":0,\"publisher\":{\"@id\":\"https:\\\/\\\/www.aics.gov.it\\\/oltremare\\\/#organization\"},\"image\":{\"@id\":\"https:\\\/\\\/www.aics.gov.it\\\/oltremare\\\/articoli\\\/persone\\\/khalid-albaih-cresce-lafrica-delle-vignette-e-ride-dei-potenti\\\/#primaryimage\"},\"thumbnailUrl\":\"https:\\\/\\\/www.aics.gov.it\\\/oltremare\\\/wp-content\\\/uploads\\\/2018\\\/09\\\/IMG_4728.jpg\",\"articleSection\":[\"Persone\"],\"inLanguage\":\"it-IT\",\"potentialAction\":[{\"@type\":\"CommentAction\",\"name\":\"Comment\",\"target\":[\"https:\\\/\\\/www.aics.gov.it\\\/oltremare\\\/articoli\\\/persone\\\/khalid-albaih-cresce-lafrica-delle-vignette-e-ride-dei-potenti\\\/#respond\"]}]},{\"@type\":\"WebPage\",\"@id\":\"https:\\\/\\\/www.aics.gov.it\\\/oltremare\\\/articoli\\\/persone\\\/khalid-albaih-cresce-lafrica-delle-vignette-e-ride-dei-potenti\\\/\",\"url\":\"https:\\\/\\\/www.aics.gov.it\\\/oltremare\\\/articoli\\\/persone\\\/khalid-albaih-cresce-lafrica-delle-vignette-e-ride-dei-potenti\\\/\",\"name\":\"Khalid Albaih: cresce l\u2019Africa delle vignette, e ride dei potenti - Oltremare\",\"isPartOf\":{\"@id\":\"https:\\\/\\\/www.aics.gov.it\\\/oltremare\\\/#website\"},\"primaryImageOfPage\":{\"@id\":\"https:\\\/\\\/www.aics.gov.it\\\/oltremare\\\/articoli\\\/persone\\\/khalid-albaih-cresce-lafrica-delle-vignette-e-ride-dei-potenti\\\/#primaryimage\"},\"image\":{\"@id\":\"https:\\\/\\\/www.aics.gov.it\\\/oltremare\\\/articoli\\\/persone\\\/khalid-albaih-cresce-lafrica-delle-vignette-e-ride-dei-potenti\\\/#primaryimage\"},\"thumbnailUrl\":\"https:\\\/\\\/www.aics.gov.it\\\/oltremare\\\/wp-content\\\/uploads\\\/2018\\\/09\\\/IMG_4728.jpg\",\"datePublished\":\"2018-10-01T13:32:49+00:00\",\"dateModified\":\"2018-10-05T15:45:56+00:00\",\"breadcrumb\":{\"@id\":\"https:\\\/\\\/www.aics.gov.it\\\/oltremare\\\/articoli\\\/persone\\\/khalid-albaih-cresce-lafrica-delle-vignette-e-ride-dei-potenti\\\/#breadcrumb\"},\"inLanguage\":\"it-IT\",\"potentialAction\":[{\"@type\":\"ReadAction\",\"target\":[\"https:\\\/\\\/www.aics.gov.it\\\/oltremare\\\/articoli\\\/persone\\\/khalid-albaih-cresce-lafrica-delle-vignette-e-ride-dei-potenti\\\/\"]}]},{\"@type\":\"ImageObject\",\"inLanguage\":\"it-IT\",\"@id\":\"https:\\\/\\\/www.aics.gov.it\\\/oltremare\\\/articoli\\\/persone\\\/khalid-albaih-cresce-lafrica-delle-vignette-e-ride-dei-potenti\\\/#primaryimage\",\"url\":\"https:\\\/\\\/www.aics.gov.it\\\/oltremare\\\/wp-content\\\/uploads\\\/2018\\\/09\\\/IMG_4728.jpg\",\"contentUrl\":\"https:\\\/\\\/www.aics.gov.it\\\/oltremare\\\/wp-content\\\/uploads\\\/2018\\\/09\\\/IMG_4728.jpg\",\"width\":1079,\"height\":653},{\"@type\":\"BreadcrumbList\",\"@id\":\"https:\\\/\\\/www.aics.gov.it\\\/oltremare\\\/articoli\\\/persone\\\/khalid-albaih-cresce-lafrica-delle-vignette-e-ride-dei-potenti\\\/#breadcrumb\",\"itemListElement\":[{\"@type\":\"ListItem\",\"position\":1,\"name\":\"Home\",\"item\":\"https:\\\/\\\/www.aics.gov.it\\\/oltremare\\\/\"},{\"@type\":\"ListItem\",\"position\":2,\"name\":\"Khalid Albaih: cresce l\u2019Africa delle vignette, e ride dei potenti\"}]},{\"@type\":\"WebSite\",\"@id\":\"https:\\\/\\\/www.aics.gov.it\\\/oltremare\\\/#website\",\"url\":\"https:\\\/\\\/www.aics.gov.it\\\/oltremare\\\/\",\"name\":\"Oltremare\",\"description\":\"Il Blog della cooperazione\",\"publisher\":{\"@id\":\"https:\\\/\\\/www.aics.gov.it\\\/oltremare\\\/#organization\"},\"potentialAction\":[{\"@type\":\"SearchAction\",\"target\":{\"@type\":\"EntryPoint\",\"urlTemplate\":\"https:\\\/\\\/www.aics.gov.it\\\/oltremare\\\/?s={search_term_string}\"},\"query-input\":{\"@type\":\"PropertyValueSpecification\",\"valueRequired\":true,\"valueName\":\"search_term_string\"}}],\"inLanguage\":\"it-IT\"},{\"@type\":\"Organization\",\"@id\":\"https:\\\/\\\/www.aics.gov.it\\\/oltremare\\\/#organization\",\"name\":\"Agenzia Italiana per la Cooperazione allo Sviluppo\",\"url\":\"https:\\\/\\\/www.aics.gov.it\\\/oltremare\\\/\",\"logo\":{\"@type\":\"ImageObject\",\"inLanguage\":\"it-IT\",\"@id\":\"https:\\\/\\\/www.aics.gov.it\\\/oltremare\\\/#\\\/schema\\\/logo\\\/image\\\/\",\"url\":\"https:\\\/\\\/www.aics.gov.it\\\/oltremare\\\/wp-content\\\/uploads\\\/2018\\\/02\\\/AICS_HEADER_530x130_EC1-e1518178146163.jpg\",\"contentUrl\":\"https:\\\/\\\/www.aics.gov.it\\\/oltremare\\\/wp-content\\\/uploads\\\/2018\\\/02\\\/AICS_HEADER_530x130_EC1-e1518178146163.jpg\",\"width\":300,\"height\":74,\"caption\":\"Agenzia Italiana per la Cooperazione allo Sviluppo\"},\"image\":{\"@id\":\"https:\\\/\\\/www.aics.gov.it\\\/oltremare\\\/#\\\/schema\\\/logo\\\/image\\\/\"},\"sameAs\":[\"https:\\\/\\\/www.facebook.com\\\/Agenzia-Italiana-per-la-Cooperazione-allo-Sviluppo-996004880482735\\\/\",\"https:\\\/\\\/x.com\\\/aics_it\",\"https:\\\/\\\/www.instagram.com\\\/aics_cooperazione_it\\\/\",\"https:\\\/\\\/www.youtube.com\\\/channel\\\/UCbssygnjreKD1Se1mDeCQ5w\"]},{\"@type\":\"Person\",\"@id\":\"https:\\\/\\\/www.aics.gov.it\\\/oltremare\\\/#\\\/schema\\\/person\\\/063c4f74c60040713c4f7cc532521ae1\",\"name\":\"Vincenzo Giardina\",\"image\":{\"@type\":\"ImageObject\",\"inLanguage\":\"it-IT\",\"@id\":\"https:\\\/\\\/secure.gravatar.com\\\/avatar\\\/e368c39b5301ca1e7032008e1f23665d9ca8f9e96c7d4cbde0ab893eb3fd3767?s=96&d=mm&r=g\",\"url\":\"https:\\\/\\\/secure.gravatar.com\\\/avatar\\\/e368c39b5301ca1e7032008e1f23665d9ca8f9e96c7d4cbde0ab893eb3fd3767?s=96&d=mm&r=g\",\"contentUrl\":\"https:\\\/\\\/secure.gravatar.com\\\/avatar\\\/e368c39b5301ca1e7032008e1f23665d9ca8f9e96c7d4cbde0ab893eb3fd3767?s=96&d=mm&r=g\",\"caption\":\"Vincenzo Giardina\"},\"url\":\"https:\\\/\\\/www.aics.gov.it\\\/oltremare\\\/author\\\/vincenzogiardina\\\/\"}]}<\/script>\n<!-- \/ Yoast SEO plugin. -->","yoast_head_json":{"title":"Khalid Albaih: cresce l\u2019Africa delle vignette, e ride dei potenti - Oltremare","robots":{"index":"index","follow":"follow","max-snippet":"max-snippet:-1","max-image-preview":"max-image-preview:large","max-video-preview":"max-video-preview:-1"},"canonical":"https:\/\/www.aics.gov.it\/oltremare\/articoli\/persone\/khalid-albaih-cresce-lafrica-delle-vignette-e-ride-dei-potenti\/","og_locale":"it_IT","og_type":"article","og_title":"Khalid Albaih: cresce l\u2019Africa delle vignette, e ride dei potenti - Oltremare","og_description":"Le sue caricature sono finite sui muri della rivoluzione, da Tunisi al Cairo, divenendo simbolo di una \u201cprimavera araba\u201d. Parla Khalid Albaih, sudanese e cittadino del mondo.","og_url":"https:\/\/www.aics.gov.it\/oltremare\/articoli\/persone\/khalid-albaih-cresce-lafrica-delle-vignette-e-ride-dei-potenti\/","og_site_name":"Oltremare","article_publisher":"https:\/\/www.facebook.com\/Agenzia-Italiana-per-la-Cooperazione-allo-Sviluppo-996004880482735\/","article_published_time":"2018-10-01T13:32:49+00:00","article_modified_time":"2018-10-05T15:45:56+00:00","og_image":[{"width":1079,"height":653,"url":"https:\/\/www.aics.gov.it\/oltremare\/wp-content\/uploads\/2018\/09\/IMG_4728.jpg","type":"image\/jpeg"}],"author":"Vincenzo Giardina","twitter_card":"summary_large_image","twitter_creator":"@aics_it","twitter_site":"@aics_it","twitter_misc":{"Scritto da":"Vincenzo Giardina","Tempo di lettura stimato":"4 minuti"},"schema":{"@context":"https:\/\/schema.org","@graph":[{"@type":"Article","@id":"https:\/\/www.aics.gov.it\/oltremare\/articoli\/persone\/khalid-albaih-cresce-lafrica-delle-vignette-e-ride-dei-potenti\/#article","isPartOf":{"@id":"https:\/\/www.aics.gov.it\/oltremare\/articoli\/persone\/khalid-albaih-cresce-lafrica-delle-vignette-e-ride-dei-potenti\/"},"author":{"name":"Vincenzo Giardina","@id":"https:\/\/www.aics.gov.it\/oltremare\/#\/schema\/person\/063c4f74c60040713c4f7cc532521ae1"},"headline":"Khalid Albaih: cresce l\u2019Africa delle vignette, e ride dei potenti","datePublished":"2018-10-01T13:32:49+00:00","dateModified":"2018-10-05T15:45:56+00:00","mainEntityOfPage":{"@id":"https:\/\/www.aics.gov.it\/oltremare\/articoli\/persone\/khalid-albaih-cresce-lafrica-delle-vignette-e-ride-dei-potenti\/"},"wordCount":832,"commentCount":0,"publisher":{"@id":"https:\/\/www.aics.gov.it\/oltremare\/#organization"},"image":{"@id":"https:\/\/www.aics.gov.it\/oltremare\/articoli\/persone\/khalid-albaih-cresce-lafrica-delle-vignette-e-ride-dei-potenti\/#primaryimage"},"thumbnailUrl":"https:\/\/www.aics.gov.it\/oltremare\/wp-content\/uploads\/2018\/09\/IMG_4728.jpg","articleSection":["Persone"],"inLanguage":"it-IT","potentialAction":[{"@type":"CommentAction","name":"Comment","target":["https:\/\/www.aics.gov.it\/oltremare\/articoli\/persone\/khalid-albaih-cresce-lafrica-delle-vignette-e-ride-dei-potenti\/#respond"]}]},{"@type":"WebPage","@id":"https:\/\/www.aics.gov.it\/oltremare\/articoli\/persone\/khalid-albaih-cresce-lafrica-delle-vignette-e-ride-dei-potenti\/","url":"https:\/\/www.aics.gov.it\/oltremare\/articoli\/persone\/khalid-albaih-cresce-lafrica-delle-vignette-e-ride-dei-potenti\/","name":"Khalid Albaih: cresce l\u2019Africa delle vignette, e ride dei potenti - Oltremare","isPartOf":{"@id":"https:\/\/www.aics.gov.it\/oltremare\/#website"},"primaryImageOfPage":{"@id":"https:\/\/www.aics.gov.it\/oltremare\/articoli\/persone\/khalid-albaih-cresce-lafrica-delle-vignette-e-ride-dei-potenti\/#primaryimage"},"image":{"@id":"https:\/\/www.aics.gov.it\/oltremare\/articoli\/persone\/khalid-albaih-cresce-lafrica-delle-vignette-e-ride-dei-potenti\/#primaryimage"},"thumbnailUrl":"https:\/\/www.aics.gov.it\/oltremare\/wp-content\/uploads\/2018\/09\/IMG_4728.jpg","datePublished":"2018-10-01T13:32:49+00:00","dateModified":"2018-10-05T15:45:56+00:00","breadcrumb":{"@id":"https:\/\/www.aics.gov.it\/oltremare\/articoli\/persone\/khalid-albaih-cresce-lafrica-delle-vignette-e-ride-dei-potenti\/#breadcrumb"},"inLanguage":"it-IT","potentialAction":[{"@type":"ReadAction","target":["https:\/\/www.aics.gov.it\/oltremare\/articoli\/persone\/khalid-albaih-cresce-lafrica-delle-vignette-e-ride-dei-potenti\/"]}]},{"@type":"ImageObject","inLanguage":"it-IT","@id":"https:\/\/www.aics.gov.it\/oltremare\/articoli\/persone\/khalid-albaih-cresce-lafrica-delle-vignette-e-ride-dei-potenti\/#primaryimage","url":"https:\/\/www.aics.gov.it\/oltremare\/wp-content\/uploads\/2018\/09\/IMG_4728.jpg","contentUrl":"https:\/\/www.aics.gov.it\/oltremare\/wp-content\/uploads\/2018\/09\/IMG_4728.jpg","width":1079,"height":653},{"@type":"BreadcrumbList","@id":"https:\/\/www.aics.gov.it\/oltremare\/articoli\/persone\/khalid-albaih-cresce-lafrica-delle-vignette-e-ride-dei-potenti\/#breadcrumb","itemListElement":[{"@type":"ListItem","position":1,"name":"Home","item":"https:\/\/www.aics.gov.it\/oltremare\/"},{"@type":"ListItem","position":2,"name":"Khalid Albaih: cresce l\u2019Africa delle vignette, e ride dei potenti"}]},{"@type":"WebSite","@id":"https:\/\/www.aics.gov.it\/oltremare\/#website","url":"https:\/\/www.aics.gov.it\/oltremare\/","name":"Oltremare","description":"Il Blog della cooperazione","publisher":{"@id":"https:\/\/www.aics.gov.it\/oltremare\/#organization"},"potentialAction":[{"@type":"SearchAction","target":{"@type":"EntryPoint","urlTemplate":"https:\/\/www.aics.gov.it\/oltremare\/?s={search_term_string}"},"query-input":{"@type":"PropertyValueSpecification","valueRequired":true,"valueName":"search_term_string"}}],"inLanguage":"it-IT"},{"@type":"Organization","@id":"https:\/\/www.aics.gov.it\/oltremare\/#organization","name":"Agenzia Italiana per la Cooperazione allo Sviluppo","url":"https:\/\/www.aics.gov.it\/oltremare\/","logo":{"@type":"ImageObject","inLanguage":"it-IT","@id":"https:\/\/www.aics.gov.it\/oltremare\/#\/schema\/logo\/image\/","url":"https:\/\/www.aics.gov.it\/oltremare\/wp-content\/uploads\/2018\/02\/AICS_HEADER_530x130_EC1-e1518178146163.jpg","contentUrl":"https:\/\/www.aics.gov.it\/oltremare\/wp-content\/uploads\/2018\/02\/AICS_HEADER_530x130_EC1-e1518178146163.jpg","width":300,"height":74,"caption":"Agenzia Italiana per la Cooperazione allo Sviluppo"},"image":{"@id":"https:\/\/www.aics.gov.it\/oltremare\/#\/schema\/logo\/image\/"},"sameAs":["https:\/\/www.facebook.com\/Agenzia-Italiana-per-la-Cooperazione-allo-Sviluppo-996004880482735\/","https:\/\/x.com\/aics_it","https:\/\/www.instagram.com\/aics_cooperazione_it\/","https:\/\/www.youtube.com\/channel\/UCbssygnjreKD1Se1mDeCQ5w"]},{"@type":"Person","@id":"https:\/\/www.aics.gov.it\/oltremare\/#\/schema\/person\/063c4f74c60040713c4f7cc532521ae1","name":"Vincenzo Giardina","image":{"@type":"ImageObject","inLanguage":"it-IT","@id":"https:\/\/secure.gravatar.com\/avatar\/e368c39b5301ca1e7032008e1f23665d9ca8f9e96c7d4cbde0ab893eb3fd3767?s=96&d=mm&r=g","url":"https:\/\/secure.gravatar.com\/avatar\/e368c39b5301ca1e7032008e1f23665d9ca8f9e96c7d4cbde0ab893eb3fd3767?s=96&d=mm&r=g","contentUrl":"https:\/\/secure.gravatar.com\/avatar\/e368c39b5301ca1e7032008e1f23665d9ca8f9e96c7d4cbde0ab893eb3fd3767?s=96&d=mm&r=g","caption":"Vincenzo Giardina"},"url":"https:\/\/www.aics.gov.it\/oltremare\/author\/vincenzogiardina\/"}]}},"_links":{"self":[{"href":"https:\/\/www.aics.gov.it\/oltremare\/wp-json\/wp\/v2\/posts\/7286","targetHints":{"allow":["GET"]}}],"collection":[{"href":"https:\/\/www.aics.gov.it\/oltremare\/wp-json\/wp\/v2\/posts"}],"about":[{"href":"https:\/\/www.aics.gov.it\/oltremare\/wp-json\/wp\/v2\/types\/post"}],"author":[{"embeddable":true,"href":"https:\/\/www.aics.gov.it\/oltremare\/wp-json\/wp\/v2\/users\/5"}],"replies":[{"embeddable":true,"href":"https:\/\/www.aics.gov.it\/oltremare\/wp-json\/wp\/v2\/comments?post=7286"}],"version-history":[{"count":5,"href":"https:\/\/www.aics.gov.it\/oltremare\/wp-json\/wp\/v2\/posts\/7286\/revisions"}],"predecessor-version":[{"id":7378,"href":"https:\/\/www.aics.gov.it\/oltremare\/wp-json\/wp\/v2\/posts\/7286\/revisions\/7378"}],"wp:featuredmedia":[{"embeddable":true,"href":"https:\/\/www.aics.gov.it\/oltremare\/wp-json\/wp\/v2\/media\/7296"}],"wp:attachment":[{"href":"https:\/\/www.aics.gov.it\/oltremare\/wp-json\/wp\/v2\/media?parent=7286"}],"wp:term":[{"taxonomy":"category","embeddable":true,"href":"https:\/\/www.aics.gov.it\/oltremare\/wp-json\/wp\/v2\/categories?post=7286"},{"taxonomy":"post_tag","embeddable":true,"href":"https:\/\/www.aics.gov.it\/oltremare\/wp-json\/wp\/v2\/tags?post=7286"}],"curies":[{"name":"wp","href":"https:\/\/api.w.org\/{rel}","templated":true}]}}