{"id":7669,"date":"2018-12-19T16:59:53","date_gmt":"2018-12-19T15:59:53","guid":{"rendered":"https:\/\/www.aics.gov.it\/oltremare\/?p=7669"},"modified":"2018-12-21T17:41:12","modified_gmt":"2018-12-21T16:41:12","slug":"a-mogadiscio-una-mostra-riapre-il-libro-della-storia","status":"publish","type":"post","link":"https:\/\/www.aics.gov.it\/oltremare\/rubriche\/cultura\/a-mogadiscio-una-mostra-riapre-il-libro-della-storia\/","title":{"rendered":"A Mogadiscio una mostra riapre il Libro della Storia"},"content":{"rendered":"<p>Inaugurata in citt\u00e0 l\u2019esposizione frutto del lavoro comune di studiosi italiani e somali. Ecco le voci per una nuova Mogadiscio che si riappropri del suo patrimonio.<\/p>\n<p><!--more--><\/p>\n<p><em>Mogadiscio e la sua evoluzione storico-urbanistica: pagine di storia della citt\u00e0<\/em> \u00e8 il titolo di una mostra, con la ricostruzione di quartieri e luoghi storici com\u2019erano prima della guerra civile, inaugurata nei giorni scorsi nella capitale africana sulla base di una collaborazione tra studiosi somali e italiani.<\/p>\n<p>Di \u201cgrande commozione\u201d dopo aver partecipato alla cerimonia ha detto il viceministro degli Esteri e della cooperazione internazionale Emanuela Claudia Del Re: \u201cHo inaugurato la mostra, la prima dopo tantissimi anni, in una citt\u00e0 semi-distrutta, in una situazione di sicurezza molto complessa\u201d. E il segno dell\u2019esposizione, organizzata dall\u2019Agenzia italiana per la cooperazione allo sviluppo (Aics), rappresentata dal direttore della sede locale Guglielmo Giordano, \u00e8 anzitutto la condivisione di intenti e competenze scientifiche. A pannelli, testi e ricostruzioni hanno lavorato le curatrici Maria Spina e Gabriella Restaino con esperti sia italiani sia somali. Tra questi il deputato Khalid Maou Abdulkadir, l\u2019ingegnere Nuredin Hagi Scikei e i professori Lucio Carbonara, della Sapienza di Roma, e Piergiorgio Massaretti, dell\u2019Universit\u00e0 di Bologna.<\/p>\n<p>Ma cosa resta oggi, dopo il conflitto civile divampato nel 1991, della vecchia Mogadiscio? \u201cLa maggior parte di ci\u00f2 che aveva un&#8217;importanza storica \u00e8 stato distrutto oppure, come nel caso dei manoscritti privati e delle collezioni del Museo nazionale, \u00e8 stato trafugato e rivenduto all&#8217;estero\u201d risponde a <em>Oltremare<\/em> Hagi Scikei. \u201cMogadiscio aveva due quartieri storici, Shingaani e Hamarweyne, dove era concentrata la quasi totalit\u00e0 di costruzioni medievali e del periodo italiano. Shingaani \u00e8 stata rasa al suolo durante la guerra,\u00a0mentre buona parte delle costruzioni di Hamarweyne si sono miracolosamente salvate\u201d. Secondo l\u2019esperto, \u201cora che i profughi stanno rientrando e la capitale \u00e8 in piena ricostruzione stanno nascendo altri problemi come quello degli speculatori che vorrebbero impadronirsi di Shingaani e di qualsiasi altra \u2018area non costruita\u2019, come per esempio i giardini, che ormai non esistono pi\u00f9 a Mogadiscio\u201d.<\/p>\n<p>&nbsp;<\/p>\n<p><img loading=\"lazy\" decoding=\"async\" class=\"aligncenter size-large wp-image-7671\" src=\"https:\/\/www.aics.gov.it\/oltremare\/wp-content\/uploads\/2018\/12\/Mogadiscio-mostra-1-1024x683.jpg\" alt=\"\" width=\"1024\" height=\"683\" srcset=\"https:\/\/www.aics.gov.it\/oltremare\/wp-content\/uploads\/2018\/12\/Mogadiscio-mostra-1-1024x683.jpg 1024w, https:\/\/www.aics.gov.it\/oltremare\/wp-content\/uploads\/2018\/12\/Mogadiscio-mostra-1-600x400.jpg 600w, https:\/\/www.aics.gov.it\/oltremare\/wp-content\/uploads\/2018\/12\/Mogadiscio-mostra-1-768x512.jpg 768w, https:\/\/www.aics.gov.it\/oltremare\/wp-content\/uploads\/2018\/12\/Mogadiscio-mostra-1.jpg 1180w\" sizes=\"auto, (max-width: 1024px) 100vw, 1024px\" \/><\/p>\n<p>&nbsp;<\/p>\n<p>La\u00a0mostra \u00e8 stata inaugurata da Del Re, insieme con l\u2019ambasciatore Carlo Campanile e il sindaco locale Abdirahman Osman Yarisow. Secondo fonti dell\u2019agenzia di stampa <em>Dire<\/em> a Mogadiscio, \u201cla mostra \u00e8 stata un grande successo di pubblico\u201d e la speranza \u00e8 che contribuisca a \u201csensibilizzare chiunque sia in grado di fare qualcosa per il patrimonio storico della citt\u00e0\u201d dopo le devastazioni del conflitto. Proprio per garantire la massima diffusione dei contenuti e coinvolgere il pi\u00f9 possibile pubblico e giovani locali, tutti i pannelli sono stati tradotti in somalo.<\/p>\n<p>E l\u2019Italia cosa potr\u00e0 fare ancora? \u201cIn passato fece gravi errori\u201d, evidenzia Hagi Scikei, \u201ccome quando dette l\u2019avvio a progetti edilizi in uno dei cimiteri medievali pi\u00f9 antichi dell&#8217;Africa, che \u00e8 poi quello dove sorge l&#8217;attuale villa presidenziale\u201d. Nell\u2019area c&#8217;erano lapidi medievali con date, nomi di persone e di citt\u00e0: era un libro aperto sui secoli di storia della Somalia. Interventi con conseguenze simili riguardarono il quartiere di Hamar Jab Jab. Nell&#8217;area dove fu costruita la sede dell&#8217;aviazione italiana c&#8217;erano quasi tre ettari di resti archeologici, che non furono protetti.<\/p>\n<p>Quella di oggi, grazie alla collaborazione tra l\u2019Universit\u00e0 nazionale somala, l\u2019Accademia delle arti e delle scienze di Mogadiscio, Roma Tre, La Sapienza, l\u2019Universit\u00e0 di Bologna, il Politecnico di Torino, l\u2019Universit\u00e0 di Camerino e il Politecnico di Milano, pu\u00f2 essere un\u2019altra storia. Secondo Hagi Scikei, \u201cl\u2019Italia ha interesse a salvaguardare il patrimonio storico di Mogadiscio perch\u00e9 fa parte dei suoi ricordi e delle sue attivit\u00e0 in Somalia, che coprono un arco temporale di oltre mezzo secolo\u201d. Quello dello studioso, per\u00f2, \u00e8 anche un appello: \u201cCredo che un Paese di cos\u00ec antica e splendida civilt\u00e0, di provata capacit\u00e0 nel valorizzare il suo patrimonio culturale, debba sentire l&#8217;obbligo morale di aiutare la Somalia iniziando a creare un vero centro di ricerca per il recupero del passato e delle ricchezze di Mogadiscio\u201d.<\/p>\n","protected":false},"excerpt":{"rendered":"<p>Inaugurata in citt\u00e0 l\u2019esposizione frutto del lavoro comune di studiosi italiani e somali. Ecco le voci per una nuova Mogadiscio che si riappropri del suo patrimonio.<\/p>\n","protected":false},"author":5,"featured_media":7670,"comment_status":"open","ping_status":"open","sticky":false,"template":"","format":"standard","meta":{"footnotes":""},"categories":[142],"tags":[],"class_list":["post-7669","post","type-post","status-publish","format-standard","has-post-thumbnail","hentry","category-cultura"],"yoast_head":"<!-- This site is optimized with the Yoast SEO plugin v27.4 - https:\/\/yoast.com\/product\/yoast-seo-wordpress\/ -->\n<title>A Mogadiscio una mostra riapre il Libro della Storia - Oltremare<\/title>\n<meta name=\"robots\" content=\"index, follow, max-snippet:-1, max-image-preview:large, max-video-preview:-1\" \/>\n<link rel=\"canonical\" href=\"https:\/\/www.aics.gov.it\/oltremare\/rubriche\/cultura\/a-mogadiscio-una-mostra-riapre-il-libro-della-storia\/\" \/>\n<meta property=\"og:locale\" content=\"it_IT\" \/>\n<meta property=\"og:type\" content=\"article\" \/>\n<meta property=\"og:title\" content=\"A Mogadiscio una mostra riapre il Libro della Storia - Oltremare\" \/>\n<meta property=\"og:description\" content=\"Inaugurata in citt\u00e0 l\u2019esposizione frutto del lavoro comune di studiosi italiani e somali. Ecco le voci per una nuova Mogadiscio che si riappropri del suo patrimonio.\" \/>\n<meta property=\"og:url\" content=\"https:\/\/www.aics.gov.it\/oltremare\/rubriche\/cultura\/a-mogadiscio-una-mostra-riapre-il-libro-della-storia\/\" \/>\n<meta property=\"og:site_name\" content=\"Oltremare\" \/>\n<meta property=\"article:publisher\" content=\"https:\/\/www.facebook.com\/Agenzia-Italiana-per-la-Cooperazione-allo-Sviluppo-996004880482735\/\" \/>\n<meta property=\"article:published_time\" content=\"2018-12-19T15:59:53+00:00\" \/>\n<meta property=\"article:modified_time\" content=\"2018-12-21T16:41:12+00:00\" \/>\n<meta property=\"og:image\" content=\"https:\/\/www.aics.gov.it\/oltremare\/wp-content\/uploads\/2018\/12\/Mogadiscio-mostra.jpg\" \/>\n\t<meta property=\"og:image:width\" content=\"1180\" \/>\n\t<meta property=\"og:image:height\" content=\"662\" \/>\n\t<meta property=\"og:image:type\" content=\"image\/jpeg\" \/>\n<meta name=\"author\" content=\"Vincenzo Giardina\" \/>\n<meta name=\"twitter:card\" content=\"summary_large_image\" \/>\n<meta name=\"twitter:creator\" content=\"@aics_it\" \/>\n<meta name=\"twitter:site\" content=\"@aics_it\" \/>\n<meta name=\"twitter:label1\" content=\"Scritto da\" \/>\n\t<meta name=\"twitter:data1\" content=\"Vincenzo Giardina\" \/>\n\t<meta name=\"twitter:label2\" content=\"Tempo di lettura stimato\" \/>\n\t<meta name=\"twitter:data2\" content=\"3 minuti\" \/>\n<script type=\"application\/ld+json\" class=\"yoast-schema-graph\">{\"@context\":\"https:\\\/\\\/schema.org\",\"@graph\":[{\"@type\":\"Article\",\"@id\":\"https:\\\/\\\/www.aics.gov.it\\\/oltremare\\\/rubriche\\\/cultura\\\/a-mogadiscio-una-mostra-riapre-il-libro-della-storia\\\/#article\",\"isPartOf\":{\"@id\":\"https:\\\/\\\/www.aics.gov.it\\\/oltremare\\\/rubriche\\\/cultura\\\/a-mogadiscio-una-mostra-riapre-il-libro-della-storia\\\/\"},\"author\":{\"name\":\"Vincenzo Giardina\",\"@id\":\"https:\\\/\\\/www.aics.gov.it\\\/oltremare\\\/#\\\/schema\\\/person\\\/063c4f74c60040713c4f7cc532521ae1\"},\"headline\":\"A Mogadiscio una mostra riapre il Libro della Storia\",\"datePublished\":\"2018-12-19T15:59:53+00:00\",\"dateModified\":\"2018-12-21T16:41:12+00:00\",\"mainEntityOfPage\":{\"@id\":\"https:\\\/\\\/www.aics.gov.it\\\/oltremare\\\/rubriche\\\/cultura\\\/a-mogadiscio-una-mostra-riapre-il-libro-della-storia\\\/\"},\"wordCount\":661,\"commentCount\":0,\"publisher\":{\"@id\":\"https:\\\/\\\/www.aics.gov.it\\\/oltremare\\\/#organization\"},\"image\":{\"@id\":\"https:\\\/\\\/www.aics.gov.it\\\/oltremare\\\/rubriche\\\/cultura\\\/a-mogadiscio-una-mostra-riapre-il-libro-della-storia\\\/#primaryimage\"},\"thumbnailUrl\":\"https:\\\/\\\/www.aics.gov.it\\\/oltremare\\\/wp-content\\\/uploads\\\/2018\\\/12\\\/Mogadiscio-mostra.jpg\",\"articleSection\":[\"Cultura\"],\"inLanguage\":\"it-IT\",\"potentialAction\":[{\"@type\":\"CommentAction\",\"name\":\"Comment\",\"target\":[\"https:\\\/\\\/www.aics.gov.it\\\/oltremare\\\/rubriche\\\/cultura\\\/a-mogadiscio-una-mostra-riapre-il-libro-della-storia\\\/#respond\"]}]},{\"@type\":\"WebPage\",\"@id\":\"https:\\\/\\\/www.aics.gov.it\\\/oltremare\\\/rubriche\\\/cultura\\\/a-mogadiscio-una-mostra-riapre-il-libro-della-storia\\\/\",\"url\":\"https:\\\/\\\/www.aics.gov.it\\\/oltremare\\\/rubriche\\\/cultura\\\/a-mogadiscio-una-mostra-riapre-il-libro-della-storia\\\/\",\"name\":\"A Mogadiscio una mostra riapre il Libro della Storia - Oltremare\",\"isPartOf\":{\"@id\":\"https:\\\/\\\/www.aics.gov.it\\\/oltremare\\\/#website\"},\"primaryImageOfPage\":{\"@id\":\"https:\\\/\\\/www.aics.gov.it\\\/oltremare\\\/rubriche\\\/cultura\\\/a-mogadiscio-una-mostra-riapre-il-libro-della-storia\\\/#primaryimage\"},\"image\":{\"@id\":\"https:\\\/\\\/www.aics.gov.it\\\/oltremare\\\/rubriche\\\/cultura\\\/a-mogadiscio-una-mostra-riapre-il-libro-della-storia\\\/#primaryimage\"},\"thumbnailUrl\":\"https:\\\/\\\/www.aics.gov.it\\\/oltremare\\\/wp-content\\\/uploads\\\/2018\\\/12\\\/Mogadiscio-mostra.jpg\",\"datePublished\":\"2018-12-19T15:59:53+00:00\",\"dateModified\":\"2018-12-21T16:41:12+00:00\",\"breadcrumb\":{\"@id\":\"https:\\\/\\\/www.aics.gov.it\\\/oltremare\\\/rubriche\\\/cultura\\\/a-mogadiscio-una-mostra-riapre-il-libro-della-storia\\\/#breadcrumb\"},\"inLanguage\":\"it-IT\",\"potentialAction\":[{\"@type\":\"ReadAction\",\"target\":[\"https:\\\/\\\/www.aics.gov.it\\\/oltremare\\\/rubriche\\\/cultura\\\/a-mogadiscio-una-mostra-riapre-il-libro-della-storia\\\/\"]}]},{\"@type\":\"ImageObject\",\"inLanguage\":\"it-IT\",\"@id\":\"https:\\\/\\\/www.aics.gov.it\\\/oltremare\\\/rubriche\\\/cultura\\\/a-mogadiscio-una-mostra-riapre-il-libro-della-storia\\\/#primaryimage\",\"url\":\"https:\\\/\\\/www.aics.gov.it\\\/oltremare\\\/wp-content\\\/uploads\\\/2018\\\/12\\\/Mogadiscio-mostra.jpg\",\"contentUrl\":\"https:\\\/\\\/www.aics.gov.it\\\/oltremare\\\/wp-content\\\/uploads\\\/2018\\\/12\\\/Mogadiscio-mostra.jpg\",\"width\":1180,\"height\":662},{\"@type\":\"BreadcrumbList\",\"@id\":\"https:\\\/\\\/www.aics.gov.it\\\/oltremare\\\/rubriche\\\/cultura\\\/a-mogadiscio-una-mostra-riapre-il-libro-della-storia\\\/#breadcrumb\",\"itemListElement\":[{\"@type\":\"ListItem\",\"position\":1,\"name\":\"Home\",\"item\":\"https:\\\/\\\/www.aics.gov.it\\\/oltremare\\\/\"},{\"@type\":\"ListItem\",\"position\":2,\"name\":\"A Mogadiscio una mostra riapre il Libro della Storia\"}]},{\"@type\":\"WebSite\",\"@id\":\"https:\\\/\\\/www.aics.gov.it\\\/oltremare\\\/#website\",\"url\":\"https:\\\/\\\/www.aics.gov.it\\\/oltremare\\\/\",\"name\":\"Oltremare\",\"description\":\"Il Blog della cooperazione\",\"publisher\":{\"@id\":\"https:\\\/\\\/www.aics.gov.it\\\/oltremare\\\/#organization\"},\"potentialAction\":[{\"@type\":\"SearchAction\",\"target\":{\"@type\":\"EntryPoint\",\"urlTemplate\":\"https:\\\/\\\/www.aics.gov.it\\\/oltremare\\\/?s={search_term_string}\"},\"query-input\":{\"@type\":\"PropertyValueSpecification\",\"valueRequired\":true,\"valueName\":\"search_term_string\"}}],\"inLanguage\":\"it-IT\"},{\"@type\":\"Organization\",\"@id\":\"https:\\\/\\\/www.aics.gov.it\\\/oltremare\\\/#organization\",\"name\":\"Agenzia Italiana per la Cooperazione allo Sviluppo\",\"url\":\"https:\\\/\\\/www.aics.gov.it\\\/oltremare\\\/\",\"logo\":{\"@type\":\"ImageObject\",\"inLanguage\":\"it-IT\",\"@id\":\"https:\\\/\\\/www.aics.gov.it\\\/oltremare\\\/#\\\/schema\\\/logo\\\/image\\\/\",\"url\":\"https:\\\/\\\/www.aics.gov.it\\\/oltremare\\\/wp-content\\\/uploads\\\/2018\\\/02\\\/AICS_HEADER_530x130_EC1-e1518178146163.jpg\",\"contentUrl\":\"https:\\\/\\\/www.aics.gov.it\\\/oltremare\\\/wp-content\\\/uploads\\\/2018\\\/02\\\/AICS_HEADER_530x130_EC1-e1518178146163.jpg\",\"width\":300,\"height\":74,\"caption\":\"Agenzia Italiana per la Cooperazione allo Sviluppo\"},\"image\":{\"@id\":\"https:\\\/\\\/www.aics.gov.it\\\/oltremare\\\/#\\\/schema\\\/logo\\\/image\\\/\"},\"sameAs\":[\"https:\\\/\\\/www.facebook.com\\\/Agenzia-Italiana-per-la-Cooperazione-allo-Sviluppo-996004880482735\\\/\",\"https:\\\/\\\/x.com\\\/aics_it\",\"https:\\\/\\\/www.instagram.com\\\/aics_cooperazione_it\\\/\",\"https:\\\/\\\/www.youtube.com\\\/channel\\\/UCbssygnjreKD1Se1mDeCQ5w\"]},{\"@type\":\"Person\",\"@id\":\"https:\\\/\\\/www.aics.gov.it\\\/oltremare\\\/#\\\/schema\\\/person\\\/063c4f74c60040713c4f7cc532521ae1\",\"name\":\"Vincenzo Giardina\",\"image\":{\"@type\":\"ImageObject\",\"inLanguage\":\"it-IT\",\"@id\":\"https:\\\/\\\/secure.gravatar.com\\\/avatar\\\/e368c39b5301ca1e7032008e1f23665d9ca8f9e96c7d4cbde0ab893eb3fd3767?s=96&d=mm&r=g\",\"url\":\"https:\\\/\\\/secure.gravatar.com\\\/avatar\\\/e368c39b5301ca1e7032008e1f23665d9ca8f9e96c7d4cbde0ab893eb3fd3767?s=96&d=mm&r=g\",\"contentUrl\":\"https:\\\/\\\/secure.gravatar.com\\\/avatar\\\/e368c39b5301ca1e7032008e1f23665d9ca8f9e96c7d4cbde0ab893eb3fd3767?s=96&d=mm&r=g\",\"caption\":\"Vincenzo Giardina\"},\"url\":\"https:\\\/\\\/www.aics.gov.it\\\/oltremare\\\/author\\\/vincenzogiardina\\\/\"}]}<\/script>\n<!-- \/ Yoast SEO plugin. -->","yoast_head_json":{"title":"A Mogadiscio una mostra riapre il Libro della Storia - Oltremare","robots":{"index":"index","follow":"follow","max-snippet":"max-snippet:-1","max-image-preview":"max-image-preview:large","max-video-preview":"max-video-preview:-1"},"canonical":"https:\/\/www.aics.gov.it\/oltremare\/rubriche\/cultura\/a-mogadiscio-una-mostra-riapre-il-libro-della-storia\/","og_locale":"it_IT","og_type":"article","og_title":"A Mogadiscio una mostra riapre il Libro della Storia - Oltremare","og_description":"Inaugurata in citt\u00e0 l\u2019esposizione frutto del lavoro comune di studiosi italiani e somali. Ecco le voci per una nuova Mogadiscio che si riappropri del suo patrimonio.","og_url":"https:\/\/www.aics.gov.it\/oltremare\/rubriche\/cultura\/a-mogadiscio-una-mostra-riapre-il-libro-della-storia\/","og_site_name":"Oltremare","article_publisher":"https:\/\/www.facebook.com\/Agenzia-Italiana-per-la-Cooperazione-allo-Sviluppo-996004880482735\/","article_published_time":"2018-12-19T15:59:53+00:00","article_modified_time":"2018-12-21T16:41:12+00:00","og_image":[{"width":1180,"height":662,"url":"https:\/\/www.aics.gov.it\/oltremare\/wp-content\/uploads\/2018\/12\/Mogadiscio-mostra.jpg","type":"image\/jpeg"}],"author":"Vincenzo Giardina","twitter_card":"summary_large_image","twitter_creator":"@aics_it","twitter_site":"@aics_it","twitter_misc":{"Scritto da":"Vincenzo Giardina","Tempo di lettura stimato":"3 minuti"},"schema":{"@context":"https:\/\/schema.org","@graph":[{"@type":"Article","@id":"https:\/\/www.aics.gov.it\/oltremare\/rubriche\/cultura\/a-mogadiscio-una-mostra-riapre-il-libro-della-storia\/#article","isPartOf":{"@id":"https:\/\/www.aics.gov.it\/oltremare\/rubriche\/cultura\/a-mogadiscio-una-mostra-riapre-il-libro-della-storia\/"},"author":{"name":"Vincenzo Giardina","@id":"https:\/\/www.aics.gov.it\/oltremare\/#\/schema\/person\/063c4f74c60040713c4f7cc532521ae1"},"headline":"A Mogadiscio una mostra riapre il Libro della Storia","datePublished":"2018-12-19T15:59:53+00:00","dateModified":"2018-12-21T16:41:12+00:00","mainEntityOfPage":{"@id":"https:\/\/www.aics.gov.it\/oltremare\/rubriche\/cultura\/a-mogadiscio-una-mostra-riapre-il-libro-della-storia\/"},"wordCount":661,"commentCount":0,"publisher":{"@id":"https:\/\/www.aics.gov.it\/oltremare\/#organization"},"image":{"@id":"https:\/\/www.aics.gov.it\/oltremare\/rubriche\/cultura\/a-mogadiscio-una-mostra-riapre-il-libro-della-storia\/#primaryimage"},"thumbnailUrl":"https:\/\/www.aics.gov.it\/oltremare\/wp-content\/uploads\/2018\/12\/Mogadiscio-mostra.jpg","articleSection":["Cultura"],"inLanguage":"it-IT","potentialAction":[{"@type":"CommentAction","name":"Comment","target":["https:\/\/www.aics.gov.it\/oltremare\/rubriche\/cultura\/a-mogadiscio-una-mostra-riapre-il-libro-della-storia\/#respond"]}]},{"@type":"WebPage","@id":"https:\/\/www.aics.gov.it\/oltremare\/rubriche\/cultura\/a-mogadiscio-una-mostra-riapre-il-libro-della-storia\/","url":"https:\/\/www.aics.gov.it\/oltremare\/rubriche\/cultura\/a-mogadiscio-una-mostra-riapre-il-libro-della-storia\/","name":"A Mogadiscio una mostra riapre il Libro della Storia - Oltremare","isPartOf":{"@id":"https:\/\/www.aics.gov.it\/oltremare\/#website"},"primaryImageOfPage":{"@id":"https:\/\/www.aics.gov.it\/oltremare\/rubriche\/cultura\/a-mogadiscio-una-mostra-riapre-il-libro-della-storia\/#primaryimage"},"image":{"@id":"https:\/\/www.aics.gov.it\/oltremare\/rubriche\/cultura\/a-mogadiscio-una-mostra-riapre-il-libro-della-storia\/#primaryimage"},"thumbnailUrl":"https:\/\/www.aics.gov.it\/oltremare\/wp-content\/uploads\/2018\/12\/Mogadiscio-mostra.jpg","datePublished":"2018-12-19T15:59:53+00:00","dateModified":"2018-12-21T16:41:12+00:00","breadcrumb":{"@id":"https:\/\/www.aics.gov.it\/oltremare\/rubriche\/cultura\/a-mogadiscio-una-mostra-riapre-il-libro-della-storia\/#breadcrumb"},"inLanguage":"it-IT","potentialAction":[{"@type":"ReadAction","target":["https:\/\/www.aics.gov.it\/oltremare\/rubriche\/cultura\/a-mogadiscio-una-mostra-riapre-il-libro-della-storia\/"]}]},{"@type":"ImageObject","inLanguage":"it-IT","@id":"https:\/\/www.aics.gov.it\/oltremare\/rubriche\/cultura\/a-mogadiscio-una-mostra-riapre-il-libro-della-storia\/#primaryimage","url":"https:\/\/www.aics.gov.it\/oltremare\/wp-content\/uploads\/2018\/12\/Mogadiscio-mostra.jpg","contentUrl":"https:\/\/www.aics.gov.it\/oltremare\/wp-content\/uploads\/2018\/12\/Mogadiscio-mostra.jpg","width":1180,"height":662},{"@type":"BreadcrumbList","@id":"https:\/\/www.aics.gov.it\/oltremare\/rubriche\/cultura\/a-mogadiscio-una-mostra-riapre-il-libro-della-storia\/#breadcrumb","itemListElement":[{"@type":"ListItem","position":1,"name":"Home","item":"https:\/\/www.aics.gov.it\/oltremare\/"},{"@type":"ListItem","position":2,"name":"A Mogadiscio una mostra riapre il Libro della Storia"}]},{"@type":"WebSite","@id":"https:\/\/www.aics.gov.it\/oltremare\/#website","url":"https:\/\/www.aics.gov.it\/oltremare\/","name":"Oltremare","description":"Il Blog della cooperazione","publisher":{"@id":"https:\/\/www.aics.gov.it\/oltremare\/#organization"},"potentialAction":[{"@type":"SearchAction","target":{"@type":"EntryPoint","urlTemplate":"https:\/\/www.aics.gov.it\/oltremare\/?s={search_term_string}"},"query-input":{"@type":"PropertyValueSpecification","valueRequired":true,"valueName":"search_term_string"}}],"inLanguage":"it-IT"},{"@type":"Organization","@id":"https:\/\/www.aics.gov.it\/oltremare\/#organization","name":"Agenzia Italiana per la Cooperazione allo Sviluppo","url":"https:\/\/www.aics.gov.it\/oltremare\/","logo":{"@type":"ImageObject","inLanguage":"it-IT","@id":"https:\/\/www.aics.gov.it\/oltremare\/#\/schema\/logo\/image\/","url":"https:\/\/www.aics.gov.it\/oltremare\/wp-content\/uploads\/2018\/02\/AICS_HEADER_530x130_EC1-e1518178146163.jpg","contentUrl":"https:\/\/www.aics.gov.it\/oltremare\/wp-content\/uploads\/2018\/02\/AICS_HEADER_530x130_EC1-e1518178146163.jpg","width":300,"height":74,"caption":"Agenzia Italiana per la Cooperazione allo Sviluppo"},"image":{"@id":"https:\/\/www.aics.gov.it\/oltremare\/#\/schema\/logo\/image\/"},"sameAs":["https:\/\/www.facebook.com\/Agenzia-Italiana-per-la-Cooperazione-allo-Sviluppo-996004880482735\/","https:\/\/x.com\/aics_it","https:\/\/www.instagram.com\/aics_cooperazione_it\/","https:\/\/www.youtube.com\/channel\/UCbssygnjreKD1Se1mDeCQ5w"]},{"@type":"Person","@id":"https:\/\/www.aics.gov.it\/oltremare\/#\/schema\/person\/063c4f74c60040713c4f7cc532521ae1","name":"Vincenzo Giardina","image":{"@type":"ImageObject","inLanguage":"it-IT","@id":"https:\/\/secure.gravatar.com\/avatar\/e368c39b5301ca1e7032008e1f23665d9ca8f9e96c7d4cbde0ab893eb3fd3767?s=96&d=mm&r=g","url":"https:\/\/secure.gravatar.com\/avatar\/e368c39b5301ca1e7032008e1f23665d9ca8f9e96c7d4cbde0ab893eb3fd3767?s=96&d=mm&r=g","contentUrl":"https:\/\/secure.gravatar.com\/avatar\/e368c39b5301ca1e7032008e1f23665d9ca8f9e96c7d4cbde0ab893eb3fd3767?s=96&d=mm&r=g","caption":"Vincenzo Giardina"},"url":"https:\/\/www.aics.gov.it\/oltremare\/author\/vincenzogiardina\/"}]}},"_links":{"self":[{"href":"https:\/\/www.aics.gov.it\/oltremare\/wp-json\/wp\/v2\/posts\/7669","targetHints":{"allow":["GET"]}}],"collection":[{"href":"https:\/\/www.aics.gov.it\/oltremare\/wp-json\/wp\/v2\/posts"}],"about":[{"href":"https:\/\/www.aics.gov.it\/oltremare\/wp-json\/wp\/v2\/types\/post"}],"author":[{"embeddable":true,"href":"https:\/\/www.aics.gov.it\/oltremare\/wp-json\/wp\/v2\/users\/5"}],"replies":[{"embeddable":true,"href":"https:\/\/www.aics.gov.it\/oltremare\/wp-json\/wp\/v2\/comments?post=7669"}],"version-history":[{"count":1,"href":"https:\/\/www.aics.gov.it\/oltremare\/wp-json\/wp\/v2\/posts\/7669\/revisions"}],"predecessor-version":[{"id":7672,"href":"https:\/\/www.aics.gov.it\/oltremare\/wp-json\/wp\/v2\/posts\/7669\/revisions\/7672"}],"wp:featuredmedia":[{"embeddable":true,"href":"https:\/\/www.aics.gov.it\/oltremare\/wp-json\/wp\/v2\/media\/7670"}],"wp:attachment":[{"href":"https:\/\/www.aics.gov.it\/oltremare\/wp-json\/wp\/v2\/media?parent=7669"}],"wp:term":[{"taxonomy":"category","embeddable":true,"href":"https:\/\/www.aics.gov.it\/oltremare\/wp-json\/wp\/v2\/categories?post=7669"},{"taxonomy":"post_tag","embeddable":true,"href":"https:\/\/www.aics.gov.it\/oltremare\/wp-json\/wp\/v2\/tags?post=7669"}],"curies":[{"name":"wp","href":"https:\/\/api.w.org\/{rel}","templated":true}]}}