{"id":7716,"date":"2018-12-20T12:24:28","date_gmt":"2018-12-20T11:24:28","guid":{"rendered":"https:\/\/www.aics.gov.it\/oltremare\/?p=7716"},"modified":"2018-12-21T17:41:12","modified_gmt":"2018-12-21T16:41:12","slug":"sudan-la-testimonianza-di-ibtisam-partecipante-al-workshop-per-lo-sviluppo-di-donne-con-disabilita","status":"publish","type":"post","link":"https:\/\/www.aics.gov.it\/oltremare\/rubriche\/storie-di-cooperazione\/sudan-la-testimonianza-di-ibtisam-partecipante-al-workshop-per-lo-sviluppo-di-donne-con-disabilita\/","title":{"rendered":"Sudan, la testimonianza di Ibtisam partecipante al workshop per lo sviluppo di donne con disabilit\u00e0"},"content":{"rendered":"<p>Il mio nome \u00e8 Ibtisam, da quando ero bambina, ho avuto una paralisi infantile sulla mia gamba sinistra, ma nonostante le molte sfide ho continuato con la mia vita grazie anche alla mia famiglia che si \u00e8 molto sforzata nel sostenermi nella mia lotta. Sono stata una delle prime donne a fondare l\u2019associazione per le Donne con Disabilit\u00e0 nel 2012 con l\u2019obiettivo di unire donne con disabilit\u00e0.<\/p>\n<p>Col tempo e attraverso l\u2019associazione, ho acquisito molte competenze, inclusa l\u2019incisione ad henne (Henn\u00e8 painting Ed.) che \u00e8 una parte essenziale degli ornamenti delle donne sudanesi. Ho anche imparato a fare a mano accessori di donne da stampare su vestiti e preparare cosmetici. Inoltre, sono diventato un interprete di linguaggio dei segni.<\/p>\n<p>Sono stata una delle donne che ha partecipato al workshop di formazione per lo Sviluppo di Donne e Bambine, organizzato dal progetto Bridging the Gap II (BtgII), tenutosi nello stato di Gedaref. La formazione, indirizzata specificatamente a donne con disabilit\u00e0, specialmente in aree rurali, che mi rendono veramente orgogliosa come membro dell\u2019associazione.<\/p>\n<p>Personalmente, ho beneficiato molto della formazione. In passato, ero solita lavorare senza saper calcolare costi\/benefici, ma dopo il workshop sono stata in grado di fare il mio lavoro calcolando gli sforzi e imparando a calcolare il diritto a lavorare in un contesto organizzato.<\/p>\n<p>Con un migliore stipendio, ho avuto l\u2019opportunit\u00e0 di cominciare un business (Household Water distribution Ed.) con una persona che lavora per me e ho pi\u00f9 tempo da dedicare all\u2019associazione.<\/p>\n<p>Adesso sostengo donne con disabilit\u00e0 nel loro diritto al lavoro, formandole sulla gestione dei progetti, indipendentemente dalla grandezza del progetto, e dal linguaggio dei segni. Inoltre, sto costituendo un\u2019associazione di cooperative che formano le donne con disabilit\u00e0 a come pianificare e mettere sul mercato i prodotti.<\/p>\n<p><strong>Ibitisam \u00e8 uno dei beneficiari delle attivit\u00e0 implementate nel Maggio 2018 da Bridging the Gap (BtG). BtG \u00e8 un progetto finanziato dalla Commissione Europea dove l\u2019AICS partecipa come partner implementatore e co-finanziatore. L\u2019attivit\u00e0 prima menzionata consiste in una formazione sulle capacit\u00e0 agro-imprenditoriali per le donne con disabilit\u00e0 nelle aree rurali dello stato Gedaref, Sudan. Questa attivit\u00e0 \u00e8 compresa nell\u2019obiettivo generale del progetto che ha come obiettivo sostenere la piena fruizione dei diritti umani per persone con disabilit\u00e0 rafforzando un maggiore e uguale accesso all\u2019occupazione.<\/strong><\/p>\n<p>&nbsp;<\/p>\n<h3>SCHEDA DEL PROGETTO<\/h3>\n<div class=\"boxed-article\">\n<p>Sudan, AID 11098 \u2013 Bridging the Gap: Inclusive policies and services for equal rights of persons with disabilities \u2013 AICS<\/p>\n<p><strong>Dove:<\/strong> Tutto il Sudan<br \/>\n<strong>Durata:<\/strong> 12 mesi<br \/>\n<strong>Partners:<\/strong> National Council for Persons with Disabilities, Ministry of Welfare and Social Security, USRATUNA, heshire Home, Sudanese Foundation, NGO OVCI, NGO ADD International, Afhad University for Women (AUW), Haggar Foundation, DALL Group, Canale Trust Fund EU<\/p>\n<p>Realizzato da AICS<\/p>\n<\/div>\n<h3>Contesto<\/h3>\n<p>Il Sudan ha ratificato la Convenzione sui diritti delle persone con disabilit\u00e0 (CRPD) nel 2009 e il quadro legislativo \u00e8 abbastanza allineato con i standard internazionali, tuttavia c&#8217;\u00e8 ancora un ampio divario da colmare verso la piena inclusione. Le condizioni di vita delle persone con disabilit\u00e0 sono influenzate dai seguenti fattori principali: (i) scarsit\u00e0 di fondi destinati alla promozione dei diritti e dell&#8217;inclusione delle persone con disabilit\u00e0, specialmente a livello statale; (ii) mancanza di consapevolezza tra le istituzioni e la popolazione; (iii) mancanza di dati affidabili, disaggregati e assenza di una mappatura capillare; (iv) mancanza di politiche pubbliche inclusive; (v) debolezza delle organizzazioni di persone con disabilit\u00e0 e mancanza di una rete stabile che faciliti azioni in sinergia; (vi) mancanza di servizi e strutture accessibili. L&#8217;ineguale accesso al lavoro \u00e8 uno dei principali fattori che producono l&#8217;emarginazione sociale delle persone con disabilit\u00e0, negando la loro inclusione sociale. L&#8217;accesso ineguale al lavoro e ai servizi pubblici non dipende dall&#8217;assenza di norme, ma dalla mancanza di politiche e servizi sociali adeguati.<\/p>\n<p>Il progetto Bridging the Gap si inserisce nel quadro del programma europeo DCI (Development Cooperation Instrument) \u2013 Global Public Goods and Challenges, affidando la sua realizzazione in cinque paesi selezionati (Sudan, Burkina Faso, Ecuador, Ethiopia, Paraguay) a una partnership di agenzie di cooperazione e organizzazioni internazionali coordinata dalla Fondazione FIIAP (Fundaci\u00f2n Internacional y para Iberoam\u00e9rica de Administraci\u00f2n y Pol\u00ecticas P\u00f9blicas).<\/p>\n<p>L\u2019obiettivo generale del progetto \u00e8 quello di contribuire all&#8217;inclusione socio-economica, alla parit\u00e0 e alla non discriminazione delle persone con disabilit\u00e0, attraverso il rafforzamento di istituzioni e politiche pi\u00f9 inclusive e pi\u00f9 affidabili.<\/p>\n<p>L&#8217;AICS e l&#8217;agenzia di cooperazione coinvolta in Sudan e Burkina Faso.<\/p>\n<p>&nbsp;<\/p>\n\n\t\t<div class=\"aigpl-gallery aigpl-gallery-wrp aigpl-gallery-grid aigpl-clearfix aigpl-design-1 aigpl-popup-gallery \" id=\"aigpl-gallery-1\">\n\n\t\t<div class=\"aigpl-cnt-wrp aigpl-col-3 aigpl-columns aigpl-first\"  data-item-index=\"1\">\n\t<div class=\"aigpl-inr-wrp\">\n\t\t<div class=\"aigpl-img-wrp\" style=\"\">\n\t\t\t\t\t\t<a class=\"aigpl-img-link\" href=\"https:\/\/www.aics.gov.it\/oltremare\/wp-content\/uploads\/2018\/12\/AID-10583_Diritti-Disabili_AICS_0151_small_@Laura-Savinelli.jpg\" target=\"_self\">\n\t\t\t\t<img decoding=\"async\" class=\"aigpl-img\" src=\"https:\/\/www.aics.gov.it\/oltremare\/wp-content\/uploads\/2018\/12\/AID-10583_Diritti-Disabili_AICS_0151_small_@Laura-Savinelli.jpg\" title=\"AID 10583_Diritti Disabili_AICS_0151_small_@Laura Savinelli\" alt=\"\" \/>\n\t\t\t<\/a>\n\t\t\t\t\t\t\t\t<\/div>\n\n\t\t\n\t\t\n\t\t\n\t<\/div>\n<\/div><div class=\"aigpl-cnt-wrp aigpl-col-3 aigpl-columns\"  data-item-index=\"2\">\n\t<div class=\"aigpl-inr-wrp\">\n\t\t<div class=\"aigpl-img-wrp\" style=\"\">\n\t\t\t\t\t\t<a class=\"aigpl-img-link\" href=\"https:\/\/www.aics.gov.it\/oltremare\/wp-content\/uploads\/2018\/12\/IMG_8916.jpg\" target=\"_self\">\n\t\t\t\t<img decoding=\"async\" class=\"aigpl-img\" src=\"https:\/\/www.aics.gov.it\/oltremare\/wp-content\/uploads\/2018\/12\/IMG_8916.jpg\" title=\"IMG_8916\" alt=\"\" \/>\n\t\t\t<\/a>\n\t\t\t\t\t\t\t\t<\/div>\n\n\t\t\n\t\t\n\t\t\n\t<\/div>\n<\/div><div class=\"aigpl-cnt-wrp aigpl-col-3 aigpl-columns\"  data-item-index=\"3\">\n\t<div class=\"aigpl-inr-wrp\">\n\t\t<div class=\"aigpl-img-wrp\" style=\"\">\n\t\t\t\t\t\t<a class=\"aigpl-img-link\" href=\"https:\/\/www.aics.gov.it\/oltremare\/wp-content\/uploads\/2018\/12\/IMG_0010_low.jpg\" target=\"_self\">\n\t\t\t\t<img decoding=\"async\" class=\"aigpl-img\" src=\"https:\/\/www.aics.gov.it\/oltremare\/wp-content\/uploads\/2018\/12\/IMG_0010_low.jpg\" title=\"IMG_0010_low\" alt=\"\" \/>\n\t\t\t<\/a>\n\t\t\t\t\t\t\t\t<\/div>\n\n\t\t\n\t\t\n\t\t\n\t<\/div>\n<\/div><div class=\"aigpl-cnt-wrp aigpl-col-3 aigpl-columns aigpl-first\"  data-item-index=\"4\">\n\t<div class=\"aigpl-inr-wrp\">\n\t\t<div class=\"aigpl-img-wrp\" style=\"\">\n\t\t\t\t\t\t<a class=\"aigpl-img-link\" href=\"https:\/\/www.aics.gov.it\/oltremare\/wp-content\/uploads\/2018\/12\/Dar-El-Mustakbel_giovani-fornaie.jpg\" target=\"_self\">\n\t\t\t\t<img decoding=\"async\" class=\"aigpl-img\" src=\"https:\/\/www.aics.gov.it\/oltremare\/wp-content\/uploads\/2018\/12\/Dar-El-Mustakbel_giovani-fornaie.jpg\" title=\"Dar El Mustakbel_giovani fornaie\" alt=\"\" \/>\n\t\t\t<\/a>\n\t\t\t\t\t\t\t\t<\/div>\n\n\t\t\n\t\t\n\t\t\n\t<\/div>\n<\/div><div class=\"aigpl-cnt-wrp aigpl-col-3 aigpl-columns\"  data-item-index=\"5\">\n\t<div class=\"aigpl-inr-wrp\">\n\t\t<div class=\"aigpl-img-wrp\" style=\"\">\n\t\t\t\t\t\t<a class=\"aigpl-img-link\" href=\"https:\/\/www.aics.gov.it\/oltremare\/wp-content\/uploads\/2018\/12\/CDDK4844.jpg\" target=\"_self\">\n\t\t\t\t<img decoding=\"async\" class=\"aigpl-img\" src=\"https:\/\/www.aics.gov.it\/oltremare\/wp-content\/uploads\/2018\/12\/CDDK4844.jpg\" title=\"CDDK4844\" alt=\"\" \/>\n\t\t\t<\/a>\n\t\t\t\t\t\t\t\t<\/div>\n\n\t\t\n\t\t\n\t\t\n\t<\/div>\n<\/div><div class=\"aigpl-cnt-wrp aigpl-col-3 aigpl-columns\"  data-item-index=\"6\">\n\t<div class=\"aigpl-inr-wrp\">\n\t\t<div class=\"aigpl-img-wrp\" style=\"\">\n\t\t\t\t\t\t<a class=\"aigpl-img-link\" href=\"https:\/\/www.aics.gov.it\/oltremare\/wp-content\/uploads\/2018\/12\/AID-10583_Diritti-Disabili_AICS_0182_small_@Laura-Savinelli.jpg\" target=\"_self\">\n\t\t\t\t<img decoding=\"async\" class=\"aigpl-img\" src=\"https:\/\/www.aics.gov.it\/oltremare\/wp-content\/uploads\/2018\/12\/AID-10583_Diritti-Disabili_AICS_0182_small_@Laura-Savinelli.jpg\" title=\"AID 10583_Diritti Disabili_AICS_0182_small_@Laura Savinelli\" alt=\"\" \/>\n\t\t\t<\/a>\n\t\t\t\t\t\t\t\t<\/div>\n\n\t\t\n\t\t\n\t\t\n\t<\/div>\n<\/div>\t\t<\/div>\n\t\n<p>&nbsp;<\/p>\n<p><strong>Obiettivo generale<br \/>\n<\/strong>Promuovere il pieno godimento dei diritti e l&#8217;uguale accesso ai beni e servizi di persone con disabilit\u00e0 in Sudan.<\/p>\n<p><strong>Obiettivo specifico<br \/>\n<\/strong>Migliorare l\u2019implementazione della CRPD, fortificando l&#8217;inclusione sociale di persone con disabilit\u00e0 e promuovendo il loro uguale accesso al lavoro, in linea con l&#8217;articolo 27 della CRPD (Convention on the Rights of Persons with Disabilities).<\/p>\n<p><strong>Beneficiari:<\/strong> Persone con disabilita&#8217;<\/p>\n<p><strong>Attivit\u00e0:<\/strong> Organizzazione di workshop in partnership con la Delegazione UE considerando la disabilita&#8217; una cross-cutting issue dei meeting di donatori; Data collection sul tasso di occupazione delle persone con disabilita&#8217;; Supporto al National Council for Persons with Disabilities per l&#8217;istituzione di un data base volto al collocamento lavorativo delle persone con disabilita&#8217; (matching della domanda e offerta di lavoro); Organizzazione di workshop regionali; Training su CRPD (Convention on the Rights of Persons with Disabilities).<\/p>\n","protected":false},"excerpt":{"rendered":"<p>Il mio nome \u00e8 Ibtisam, da quando ero bambina, ho avuto una paralisi infantile sulla mia gamba sinistra, ma nonostante le molte sfide ho continuato con la mia vita grazie anche alla mia famiglia che si \u00e8 molto sforzata nel [&hellip;]<\/p>\n","protected":false},"author":14,"featured_media":7717,"comment_status":"open","ping_status":"open","sticky":false,"template":"","format":"standard","meta":{"footnotes":""},"categories":[143],"tags":[],"class_list":["post-7716","post","type-post","status-publish","format-standard","has-post-thumbnail","hentry","category-storie-di-cooperazione"],"yoast_head":"<!-- This site is optimized with the Yoast SEO plugin v27.4 - https:\/\/yoast.com\/product\/yoast-seo-wordpress\/ -->\n<title>Sudan, la testimonianza di Ibtisam partecipante al workshop per lo sviluppo di donne con disabilit\u00e0 - Oltremare<\/title>\n<meta name=\"robots\" content=\"index, follow, max-snippet:-1, max-image-preview:large, max-video-preview:-1\" \/>\n<link rel=\"canonical\" href=\"https:\/\/www.aics.gov.it\/oltremare\/rubriche\/storie-di-cooperazione\/sudan-la-testimonianza-di-ibtisam-partecipante-al-workshop-per-lo-sviluppo-di-donne-con-disabilita\/\" \/>\n<meta property=\"og:locale\" content=\"it_IT\" \/>\n<meta property=\"og:type\" content=\"article\" \/>\n<meta property=\"og:title\" content=\"Sudan, la testimonianza di Ibtisam partecipante al workshop per lo sviluppo di donne con disabilit\u00e0 - Oltremare\" \/>\n<meta property=\"og:description\" content=\"Il mio nome \u00e8 Ibtisam, da quando ero bambina, ho avuto una paralisi infantile sulla mia gamba sinistra, ma nonostante le molte sfide ho continuato con la mia vita grazie anche alla mia famiglia che si \u00e8 molto sforzata nel [&hellip;]\" \/>\n<meta property=\"og:url\" content=\"https:\/\/www.aics.gov.it\/oltremare\/rubriche\/storie-di-cooperazione\/sudan-la-testimonianza-di-ibtisam-partecipante-al-workshop-per-lo-sviluppo-di-donne-con-disabilita\/\" \/>\n<meta property=\"og:site_name\" content=\"Oltremare\" \/>\n<meta property=\"article:publisher\" content=\"https:\/\/www.facebook.com\/Agenzia-Italiana-per-la-Cooperazione-allo-Sviluppo-996004880482735\/\" \/>\n<meta property=\"article:published_time\" content=\"2018-12-20T11:24:28+00:00\" \/>\n<meta property=\"article:modified_time\" content=\"2018-12-21T16:41:12+00:00\" \/>\n<meta property=\"og:image\" content=\"https:\/\/www.aics.gov.it\/oltremare\/wp-content\/uploads\/2018\/12\/AID-10583_Diritti-Disabili_AICS_0151_small_@Laura-Savinelli.jpg\" \/>\n\t<meta property=\"og:image:width\" content=\"850\" \/>\n\t<meta property=\"og:image:height\" content=\"567\" \/>\n\t<meta property=\"og:image:type\" content=\"image\/jpeg\" \/>\n<meta name=\"author\" content=\"Sara Bonanni\" \/>\n<meta name=\"twitter:card\" content=\"summary_large_image\" \/>\n<meta name=\"twitter:creator\" content=\"@aics_it\" \/>\n<meta name=\"twitter:site\" content=\"@aics_it\" \/>\n<meta name=\"twitter:label1\" content=\"Scritto da\" \/>\n\t<meta name=\"twitter:data1\" content=\"Sara Bonanni\" \/>\n\t<meta name=\"twitter:label2\" content=\"Tempo di lettura stimato\" \/>\n\t<meta name=\"twitter:data2\" content=\"4 minuti\" \/>\n<script type=\"application\/ld+json\" class=\"yoast-schema-graph\">{\"@context\":\"https:\\\/\\\/schema.org\",\"@graph\":[{\"@type\":\"Article\",\"@id\":\"https:\\\/\\\/www.aics.gov.it\\\/oltremare\\\/rubriche\\\/storie-di-cooperazione\\\/sudan-la-testimonianza-di-ibtisam-partecipante-al-workshop-per-lo-sviluppo-di-donne-con-disabilita\\\/#article\",\"isPartOf\":{\"@id\":\"https:\\\/\\\/www.aics.gov.it\\\/oltremare\\\/rubriche\\\/storie-di-cooperazione\\\/sudan-la-testimonianza-di-ibtisam-partecipante-al-workshop-per-lo-sviluppo-di-donne-con-disabilita\\\/\"},\"author\":{\"name\":\"Sara Bonanni\",\"@id\":\"https:\\\/\\\/www.aics.gov.it\\\/oltremare\\\/#\\\/schema\\\/person\\\/4b5d1d40fd3be8a36e5612a329252969\"},\"headline\":\"Sudan, la testimonianza di Ibtisam partecipante al workshop per lo sviluppo di donne con disabilit\u00e0\",\"datePublished\":\"2018-12-20T11:24:28+00:00\",\"dateModified\":\"2018-12-21T16:41:12+00:00\",\"mainEntityOfPage\":{\"@id\":\"https:\\\/\\\/www.aics.gov.it\\\/oltremare\\\/rubriche\\\/storie-di-cooperazione\\\/sudan-la-testimonianza-di-ibtisam-partecipante-al-workshop-per-lo-sviluppo-di-donne-con-disabilita\\\/\"},\"wordCount\":884,\"commentCount\":0,\"publisher\":{\"@id\":\"https:\\\/\\\/www.aics.gov.it\\\/oltremare\\\/#organization\"},\"image\":{\"@id\":\"https:\\\/\\\/www.aics.gov.it\\\/oltremare\\\/rubriche\\\/storie-di-cooperazione\\\/sudan-la-testimonianza-di-ibtisam-partecipante-al-workshop-per-lo-sviluppo-di-donne-con-disabilita\\\/#primaryimage\"},\"thumbnailUrl\":\"https:\\\/\\\/www.aics.gov.it\\\/oltremare\\\/wp-content\\\/uploads\\\/2018\\\/12\\\/AID-10583_Diritti-Disabili_AICS_0151_small_@Laura-Savinelli.jpg\",\"articleSection\":[\"Storie di cooperazione\"],\"inLanguage\":\"it-IT\",\"potentialAction\":[{\"@type\":\"CommentAction\",\"name\":\"Comment\",\"target\":[\"https:\\\/\\\/www.aics.gov.it\\\/oltremare\\\/rubriche\\\/storie-di-cooperazione\\\/sudan-la-testimonianza-di-ibtisam-partecipante-al-workshop-per-lo-sviluppo-di-donne-con-disabilita\\\/#respond\"]}]},{\"@type\":\"WebPage\",\"@id\":\"https:\\\/\\\/www.aics.gov.it\\\/oltremare\\\/rubriche\\\/storie-di-cooperazione\\\/sudan-la-testimonianza-di-ibtisam-partecipante-al-workshop-per-lo-sviluppo-di-donne-con-disabilita\\\/\",\"url\":\"https:\\\/\\\/www.aics.gov.it\\\/oltremare\\\/rubriche\\\/storie-di-cooperazione\\\/sudan-la-testimonianza-di-ibtisam-partecipante-al-workshop-per-lo-sviluppo-di-donne-con-disabilita\\\/\",\"name\":\"Sudan, la testimonianza di Ibtisam partecipante al workshop per lo sviluppo di donne con disabilit\u00e0 - Oltremare\",\"isPartOf\":{\"@id\":\"https:\\\/\\\/www.aics.gov.it\\\/oltremare\\\/#website\"},\"primaryImageOfPage\":{\"@id\":\"https:\\\/\\\/www.aics.gov.it\\\/oltremare\\\/rubriche\\\/storie-di-cooperazione\\\/sudan-la-testimonianza-di-ibtisam-partecipante-al-workshop-per-lo-sviluppo-di-donne-con-disabilita\\\/#primaryimage\"},\"image\":{\"@id\":\"https:\\\/\\\/www.aics.gov.it\\\/oltremare\\\/rubriche\\\/storie-di-cooperazione\\\/sudan-la-testimonianza-di-ibtisam-partecipante-al-workshop-per-lo-sviluppo-di-donne-con-disabilita\\\/#primaryimage\"},\"thumbnailUrl\":\"https:\\\/\\\/www.aics.gov.it\\\/oltremare\\\/wp-content\\\/uploads\\\/2018\\\/12\\\/AID-10583_Diritti-Disabili_AICS_0151_small_@Laura-Savinelli.jpg\",\"datePublished\":\"2018-12-20T11:24:28+00:00\",\"dateModified\":\"2018-12-21T16:41:12+00:00\",\"breadcrumb\":{\"@id\":\"https:\\\/\\\/www.aics.gov.it\\\/oltremare\\\/rubriche\\\/storie-di-cooperazione\\\/sudan-la-testimonianza-di-ibtisam-partecipante-al-workshop-per-lo-sviluppo-di-donne-con-disabilita\\\/#breadcrumb\"},\"inLanguage\":\"it-IT\",\"potentialAction\":[{\"@type\":\"ReadAction\",\"target\":[\"https:\\\/\\\/www.aics.gov.it\\\/oltremare\\\/rubriche\\\/storie-di-cooperazione\\\/sudan-la-testimonianza-di-ibtisam-partecipante-al-workshop-per-lo-sviluppo-di-donne-con-disabilita\\\/\"]}]},{\"@type\":\"ImageObject\",\"inLanguage\":\"it-IT\",\"@id\":\"https:\\\/\\\/www.aics.gov.it\\\/oltremare\\\/rubriche\\\/storie-di-cooperazione\\\/sudan-la-testimonianza-di-ibtisam-partecipante-al-workshop-per-lo-sviluppo-di-donne-con-disabilita\\\/#primaryimage\",\"url\":\"https:\\\/\\\/www.aics.gov.it\\\/oltremare\\\/wp-content\\\/uploads\\\/2018\\\/12\\\/AID-10583_Diritti-Disabili_AICS_0151_small_@Laura-Savinelli.jpg\",\"contentUrl\":\"https:\\\/\\\/www.aics.gov.it\\\/oltremare\\\/wp-content\\\/uploads\\\/2018\\\/12\\\/AID-10583_Diritti-Disabili_AICS_0151_small_@Laura-Savinelli.jpg\",\"width\":850,\"height\":567},{\"@type\":\"BreadcrumbList\",\"@id\":\"https:\\\/\\\/www.aics.gov.it\\\/oltremare\\\/rubriche\\\/storie-di-cooperazione\\\/sudan-la-testimonianza-di-ibtisam-partecipante-al-workshop-per-lo-sviluppo-di-donne-con-disabilita\\\/#breadcrumb\",\"itemListElement\":[{\"@type\":\"ListItem\",\"position\":1,\"name\":\"Home\",\"item\":\"https:\\\/\\\/www.aics.gov.it\\\/oltremare\\\/\"},{\"@type\":\"ListItem\",\"position\":2,\"name\":\"Sudan, la testimonianza di Ibtisam partecipante al workshop per lo sviluppo di donne con disabilit\u00e0\"}]},{\"@type\":\"WebSite\",\"@id\":\"https:\\\/\\\/www.aics.gov.it\\\/oltremare\\\/#website\",\"url\":\"https:\\\/\\\/www.aics.gov.it\\\/oltremare\\\/\",\"name\":\"Oltremare\",\"description\":\"Il Blog della cooperazione\",\"publisher\":{\"@id\":\"https:\\\/\\\/www.aics.gov.it\\\/oltremare\\\/#organization\"},\"potentialAction\":[{\"@type\":\"SearchAction\",\"target\":{\"@type\":\"EntryPoint\",\"urlTemplate\":\"https:\\\/\\\/www.aics.gov.it\\\/oltremare\\\/?s={search_term_string}\"},\"query-input\":{\"@type\":\"PropertyValueSpecification\",\"valueRequired\":true,\"valueName\":\"search_term_string\"}}],\"inLanguage\":\"it-IT\"},{\"@type\":\"Organization\",\"@id\":\"https:\\\/\\\/www.aics.gov.it\\\/oltremare\\\/#organization\",\"name\":\"Agenzia Italiana per la Cooperazione allo Sviluppo\",\"url\":\"https:\\\/\\\/www.aics.gov.it\\\/oltremare\\\/\",\"logo\":{\"@type\":\"ImageObject\",\"inLanguage\":\"it-IT\",\"@id\":\"https:\\\/\\\/www.aics.gov.it\\\/oltremare\\\/#\\\/schema\\\/logo\\\/image\\\/\",\"url\":\"https:\\\/\\\/www.aics.gov.it\\\/oltremare\\\/wp-content\\\/uploads\\\/2018\\\/02\\\/AICS_HEADER_530x130_EC1-e1518178146163.jpg\",\"contentUrl\":\"https:\\\/\\\/www.aics.gov.it\\\/oltremare\\\/wp-content\\\/uploads\\\/2018\\\/02\\\/AICS_HEADER_530x130_EC1-e1518178146163.jpg\",\"width\":300,\"height\":74,\"caption\":\"Agenzia Italiana per la Cooperazione allo Sviluppo\"},\"image\":{\"@id\":\"https:\\\/\\\/www.aics.gov.it\\\/oltremare\\\/#\\\/schema\\\/logo\\\/image\\\/\"},\"sameAs\":[\"https:\\\/\\\/www.facebook.com\\\/Agenzia-Italiana-per-la-Cooperazione-allo-Sviluppo-996004880482735\\\/\",\"https:\\\/\\\/x.com\\\/aics_it\",\"https:\\\/\\\/www.instagram.com\\\/aics_cooperazione_it\\\/\",\"https:\\\/\\\/www.youtube.com\\\/channel\\\/UCbssygnjreKD1Se1mDeCQ5w\"]},{\"@type\":\"Person\",\"@id\":\"https:\\\/\\\/www.aics.gov.it\\\/oltremare\\\/#\\\/schema\\\/person\\\/4b5d1d40fd3be8a36e5612a329252969\",\"name\":\"Sara Bonanni\",\"image\":{\"@type\":\"ImageObject\",\"inLanguage\":\"it-IT\",\"@id\":\"https:\\\/\\\/secure.gravatar.com\\\/avatar\\\/d54c99a76e78b4d5a5560c26f15435c9c469f37c761c555aa5d4d4b69c6e9a0c?s=96&d=mm&r=g\",\"url\":\"https:\\\/\\\/secure.gravatar.com\\\/avatar\\\/d54c99a76e78b4d5a5560c26f15435c9c469f37c761c555aa5d4d4b69c6e9a0c?s=96&d=mm&r=g\",\"contentUrl\":\"https:\\\/\\\/secure.gravatar.com\\\/avatar\\\/d54c99a76e78b4d5a5560c26f15435c9c469f37c761c555aa5d4d4b69c6e9a0c?s=96&d=mm&r=g\",\"caption\":\"Sara Bonanni\"},\"url\":\"https:\\\/\\\/www.aics.gov.it\\\/oltremare\\\/author\\\/sarabonanni\\\/\"}]}<\/script>\n<!-- \/ Yoast SEO plugin. -->","yoast_head_json":{"title":"Sudan, la testimonianza di Ibtisam partecipante al workshop per lo sviluppo di donne con disabilit\u00e0 - Oltremare","robots":{"index":"index","follow":"follow","max-snippet":"max-snippet:-1","max-image-preview":"max-image-preview:large","max-video-preview":"max-video-preview:-1"},"canonical":"https:\/\/www.aics.gov.it\/oltremare\/rubriche\/storie-di-cooperazione\/sudan-la-testimonianza-di-ibtisam-partecipante-al-workshop-per-lo-sviluppo-di-donne-con-disabilita\/","og_locale":"it_IT","og_type":"article","og_title":"Sudan, la testimonianza di Ibtisam partecipante al workshop per lo sviluppo di donne con disabilit\u00e0 - Oltremare","og_description":"Il mio nome \u00e8 Ibtisam, da quando ero bambina, ho avuto una paralisi infantile sulla mia gamba sinistra, ma nonostante le molte sfide ho continuato con la mia vita grazie anche alla mia famiglia che si \u00e8 molto sforzata nel [&hellip;]","og_url":"https:\/\/www.aics.gov.it\/oltremare\/rubriche\/storie-di-cooperazione\/sudan-la-testimonianza-di-ibtisam-partecipante-al-workshop-per-lo-sviluppo-di-donne-con-disabilita\/","og_site_name":"Oltremare","article_publisher":"https:\/\/www.facebook.com\/Agenzia-Italiana-per-la-Cooperazione-allo-Sviluppo-996004880482735\/","article_published_time":"2018-12-20T11:24:28+00:00","article_modified_time":"2018-12-21T16:41:12+00:00","og_image":[{"width":850,"height":567,"url":"https:\/\/www.aics.gov.it\/oltremare\/wp-content\/uploads\/2018\/12\/AID-10583_Diritti-Disabili_AICS_0151_small_@Laura-Savinelli.jpg","type":"image\/jpeg"}],"author":"Sara Bonanni","twitter_card":"summary_large_image","twitter_creator":"@aics_it","twitter_site":"@aics_it","twitter_misc":{"Scritto da":"Sara Bonanni","Tempo di lettura stimato":"4 minuti"},"schema":{"@context":"https:\/\/schema.org","@graph":[{"@type":"Article","@id":"https:\/\/www.aics.gov.it\/oltremare\/rubriche\/storie-di-cooperazione\/sudan-la-testimonianza-di-ibtisam-partecipante-al-workshop-per-lo-sviluppo-di-donne-con-disabilita\/#article","isPartOf":{"@id":"https:\/\/www.aics.gov.it\/oltremare\/rubriche\/storie-di-cooperazione\/sudan-la-testimonianza-di-ibtisam-partecipante-al-workshop-per-lo-sviluppo-di-donne-con-disabilita\/"},"author":{"name":"Sara Bonanni","@id":"https:\/\/www.aics.gov.it\/oltremare\/#\/schema\/person\/4b5d1d40fd3be8a36e5612a329252969"},"headline":"Sudan, la testimonianza di Ibtisam partecipante al workshop per lo sviluppo di donne con disabilit\u00e0","datePublished":"2018-12-20T11:24:28+00:00","dateModified":"2018-12-21T16:41:12+00:00","mainEntityOfPage":{"@id":"https:\/\/www.aics.gov.it\/oltremare\/rubriche\/storie-di-cooperazione\/sudan-la-testimonianza-di-ibtisam-partecipante-al-workshop-per-lo-sviluppo-di-donne-con-disabilita\/"},"wordCount":884,"commentCount":0,"publisher":{"@id":"https:\/\/www.aics.gov.it\/oltremare\/#organization"},"image":{"@id":"https:\/\/www.aics.gov.it\/oltremare\/rubriche\/storie-di-cooperazione\/sudan-la-testimonianza-di-ibtisam-partecipante-al-workshop-per-lo-sviluppo-di-donne-con-disabilita\/#primaryimage"},"thumbnailUrl":"https:\/\/www.aics.gov.it\/oltremare\/wp-content\/uploads\/2018\/12\/AID-10583_Diritti-Disabili_AICS_0151_small_@Laura-Savinelli.jpg","articleSection":["Storie di cooperazione"],"inLanguage":"it-IT","potentialAction":[{"@type":"CommentAction","name":"Comment","target":["https:\/\/www.aics.gov.it\/oltremare\/rubriche\/storie-di-cooperazione\/sudan-la-testimonianza-di-ibtisam-partecipante-al-workshop-per-lo-sviluppo-di-donne-con-disabilita\/#respond"]}]},{"@type":"WebPage","@id":"https:\/\/www.aics.gov.it\/oltremare\/rubriche\/storie-di-cooperazione\/sudan-la-testimonianza-di-ibtisam-partecipante-al-workshop-per-lo-sviluppo-di-donne-con-disabilita\/","url":"https:\/\/www.aics.gov.it\/oltremare\/rubriche\/storie-di-cooperazione\/sudan-la-testimonianza-di-ibtisam-partecipante-al-workshop-per-lo-sviluppo-di-donne-con-disabilita\/","name":"Sudan, la testimonianza di Ibtisam partecipante al workshop per lo sviluppo di donne con disabilit\u00e0 - Oltremare","isPartOf":{"@id":"https:\/\/www.aics.gov.it\/oltremare\/#website"},"primaryImageOfPage":{"@id":"https:\/\/www.aics.gov.it\/oltremare\/rubriche\/storie-di-cooperazione\/sudan-la-testimonianza-di-ibtisam-partecipante-al-workshop-per-lo-sviluppo-di-donne-con-disabilita\/#primaryimage"},"image":{"@id":"https:\/\/www.aics.gov.it\/oltremare\/rubriche\/storie-di-cooperazione\/sudan-la-testimonianza-di-ibtisam-partecipante-al-workshop-per-lo-sviluppo-di-donne-con-disabilita\/#primaryimage"},"thumbnailUrl":"https:\/\/www.aics.gov.it\/oltremare\/wp-content\/uploads\/2018\/12\/AID-10583_Diritti-Disabili_AICS_0151_small_@Laura-Savinelli.jpg","datePublished":"2018-12-20T11:24:28+00:00","dateModified":"2018-12-21T16:41:12+00:00","breadcrumb":{"@id":"https:\/\/www.aics.gov.it\/oltremare\/rubriche\/storie-di-cooperazione\/sudan-la-testimonianza-di-ibtisam-partecipante-al-workshop-per-lo-sviluppo-di-donne-con-disabilita\/#breadcrumb"},"inLanguage":"it-IT","potentialAction":[{"@type":"ReadAction","target":["https:\/\/www.aics.gov.it\/oltremare\/rubriche\/storie-di-cooperazione\/sudan-la-testimonianza-di-ibtisam-partecipante-al-workshop-per-lo-sviluppo-di-donne-con-disabilita\/"]}]},{"@type":"ImageObject","inLanguage":"it-IT","@id":"https:\/\/www.aics.gov.it\/oltremare\/rubriche\/storie-di-cooperazione\/sudan-la-testimonianza-di-ibtisam-partecipante-al-workshop-per-lo-sviluppo-di-donne-con-disabilita\/#primaryimage","url":"https:\/\/www.aics.gov.it\/oltremare\/wp-content\/uploads\/2018\/12\/AID-10583_Diritti-Disabili_AICS_0151_small_@Laura-Savinelli.jpg","contentUrl":"https:\/\/www.aics.gov.it\/oltremare\/wp-content\/uploads\/2018\/12\/AID-10583_Diritti-Disabili_AICS_0151_small_@Laura-Savinelli.jpg","width":850,"height":567},{"@type":"BreadcrumbList","@id":"https:\/\/www.aics.gov.it\/oltremare\/rubriche\/storie-di-cooperazione\/sudan-la-testimonianza-di-ibtisam-partecipante-al-workshop-per-lo-sviluppo-di-donne-con-disabilita\/#breadcrumb","itemListElement":[{"@type":"ListItem","position":1,"name":"Home","item":"https:\/\/www.aics.gov.it\/oltremare\/"},{"@type":"ListItem","position":2,"name":"Sudan, la testimonianza di Ibtisam partecipante al workshop per lo sviluppo di donne con disabilit\u00e0"}]},{"@type":"WebSite","@id":"https:\/\/www.aics.gov.it\/oltremare\/#website","url":"https:\/\/www.aics.gov.it\/oltremare\/","name":"Oltremare","description":"Il Blog della cooperazione","publisher":{"@id":"https:\/\/www.aics.gov.it\/oltremare\/#organization"},"potentialAction":[{"@type":"SearchAction","target":{"@type":"EntryPoint","urlTemplate":"https:\/\/www.aics.gov.it\/oltremare\/?s={search_term_string}"},"query-input":{"@type":"PropertyValueSpecification","valueRequired":true,"valueName":"search_term_string"}}],"inLanguage":"it-IT"},{"@type":"Organization","@id":"https:\/\/www.aics.gov.it\/oltremare\/#organization","name":"Agenzia Italiana per la Cooperazione allo Sviluppo","url":"https:\/\/www.aics.gov.it\/oltremare\/","logo":{"@type":"ImageObject","inLanguage":"it-IT","@id":"https:\/\/www.aics.gov.it\/oltremare\/#\/schema\/logo\/image\/","url":"https:\/\/www.aics.gov.it\/oltremare\/wp-content\/uploads\/2018\/02\/AICS_HEADER_530x130_EC1-e1518178146163.jpg","contentUrl":"https:\/\/www.aics.gov.it\/oltremare\/wp-content\/uploads\/2018\/02\/AICS_HEADER_530x130_EC1-e1518178146163.jpg","width":300,"height":74,"caption":"Agenzia Italiana per la Cooperazione allo Sviluppo"},"image":{"@id":"https:\/\/www.aics.gov.it\/oltremare\/#\/schema\/logo\/image\/"},"sameAs":["https:\/\/www.facebook.com\/Agenzia-Italiana-per-la-Cooperazione-allo-Sviluppo-996004880482735\/","https:\/\/x.com\/aics_it","https:\/\/www.instagram.com\/aics_cooperazione_it\/","https:\/\/www.youtube.com\/channel\/UCbssygnjreKD1Se1mDeCQ5w"]},{"@type":"Person","@id":"https:\/\/www.aics.gov.it\/oltremare\/#\/schema\/person\/4b5d1d40fd3be8a36e5612a329252969","name":"Sara Bonanni","image":{"@type":"ImageObject","inLanguage":"it-IT","@id":"https:\/\/secure.gravatar.com\/avatar\/d54c99a76e78b4d5a5560c26f15435c9c469f37c761c555aa5d4d4b69c6e9a0c?s=96&d=mm&r=g","url":"https:\/\/secure.gravatar.com\/avatar\/d54c99a76e78b4d5a5560c26f15435c9c469f37c761c555aa5d4d4b69c6e9a0c?s=96&d=mm&r=g","contentUrl":"https:\/\/secure.gravatar.com\/avatar\/d54c99a76e78b4d5a5560c26f15435c9c469f37c761c555aa5d4d4b69c6e9a0c?s=96&d=mm&r=g","caption":"Sara Bonanni"},"url":"https:\/\/www.aics.gov.it\/oltremare\/author\/sarabonanni\/"}]}},"_links":{"self":[{"href":"https:\/\/www.aics.gov.it\/oltremare\/wp-json\/wp\/v2\/posts\/7716","targetHints":{"allow":["GET"]}}],"collection":[{"href":"https:\/\/www.aics.gov.it\/oltremare\/wp-json\/wp\/v2\/posts"}],"about":[{"href":"https:\/\/www.aics.gov.it\/oltremare\/wp-json\/wp\/v2\/types\/post"}],"author":[{"embeddable":true,"href":"https:\/\/www.aics.gov.it\/oltremare\/wp-json\/wp\/v2\/users\/14"}],"replies":[{"embeddable":true,"href":"https:\/\/www.aics.gov.it\/oltremare\/wp-json\/wp\/v2\/comments?post=7716"}],"version-history":[{"count":3,"href":"https:\/\/www.aics.gov.it\/oltremare\/wp-json\/wp\/v2\/posts\/7716\/revisions"}],"predecessor-version":[{"id":7728,"href":"https:\/\/www.aics.gov.it\/oltremare\/wp-json\/wp\/v2\/posts\/7716\/revisions\/7728"}],"wp:featuredmedia":[{"embeddable":true,"href":"https:\/\/www.aics.gov.it\/oltremare\/wp-json\/wp\/v2\/media\/7717"}],"wp:attachment":[{"href":"https:\/\/www.aics.gov.it\/oltremare\/wp-json\/wp\/v2\/media?parent=7716"}],"wp:term":[{"taxonomy":"category","embeddable":true,"href":"https:\/\/www.aics.gov.it\/oltremare\/wp-json\/wp\/v2\/categories?post=7716"},{"taxonomy":"post_tag","embeddable":true,"href":"https:\/\/www.aics.gov.it\/oltremare\/wp-json\/wp\/v2\/tags?post=7716"}],"curies":[{"name":"wp","href":"https:\/\/api.w.org\/{rel}","templated":true}]}}