{"id":7903,"date":"2019-02-27T18:57:01","date_gmt":"2019-02-27T17:57:01","guid":{"rendered":"https:\/\/www.aics.gov.it\/oltremare\/?p=7903"},"modified":"2019-02-27T18:58:00","modified_gmt":"2019-02-27T17:58:00","slug":"pakistan-investire-sulle-capacita-locali-per-ridurre-la-poverta","status":"publish","type":"post","link":"https:\/\/www.aics.gov.it\/oltremare\/rubriche\/dal-mondo-accademico\/pakistan-investire-sulle-capacita-locali-per-ridurre-la-poverta\/","title":{"rendered":"Pakistan: investire sulle capacit\u00e0 locali per ridurre la povert\u00e0"},"content":{"rendered":"<p>L&#8217;Aics e la Direzione della Cooperazione allo Sviluppo del Maeci insieme alla LUISS Business School per creare condizioni sostenibili di sviluppo attraverso lo sviluppo delle competenze professionali dei giovani e delle donne pakistani.<\/p>\n<p><!--more--><\/p>\n<p>Tra il 22 e il 24 gennaio 2019 si \u00e8 tenuto a Islamabad il kick-off meeting del progetto \u201cPoverty Reduction through Rural Development in Balochistan, Khyber Pakhtunkhwa, Federally Administered Tribal Areas and Neighboring Areas\u201d, commissionato da PPAF \u2013 Pakistan Poverty Alleviation Fund, finanziato da AICS \u2013Agenzia Italiana per la Cooperazione allo Sviluppo e dalla Direzione Cooperazione allo Sviluppo del Ministero degli Esteri Italiano, e realizzato dalla LUISS Business School, una divisione dell\u2019Universit\u00e0 LUISS Guido Carli.<\/p>\n<p>Il progetto fa parte di un programma pi\u00f9 ampio, il Programme for Poverty Reduction, finanziato per 40 milioni di euro da AICS e che include, oltre il PPAF, 17 organizzazioni partner, 38 governi locali (Union Council) in 14 distretti tra i meno sviluppati del Pakistan. L\u2019obiettivo generale del programma \u00e8 \u201cridurre la povert\u00e0 della popolazione attraverso la creazione di condizioni sostenibili di sviluppo sociale ed economico, compresi aumento di reddito e capacit\u00e0 produttiva\u201d.<\/p>\n<p>Il progetto specifico che LUISS Business School porter\u00e0 avanti riguarda il capacity building di conoscenze, strumenti e capacit\u00e0 di networking per: (i) potenziare e sviluppare le comunit\u00e0 locali; (ii) creare opportunit\u00e0 di sostentamento per le comunit\u00e0 e i gruppi emarginati (in particolare i giovani e le donne appartenenti alle comunit\u00e0); (iii) aumentare la promozione della salute e l&#8217;educazione attraverso lo stile di vita e la ristrutturazione dell&#8217;erogazione dei servizi.<\/p>\n<p>&nbsp;<\/p>\n<p><img loading=\"lazy\" decoding=\"async\" class=\"size-large wp-image-7906\" src=\"https:\/\/www.aics.gov.it\/oltremare\/wp-content\/uploads\/2019\/02\/foto-2-dal-mondo-accademico-1024x768.jpg\" alt=\"\" width=\"1024\" height=\"768\" srcset=\"https:\/\/www.aics.gov.it\/oltremare\/wp-content\/uploads\/2019\/02\/foto-2-dal-mondo-accademico-1024x768.jpg 1024w, https:\/\/www.aics.gov.it\/oltremare\/wp-content\/uploads\/2019\/02\/foto-2-dal-mondo-accademico-600x450.jpg 600w, https:\/\/www.aics.gov.it\/oltremare\/wp-content\/uploads\/2019\/02\/foto-2-dal-mondo-accademico-768x576.jpg 768w, https:\/\/www.aics.gov.it\/oltremare\/wp-content\/uploads\/2019\/02\/foto-2-dal-mondo-accademico.jpg 1440w\" sizes=\"auto, (max-width: 1024px) 100vw, 1024px\" \/><\/p>\n<p>&nbsp;<\/p>\n<p>Il progetto si articoler\u00e0 in 7 corsi formativi intensivi sulle diverse tematiche connesse allo sviluppo rurale e sar\u00e0 rivolto a 95 rappresentanti pakistani del PPAF, delle organizzazioni partner del PPAF, dei governi locali e delle comunit\u00e0 locali delle aree pi\u00f9 vulnerabili del Pakistan. I corsi si terranno presso la LUISS Business School, oltre che in Emilia Romagna, Puglia e Sardegna. Le visite di studio in Italia esporranno i partecipanti alle peculiari best practice, innovazioni e soluzioni organizzative per lo sviluppo del Paese, che possono essere adattate in Pakistan.<\/p>\n<p>I temi dei corsi riguardano in particolare:<\/p>\n<ol>\n<li>Meccanismi per il community engagement nei servizi sociali<\/li>\n<li>Politiche per lo sviluppo e il coinvolgimento dei giovani in attivit\u00e0 economiche e sociali<\/li>\n<li>La filiera dell\u2019olio d\u2019oliva<\/li>\n<li>Il modello cooperativo per lo sviluppo rurale<\/li>\n<li>Le tecnologie per l\u2019educazione a distanza<\/li>\n<li>Nutrizione e salute<\/li>\n<li>Marketing territoriale<\/li>\n<\/ol>\n<p>LUISS Business School propone una modalit\u00e0 formativa integrata composta di lezioni teoriche, testimonianze di esperti del settore, visite a aziende e a istituzioni locali. Gli incontri, oltre a fornire conoscenze nuove, saranno occasioni di incontro e di collaborazione con i business italiani locali. Alla fine di ogni percorso, per lo pi\u00f9 di una settimana di durata, i partecipanti divisi in gruppi per aree geografiche svilupperanno dei piani di azione condivisi tra rappresentanti dei governi locali e delle comunit\u00e0 locali. La partecipazione del personale PPAF e delle partner organization (responsabili della progettazione e esecuzione a livello locale) garantir\u00e0 il necessario supporto per l\u2019esecuzione degli action plan.<\/p>\n<p>I risultati attesi includono il rafforzamento delle capacit\u00e0 di progettazione e gestione, lo sviluppo di un approccio integrato governi-comunit\u00e0 all\u2019interno delle aree territoriali e miglioramenti in settori quali l\u2019agricoltura, l\u2019istruzione, il turismo, l\u2019artigianato, la governance locale, la sanit\u00e0.<\/p>\n","protected":false},"excerpt":{"rendered":"<p>L&#8217;Aics e la Direzione della Cooperazione allo Sviluppo del Maeci insieme alla LUISS Business School per creare condizioni sostenibili di sviluppo attraverso lo sviluppo delle competenze professionali dei giovani e delle donne pakistani.<\/p>\n","protected":false},"author":1,"featured_media":7907,"comment_status":"open","ping_status":"open","sticky":false,"template":"","format":"standard","meta":{"footnotes":""},"categories":[141],"tags":[],"class_list":["post-7903","post","type-post","status-publish","format-standard","has-post-thumbnail","hentry","category-dal-mondo-accademico"],"yoast_head":"<!-- This site is optimized with the Yoast SEO plugin v27.5 - https:\/\/yoast.com\/product\/yoast-seo-wordpress\/ -->\n<title>Pakistan: investire sulle capacit\u00e0 locali per ridurre la povert\u00e0 - Oltremare<\/title>\n<meta name=\"robots\" content=\"index, follow, max-snippet:-1, max-image-preview:large, max-video-preview:-1\" \/>\n<link rel=\"canonical\" href=\"https:\/\/www.aics.gov.it\/oltremare\/rubriche\/dal-mondo-accademico\/pakistan-investire-sulle-capacita-locali-per-ridurre-la-poverta\/\" \/>\n<meta property=\"og:locale\" content=\"it_IT\" \/>\n<meta property=\"og:type\" content=\"article\" \/>\n<meta property=\"og:title\" content=\"Pakistan: investire sulle capacit\u00e0 locali per ridurre la povert\u00e0 - Oltremare\" \/>\n<meta property=\"og:description\" content=\"L&#8217;Aics e la Direzione della Cooperazione allo Sviluppo del Maeci insieme alla LUISS Business School per creare condizioni sostenibili di sviluppo attraverso lo sviluppo delle competenze professionali dei giovani e delle donne pakistani.\" \/>\n<meta property=\"og:url\" content=\"https:\/\/www.aics.gov.it\/oltremare\/rubriche\/dal-mondo-accademico\/pakistan-investire-sulle-capacita-locali-per-ridurre-la-poverta\/\" \/>\n<meta property=\"og:site_name\" content=\"Oltremare\" \/>\n<meta property=\"article:publisher\" content=\"https:\/\/www.facebook.com\/Agenzia-Italiana-per-la-Cooperazione-allo-Sviluppo-996004880482735\/\" \/>\n<meta property=\"article:published_time\" content=\"2019-02-27T17:57:01+00:00\" \/>\n<meta property=\"article:modified_time\" content=\"2019-02-27T17:58:00+00:00\" \/>\n<meta property=\"og:image\" content=\"https:\/\/www.aics.gov.it\/oltremare\/wp-content\/uploads\/2019\/02\/foto-dal-mondo-accdemico.jpg\" \/>\n\t<meta property=\"og:image:width\" content=\"1440\" \/>\n\t<meta property=\"og:image:height\" content=\"1080\" \/>\n\t<meta property=\"og:image:type\" content=\"image\/jpeg\" \/>\n<meta name=\"author\" content=\"Oltremare\" \/>\n<meta name=\"twitter:card\" content=\"summary_large_image\" \/>\n<meta name=\"twitter:creator\" content=\"@aics_it\" \/>\n<meta name=\"twitter:site\" content=\"@aics_it\" \/>\n<meta name=\"twitter:label1\" content=\"Scritto da\" \/>\n\t<meta name=\"twitter:data1\" content=\"Roberto Dandi\" \/>\n\t<meta name=\"twitter:label2\" content=\"Tempo di lettura stimato\" \/>\n\t<meta name=\"twitter:data2\" content=\"3 minuti\" \/>\n<script type=\"application\/ld+json\" class=\"yoast-schema-graph\">{\"@context\":\"https:\\\/\\\/schema.org\",\"@graph\":[{\"@type\":\"Article\",\"@id\":\"https:\\\/\\\/www.aics.gov.it\\\/oltremare\\\/rubriche\\\/dal-mondo-accademico\\\/pakistan-investire-sulle-capacita-locali-per-ridurre-la-poverta\\\/#article\",\"isPartOf\":{\"@id\":\"https:\\\/\\\/www.aics.gov.it\\\/oltremare\\\/rubriche\\\/dal-mondo-accademico\\\/pakistan-investire-sulle-capacita-locali-per-ridurre-la-poverta\\\/\"},\"author\":{\"name\":\"Oltremare\",\"@id\":\"https:\\\/\\\/www.aics.gov.it\\\/oltremare\\\/#\\\/schema\\\/person\\\/839e251090f440ea6a1f960a5050e424\"},\"headline\":\"Pakistan: investire sulle capacit\u00e0 locali per ridurre la povert\u00e0\",\"datePublished\":\"2019-02-27T17:57:01+00:00\",\"dateModified\":\"2019-02-27T17:58:00+00:00\",\"mainEntityOfPage\":{\"@id\":\"https:\\\/\\\/www.aics.gov.it\\\/oltremare\\\/rubriche\\\/dal-mondo-accademico\\\/pakistan-investire-sulle-capacita-locali-per-ridurre-la-poverta\\\/\"},\"wordCount\":544,\"commentCount\":0,\"publisher\":{\"@id\":\"https:\\\/\\\/www.aics.gov.it\\\/oltremare\\\/#organization\"},\"image\":{\"@id\":\"https:\\\/\\\/www.aics.gov.it\\\/oltremare\\\/rubriche\\\/dal-mondo-accademico\\\/pakistan-investire-sulle-capacita-locali-per-ridurre-la-poverta\\\/#primaryimage\"},\"thumbnailUrl\":\"https:\\\/\\\/www.aics.gov.it\\\/oltremare\\\/wp-content\\\/uploads\\\/2019\\\/02\\\/foto-dal-mondo-accdemico.jpg\",\"articleSection\":[\"Dal mondo accademico\"],\"inLanguage\":\"it-IT\",\"potentialAction\":[{\"@type\":\"CommentAction\",\"name\":\"Comment\",\"target\":[\"https:\\\/\\\/www.aics.gov.it\\\/oltremare\\\/rubriche\\\/dal-mondo-accademico\\\/pakistan-investire-sulle-capacita-locali-per-ridurre-la-poverta\\\/#respond\"]}]},{\"@type\":\"WebPage\",\"@id\":\"https:\\\/\\\/www.aics.gov.it\\\/oltremare\\\/rubriche\\\/dal-mondo-accademico\\\/pakistan-investire-sulle-capacita-locali-per-ridurre-la-poverta\\\/\",\"url\":\"https:\\\/\\\/www.aics.gov.it\\\/oltremare\\\/rubriche\\\/dal-mondo-accademico\\\/pakistan-investire-sulle-capacita-locali-per-ridurre-la-poverta\\\/\",\"name\":\"Pakistan: investire sulle capacit\u00e0 locali per ridurre la povert\u00e0 - Oltremare\",\"isPartOf\":{\"@id\":\"https:\\\/\\\/www.aics.gov.it\\\/oltremare\\\/#website\"},\"primaryImageOfPage\":{\"@id\":\"https:\\\/\\\/www.aics.gov.it\\\/oltremare\\\/rubriche\\\/dal-mondo-accademico\\\/pakistan-investire-sulle-capacita-locali-per-ridurre-la-poverta\\\/#primaryimage\"},\"image\":{\"@id\":\"https:\\\/\\\/www.aics.gov.it\\\/oltremare\\\/rubriche\\\/dal-mondo-accademico\\\/pakistan-investire-sulle-capacita-locali-per-ridurre-la-poverta\\\/#primaryimage\"},\"thumbnailUrl\":\"https:\\\/\\\/www.aics.gov.it\\\/oltremare\\\/wp-content\\\/uploads\\\/2019\\\/02\\\/foto-dal-mondo-accdemico.jpg\",\"datePublished\":\"2019-02-27T17:57:01+00:00\",\"dateModified\":\"2019-02-27T17:58:00+00:00\",\"breadcrumb\":{\"@id\":\"https:\\\/\\\/www.aics.gov.it\\\/oltremare\\\/rubriche\\\/dal-mondo-accademico\\\/pakistan-investire-sulle-capacita-locali-per-ridurre-la-poverta\\\/#breadcrumb\"},\"inLanguage\":\"it-IT\",\"potentialAction\":[{\"@type\":\"ReadAction\",\"target\":[\"https:\\\/\\\/www.aics.gov.it\\\/oltremare\\\/rubriche\\\/dal-mondo-accademico\\\/pakistan-investire-sulle-capacita-locali-per-ridurre-la-poverta\\\/\"]}]},{\"@type\":\"ImageObject\",\"inLanguage\":\"it-IT\",\"@id\":\"https:\\\/\\\/www.aics.gov.it\\\/oltremare\\\/rubriche\\\/dal-mondo-accademico\\\/pakistan-investire-sulle-capacita-locali-per-ridurre-la-poverta\\\/#primaryimage\",\"url\":\"https:\\\/\\\/www.aics.gov.it\\\/oltremare\\\/wp-content\\\/uploads\\\/2019\\\/02\\\/foto-dal-mondo-accdemico.jpg\",\"contentUrl\":\"https:\\\/\\\/www.aics.gov.it\\\/oltremare\\\/wp-content\\\/uploads\\\/2019\\\/02\\\/foto-dal-mondo-accdemico.jpg\",\"width\":1440,\"height\":1080,\"caption\":\"dav\"},{\"@type\":\"BreadcrumbList\",\"@id\":\"https:\\\/\\\/www.aics.gov.it\\\/oltremare\\\/rubriche\\\/dal-mondo-accademico\\\/pakistan-investire-sulle-capacita-locali-per-ridurre-la-poverta\\\/#breadcrumb\",\"itemListElement\":[{\"@type\":\"ListItem\",\"position\":1,\"name\":\"Home\",\"item\":\"https:\\\/\\\/www.aics.gov.it\\\/oltremare\\\/\"},{\"@type\":\"ListItem\",\"position\":2,\"name\":\"Pakistan: investire sulle capacit\u00e0 locali per ridurre la povert\u00e0\"}]},{\"@type\":\"WebSite\",\"@id\":\"https:\\\/\\\/www.aics.gov.it\\\/oltremare\\\/#website\",\"url\":\"https:\\\/\\\/www.aics.gov.it\\\/oltremare\\\/\",\"name\":\"Oltremare\",\"description\":\"Il Blog della cooperazione\",\"publisher\":{\"@id\":\"https:\\\/\\\/www.aics.gov.it\\\/oltremare\\\/#organization\"},\"potentialAction\":[{\"@type\":\"SearchAction\",\"target\":{\"@type\":\"EntryPoint\",\"urlTemplate\":\"https:\\\/\\\/www.aics.gov.it\\\/oltremare\\\/?s={search_term_string}\"},\"query-input\":{\"@type\":\"PropertyValueSpecification\",\"valueRequired\":true,\"valueName\":\"search_term_string\"}}],\"inLanguage\":\"it-IT\"},{\"@type\":\"Organization\",\"@id\":\"https:\\\/\\\/www.aics.gov.it\\\/oltremare\\\/#organization\",\"name\":\"Agenzia Italiana per la Cooperazione allo Sviluppo\",\"url\":\"https:\\\/\\\/www.aics.gov.it\\\/oltremare\\\/\",\"logo\":{\"@type\":\"ImageObject\",\"inLanguage\":\"it-IT\",\"@id\":\"https:\\\/\\\/www.aics.gov.it\\\/oltremare\\\/#\\\/schema\\\/logo\\\/image\\\/\",\"url\":\"https:\\\/\\\/www.aics.gov.it\\\/oltremare\\\/wp-content\\\/uploads\\\/2018\\\/02\\\/AICS_HEADER_530x130_EC1-e1518178146163.jpg\",\"contentUrl\":\"https:\\\/\\\/www.aics.gov.it\\\/oltremare\\\/wp-content\\\/uploads\\\/2018\\\/02\\\/AICS_HEADER_530x130_EC1-e1518178146163.jpg\",\"width\":300,\"height\":74,\"caption\":\"Agenzia Italiana per la Cooperazione allo Sviluppo\"},\"image\":{\"@id\":\"https:\\\/\\\/www.aics.gov.it\\\/oltremare\\\/#\\\/schema\\\/logo\\\/image\\\/\"},\"sameAs\":[\"https:\\\/\\\/www.facebook.com\\\/Agenzia-Italiana-per-la-Cooperazione-allo-Sviluppo-996004880482735\\\/\",\"https:\\\/\\\/x.com\\\/aics_it\",\"https:\\\/\\\/www.instagram.com\\\/aics_cooperazione_it\\\/\",\"https:\\\/\\\/www.youtube.com\\\/channel\\\/UCbssygnjreKD1Se1mDeCQ5w\"]},{\"@type\":\"Person\",\"@id\":\"https:\\\/\\\/www.aics.gov.it\\\/oltremare\\\/#\\\/schema\\\/person\\\/839e251090f440ea6a1f960a5050e424\",\"name\":\"Oltremare\",\"image\":{\"@type\":\"ImageObject\",\"inLanguage\":\"it-IT\",\"@id\":\"https:\\\/\\\/secure.gravatar.com\\\/avatar\\\/5bdd54efc610ff3db8c53755c1599daf68165eb144e678103c1ac46fb81fe6a0?s=96&d=mm&r=g\",\"url\":\"https:\\\/\\\/secure.gravatar.com\\\/avatar\\\/5bdd54efc610ff3db8c53755c1599daf68165eb144e678103c1ac46fb81fe6a0?s=96&d=mm&r=g\",\"contentUrl\":\"https:\\\/\\\/secure.gravatar.com\\\/avatar\\\/5bdd54efc610ff3db8c53755c1599daf68165eb144e678103c1ac46fb81fe6a0?s=96&d=mm&r=g\",\"caption\":\"Oltremare\"},\"url\":\"\"}]}<\/script>\n<!-- \/ Yoast SEO plugin. -->","yoast_head_json":{"title":"Pakistan: investire sulle capacit\u00e0 locali per ridurre la povert\u00e0 - Oltremare","robots":{"index":"index","follow":"follow","max-snippet":"max-snippet:-1","max-image-preview":"max-image-preview:large","max-video-preview":"max-video-preview:-1"},"canonical":"https:\/\/www.aics.gov.it\/oltremare\/rubriche\/dal-mondo-accademico\/pakistan-investire-sulle-capacita-locali-per-ridurre-la-poverta\/","og_locale":"it_IT","og_type":"article","og_title":"Pakistan: investire sulle capacit\u00e0 locali per ridurre la povert\u00e0 - Oltremare","og_description":"L&#8217;Aics e la Direzione della Cooperazione allo Sviluppo del Maeci insieme alla LUISS Business School per creare condizioni sostenibili di sviluppo attraverso lo sviluppo delle competenze professionali dei giovani e delle donne pakistani.","og_url":"https:\/\/www.aics.gov.it\/oltremare\/rubriche\/dal-mondo-accademico\/pakistan-investire-sulle-capacita-locali-per-ridurre-la-poverta\/","og_site_name":"Oltremare","article_publisher":"https:\/\/www.facebook.com\/Agenzia-Italiana-per-la-Cooperazione-allo-Sviluppo-996004880482735\/","article_published_time":"2019-02-27T17:57:01+00:00","article_modified_time":"2019-02-27T17:58:00+00:00","og_image":[{"width":1440,"height":1080,"url":"https:\/\/www.aics.gov.it\/oltremare\/wp-content\/uploads\/2019\/02\/foto-dal-mondo-accdemico.jpg","type":"image\/jpeg"}],"author":"Oltremare","twitter_card":"summary_large_image","twitter_creator":"@aics_it","twitter_site":"@aics_it","twitter_misc":{"Scritto da":"Roberto Dandi","Tempo di lettura stimato":"3 minuti"},"schema":{"@context":"https:\/\/schema.org","@graph":[{"@type":"Article","@id":"https:\/\/www.aics.gov.it\/oltremare\/rubriche\/dal-mondo-accademico\/pakistan-investire-sulle-capacita-locali-per-ridurre-la-poverta\/#article","isPartOf":{"@id":"https:\/\/www.aics.gov.it\/oltremare\/rubriche\/dal-mondo-accademico\/pakistan-investire-sulle-capacita-locali-per-ridurre-la-poverta\/"},"author":{"name":"Oltremare","@id":"https:\/\/www.aics.gov.it\/oltremare\/#\/schema\/person\/839e251090f440ea6a1f960a5050e424"},"headline":"Pakistan: investire sulle capacit\u00e0 locali per ridurre la povert\u00e0","datePublished":"2019-02-27T17:57:01+00:00","dateModified":"2019-02-27T17:58:00+00:00","mainEntityOfPage":{"@id":"https:\/\/www.aics.gov.it\/oltremare\/rubriche\/dal-mondo-accademico\/pakistan-investire-sulle-capacita-locali-per-ridurre-la-poverta\/"},"wordCount":544,"commentCount":0,"publisher":{"@id":"https:\/\/www.aics.gov.it\/oltremare\/#organization"},"image":{"@id":"https:\/\/www.aics.gov.it\/oltremare\/rubriche\/dal-mondo-accademico\/pakistan-investire-sulle-capacita-locali-per-ridurre-la-poverta\/#primaryimage"},"thumbnailUrl":"https:\/\/www.aics.gov.it\/oltremare\/wp-content\/uploads\/2019\/02\/foto-dal-mondo-accdemico.jpg","articleSection":["Dal mondo accademico"],"inLanguage":"it-IT","potentialAction":[{"@type":"CommentAction","name":"Comment","target":["https:\/\/www.aics.gov.it\/oltremare\/rubriche\/dal-mondo-accademico\/pakistan-investire-sulle-capacita-locali-per-ridurre-la-poverta\/#respond"]}]},{"@type":"WebPage","@id":"https:\/\/www.aics.gov.it\/oltremare\/rubriche\/dal-mondo-accademico\/pakistan-investire-sulle-capacita-locali-per-ridurre-la-poverta\/","url":"https:\/\/www.aics.gov.it\/oltremare\/rubriche\/dal-mondo-accademico\/pakistan-investire-sulle-capacita-locali-per-ridurre-la-poverta\/","name":"Pakistan: investire sulle capacit\u00e0 locali per ridurre la povert\u00e0 - Oltremare","isPartOf":{"@id":"https:\/\/www.aics.gov.it\/oltremare\/#website"},"primaryImageOfPage":{"@id":"https:\/\/www.aics.gov.it\/oltremare\/rubriche\/dal-mondo-accademico\/pakistan-investire-sulle-capacita-locali-per-ridurre-la-poverta\/#primaryimage"},"image":{"@id":"https:\/\/www.aics.gov.it\/oltremare\/rubriche\/dal-mondo-accademico\/pakistan-investire-sulle-capacita-locali-per-ridurre-la-poverta\/#primaryimage"},"thumbnailUrl":"https:\/\/www.aics.gov.it\/oltremare\/wp-content\/uploads\/2019\/02\/foto-dal-mondo-accdemico.jpg","datePublished":"2019-02-27T17:57:01+00:00","dateModified":"2019-02-27T17:58:00+00:00","breadcrumb":{"@id":"https:\/\/www.aics.gov.it\/oltremare\/rubriche\/dal-mondo-accademico\/pakistan-investire-sulle-capacita-locali-per-ridurre-la-poverta\/#breadcrumb"},"inLanguage":"it-IT","potentialAction":[{"@type":"ReadAction","target":["https:\/\/www.aics.gov.it\/oltremare\/rubriche\/dal-mondo-accademico\/pakistan-investire-sulle-capacita-locali-per-ridurre-la-poverta\/"]}]},{"@type":"ImageObject","inLanguage":"it-IT","@id":"https:\/\/www.aics.gov.it\/oltremare\/rubriche\/dal-mondo-accademico\/pakistan-investire-sulle-capacita-locali-per-ridurre-la-poverta\/#primaryimage","url":"https:\/\/www.aics.gov.it\/oltremare\/wp-content\/uploads\/2019\/02\/foto-dal-mondo-accdemico.jpg","contentUrl":"https:\/\/www.aics.gov.it\/oltremare\/wp-content\/uploads\/2019\/02\/foto-dal-mondo-accdemico.jpg","width":1440,"height":1080,"caption":"dav"},{"@type":"BreadcrumbList","@id":"https:\/\/www.aics.gov.it\/oltremare\/rubriche\/dal-mondo-accademico\/pakistan-investire-sulle-capacita-locali-per-ridurre-la-poverta\/#breadcrumb","itemListElement":[{"@type":"ListItem","position":1,"name":"Home","item":"https:\/\/www.aics.gov.it\/oltremare\/"},{"@type":"ListItem","position":2,"name":"Pakistan: investire sulle capacit\u00e0 locali per ridurre la povert\u00e0"}]},{"@type":"WebSite","@id":"https:\/\/www.aics.gov.it\/oltremare\/#website","url":"https:\/\/www.aics.gov.it\/oltremare\/","name":"Oltremare","description":"Il Blog della cooperazione","publisher":{"@id":"https:\/\/www.aics.gov.it\/oltremare\/#organization"},"potentialAction":[{"@type":"SearchAction","target":{"@type":"EntryPoint","urlTemplate":"https:\/\/www.aics.gov.it\/oltremare\/?s={search_term_string}"},"query-input":{"@type":"PropertyValueSpecification","valueRequired":true,"valueName":"search_term_string"}}],"inLanguage":"it-IT"},{"@type":"Organization","@id":"https:\/\/www.aics.gov.it\/oltremare\/#organization","name":"Agenzia Italiana per la Cooperazione allo Sviluppo","url":"https:\/\/www.aics.gov.it\/oltremare\/","logo":{"@type":"ImageObject","inLanguage":"it-IT","@id":"https:\/\/www.aics.gov.it\/oltremare\/#\/schema\/logo\/image\/","url":"https:\/\/www.aics.gov.it\/oltremare\/wp-content\/uploads\/2018\/02\/AICS_HEADER_530x130_EC1-e1518178146163.jpg","contentUrl":"https:\/\/www.aics.gov.it\/oltremare\/wp-content\/uploads\/2018\/02\/AICS_HEADER_530x130_EC1-e1518178146163.jpg","width":300,"height":74,"caption":"Agenzia Italiana per la Cooperazione allo Sviluppo"},"image":{"@id":"https:\/\/www.aics.gov.it\/oltremare\/#\/schema\/logo\/image\/"},"sameAs":["https:\/\/www.facebook.com\/Agenzia-Italiana-per-la-Cooperazione-allo-Sviluppo-996004880482735\/","https:\/\/x.com\/aics_it","https:\/\/www.instagram.com\/aics_cooperazione_it\/","https:\/\/www.youtube.com\/channel\/UCbssygnjreKD1Se1mDeCQ5w"]},{"@type":"Person","@id":"https:\/\/www.aics.gov.it\/oltremare\/#\/schema\/person\/839e251090f440ea6a1f960a5050e424","name":"Oltremare","image":{"@type":"ImageObject","inLanguage":"it-IT","@id":"https:\/\/secure.gravatar.com\/avatar\/5bdd54efc610ff3db8c53755c1599daf68165eb144e678103c1ac46fb81fe6a0?s=96&d=mm&r=g","url":"https:\/\/secure.gravatar.com\/avatar\/5bdd54efc610ff3db8c53755c1599daf68165eb144e678103c1ac46fb81fe6a0?s=96&d=mm&r=g","contentUrl":"https:\/\/secure.gravatar.com\/avatar\/5bdd54efc610ff3db8c53755c1599daf68165eb144e678103c1ac46fb81fe6a0?s=96&d=mm&r=g","caption":"Oltremare"},"url":""}]}},"_links":{"self":[{"href":"https:\/\/www.aics.gov.it\/oltremare\/wp-json\/wp\/v2\/posts\/7903","targetHints":{"allow":["GET"]}}],"collection":[{"href":"https:\/\/www.aics.gov.it\/oltremare\/wp-json\/wp\/v2\/posts"}],"about":[{"href":"https:\/\/www.aics.gov.it\/oltremare\/wp-json\/wp\/v2\/types\/post"}],"author":[{"embeddable":true,"href":"https:\/\/www.aics.gov.it\/oltremare\/wp-json\/wp\/v2\/users\/1"}],"replies":[{"embeddable":true,"href":"https:\/\/www.aics.gov.it\/oltremare\/wp-json\/wp\/v2\/comments?post=7903"}],"version-history":[{"count":1,"href":"https:\/\/www.aics.gov.it\/oltremare\/wp-json\/wp\/v2\/posts\/7903\/revisions"}],"predecessor-version":[{"id":7908,"href":"https:\/\/www.aics.gov.it\/oltremare\/wp-json\/wp\/v2\/posts\/7903\/revisions\/7908"}],"wp:featuredmedia":[{"embeddable":true,"href":"https:\/\/www.aics.gov.it\/oltremare\/wp-json\/wp\/v2\/media\/7907"}],"wp:attachment":[{"href":"https:\/\/www.aics.gov.it\/oltremare\/wp-json\/wp\/v2\/media?parent=7903"}],"wp:term":[{"taxonomy":"category","embeddable":true,"href":"https:\/\/www.aics.gov.it\/oltremare\/wp-json\/wp\/v2\/categories?post=7903"},{"taxonomy":"post_tag","embeddable":true,"href":"https:\/\/www.aics.gov.it\/oltremare\/wp-json\/wp\/v2\/tags?post=7903"}],"curies":[{"name":"wp","href":"https:\/\/api.w.org\/{rel}","templated":true}]}}