{"id":8175,"date":"2019-03-28T13:07:52","date_gmt":"2019-03-28T12:07:52","guid":{"rendered":"https:\/\/www.aics.gov.it\/oltremare\/?p=8175"},"modified":"2019-03-28T13:07:52","modified_gmt":"2019-03-28T12:07:52","slug":"a-roma-le-celebrazioni-per-learth-day-2019","status":"publish","type":"post","link":"https:\/\/www.aics.gov.it\/oltremare\/rubriche\/eventi\/a-roma-le-celebrazioni-per-learth-day-2019\/","title":{"rendered":"A Roma le celebrazioni per l\u2019Earth Day 2019"},"content":{"rendered":"<p>22 aprile il Concerto per la Terra con Carmen Consoli. Dal 25 al 29 aprile il Villaggio per la Terra la manifestazione per la tutela del Pianeta pi\u00f9 partecipata d\u2019Italia<\/p>\n<p><!--more--><\/p>\n<p><strong>L\u2019appuntamento<br \/>\n<\/strong>La <strong>Giornata Mondiale della Terra delle Nazioni Unite (Earth Day) del 22 aprile<\/strong> \u2013 di cui si celebra quest&#8217;anno la 49ma edizione \u2013 rappresenta il momento di sensibilizzazione alla tutela del Pianeta pi\u00f9 impattante al mondo in grado di mobilitare ogni anno oltre un miliardo di persone nei 193 Paesi dell\u2019ONU.<\/p>\n<p>In Italia le <strong>celebrazioni ufficiali<\/strong> della Giornata Mondiale della Terra delle Nazioni Unite sono il <strong>Concerto per la Terra<\/strong> del 22 aprile sulla Terrazza del Pincio a Roma, e il <strong>Villaggio per la Terra<\/strong> sempre al Pincio e al Galoppatoio di Villa Borghese, <strong>dal 25 al 29 aprile<\/strong>. Eventi organizzati da Earth Day Italia e dal Movimento dei Focolari.<\/p>\n<p>Sei intere giornate di iniziative dedicate alla tutela del Pianeta, con un focus particolare sugli Obiettivi di Sviluppo Sostenibile delle Nazioni Unite: 17 piazze multimediali saranno dedicate ai singoli obiettivi e animate con talk, laboratori, mostre ed eventi delle tantissime organizzazioni che hanno gi\u00e0 aderito alla manifestazione.<\/p>\n<p>Nelle edizioni passate il Villaggio per la Terra \u00e8 stato protagonista di momenti di straordinaria importanza tra i quali l\u2019eccezionale visita di Papa Francesco e il collegamento con il Palazzo di Vetro di New York per la ratifica dello storico Accordo di Parigi sul clima, voluto dal Segretario Generale dell&#8217;ONU Ban Ki Moon proprio in occasione dell\u2019Earth Day. Lo scorso anno la manifestazione \u00e8 riuscita a coinvolgere a Villa Borghese 150.000 persone grazie agli oltre 600 eventi organizzati da circa 250 partner.<\/p>\n<p><strong>Gli Eventi<br \/>\n<\/strong>Dedicati sia ai grandi che ai pi\u00f9 piccoli, agli sportivi, alle famiglie, agli studenti e agli esperti, nel Villaggio anche quest\u2019anno sono in programma eventi di musica, scienza, sport, giochi, arte e informazione:<\/p>\n<p><u>Concerto per la Terra<\/u> \u2013 il 22 aprile in occasione dell\u2019Earth Day sulla Terrazza del Pincio l\u2019ormai tradizionale Concerto per la Terra, come sempre rigorosamente gratuito. A salire sul palco <strong>Carmen Consoli<\/strong>, che gi\u00e0 nel 2011 aveva animato l\u2019Earth Day insieme a Patti Smith, che per l\u2019occasione torner\u00e0 con una \u201cversione rock\u201d, del suo repertorio particolarmente attesa dai suoi fan. Con lei <strong>Marina Rei<\/strong> insieme a <strong>Paolo Benvegn\u00f9<\/strong>, <strong>Mirkoeilcane<\/strong> e <strong>Eva Pevarello<\/strong>. Sempre il 22 aprile sulla Terrazza del Pincio, con il progetto Street Earth 2030, gli street artist pi\u00f9 importanti, tra cui <strong>Moby Dick<\/strong> e <strong>Maupal<\/strong>, si esibiranno in un live painting che rappresenter\u00e0 i 17 Obiettivi di Sviluppo Sostenibile.<\/p>\n<p><u>Villaggio dello Sport (25-29 aprile)<\/u> &#8211; realizzato con il patrocinio del Pontificio Consiglio della Cultura, del CONI e del Comitato Italiano Paralimpico e la partecipazione di oltre trenta federazioni e associazioni sportive, il Villaggio offrir\u00e0, per 5 giorni, la possibilit\u00e0 di praticare gratuitamente decine di giochi e di attivit\u00e0 sportive, assistere a tornei e dimostrazioni di grandi campioni. Il Villaggio sar\u00e0 inoltre il luogo per lo svolgimento di importanti appuntamenti ufficiali come il Campionato italiano a squadre di Tiro con l\u2019Arco.<\/p>\n<p><u>Villaggio dei Bambini (25-29 aprile)<\/u> &#8211; tantissime le attivit\u00e0 didattiche che divertiranno i pi\u00f9 piccoli, dal grande Parco della Biodiversit\u00e0 dei Carabinieri Forestali, alla Pompieropoli dei Vigili del Fuoco, agli esperimenti su vulcani e terremoti dell&#8217;Istituto Nazionale di Geofisica e Vulcanologia, al Planetario gonfiabile dell\u2019Istituto Nazionale di Astrofisica.<\/p>\n<p><u>Villaggio dei Ragazzi (25-29 aprile)<\/u> &#8211; un\u2019attenzione particolare ai ragazzi e al mondo della scuola con il Festival dell\u2019Educazione alla Sostenibilit\u00e0 e gli Stati Generali dell\u2019Ambiente dei Giovani. Inoltre grande attenzione al mondo dell\u2019universit\u00e0 e dei giovani innovatori.<\/p>\n<p><u>Spettacoli (25-29 aprile)<\/u> \u2013 oltre al Concerto per la Terra il Villaggio propone un programma culturale d&#8217;eccezione con musica, danza, spettacoli teatrali, letture e performance artistiche di livello.<\/p>\n<p>E poi tanti altri artisti, da Max Paiella a Tony Esposito, dalla Rino Gaetano Band all\u2019orchestra Swing di Luca Russo, dalla serata con le cartoon band, ai ragazzi di Scomodo.<\/p>\n<p><strong> I talk show<br \/>\n<\/strong>Ogni giorno uno speciale talk show per approfondire gli Obiettivi di Sviluppo Sostenibile delle Nazioni Unite declinati nelle <strong>5P della sostenibilit\u00e0<\/strong>:<\/p>\n<p><u>Peace<\/u> &#8211; gioved\u00ec 25 aprile. Giocando sul contrasto tra conflitto e rispetto il talk, organizzato in collaborazione con Il Cortile dei Gentili, Sportmeet e il Pontificio Consiglio della Cultura, tratter\u00e0\u0300 le tematiche della competizione e approfondir\u00e0 il ruolo dello sport come strumento in grado di andare oltre le barriere fisiche, etniche, culturali, religiose;<\/p>\n<p><u>Prosperity <\/u>\u2013 venerd\u00ec 26 aprile. Organizzato in collaborazione con l\u2019Alleanza Italiana per lo Sviluppo Sostenibile, giocando sul contrasto tra stasi e cambiamento, il mondo economico si confronter\u00e0 sul ruolo dell\u2019innovazione per lo sviluppo sostenibile;<\/p>\n<p><u>Partnership<\/u> \u2013 sabato 27 aprile. Organizzato con il Pontifico Consiglio della Cultura \u2013 Cortile dei Gentili. Giocando sul contrasto tra omologazione e (bio)diversit\u00e0 si affronter\u00e0, alla vigilia del Sinodo dei vescovi del prossimo ottobre, la delicata questione amazzonica, con un particolare interesse per le culture indigene sempre pi\u00f9 messe a rischio dalla deforestazione e dal fenomeno del land grabbing.<\/p>\n<p><u>Planet<\/u> &#8211; domenica 28 aprile. Organizzato in collaborazione con il Dipartimento \u201cScienze della salute della donna e del bambino e di sanita\u0300 pubblica\u201d dell\u2019Universit\u00e0\u0300 Cattolica di Roma, diretto dal Prof. Walter Ricciardi. Il Focus dara\u0300 voce all\u2019impegno di centinaia di ricercatori e premi Nobel che, nella recente \u201cCarta Internazionale di Roma su clima e salute\u201d, hanno espresso raccomandazioni e suggerito azioni necessarie ai decisori politici e allo stesso tempo dato indicazioni per far crescere la consapevolezza su queste tematiche cercando di porle al centro di tutte le agende.<\/p>\n<p><u>People<\/u> \u2013 luned\u00ec 29 aprile. Nell\u2019ambito del Festival dell\u2019Educazione alla Sostenibilit\u00e0, e giocando sul contrasto tra custodia e possesso, i giovani, protagonisti assoluti della giornata, si chiederanno \u201cDi chi \u00e8 la Terra?\u201d. I ragazzi si confronteranno per sostituire una cultura superata basata sul possesso e la conquista a discapito dell\u2019avversario, con una nuova che rimetta al centro il bene comune e la necessita\u0300 di trovare soluzioni condivise.<\/p>\n<p>Gli hashtag ufficiali:<strong> #villaggioperlaterra #concertoperlaterra #earthdayitalia #iocitengo<\/strong><\/p>\n","protected":false},"excerpt":{"rendered":"<p>22 aprile il Concerto per la Terra con Carmen Consoli. Dal 25 al 29 aprile il Villaggio per la Terra la manifestazione per la tutela del Pianeta pi\u00f9 partecipata d\u2019Italia<\/p>\n","protected":false},"author":36,"featured_media":8176,"comment_status":"open","ping_status":"open","sticky":false,"template":"","format":"standard","meta":{"footnotes":""},"categories":[186],"tags":[],"class_list":["post-8175","post","type-post","status-publish","format-standard","has-post-thumbnail","hentry","category-eventi"],"yoast_head":"<!-- This site is optimized with the Yoast SEO plugin v27.5 - https:\/\/yoast.com\/product\/yoast-seo-wordpress\/ -->\n<title>A Roma le celebrazioni per l\u2019Earth Day 2019 - Oltremare<\/title>\n<meta name=\"robots\" content=\"index, follow, max-snippet:-1, max-image-preview:large, max-video-preview:-1\" \/>\n<link rel=\"canonical\" href=\"https:\/\/www.aics.gov.it\/oltremare\/rubriche\/eventi\/a-roma-le-celebrazioni-per-learth-day-2019\/\" \/>\n<meta property=\"og:locale\" content=\"it_IT\" \/>\n<meta property=\"og:type\" content=\"article\" \/>\n<meta property=\"og:title\" content=\"A Roma le celebrazioni per l\u2019Earth Day 2019 - Oltremare\" \/>\n<meta property=\"og:description\" content=\"22 aprile il Concerto per la Terra con Carmen Consoli. Dal 25 al 29 aprile il Villaggio per la Terra la manifestazione per la tutela del Pianeta pi\u00f9 partecipata d\u2019Italia\" \/>\n<meta property=\"og:url\" content=\"https:\/\/www.aics.gov.it\/oltremare\/rubriche\/eventi\/a-roma-le-celebrazioni-per-learth-day-2019\/\" \/>\n<meta property=\"og:site_name\" content=\"Oltremare\" \/>\n<meta property=\"article:publisher\" content=\"https:\/\/www.facebook.com\/Agenzia-Italiana-per-la-Cooperazione-allo-Sviluppo-996004880482735\/\" \/>\n<meta property=\"article:published_time\" content=\"2019-03-28T12:07:52+00:00\" \/>\n<meta property=\"og:image\" content=\"https:\/\/www.aics.gov.it\/oltremare\/wp-content\/uploads\/2019\/03\/22-4_ConsegnaN1_Lorenzo-4.jpg\" \/>\n\t<meta property=\"og:image:width\" content=\"720\" \/>\n\t<meta property=\"og:image:height\" content=\"720\" \/>\n\t<meta property=\"og:image:type\" content=\"image\/jpeg\" \/>\n<meta name=\"author\" content=\"Giorgio Bartolomucci\" \/>\n<meta name=\"twitter:card\" content=\"summary_large_image\" \/>\n<meta name=\"twitter:creator\" content=\"@aics_it\" \/>\n<meta name=\"twitter:site\" content=\"@aics_it\" \/>\n<meta name=\"twitter:label1\" content=\"Scritto da\" \/>\n\t<meta name=\"twitter:data1\" content=\"Giorgio Bartolomucci\" \/>\n\t<meta name=\"twitter:label2\" content=\"Tempo di lettura stimato\" \/>\n\t<meta name=\"twitter:data2\" content=\"5 minuti\" \/>\n<script type=\"application\/ld+json\" class=\"yoast-schema-graph\">{\"@context\":\"https:\\\/\\\/schema.org\",\"@graph\":[{\"@type\":\"Article\",\"@id\":\"https:\\\/\\\/www.aics.gov.it\\\/oltremare\\\/rubriche\\\/eventi\\\/a-roma-le-celebrazioni-per-learth-day-2019\\\/#article\",\"isPartOf\":{\"@id\":\"https:\\\/\\\/www.aics.gov.it\\\/oltremare\\\/rubriche\\\/eventi\\\/a-roma-le-celebrazioni-per-learth-day-2019\\\/\"},\"author\":{\"name\":\"Giorgio Bartolomucci\",\"@id\":\"https:\\\/\\\/www.aics.gov.it\\\/oltremare\\\/#\\\/schema\\\/person\\\/366926f64550e01f22be287462a02414\"},\"headline\":\"A Roma le celebrazioni per l\u2019Earth Day 2019\",\"datePublished\":\"2019-03-28T12:07:52+00:00\",\"mainEntityOfPage\":{\"@id\":\"https:\\\/\\\/www.aics.gov.it\\\/oltremare\\\/rubriche\\\/eventi\\\/a-roma-le-celebrazioni-per-learth-day-2019\\\/\"},\"wordCount\":976,\"commentCount\":0,\"publisher\":{\"@id\":\"https:\\\/\\\/www.aics.gov.it\\\/oltremare\\\/#organization\"},\"image\":{\"@id\":\"https:\\\/\\\/www.aics.gov.it\\\/oltremare\\\/rubriche\\\/eventi\\\/a-roma-le-celebrazioni-per-learth-day-2019\\\/#primaryimage\"},\"thumbnailUrl\":\"https:\\\/\\\/www.aics.gov.it\\\/oltremare\\\/wp-content\\\/uploads\\\/2019\\\/03\\\/22-4_ConsegnaN1_Lorenzo-4.jpg\",\"articleSection\":[\"Eventi\"],\"inLanguage\":\"it-IT\",\"potentialAction\":[{\"@type\":\"CommentAction\",\"name\":\"Comment\",\"target\":[\"https:\\\/\\\/www.aics.gov.it\\\/oltremare\\\/rubriche\\\/eventi\\\/a-roma-le-celebrazioni-per-learth-day-2019\\\/#respond\"]}]},{\"@type\":\"WebPage\",\"@id\":\"https:\\\/\\\/www.aics.gov.it\\\/oltremare\\\/rubriche\\\/eventi\\\/a-roma-le-celebrazioni-per-learth-day-2019\\\/\",\"url\":\"https:\\\/\\\/www.aics.gov.it\\\/oltremare\\\/rubriche\\\/eventi\\\/a-roma-le-celebrazioni-per-learth-day-2019\\\/\",\"name\":\"A Roma le celebrazioni per l\u2019Earth Day 2019 - Oltremare\",\"isPartOf\":{\"@id\":\"https:\\\/\\\/www.aics.gov.it\\\/oltremare\\\/#website\"},\"primaryImageOfPage\":{\"@id\":\"https:\\\/\\\/www.aics.gov.it\\\/oltremare\\\/rubriche\\\/eventi\\\/a-roma-le-celebrazioni-per-learth-day-2019\\\/#primaryimage\"},\"image\":{\"@id\":\"https:\\\/\\\/www.aics.gov.it\\\/oltremare\\\/rubriche\\\/eventi\\\/a-roma-le-celebrazioni-per-learth-day-2019\\\/#primaryimage\"},\"thumbnailUrl\":\"https:\\\/\\\/www.aics.gov.it\\\/oltremare\\\/wp-content\\\/uploads\\\/2019\\\/03\\\/22-4_ConsegnaN1_Lorenzo-4.jpg\",\"datePublished\":\"2019-03-28T12:07:52+00:00\",\"breadcrumb\":{\"@id\":\"https:\\\/\\\/www.aics.gov.it\\\/oltremare\\\/rubriche\\\/eventi\\\/a-roma-le-celebrazioni-per-learth-day-2019\\\/#breadcrumb\"},\"inLanguage\":\"it-IT\",\"potentialAction\":[{\"@type\":\"ReadAction\",\"target\":[\"https:\\\/\\\/www.aics.gov.it\\\/oltremare\\\/rubriche\\\/eventi\\\/a-roma-le-celebrazioni-per-learth-day-2019\\\/\"]}]},{\"@type\":\"ImageObject\",\"inLanguage\":\"it-IT\",\"@id\":\"https:\\\/\\\/www.aics.gov.it\\\/oltremare\\\/rubriche\\\/eventi\\\/a-roma-le-celebrazioni-per-learth-day-2019\\\/#primaryimage\",\"url\":\"https:\\\/\\\/www.aics.gov.it\\\/oltremare\\\/wp-content\\\/uploads\\\/2019\\\/03\\\/22-4_ConsegnaN1_Lorenzo-4.jpg\",\"contentUrl\":\"https:\\\/\\\/www.aics.gov.it\\\/oltremare\\\/wp-content\\\/uploads\\\/2019\\\/03\\\/22-4_ConsegnaN1_Lorenzo-4.jpg\",\"width\":720,\"height\":720},{\"@type\":\"BreadcrumbList\",\"@id\":\"https:\\\/\\\/www.aics.gov.it\\\/oltremare\\\/rubriche\\\/eventi\\\/a-roma-le-celebrazioni-per-learth-day-2019\\\/#breadcrumb\",\"itemListElement\":[{\"@type\":\"ListItem\",\"position\":1,\"name\":\"Home\",\"item\":\"https:\\\/\\\/www.aics.gov.it\\\/oltremare\\\/\"},{\"@type\":\"ListItem\",\"position\":2,\"name\":\"A Roma le celebrazioni per l\u2019Earth Day 2019\"}]},{\"@type\":\"WebSite\",\"@id\":\"https:\\\/\\\/www.aics.gov.it\\\/oltremare\\\/#website\",\"url\":\"https:\\\/\\\/www.aics.gov.it\\\/oltremare\\\/\",\"name\":\"Oltremare\",\"description\":\"Il Blog della cooperazione\",\"publisher\":{\"@id\":\"https:\\\/\\\/www.aics.gov.it\\\/oltremare\\\/#organization\"},\"potentialAction\":[{\"@type\":\"SearchAction\",\"target\":{\"@type\":\"EntryPoint\",\"urlTemplate\":\"https:\\\/\\\/www.aics.gov.it\\\/oltremare\\\/?s={search_term_string}\"},\"query-input\":{\"@type\":\"PropertyValueSpecification\",\"valueRequired\":true,\"valueName\":\"search_term_string\"}}],\"inLanguage\":\"it-IT\"},{\"@type\":\"Organization\",\"@id\":\"https:\\\/\\\/www.aics.gov.it\\\/oltremare\\\/#organization\",\"name\":\"Agenzia Italiana per la Cooperazione allo Sviluppo\",\"url\":\"https:\\\/\\\/www.aics.gov.it\\\/oltremare\\\/\",\"logo\":{\"@type\":\"ImageObject\",\"inLanguage\":\"it-IT\",\"@id\":\"https:\\\/\\\/www.aics.gov.it\\\/oltremare\\\/#\\\/schema\\\/logo\\\/image\\\/\",\"url\":\"https:\\\/\\\/www.aics.gov.it\\\/oltremare\\\/wp-content\\\/uploads\\\/2018\\\/02\\\/AICS_HEADER_530x130_EC1-e1518178146163.jpg\",\"contentUrl\":\"https:\\\/\\\/www.aics.gov.it\\\/oltremare\\\/wp-content\\\/uploads\\\/2018\\\/02\\\/AICS_HEADER_530x130_EC1-e1518178146163.jpg\",\"width\":300,\"height\":74,\"caption\":\"Agenzia Italiana per la Cooperazione allo Sviluppo\"},\"image\":{\"@id\":\"https:\\\/\\\/www.aics.gov.it\\\/oltremare\\\/#\\\/schema\\\/logo\\\/image\\\/\"},\"sameAs\":[\"https:\\\/\\\/www.facebook.com\\\/Agenzia-Italiana-per-la-Cooperazione-allo-Sviluppo-996004880482735\\\/\",\"https:\\\/\\\/x.com\\\/aics_it\",\"https:\\\/\\\/www.instagram.com\\\/aics_cooperazione_it\\\/\",\"https:\\\/\\\/www.youtube.com\\\/channel\\\/UCbssygnjreKD1Se1mDeCQ5w\"]},{\"@type\":\"Person\",\"@id\":\"https:\\\/\\\/www.aics.gov.it\\\/oltremare\\\/#\\\/schema\\\/person\\\/366926f64550e01f22be287462a02414\",\"name\":\"Giorgio Bartolomucci\",\"image\":{\"@type\":\"ImageObject\",\"inLanguage\":\"it-IT\",\"@id\":\"https:\\\/\\\/secure.gravatar.com\\\/avatar\\\/8ce9ac0d7ddef332f6be800f5fa59bedce6e5d6f6f7bafb322f31ace0e15532b?s=96&d=mm&r=g\",\"url\":\"https:\\\/\\\/secure.gravatar.com\\\/avatar\\\/8ce9ac0d7ddef332f6be800f5fa59bedce6e5d6f6f7bafb322f31ace0e15532b?s=96&d=mm&r=g\",\"contentUrl\":\"https:\\\/\\\/secure.gravatar.com\\\/avatar\\\/8ce9ac0d7ddef332f6be800f5fa59bedce6e5d6f6f7bafb322f31ace0e15532b?s=96&d=mm&r=g\",\"caption\":\"Giorgio Bartolomucci\"},\"url\":\"https:\\\/\\\/www.aics.gov.it\\\/oltremare\\\/author\\\/giorgio\\\/\"}]}<\/script>\n<!-- \/ Yoast SEO plugin. -->","yoast_head_json":{"title":"A Roma le celebrazioni per l\u2019Earth Day 2019 - Oltremare","robots":{"index":"index","follow":"follow","max-snippet":"max-snippet:-1","max-image-preview":"max-image-preview:large","max-video-preview":"max-video-preview:-1"},"canonical":"https:\/\/www.aics.gov.it\/oltremare\/rubriche\/eventi\/a-roma-le-celebrazioni-per-learth-day-2019\/","og_locale":"it_IT","og_type":"article","og_title":"A Roma le celebrazioni per l\u2019Earth Day 2019 - Oltremare","og_description":"22 aprile il Concerto per la Terra con Carmen Consoli. Dal 25 al 29 aprile il Villaggio per la Terra la manifestazione per la tutela del Pianeta pi\u00f9 partecipata d\u2019Italia","og_url":"https:\/\/www.aics.gov.it\/oltremare\/rubriche\/eventi\/a-roma-le-celebrazioni-per-learth-day-2019\/","og_site_name":"Oltremare","article_publisher":"https:\/\/www.facebook.com\/Agenzia-Italiana-per-la-Cooperazione-allo-Sviluppo-996004880482735\/","article_published_time":"2019-03-28T12:07:52+00:00","og_image":[{"width":720,"height":720,"url":"https:\/\/www.aics.gov.it\/oltremare\/wp-content\/uploads\/2019\/03\/22-4_ConsegnaN1_Lorenzo-4.jpg","type":"image\/jpeg"}],"author":"Giorgio Bartolomucci","twitter_card":"summary_large_image","twitter_creator":"@aics_it","twitter_site":"@aics_it","twitter_misc":{"Scritto da":"Giorgio Bartolomucci","Tempo di lettura stimato":"5 minuti"},"schema":{"@context":"https:\/\/schema.org","@graph":[{"@type":"Article","@id":"https:\/\/www.aics.gov.it\/oltremare\/rubriche\/eventi\/a-roma-le-celebrazioni-per-learth-day-2019\/#article","isPartOf":{"@id":"https:\/\/www.aics.gov.it\/oltremare\/rubriche\/eventi\/a-roma-le-celebrazioni-per-learth-day-2019\/"},"author":{"name":"Giorgio Bartolomucci","@id":"https:\/\/www.aics.gov.it\/oltremare\/#\/schema\/person\/366926f64550e01f22be287462a02414"},"headline":"A Roma le celebrazioni per l\u2019Earth Day 2019","datePublished":"2019-03-28T12:07:52+00:00","mainEntityOfPage":{"@id":"https:\/\/www.aics.gov.it\/oltremare\/rubriche\/eventi\/a-roma-le-celebrazioni-per-learth-day-2019\/"},"wordCount":976,"commentCount":0,"publisher":{"@id":"https:\/\/www.aics.gov.it\/oltremare\/#organization"},"image":{"@id":"https:\/\/www.aics.gov.it\/oltremare\/rubriche\/eventi\/a-roma-le-celebrazioni-per-learth-day-2019\/#primaryimage"},"thumbnailUrl":"https:\/\/www.aics.gov.it\/oltremare\/wp-content\/uploads\/2019\/03\/22-4_ConsegnaN1_Lorenzo-4.jpg","articleSection":["Eventi"],"inLanguage":"it-IT","potentialAction":[{"@type":"CommentAction","name":"Comment","target":["https:\/\/www.aics.gov.it\/oltremare\/rubriche\/eventi\/a-roma-le-celebrazioni-per-learth-day-2019\/#respond"]}]},{"@type":"WebPage","@id":"https:\/\/www.aics.gov.it\/oltremare\/rubriche\/eventi\/a-roma-le-celebrazioni-per-learth-day-2019\/","url":"https:\/\/www.aics.gov.it\/oltremare\/rubriche\/eventi\/a-roma-le-celebrazioni-per-learth-day-2019\/","name":"A Roma le celebrazioni per l\u2019Earth Day 2019 - Oltremare","isPartOf":{"@id":"https:\/\/www.aics.gov.it\/oltremare\/#website"},"primaryImageOfPage":{"@id":"https:\/\/www.aics.gov.it\/oltremare\/rubriche\/eventi\/a-roma-le-celebrazioni-per-learth-day-2019\/#primaryimage"},"image":{"@id":"https:\/\/www.aics.gov.it\/oltremare\/rubriche\/eventi\/a-roma-le-celebrazioni-per-learth-day-2019\/#primaryimage"},"thumbnailUrl":"https:\/\/www.aics.gov.it\/oltremare\/wp-content\/uploads\/2019\/03\/22-4_ConsegnaN1_Lorenzo-4.jpg","datePublished":"2019-03-28T12:07:52+00:00","breadcrumb":{"@id":"https:\/\/www.aics.gov.it\/oltremare\/rubriche\/eventi\/a-roma-le-celebrazioni-per-learth-day-2019\/#breadcrumb"},"inLanguage":"it-IT","potentialAction":[{"@type":"ReadAction","target":["https:\/\/www.aics.gov.it\/oltremare\/rubriche\/eventi\/a-roma-le-celebrazioni-per-learth-day-2019\/"]}]},{"@type":"ImageObject","inLanguage":"it-IT","@id":"https:\/\/www.aics.gov.it\/oltremare\/rubriche\/eventi\/a-roma-le-celebrazioni-per-learth-day-2019\/#primaryimage","url":"https:\/\/www.aics.gov.it\/oltremare\/wp-content\/uploads\/2019\/03\/22-4_ConsegnaN1_Lorenzo-4.jpg","contentUrl":"https:\/\/www.aics.gov.it\/oltremare\/wp-content\/uploads\/2019\/03\/22-4_ConsegnaN1_Lorenzo-4.jpg","width":720,"height":720},{"@type":"BreadcrumbList","@id":"https:\/\/www.aics.gov.it\/oltremare\/rubriche\/eventi\/a-roma-le-celebrazioni-per-learth-day-2019\/#breadcrumb","itemListElement":[{"@type":"ListItem","position":1,"name":"Home","item":"https:\/\/www.aics.gov.it\/oltremare\/"},{"@type":"ListItem","position":2,"name":"A Roma le celebrazioni per l\u2019Earth Day 2019"}]},{"@type":"WebSite","@id":"https:\/\/www.aics.gov.it\/oltremare\/#website","url":"https:\/\/www.aics.gov.it\/oltremare\/","name":"Oltremare","description":"Il Blog della cooperazione","publisher":{"@id":"https:\/\/www.aics.gov.it\/oltremare\/#organization"},"potentialAction":[{"@type":"SearchAction","target":{"@type":"EntryPoint","urlTemplate":"https:\/\/www.aics.gov.it\/oltremare\/?s={search_term_string}"},"query-input":{"@type":"PropertyValueSpecification","valueRequired":true,"valueName":"search_term_string"}}],"inLanguage":"it-IT"},{"@type":"Organization","@id":"https:\/\/www.aics.gov.it\/oltremare\/#organization","name":"Agenzia Italiana per la Cooperazione allo Sviluppo","url":"https:\/\/www.aics.gov.it\/oltremare\/","logo":{"@type":"ImageObject","inLanguage":"it-IT","@id":"https:\/\/www.aics.gov.it\/oltremare\/#\/schema\/logo\/image\/","url":"https:\/\/www.aics.gov.it\/oltremare\/wp-content\/uploads\/2018\/02\/AICS_HEADER_530x130_EC1-e1518178146163.jpg","contentUrl":"https:\/\/www.aics.gov.it\/oltremare\/wp-content\/uploads\/2018\/02\/AICS_HEADER_530x130_EC1-e1518178146163.jpg","width":300,"height":74,"caption":"Agenzia Italiana per la Cooperazione allo Sviluppo"},"image":{"@id":"https:\/\/www.aics.gov.it\/oltremare\/#\/schema\/logo\/image\/"},"sameAs":["https:\/\/www.facebook.com\/Agenzia-Italiana-per-la-Cooperazione-allo-Sviluppo-996004880482735\/","https:\/\/x.com\/aics_it","https:\/\/www.instagram.com\/aics_cooperazione_it\/","https:\/\/www.youtube.com\/channel\/UCbssygnjreKD1Se1mDeCQ5w"]},{"@type":"Person","@id":"https:\/\/www.aics.gov.it\/oltremare\/#\/schema\/person\/366926f64550e01f22be287462a02414","name":"Giorgio Bartolomucci","image":{"@type":"ImageObject","inLanguage":"it-IT","@id":"https:\/\/secure.gravatar.com\/avatar\/8ce9ac0d7ddef332f6be800f5fa59bedce6e5d6f6f7bafb322f31ace0e15532b?s=96&d=mm&r=g","url":"https:\/\/secure.gravatar.com\/avatar\/8ce9ac0d7ddef332f6be800f5fa59bedce6e5d6f6f7bafb322f31ace0e15532b?s=96&d=mm&r=g","contentUrl":"https:\/\/secure.gravatar.com\/avatar\/8ce9ac0d7ddef332f6be800f5fa59bedce6e5d6f6f7bafb322f31ace0e15532b?s=96&d=mm&r=g","caption":"Giorgio Bartolomucci"},"url":"https:\/\/www.aics.gov.it\/oltremare\/author\/giorgio\/"}]}},"_links":{"self":[{"href":"https:\/\/www.aics.gov.it\/oltremare\/wp-json\/wp\/v2\/posts\/8175","targetHints":{"allow":["GET"]}}],"collection":[{"href":"https:\/\/www.aics.gov.it\/oltremare\/wp-json\/wp\/v2\/posts"}],"about":[{"href":"https:\/\/www.aics.gov.it\/oltremare\/wp-json\/wp\/v2\/types\/post"}],"author":[{"embeddable":true,"href":"https:\/\/www.aics.gov.it\/oltremare\/wp-json\/wp\/v2\/users\/36"}],"replies":[{"embeddable":true,"href":"https:\/\/www.aics.gov.it\/oltremare\/wp-json\/wp\/v2\/comments?post=8175"}],"version-history":[{"count":1,"href":"https:\/\/www.aics.gov.it\/oltremare\/wp-json\/wp\/v2\/posts\/8175\/revisions"}],"predecessor-version":[{"id":8177,"href":"https:\/\/www.aics.gov.it\/oltremare\/wp-json\/wp\/v2\/posts\/8175\/revisions\/8177"}],"wp:featuredmedia":[{"embeddable":true,"href":"https:\/\/www.aics.gov.it\/oltremare\/wp-json\/wp\/v2\/media\/8176"}],"wp:attachment":[{"href":"https:\/\/www.aics.gov.it\/oltremare\/wp-json\/wp\/v2\/media?parent=8175"}],"wp:term":[{"taxonomy":"category","embeddable":true,"href":"https:\/\/www.aics.gov.it\/oltremare\/wp-json\/wp\/v2\/categories?post=8175"},{"taxonomy":"post_tag","embeddable":true,"href":"https:\/\/www.aics.gov.it\/oltremare\/wp-json\/wp\/v2\/tags?post=8175"}],"curies":[{"name":"wp","href":"https:\/\/api.w.org\/{rel}","templated":true}]}}