{"id":8588,"date":"2019-06-27T18:48:05","date_gmt":"2019-06-27T16:48:05","guid":{"rendered":"https:\/\/www.aics.gov.it\/oltremare\/?p=8588"},"modified":"2019-06-27T18:49:31","modified_gmt":"2019-06-27T16:49:31","slug":"non-lasciamo-indietro-nessuno-e-un-impegno-europeo","status":"publish","type":"post","link":"https:\/\/www.aics.gov.it\/oltremare\/redazionali\/non-lasciamo-indietro-nessuno-e-un-impegno-europeo\/","title":{"rendered":"Non lasciamo indietro nessuno. \u00c8 un impegno europeo"},"content":{"rendered":"<p>Costruire un mondo dove nessuno sia lasciato indietro: \u00e8 l\u2019impegno assunto a Bruxelles, durante gli European Development Days.<\/p>\n<p>Con 40mila presenze da 154 Paesi, capi di Stato e di governo, 4.500 organizzazioni e sette Premi Nobel.<!--more--><\/p>\n<p>Il titolo dell\u2019edizione 2019 era <em>Addressing Inequalities: Building a World Which Leaves No One Behind<\/em>. Come dire: ci vuole inclusione, altrimenti non andiamo da nessuna parte. Come fare? Un suggerimento lo ha dato Stefano Manservisi, dal 2016 alla guida della direzione della Commissione europea per la cooperazione internazionale. \u201cServe un approccio un po\u2019 pi\u00f9 adulto con i Paesi in via di sviluppo\u201d ha avvertito in un\u2019intervista, citata in questo numero di <em>Oltremare<\/em>. Tra le parole chiave \u201cresponsabilit\u00e0 reciproche\u201d e \u201cpartnership\u201d. A partire da quella con gli africani: \u201cHanno capito che l\u2019Ue guarda all\u2019Africa non come a un continente di poveri che devono essere inondati di fondi ma come a un continente di popoli coscienti di s\u00e9 stessi, della propria forza e delle proprie debolezze\u201d.<\/p>\n<p>La cooperazione, sembra di capire, non pu\u00f2 essere pi\u00f9 riassunta dal binomio donatore-beneficiario. Bisogna fare e si sta gi\u00e0 facendo un passo ulteriore, come ha sottolineato a pi\u00f9 riprese nell\u2019ultimo anno la viceministra degli Esteri italiana Emanuela Claudia Del Re, parlando di \u201crelazione win-win\u201d e \u201cvantaggi reciproci\u201d. Come dire, ancora: teniamo dentro tutti, non dimentichiamo nessuno. In questo <em>Oltremare<\/em> \u00e8 l\u2019orizzonte (europeo) che ritorna. Si parla di cambiamenti climatici, con ritiri di ghiacciai, stress idrico, rischi e sfide che l\u2019Ue \u00e8 chiamata a combattere fin nel cuore dell\u2019Asia, in Tagikistan, Kazakistan o Uzbekistan. Mentre a Bruxelles si ultimava la preparazione degli stand degli European Development Days, nella capitale turca Ankara \u00e8 stata celebrata la Giornata mondiale contro la desertificazione. Secondo il mauritano Ibrahim Thiaw, segretario della Convenzione Onu che ha il compito di arrestarla raggiungendo l\u2019obiettivo della \u201cland neutrality degradation\u201d, una gestione disattenta o errata dei terreni ha causato negli anni l\u2019impoverimento di un\u2019area con un\u2019estensione pari a due volte la Cina. Ma il rischio non \u00e8 solo ambientale: se non si agisce subito e con determinazione, \u00e8 la desertificazione sociale.<\/p>\n<p>Un timore al centro di progetti europei, sostenuti, partecipati e attuati anche dall\u2019Agenzia italiana per la cooperazione allo sviluppo (Aics). Con una particolarit\u00e0: l\u2019impegno al fianco delle donne. Prendete Mekia, nata e cresciuta a Kebele, uno dei quartieri della capitale etiope Addis Abeba a maggior incidenza migratoria. L\u2019abbiamo incontrata, mentre guidava nient\u2019affatto intimorita una squadra di imbianchini uomini formati grazie al programma Since, il primo finanziato dal Fondo fiduciario Ue istituito con l\u2019obiettivo di contrastare le cause delle migrazioni \u201cirregolari\u201d. Trent\u2019anni, separata, con una bimba a carico e una storia di sfruttamento in Arabia Saudita, Mekia ha beneficiato di un corso di formazione di tre mesi ed \u00e8 stata assunta in azienda. La sua storia, come quella di tante giovani, conferma che il lavoro \u00e8 la vera alternativa alle partenze. A <em>Oltremare<\/em> lo ha detto anche Coulibaly Kadidia, artigiana ivoriana, uno dei volti degli European Development Days. A Bruxelles \u00e8 arrivata grazie al sostegno dell\u2019Ue e della fondazione italiana Avsi, che nel suo Paese di origine sta attuando un programma di formazione e assistenza sia sul piano degli strumenti di produzione che su quello amministrativo e legale. \u201cNon sono arrivata in Europa come emigrante ma per mostrare le meraviglie che le donne mangoro sanno creare\u201d ha spiegato Coulibaly. \u201cRiusciamo a produrre il doppio dei vasi, riducendo tempi e fatica, e abbiamo frequentato corsi di amministrazione e contabilit\u00e0, imparando a gestire i nostri guadagni con gruppi di risparmio e prestito\u201d. Il progetto di Avsi ha coinvolto circa 5mila artigiani, con un focus specifico su donne e pazienti sieropositivi. Appunto: non lasciare nessuno indietro.<\/p>\n<p>L\u2019impegno \u00e8 lo stesso di Sandra Ajaja, 23 anni, nigeriana, uno dei 15 \u201cyoung leader\u201d selezionati da 404 candidati provenienti da 99 Paesi per discutere a Bruxelles di lotta alle disuguaglianze e di sviluppo sostenibile. Con la sua organizzazione, Fempower Africa, sostiene startup al femminile con corsi in nuove tecnologie informatiche e strumenti finanziari. Sandra sottolinea le potenzialit\u00e0 dei progetti dell\u2019Ue, come la European Union Initiative for Financial Inclusion (Euifi), che con una dotazione di un miliardo e mezzo di euro potrebbe sostenere fino a 200mila piccole e medie imprese nei Paesi poveri ed emergenti attraverso il microcredito. L\u2019assunto, per\u00f2, \u00e8 che per uno sviluppo sostenibile ci vuole anche altro. \u201cI Paesi africani hanno bisogno di aumentare le loro entrate fiscali\u201d ha avvertito Sandra. \u201cPerch\u00e9 questo sia possibile la comunit\u00e0 internazionale deve fare di pi\u00f9 per combattere l\u2019evasione fiscale, il riciclaggio di denaro e i flussi finanziari illeciti\u201d. Per capirlo basta sfogliare l\u2019ultimo rapporto di Global Financial Integrity, istituto specializzato con sede a Washington: solo il meccanismo del \u201ctrade misinvoicing\u201d, il commercio fantasma utilizzato per nascondere la fuga di capitali, si mangia il 18 per cento del valore degli scambi tra Paesi \u201cin via di sviluppo\u201d e le economie pi\u00f9 avanzate.<\/p>\n","protected":false},"excerpt":{"rendered":"<p>Costruire un mondo dove nessuno sia lasciato indietro: \u00e8 l\u2019impegno assunto a Bruxelles, durante gli European Development Days. Con 40mila presenze da 154 Paesi, capi di Stato e di governo, 4.500 organizzazioni e sette Premi Nobel.<\/p>\n","protected":false},"author":1,"featured_media":8680,"comment_status":"open","ping_status":"open","sticky":false,"template":"","format":"standard","meta":{"footnotes":""},"categories":[138],"tags":[],"class_list":["post-8588","post","type-post","status-publish","format-standard","has-post-thumbnail","hentry","category-redazionali"],"yoast_head":"<!-- This site is optimized with the Yoast SEO plugin v27.4 - https:\/\/yoast.com\/product\/yoast-seo-wordpress\/ -->\n<title>Non lasciamo indietro nessuno. \u00c8 un impegno europeo - Oltremare<\/title>\n<meta name=\"robots\" content=\"index, follow, max-snippet:-1, max-image-preview:large, max-video-preview:-1\" \/>\n<link rel=\"canonical\" href=\"https:\/\/www.aics.gov.it\/oltremare\/redazionali\/non-lasciamo-indietro-nessuno-e-un-impegno-europeo\/\" \/>\n<meta property=\"og:locale\" content=\"it_IT\" \/>\n<meta property=\"og:type\" content=\"article\" \/>\n<meta property=\"og:title\" content=\"Non lasciamo indietro nessuno. \u00c8 un impegno europeo - Oltremare\" \/>\n<meta property=\"og:description\" content=\"Costruire un mondo dove nessuno sia lasciato indietro: \u00e8 l\u2019impegno assunto a Bruxelles, durante gli European Development Days. Con 40mila presenze da 154 Paesi, capi di Stato e di governo, 4.500 organizzazioni e sette Premi Nobel.\" \/>\n<meta property=\"og:url\" content=\"https:\/\/www.aics.gov.it\/oltremare\/redazionali\/non-lasciamo-indietro-nessuno-e-un-impegno-europeo\/\" \/>\n<meta property=\"og:site_name\" content=\"Oltremare\" \/>\n<meta property=\"article:publisher\" content=\"https:\/\/www.facebook.com\/Agenzia-Italiana-per-la-Cooperazione-allo-Sviluppo-996004880482735\/\" \/>\n<meta property=\"article:published_time\" content=\"2019-06-27T16:48:05+00:00\" \/>\n<meta property=\"article:modified_time\" content=\"2019-06-27T16:49:31+00:00\" \/>\n<meta property=\"og:image\" content=\"https:\/\/www.aics.gov.it\/oltremare\/wp-content\/uploads\/2019\/06\/redazionale-200.jpg\" \/>\n\t<meta property=\"og:image:width\" content=\"200\" \/>\n\t<meta property=\"og:image:height\" content=\"200\" \/>\n\t<meta property=\"og:image:type\" content=\"image\/jpeg\" \/>\n<meta name=\"author\" content=\"Oltremare\" \/>\n<meta name=\"twitter:card\" content=\"summary_large_image\" \/>\n<meta name=\"twitter:creator\" content=\"@aics_it\" \/>\n<meta name=\"twitter:site\" content=\"@aics_it\" \/>\n<meta name=\"twitter:label1\" content=\"Scritto da\" \/>\n\t<meta name=\"twitter:data1\" content=\"Vincenzo Giardina\" \/>\n\t<meta name=\"twitter:label2\" content=\"Tempo di lettura stimato\" \/>\n\t<meta name=\"twitter:data2\" content=\"4 minuti\" \/>\n<script type=\"application\/ld+json\" class=\"yoast-schema-graph\">{\"@context\":\"https:\\\/\\\/schema.org\",\"@graph\":[{\"@type\":\"Article\",\"@id\":\"https:\\\/\\\/www.aics.gov.it\\\/oltremare\\\/redazionali\\\/non-lasciamo-indietro-nessuno-e-un-impegno-europeo\\\/#article\",\"isPartOf\":{\"@id\":\"https:\\\/\\\/www.aics.gov.it\\\/oltremare\\\/redazionali\\\/non-lasciamo-indietro-nessuno-e-un-impegno-europeo\\\/\"},\"author\":{\"name\":\"Oltremare\",\"@id\":\"https:\\\/\\\/www.aics.gov.it\\\/oltremare\\\/#\\\/schema\\\/person\\\/839e251090f440ea6a1f960a5050e424\"},\"headline\":\"Non lasciamo indietro nessuno. \u00c8 un impegno europeo\",\"datePublished\":\"2019-06-27T16:48:05+00:00\",\"dateModified\":\"2019-06-27T16:49:31+00:00\",\"mainEntityOfPage\":{\"@id\":\"https:\\\/\\\/www.aics.gov.it\\\/oltremare\\\/redazionali\\\/non-lasciamo-indietro-nessuno-e-un-impegno-europeo\\\/\"},\"wordCount\":816,\"commentCount\":0,\"publisher\":{\"@id\":\"https:\\\/\\\/www.aics.gov.it\\\/oltremare\\\/#organization\"},\"image\":{\"@id\":\"https:\\\/\\\/www.aics.gov.it\\\/oltremare\\\/redazionali\\\/non-lasciamo-indietro-nessuno-e-un-impegno-europeo\\\/#primaryimage\"},\"thumbnailUrl\":\"https:\\\/\\\/www.aics.gov.it\\\/oltremare\\\/wp-content\\\/uploads\\\/2019\\\/06\\\/redazionale-200.jpg\",\"articleSection\":[\"Redazionali\"],\"inLanguage\":\"it-IT\",\"potentialAction\":[{\"@type\":\"CommentAction\",\"name\":\"Comment\",\"target\":[\"https:\\\/\\\/www.aics.gov.it\\\/oltremare\\\/redazionali\\\/non-lasciamo-indietro-nessuno-e-un-impegno-europeo\\\/#respond\"]}]},{\"@type\":\"WebPage\",\"@id\":\"https:\\\/\\\/www.aics.gov.it\\\/oltremare\\\/redazionali\\\/non-lasciamo-indietro-nessuno-e-un-impegno-europeo\\\/\",\"url\":\"https:\\\/\\\/www.aics.gov.it\\\/oltremare\\\/redazionali\\\/non-lasciamo-indietro-nessuno-e-un-impegno-europeo\\\/\",\"name\":\"Non lasciamo indietro nessuno. \u00c8 un impegno europeo - Oltremare\",\"isPartOf\":{\"@id\":\"https:\\\/\\\/www.aics.gov.it\\\/oltremare\\\/#website\"},\"primaryImageOfPage\":{\"@id\":\"https:\\\/\\\/www.aics.gov.it\\\/oltremare\\\/redazionali\\\/non-lasciamo-indietro-nessuno-e-un-impegno-europeo\\\/#primaryimage\"},\"image\":{\"@id\":\"https:\\\/\\\/www.aics.gov.it\\\/oltremare\\\/redazionali\\\/non-lasciamo-indietro-nessuno-e-un-impegno-europeo\\\/#primaryimage\"},\"thumbnailUrl\":\"https:\\\/\\\/www.aics.gov.it\\\/oltremare\\\/wp-content\\\/uploads\\\/2019\\\/06\\\/redazionale-200.jpg\",\"datePublished\":\"2019-06-27T16:48:05+00:00\",\"dateModified\":\"2019-06-27T16:49:31+00:00\",\"breadcrumb\":{\"@id\":\"https:\\\/\\\/www.aics.gov.it\\\/oltremare\\\/redazionali\\\/non-lasciamo-indietro-nessuno-e-un-impegno-europeo\\\/#breadcrumb\"},\"inLanguage\":\"it-IT\",\"potentialAction\":[{\"@type\":\"ReadAction\",\"target\":[\"https:\\\/\\\/www.aics.gov.it\\\/oltremare\\\/redazionali\\\/non-lasciamo-indietro-nessuno-e-un-impegno-europeo\\\/\"]}]},{\"@type\":\"ImageObject\",\"inLanguage\":\"it-IT\",\"@id\":\"https:\\\/\\\/www.aics.gov.it\\\/oltremare\\\/redazionali\\\/non-lasciamo-indietro-nessuno-e-un-impegno-europeo\\\/#primaryimage\",\"url\":\"https:\\\/\\\/www.aics.gov.it\\\/oltremare\\\/wp-content\\\/uploads\\\/2019\\\/06\\\/redazionale-200.jpg\",\"contentUrl\":\"https:\\\/\\\/www.aics.gov.it\\\/oltremare\\\/wp-content\\\/uploads\\\/2019\\\/06\\\/redazionale-200.jpg\",\"width\":200,\"height\":200},{\"@type\":\"BreadcrumbList\",\"@id\":\"https:\\\/\\\/www.aics.gov.it\\\/oltremare\\\/redazionali\\\/non-lasciamo-indietro-nessuno-e-un-impegno-europeo\\\/#breadcrumb\",\"itemListElement\":[{\"@type\":\"ListItem\",\"position\":1,\"name\":\"Home\",\"item\":\"https:\\\/\\\/www.aics.gov.it\\\/oltremare\\\/\"},{\"@type\":\"ListItem\",\"position\":2,\"name\":\"Non lasciamo indietro nessuno. \u00c8 un impegno europeo\"}]},{\"@type\":\"WebSite\",\"@id\":\"https:\\\/\\\/www.aics.gov.it\\\/oltremare\\\/#website\",\"url\":\"https:\\\/\\\/www.aics.gov.it\\\/oltremare\\\/\",\"name\":\"Oltremare\",\"description\":\"Il Blog della cooperazione\",\"publisher\":{\"@id\":\"https:\\\/\\\/www.aics.gov.it\\\/oltremare\\\/#organization\"},\"potentialAction\":[{\"@type\":\"SearchAction\",\"target\":{\"@type\":\"EntryPoint\",\"urlTemplate\":\"https:\\\/\\\/www.aics.gov.it\\\/oltremare\\\/?s={search_term_string}\"},\"query-input\":{\"@type\":\"PropertyValueSpecification\",\"valueRequired\":true,\"valueName\":\"search_term_string\"}}],\"inLanguage\":\"it-IT\"},{\"@type\":\"Organization\",\"@id\":\"https:\\\/\\\/www.aics.gov.it\\\/oltremare\\\/#organization\",\"name\":\"Agenzia Italiana per la Cooperazione allo Sviluppo\",\"url\":\"https:\\\/\\\/www.aics.gov.it\\\/oltremare\\\/\",\"logo\":{\"@type\":\"ImageObject\",\"inLanguage\":\"it-IT\",\"@id\":\"https:\\\/\\\/www.aics.gov.it\\\/oltremare\\\/#\\\/schema\\\/logo\\\/image\\\/\",\"url\":\"https:\\\/\\\/www.aics.gov.it\\\/oltremare\\\/wp-content\\\/uploads\\\/2018\\\/02\\\/AICS_HEADER_530x130_EC1-e1518178146163.jpg\",\"contentUrl\":\"https:\\\/\\\/www.aics.gov.it\\\/oltremare\\\/wp-content\\\/uploads\\\/2018\\\/02\\\/AICS_HEADER_530x130_EC1-e1518178146163.jpg\",\"width\":300,\"height\":74,\"caption\":\"Agenzia Italiana per la Cooperazione allo Sviluppo\"},\"image\":{\"@id\":\"https:\\\/\\\/www.aics.gov.it\\\/oltremare\\\/#\\\/schema\\\/logo\\\/image\\\/\"},\"sameAs\":[\"https:\\\/\\\/www.facebook.com\\\/Agenzia-Italiana-per-la-Cooperazione-allo-Sviluppo-996004880482735\\\/\",\"https:\\\/\\\/x.com\\\/aics_it\",\"https:\\\/\\\/www.instagram.com\\\/aics_cooperazione_it\\\/\",\"https:\\\/\\\/www.youtube.com\\\/channel\\\/UCbssygnjreKD1Se1mDeCQ5w\"]},{\"@type\":\"Person\",\"@id\":\"https:\\\/\\\/www.aics.gov.it\\\/oltremare\\\/#\\\/schema\\\/person\\\/839e251090f440ea6a1f960a5050e424\",\"name\":\"Oltremare\",\"image\":{\"@type\":\"ImageObject\",\"inLanguage\":\"it-IT\",\"@id\":\"https:\\\/\\\/secure.gravatar.com\\\/avatar\\\/5bdd54efc610ff3db8c53755c1599daf68165eb144e678103c1ac46fb81fe6a0?s=96&d=mm&r=g\",\"url\":\"https:\\\/\\\/secure.gravatar.com\\\/avatar\\\/5bdd54efc610ff3db8c53755c1599daf68165eb144e678103c1ac46fb81fe6a0?s=96&d=mm&r=g\",\"contentUrl\":\"https:\\\/\\\/secure.gravatar.com\\\/avatar\\\/5bdd54efc610ff3db8c53755c1599daf68165eb144e678103c1ac46fb81fe6a0?s=96&d=mm&r=g\",\"caption\":\"Oltremare\"},\"url\":\"\"}]}<\/script>\n<!-- \/ Yoast SEO plugin. -->","yoast_head_json":{"title":"Non lasciamo indietro nessuno. \u00c8 un impegno europeo - Oltremare","robots":{"index":"index","follow":"follow","max-snippet":"max-snippet:-1","max-image-preview":"max-image-preview:large","max-video-preview":"max-video-preview:-1"},"canonical":"https:\/\/www.aics.gov.it\/oltremare\/redazionali\/non-lasciamo-indietro-nessuno-e-un-impegno-europeo\/","og_locale":"it_IT","og_type":"article","og_title":"Non lasciamo indietro nessuno. \u00c8 un impegno europeo - Oltremare","og_description":"Costruire un mondo dove nessuno sia lasciato indietro: \u00e8 l\u2019impegno assunto a Bruxelles, durante gli European Development Days. Con 40mila presenze da 154 Paesi, capi di Stato e di governo, 4.500 organizzazioni e sette Premi Nobel.","og_url":"https:\/\/www.aics.gov.it\/oltremare\/redazionali\/non-lasciamo-indietro-nessuno-e-un-impegno-europeo\/","og_site_name":"Oltremare","article_publisher":"https:\/\/www.facebook.com\/Agenzia-Italiana-per-la-Cooperazione-allo-Sviluppo-996004880482735\/","article_published_time":"2019-06-27T16:48:05+00:00","article_modified_time":"2019-06-27T16:49:31+00:00","og_image":[{"width":200,"height":200,"url":"https:\/\/www.aics.gov.it\/oltremare\/wp-content\/uploads\/2019\/06\/redazionale-200.jpg","type":"image\/jpeg"}],"author":"Oltremare","twitter_card":"summary_large_image","twitter_creator":"@aics_it","twitter_site":"@aics_it","twitter_misc":{"Scritto da":"Vincenzo Giardina","Tempo di lettura stimato":"4 minuti"},"schema":{"@context":"https:\/\/schema.org","@graph":[{"@type":"Article","@id":"https:\/\/www.aics.gov.it\/oltremare\/redazionali\/non-lasciamo-indietro-nessuno-e-un-impegno-europeo\/#article","isPartOf":{"@id":"https:\/\/www.aics.gov.it\/oltremare\/redazionali\/non-lasciamo-indietro-nessuno-e-un-impegno-europeo\/"},"author":{"name":"Oltremare","@id":"https:\/\/www.aics.gov.it\/oltremare\/#\/schema\/person\/839e251090f440ea6a1f960a5050e424"},"headline":"Non lasciamo indietro nessuno. \u00c8 un impegno europeo","datePublished":"2019-06-27T16:48:05+00:00","dateModified":"2019-06-27T16:49:31+00:00","mainEntityOfPage":{"@id":"https:\/\/www.aics.gov.it\/oltremare\/redazionali\/non-lasciamo-indietro-nessuno-e-un-impegno-europeo\/"},"wordCount":816,"commentCount":0,"publisher":{"@id":"https:\/\/www.aics.gov.it\/oltremare\/#organization"},"image":{"@id":"https:\/\/www.aics.gov.it\/oltremare\/redazionali\/non-lasciamo-indietro-nessuno-e-un-impegno-europeo\/#primaryimage"},"thumbnailUrl":"https:\/\/www.aics.gov.it\/oltremare\/wp-content\/uploads\/2019\/06\/redazionale-200.jpg","articleSection":["Redazionali"],"inLanguage":"it-IT","potentialAction":[{"@type":"CommentAction","name":"Comment","target":["https:\/\/www.aics.gov.it\/oltremare\/redazionali\/non-lasciamo-indietro-nessuno-e-un-impegno-europeo\/#respond"]}]},{"@type":"WebPage","@id":"https:\/\/www.aics.gov.it\/oltremare\/redazionali\/non-lasciamo-indietro-nessuno-e-un-impegno-europeo\/","url":"https:\/\/www.aics.gov.it\/oltremare\/redazionali\/non-lasciamo-indietro-nessuno-e-un-impegno-europeo\/","name":"Non lasciamo indietro nessuno. \u00c8 un impegno europeo - Oltremare","isPartOf":{"@id":"https:\/\/www.aics.gov.it\/oltremare\/#website"},"primaryImageOfPage":{"@id":"https:\/\/www.aics.gov.it\/oltremare\/redazionali\/non-lasciamo-indietro-nessuno-e-un-impegno-europeo\/#primaryimage"},"image":{"@id":"https:\/\/www.aics.gov.it\/oltremare\/redazionali\/non-lasciamo-indietro-nessuno-e-un-impegno-europeo\/#primaryimage"},"thumbnailUrl":"https:\/\/www.aics.gov.it\/oltremare\/wp-content\/uploads\/2019\/06\/redazionale-200.jpg","datePublished":"2019-06-27T16:48:05+00:00","dateModified":"2019-06-27T16:49:31+00:00","breadcrumb":{"@id":"https:\/\/www.aics.gov.it\/oltremare\/redazionali\/non-lasciamo-indietro-nessuno-e-un-impegno-europeo\/#breadcrumb"},"inLanguage":"it-IT","potentialAction":[{"@type":"ReadAction","target":["https:\/\/www.aics.gov.it\/oltremare\/redazionali\/non-lasciamo-indietro-nessuno-e-un-impegno-europeo\/"]}]},{"@type":"ImageObject","inLanguage":"it-IT","@id":"https:\/\/www.aics.gov.it\/oltremare\/redazionali\/non-lasciamo-indietro-nessuno-e-un-impegno-europeo\/#primaryimage","url":"https:\/\/www.aics.gov.it\/oltremare\/wp-content\/uploads\/2019\/06\/redazionale-200.jpg","contentUrl":"https:\/\/www.aics.gov.it\/oltremare\/wp-content\/uploads\/2019\/06\/redazionale-200.jpg","width":200,"height":200},{"@type":"BreadcrumbList","@id":"https:\/\/www.aics.gov.it\/oltremare\/redazionali\/non-lasciamo-indietro-nessuno-e-un-impegno-europeo\/#breadcrumb","itemListElement":[{"@type":"ListItem","position":1,"name":"Home","item":"https:\/\/www.aics.gov.it\/oltremare\/"},{"@type":"ListItem","position":2,"name":"Non lasciamo indietro nessuno. \u00c8 un impegno europeo"}]},{"@type":"WebSite","@id":"https:\/\/www.aics.gov.it\/oltremare\/#website","url":"https:\/\/www.aics.gov.it\/oltremare\/","name":"Oltremare","description":"Il Blog della cooperazione","publisher":{"@id":"https:\/\/www.aics.gov.it\/oltremare\/#organization"},"potentialAction":[{"@type":"SearchAction","target":{"@type":"EntryPoint","urlTemplate":"https:\/\/www.aics.gov.it\/oltremare\/?s={search_term_string}"},"query-input":{"@type":"PropertyValueSpecification","valueRequired":true,"valueName":"search_term_string"}}],"inLanguage":"it-IT"},{"@type":"Organization","@id":"https:\/\/www.aics.gov.it\/oltremare\/#organization","name":"Agenzia Italiana per la Cooperazione allo Sviluppo","url":"https:\/\/www.aics.gov.it\/oltremare\/","logo":{"@type":"ImageObject","inLanguage":"it-IT","@id":"https:\/\/www.aics.gov.it\/oltremare\/#\/schema\/logo\/image\/","url":"https:\/\/www.aics.gov.it\/oltremare\/wp-content\/uploads\/2018\/02\/AICS_HEADER_530x130_EC1-e1518178146163.jpg","contentUrl":"https:\/\/www.aics.gov.it\/oltremare\/wp-content\/uploads\/2018\/02\/AICS_HEADER_530x130_EC1-e1518178146163.jpg","width":300,"height":74,"caption":"Agenzia Italiana per la Cooperazione allo Sviluppo"},"image":{"@id":"https:\/\/www.aics.gov.it\/oltremare\/#\/schema\/logo\/image\/"},"sameAs":["https:\/\/www.facebook.com\/Agenzia-Italiana-per-la-Cooperazione-allo-Sviluppo-996004880482735\/","https:\/\/x.com\/aics_it","https:\/\/www.instagram.com\/aics_cooperazione_it\/","https:\/\/www.youtube.com\/channel\/UCbssygnjreKD1Se1mDeCQ5w"]},{"@type":"Person","@id":"https:\/\/www.aics.gov.it\/oltremare\/#\/schema\/person\/839e251090f440ea6a1f960a5050e424","name":"Oltremare","image":{"@type":"ImageObject","inLanguage":"it-IT","@id":"https:\/\/secure.gravatar.com\/avatar\/5bdd54efc610ff3db8c53755c1599daf68165eb144e678103c1ac46fb81fe6a0?s=96&d=mm&r=g","url":"https:\/\/secure.gravatar.com\/avatar\/5bdd54efc610ff3db8c53755c1599daf68165eb144e678103c1ac46fb81fe6a0?s=96&d=mm&r=g","contentUrl":"https:\/\/secure.gravatar.com\/avatar\/5bdd54efc610ff3db8c53755c1599daf68165eb144e678103c1ac46fb81fe6a0?s=96&d=mm&r=g","caption":"Oltremare"},"url":""}]}},"_links":{"self":[{"href":"https:\/\/www.aics.gov.it\/oltremare\/wp-json\/wp\/v2\/posts\/8588","targetHints":{"allow":["GET"]}}],"collection":[{"href":"https:\/\/www.aics.gov.it\/oltremare\/wp-json\/wp\/v2\/posts"}],"about":[{"href":"https:\/\/www.aics.gov.it\/oltremare\/wp-json\/wp\/v2\/types\/post"}],"author":[{"embeddable":true,"href":"https:\/\/www.aics.gov.it\/oltremare\/wp-json\/wp\/v2\/users\/1"}],"replies":[{"embeddable":true,"href":"https:\/\/www.aics.gov.it\/oltremare\/wp-json\/wp\/v2\/comments?post=8588"}],"version-history":[{"count":2,"href":"https:\/\/www.aics.gov.it\/oltremare\/wp-json\/wp\/v2\/posts\/8588\/revisions"}],"predecessor-version":[{"id":8671,"href":"https:\/\/www.aics.gov.it\/oltremare\/wp-json\/wp\/v2\/posts\/8588\/revisions\/8671"}],"wp:featuredmedia":[{"embeddable":true,"href":"https:\/\/www.aics.gov.it\/oltremare\/wp-json\/wp\/v2\/media\/8680"}],"wp:attachment":[{"href":"https:\/\/www.aics.gov.it\/oltremare\/wp-json\/wp\/v2\/media?parent=8588"}],"wp:term":[{"taxonomy":"category","embeddable":true,"href":"https:\/\/www.aics.gov.it\/oltremare\/wp-json\/wp\/v2\/categories?post=8588"},{"taxonomy":"post_tag","embeddable":true,"href":"https:\/\/www.aics.gov.it\/oltremare\/wp-json\/wp\/v2\/tags?post=8588"}],"curies":[{"name":"wp","href":"https:\/\/api.w.org\/{rel}","templated":true}]}}