{"id":8811,"date":"2019-07-25T12:22:45","date_gmt":"2019-07-25T10:22:45","guid":{"rendered":"https:\/\/www.aics.gov.it\/oltremare\/?p=8811"},"modified":"2019-07-30T15:50:19","modified_gmt":"2019-07-30T13:50:19","slug":"raff-il-festival-che-porta-il-cinema-africano-a-roma","status":"publish","type":"post","link":"https:\/\/www.aics.gov.it\/oltremare\/rubriche\/eventi\/raff-il-festival-che-porta-il-cinema-africano-a-roma\/","title":{"rendered":"Raff, il festival che porta il cinema africano a Roma"},"content":{"rendered":"<p>A luglio si \u00e8 tenuta la quinta edizione del RomAfrica Film Festival (Raff), rassegna dedicata al continente africano: una finestra aperta sull\u2019Africa, sui suoi sogni, le sue ambizioni e le sue contraddizioni<\/p>\n<p><!--more--><\/p>\n<p><span style=\"font-weight: 400;\">Non \u00e8 stato semplicemente un successo di pubblico. \u00c8 stato soprattutto un palcoscenico aperto sull\u2019Africa, sulle sue aspirazioni, i suoi sogni, le sue contraddizioni. Questo \u00e8 stato il <\/span><a href=\"http:\/\/www.romafricafilmfest.com\"><span style=\"font-weight: 400;\">RomAfrica Film Festival<\/span><\/a><span style=\"font-weight: 400;\"> (Raff), la rassegna dedicata al cinema africano che lo scorso luglio ha celebrato la sua quinta edizione.\u00a0<\/span><\/p>\n<p><span style=\"font-weight: 400;\">\u201c\u00c8 stata di fatto una dimostrazione di come la qualit\u00e0 del cinema africano possa far s\u00ec che questi film non restino al \u2018chiuso\u2019 di festival e rassegne ma raggiungano il grande pubblico, consentendo di raccontare un continente dinamico e in grande trasformazione\u201d hanno sottolineato i promotori di un\u2019iniziativa che gode, tra gli altri, del patrocinio del Ministero degli Affari Esteri e della Cooperazione Internazionale.\u00a0<\/span><\/p>\n<p>&nbsp;<\/p>\n<p><img loading=\"lazy\" decoding=\"async\" class=\"aligncenter size-full wp-image-8812\" src=\"https:\/\/www.aics.gov.it\/oltremare\/wp-content\/uploads\/2019\/07\/Farewell_Ella_Bella.jpg\" alt=\"\" width=\"600\" height=\"418\" \/><\/p>\n<p>&nbsp;<\/p>\n<p><span style=\"font-weight: 400;\">Se lo scorso anno il filo conduttore della kermesse era stato l\u2019energia, quest\u2019anno gli organizzatori hanno improntato un programma in cui \u00e8 stata la donna africana a essere protagonista, con film intensi come Sofia, di Meryem Benm\u2019Barek, che racconta la storia di un matrimonio riparatore fatto per interesse, e il sudafricano Farewell Ella Bella, della regista Lwazi Mvusi, dove il viaggio di una ragazza verso Johannesburg diventa un viaggio di riscoperta del proprio io. O come Rafiki, di Wanuri Kahiu, che ha chiuso il festival, dove tema centrale \u00e8 stato l\u2019amore tra due ragazze in Kenya, all\u2019interno di un contesto sociale ostile. Come ha scritto su \u2018<\/span><a href=\"https:\/\/www.africaeaffari.it\/\"><span style=\"font-weight: 400;\">Africa e Affari<\/span><\/a><span style=\"font-weight: 400;\">\u2019 Antonio Flamini, direttore artistico del Raff, in uno speciale dedicato all\u2019industria cinematografica africana, superata la fase legata alla decolonizzazione, il cinema africano ha iniziato a raccontare le grandi sfide, la grande vitalit\u00e0 e anche le enormi contraddizioni di questo continente, descrivendone la sua anima multiforme, fino anche a recuperarne le storie precedenti alle colonizzazioni.<\/span><\/p>\n<p><span style=\"font-weight: 400;\">La manifestazione \u00e8 stata arricchita da tavole rotonde &#8211; una organizzata dal Collettivo N e dedicata al ruolo del cinema nel raccontare i cambiamenti della societ\u00e0, e una organizzata dal gruppo Bianco, Nero e a Colori dedicata alla multiculturalit\u00e0 femminile &#8211; e da momenti importanti come la consegna degli Italian Black Movie Awards, sabato 13 luglio, e del Premio Next Generations, il 14 luglio.<\/span><\/p>\n<p>&nbsp;<\/p>\n<p><img loading=\"lazy\" decoding=\"async\" class=\"aligncenter size-full wp-image-8815\" src=\"https:\/\/www.aics.gov.it\/oltremare\/wp-content\/uploads\/2019\/07\/Wulu.jpg\" alt=\"\" width=\"1000\" height=\"562\" srcset=\"https:\/\/www.aics.gov.it\/oltremare\/wp-content\/uploads\/2019\/07\/Wulu.jpg 1000w, https:\/\/www.aics.gov.it\/oltremare\/wp-content\/uploads\/2019\/07\/Wulu-600x337.jpg 600w, https:\/\/www.aics.gov.it\/oltremare\/wp-content\/uploads\/2019\/07\/Wulu-768x432.jpg 768w\" sizes=\"auto, (max-width: 1000px) 100vw, 1000px\" \/><\/p>\n<p>&nbsp;<\/p>\n<p><span style=\"font-weight: 400;\">Il Raff pu\u00f2 contribuire alla scoperta di una realt\u00e0 che nel tempo si \u00e8 affermata anche a livello industriale, con esempi significativi come quello di Nollywood, diventato uno dei principali settori economici della Nigeria. Oggi, con la rivoluzione digitale, in Paesi dove fare un film richiedeva sforzi enormi, tutto \u00e8 diventato pi\u00f9 facile, accessibile e realizzabile con mezzi molto pi\u00f9 economici, avvicinando moltissimi giovani a questa arte, e l\u2019Africa \u00e8 un continente fatto di giovani.\u00a0<\/span><\/p>\n<p><span style=\"font-weight: 400;\">Si sono, quindi, moltiplicate le iniziative e sono cresciuti nel mondo i festival e le rassegne che contribuiscono in modo fondamentale a far conoscere questa cinematografia.<\/span><\/p>\n<p><span style=\"font-weight: 400;\">\u201cNei festival i film africani cominciano a essere pi\u00f9 presenti e a ottenere riconoscimenti\u201d ha detto Mohamed Ibrahim intervenendo durante il Raff dove, in qualit\u00e0 di distributore del film egiziano Hepta, era uno degli ospiti. \u201cUna presenza &#8211; ha aggiunto &#8211; resa forte da registi che stanno crescendo e da produzioni di sempre maggiore qualit\u00e0\u201d.\u00a0<\/span><\/p>\n<p><span style=\"font-weight: 400;\">Questo crescente interesse per il cinema africano &#8211; scrive ancora Flamini &#8211; \u00e8 dimostrato da due momenti di incontro realizzati l\u2019uno alla Berlinale, gi\u00e0 da due anni, con l\u2019<\/span><a href=\"https:\/\/www.efm-berlinale.de\/en\/berlinale-africa-hub\/home\/berlinale-africa-hub.html\"><span style=\"font-weight: 400;\">Africahub<\/span><\/a><span style=\"font-weight: 400;\">, l\u2019altro al Festival di Cannes, con la presenza da quest\u2019anno del <\/span><a href=\"https:\/\/www.festival-cannes.com\/fr\/qui-sommes-nous\/village-international\"><span style=\"font-weight: 400;\">Pavillon Afriques<\/span><\/a><span style=\"font-weight: 400;\">. Il primo spazio, collegato all\u2019Efm (European Film Market), offre una serie di eventi con presentazioni e conferenze per consentire a distributori, acquirenti, registi e altri professionisti del settore di concentrarsi sull\u2019Africa subsahariana e non perdere gli ultimi sviluppi innovativi all\u2019interno dell\u2019industria cinematografica africana insieme alle sue tendenze, potenzialit\u00e0 e visioni. Il secondo polo, posizionato all\u2019interno della sezione Mercato dei film del Festival di Cannes, \u00e8 dedicato al business del cinema in Africa e all\u2019interno della diaspora, uno spazio promozionale esclusivo in cui le parti interessate dell\u2019industria cinematografica si incontrano, discutono e commerciano, approfittando dell\u2019atmosfera unica del festival.\u00a0<\/span><\/p>\n<p>&nbsp;<\/p>\n<p><img loading=\"lazy\" decoding=\"async\" class=\"aligncenter size-large wp-image-8813\" src=\"https:\/\/www.aics.gov.it\/oltremare\/wp-content\/uploads\/2019\/07\/Rafiki-1024x576.jpg\" alt=\"\" width=\"1024\" height=\"576\" srcset=\"https:\/\/www.aics.gov.it\/oltremare\/wp-content\/uploads\/2019\/07\/Rafiki-1024x576.jpg 1024w, https:\/\/www.aics.gov.it\/oltremare\/wp-content\/uploads\/2019\/07\/Rafiki-600x338.jpg 600w, https:\/\/www.aics.gov.it\/oltremare\/wp-content\/uploads\/2019\/07\/Rafiki-768x432.jpg 768w, https:\/\/www.aics.gov.it\/oltremare\/wp-content\/uploads\/2019\/07\/Rafiki.jpg 1484w\" sizes=\"auto, (max-width: 1024px) 100vw, 1024px\" \/><\/p>\n<p>&nbsp;<\/p>\n<p><span style=\"font-weight: 400;\">Se i film africani si affermano nei festival pi\u00f9 importanti del mondo, purtroppo ancora faticano a trovare un loro spazio nelle sale cinematografiche, soprattutto italiane. Un passo ulteriore che richiede probabilmente distributori coraggiosi e che, in Italia, potrebbe trarre vantaggio da festival di successo come il Raff e iniziative analoghe che si tengono da molti anni a Milano e a Verona.\u00a0<\/span><\/p>\n","protected":false},"excerpt":{"rendered":"<p>A luglio si \u00e8 tenuta la quinta edizione del RomAfrica Film Festival (Raff), rassegna dedicata al continente africano: una finestra aperta sull\u2019Africa, sui suoi sogni, le sue ambizioni e le sue contraddizioni<\/p>\n","protected":false},"author":6,"featured_media":8814,"comment_status":"open","ping_status":"open","sticky":false,"template":"","format":"standard","meta":{"footnotes":""},"categories":[186],"tags":[193,235,238,237,234,236],"class_list":["post-8811","post","type-post","status-publish","format-standard","has-post-thumbnail","hentry","category-eventi","tag-africa","tag-cinema","tag-festival","tag-film","tag-raff","tag-roma"],"yoast_head":"<!-- This site is optimized with the Yoast SEO plugin v27.5 - https:\/\/yoast.com\/product\/yoast-seo-wordpress\/ -->\n<title>Raff, il festival che porta il cinema africano a Roma - Oltremare<\/title>\n<meta name=\"robots\" content=\"index, follow, max-snippet:-1, max-image-preview:large, max-video-preview:-1\" \/>\n<link rel=\"canonical\" href=\"https:\/\/www.aics.gov.it\/oltremare\/rubriche\/eventi\/raff-il-festival-che-porta-il-cinema-africano-a-roma\/\" \/>\n<meta property=\"og:locale\" content=\"it_IT\" \/>\n<meta property=\"og:type\" content=\"article\" \/>\n<meta property=\"og:title\" content=\"Raff, il festival che porta il cinema africano a Roma - Oltremare\" \/>\n<meta property=\"og:description\" content=\"A luglio si \u00e8 tenuta la quinta edizione del RomAfrica Film Festival (Raff), rassegna dedicata al continente africano: una finestra aperta sull\u2019Africa, sui suoi sogni, le sue ambizioni e le sue contraddizioni\" \/>\n<meta property=\"og:url\" content=\"https:\/\/www.aics.gov.it\/oltremare\/rubriche\/eventi\/raff-il-festival-che-porta-il-cinema-africano-a-roma\/\" \/>\n<meta property=\"og:site_name\" content=\"Oltremare\" \/>\n<meta property=\"article:publisher\" content=\"https:\/\/www.facebook.com\/Agenzia-Italiana-per-la-Cooperazione-allo-Sviluppo-996004880482735\/\" \/>\n<meta property=\"article:published_time\" content=\"2019-07-25T10:22:45+00:00\" \/>\n<meta property=\"article:modified_time\" content=\"2019-07-30T13:50:19+00:00\" \/>\n<meta property=\"og:image\" content=\"https:\/\/www.aics.gov.it\/oltremare\/wp-content\/uploads\/2019\/07\/ROMAFRICA8.jpg\" \/>\n\t<meta property=\"og:image:width\" content=\"960\" \/>\n\t<meta property=\"og:image:height\" content=\"720\" \/>\n\t<meta property=\"og:image:type\" content=\"image\/jpeg\" \/>\n<meta name=\"author\" content=\"Gianfranco Belgrano\" \/>\n<meta name=\"twitter:card\" content=\"summary_large_image\" \/>\n<meta name=\"twitter:creator\" content=\"@aics_it\" \/>\n<meta name=\"twitter:site\" content=\"@aics_it\" \/>\n<meta name=\"twitter:label1\" content=\"Scritto da\" \/>\n\t<meta name=\"twitter:data1\" content=\"Gianfranco Belgrano\" \/>\n\t<meta name=\"twitter:label2\" content=\"Tempo di lettura stimato\" \/>\n\t<meta name=\"twitter:data2\" content=\"4 minuti\" \/>\n<script type=\"application\/ld+json\" class=\"yoast-schema-graph\">{\"@context\":\"https:\\\/\\\/schema.org\",\"@graph\":[{\"@type\":\"Article\",\"@id\":\"https:\\\/\\\/www.aics.gov.it\\\/oltremare\\\/rubriche\\\/eventi\\\/raff-il-festival-che-porta-il-cinema-africano-a-roma\\\/#article\",\"isPartOf\":{\"@id\":\"https:\\\/\\\/www.aics.gov.it\\\/oltremare\\\/rubriche\\\/eventi\\\/raff-il-festival-che-porta-il-cinema-africano-a-roma\\\/\"},\"author\":{\"name\":\"Gianfranco Belgrano\",\"@id\":\"https:\\\/\\\/www.aics.gov.it\\\/oltremare\\\/#\\\/schema\\\/person\\\/bbd39a2edf13a8b780ad8d877998928e\"},\"headline\":\"Raff, il festival che porta il cinema africano a Roma\",\"datePublished\":\"2019-07-25T10:22:45+00:00\",\"dateModified\":\"2019-07-30T13:50:19+00:00\",\"mainEntityOfPage\":{\"@id\":\"https:\\\/\\\/www.aics.gov.it\\\/oltremare\\\/rubriche\\\/eventi\\\/raff-il-festival-che-porta-il-cinema-africano-a-roma\\\/\"},\"wordCount\":750,\"commentCount\":0,\"publisher\":{\"@id\":\"https:\\\/\\\/www.aics.gov.it\\\/oltremare\\\/#organization\"},\"image\":{\"@id\":\"https:\\\/\\\/www.aics.gov.it\\\/oltremare\\\/rubriche\\\/eventi\\\/raff-il-festival-che-porta-il-cinema-africano-a-roma\\\/#primaryimage\"},\"thumbnailUrl\":\"https:\\\/\\\/www.aics.gov.it\\\/oltremare\\\/wp-content\\\/uploads\\\/2019\\\/07\\\/ROMAFRICA8.jpg\",\"keywords\":[\"Africa\",\"Cinema\",\"Festival\",\"Film\",\"Raff\",\"Roma\"],\"articleSection\":[\"Eventi\"],\"inLanguage\":\"it-IT\",\"potentialAction\":[{\"@type\":\"CommentAction\",\"name\":\"Comment\",\"target\":[\"https:\\\/\\\/www.aics.gov.it\\\/oltremare\\\/rubriche\\\/eventi\\\/raff-il-festival-che-porta-il-cinema-africano-a-roma\\\/#respond\"]}]},{\"@type\":\"WebPage\",\"@id\":\"https:\\\/\\\/www.aics.gov.it\\\/oltremare\\\/rubriche\\\/eventi\\\/raff-il-festival-che-porta-il-cinema-africano-a-roma\\\/\",\"url\":\"https:\\\/\\\/www.aics.gov.it\\\/oltremare\\\/rubriche\\\/eventi\\\/raff-il-festival-che-porta-il-cinema-africano-a-roma\\\/\",\"name\":\"Raff, il festival che porta il cinema africano a Roma - Oltremare\",\"isPartOf\":{\"@id\":\"https:\\\/\\\/www.aics.gov.it\\\/oltremare\\\/#website\"},\"primaryImageOfPage\":{\"@id\":\"https:\\\/\\\/www.aics.gov.it\\\/oltremare\\\/rubriche\\\/eventi\\\/raff-il-festival-che-porta-il-cinema-africano-a-roma\\\/#primaryimage\"},\"image\":{\"@id\":\"https:\\\/\\\/www.aics.gov.it\\\/oltremare\\\/rubriche\\\/eventi\\\/raff-il-festival-che-porta-il-cinema-africano-a-roma\\\/#primaryimage\"},\"thumbnailUrl\":\"https:\\\/\\\/www.aics.gov.it\\\/oltremare\\\/wp-content\\\/uploads\\\/2019\\\/07\\\/ROMAFRICA8.jpg\",\"datePublished\":\"2019-07-25T10:22:45+00:00\",\"dateModified\":\"2019-07-30T13:50:19+00:00\",\"breadcrumb\":{\"@id\":\"https:\\\/\\\/www.aics.gov.it\\\/oltremare\\\/rubriche\\\/eventi\\\/raff-il-festival-che-porta-il-cinema-africano-a-roma\\\/#breadcrumb\"},\"inLanguage\":\"it-IT\",\"potentialAction\":[{\"@type\":\"ReadAction\",\"target\":[\"https:\\\/\\\/www.aics.gov.it\\\/oltremare\\\/rubriche\\\/eventi\\\/raff-il-festival-che-porta-il-cinema-africano-a-roma\\\/\"]}]},{\"@type\":\"ImageObject\",\"inLanguage\":\"it-IT\",\"@id\":\"https:\\\/\\\/www.aics.gov.it\\\/oltremare\\\/rubriche\\\/eventi\\\/raff-il-festival-che-porta-il-cinema-africano-a-roma\\\/#primaryimage\",\"url\":\"https:\\\/\\\/www.aics.gov.it\\\/oltremare\\\/wp-content\\\/uploads\\\/2019\\\/07\\\/ROMAFRICA8.jpg\",\"contentUrl\":\"https:\\\/\\\/www.aics.gov.it\\\/oltremare\\\/wp-content\\\/uploads\\\/2019\\\/07\\\/ROMAFRICA8.jpg\",\"width\":960,\"height\":720},{\"@type\":\"BreadcrumbList\",\"@id\":\"https:\\\/\\\/www.aics.gov.it\\\/oltremare\\\/rubriche\\\/eventi\\\/raff-il-festival-che-porta-il-cinema-africano-a-roma\\\/#breadcrumb\",\"itemListElement\":[{\"@type\":\"ListItem\",\"position\":1,\"name\":\"Home\",\"item\":\"https:\\\/\\\/www.aics.gov.it\\\/oltremare\\\/\"},{\"@type\":\"ListItem\",\"position\":2,\"name\":\"Raff, il festival che porta il cinema africano a Roma\"}]},{\"@type\":\"WebSite\",\"@id\":\"https:\\\/\\\/www.aics.gov.it\\\/oltremare\\\/#website\",\"url\":\"https:\\\/\\\/www.aics.gov.it\\\/oltremare\\\/\",\"name\":\"Oltremare\",\"description\":\"Il Blog della cooperazione\",\"publisher\":{\"@id\":\"https:\\\/\\\/www.aics.gov.it\\\/oltremare\\\/#organization\"},\"potentialAction\":[{\"@type\":\"SearchAction\",\"target\":{\"@type\":\"EntryPoint\",\"urlTemplate\":\"https:\\\/\\\/www.aics.gov.it\\\/oltremare\\\/?s={search_term_string}\"},\"query-input\":{\"@type\":\"PropertyValueSpecification\",\"valueRequired\":true,\"valueName\":\"search_term_string\"}}],\"inLanguage\":\"it-IT\"},{\"@type\":\"Organization\",\"@id\":\"https:\\\/\\\/www.aics.gov.it\\\/oltremare\\\/#organization\",\"name\":\"Agenzia Italiana per la Cooperazione allo Sviluppo\",\"url\":\"https:\\\/\\\/www.aics.gov.it\\\/oltremare\\\/\",\"logo\":{\"@type\":\"ImageObject\",\"inLanguage\":\"it-IT\",\"@id\":\"https:\\\/\\\/www.aics.gov.it\\\/oltremare\\\/#\\\/schema\\\/logo\\\/image\\\/\",\"url\":\"https:\\\/\\\/www.aics.gov.it\\\/oltremare\\\/wp-content\\\/uploads\\\/2018\\\/02\\\/AICS_HEADER_530x130_EC1-e1518178146163.jpg\",\"contentUrl\":\"https:\\\/\\\/www.aics.gov.it\\\/oltremare\\\/wp-content\\\/uploads\\\/2018\\\/02\\\/AICS_HEADER_530x130_EC1-e1518178146163.jpg\",\"width\":300,\"height\":74,\"caption\":\"Agenzia Italiana per la Cooperazione allo Sviluppo\"},\"image\":{\"@id\":\"https:\\\/\\\/www.aics.gov.it\\\/oltremare\\\/#\\\/schema\\\/logo\\\/image\\\/\"},\"sameAs\":[\"https:\\\/\\\/www.facebook.com\\\/Agenzia-Italiana-per-la-Cooperazione-allo-Sviluppo-996004880482735\\\/\",\"https:\\\/\\\/x.com\\\/aics_it\",\"https:\\\/\\\/www.instagram.com\\\/aics_cooperazione_it\\\/\",\"https:\\\/\\\/www.youtube.com\\\/channel\\\/UCbssygnjreKD1Se1mDeCQ5w\"]},{\"@type\":\"Person\",\"@id\":\"https:\\\/\\\/www.aics.gov.it\\\/oltremare\\\/#\\\/schema\\\/person\\\/bbd39a2edf13a8b780ad8d877998928e\",\"name\":\"Gianfranco Belgrano\",\"image\":{\"@type\":\"ImageObject\",\"inLanguage\":\"it-IT\",\"@id\":\"https:\\\/\\\/www.aics.gov.it\\\/oltremare\\\/wp-content\\\/uploads\\\/2018\\\/08\\\/gianfranco-belgrano1.jpg\",\"url\":\"https:\\\/\\\/www.aics.gov.it\\\/oltremare\\\/wp-content\\\/uploads\\\/2018\\\/08\\\/gianfranco-belgrano1.jpg\",\"contentUrl\":\"https:\\\/\\\/www.aics.gov.it\\\/oltremare\\\/wp-content\\\/uploads\\\/2018\\\/08\\\/gianfranco-belgrano1.jpg\",\"caption\":\"Gianfranco Belgrano\"},\"url\":\"https:\\\/\\\/www.aics.gov.it\\\/oltremare\\\/author\\\/gianfrancobelgrano\\\/\"}]}<\/script>\n<!-- \/ Yoast SEO plugin. -->","yoast_head_json":{"title":"Raff, il festival che porta il cinema africano a Roma - Oltremare","robots":{"index":"index","follow":"follow","max-snippet":"max-snippet:-1","max-image-preview":"max-image-preview:large","max-video-preview":"max-video-preview:-1"},"canonical":"https:\/\/www.aics.gov.it\/oltremare\/rubriche\/eventi\/raff-il-festival-che-porta-il-cinema-africano-a-roma\/","og_locale":"it_IT","og_type":"article","og_title":"Raff, il festival che porta il cinema africano a Roma - Oltremare","og_description":"A luglio si \u00e8 tenuta la quinta edizione del RomAfrica Film Festival (Raff), rassegna dedicata al continente africano: una finestra aperta sull\u2019Africa, sui suoi sogni, le sue ambizioni e le sue contraddizioni","og_url":"https:\/\/www.aics.gov.it\/oltremare\/rubriche\/eventi\/raff-il-festival-che-porta-il-cinema-africano-a-roma\/","og_site_name":"Oltremare","article_publisher":"https:\/\/www.facebook.com\/Agenzia-Italiana-per-la-Cooperazione-allo-Sviluppo-996004880482735\/","article_published_time":"2019-07-25T10:22:45+00:00","article_modified_time":"2019-07-30T13:50:19+00:00","og_image":[{"width":960,"height":720,"url":"https:\/\/www.aics.gov.it\/oltremare\/wp-content\/uploads\/2019\/07\/ROMAFRICA8.jpg","type":"image\/jpeg"}],"author":"Gianfranco Belgrano","twitter_card":"summary_large_image","twitter_creator":"@aics_it","twitter_site":"@aics_it","twitter_misc":{"Scritto da":"Gianfranco Belgrano","Tempo di lettura stimato":"4 minuti"},"schema":{"@context":"https:\/\/schema.org","@graph":[{"@type":"Article","@id":"https:\/\/www.aics.gov.it\/oltremare\/rubriche\/eventi\/raff-il-festival-che-porta-il-cinema-africano-a-roma\/#article","isPartOf":{"@id":"https:\/\/www.aics.gov.it\/oltremare\/rubriche\/eventi\/raff-il-festival-che-porta-il-cinema-africano-a-roma\/"},"author":{"name":"Gianfranco Belgrano","@id":"https:\/\/www.aics.gov.it\/oltremare\/#\/schema\/person\/bbd39a2edf13a8b780ad8d877998928e"},"headline":"Raff, il festival che porta il cinema africano a Roma","datePublished":"2019-07-25T10:22:45+00:00","dateModified":"2019-07-30T13:50:19+00:00","mainEntityOfPage":{"@id":"https:\/\/www.aics.gov.it\/oltremare\/rubriche\/eventi\/raff-il-festival-che-porta-il-cinema-africano-a-roma\/"},"wordCount":750,"commentCount":0,"publisher":{"@id":"https:\/\/www.aics.gov.it\/oltremare\/#organization"},"image":{"@id":"https:\/\/www.aics.gov.it\/oltremare\/rubriche\/eventi\/raff-il-festival-che-porta-il-cinema-africano-a-roma\/#primaryimage"},"thumbnailUrl":"https:\/\/www.aics.gov.it\/oltremare\/wp-content\/uploads\/2019\/07\/ROMAFRICA8.jpg","keywords":["Africa","Cinema","Festival","Film","Raff","Roma"],"articleSection":["Eventi"],"inLanguage":"it-IT","potentialAction":[{"@type":"CommentAction","name":"Comment","target":["https:\/\/www.aics.gov.it\/oltremare\/rubriche\/eventi\/raff-il-festival-che-porta-il-cinema-africano-a-roma\/#respond"]}]},{"@type":"WebPage","@id":"https:\/\/www.aics.gov.it\/oltremare\/rubriche\/eventi\/raff-il-festival-che-porta-il-cinema-africano-a-roma\/","url":"https:\/\/www.aics.gov.it\/oltremare\/rubriche\/eventi\/raff-il-festival-che-porta-il-cinema-africano-a-roma\/","name":"Raff, il festival che porta il cinema africano a Roma - Oltremare","isPartOf":{"@id":"https:\/\/www.aics.gov.it\/oltremare\/#website"},"primaryImageOfPage":{"@id":"https:\/\/www.aics.gov.it\/oltremare\/rubriche\/eventi\/raff-il-festival-che-porta-il-cinema-africano-a-roma\/#primaryimage"},"image":{"@id":"https:\/\/www.aics.gov.it\/oltremare\/rubriche\/eventi\/raff-il-festival-che-porta-il-cinema-africano-a-roma\/#primaryimage"},"thumbnailUrl":"https:\/\/www.aics.gov.it\/oltremare\/wp-content\/uploads\/2019\/07\/ROMAFRICA8.jpg","datePublished":"2019-07-25T10:22:45+00:00","dateModified":"2019-07-30T13:50:19+00:00","breadcrumb":{"@id":"https:\/\/www.aics.gov.it\/oltremare\/rubriche\/eventi\/raff-il-festival-che-porta-il-cinema-africano-a-roma\/#breadcrumb"},"inLanguage":"it-IT","potentialAction":[{"@type":"ReadAction","target":["https:\/\/www.aics.gov.it\/oltremare\/rubriche\/eventi\/raff-il-festival-che-porta-il-cinema-africano-a-roma\/"]}]},{"@type":"ImageObject","inLanguage":"it-IT","@id":"https:\/\/www.aics.gov.it\/oltremare\/rubriche\/eventi\/raff-il-festival-che-porta-il-cinema-africano-a-roma\/#primaryimage","url":"https:\/\/www.aics.gov.it\/oltremare\/wp-content\/uploads\/2019\/07\/ROMAFRICA8.jpg","contentUrl":"https:\/\/www.aics.gov.it\/oltremare\/wp-content\/uploads\/2019\/07\/ROMAFRICA8.jpg","width":960,"height":720},{"@type":"BreadcrumbList","@id":"https:\/\/www.aics.gov.it\/oltremare\/rubriche\/eventi\/raff-il-festival-che-porta-il-cinema-africano-a-roma\/#breadcrumb","itemListElement":[{"@type":"ListItem","position":1,"name":"Home","item":"https:\/\/www.aics.gov.it\/oltremare\/"},{"@type":"ListItem","position":2,"name":"Raff, il festival che porta il cinema africano a Roma"}]},{"@type":"WebSite","@id":"https:\/\/www.aics.gov.it\/oltremare\/#website","url":"https:\/\/www.aics.gov.it\/oltremare\/","name":"Oltremare","description":"Il Blog della cooperazione","publisher":{"@id":"https:\/\/www.aics.gov.it\/oltremare\/#organization"},"potentialAction":[{"@type":"SearchAction","target":{"@type":"EntryPoint","urlTemplate":"https:\/\/www.aics.gov.it\/oltremare\/?s={search_term_string}"},"query-input":{"@type":"PropertyValueSpecification","valueRequired":true,"valueName":"search_term_string"}}],"inLanguage":"it-IT"},{"@type":"Organization","@id":"https:\/\/www.aics.gov.it\/oltremare\/#organization","name":"Agenzia Italiana per la Cooperazione allo Sviluppo","url":"https:\/\/www.aics.gov.it\/oltremare\/","logo":{"@type":"ImageObject","inLanguage":"it-IT","@id":"https:\/\/www.aics.gov.it\/oltremare\/#\/schema\/logo\/image\/","url":"https:\/\/www.aics.gov.it\/oltremare\/wp-content\/uploads\/2018\/02\/AICS_HEADER_530x130_EC1-e1518178146163.jpg","contentUrl":"https:\/\/www.aics.gov.it\/oltremare\/wp-content\/uploads\/2018\/02\/AICS_HEADER_530x130_EC1-e1518178146163.jpg","width":300,"height":74,"caption":"Agenzia Italiana per la Cooperazione allo Sviluppo"},"image":{"@id":"https:\/\/www.aics.gov.it\/oltremare\/#\/schema\/logo\/image\/"},"sameAs":["https:\/\/www.facebook.com\/Agenzia-Italiana-per-la-Cooperazione-allo-Sviluppo-996004880482735\/","https:\/\/x.com\/aics_it","https:\/\/www.instagram.com\/aics_cooperazione_it\/","https:\/\/www.youtube.com\/channel\/UCbssygnjreKD1Se1mDeCQ5w"]},{"@type":"Person","@id":"https:\/\/www.aics.gov.it\/oltremare\/#\/schema\/person\/bbd39a2edf13a8b780ad8d877998928e","name":"Gianfranco Belgrano","image":{"@type":"ImageObject","inLanguage":"it-IT","@id":"https:\/\/www.aics.gov.it\/oltremare\/wp-content\/uploads\/2018\/08\/gianfranco-belgrano1.jpg","url":"https:\/\/www.aics.gov.it\/oltremare\/wp-content\/uploads\/2018\/08\/gianfranco-belgrano1.jpg","contentUrl":"https:\/\/www.aics.gov.it\/oltremare\/wp-content\/uploads\/2018\/08\/gianfranco-belgrano1.jpg","caption":"Gianfranco Belgrano"},"url":"https:\/\/www.aics.gov.it\/oltremare\/author\/gianfrancobelgrano\/"}]}},"_links":{"self":[{"href":"https:\/\/www.aics.gov.it\/oltremare\/wp-json\/wp\/v2\/posts\/8811","targetHints":{"allow":["GET"]}}],"collection":[{"href":"https:\/\/www.aics.gov.it\/oltremare\/wp-json\/wp\/v2\/posts"}],"about":[{"href":"https:\/\/www.aics.gov.it\/oltremare\/wp-json\/wp\/v2\/types\/post"}],"author":[{"embeddable":true,"href":"https:\/\/www.aics.gov.it\/oltremare\/wp-json\/wp\/v2\/users\/6"}],"replies":[{"embeddable":true,"href":"https:\/\/www.aics.gov.it\/oltremare\/wp-json\/wp\/v2\/comments?post=8811"}],"version-history":[{"count":5,"href":"https:\/\/www.aics.gov.it\/oltremare\/wp-json\/wp\/v2\/posts\/8811\/revisions"}],"predecessor-version":[{"id":8884,"href":"https:\/\/www.aics.gov.it\/oltremare\/wp-json\/wp\/v2\/posts\/8811\/revisions\/8884"}],"wp:featuredmedia":[{"embeddable":true,"href":"https:\/\/www.aics.gov.it\/oltremare\/wp-json\/wp\/v2\/media\/8814"}],"wp:attachment":[{"href":"https:\/\/www.aics.gov.it\/oltremare\/wp-json\/wp\/v2\/media?parent=8811"}],"wp:term":[{"taxonomy":"category","embeddable":true,"href":"https:\/\/www.aics.gov.it\/oltremare\/wp-json\/wp\/v2\/categories?post=8811"},{"taxonomy":"post_tag","embeddable":true,"href":"https:\/\/www.aics.gov.it\/oltremare\/wp-json\/wp\/v2\/tags?post=8811"}],"curies":[{"name":"wp","href":"https:\/\/api.w.org\/{rel}","templated":true}]}}