{"id":9117,"date":"2019-09-30T17:58:58","date_gmt":"2019-09-30T15:58:58","guid":{"rendered":"https:\/\/www.aics.gov.it\/oltremare\/?p=9117"},"modified":"2019-10-04T19:09:08","modified_gmt":"2019-10-04T17:09:08","slug":"alle-origini-della-diseguaglianza-il-cambiamento-climatico-e-viceversa","status":"publish","type":"post","link":"https:\/\/www.aics.gov.it\/oltremare\/articoli\/pianeta\/alle-origini-della-diseguaglianza-il-cambiamento-climatico-e-viceversa\/","title":{"rendered":"Alle origini delle diseguaglianze, il cambiamento climatico, e viceversa."},"content":{"rendered":"<p>Come sono collegati aumento delle disuguaglianze e accelerazione della crisi climatica e ambientale? \u00a0Un studio pubblicato sulla rivista Annual Review of Environment and Resources fa il punto sul tema. L\u2019intervista all\u2019autrice Maike Hamann<\/p>\n<p><!--more--><\/p>\n<p>Secondo il filosofo francese J.J. Rousseau \u201cl\u2019ineguaglianza morale \u00e8 dovuta ad una distribuzione ineguale di privilegi, dovuta alle istituzioni norme e credenze\u201d. Cos\u00ec scriveva nel 1754. Un secolo dopo Marx parlava di uguaglianza dell\u2019accesso ai mezzi di produzione. Oggi sempre di pi\u00f9 per\u00f2 si cerca di capire i legami tra risorse ambientali e diseguaglianza. E allo stesso tempo, ribaltando la questione, quali impatti abbiano le diseguaglianze sull\u2019ambiente. Un tema affascinante, fondamentale da capire per chi lavora per la tutela ambientale e lotta per eliminare le diseguaglianze. La biosfera \u00e8 naturalmente disuguale, nel senso che esiste un ambiente intrinseco o eterogeneit\u00e0 delle risorse in tutto il mondo e all&#8217;interno di regioni o paesi. Ad esempio non tutti i luoghi sulla Terra sono ugualmente dotati di accesso a risorse energetiche, riserve di acqua dolce o condizioni biofisiche appropriate per la produzione agricola su larga scala. All&#8217;inizio della storia umana, queste differenze nelle dotazioni iniziali delle risorse naturali hanno portato a una disparit\u00e0 di opportunit\u00e0 per sviluppo sociale ed espansione economica in diverse parti del globo. Oggi \u00e8 fondamentale capire come le grandi trasformazioni ambientali dovute al cambiamento climatico e alla perdita di biodiversit\u00e0 s\u2019intersecano con le diseguaglianze sociali.<\/p>\n<p><img loading=\"lazy\" decoding=\"async\" class=\"attachment-full wp-post-image alignleft\" src=\"https:\/\/www.aics.gov.it\/oltremare\/wp-content\/uploads\/2019\/09\/profile-pic_ed_MHamann-1.jpg\" sizes=\"auto, (max-width: 894px) 100vw, 894px\" srcset=\"https:\/\/www.aics.gov.it\/oltremare\/wp-content\/uploads\/2019\/09\/profile-pic_ed_MHamann-1.jpg 894w, https:\/\/www.aics.gov.it\/oltremare\/wp-content\/uploads\/2019\/09\/profile-pic_ed_MHamann-1-472x600.jpg 472w, https:\/\/www.aics.gov.it\/oltremare\/wp-content\/uploads\/2019\/09\/profile-pic_ed_MHamann-1-768x977.jpg 768w, https:\/\/www.aics.gov.it\/oltremare\/wp-content\/uploads\/2019\/09\/profile-pic_ed_MHamann-1-805x1024.jpg 805w\" alt=\"\" width=\"308\" height=\"392\" \/><\/p>\n<p>Uno dei lavori pi\u00f9 interessanti pubblicati negli ultimi anni \u00e8 l\u2019articolo scientifico curato dalla ricercatrice Maike Hamann, insieme a un pool di giovani ricercatori da varie universit\u00e0, dal titolo <a href=\"https:\/\/www.annualreviews.org\/doi\/abs\/10.1146\/annurev-environ-102017-025949\">Inequality and the Biosphere<\/a>. Pubblicato su Annual Review of Environment and Resources, ad oggi \u00e8 una delle pi\u00f9 ampie raccolte di studi sull\u2019argomento. Oltremare ne ha parlato con la co-autrice Maike Hamann, ricercatrice del Centre for Complex Systems in Transition della Stellenbosch University &#8211; South Africa, per approfondire questa complessa e affascinante tematica.<\/p>\n<p><strong>Oggi ci troviamo di fronte a rapide trasformazioni ambientali che rischiano di impattare ulteriormente le diseguaglianze.<\/strong><\/p>\n<p>Nel nostro studio abbiamo separato tra cambiamenti drammatici, come i terremoti, e mutazioni graduali come la modifica delle precipitazioni o la distribuzione di specie. Dalla revisione della letteratura \u00e8 emerso che in entrambi i casi sussistono impatti socio economici che vanno ad accrescere le diseguaglianze. Emerge che ad essere pi\u00f9 esposti ai rischi ambientali catastrofici o incrementali sono sempre i soggetti pi\u00f9 deboli. Per\u00f2 non si deve generalizzare. Ad esempio abbiamo raccolto casi dove sul lungo periodo eventi disastrosi hanno migliorato il tessuto sociale e ridotto le desguaglianze. Ad esempio in seguito all\u2019Urgano Mitch, in Honduras, numerose comunit\u00e0 hanno radicalmente trasformato il loro approccio alla gestione delle foreste. In seguito al disastro, le comunit\u00e0 pi\u00f9 povere si sono mobilitate per richiedere cambiamenti istituzionali e strutturali, dalla diversificazione dell\u2019agricoltura all\u2019equa distribuzione delle terre che ha portato al rallentamento della deforestazione e creato comunit\u00e0 resilienti, con un conseguente miglioramento socio-economico e ambientale.<\/p>\n<p><strong>Dunque non esiste una correlazione diretta tra degrado ambientale e sociale.<\/strong><\/p>\n<p>Esiste evidenza pura di questo tipo, di tipo quantitativo solo a livello statale. Spesso disponiamo solo di dati a livello nazionale, come l\u2019indice Gini, mentre molte di queste interazioni avvengono a livello locale e non abbiamo abbastanza dati. Gli studi attuali mostrano che ci sono numerose correlazioni. E gli esempi sono tali da poter individuare delle tendenze.<br \/>\nUno dei punti di questa ricerca \u00e8 proprio quello di sottolineare come serva molta pi\u00f9 ricerca per studiare queste correlazioni e capire come intervenire in seguito alle emergenze e intervenire ove sussiste la correlazione. Continuare questo tipo di ricerche potr\u00e0 definire un quadro pi\u00f9 comprensivo, rilevando quali sono le occorrenze rilevanti, quando ad un peggioramento dell\u2019ambiente corrisponde sempre un peggioramento della diseguaglianza.<\/p>\n<p>&nbsp;<\/p>\n<p><img loading=\"lazy\" decoding=\"async\" class=\"aligncenter size-full wp-image-9287\" src=\"https:\/\/www.aics.gov.it\/oltremare\/wp-content\/uploads\/2019\/10\/pianeta.jpg\" alt=\"\" width=\"1000\" height=\"665\" srcset=\"https:\/\/www.aics.gov.it\/oltremare\/wp-content\/uploads\/2019\/10\/pianeta.jpg 1000w, https:\/\/www.aics.gov.it\/oltremare\/wp-content\/uploads\/2019\/10\/pianeta-600x399.jpg 600w, https:\/\/www.aics.gov.it\/oltremare\/wp-content\/uploads\/2019\/10\/pianeta-768x511.jpg 768w\" sizes=\"auto, (max-width: 1000px) 100vw, 1000px\" \/><\/p>\n<p>&nbsp;<\/p>\n<p><strong>La ricerca per\u00f2 porta un elemento di analisi nuovo. Studi precedenti si erano concentrati solo sulla disuguaglianza economica e sui suoi effetti su una variabile ambientale specifica come il degrado delle risorse o l&#8217;inquinamento.<\/strong><\/p>\n<p>Comparativamente meno ricerche riguardano altri tipi di disuguaglianze, come le differenze di genere, e il modo in cui incidono su &#8211; e sono influenzati da &#8211; la biosfera. Per\u00f2 questo \u00e8 l\u2019elemento di interesse. Nella ricerca abbiamo individuato quattro tendenze dove la diseguaglianza sociale va ad impattare negativamente la natura. Come il principio di equit\u00e0 (dove soggetti si sentono deprivati di una risorsa a causa della sua tutela, come le aree marine), le aspirazioni (dove i soggetti pur di soddisfare l\u2019aspirazione ad una vita migliore commettono azioni negative sull\u2019ambiente), la mancanza di cooperazione tra comunit\u00e0 (che falliscono in una gestione integrata delle risorse), le concentrazioni di mercato (ovvero il dominio delle risorse da un numero ristretto di attori economici che depredano le risorse). Per\u00f2 anche in questo caso sono emerse alcune contraddizioni. Non sempre le concentrazioni di mercato si sono dimostrate essere perniciose, in alcuni casi \u00e8 stato proprio il controllo da parte di pochi a limitare lo scempio ambientale.<\/p>\n<p><strong>Per\u00f2 ci sono numerosi esempi che in ogni caso mostrano come sussista una relazione tra economia, disparit\u00e0 e ambiente.<\/strong><\/p>\n<p>Certo ed \u00e8 proprio questo che va esplorato per capire come agire lavorando sull\u2019ambiente o sull\u2019equit\u00e0 per migliorare la condizione delle persone. Capire la complessit\u00e0 delle interazioni e trovare le soluzioni idonee.<\/p>\n","protected":false},"excerpt":{"rendered":"<p>Come sono collegati aumento delle disuguaglianze e accelerazione della crisi climatica e ambientale? \u00a0Un studio pubblicato sulla rivista Annual Review of Environment and Resources fa il punto sul tema. L\u2019intervista all\u2019autrice Maike Hamann<\/p>\n","protected":false},"author":7,"featured_media":9243,"comment_status":"open","ping_status":"open","sticky":false,"template":"","format":"standard","meta":{"footnotes":""},"categories":[135],"tags":[],"class_list":["post-9117","post","type-post","status-publish","format-standard","has-post-thumbnail","hentry","category-pianeta"],"yoast_head":"<!-- This site is optimized with the Yoast SEO plugin v27.5 - https:\/\/yoast.com\/product\/yoast-seo-wordpress\/ -->\n<title>Alle origini delle diseguaglianze, il cambiamento climatico, e viceversa. - Oltremare<\/title>\n<meta name=\"description\" content=\"Come sono collegati aumento delle disuguaglianze e cambiamento climatico e ambientale? \u00a0Un studio pubblicato fa il punto sul tema.\" \/>\n<meta name=\"robots\" content=\"index, follow, max-snippet:-1, max-image-preview:large, max-video-preview:-1\" \/>\n<link rel=\"canonical\" href=\"https:\/\/www.aics.gov.it\/oltremare\/articoli\/pianeta\/alle-origini-della-diseguaglianza-il-cambiamento-climatico-e-viceversa\/\" \/>\n<meta property=\"og:locale\" content=\"it_IT\" \/>\n<meta property=\"og:type\" content=\"article\" \/>\n<meta property=\"og:title\" content=\"Alle origini delle diseguaglianze, il cambiamento climatico, e viceversa. - Oltremare\" \/>\n<meta property=\"og:description\" content=\"Come sono collegati aumento delle disuguaglianze e cambiamento climatico e ambientale? \u00a0Un studio pubblicato fa il punto sul tema.\" \/>\n<meta property=\"og:url\" content=\"https:\/\/www.aics.gov.it\/oltremare\/articoli\/pianeta\/alle-origini-della-diseguaglianza-il-cambiamento-climatico-e-viceversa\/\" \/>\n<meta property=\"og:site_name\" content=\"Oltremare\" \/>\n<meta property=\"article:publisher\" content=\"https:\/\/www.facebook.com\/Agenzia-Italiana-per-la-Cooperazione-allo-Sviluppo-996004880482735\/\" \/>\n<meta property=\"article:published_time\" content=\"2019-09-30T15:58:58+00:00\" \/>\n<meta property=\"article:modified_time\" content=\"2019-10-04T17:09:08+00:00\" \/>\n<meta property=\"og:image\" content=\"https:\/\/www.aics.gov.it\/oltremare\/wp-content\/uploads\/2019\/10\/39374805_l-1024x768.jpg\" \/>\n\t<meta property=\"og:image:width\" content=\"1024\" \/>\n\t<meta property=\"og:image:height\" content=\"768\" \/>\n\t<meta property=\"og:image:type\" content=\"image\/jpeg\" \/>\n<meta name=\"author\" content=\"Emanuele Bompan\" \/>\n<meta name=\"twitter:card\" content=\"summary_large_image\" \/>\n<meta name=\"twitter:creator\" content=\"@aics_it\" \/>\n<meta name=\"twitter:site\" content=\"@aics_it\" \/>\n<meta name=\"twitter:label1\" content=\"Scritto da\" \/>\n\t<meta name=\"twitter:data1\" content=\"Emanuele Bompan\" \/>\n\t<meta name=\"twitter:label2\" content=\"Tempo di lettura stimato\" \/>\n\t<meta name=\"twitter:data2\" content=\"4 minuti\" \/>\n<script type=\"application\/ld+json\" class=\"yoast-schema-graph\">{\"@context\":\"https:\\\/\\\/schema.org\",\"@graph\":[{\"@type\":\"Article\",\"@id\":\"https:\\\/\\\/www.aics.gov.it\\\/oltremare\\\/articoli\\\/pianeta\\\/alle-origini-della-diseguaglianza-il-cambiamento-climatico-e-viceversa\\\/#article\",\"isPartOf\":{\"@id\":\"https:\\\/\\\/www.aics.gov.it\\\/oltremare\\\/articoli\\\/pianeta\\\/alle-origini-della-diseguaglianza-il-cambiamento-climatico-e-viceversa\\\/\"},\"author\":{\"name\":\"Emanuele Bompan\",\"@id\":\"https:\\\/\\\/www.aics.gov.it\\\/oltremare\\\/#\\\/schema\\\/person\\\/7d9a8d1a87b6775f532e5b3e76d52c75\"},\"headline\":\"Alle origini delle diseguaglianze, il cambiamento climatico, e viceversa.\",\"datePublished\":\"2019-09-30T15:58:58+00:00\",\"dateModified\":\"2019-10-04T17:09:08+00:00\",\"mainEntityOfPage\":{\"@id\":\"https:\\\/\\\/www.aics.gov.it\\\/oltremare\\\/articoli\\\/pianeta\\\/alle-origini-della-diseguaglianza-il-cambiamento-climatico-e-viceversa\\\/\"},\"wordCount\":874,\"commentCount\":0,\"publisher\":{\"@id\":\"https:\\\/\\\/www.aics.gov.it\\\/oltremare\\\/#organization\"},\"image\":{\"@id\":\"https:\\\/\\\/www.aics.gov.it\\\/oltremare\\\/articoli\\\/pianeta\\\/alle-origini-della-diseguaglianza-il-cambiamento-climatico-e-viceversa\\\/#primaryimage\"},\"thumbnailUrl\":\"https:\\\/\\\/www.aics.gov.it\\\/oltremare\\\/wp-content\\\/uploads\\\/2019\\\/10\\\/39374805_l.jpg\",\"articleSection\":[\"Pianeta\"],\"inLanguage\":\"it-IT\",\"potentialAction\":[{\"@type\":\"CommentAction\",\"name\":\"Comment\",\"target\":[\"https:\\\/\\\/www.aics.gov.it\\\/oltremare\\\/articoli\\\/pianeta\\\/alle-origini-della-diseguaglianza-il-cambiamento-climatico-e-viceversa\\\/#respond\"]}]},{\"@type\":\"WebPage\",\"@id\":\"https:\\\/\\\/www.aics.gov.it\\\/oltremare\\\/articoli\\\/pianeta\\\/alle-origini-della-diseguaglianza-il-cambiamento-climatico-e-viceversa\\\/\",\"url\":\"https:\\\/\\\/www.aics.gov.it\\\/oltremare\\\/articoli\\\/pianeta\\\/alle-origini-della-diseguaglianza-il-cambiamento-climatico-e-viceversa\\\/\",\"name\":\"Alle origini delle diseguaglianze, il cambiamento climatico, e viceversa. - Oltremare\",\"isPartOf\":{\"@id\":\"https:\\\/\\\/www.aics.gov.it\\\/oltremare\\\/#website\"},\"primaryImageOfPage\":{\"@id\":\"https:\\\/\\\/www.aics.gov.it\\\/oltremare\\\/articoli\\\/pianeta\\\/alle-origini-della-diseguaglianza-il-cambiamento-climatico-e-viceversa\\\/#primaryimage\"},\"image\":{\"@id\":\"https:\\\/\\\/www.aics.gov.it\\\/oltremare\\\/articoli\\\/pianeta\\\/alle-origini-della-diseguaglianza-il-cambiamento-climatico-e-viceversa\\\/#primaryimage\"},\"thumbnailUrl\":\"https:\\\/\\\/www.aics.gov.it\\\/oltremare\\\/wp-content\\\/uploads\\\/2019\\\/10\\\/39374805_l.jpg\",\"datePublished\":\"2019-09-30T15:58:58+00:00\",\"dateModified\":\"2019-10-04T17:09:08+00:00\",\"description\":\"Come sono collegati aumento delle disuguaglianze e cambiamento climatico e ambientale? \u00a0Un studio pubblicato fa il punto sul tema.\",\"breadcrumb\":{\"@id\":\"https:\\\/\\\/www.aics.gov.it\\\/oltremare\\\/articoli\\\/pianeta\\\/alle-origini-della-diseguaglianza-il-cambiamento-climatico-e-viceversa\\\/#breadcrumb\"},\"inLanguage\":\"it-IT\",\"potentialAction\":[{\"@type\":\"ReadAction\",\"target\":[\"https:\\\/\\\/www.aics.gov.it\\\/oltremare\\\/articoli\\\/pianeta\\\/alle-origini-della-diseguaglianza-il-cambiamento-climatico-e-viceversa\\\/\"]}]},{\"@type\":\"ImageObject\",\"inLanguage\":\"it-IT\",\"@id\":\"https:\\\/\\\/www.aics.gov.it\\\/oltremare\\\/articoli\\\/pianeta\\\/alle-origini-della-diseguaglianza-il-cambiamento-climatico-e-viceversa\\\/#primaryimage\",\"url\":\"https:\\\/\\\/www.aics.gov.it\\\/oltremare\\\/wp-content\\\/uploads\\\/2019\\\/10\\\/39374805_l.jpg\",\"contentUrl\":\"https:\\\/\\\/www.aics.gov.it\\\/oltremare\\\/wp-content\\\/uploads\\\/2019\\\/10\\\/39374805_l.jpg\",\"width\":5000,\"height\":3750,\"caption\":\"Enormous hurricane over the Atlantic. Elements of this image furnished by NASA\"},{\"@type\":\"BreadcrumbList\",\"@id\":\"https:\\\/\\\/www.aics.gov.it\\\/oltremare\\\/articoli\\\/pianeta\\\/alle-origini-della-diseguaglianza-il-cambiamento-climatico-e-viceversa\\\/#breadcrumb\",\"itemListElement\":[{\"@type\":\"ListItem\",\"position\":1,\"name\":\"Home\",\"item\":\"https:\\\/\\\/www.aics.gov.it\\\/oltremare\\\/\"},{\"@type\":\"ListItem\",\"position\":2,\"name\":\"Alle origini delle diseguaglianze, il cambiamento climatico, e viceversa.\"}]},{\"@type\":\"WebSite\",\"@id\":\"https:\\\/\\\/www.aics.gov.it\\\/oltremare\\\/#website\",\"url\":\"https:\\\/\\\/www.aics.gov.it\\\/oltremare\\\/\",\"name\":\"Oltremare\",\"description\":\"Il Blog della cooperazione\",\"publisher\":{\"@id\":\"https:\\\/\\\/www.aics.gov.it\\\/oltremare\\\/#organization\"},\"potentialAction\":[{\"@type\":\"SearchAction\",\"target\":{\"@type\":\"EntryPoint\",\"urlTemplate\":\"https:\\\/\\\/www.aics.gov.it\\\/oltremare\\\/?s={search_term_string}\"},\"query-input\":{\"@type\":\"PropertyValueSpecification\",\"valueRequired\":true,\"valueName\":\"search_term_string\"}}],\"inLanguage\":\"it-IT\"},{\"@type\":\"Organization\",\"@id\":\"https:\\\/\\\/www.aics.gov.it\\\/oltremare\\\/#organization\",\"name\":\"Agenzia Italiana per la Cooperazione allo Sviluppo\",\"url\":\"https:\\\/\\\/www.aics.gov.it\\\/oltremare\\\/\",\"logo\":{\"@type\":\"ImageObject\",\"inLanguage\":\"it-IT\",\"@id\":\"https:\\\/\\\/www.aics.gov.it\\\/oltremare\\\/#\\\/schema\\\/logo\\\/image\\\/\",\"url\":\"https:\\\/\\\/www.aics.gov.it\\\/oltremare\\\/wp-content\\\/uploads\\\/2018\\\/02\\\/AICS_HEADER_530x130_EC1-e1518178146163.jpg\",\"contentUrl\":\"https:\\\/\\\/www.aics.gov.it\\\/oltremare\\\/wp-content\\\/uploads\\\/2018\\\/02\\\/AICS_HEADER_530x130_EC1-e1518178146163.jpg\",\"width\":300,\"height\":74,\"caption\":\"Agenzia Italiana per la Cooperazione allo Sviluppo\"},\"image\":{\"@id\":\"https:\\\/\\\/www.aics.gov.it\\\/oltremare\\\/#\\\/schema\\\/logo\\\/image\\\/\"},\"sameAs\":[\"https:\\\/\\\/www.facebook.com\\\/Agenzia-Italiana-per-la-Cooperazione-allo-Sviluppo-996004880482735\\\/\",\"https:\\\/\\\/x.com\\\/aics_it\",\"https:\\\/\\\/www.instagram.com\\\/aics_cooperazione_it\\\/\",\"https:\\\/\\\/www.youtube.com\\\/channel\\\/UCbssygnjreKD1Se1mDeCQ5w\"]},{\"@type\":\"Person\",\"@id\":\"https:\\\/\\\/www.aics.gov.it\\\/oltremare\\\/#\\\/schema\\\/person\\\/7d9a8d1a87b6775f532e5b3e76d52c75\",\"name\":\"Emanuele Bompan\",\"image\":{\"@type\":\"ImageObject\",\"inLanguage\":\"it-IT\",\"@id\":\"https:\\\/\\\/www.aics.gov.it\\\/oltremare\\\/wp-content\\\/uploads\\\/2018\\\/04\\\/bompan.png\",\"url\":\"https:\\\/\\\/www.aics.gov.it\\\/oltremare\\\/wp-content\\\/uploads\\\/2018\\\/04\\\/bompan.png\",\"contentUrl\":\"https:\\\/\\\/www.aics.gov.it\\\/oltremare\\\/wp-content\\\/uploads\\\/2018\\\/04\\\/bompan.png\",\"caption\":\"Emanuele Bompan\"},\"url\":\"https:\\\/\\\/www.aics.gov.it\\\/oltremare\\\/author\\\/emanuelebompan\\\/\"}]}<\/script>\n<!-- \/ Yoast SEO plugin. -->","yoast_head_json":{"title":"Alle origini delle diseguaglianze, il cambiamento climatico, e viceversa. - Oltremare","description":"Come sono collegati aumento delle disuguaglianze e cambiamento climatico e ambientale? \u00a0Un studio pubblicato fa il punto sul tema.","robots":{"index":"index","follow":"follow","max-snippet":"max-snippet:-1","max-image-preview":"max-image-preview:large","max-video-preview":"max-video-preview:-1"},"canonical":"https:\/\/www.aics.gov.it\/oltremare\/articoli\/pianeta\/alle-origini-della-diseguaglianza-il-cambiamento-climatico-e-viceversa\/","og_locale":"it_IT","og_type":"article","og_title":"Alle origini delle diseguaglianze, il cambiamento climatico, e viceversa. - Oltremare","og_description":"Come sono collegati aumento delle disuguaglianze e cambiamento climatico e ambientale? \u00a0Un studio pubblicato fa il punto sul tema.","og_url":"https:\/\/www.aics.gov.it\/oltremare\/articoli\/pianeta\/alle-origini-della-diseguaglianza-il-cambiamento-climatico-e-viceversa\/","og_site_name":"Oltremare","article_publisher":"https:\/\/www.facebook.com\/Agenzia-Italiana-per-la-Cooperazione-allo-Sviluppo-996004880482735\/","article_published_time":"2019-09-30T15:58:58+00:00","article_modified_time":"2019-10-04T17:09:08+00:00","og_image":[{"width":1024,"height":768,"url":"https:\/\/www.aics.gov.it\/oltremare\/wp-content\/uploads\/2019\/10\/39374805_l-1024x768.jpg","type":"image\/jpeg"}],"author":"Emanuele Bompan","twitter_card":"summary_large_image","twitter_creator":"@aics_it","twitter_site":"@aics_it","twitter_misc":{"Scritto da":"Emanuele Bompan","Tempo di lettura stimato":"4 minuti"},"schema":{"@context":"https:\/\/schema.org","@graph":[{"@type":"Article","@id":"https:\/\/www.aics.gov.it\/oltremare\/articoli\/pianeta\/alle-origini-della-diseguaglianza-il-cambiamento-climatico-e-viceversa\/#article","isPartOf":{"@id":"https:\/\/www.aics.gov.it\/oltremare\/articoli\/pianeta\/alle-origini-della-diseguaglianza-il-cambiamento-climatico-e-viceversa\/"},"author":{"name":"Emanuele Bompan","@id":"https:\/\/www.aics.gov.it\/oltremare\/#\/schema\/person\/7d9a8d1a87b6775f532e5b3e76d52c75"},"headline":"Alle origini delle diseguaglianze, il cambiamento climatico, e viceversa.","datePublished":"2019-09-30T15:58:58+00:00","dateModified":"2019-10-04T17:09:08+00:00","mainEntityOfPage":{"@id":"https:\/\/www.aics.gov.it\/oltremare\/articoli\/pianeta\/alle-origini-della-diseguaglianza-il-cambiamento-climatico-e-viceversa\/"},"wordCount":874,"commentCount":0,"publisher":{"@id":"https:\/\/www.aics.gov.it\/oltremare\/#organization"},"image":{"@id":"https:\/\/www.aics.gov.it\/oltremare\/articoli\/pianeta\/alle-origini-della-diseguaglianza-il-cambiamento-climatico-e-viceversa\/#primaryimage"},"thumbnailUrl":"https:\/\/www.aics.gov.it\/oltremare\/wp-content\/uploads\/2019\/10\/39374805_l.jpg","articleSection":["Pianeta"],"inLanguage":"it-IT","potentialAction":[{"@type":"CommentAction","name":"Comment","target":["https:\/\/www.aics.gov.it\/oltremare\/articoli\/pianeta\/alle-origini-della-diseguaglianza-il-cambiamento-climatico-e-viceversa\/#respond"]}]},{"@type":"WebPage","@id":"https:\/\/www.aics.gov.it\/oltremare\/articoli\/pianeta\/alle-origini-della-diseguaglianza-il-cambiamento-climatico-e-viceversa\/","url":"https:\/\/www.aics.gov.it\/oltremare\/articoli\/pianeta\/alle-origini-della-diseguaglianza-il-cambiamento-climatico-e-viceversa\/","name":"Alle origini delle diseguaglianze, il cambiamento climatico, e viceversa. - Oltremare","isPartOf":{"@id":"https:\/\/www.aics.gov.it\/oltremare\/#website"},"primaryImageOfPage":{"@id":"https:\/\/www.aics.gov.it\/oltremare\/articoli\/pianeta\/alle-origini-della-diseguaglianza-il-cambiamento-climatico-e-viceversa\/#primaryimage"},"image":{"@id":"https:\/\/www.aics.gov.it\/oltremare\/articoli\/pianeta\/alle-origini-della-diseguaglianza-il-cambiamento-climatico-e-viceversa\/#primaryimage"},"thumbnailUrl":"https:\/\/www.aics.gov.it\/oltremare\/wp-content\/uploads\/2019\/10\/39374805_l.jpg","datePublished":"2019-09-30T15:58:58+00:00","dateModified":"2019-10-04T17:09:08+00:00","description":"Come sono collegati aumento delle disuguaglianze e cambiamento climatico e ambientale? \u00a0Un studio pubblicato fa il punto sul tema.","breadcrumb":{"@id":"https:\/\/www.aics.gov.it\/oltremare\/articoli\/pianeta\/alle-origini-della-diseguaglianza-il-cambiamento-climatico-e-viceversa\/#breadcrumb"},"inLanguage":"it-IT","potentialAction":[{"@type":"ReadAction","target":["https:\/\/www.aics.gov.it\/oltremare\/articoli\/pianeta\/alle-origini-della-diseguaglianza-il-cambiamento-climatico-e-viceversa\/"]}]},{"@type":"ImageObject","inLanguage":"it-IT","@id":"https:\/\/www.aics.gov.it\/oltremare\/articoli\/pianeta\/alle-origini-della-diseguaglianza-il-cambiamento-climatico-e-viceversa\/#primaryimage","url":"https:\/\/www.aics.gov.it\/oltremare\/wp-content\/uploads\/2019\/10\/39374805_l.jpg","contentUrl":"https:\/\/www.aics.gov.it\/oltremare\/wp-content\/uploads\/2019\/10\/39374805_l.jpg","width":5000,"height":3750,"caption":"Enormous hurricane over the Atlantic. Elements of this image furnished by NASA"},{"@type":"BreadcrumbList","@id":"https:\/\/www.aics.gov.it\/oltremare\/articoli\/pianeta\/alle-origini-della-diseguaglianza-il-cambiamento-climatico-e-viceversa\/#breadcrumb","itemListElement":[{"@type":"ListItem","position":1,"name":"Home","item":"https:\/\/www.aics.gov.it\/oltremare\/"},{"@type":"ListItem","position":2,"name":"Alle origini delle diseguaglianze, il cambiamento climatico, e viceversa."}]},{"@type":"WebSite","@id":"https:\/\/www.aics.gov.it\/oltremare\/#website","url":"https:\/\/www.aics.gov.it\/oltremare\/","name":"Oltremare","description":"Il Blog della cooperazione","publisher":{"@id":"https:\/\/www.aics.gov.it\/oltremare\/#organization"},"potentialAction":[{"@type":"SearchAction","target":{"@type":"EntryPoint","urlTemplate":"https:\/\/www.aics.gov.it\/oltremare\/?s={search_term_string}"},"query-input":{"@type":"PropertyValueSpecification","valueRequired":true,"valueName":"search_term_string"}}],"inLanguage":"it-IT"},{"@type":"Organization","@id":"https:\/\/www.aics.gov.it\/oltremare\/#organization","name":"Agenzia Italiana per la Cooperazione allo Sviluppo","url":"https:\/\/www.aics.gov.it\/oltremare\/","logo":{"@type":"ImageObject","inLanguage":"it-IT","@id":"https:\/\/www.aics.gov.it\/oltremare\/#\/schema\/logo\/image\/","url":"https:\/\/www.aics.gov.it\/oltremare\/wp-content\/uploads\/2018\/02\/AICS_HEADER_530x130_EC1-e1518178146163.jpg","contentUrl":"https:\/\/www.aics.gov.it\/oltremare\/wp-content\/uploads\/2018\/02\/AICS_HEADER_530x130_EC1-e1518178146163.jpg","width":300,"height":74,"caption":"Agenzia Italiana per la Cooperazione allo Sviluppo"},"image":{"@id":"https:\/\/www.aics.gov.it\/oltremare\/#\/schema\/logo\/image\/"},"sameAs":["https:\/\/www.facebook.com\/Agenzia-Italiana-per-la-Cooperazione-allo-Sviluppo-996004880482735\/","https:\/\/x.com\/aics_it","https:\/\/www.instagram.com\/aics_cooperazione_it\/","https:\/\/www.youtube.com\/channel\/UCbssygnjreKD1Se1mDeCQ5w"]},{"@type":"Person","@id":"https:\/\/www.aics.gov.it\/oltremare\/#\/schema\/person\/7d9a8d1a87b6775f532e5b3e76d52c75","name":"Emanuele Bompan","image":{"@type":"ImageObject","inLanguage":"it-IT","@id":"https:\/\/www.aics.gov.it\/oltremare\/wp-content\/uploads\/2018\/04\/bompan.png","url":"https:\/\/www.aics.gov.it\/oltremare\/wp-content\/uploads\/2018\/04\/bompan.png","contentUrl":"https:\/\/www.aics.gov.it\/oltremare\/wp-content\/uploads\/2018\/04\/bompan.png","caption":"Emanuele Bompan"},"url":"https:\/\/www.aics.gov.it\/oltremare\/author\/emanuelebompan\/"}]}},"_links":{"self":[{"href":"https:\/\/www.aics.gov.it\/oltremare\/wp-json\/wp\/v2\/posts\/9117","targetHints":{"allow":["GET"]}}],"collection":[{"href":"https:\/\/www.aics.gov.it\/oltremare\/wp-json\/wp\/v2\/posts"}],"about":[{"href":"https:\/\/www.aics.gov.it\/oltremare\/wp-json\/wp\/v2\/types\/post"}],"author":[{"embeddable":true,"href":"https:\/\/www.aics.gov.it\/oltremare\/wp-json\/wp\/v2\/users\/7"}],"replies":[{"embeddable":true,"href":"https:\/\/www.aics.gov.it\/oltremare\/wp-json\/wp\/v2\/comments?post=9117"}],"version-history":[{"count":13,"href":"https:\/\/www.aics.gov.it\/oltremare\/wp-json\/wp\/v2\/posts\/9117\/revisions"}],"predecessor-version":[{"id":9302,"href":"https:\/\/www.aics.gov.it\/oltremare\/wp-json\/wp\/v2\/posts\/9117\/revisions\/9302"}],"wp:featuredmedia":[{"embeddable":true,"href":"https:\/\/www.aics.gov.it\/oltremare\/wp-json\/wp\/v2\/media\/9243"}],"wp:attachment":[{"href":"https:\/\/www.aics.gov.it\/oltremare\/wp-json\/wp\/v2\/media?parent=9117"}],"wp:term":[{"taxonomy":"category","embeddable":true,"href":"https:\/\/www.aics.gov.it\/oltremare\/wp-json\/wp\/v2\/categories?post=9117"},{"taxonomy":"post_tag","embeddable":true,"href":"https:\/\/www.aics.gov.it\/oltremare\/wp-json\/wp\/v2\/tags?post=9117"}],"curies":[{"name":"wp","href":"https:\/\/api.w.org\/{rel}","templated":true}]}}