{"id":9643,"date":"2020-01-30T10:28:31","date_gmt":"2020-01-30T09:28:31","guid":{"rendered":"https:\/\/www.aics.gov.it\/oltremare\/?p=9643"},"modified":"2020-01-31T16:19:46","modified_gmt":"2020-01-31T15:19:46","slug":"davos-sostenibilita-clima-ed-economia-circolare-al-tavolo-dei-ricchi-del-mondo","status":"publish","type":"post","link":"https:\/\/www.aics.gov.it\/oltremare\/rubriche\/eventi\/davos-sostenibilita-clima-ed-economia-circolare-al-tavolo-dei-ricchi-del-mondo\/","title":{"rendered":"Davos: sostenibilit\u00e0, clima ed economia circolare al tavolo dei ricchi del mondo"},"content":{"rendered":"<p>Green economy, sviluppo sostenibile, circular economy: sempre pi\u00f9 ambiente e sviluppo sostenibile al centro dei tavoli del World Economic Forum. Greta: \u201cagite ora!\u201d<!--more--><\/p>\n<p>Al summit del World Economic Forum (WEF) di Davos, mai come quest\u2019anno, si \u00e8 parlato di green economy, finanza sostenibile, ruolo delle imprese nella sfida climatica mondiale, circular economy. Poco importa che il presidente americano ha cercato di ridimensionare tutto, accusando i profeti di sventura (ovvero la giovane paladina dell\u2019ambiente Greta Thumberg) di voler arrestare l\u2019economia. Persino una parte di Wall Street non lo ascolta pi\u00f9.<\/p>\n<p>&nbsp;<\/p>\n<div id=\"attachment_9685\" style=\"width: 809px\" class=\"wp-caption aligncenter\"><img loading=\"lazy\" decoding=\"async\" aria-describedby=\"caption-attachment-9685\" class=\"size-full wp-image-9685\" src=\"https:\/\/www.aics.gov.it\/oltremare\/wp-content\/uploads\/2020\/01\/49408999366_7c980c3b04_c.jpg\" alt=\"\" width=\"799\" height=\"533\" srcset=\"https:\/\/www.aics.gov.it\/oltremare\/wp-content\/uploads\/2020\/01\/49408999366_7c980c3b04_c.jpg 799w, https:\/\/www.aics.gov.it\/oltremare\/wp-content\/uploads\/2020\/01\/49408999366_7c980c3b04_c-600x400.jpg 600w, https:\/\/www.aics.gov.it\/oltremare\/wp-content\/uploads\/2020\/01\/49408999366_7c980c3b04_c-768x512.jpg 768w\" sizes=\"auto, (max-width: 799px) 100vw, 799px\" \/><p id=\"caption-attachment-9685\" class=\"wp-caption-text\">World Economic Forum Annual Meeting 202, Davos-Klosters, Switzerland, 19 Gennaio. Copyright by World Economic Forum \/ Benedikt von Loebell<\/p><\/div>\n<p>&nbsp;<\/p>\n<p>Alle buone intenzioni per\u00f2 debbono seguire i fatti. \u00abL\u2019obiettivo deve essere interrompere immediatamente tutti gli investimenti nell&#8217;industria dei combustibili fossili, non farlo sarebbe un tradimento della vita stessa\u00bb ha dichiarato Greta Thumber. \u00abIl business-as-usual sta trasformandosi in un crimine contro l&#8217;umanit\u00e0. Chiediamo ai leader di fare la loro parte nel porre fine a questa follia\u00bb. Parole come sempre forti, ben studiate. Ma che quest\u2019anno hanno raccolto numerosi consensi. Certo vale sempre la traduzione dall\u2019ecologia al mondo degli affari. Parola d\u2019ordine: sustainable business. E la sfida del cambiamento climatico viene vista sempre meno come un problema insormontabile ma come un\u2019opportunit\u00e0. Secondo Bob Moritz, presidente di PwC International, i CEO di tutto il mondo vedono la sfida di decabonizzare le proprie imprese come un&#8217;opportunit\u00e0 di differenziazione. \u00abSe, infatti, possiamo integrare iniziative legate al clima nella supply-chain, nella customer-experience, nella produzione dei nostri beni e servizi, ci\u00f2 crea opportunit\u00e0 e vantaggi rispetto ad altri business\u00bb, ha dichiarato Moritz.<\/p>\n<p>&nbsp;<\/p>\n<div id=\"attachment_9684\" style=\"width: 809px\" class=\"wp-caption aligncenter\"><img loading=\"lazy\" decoding=\"async\" aria-describedby=\"caption-attachment-9684\" class=\"size-full wp-image-9684\" src=\"https:\/\/www.aics.gov.it\/oltremare\/wp-content\/uploads\/2020\/01\/49409198192_2196a579d2_c.jpg\" alt=\"\" width=\"799\" height=\"533\" srcset=\"https:\/\/www.aics.gov.it\/oltremare\/wp-content\/uploads\/2020\/01\/49409198192_2196a579d2_c.jpg 799w, https:\/\/www.aics.gov.it\/oltremare\/wp-content\/uploads\/2020\/01\/49409198192_2196a579d2_c-600x400.jpg 600w, https:\/\/www.aics.gov.it\/oltremare\/wp-content\/uploads\/2020\/01\/49409198192_2196a579d2_c-768x512.jpg 768w\" sizes=\"auto, (max-width: 799px) 100vw, 799px\" \/><p id=\"caption-attachment-9684\" class=\"wp-caption-text\">World Economic Forum Annual Meeting 202, Davos-Klosters, Switzerland, 19 Gennaio. Copyright by World Economic Forum \/ Benedikt von Loebell<\/p><\/div>\n<p>&nbsp;<\/p>\n<p>Segnali interessanti sono arrivati dal mondo finanziario. Le principali agenzie di revisione ed alcune delle pi\u00f9 grandi banche del mondo hanno aderito al primo grande tentativo globale di misurare l&#8217;impatto sociale e ambientale delle imprese. Questo nuovo framework, lanciato al WEF di Davos il 22 gennaio, consentir\u00e0 loro di avere metriche aziendali su temi come gli standard occupazionali, UN SDGs, emissioni e altre metriche sempre pi\u00f9 comuni negli ESG (l\u2019acronimo ESG sta per Environmental, Social, Governance si utilizza in ambito economico\/finanziario per indicare tutte quelle attivit\u00e0 legate all\u2019investimento responsabile che perseguono gli obiettivi tipici della gestione finanziaria tenendo in considerazione aspetti di natura ambientale, sociale e di governance, nda). Secondo il CEO di Bank of America, Brian Moynihan, questa nuova metrica del WEF sar\u00e0 gi\u00e0 diffusa nel 2021, visto il boom d\u2019interesse in investimenti con criteri ESG. \u00abC\u2019\u00e8 grande attesa\u00bb, ha dichiarato Moynihan al network CNBC.<\/p>\n<p>&nbsp;<\/p>\n<div id=\"attachment_9683\" style=\"width: 809px\" class=\"wp-caption aligncenter\"><img loading=\"lazy\" decoding=\"async\" aria-describedby=\"caption-attachment-9683\" class=\"size-full wp-image-9683\" src=\"https:\/\/www.aics.gov.it\/oltremare\/wp-content\/uploads\/2020\/01\/49413328402_244df4c69c_c.jpg\" alt=\"\" width=\"799\" height=\"533\" srcset=\"https:\/\/www.aics.gov.it\/oltremare\/wp-content\/uploads\/2020\/01\/49413328402_244df4c69c_c.jpg 799w, https:\/\/www.aics.gov.it\/oltremare\/wp-content\/uploads\/2020\/01\/49413328402_244df4c69c_c-600x400.jpg 600w, https:\/\/www.aics.gov.it\/oltremare\/wp-content\/uploads\/2020\/01\/49413328402_244df4c69c_c-768x512.jpg 768w\" sizes=\"auto, (max-width: 799px) 100vw, 799px\" \/><p id=\"caption-attachment-9683\" class=\"wp-caption-text\">Impressions from the World Economic Forum Annual Meeting 2020 in Davos-Klosters, Switzerland, February 18, 2019.rrWorld Economic Forum \/ Boris Baldinger<\/p><\/div>\n<p>&nbsp;<\/p>\n<p>La domanda per\u00f2 rimane: i &#8220;signori dell\u2019universo&#8221;, accorsi a Davos con i loro jet privati, sono davvero pronti alla sfida climatica? Jean-Pascal Tricoire, presidente e CEO di Schneider Electric, ha dichiarato che la sua societ\u00e0 si \u00e8 impegnata a raggiungere emissioni nette zero per la compagnia entro il 2030 e per tutta la sua catena di approvvigionamento entro il 2050. Secondo Mark Carney, il governatore uscente della Bank of England \u00able aziende che lavorano per azzerare le proprie emissioni saranno riccamente premiate. Quelle che non riescono ad adattarsi cesseranno di esistere\u00bb. Vedremo cosa succeder\u00e0. Sicuramente oggi, pi\u00f9 che mai, servono esperti e giornalisti per fare da guardia su quella che si prospetta essere la pi\u00f9 grande trasformazione industriale dai tempi dell\u2019arrivo dell\u2019informatica. Non sar\u00e0 facile riequilibrare le diseguaglianze. Secondo l\u2019ultimo report di OXFAM, 2.153 super ricchi (e tanti erano a Davos) possiedono quanto 4,6 miliardi di persone meno abbienti. Mentre il 50% pi\u00f9 povero ha meno dell\u20191% della ricchezza totale. CEO e finanzieri sono consapevoli di questo. Forse sono disposti a rinunciare al Jet privato e viaggiare sugli aerei di linea o a decarbonizzare le proprie attivit\u00e0. Pi\u00f9 facile vedere un cammello passare per la proverbiale cruna dell\u2019ago.<\/p>\n<p>&nbsp;<\/p>\n<div id=\"attachment_9682\" style=\"width: 809px\" class=\"wp-caption aligncenter\"><img loading=\"lazy\" decoding=\"async\" aria-describedby=\"caption-attachment-9682\" class=\"size-full wp-image-9682\" src=\"https:\/\/www.aics.gov.it\/oltremare\/wp-content\/uploads\/2020\/01\/49408997291_9a369cff99_c.jpg\" alt=\"\" width=\"799\" height=\"533\" srcset=\"https:\/\/www.aics.gov.it\/oltremare\/wp-content\/uploads\/2020\/01\/49408997291_9a369cff99_c.jpg 799w, https:\/\/www.aics.gov.it\/oltremare\/wp-content\/uploads\/2020\/01\/49408997291_9a369cff99_c-600x400.jpg 600w, https:\/\/www.aics.gov.it\/oltremare\/wp-content\/uploads\/2020\/01\/49408997291_9a369cff99_c-768x512.jpg 768w\" sizes=\"auto, (max-width: 799px) 100vw, 799px\" \/><p id=\"caption-attachment-9682\" class=\"wp-caption-text\">World Economic Forum Annual Meeting 202, Davos-Klosters, Switzerland, 19 Gennaio. Copyright by World Economic Forum \/ benedikt von Loebell<\/p><\/div>\n","protected":false},"excerpt":{"rendered":"<p>Green economy, sviluppo sostenibile, circular economy: sempre pi\u00f9 ambiente e sviluppo sostenibile al centro dei tavoli del World Economic Forum. Greta: \u201cagite ora!\u201d<\/p>\n","protected":false},"author":7,"featured_media":9644,"comment_status":"open","ping_status":"open","sticky":false,"template":"","format":"standard","meta":{"footnotes":""},"categories":[186],"tags":[],"class_list":["post-9643","post","type-post","status-publish","format-standard","has-post-thumbnail","hentry","category-eventi"],"yoast_head":"<!-- This site is optimized with the Yoast SEO plugin v27.5 - https:\/\/yoast.com\/product\/yoast-seo-wordpress\/ -->\n<title>Davos: sostenibilit\u00e0, clima ed economia circolare al tavolo dei ricchi del mondo - Oltremare<\/title>\n<meta name=\"robots\" content=\"index, follow, max-snippet:-1, max-image-preview:large, max-video-preview:-1\" \/>\n<link rel=\"canonical\" href=\"https:\/\/www.aics.gov.it\/oltremare\/rubriche\/eventi\/davos-sostenibilita-clima-ed-economia-circolare-al-tavolo-dei-ricchi-del-mondo\/\" \/>\n<meta property=\"og:locale\" content=\"it_IT\" \/>\n<meta property=\"og:type\" content=\"article\" \/>\n<meta property=\"og:title\" content=\"Davos: sostenibilit\u00e0, clima ed economia circolare al tavolo dei ricchi del mondo - Oltremare\" \/>\n<meta property=\"og:description\" content=\"Green economy, sviluppo sostenibile, circular economy: sempre pi\u00f9 ambiente e sviluppo sostenibile al centro dei tavoli del World Economic Forum. Greta: \u201cagite ora!\u201d\" \/>\n<meta property=\"og:url\" content=\"https:\/\/www.aics.gov.it\/oltremare\/rubriche\/eventi\/davos-sostenibilita-clima-ed-economia-circolare-al-tavolo-dei-ricchi-del-mondo\/\" \/>\n<meta property=\"og:site_name\" content=\"Oltremare\" \/>\n<meta property=\"article:publisher\" content=\"https:\/\/www.facebook.com\/Agenzia-Italiana-per-la-Cooperazione-allo-Sviluppo-996004880482735\/\" \/>\n<meta property=\"article:published_time\" content=\"2020-01-30T09:28:31+00:00\" \/>\n<meta property=\"article:modified_time\" content=\"2020-01-31T15:19:46+00:00\" \/>\n<meta property=\"og:image\" content=\"https:\/\/www.aics.gov.it\/oltremare\/wp-content\/uploads\/2020\/01\/foto-copertina.jpg\" \/>\n\t<meta property=\"og:image:width\" content=\"1920\" \/>\n\t<meta property=\"og:image:height\" content=\"1280\" \/>\n\t<meta property=\"og:image:type\" content=\"image\/jpeg\" \/>\n<meta name=\"author\" content=\"Emanuele Bompan\" \/>\n<meta name=\"twitter:card\" content=\"summary_large_image\" \/>\n<meta name=\"twitter:creator\" content=\"@aics_it\" \/>\n<meta name=\"twitter:site\" content=\"@aics_it\" \/>\n<meta name=\"twitter:label1\" content=\"Scritto da\" \/>\n\t<meta name=\"twitter:data1\" content=\"Emanuele Bompan\" \/>\n\t<meta name=\"twitter:label2\" content=\"Tempo di lettura stimato\" \/>\n\t<meta name=\"twitter:data2\" content=\"3 minuti\" \/>\n<script type=\"application\/ld+json\" class=\"yoast-schema-graph\">{\"@context\":\"https:\\\/\\\/schema.org\",\"@graph\":[{\"@type\":\"Article\",\"@id\":\"https:\\\/\\\/www.aics.gov.it\\\/oltremare\\\/rubriche\\\/eventi\\\/davos-sostenibilita-clima-ed-economia-circolare-al-tavolo-dei-ricchi-del-mondo\\\/#article\",\"isPartOf\":{\"@id\":\"https:\\\/\\\/www.aics.gov.it\\\/oltremare\\\/rubriche\\\/eventi\\\/davos-sostenibilita-clima-ed-economia-circolare-al-tavolo-dei-ricchi-del-mondo\\\/\"},\"author\":{\"name\":\"Emanuele Bompan\",\"@id\":\"https:\\\/\\\/www.aics.gov.it\\\/oltremare\\\/#\\\/schema\\\/person\\\/7d9a8d1a87b6775f532e5b3e76d52c75\"},\"headline\":\"Davos: sostenibilit\u00e0, clima ed economia circolare al tavolo dei ricchi del mondo\",\"datePublished\":\"2020-01-30T09:28:31+00:00\",\"dateModified\":\"2020-01-31T15:19:46+00:00\",\"mainEntityOfPage\":{\"@id\":\"https:\\\/\\\/www.aics.gov.it\\\/oltremare\\\/rubriche\\\/eventi\\\/davos-sostenibilita-clima-ed-economia-circolare-al-tavolo-dei-ricchi-del-mondo\\\/\"},\"wordCount\":712,\"commentCount\":0,\"publisher\":{\"@id\":\"https:\\\/\\\/www.aics.gov.it\\\/oltremare\\\/#organization\"},\"image\":{\"@id\":\"https:\\\/\\\/www.aics.gov.it\\\/oltremare\\\/rubriche\\\/eventi\\\/davos-sostenibilita-clima-ed-economia-circolare-al-tavolo-dei-ricchi-del-mondo\\\/#primaryimage\"},\"thumbnailUrl\":\"https:\\\/\\\/www.aics.gov.it\\\/oltremare\\\/wp-content\\\/uploads\\\/2020\\\/01\\\/foto-copertina.jpg\",\"articleSection\":[\"Eventi\"],\"inLanguage\":\"it-IT\",\"potentialAction\":[{\"@type\":\"CommentAction\",\"name\":\"Comment\",\"target\":[\"https:\\\/\\\/www.aics.gov.it\\\/oltremare\\\/rubriche\\\/eventi\\\/davos-sostenibilita-clima-ed-economia-circolare-al-tavolo-dei-ricchi-del-mondo\\\/#respond\"]}]},{\"@type\":\"WebPage\",\"@id\":\"https:\\\/\\\/www.aics.gov.it\\\/oltremare\\\/rubriche\\\/eventi\\\/davos-sostenibilita-clima-ed-economia-circolare-al-tavolo-dei-ricchi-del-mondo\\\/\",\"url\":\"https:\\\/\\\/www.aics.gov.it\\\/oltremare\\\/rubriche\\\/eventi\\\/davos-sostenibilita-clima-ed-economia-circolare-al-tavolo-dei-ricchi-del-mondo\\\/\",\"name\":\"Davos: sostenibilit\u00e0, clima ed economia circolare al tavolo dei ricchi del mondo - Oltremare\",\"isPartOf\":{\"@id\":\"https:\\\/\\\/www.aics.gov.it\\\/oltremare\\\/#website\"},\"primaryImageOfPage\":{\"@id\":\"https:\\\/\\\/www.aics.gov.it\\\/oltremare\\\/rubriche\\\/eventi\\\/davos-sostenibilita-clima-ed-economia-circolare-al-tavolo-dei-ricchi-del-mondo\\\/#primaryimage\"},\"image\":{\"@id\":\"https:\\\/\\\/www.aics.gov.it\\\/oltremare\\\/rubriche\\\/eventi\\\/davos-sostenibilita-clima-ed-economia-circolare-al-tavolo-dei-ricchi-del-mondo\\\/#primaryimage\"},\"thumbnailUrl\":\"https:\\\/\\\/www.aics.gov.it\\\/oltremare\\\/wp-content\\\/uploads\\\/2020\\\/01\\\/foto-copertina.jpg\",\"datePublished\":\"2020-01-30T09:28:31+00:00\",\"dateModified\":\"2020-01-31T15:19:46+00:00\",\"breadcrumb\":{\"@id\":\"https:\\\/\\\/www.aics.gov.it\\\/oltremare\\\/rubriche\\\/eventi\\\/davos-sostenibilita-clima-ed-economia-circolare-al-tavolo-dei-ricchi-del-mondo\\\/#breadcrumb\"},\"inLanguage\":\"it-IT\",\"potentialAction\":[{\"@type\":\"ReadAction\",\"target\":[\"https:\\\/\\\/www.aics.gov.it\\\/oltremare\\\/rubriche\\\/eventi\\\/davos-sostenibilita-clima-ed-economia-circolare-al-tavolo-dei-ricchi-del-mondo\\\/\"]}]},{\"@type\":\"ImageObject\",\"inLanguage\":\"it-IT\",\"@id\":\"https:\\\/\\\/www.aics.gov.it\\\/oltremare\\\/rubriche\\\/eventi\\\/davos-sostenibilita-clima-ed-economia-circolare-al-tavolo-dei-ricchi-del-mondo\\\/#primaryimage\",\"url\":\"https:\\\/\\\/www.aics.gov.it\\\/oltremare\\\/wp-content\\\/uploads\\\/2020\\\/01\\\/foto-copertina.jpg\",\"contentUrl\":\"https:\\\/\\\/www.aics.gov.it\\\/oltremare\\\/wp-content\\\/uploads\\\/2020\\\/01\\\/foto-copertina.jpg\",\"width\":1920,\"height\":1280},{\"@type\":\"BreadcrumbList\",\"@id\":\"https:\\\/\\\/www.aics.gov.it\\\/oltremare\\\/rubriche\\\/eventi\\\/davos-sostenibilita-clima-ed-economia-circolare-al-tavolo-dei-ricchi-del-mondo\\\/#breadcrumb\",\"itemListElement\":[{\"@type\":\"ListItem\",\"position\":1,\"name\":\"Home\",\"item\":\"https:\\\/\\\/www.aics.gov.it\\\/oltremare\\\/\"},{\"@type\":\"ListItem\",\"position\":2,\"name\":\"Davos: sostenibilit\u00e0, clima ed economia circolare al tavolo dei ricchi del mondo\"}]},{\"@type\":\"WebSite\",\"@id\":\"https:\\\/\\\/www.aics.gov.it\\\/oltremare\\\/#website\",\"url\":\"https:\\\/\\\/www.aics.gov.it\\\/oltremare\\\/\",\"name\":\"Oltremare\",\"description\":\"Il Blog della cooperazione\",\"publisher\":{\"@id\":\"https:\\\/\\\/www.aics.gov.it\\\/oltremare\\\/#organization\"},\"potentialAction\":[{\"@type\":\"SearchAction\",\"target\":{\"@type\":\"EntryPoint\",\"urlTemplate\":\"https:\\\/\\\/www.aics.gov.it\\\/oltremare\\\/?s={search_term_string}\"},\"query-input\":{\"@type\":\"PropertyValueSpecification\",\"valueRequired\":true,\"valueName\":\"search_term_string\"}}],\"inLanguage\":\"it-IT\"},{\"@type\":\"Organization\",\"@id\":\"https:\\\/\\\/www.aics.gov.it\\\/oltremare\\\/#organization\",\"name\":\"Agenzia Italiana per la Cooperazione allo Sviluppo\",\"url\":\"https:\\\/\\\/www.aics.gov.it\\\/oltremare\\\/\",\"logo\":{\"@type\":\"ImageObject\",\"inLanguage\":\"it-IT\",\"@id\":\"https:\\\/\\\/www.aics.gov.it\\\/oltremare\\\/#\\\/schema\\\/logo\\\/image\\\/\",\"url\":\"https:\\\/\\\/www.aics.gov.it\\\/oltremare\\\/wp-content\\\/uploads\\\/2018\\\/02\\\/AICS_HEADER_530x130_EC1-e1518178146163.jpg\",\"contentUrl\":\"https:\\\/\\\/www.aics.gov.it\\\/oltremare\\\/wp-content\\\/uploads\\\/2018\\\/02\\\/AICS_HEADER_530x130_EC1-e1518178146163.jpg\",\"width\":300,\"height\":74,\"caption\":\"Agenzia Italiana per la Cooperazione allo Sviluppo\"},\"image\":{\"@id\":\"https:\\\/\\\/www.aics.gov.it\\\/oltremare\\\/#\\\/schema\\\/logo\\\/image\\\/\"},\"sameAs\":[\"https:\\\/\\\/www.facebook.com\\\/Agenzia-Italiana-per-la-Cooperazione-allo-Sviluppo-996004880482735\\\/\",\"https:\\\/\\\/x.com\\\/aics_it\",\"https:\\\/\\\/www.instagram.com\\\/aics_cooperazione_it\\\/\",\"https:\\\/\\\/www.youtube.com\\\/channel\\\/UCbssygnjreKD1Se1mDeCQ5w\"]},{\"@type\":\"Person\",\"@id\":\"https:\\\/\\\/www.aics.gov.it\\\/oltremare\\\/#\\\/schema\\\/person\\\/7d9a8d1a87b6775f532e5b3e76d52c75\",\"name\":\"Emanuele Bompan\",\"image\":{\"@type\":\"ImageObject\",\"inLanguage\":\"it-IT\",\"@id\":\"https:\\\/\\\/www.aics.gov.it\\\/oltremare\\\/wp-content\\\/uploads\\\/2018\\\/04\\\/bompan.png\",\"url\":\"https:\\\/\\\/www.aics.gov.it\\\/oltremare\\\/wp-content\\\/uploads\\\/2018\\\/04\\\/bompan.png\",\"contentUrl\":\"https:\\\/\\\/www.aics.gov.it\\\/oltremare\\\/wp-content\\\/uploads\\\/2018\\\/04\\\/bompan.png\",\"caption\":\"Emanuele Bompan\"},\"url\":\"https:\\\/\\\/www.aics.gov.it\\\/oltremare\\\/author\\\/emanuelebompan\\\/\"}]}<\/script>\n<!-- \/ Yoast SEO plugin. -->","yoast_head_json":{"title":"Davos: sostenibilit\u00e0, clima ed economia circolare al tavolo dei ricchi del mondo - Oltremare","robots":{"index":"index","follow":"follow","max-snippet":"max-snippet:-1","max-image-preview":"max-image-preview:large","max-video-preview":"max-video-preview:-1"},"canonical":"https:\/\/www.aics.gov.it\/oltremare\/rubriche\/eventi\/davos-sostenibilita-clima-ed-economia-circolare-al-tavolo-dei-ricchi-del-mondo\/","og_locale":"it_IT","og_type":"article","og_title":"Davos: sostenibilit\u00e0, clima ed economia circolare al tavolo dei ricchi del mondo - Oltremare","og_description":"Green economy, sviluppo sostenibile, circular economy: sempre pi\u00f9 ambiente e sviluppo sostenibile al centro dei tavoli del World Economic Forum. Greta: \u201cagite ora!\u201d","og_url":"https:\/\/www.aics.gov.it\/oltremare\/rubriche\/eventi\/davos-sostenibilita-clima-ed-economia-circolare-al-tavolo-dei-ricchi-del-mondo\/","og_site_name":"Oltremare","article_publisher":"https:\/\/www.facebook.com\/Agenzia-Italiana-per-la-Cooperazione-allo-Sviluppo-996004880482735\/","article_published_time":"2020-01-30T09:28:31+00:00","article_modified_time":"2020-01-31T15:19:46+00:00","og_image":[{"width":1920,"height":1280,"url":"https:\/\/www.aics.gov.it\/oltremare\/wp-content\/uploads\/2020\/01\/foto-copertina.jpg","type":"image\/jpeg"}],"author":"Emanuele Bompan","twitter_card":"summary_large_image","twitter_creator":"@aics_it","twitter_site":"@aics_it","twitter_misc":{"Scritto da":"Emanuele Bompan","Tempo di lettura stimato":"3 minuti"},"schema":{"@context":"https:\/\/schema.org","@graph":[{"@type":"Article","@id":"https:\/\/www.aics.gov.it\/oltremare\/rubriche\/eventi\/davos-sostenibilita-clima-ed-economia-circolare-al-tavolo-dei-ricchi-del-mondo\/#article","isPartOf":{"@id":"https:\/\/www.aics.gov.it\/oltremare\/rubriche\/eventi\/davos-sostenibilita-clima-ed-economia-circolare-al-tavolo-dei-ricchi-del-mondo\/"},"author":{"name":"Emanuele Bompan","@id":"https:\/\/www.aics.gov.it\/oltremare\/#\/schema\/person\/7d9a8d1a87b6775f532e5b3e76d52c75"},"headline":"Davos: sostenibilit\u00e0, clima ed economia circolare al tavolo dei ricchi del mondo","datePublished":"2020-01-30T09:28:31+00:00","dateModified":"2020-01-31T15:19:46+00:00","mainEntityOfPage":{"@id":"https:\/\/www.aics.gov.it\/oltremare\/rubriche\/eventi\/davos-sostenibilita-clima-ed-economia-circolare-al-tavolo-dei-ricchi-del-mondo\/"},"wordCount":712,"commentCount":0,"publisher":{"@id":"https:\/\/www.aics.gov.it\/oltremare\/#organization"},"image":{"@id":"https:\/\/www.aics.gov.it\/oltremare\/rubriche\/eventi\/davos-sostenibilita-clima-ed-economia-circolare-al-tavolo-dei-ricchi-del-mondo\/#primaryimage"},"thumbnailUrl":"https:\/\/www.aics.gov.it\/oltremare\/wp-content\/uploads\/2020\/01\/foto-copertina.jpg","articleSection":["Eventi"],"inLanguage":"it-IT","potentialAction":[{"@type":"CommentAction","name":"Comment","target":["https:\/\/www.aics.gov.it\/oltremare\/rubriche\/eventi\/davos-sostenibilita-clima-ed-economia-circolare-al-tavolo-dei-ricchi-del-mondo\/#respond"]}]},{"@type":"WebPage","@id":"https:\/\/www.aics.gov.it\/oltremare\/rubriche\/eventi\/davos-sostenibilita-clima-ed-economia-circolare-al-tavolo-dei-ricchi-del-mondo\/","url":"https:\/\/www.aics.gov.it\/oltremare\/rubriche\/eventi\/davos-sostenibilita-clima-ed-economia-circolare-al-tavolo-dei-ricchi-del-mondo\/","name":"Davos: sostenibilit\u00e0, clima ed economia circolare al tavolo dei ricchi del mondo - Oltremare","isPartOf":{"@id":"https:\/\/www.aics.gov.it\/oltremare\/#website"},"primaryImageOfPage":{"@id":"https:\/\/www.aics.gov.it\/oltremare\/rubriche\/eventi\/davos-sostenibilita-clima-ed-economia-circolare-al-tavolo-dei-ricchi-del-mondo\/#primaryimage"},"image":{"@id":"https:\/\/www.aics.gov.it\/oltremare\/rubriche\/eventi\/davos-sostenibilita-clima-ed-economia-circolare-al-tavolo-dei-ricchi-del-mondo\/#primaryimage"},"thumbnailUrl":"https:\/\/www.aics.gov.it\/oltremare\/wp-content\/uploads\/2020\/01\/foto-copertina.jpg","datePublished":"2020-01-30T09:28:31+00:00","dateModified":"2020-01-31T15:19:46+00:00","breadcrumb":{"@id":"https:\/\/www.aics.gov.it\/oltremare\/rubriche\/eventi\/davos-sostenibilita-clima-ed-economia-circolare-al-tavolo-dei-ricchi-del-mondo\/#breadcrumb"},"inLanguage":"it-IT","potentialAction":[{"@type":"ReadAction","target":["https:\/\/www.aics.gov.it\/oltremare\/rubriche\/eventi\/davos-sostenibilita-clima-ed-economia-circolare-al-tavolo-dei-ricchi-del-mondo\/"]}]},{"@type":"ImageObject","inLanguage":"it-IT","@id":"https:\/\/www.aics.gov.it\/oltremare\/rubriche\/eventi\/davos-sostenibilita-clima-ed-economia-circolare-al-tavolo-dei-ricchi-del-mondo\/#primaryimage","url":"https:\/\/www.aics.gov.it\/oltremare\/wp-content\/uploads\/2020\/01\/foto-copertina.jpg","contentUrl":"https:\/\/www.aics.gov.it\/oltremare\/wp-content\/uploads\/2020\/01\/foto-copertina.jpg","width":1920,"height":1280},{"@type":"BreadcrumbList","@id":"https:\/\/www.aics.gov.it\/oltremare\/rubriche\/eventi\/davos-sostenibilita-clima-ed-economia-circolare-al-tavolo-dei-ricchi-del-mondo\/#breadcrumb","itemListElement":[{"@type":"ListItem","position":1,"name":"Home","item":"https:\/\/www.aics.gov.it\/oltremare\/"},{"@type":"ListItem","position":2,"name":"Davos: sostenibilit\u00e0, clima ed economia circolare al tavolo dei ricchi del mondo"}]},{"@type":"WebSite","@id":"https:\/\/www.aics.gov.it\/oltremare\/#website","url":"https:\/\/www.aics.gov.it\/oltremare\/","name":"Oltremare","description":"Il Blog della cooperazione","publisher":{"@id":"https:\/\/www.aics.gov.it\/oltremare\/#organization"},"potentialAction":[{"@type":"SearchAction","target":{"@type":"EntryPoint","urlTemplate":"https:\/\/www.aics.gov.it\/oltremare\/?s={search_term_string}"},"query-input":{"@type":"PropertyValueSpecification","valueRequired":true,"valueName":"search_term_string"}}],"inLanguage":"it-IT"},{"@type":"Organization","@id":"https:\/\/www.aics.gov.it\/oltremare\/#organization","name":"Agenzia Italiana per la Cooperazione allo Sviluppo","url":"https:\/\/www.aics.gov.it\/oltremare\/","logo":{"@type":"ImageObject","inLanguage":"it-IT","@id":"https:\/\/www.aics.gov.it\/oltremare\/#\/schema\/logo\/image\/","url":"https:\/\/www.aics.gov.it\/oltremare\/wp-content\/uploads\/2018\/02\/AICS_HEADER_530x130_EC1-e1518178146163.jpg","contentUrl":"https:\/\/www.aics.gov.it\/oltremare\/wp-content\/uploads\/2018\/02\/AICS_HEADER_530x130_EC1-e1518178146163.jpg","width":300,"height":74,"caption":"Agenzia Italiana per la Cooperazione allo Sviluppo"},"image":{"@id":"https:\/\/www.aics.gov.it\/oltremare\/#\/schema\/logo\/image\/"},"sameAs":["https:\/\/www.facebook.com\/Agenzia-Italiana-per-la-Cooperazione-allo-Sviluppo-996004880482735\/","https:\/\/x.com\/aics_it","https:\/\/www.instagram.com\/aics_cooperazione_it\/","https:\/\/www.youtube.com\/channel\/UCbssygnjreKD1Se1mDeCQ5w"]},{"@type":"Person","@id":"https:\/\/www.aics.gov.it\/oltremare\/#\/schema\/person\/7d9a8d1a87b6775f532e5b3e76d52c75","name":"Emanuele Bompan","image":{"@type":"ImageObject","inLanguage":"it-IT","@id":"https:\/\/www.aics.gov.it\/oltremare\/wp-content\/uploads\/2018\/04\/bompan.png","url":"https:\/\/www.aics.gov.it\/oltremare\/wp-content\/uploads\/2018\/04\/bompan.png","contentUrl":"https:\/\/www.aics.gov.it\/oltremare\/wp-content\/uploads\/2018\/04\/bompan.png","caption":"Emanuele Bompan"},"url":"https:\/\/www.aics.gov.it\/oltremare\/author\/emanuelebompan\/"}]}},"_links":{"self":[{"href":"https:\/\/www.aics.gov.it\/oltremare\/wp-json\/wp\/v2\/posts\/9643","targetHints":{"allow":["GET"]}}],"collection":[{"href":"https:\/\/www.aics.gov.it\/oltremare\/wp-json\/wp\/v2\/posts"}],"about":[{"href":"https:\/\/www.aics.gov.it\/oltremare\/wp-json\/wp\/v2\/types\/post"}],"author":[{"embeddable":true,"href":"https:\/\/www.aics.gov.it\/oltremare\/wp-json\/wp\/v2\/users\/7"}],"replies":[{"embeddable":true,"href":"https:\/\/www.aics.gov.it\/oltremare\/wp-json\/wp\/v2\/comments?post=9643"}],"version-history":[{"count":4,"href":"https:\/\/www.aics.gov.it\/oltremare\/wp-json\/wp\/v2\/posts\/9643\/revisions"}],"predecessor-version":[{"id":9694,"href":"https:\/\/www.aics.gov.it\/oltremare\/wp-json\/wp\/v2\/posts\/9643\/revisions\/9694"}],"wp:featuredmedia":[{"embeddable":true,"href":"https:\/\/www.aics.gov.it\/oltremare\/wp-json\/wp\/v2\/media\/9644"}],"wp:attachment":[{"href":"https:\/\/www.aics.gov.it\/oltremare\/wp-json\/wp\/v2\/media?parent=9643"}],"wp:term":[{"taxonomy":"category","embeddable":true,"href":"https:\/\/www.aics.gov.it\/oltremare\/wp-json\/wp\/v2\/categories?post=9643"},{"taxonomy":"post_tag","embeddable":true,"href":"https:\/\/www.aics.gov.it\/oltremare\/wp-json\/wp\/v2\/tags?post=9643"}],"curies":[{"name":"wp","href":"https:\/\/api.w.org\/{rel}","templated":true}]}}