{"id":9653,"date":"2020-01-31T15:33:29","date_gmt":"2020-01-31T14:33:29","guid":{"rendered":"https:\/\/www.aics.gov.it\/oltremare\/?p=9653"},"modified":"2020-02-04T12:09:35","modified_gmt":"2020-02-04T11:09:35","slug":"ce-unaltra-africa-da-raccontare-e-si-puo-farlo-anche-con-le-emoji","status":"publish","type":"post","link":"https:\/\/www.aics.gov.it\/oltremare\/articoli\/persone\/ce-unaltra-africa-da-raccontare-e-si-puo-farlo-anche-con-le-emoji\/","title":{"rendered":"C&#8217;\u00e8 un&#8217;altra Africa da raccontare. E si puo&#8217; farlo anche con le Emoji"},"content":{"rendered":"<p>Dimenticate il continente tutto guerre, carestie e povert\u00e0. Lo chiede un disegnatore ivoriano, O\u2019Plerou Grebet. Che sta conquistando Instagram. Intervista<\/p>\n<p><!--more--><br \/>\n\u201cI media raccontano solo una parte dell\u2019Africa, concentrandosi unicamente sugli elementi negativi: sto facendo tutto quello che posso per restituire almeno un po\u2019 l\u2019immagine vera del continente\u201d. A parlare con Oltremare \u00e8 un disegnatore ivoriano di 22 anni. Si chiama O\u2019Plerou Grebet e ha da poco concluso i suoi studi in Arte e immagini digitali nella citt\u00e0 di Abidjan. Di lui non si parla per\u00f2 solo in Costa d\u2019Avorio n\u00e9 solo in Africa. La sua storia \u00e8 finita, nelle settimane scorse, su quotidiani europei come il Guardian o testate globali come Al Jazeera.<\/p>\n<p>&nbsp;<\/p>\n<p><img loading=\"lazy\" decoding=\"async\" class=\"aligncenter size-full wp-image-9658\" src=\"https:\/\/www.aics.gov.it\/oltremare\/wp-content\/uploads\/2020\/01\/304-car-rapide.png\" alt=\"\" width=\"976\" height=\"615\" srcset=\"https:\/\/www.aics.gov.it\/oltremare\/wp-content\/uploads\/2020\/01\/304-car-rapide.png 976w, https:\/\/www.aics.gov.it\/oltremare\/wp-content\/uploads\/2020\/01\/304-car-rapide-600x378.png 600w, https:\/\/www.aics.gov.it\/oltremare\/wp-content\/uploads\/2020\/01\/304-car-rapide-768x484.png 768w\" sizes=\"auto, (max-width: 976px) 100vw, 976px\" \/><\/p>\n<p>&nbsp;<\/p>\n<p>Interviste e soprattutto immagini, le sue immagini: emoji tutte dedicate all\u2019Africa, anzi ai mille volti, culture, ricchezze e curiosit\u00e0 dei suoi 54 Paesi. Dimenticate allora il continente tutto guerre, carestie e povert\u00e0. C\u2019\u00e8 un&#8217;altra storia da raccontare. Ed \u00e8 possibile farlo anche con le emoji, le piccole icone elettroniche che si scambiano su laptop e smartphone, ormai un nuovo modo di comunicare per milioni di persone in tutto il mondo. Per rendersene conto basta digitare su Instagram Zouzoukwa (una parola che in bet\u00e9, una lingua della Costa d\u2019Avorio, vuol dire \u201cdisegno\u201d): l\u2019account, creato da Grebet, si \u00e8 conquistato in pochi mesi oltre 100mila download. Le immagini pubblicate sono gi\u00e0 376: dalle maschere dei danzatori Zoulou ai piatti tipici, come il foutou a base di cassava o il bissap, un succo di fiori di ibisco.<\/p>\n<p>&nbsp;<\/p>\n<p><img loading=\"lazy\" decoding=\"async\" class=\"wp-image-9657 alignleft\" src=\"https:\/\/www.aics.gov.it\/oltremare\/wp-content\/uploads\/2020\/01\/146-edo-coral-beads.png\" alt=\"\" width=\"205\" height=\"279\" srcset=\"https:\/\/www.aics.gov.it\/oltremare\/wp-content\/uploads\/2020\/01\/146-edo-coral-beads.png 577w, https:\/\/www.aics.gov.it\/oltremare\/wp-content\/uploads\/2020\/01\/146-edo-coral-beads-441x600.png 441w\" sizes=\"auto, (max-width: 205px) 100vw, 205px\" \/>\u201cLe venditrici aspettano all\u2019ingresso delle scuole, tenendolo in piccole buste di plastica\u201d dice Grebet condividendo via WhatsApp l\u2019immagine di un sacchetto con una bevanda viola intenso: \u201cL\u2019ho comprato non so quante volte, da quando mi accompagnavano all\u2019asilo agli anni del liceo\u201d. Molte emoji riguardano la Costa d\u2019Avorio e sono tratte dalle esperienze personali del disegnatore. Spesso suggeriscono per\u00f2 contaminazioni e favoriscono incontri da un capo all\u2019altro dell\u2019Africa. \u00c8 il caso di un disegno intitolato L\u2019hai visto?, un\u2019espressione del volto che in Costa d\u2019Avorio ha un significato differente rispetto a quello che le si attribuisce in altri Paesi. \u201cMe ne sono reso conto \u2013 racconta Grebet &#8211; quando alcuni utenti del Camerun hanno commentato sottolineando che anche loro usano quell\u2019espressione ma come un gesto di avvertimento, come per dire: \u2018Se solo ci provi, vedrai che ti faccio\u2019\u201d. Ma perch\u00e9 le immagini di Zouzoukwa stanno avendo tanto successo? \u201cCredo che per gli africani riempiano un vuoto nella comunicazioni digitale\u201d risponde Grebet. \u201cIl mio lavoro aiuta a esprimersi in modo pi\u00f9 chiaro, con immagini che rappresentano il nostro modo di vivere e ci\u00f2 che vogliamo dire\u201d.<\/p>\n<p>Non si tratta per\u00f2 solo di Africa in senso stretto, quanto piuttosto di rapporti tra le culture, capacit\u00e0 di aprirsi e adottare nuove prospettive. Di recente Grebet si \u00e8 rivolto a Unicode Consortium, l\u2019organizzazione californiana che fissa gli standard per i caratteri digitali, chiedendo il \u201cbollino blu\u201d perch\u00e9 alcune delle icone di Zouzoukwa siano accettate e diventino utilizzabili in tutto il mondo.<\/p>\n<p>&nbsp;<\/p>\n<p><img loading=\"lazy\" decoding=\"async\" class=\"aligncenter wp-image-9659\" src=\"https:\/\/www.aics.gov.it\/oltremare\/wp-content\/uploads\/2020\/01\/312-thieboudiene.png\" alt=\"\" width=\"568\" height=\"374\" srcset=\"https:\/\/www.aics.gov.it\/oltremare\/wp-content\/uploads\/2020\/01\/312-thieboudiene.png 800w, https:\/\/www.aics.gov.it\/oltremare\/wp-content\/uploads\/2020\/01\/312-thieboudiene-600x395.png 600w, https:\/\/www.aics.gov.it\/oltremare\/wp-content\/uploads\/2020\/01\/312-thieboudiene-768x506.png 768w\" sizes=\"auto, (max-width: 568px) 100vw, 568px\" \/><\/p>\n<p>&nbsp;<\/p>\n<p>Uno dei riferimenti resta Emojination, una campagna internazionale che mira a garantire una rappresentativit\u00e0 maggiore sul piano della comunicazione digitale. Grazie all\u2019impegno dei suoi attivisti, di recente, \u00e8 stata codificata, a livello internazionale, l\u2019emoji dell\u2019hijab proposta da Rayouf Alhumedhi, una studentessa di religione islamica e origini saudite che vive in Germania. A Grebet l\u2019accomuna la riflessione su radici e futuro.<\/p>\n<p>&nbsp;<\/p>\n<p><img loading=\"lazy\" decoding=\"async\" class=\" wp-image-9656 alignleft\" src=\"https:\/\/www.aics.gov.it\/oltremare\/wp-content\/uploads\/2020\/01\/80-pardon.png\" alt=\"\" width=\"234\" height=\"173\" srcset=\"https:\/\/www.aics.gov.it\/oltremare\/wp-content\/uploads\/2020\/01\/80-pardon.png 878w, https:\/\/www.aics.gov.it\/oltremare\/wp-content\/uploads\/2020\/01\/80-pardon-600x444.png 600w, https:\/\/www.aics.gov.it\/oltremare\/wp-content\/uploads\/2020\/01\/80-pardon-768x568.png 768w\" sizes=\"auto, (max-width: 234px) 100vw, 234px\" \/>\u201cVoglio viaggiare in altri Paesi africani, per scoprire le loro culture e trasporne gli elementi in nuove emoji\u201d riprende il disegnatore. Da una societ\u00e0 pubblicitaria ha ricevuto un Apple Mac che gli ha permesso di adattare i suoi linguaggi non solo al sistema operativo Android ma anche ad iOs. Ma per le prossime tappe non prevede necessariamente aiuti esterni. \u201cSto per aprire un negozio online per vendere articoli legati alle mie creazioni\u201d anticipa a Oltremare. \u201cUtilizzer\u00f2 il ricavato per finanziare un progetto che mi permetter\u00e0 di creare pi\u00f9 emoji e includere nuovi Paesi\u201d.<\/p>\n<p>&nbsp;<\/p>\n<p><img loading=\"lazy\" decoding=\"async\" class=\"aligncenter size-full wp-image-9655\" src=\"https:\/\/www.aics.gov.it\/oltremare\/wp-content\/uploads\/2020\/01\/74-woro-woro.png\" alt=\"\" width=\"838\" height=\"350\" srcset=\"https:\/\/www.aics.gov.it\/oltremare\/wp-content\/uploads\/2020\/01\/74-woro-woro.png 838w, https:\/\/www.aics.gov.it\/oltremare\/wp-content\/uploads\/2020\/01\/74-woro-woro-600x251.png 600w, https:\/\/www.aics.gov.it\/oltremare\/wp-content\/uploads\/2020\/01\/74-woro-woro-768x321.png 768w\" sizes=\"auto, (max-width: 838px) 100vw, 838px\" \/><\/p>\n","protected":false},"excerpt":{"rendered":"<p>Dimenticate il continente tutto guerre, carestie e povert\u00e0. Lo chiede un disegnatore ivoriano, O\u2019Plerou Grebet. Che sta conquistando Instagram. Intervista<\/p>\n","protected":false},"author":5,"featured_media":9765,"comment_status":"open","ping_status":"open","sticky":false,"template":"","format":"standard","meta":{"footnotes":""},"categories":[136],"tags":[],"class_list":["post-9653","post","type-post","status-publish","format-standard","has-post-thumbnail","hentry","category-persone"],"yoast_head":"<!-- This site is optimized with the Yoast SEO plugin v27.5 - https:\/\/yoast.com\/product\/yoast-seo-wordpress\/ -->\n<title>C&#039;\u00e8 un&#039;altra Africa da raccontare. E si puo&#039; farlo anche con le Emoji - Oltremare<\/title>\n<meta name=\"robots\" content=\"index, follow, max-snippet:-1, max-image-preview:large, max-video-preview:-1\" \/>\n<link rel=\"canonical\" href=\"https:\/\/www.aics.gov.it\/oltremare\/articoli\/persone\/ce-unaltra-africa-da-raccontare-e-si-puo-farlo-anche-con-le-emoji\/\" \/>\n<meta property=\"og:locale\" content=\"it_IT\" \/>\n<meta property=\"og:type\" content=\"article\" \/>\n<meta property=\"og:title\" content=\"C&#039;\u00e8 un&#039;altra Africa da raccontare. E si puo&#039; farlo anche con le Emoji - Oltremare\" \/>\n<meta property=\"og:description\" content=\"Dimenticate il continente tutto guerre, carestie e povert\u00e0. Lo chiede un disegnatore ivoriano, O\u2019Plerou Grebet. Che sta conquistando Instagram. Intervista\" \/>\n<meta property=\"og:url\" content=\"https:\/\/www.aics.gov.it\/oltremare\/articoli\/persone\/ce-unaltra-africa-da-raccontare-e-si-puo-farlo-anche-con-le-emoji\/\" \/>\n<meta property=\"og:site_name\" content=\"Oltremare\" \/>\n<meta property=\"article:publisher\" content=\"https:\/\/www.facebook.com\/Agenzia-Italiana-per-la-Cooperazione-allo-Sviluppo-996004880482735\/\" \/>\n<meta property=\"article:published_time\" content=\"2020-01-31T14:33:29+00:00\" \/>\n<meta property=\"article:modified_time\" content=\"2020-02-04T11:09:35+00:00\" \/>\n<meta property=\"og:image\" content=\"https:\/\/www.aics.gov.it\/oltremare\/wp-content\/uploads\/2020\/01\/new-copertina.jpg\" \/>\n\t<meta property=\"og:image:width\" content=\"800\" \/>\n\t<meta property=\"og:image:height\" content=\"500\" \/>\n\t<meta property=\"og:image:type\" content=\"image\/jpeg\" \/>\n<meta name=\"author\" content=\"Vincenzo Giardina\" \/>\n<meta name=\"twitter:card\" content=\"summary_large_image\" \/>\n<meta name=\"twitter:creator\" content=\"@aics_it\" \/>\n<meta name=\"twitter:site\" content=\"@aics_it\" \/>\n<meta name=\"twitter:label1\" content=\"Scritto da\" \/>\n\t<meta name=\"twitter:data1\" content=\"Vincenzo Giardina\" \/>\n\t<meta name=\"twitter:label2\" content=\"Tempo di lettura stimato\" \/>\n\t<meta name=\"twitter:data2\" content=\"3 minuti\" \/>\n<script type=\"application\/ld+json\" class=\"yoast-schema-graph\">{\"@context\":\"https:\\\/\\\/schema.org\",\"@graph\":[{\"@type\":\"Article\",\"@id\":\"https:\\\/\\\/www.aics.gov.it\\\/oltremare\\\/articoli\\\/persone\\\/ce-unaltra-africa-da-raccontare-e-si-puo-farlo-anche-con-le-emoji\\\/#article\",\"isPartOf\":{\"@id\":\"https:\\\/\\\/www.aics.gov.it\\\/oltremare\\\/articoli\\\/persone\\\/ce-unaltra-africa-da-raccontare-e-si-puo-farlo-anche-con-le-emoji\\\/\"},\"author\":{\"name\":\"Vincenzo Giardina\",\"@id\":\"https:\\\/\\\/www.aics.gov.it\\\/oltremare\\\/#\\\/schema\\\/person\\\/063c4f74c60040713c4f7cc532521ae1\"},\"headline\":\"C&#8217;\u00e8 un&#8217;altra Africa da raccontare. E si puo&#8217; farlo anche con le Emoji\",\"datePublished\":\"2020-01-31T14:33:29+00:00\",\"dateModified\":\"2020-02-04T11:09:35+00:00\",\"mainEntityOfPage\":{\"@id\":\"https:\\\/\\\/www.aics.gov.it\\\/oltremare\\\/articoli\\\/persone\\\/ce-unaltra-africa-da-raccontare-e-si-puo-farlo-anche-con-le-emoji\\\/\"},\"wordCount\":680,\"commentCount\":0,\"publisher\":{\"@id\":\"https:\\\/\\\/www.aics.gov.it\\\/oltremare\\\/#organization\"},\"image\":{\"@id\":\"https:\\\/\\\/www.aics.gov.it\\\/oltremare\\\/articoli\\\/persone\\\/ce-unaltra-africa-da-raccontare-e-si-puo-farlo-anche-con-le-emoji\\\/#primaryimage\"},\"thumbnailUrl\":\"https:\\\/\\\/www.aics.gov.it\\\/oltremare\\\/wp-content\\\/uploads\\\/2020\\\/01\\\/new-copertina.jpg\",\"articleSection\":[\"Persone\"],\"inLanguage\":\"it-IT\",\"potentialAction\":[{\"@type\":\"CommentAction\",\"name\":\"Comment\",\"target\":[\"https:\\\/\\\/www.aics.gov.it\\\/oltremare\\\/articoli\\\/persone\\\/ce-unaltra-africa-da-raccontare-e-si-puo-farlo-anche-con-le-emoji\\\/#respond\"]}]},{\"@type\":\"WebPage\",\"@id\":\"https:\\\/\\\/www.aics.gov.it\\\/oltremare\\\/articoli\\\/persone\\\/ce-unaltra-africa-da-raccontare-e-si-puo-farlo-anche-con-le-emoji\\\/\",\"url\":\"https:\\\/\\\/www.aics.gov.it\\\/oltremare\\\/articoli\\\/persone\\\/ce-unaltra-africa-da-raccontare-e-si-puo-farlo-anche-con-le-emoji\\\/\",\"name\":\"C'\u00e8 un'altra Africa da raccontare. E si puo' farlo anche con le Emoji - Oltremare\",\"isPartOf\":{\"@id\":\"https:\\\/\\\/www.aics.gov.it\\\/oltremare\\\/#website\"},\"primaryImageOfPage\":{\"@id\":\"https:\\\/\\\/www.aics.gov.it\\\/oltremare\\\/articoli\\\/persone\\\/ce-unaltra-africa-da-raccontare-e-si-puo-farlo-anche-con-le-emoji\\\/#primaryimage\"},\"image\":{\"@id\":\"https:\\\/\\\/www.aics.gov.it\\\/oltremare\\\/articoli\\\/persone\\\/ce-unaltra-africa-da-raccontare-e-si-puo-farlo-anche-con-le-emoji\\\/#primaryimage\"},\"thumbnailUrl\":\"https:\\\/\\\/www.aics.gov.it\\\/oltremare\\\/wp-content\\\/uploads\\\/2020\\\/01\\\/new-copertina.jpg\",\"datePublished\":\"2020-01-31T14:33:29+00:00\",\"dateModified\":\"2020-02-04T11:09:35+00:00\",\"breadcrumb\":{\"@id\":\"https:\\\/\\\/www.aics.gov.it\\\/oltremare\\\/articoli\\\/persone\\\/ce-unaltra-africa-da-raccontare-e-si-puo-farlo-anche-con-le-emoji\\\/#breadcrumb\"},\"inLanguage\":\"it-IT\",\"potentialAction\":[{\"@type\":\"ReadAction\",\"target\":[\"https:\\\/\\\/www.aics.gov.it\\\/oltremare\\\/articoli\\\/persone\\\/ce-unaltra-africa-da-raccontare-e-si-puo-farlo-anche-con-le-emoji\\\/\"]}]},{\"@type\":\"ImageObject\",\"inLanguage\":\"it-IT\",\"@id\":\"https:\\\/\\\/www.aics.gov.it\\\/oltremare\\\/articoli\\\/persone\\\/ce-unaltra-africa-da-raccontare-e-si-puo-farlo-anche-con-le-emoji\\\/#primaryimage\",\"url\":\"https:\\\/\\\/www.aics.gov.it\\\/oltremare\\\/wp-content\\\/uploads\\\/2020\\\/01\\\/new-copertina.jpg\",\"contentUrl\":\"https:\\\/\\\/www.aics.gov.it\\\/oltremare\\\/wp-content\\\/uploads\\\/2020\\\/01\\\/new-copertina.jpg\",\"width\":800,\"height\":500},{\"@type\":\"BreadcrumbList\",\"@id\":\"https:\\\/\\\/www.aics.gov.it\\\/oltremare\\\/articoli\\\/persone\\\/ce-unaltra-africa-da-raccontare-e-si-puo-farlo-anche-con-le-emoji\\\/#breadcrumb\",\"itemListElement\":[{\"@type\":\"ListItem\",\"position\":1,\"name\":\"Home\",\"item\":\"https:\\\/\\\/www.aics.gov.it\\\/oltremare\\\/\"},{\"@type\":\"ListItem\",\"position\":2,\"name\":\"C&#8217;\u00e8 un&#8217;altra Africa da raccontare. E si puo&#8217; farlo anche con le Emoji\"}]},{\"@type\":\"WebSite\",\"@id\":\"https:\\\/\\\/www.aics.gov.it\\\/oltremare\\\/#website\",\"url\":\"https:\\\/\\\/www.aics.gov.it\\\/oltremare\\\/\",\"name\":\"Oltremare\",\"description\":\"Il Blog della cooperazione\",\"publisher\":{\"@id\":\"https:\\\/\\\/www.aics.gov.it\\\/oltremare\\\/#organization\"},\"potentialAction\":[{\"@type\":\"SearchAction\",\"target\":{\"@type\":\"EntryPoint\",\"urlTemplate\":\"https:\\\/\\\/www.aics.gov.it\\\/oltremare\\\/?s={search_term_string}\"},\"query-input\":{\"@type\":\"PropertyValueSpecification\",\"valueRequired\":true,\"valueName\":\"search_term_string\"}}],\"inLanguage\":\"it-IT\"},{\"@type\":\"Organization\",\"@id\":\"https:\\\/\\\/www.aics.gov.it\\\/oltremare\\\/#organization\",\"name\":\"Agenzia Italiana per la Cooperazione allo Sviluppo\",\"url\":\"https:\\\/\\\/www.aics.gov.it\\\/oltremare\\\/\",\"logo\":{\"@type\":\"ImageObject\",\"inLanguage\":\"it-IT\",\"@id\":\"https:\\\/\\\/www.aics.gov.it\\\/oltremare\\\/#\\\/schema\\\/logo\\\/image\\\/\",\"url\":\"https:\\\/\\\/www.aics.gov.it\\\/oltremare\\\/wp-content\\\/uploads\\\/2018\\\/02\\\/AICS_HEADER_530x130_EC1-e1518178146163.jpg\",\"contentUrl\":\"https:\\\/\\\/www.aics.gov.it\\\/oltremare\\\/wp-content\\\/uploads\\\/2018\\\/02\\\/AICS_HEADER_530x130_EC1-e1518178146163.jpg\",\"width\":300,\"height\":74,\"caption\":\"Agenzia Italiana per la Cooperazione allo Sviluppo\"},\"image\":{\"@id\":\"https:\\\/\\\/www.aics.gov.it\\\/oltremare\\\/#\\\/schema\\\/logo\\\/image\\\/\"},\"sameAs\":[\"https:\\\/\\\/www.facebook.com\\\/Agenzia-Italiana-per-la-Cooperazione-allo-Sviluppo-996004880482735\\\/\",\"https:\\\/\\\/x.com\\\/aics_it\",\"https:\\\/\\\/www.instagram.com\\\/aics_cooperazione_it\\\/\",\"https:\\\/\\\/www.youtube.com\\\/channel\\\/UCbssygnjreKD1Se1mDeCQ5w\"]},{\"@type\":\"Person\",\"@id\":\"https:\\\/\\\/www.aics.gov.it\\\/oltremare\\\/#\\\/schema\\\/person\\\/063c4f74c60040713c4f7cc532521ae1\",\"name\":\"Vincenzo Giardina\",\"image\":{\"@type\":\"ImageObject\",\"inLanguage\":\"it-IT\",\"@id\":\"https:\\\/\\\/secure.gravatar.com\\\/avatar\\\/e368c39b5301ca1e7032008e1f23665d9ca8f9e96c7d4cbde0ab893eb3fd3767?s=96&d=mm&r=g\",\"url\":\"https:\\\/\\\/secure.gravatar.com\\\/avatar\\\/e368c39b5301ca1e7032008e1f23665d9ca8f9e96c7d4cbde0ab893eb3fd3767?s=96&d=mm&r=g\",\"contentUrl\":\"https:\\\/\\\/secure.gravatar.com\\\/avatar\\\/e368c39b5301ca1e7032008e1f23665d9ca8f9e96c7d4cbde0ab893eb3fd3767?s=96&d=mm&r=g\",\"caption\":\"Vincenzo Giardina\"},\"url\":\"https:\\\/\\\/www.aics.gov.it\\\/oltremare\\\/author\\\/vincenzogiardina\\\/\"}]}<\/script>\n<!-- \/ Yoast SEO plugin. -->","yoast_head_json":{"title":"C'\u00e8 un'altra Africa da raccontare. E si puo' farlo anche con le Emoji - Oltremare","robots":{"index":"index","follow":"follow","max-snippet":"max-snippet:-1","max-image-preview":"max-image-preview:large","max-video-preview":"max-video-preview:-1"},"canonical":"https:\/\/www.aics.gov.it\/oltremare\/articoli\/persone\/ce-unaltra-africa-da-raccontare-e-si-puo-farlo-anche-con-le-emoji\/","og_locale":"it_IT","og_type":"article","og_title":"C'\u00e8 un'altra Africa da raccontare. E si puo' farlo anche con le Emoji - Oltremare","og_description":"Dimenticate il continente tutto guerre, carestie e povert\u00e0. Lo chiede un disegnatore ivoriano, O\u2019Plerou Grebet. Che sta conquistando Instagram. Intervista","og_url":"https:\/\/www.aics.gov.it\/oltremare\/articoli\/persone\/ce-unaltra-africa-da-raccontare-e-si-puo-farlo-anche-con-le-emoji\/","og_site_name":"Oltremare","article_publisher":"https:\/\/www.facebook.com\/Agenzia-Italiana-per-la-Cooperazione-allo-Sviluppo-996004880482735\/","article_published_time":"2020-01-31T14:33:29+00:00","article_modified_time":"2020-02-04T11:09:35+00:00","og_image":[{"width":800,"height":500,"url":"https:\/\/www.aics.gov.it\/oltremare\/wp-content\/uploads\/2020\/01\/new-copertina.jpg","type":"image\/jpeg"}],"author":"Vincenzo Giardina","twitter_card":"summary_large_image","twitter_creator":"@aics_it","twitter_site":"@aics_it","twitter_misc":{"Scritto da":"Vincenzo Giardina","Tempo di lettura stimato":"3 minuti"},"schema":{"@context":"https:\/\/schema.org","@graph":[{"@type":"Article","@id":"https:\/\/www.aics.gov.it\/oltremare\/articoli\/persone\/ce-unaltra-africa-da-raccontare-e-si-puo-farlo-anche-con-le-emoji\/#article","isPartOf":{"@id":"https:\/\/www.aics.gov.it\/oltremare\/articoli\/persone\/ce-unaltra-africa-da-raccontare-e-si-puo-farlo-anche-con-le-emoji\/"},"author":{"name":"Vincenzo Giardina","@id":"https:\/\/www.aics.gov.it\/oltremare\/#\/schema\/person\/063c4f74c60040713c4f7cc532521ae1"},"headline":"C&#8217;\u00e8 un&#8217;altra Africa da raccontare. E si puo&#8217; farlo anche con le Emoji","datePublished":"2020-01-31T14:33:29+00:00","dateModified":"2020-02-04T11:09:35+00:00","mainEntityOfPage":{"@id":"https:\/\/www.aics.gov.it\/oltremare\/articoli\/persone\/ce-unaltra-africa-da-raccontare-e-si-puo-farlo-anche-con-le-emoji\/"},"wordCount":680,"commentCount":0,"publisher":{"@id":"https:\/\/www.aics.gov.it\/oltremare\/#organization"},"image":{"@id":"https:\/\/www.aics.gov.it\/oltremare\/articoli\/persone\/ce-unaltra-africa-da-raccontare-e-si-puo-farlo-anche-con-le-emoji\/#primaryimage"},"thumbnailUrl":"https:\/\/www.aics.gov.it\/oltremare\/wp-content\/uploads\/2020\/01\/new-copertina.jpg","articleSection":["Persone"],"inLanguage":"it-IT","potentialAction":[{"@type":"CommentAction","name":"Comment","target":["https:\/\/www.aics.gov.it\/oltremare\/articoli\/persone\/ce-unaltra-africa-da-raccontare-e-si-puo-farlo-anche-con-le-emoji\/#respond"]}]},{"@type":"WebPage","@id":"https:\/\/www.aics.gov.it\/oltremare\/articoli\/persone\/ce-unaltra-africa-da-raccontare-e-si-puo-farlo-anche-con-le-emoji\/","url":"https:\/\/www.aics.gov.it\/oltremare\/articoli\/persone\/ce-unaltra-africa-da-raccontare-e-si-puo-farlo-anche-con-le-emoji\/","name":"C'\u00e8 un'altra Africa da raccontare. E si puo' farlo anche con le Emoji - Oltremare","isPartOf":{"@id":"https:\/\/www.aics.gov.it\/oltremare\/#website"},"primaryImageOfPage":{"@id":"https:\/\/www.aics.gov.it\/oltremare\/articoli\/persone\/ce-unaltra-africa-da-raccontare-e-si-puo-farlo-anche-con-le-emoji\/#primaryimage"},"image":{"@id":"https:\/\/www.aics.gov.it\/oltremare\/articoli\/persone\/ce-unaltra-africa-da-raccontare-e-si-puo-farlo-anche-con-le-emoji\/#primaryimage"},"thumbnailUrl":"https:\/\/www.aics.gov.it\/oltremare\/wp-content\/uploads\/2020\/01\/new-copertina.jpg","datePublished":"2020-01-31T14:33:29+00:00","dateModified":"2020-02-04T11:09:35+00:00","breadcrumb":{"@id":"https:\/\/www.aics.gov.it\/oltremare\/articoli\/persone\/ce-unaltra-africa-da-raccontare-e-si-puo-farlo-anche-con-le-emoji\/#breadcrumb"},"inLanguage":"it-IT","potentialAction":[{"@type":"ReadAction","target":["https:\/\/www.aics.gov.it\/oltremare\/articoli\/persone\/ce-unaltra-africa-da-raccontare-e-si-puo-farlo-anche-con-le-emoji\/"]}]},{"@type":"ImageObject","inLanguage":"it-IT","@id":"https:\/\/www.aics.gov.it\/oltremare\/articoli\/persone\/ce-unaltra-africa-da-raccontare-e-si-puo-farlo-anche-con-le-emoji\/#primaryimage","url":"https:\/\/www.aics.gov.it\/oltremare\/wp-content\/uploads\/2020\/01\/new-copertina.jpg","contentUrl":"https:\/\/www.aics.gov.it\/oltremare\/wp-content\/uploads\/2020\/01\/new-copertina.jpg","width":800,"height":500},{"@type":"BreadcrumbList","@id":"https:\/\/www.aics.gov.it\/oltremare\/articoli\/persone\/ce-unaltra-africa-da-raccontare-e-si-puo-farlo-anche-con-le-emoji\/#breadcrumb","itemListElement":[{"@type":"ListItem","position":1,"name":"Home","item":"https:\/\/www.aics.gov.it\/oltremare\/"},{"@type":"ListItem","position":2,"name":"C&#8217;\u00e8 un&#8217;altra Africa da raccontare. E si puo&#8217; farlo anche con le Emoji"}]},{"@type":"WebSite","@id":"https:\/\/www.aics.gov.it\/oltremare\/#website","url":"https:\/\/www.aics.gov.it\/oltremare\/","name":"Oltremare","description":"Il Blog della cooperazione","publisher":{"@id":"https:\/\/www.aics.gov.it\/oltremare\/#organization"},"potentialAction":[{"@type":"SearchAction","target":{"@type":"EntryPoint","urlTemplate":"https:\/\/www.aics.gov.it\/oltremare\/?s={search_term_string}"},"query-input":{"@type":"PropertyValueSpecification","valueRequired":true,"valueName":"search_term_string"}}],"inLanguage":"it-IT"},{"@type":"Organization","@id":"https:\/\/www.aics.gov.it\/oltremare\/#organization","name":"Agenzia Italiana per la Cooperazione allo Sviluppo","url":"https:\/\/www.aics.gov.it\/oltremare\/","logo":{"@type":"ImageObject","inLanguage":"it-IT","@id":"https:\/\/www.aics.gov.it\/oltremare\/#\/schema\/logo\/image\/","url":"https:\/\/www.aics.gov.it\/oltremare\/wp-content\/uploads\/2018\/02\/AICS_HEADER_530x130_EC1-e1518178146163.jpg","contentUrl":"https:\/\/www.aics.gov.it\/oltremare\/wp-content\/uploads\/2018\/02\/AICS_HEADER_530x130_EC1-e1518178146163.jpg","width":300,"height":74,"caption":"Agenzia Italiana per la Cooperazione allo Sviluppo"},"image":{"@id":"https:\/\/www.aics.gov.it\/oltremare\/#\/schema\/logo\/image\/"},"sameAs":["https:\/\/www.facebook.com\/Agenzia-Italiana-per-la-Cooperazione-allo-Sviluppo-996004880482735\/","https:\/\/x.com\/aics_it","https:\/\/www.instagram.com\/aics_cooperazione_it\/","https:\/\/www.youtube.com\/channel\/UCbssygnjreKD1Se1mDeCQ5w"]},{"@type":"Person","@id":"https:\/\/www.aics.gov.it\/oltremare\/#\/schema\/person\/063c4f74c60040713c4f7cc532521ae1","name":"Vincenzo Giardina","image":{"@type":"ImageObject","inLanguage":"it-IT","@id":"https:\/\/secure.gravatar.com\/avatar\/e368c39b5301ca1e7032008e1f23665d9ca8f9e96c7d4cbde0ab893eb3fd3767?s=96&d=mm&r=g","url":"https:\/\/secure.gravatar.com\/avatar\/e368c39b5301ca1e7032008e1f23665d9ca8f9e96c7d4cbde0ab893eb3fd3767?s=96&d=mm&r=g","contentUrl":"https:\/\/secure.gravatar.com\/avatar\/e368c39b5301ca1e7032008e1f23665d9ca8f9e96c7d4cbde0ab893eb3fd3767?s=96&d=mm&r=g","caption":"Vincenzo Giardina"},"url":"https:\/\/www.aics.gov.it\/oltremare\/author\/vincenzogiardina\/"}]}},"_links":{"self":[{"href":"https:\/\/www.aics.gov.it\/oltremare\/wp-json\/wp\/v2\/posts\/9653","targetHints":{"allow":["GET"]}}],"collection":[{"href":"https:\/\/www.aics.gov.it\/oltremare\/wp-json\/wp\/v2\/posts"}],"about":[{"href":"https:\/\/www.aics.gov.it\/oltremare\/wp-json\/wp\/v2\/types\/post"}],"author":[{"embeddable":true,"href":"https:\/\/www.aics.gov.it\/oltremare\/wp-json\/wp\/v2\/users\/5"}],"replies":[{"embeddable":true,"href":"https:\/\/www.aics.gov.it\/oltremare\/wp-json\/wp\/v2\/comments?post=9653"}],"version-history":[{"count":3,"href":"https:\/\/www.aics.gov.it\/oltremare\/wp-json\/wp\/v2\/posts\/9653\/revisions"}],"predecessor-version":[{"id":9755,"href":"https:\/\/www.aics.gov.it\/oltremare\/wp-json\/wp\/v2\/posts\/9653\/revisions\/9755"}],"wp:featuredmedia":[{"embeddable":true,"href":"https:\/\/www.aics.gov.it\/oltremare\/wp-json\/wp\/v2\/media\/9765"}],"wp:attachment":[{"href":"https:\/\/www.aics.gov.it\/oltremare\/wp-json\/wp\/v2\/media?parent=9653"}],"wp:term":[{"taxonomy":"category","embeddable":true,"href":"https:\/\/www.aics.gov.it\/oltremare\/wp-json\/wp\/v2\/categories?post=9653"},{"taxonomy":"post_tag","embeddable":true,"href":"https:\/\/www.aics.gov.it\/oltremare\/wp-json\/wp\/v2\/tags?post=9653"}],"curies":[{"name":"wp","href":"https:\/\/api.w.org\/{rel}","templated":true}]}}